{"id":944,"date":"2019-10-28T00:47:29","date_gmt":"2019-10-28T00:47:29","guid":{"rendered":"http:\/\/blgnoticiassantodomingo.net\/?p=944"},"modified":"2019-10-28T00:52:12","modified_gmt":"2019-10-28T00:52:12","slug":"comite-central-pld-ratificara-este-lunes-a-temo-montas-y-llenar-vacantes-en-cp","status":"publish","type":"post","link":"https:\/\/blgnoticiassantodomingo.net\/index.php\/2019\/10\/28\/comite-central-pld-ratificara-este-lunes-a-temo-montas-y-llenar-vacantes-en-cp\/","title":{"rendered":"Comit\u00e9 Central PLD ratificar\u00e1 este lunes a Temo Mont\u00e1s y llenar vacantes en CP"},"content":{"rendered":"\n<p>El Comit\u00e9 Central del Partido de&nbsp;la Liberaci\u00f3n Dominicana (PLD)&nbsp;, convocado para este lunes 28 de octubre, tiene en su agenda la&nbsp;&nbsp;ratificaci\u00f3n de Tem\u00edstocles Mont\u00e1s como presidente interino, as\u00ed como conocer de las vacantes generadas&nbsp;&nbsp;en el Comit\u00e9 Pol\u00edtico<\/p>\n\n\n\n<p>La reuni\u00f3n est\u00e1 convocada para las cuatro horas de la tarde en el Gran Sal\u00f3n Bienvenido Sandoval de&nbsp;la Casa&nbsp;Nacional, escenario que se preparaba la tarde de este domingo para albergar los miembros de ese organismo de direcci\u00f3n.<\/p>\n\n\n\n<p>Desde el pasado viernes desde el centro de Contacto de\u00a0la Casa\u00a0Nacional\u00a0se llama a los integrantes del Comit\u00e9 Central o se le informa por correo electr\u00f3nico o redes sociales para que est\u00e9n puntualmente\u00a0\u00a0\u00a0presentes\u00a0\u00a0en esta reuni\u00f3n.<\/p>\n\n\n\n<figure class=\"wp-block-embed-twitter wp-block-embed is-type-rich is-provider-twitter\"><div class=\"wp-block-embed__wrapper\">\n<blockquote class=\"twitter-tweet\" data-width=\"550\" data-dnt=\"true\"><p lang=\"es\" dir=\"ltr\">Ratificaci\u00f3n de presidente interino y llenar vacantes en el CP,\u00a0\u00a0puntos\u00a0\u00a0de la\u00a0\u00a0agenda del Comit\u00e9 Central del PLD este lunes a partir de las 4.00 PM en Casa Nacional. Gascue. <a href=\"https:\/\/twitter.com\/hashtag\/Comit%C3%A9Pol%C3%ADtico?src=hash&amp;ref_src=twsrc%5Etfw\">#Comit\u00e9Pol\u00edtico<\/a> <a href=\"https:\/\/twitter.com\/hashtag\/casanacionalPLD?src=hash&amp;ref_src=twsrc%5Etfw\">#casanacionalPLD<\/a> <a href=\"https:\/\/twitter.com\/hashtag\/PLD?src=hash&amp;ref_src=twsrc%5Etfw\">#PLD<\/a> <a href=\"https:\/\/t.co\/xkm5d48Vbh\">pic.twitter.com\/xkm5d48Vbh<\/a><\/p>&mdash; PLD (@PLDenlinea) <a href=\"https:\/\/twitter.com\/PLDenlinea\/status\/1188603431629606913?ref_src=twsrc%5Etfw\">October 27, 2019<\/a><\/blockquote><script async src=\"https:\/\/platform.twitter.com\/widgets.js\" charset=\"utf-8\"><\/script>\n<\/div><\/figure>\n\n\n\n<p>Se recuerda a los miembros&nbsp;&nbsp;de este organismo traer su cedula, pues es&nbsp;&nbsp;el documento que avalar\u00e1 su entrada a&nbsp;la Casa&nbsp;Nacional&nbsp;y luego al sal\u00f3n en donde se desarrollar\u00e1 el encuentro.<\/p>\n\n\n\n<p>En su reuni\u00f3n del Comit\u00e9 Pol\u00edtico del pasado jueves se decidi\u00f3 plantear al&nbsp;&nbsp;Comit\u00e9 Central que&nbsp;&nbsp;&nbsp;apodere al Comit\u00e9 Pol\u00edtico para designar los titulares de las secretar\u00edas que han quedado vacantes en el secretariado del Partido de&nbsp;la Liberaci\u00f3n Dominicana, lo que se incluir\u00e1 en la agenda.<\/p>\n\n\n\n<p>Para llenar las vacantes de los miembros renunciantes del Comit\u00e9 Pol\u00edtico se seguir\u00e1 el procedimiento tradicional en el PLD es que en la reuni\u00f3n se presenten las propuestas, se solicita uno o varios que la secunden y se lleva a votaci\u00f3n.<\/p>\n\n\n\n<p>Para este punto&nbsp;la Secretaria&nbsp;de Asuntos Electorales del PLD ha preparado un esquema de votaci\u00f3n computarizado que se ha estado instalando este domingo en el Sal\u00f3n donde se desarrollar\u00e1 la reuni\u00f3n.<\/p>\n\n\n\n<p>Un despacho de&nbsp;la Secretar\u00eda&nbsp;de Comunicaciones del PLD confirma que un equipo de&nbsp;la Junta&nbsp;Central&nbsp;Electoral estar\u00e1 ofreciendo apoyo a Partido de&nbsp;la Liberaci\u00f3n Dominicana, sobre todo en el control de la asistencia y recuerda a la representaci\u00f3n de los medios de comunicaci\u00f3n,&nbsp;&nbsp;que es un encuentro a puertas cerradas y que al final, en rueda de prensa,&nbsp;&nbsp;se ofrecer\u00e1n los detalles de las decisiones adoptadas<\/p>\n\n\n\n<p>Los equipos de las secretarias&nbsp;&nbsp;General,&nbsp;&nbsp;de Actos, Asuntos Electorales, junto a protocolo, seguridad y orden han coordinado las acciones correspondientes para el desarrollo del encuentro con el orden y disciplina que ha caracterizado al partido morado de la estrella amarilla.<\/p>\n","protected":false},"excerpt":{"rendered":"<p>El Comit\u00e9 Central del Partido de&nbsp;la Liberaci\u00f3n Dominicana (PLD)&nbsp;, convocado para este lunes 28 de octubre, tiene en su agenda la&nbsp;&nbsp;ratificaci\u00f3n de Tem\u00edstocles Mont\u00e1s como presidente interino, as\u00ed como conocer de las vacantes generadas&nbsp;&nbsp;en el Comit\u00e9 Pol\u00edtico La reuni\u00f3n est\u00e1 convocada para las cuatro horas de la tarde en el Gran Sal\u00f3n Bienvenido Sandoval de&nbsp;la [&hellip;]<\/p>\n","protected":false},"author":2,"featured_media":948,"comment_status":"open","ping_status":"open","sticky":false,"template":"","format":"standard","meta":{"footnotes":""},"categories":[226],"tags":[237,236,235],"class_list":{"0":"post-944","1":"post","2":"type-post","3":"status-publish","4":"format-standard","5":"has-post-thumbnail","7":"category-politica","8":"tag-comite-central-pld","9":"tag-pld","10":"tag-temo-montas"},"yoast_head":"<!-- This site is optimized with the Yoast SEO plugin v24.9 - https:\/\/yoast.com\/wordpress\/plugins\/seo\/ -->\n<title>Comit\u00e9 Central PLD ratificar\u00e1 este lunes a Temo Mont\u00e1s y llenar vacantes en CP - BLG Noticias<\/title>\n<meta name=\"robots\" content=\"index, follow, max-snippet:-1, max-image-preview:large, max-video-preview:-1\" \/>\n<link rel=\"canonical\" href=\"https:\/\/blgnoticiassantodomingo.net\/index.php\/2019\/10\/28\/comite-central-pld-ratificara-este-lunes-a-temo-montas-y-llenar-vacantes-en-cp\/\" \/>\n<meta property=\"og:locale\" content=\"es_ES\" \/>\n<meta property=\"og:type\" content=\"article\" \/>\n<meta property=\"og:title\" content=\"Comit\u00e9 Central PLD ratificar\u00e1 este lunes a Temo Mont\u00e1s y llenar vacantes en CP - BLG Noticias\" \/>\n<meta property=\"og:description\" content=\"El Comit\u00e9 Central del Partido de&nbsp;la Liberaci\u00f3n Dominicana (PLD)&nbsp;, convocado para este lunes 28 de octubre, tiene en su agenda la&nbsp;&nbsp;ratificaci\u00f3n de Tem\u00edstocles Mont\u00e1s como presidente interino, as\u00ed como conocer de las vacantes generadas&nbsp;&nbsp;en el Comit\u00e9 Pol\u00edtico La reuni\u00f3n est\u00e1 convocada para las cuatro horas de la tarde en el Gran Sal\u00f3n Bienvenido Sandoval de&nbsp;la [&hellip;]\" \/>\n<meta property=\"og:url\" content=\"https:\/\/blgnoticiassantodomingo.net\/index.php\/2019\/10\/28\/comite-central-pld-ratificara-este-lunes-a-temo-montas-y-llenar-vacantes-en-cp\/\" \/>\n<meta property=\"og:site_name\" content=\"BLG Noticias\" \/>\n<meta property=\"article:publisher\" content=\"https:\/\/web.facebook.com\/BlgNoticias\/?locale=es_LA&amp;_rdc=1&amp;_rdr\" \/>\n<meta property=\"article:published_time\" content=\"2019-10-28T00:47:29+00:00\" \/>\n<meta property=\"article:modified_time\" content=\"2019-10-28T00:52:12+00:00\" \/>\n<meta property=\"og:image\" content=\"https:\/\/blgnoticiassantodomingo.net\/wp-content\/uploads\/2019\/10\/Casa-del-PLD.jpg\" \/>\n\t<meta property=\"og:image:width\" content=\"768\" \/>\n\t<meta property=\"og:image:height\" content=\"513\" \/>\n\t<meta property=\"og:image:type\" content=\"image\/jpeg\" \/>\n<meta name=\"author\" content=\"Brenda Guerrero\" \/>\n<meta name=\"twitter:card\" content=\"summary_large_image\" \/>\n<meta name=\"twitter:creator\" content=\"@BlgNoticias\" \/>\n<meta name=\"twitter:site\" content=\"@BlgNoticias\" \/>\n<meta name=\"twitter:label1\" content=\"Escrito por\" \/>\n\t<meta name=\"twitter:data1\" content=\"Brenda Guerrero\" \/>\n\t<meta name=\"twitter:label2\" content=\"Tiempo de lectura\" \/>\n\t<meta name=\"twitter:data2\" content=\"2 minutos\" \/>\n<script type=\"application\/ld+json\" class=\"yoast-schema-graph\">{\"@context\":\"https:\/\/schema.org\",\"@graph\":[{\"@type\":\"Article\",\"@id\":\"https:\/\/blgnoticiassantodomingo.net\/index.php\/2019\/10\/28\/comite-central-pld-ratificara-este-lunes-a-temo-montas-y-llenar-vacantes-en-cp\/#article\",\"isPartOf\":{\"@id\":\"https:\/\/blgnoticiassantodomingo.net\/index.php\/2019\/10\/28\/comite-central-pld-ratificara-este-lunes-a-temo-montas-y-llenar-vacantes-en-cp\/\"},\"author\":{\"name\":\"Brenda Guerrero\",\"@id\":\"https:\/\/blgnoticiassantodomingo.net\/#\/schema\/person\/e2fc21cf88acc63dbd134be981bff374\"},\"headline\":\"Comit\u00e9 Central PLD ratificar\u00e1 este lunes a Temo Mont\u00e1s y llenar vacantes en CP\",\"datePublished\":\"2019-10-28T00:47:29+00:00\",\"dateModified\":\"2019-10-28T00:52:12+00:00\",\"mainEntityOfPage\":{\"@id\":\"https:\/\/blgnoticiassantodomingo.net\/index.php\/2019\/10\/28\/comite-central-pld-ratificara-este-lunes-a-temo-montas-y-llenar-vacantes-en-cp\/\"},\"wordCount\":464,\"commentCount\":0,\"publisher\":{\"@id\":\"https:\/\/blgnoticiassantodomingo.net\/#organization\"},\"image\":{\"@id\":\"https:\/\/blgnoticiassantodomingo.net\/index.php\/2019\/10\/28\/comite-central-pld-ratificara-este-lunes-a-temo-montas-y-llenar-vacantes-en-cp\/#primaryimage\"},\"thumbnailUrl\":\"https:\/\/blgnoticiassantodomingo.net\/wp-content\/uploads\/2019\/10\/Casa-del-PLD.jpg\",\"keywords\":[\"Comite Central PLD\",\"PLD\",\"Temo Montas\"],\"articleSection\":[\"Politica\"],\"inLanguage\":\"es\",\"potentialAction\":[{\"@type\":\"CommentAction\",\"name\":\"Comment\",\"target\":[\"https:\/\/blgnoticiassantodomingo.net\/index.php\/2019\/10\/28\/comite-central-pld-ratificara-este-lunes-a-temo-montas-y-llenar-vacantes-en-cp\/#respond\"]}]},{\"@type\":\"WebPage\",\"@id\":\"https:\/\/blgnoticiassantodomingo.net\/index.php\/2019\/10\/28\/comite-central-pld-ratificara-este-lunes-a-temo-montas-y-llenar-vacantes-en-cp\/\",\"url\":\"https:\/\/blgnoticiassantodomingo.net\/index.php\/2019\/10\/28\/comite-central-pld-ratificara-este-lunes-a-temo-montas-y-llenar-vacantes-en-cp\/\",\"name\":\"Comit\u00e9 Central PLD ratificar\u00e1 este lunes a Temo Mont\u00e1s y llenar vacantes en CP - BLG Noticias\",\"isPartOf\":{\"@id\":\"https:\/\/blgnoticiassantodomingo.net\/#website\"},\"primaryImageOfPage\":{\"@id\":\"https:\/\/blgnoticiassantodomingo.net\/index.php\/2019\/10\/28\/comite-central-pld-ratificara-este-lunes-a-temo-montas-y-llenar-vacantes-en-cp\/#primaryimage\"},\"image\":{\"@id\":\"https:\/\/blgnoticiassantodomingo.net\/index.php\/2019\/10\/28\/comite-central-pld-ratificara-este-lunes-a-temo-montas-y-llenar-vacantes-en-cp\/#primaryimage\"},\"thumbnailUrl\":\"https:\/\/blgnoticiassantodomingo.net\/wp-content\/uploads\/2019\/10\/Casa-del-PLD.jpg\",\"datePublished\":\"2019-10-28T00:47:29+00:00\",\"dateModified\":\"2019-10-28T00:52:12+00:00\",\"breadcrumb\":{\"@id\":\"https:\/\/blgnoticiassantodomingo.net\/index.php\/2019\/10\/28\/comite-central-pld-ratificara-este-lunes-a-temo-montas-y-llenar-vacantes-en-cp\/#breadcrumb\"},\"inLanguage\":\"es\",\"potentialAction\":[{\"@type\":\"ReadAction\",\"target\":[\"https:\/\/blgnoticiassantodomingo.net\/index.php\/2019\/10\/28\/comite-central-pld-ratificara-este-lunes-a-temo-montas-y-llenar-vacantes-en-cp\/\"]}]},{\"@type\":\"ImageObject\",\"inLanguage\":\"es\",\"@id\":\"https:\/\/blgnoticiassantodomingo.net\/index.php\/2019\/10\/28\/comite-central-pld-ratificara-este-lunes-a-temo-montas-y-llenar-vacantes-en-cp\/#primaryimage\",\"url\":\"https:\/\/blgnoticiassantodomingo.net\/wp-content\/uploads\/2019\/10\/Casa-del-PLD.jpg\",\"contentUrl\":\"https:\/\/blgnoticiassantodomingo.net\/wp-content\/uploads\/2019\/10\/Casa-del-PLD.jpg\",\"width\":768,\"height\":513},{\"@type\":\"BreadcrumbList\",\"@id\":\"https:\/\/blgnoticiassantodomingo.net\/index.php\/2019\/10\/28\/comite-central-pld-ratificara-este-lunes-a-temo-montas-y-llenar-vacantes-en-cp\/#breadcrumb\",\"itemListElement\":[{\"@type\":\"ListItem\",\"position\":1,\"name\":\"Portada\",\"item\":\"https:\/\/blgnoticiassantodomingo.net\/\"},{\"@type\":\"ListItem\",\"position\":2,\"name\":\"Comit\u00e9 Central PLD ratificar\u00e1 este lunes a Temo Mont\u00e1s y llenar vacantes en CP\"}]},{\"@type\":\"WebSite\",\"@id\":\"https:\/\/blgnoticiassantodomingo.net\/#website\",\"url\":\"https:\/\/blgnoticiassantodomingo.net\/\",\"name\":\"BLG Noticias\",\"description\":\"Esto es Noticias\",\"publisher\":{\"@id\":\"https:\/\/blgnoticiassantodomingo.net\/#organization\"},\"potentialAction\":[{\"@type\":\"SearchAction\",\"target\":{\"@type\":\"EntryPoint\",\"urlTemplate\":\"https:\/\/blgnoticiassantodomingo.net\/?s={search_term_string}\"},\"query-input\":{\"@type\":\"PropertyValueSpecification\",\"valueRequired\":true,\"valueName\":\"search_term_string\"}}],\"inLanguage\":\"es\"},{\"@type\":\"Organization\",\"@id\":\"https:\/\/blgnoticiassantodomingo.net\/#organization\",\"name\":\"BLG Noticias\",\"url\":\"https:\/\/blgnoticiassantodomingo.net\/\",\"logo\":{\"@type\":\"ImageObject\",\"inLanguage\":\"es\",\"@id\":\"https:\/\/blgnoticiassantodomingo.net\/#\/schema\/logo\/image\/\",\"url\":\"https:\/\/blgnoticiassantodomingo.net\/wp-content\/uploads\/2023\/12\/Diseno-sin-titulo-3.jpg\",\"contentUrl\":\"https:\/\/blgnoticiassantodomingo.net\/wp-content\/uploads\/2023\/12\/Diseno-sin-titulo-3.jpg\",\"width\":500,\"height\":500,\"caption\":\"BLG Noticias\"},\"image\":{\"@id\":\"https:\/\/blgnoticiassantodomingo.net\/#\/schema\/logo\/image\/\"},\"sameAs\":[\"https:\/\/web.facebook.com\/BlgNoticias\/?locale=es_LA&_rdc=1&_rdr\",\"https:\/\/x.com\/BlgNoticias\",\"https:\/\/www.linkedin.com\/in\/brenda-l-santana-aa846279\/\"]},{\"@type\":\"Person\",\"@id\":\"https:\/\/blgnoticiassantodomingo.net\/#\/schema\/person\/e2fc21cf88acc63dbd134be981bff374\",\"name\":\"Brenda Guerrero\",\"image\":{\"@type\":\"ImageObject\",\"inLanguage\":\"es\",\"@id\":\"https:\/\/blgnoticiassantodomingo.net\/#\/schema\/person\/image\/\",\"url\":\"https:\/\/secure.gravatar.com\/avatar\/2f7fc4c3e3655be1580cb684bfd8ab19be702ae20879da1e072021daa02f9b8b?s=96&d=wp_user_avatar&r=g\",\"contentUrl\":\"https:\/\/secure.gravatar.com\/avatar\/2f7fc4c3e3655be1580cb684bfd8ab19be702ae20879da1e072021daa02f9b8b?s=96&d=wp_user_avatar&r=g\",\"caption\":\"Brenda Guerrero\"},\"description\":\"Periodista\",\"url\":\"https:\/\/blgnoticiassantodomingo.net\/index.php\/author\/brenda-guerrero\/\"}]}<\/script>\n<!-- \/ Yoast SEO plugin. -->","yoast_head_json":{"title":"Comit\u00e9 Central PLD ratificar\u00e1 este lunes a Temo Mont\u00e1s y llenar vacantes en CP - BLG Noticias","robots":{"index":"index","follow":"follow","max-snippet":"max-snippet:-1","max-image-preview":"max-image-preview:large","max-video-preview":"max-video-preview:-1"},"canonical":"https:\/\/blgnoticiassantodomingo.net\/index.php\/2019\/10\/28\/comite-central-pld-ratificara-este-lunes-a-temo-montas-y-llenar-vacantes-en-cp\/","og_locale":"es_ES","og_type":"article","og_title":"Comit\u00e9 Central PLD ratificar\u00e1 este lunes a Temo Mont\u00e1s y llenar vacantes en CP - BLG Noticias","og_description":"El Comit\u00e9 Central del Partido de&nbsp;la Liberaci\u00f3n Dominicana (PLD)&nbsp;, convocado para este lunes 28 de octubre, tiene en su agenda la&nbsp;&nbsp;ratificaci\u00f3n de Tem\u00edstocles Mont\u00e1s como presidente interino, as\u00ed como conocer de las vacantes generadas&nbsp;&nbsp;en el Comit\u00e9 Pol\u00edtico La reuni\u00f3n est\u00e1 convocada para las cuatro horas de la tarde en el Gran Sal\u00f3n Bienvenido Sandoval de&nbsp;la [&hellip;]","og_url":"https:\/\/blgnoticiassantodomingo.net\/index.php\/2019\/10\/28\/comite-central-pld-ratificara-este-lunes-a-temo-montas-y-llenar-vacantes-en-cp\/","og_site_name":"BLG Noticias","article_publisher":"https:\/\/web.facebook.com\/BlgNoticias\/?locale=es_LA&_rdc=1&_rdr","article_published_time":"2019-10-28T00:47:29+00:00","article_modified_time":"2019-10-28T00:52:12+00:00","og_image":[{"width":768,"height":513,"url":"https:\/\/blgnoticiassantodomingo.net\/wp-content\/uploads\/2019\/10\/Casa-del-PLD.jpg","type":"image\/jpeg"}],"author":"Brenda Guerrero","twitter_card":"summary_large_image","twitter_creator":"@BlgNoticias","twitter_site":"@BlgNoticias","twitter_misc":{"Escrito por":"Brenda Guerrero","Tiempo de lectura":"2 minutos"},"schema":{"@context":"https:\/\/schema.org","@graph":[{"@type":"Article","@id":"https:\/\/blgnoticiassantodomingo.net\/index.php\/2019\/10\/28\/comite-central-pld-ratificara-este-lunes-a-temo-montas-y-llenar-vacantes-en-cp\/#article","isPartOf":{"@id":"https:\/\/blgnoticiassantodomingo.net\/index.php\/2019\/10\/28\/comite-central-pld-ratificara-este-lunes-a-temo-montas-y-llenar-vacantes-en-cp\/"},"author":{"name":"Brenda Guerrero","@id":"https:\/\/blgnoticiassantodomingo.net\/#\/schema\/person\/e2fc21cf88acc63dbd134be981bff374"},"headline":"Comit\u00e9 Central PLD ratificar\u00e1 este lunes a Temo Mont\u00e1s y llenar vacantes en CP","datePublished":"2019-10-28T00:47:29+00:00","dateModified":"2019-10-28T00:52:12+00:00","mainEntityOfPage":{"@id":"https:\/\/blgnoticiassantodomingo.net\/index.php\/2019\/10\/28\/comite-central-pld-ratificara-este-lunes-a-temo-montas-y-llenar-vacantes-en-cp\/"},"wordCount":464,"commentCount":0,"publisher":{"@id":"https:\/\/blgnoticiassantodomingo.net\/#organization"},"image":{"@id":"https:\/\/blgnoticiassantodomingo.net\/index.php\/2019\/10\/28\/comite-central-pld-ratificara-este-lunes-a-temo-montas-y-llenar-vacantes-en-cp\/#primaryimage"},"thumbnailUrl":"https:\/\/blgnoticiassantodomingo.net\/wp-content\/uploads\/2019\/10\/Casa-del-PLD.jpg","keywords":["Comite Central PLD","PLD","Temo Montas"],"articleSection":["Politica"],"inLanguage":"es","potentialAction":[{"@type":"CommentAction","name":"Comment","target":["https:\/\/blgnoticiassantodomingo.net\/index.php\/2019\/10\/28\/comite-central-pld-ratificara-este-lunes-a-temo-montas-y-llenar-vacantes-en-cp\/#respond"]}]},{"@type":"WebPage","@id":"https:\/\/blgnoticiassantodomingo.net\/index.php\/2019\/10\/28\/comite-central-pld-ratificara-este-lunes-a-temo-montas-y-llenar-vacantes-en-cp\/","url":"https:\/\/blgnoticiassantodomingo.net\/index.php\/2019\/10\/28\/comite-central-pld-ratificara-este-lunes-a-temo-montas-y-llenar-vacantes-en-cp\/","name":"Comit\u00e9 Central PLD ratificar\u00e1 este lunes a Temo Mont\u00e1s y llenar vacantes en CP - BLG Noticias","isPartOf":{"@id":"https:\/\/blgnoticiassantodomingo.net\/#website"},"primaryImageOfPage":{"@id":"https:\/\/blgnoticiassantodomingo.net\/index.php\/2019\/10\/28\/comite-central-pld-ratificara-este-lunes-a-temo-montas-y-llenar-vacantes-en-cp\/#primaryimage"},"image":{"@id":"https:\/\/blgnoticiassantodomingo.net\/index.php\/2019\/10\/28\/comite-central-pld-ratificara-este-lunes-a-temo-montas-y-llenar-vacantes-en-cp\/#primaryimage"},"thumbnailUrl":"https:\/\/blgnoticiassantodomingo.net\/wp-content\/uploads\/2019\/10\/Casa-del-PLD.jpg","datePublished":"2019-10-28T00:47:29+00:00","dateModified":"2019-10-28T00:52:12+00:00","breadcrumb":{"@id":"https:\/\/blgnoticiassantodomingo.net\/index.php\/2019\/10\/28\/comite-central-pld-ratificara-este-lunes-a-temo-montas-y-llenar-vacantes-en-cp\/#breadcrumb"},"inLanguage":"es","potentialAction":[{"@type":"ReadAction","target":["https:\/\/blgnoticiassantodomingo.net\/index.php\/2019\/10\/28\/comite-central-pld-ratificara-este-lunes-a-temo-montas-y-llenar-vacantes-en-cp\/"]}]},{"@type":"ImageObject","inLanguage":"es","@id":"https:\/\/blgnoticiassantodomingo.net\/index.php\/2019\/10\/28\/comite-central-pld-ratificara-este-lunes-a-temo-montas-y-llenar-vacantes-en-cp\/#primaryimage","url":"https:\/\/blgnoticiassantodomingo.net\/wp-content\/uploads\/2019\/10\/Casa-del-PLD.jpg","contentUrl":"https:\/\/blgnoticiassantodomingo.net\/wp-content\/uploads\/2019\/10\/Casa-del-PLD.jpg","width":768,"height":513},{"@type":"BreadcrumbList","@id":"https:\/\/blgnoticiassantodomingo.net\/index.php\/2019\/10\/28\/comite-central-pld-ratificara-este-lunes-a-temo-montas-y-llenar-vacantes-en-cp\/#breadcrumb","itemListElement":[{"@type":"ListItem","position":1,"name":"Portada","item":"https:\/\/blgnoticiassantodomingo.net\/"},{"@type":"ListItem","position":2,"name":"Comit\u00e9 Central PLD ratificar\u00e1 este lunes a Temo Mont\u00e1s y llenar vacantes en CP"}]},{"@type":"WebSite","@id":"https:\/\/blgnoticiassantodomingo.net\/#website","url":"https:\/\/blgnoticiassantodomingo.net\/","name":"BLG Noticias","description":"Esto es Noticias","publisher":{"@id":"https:\/\/blgnoticiassantodomingo.net\/#organization"},"potentialAction":[{"@type":"SearchAction","target":{"@type":"EntryPoint","urlTemplate":"https:\/\/blgnoticiassantodomingo.net\/?s={search_term_string}"},"query-input":{"@type":"PropertyValueSpecification","valueRequired":true,"valueName":"search_term_string"}}],"inLanguage":"es"},{"@type":"Organization","@id":"https:\/\/blgnoticiassantodomingo.net\/#organization","name":"BLG Noticias","url":"https:\/\/blgnoticiassantodomingo.net\/","logo":{"@type":"ImageObject","inLanguage":"es","@id":"https:\/\/blgnoticiassantodomingo.net\/#\/schema\/logo\/image\/","url":"https:\/\/blgnoticiassantodomingo.net\/wp-content\/uploads\/2023\/12\/Diseno-sin-titulo-3.jpg","contentUrl":"https:\/\/blgnoticiassantodomingo.net\/wp-content\/uploads\/2023\/12\/Diseno-sin-titulo-3.jpg","width":500,"height":500,"caption":"BLG Noticias"},"image":{"@id":"https:\/\/blgnoticiassantodomingo.net\/#\/schema\/logo\/image\/"},"sameAs":["https:\/\/web.facebook.com\/BlgNoticias\/?locale=es_LA&_rdc=1&_rdr","https:\/\/x.com\/BlgNoticias","https:\/\/www.linkedin.com\/in\/brenda-l-santana-aa846279\/"]},{"@type":"Person","@id":"https:\/\/blgnoticiassantodomingo.net\/#\/schema\/person\/e2fc21cf88acc63dbd134be981bff374","name":"Brenda Guerrero","image":{"@type":"ImageObject","inLanguage":"es","@id":"https:\/\/blgnoticiassantodomingo.net\/#\/schema\/person\/image\/","url":"https:\/\/secure.gravatar.com\/avatar\/2f7fc4c3e3655be1580cb684bfd8ab19be702ae20879da1e072021daa02f9b8b?s=96&d=wp_user_avatar&r=g","contentUrl":"https:\/\/secure.gravatar.com\/avatar\/2f7fc4c3e3655be1580cb684bfd8ab19be702ae20879da1e072021daa02f9b8b?s=96&d=wp_user_avatar&r=g","caption":"Brenda Guerrero"},"description":"Periodista","url":"https:\/\/blgnoticiassantodomingo.net\/index.php\/author\/brenda-guerrero\/"}]}},"jetpack_featured_media_url":"https:\/\/blgnoticiassantodomingo.net\/wp-content\/uploads\/2019\/10\/Casa-del-PLD.jpg","_links":{"self":[{"href":"https:\/\/blgnoticiassantodomingo.net\/index.php\/wp-json\/wp\/v2\/posts\/944","targetHints":{"allow":["GET"]}}],"collection":[{"href":"https:\/\/blgnoticiassantodomingo.net\/index.php\/wp-json\/wp\/v2\/posts"}],"about":[{"href":"https:\/\/blgnoticiassantodomingo.net\/index.php\/wp-json\/wp\/v2\/types\/post"}],"author":[{"embeddable":true,"href":"https:\/\/blgnoticiassantodomingo.net\/index.php\/wp-json\/wp\/v2\/users\/2"}],"replies":[{"embeddable":true,"href":"https:\/\/blgnoticiassantodomingo.net\/index.php\/wp-json\/wp\/v2\/comments?post=944"}],"version-history":[{"count":2,"href":"https:\/\/blgnoticiassantodomingo.net\/index.php\/wp-json\/wp\/v2\/posts\/944\/revisions"}],"predecessor-version":[{"id":950,"href":"https:\/\/blgnoticiassantodomingo.net\/index.php\/wp-json\/wp\/v2\/posts\/944\/revisions\/950"}],"wp:featuredmedia":[{"embeddable":true,"href":"https:\/\/blgnoticiassantodomingo.net\/index.php\/wp-json\/wp\/v2\/media\/948"}],"wp:attachment":[{"href":"https:\/\/blgnoticiassantodomingo.net\/index.php\/wp-json\/wp\/v2\/media?parent=944"}],"wp:term":[{"taxonomy":"category","embeddable":true,"href":"https:\/\/blgnoticiassantodomingo.net\/index.php\/wp-json\/wp\/v2\/categories?post=944"},{"taxonomy":"post_tag","embeddable":true,"href":"https:\/\/blgnoticiassantodomingo.net\/index.php\/wp-json\/wp\/v2\/tags?post=944"}],"curies":[{"name":"wp","href":"https:\/\/api.w.org\/{rel}","templated":true}]}}