{"id":907,"date":"2019-10-26T17:03:56","date_gmt":"2019-10-26T16:03:56","guid":{"rendered":"http:\/\/blgnoticiassantodomingo.net\/?p=907"},"modified":"2019-10-26T17:03:57","modified_gmt":"2019-10-26T16:03:57","slug":"abinader-sera-proclamado-el-sabado-por-el-prm-y-el-domingo-por-el-phd","status":"publish","type":"post","link":"https:\/\/blgnoticiassantodomingo.net\/index.php\/2019\/10\/26\/abinader-sera-proclamado-el-sabado-por-el-prm-y-el-domingo-por-el-phd\/","title":{"rendered":"Abinader ser\u00e1 proclamado el s\u00e1bado por el PRM y el domingo por el PHD"},"content":{"rendered":"\n<p>La candidatura presidencial del economista y l\u00edder pol\u00edtico Luis Abinader ser\u00e1 formalmente proclamada el pr\u00f3ximo s\u00e1bado en la Convenci\u00f3n Nacional de Delegados del Partido Revolucionario Moderno, mientras que el domingo har\u00e1 otro tanto el Partido Humanista Dominicano, PHD, que preside El\u00e9xido Paula<\/p>\n\n\n\n<p>Orlando Jorge Mera, delegado pol\u00edtico del PRM,\u00a0detall\u00f3 que adem\u00e1s de la candidatura de Abinader, ganador de las primarias del d\u00eda 6, este s\u00e1bado 26 el PRM aprobar\u00e1 en esa convenci\u00f3n parte de las candidaturas a senadores, a las alcald\u00edas, directores, subdirectores y vocales municipales, as\u00ed como a diputados al Parlamento Centroamericano (Parlacen).<\/p>\n\n\n\n<p>La Convenci\u00f3n de Delegados del PRM, que est\u00e1 siendo convocada desde el pasado d\u00eda 23 por el senador Ignacio Paliza y Carolina Mej\u00eda, presidente y secretaria general del partido, se har\u00e1 dando cumplimiento a una decisi\u00f3n un\u00e1nime del Comit\u00e9 Nacional, de los Estatutos Generales as\u00ed como disposiciones de las leyes de Partidos Pol\u00edticos y del R\u00e9gimen Electoral. Se efectuar\u00e1 en el sal\u00f3n Malecon Terrace del hotel Sheraton, a partir de las 10 AM.<\/p>\n\n\n\n<p>La candidatura presidencial de Abinader, quien ya el pasado domingo fue proclamado por el Partido Revolucionario Social Dem\u00f3crata (PRSD), tambi\u00e9n recibir\u00e1 el domingo el endoso de la Sexta Convenci\u00f3n Nacional Extraordinaria del PHD, con la presencia de m\u00e1s de 900 delegados, a los que Abinader dirigir\u00e1 un discurso centrado en las propuestas de cambio que viene haciendo al pa\u00eds desde hace 3 a\u00f1os.<\/p>\n\n\n\n<p>El acto de proclamaci\u00f3n ser\u00e1 presidido por Paula y la direcci\u00f3n nacional en pleno del PHD, adem\u00e1s de los delegados, en el sal\u00f3n Malecon Terrace del hotel Sheraton, del Distrito Nacional, a las 11 de la ma\u00f1ana. Paula expresa que Abinader representa la mejor opci\u00f3n para impulsar el cambio integral que necesita la sociedad dominicana.<\/p>\n\n\n\n<p>\u201cLuis Abinader posee en su propuesta de gobierno y en su comportamiento social, pol\u00edtico y econ\u00f3mico los anhelos del Partido Humanista Dominicano, que propugna por el bienestar y el desarrollo de la poblaci\u00f3n\u00bb, acot\u00f3 Paula.<\/p>\n\n\n\n<p>Consolidado en primer lugar<\/p>\n\n\n\n<p>Abinader es el candidato presidencial que concita el apoyo del mayor n\u00famero de ciudadanos, seg\u00fan diferentes encuestas. Al exhortar a sus seguidores a continuar impulsando sus propuestas de cambio, Abinader escribi\u00f3 ayer en sus cuentas de Twitter e Instagram que como candidato presidencial \u201cseguimos consolidados en el primer lugar y frente a cualquier candidato. \u00a1 Arranc\u00f3 el Cambio\u201d.<br><\/p>\n","protected":false},"excerpt":{"rendered":"<p>La candidatura presidencial del economista y l\u00edder pol\u00edtico Luis Abinader ser\u00e1 formalmente proclamada el pr\u00f3ximo s\u00e1bado en la Convenci\u00f3n Nacional de Delegados del Partido Revolucionario Moderno, mientras que el domingo har\u00e1 otro tanto el Partido Humanista Dominicano, PHD, que preside El\u00e9xido Paula Orlando Jorge Mera, delegado pol\u00edtico del PRM,\u00a0detall\u00f3 que adem\u00e1s de la candidatura de [&hellip;]<\/p>\n","protected":false},"author":2,"featured_media":908,"comment_status":"open","ping_status":"open","sticky":false,"template":"","format":"standard","meta":{"footnotes":""},"categories":[226],"tags":[],"class_list":{"0":"post-907","1":"post","2":"type-post","3":"status-publish","4":"format-standard","5":"has-post-thumbnail","7":"category-politica"},"yoast_head":"<!-- This site is optimized with the Yoast SEO plugin v24.9 - https:\/\/yoast.com\/wordpress\/plugins\/seo\/ -->\n<title>Abinader ser\u00e1 proclamado el s\u00e1bado por el PRM y el domingo por el PHD - BLG Noticias<\/title>\n<meta name=\"robots\" content=\"index, follow, max-snippet:-1, max-image-preview:large, max-video-preview:-1\" \/>\n<link rel=\"canonical\" href=\"https:\/\/blgnoticiassantodomingo.net\/index.php\/2019\/10\/26\/abinader-sera-proclamado-el-sabado-por-el-prm-y-el-domingo-por-el-phd\/\" \/>\n<meta property=\"og:locale\" content=\"es_ES\" \/>\n<meta property=\"og:type\" content=\"article\" \/>\n<meta property=\"og:title\" content=\"Abinader ser\u00e1 proclamado el s\u00e1bado por el PRM y el domingo por el PHD - BLG Noticias\" \/>\n<meta property=\"og:description\" content=\"La candidatura presidencial del economista y l\u00edder pol\u00edtico Luis Abinader ser\u00e1 formalmente proclamada el pr\u00f3ximo s\u00e1bado en la Convenci\u00f3n Nacional de Delegados del Partido Revolucionario Moderno, mientras que el domingo har\u00e1 otro tanto el Partido Humanista Dominicano, PHD, que preside El\u00e9xido Paula Orlando Jorge Mera, delegado pol\u00edtico del PRM,\u00a0detall\u00f3 que adem\u00e1s de la candidatura de [&hellip;]\" \/>\n<meta property=\"og:url\" content=\"https:\/\/blgnoticiassantodomingo.net\/index.php\/2019\/10\/26\/abinader-sera-proclamado-el-sabado-por-el-prm-y-el-domingo-por-el-phd\/\" \/>\n<meta property=\"og:site_name\" content=\"BLG Noticias\" \/>\n<meta property=\"article:publisher\" content=\"https:\/\/web.facebook.com\/BlgNoticias\/?locale=es_LA&amp;_rdc=1&amp;_rdr\" \/>\n<meta property=\"article:published_time\" content=\"2019-10-26T16:03:56+00:00\" \/>\n<meta property=\"article:modified_time\" content=\"2019-10-26T16:03:57+00:00\" \/>\n<meta property=\"og:image\" content=\"https:\/\/blgnoticiassantodomingo.net\/wp-content\/uploads\/2019\/10\/abinader.jpg\" \/>\n\t<meta property=\"og:image:width\" content=\"1000\" \/>\n\t<meta property=\"og:image:height\" content=\"600\" \/>\n\t<meta property=\"og:image:type\" content=\"image\/jpeg\" \/>\n<meta name=\"author\" content=\"Brenda Guerrero\" \/>\n<meta name=\"twitter:card\" content=\"summary_large_image\" \/>\n<meta name=\"twitter:creator\" content=\"@BlgNoticias\" \/>\n<meta name=\"twitter:site\" content=\"@BlgNoticias\" \/>\n<meta name=\"twitter:label1\" content=\"Escrito por\" \/>\n\t<meta name=\"twitter:data1\" content=\"Brenda Guerrero\" \/>\n\t<meta name=\"twitter:label2\" content=\"Tiempo de lectura\" \/>\n\t<meta name=\"twitter:data2\" content=\"2 minutos\" \/>\n<script type=\"application\/ld+json\" class=\"yoast-schema-graph\">{\"@context\":\"https:\/\/schema.org\",\"@graph\":[{\"@type\":\"Article\",\"@id\":\"https:\/\/blgnoticiassantodomingo.net\/index.php\/2019\/10\/26\/abinader-sera-proclamado-el-sabado-por-el-prm-y-el-domingo-por-el-phd\/#article\",\"isPartOf\":{\"@id\":\"https:\/\/blgnoticiassantodomingo.net\/index.php\/2019\/10\/26\/abinader-sera-proclamado-el-sabado-por-el-prm-y-el-domingo-por-el-phd\/\"},\"author\":{\"name\":\"Brenda Guerrero\",\"@id\":\"https:\/\/blgnoticiassantodomingo.net\/#\/schema\/person\/e2fc21cf88acc63dbd134be981bff374\"},\"headline\":\"Abinader ser\u00e1 proclamado el s\u00e1bado por el PRM y el domingo por el PHD\",\"datePublished\":\"2019-10-26T16:03:56+00:00\",\"dateModified\":\"2019-10-26T16:03:57+00:00\",\"mainEntityOfPage\":{\"@id\":\"https:\/\/blgnoticiassantodomingo.net\/index.php\/2019\/10\/26\/abinader-sera-proclamado-el-sabado-por-el-prm-y-el-domingo-por-el-phd\/\"},\"wordCount\":427,\"commentCount\":0,\"publisher\":{\"@id\":\"https:\/\/blgnoticiassantodomingo.net\/#organization\"},\"image\":{\"@id\":\"https:\/\/blgnoticiassantodomingo.net\/index.php\/2019\/10\/26\/abinader-sera-proclamado-el-sabado-por-el-prm-y-el-domingo-por-el-phd\/#primaryimage\"},\"thumbnailUrl\":\"https:\/\/blgnoticiassantodomingo.net\/wp-content\/uploads\/2019\/10\/abinader.jpg\",\"articleSection\":[\"Politica\"],\"inLanguage\":\"es\",\"potentialAction\":[{\"@type\":\"CommentAction\",\"name\":\"Comment\",\"target\":[\"https:\/\/blgnoticiassantodomingo.net\/index.php\/2019\/10\/26\/abinader-sera-proclamado-el-sabado-por-el-prm-y-el-domingo-por-el-phd\/#respond\"]}]},{\"@type\":\"WebPage\",\"@id\":\"https:\/\/blgnoticiassantodomingo.net\/index.php\/2019\/10\/26\/abinader-sera-proclamado-el-sabado-por-el-prm-y-el-domingo-por-el-phd\/\",\"url\":\"https:\/\/blgnoticiassantodomingo.net\/index.php\/2019\/10\/26\/abinader-sera-proclamado-el-sabado-por-el-prm-y-el-domingo-por-el-phd\/\",\"name\":\"Abinader ser\u00e1 proclamado el s\u00e1bado por el PRM y el domingo por el PHD - BLG Noticias\",\"isPartOf\":{\"@id\":\"https:\/\/blgnoticiassantodomingo.net\/#website\"},\"primaryImageOfPage\":{\"@id\":\"https:\/\/blgnoticiassantodomingo.net\/index.php\/2019\/10\/26\/abinader-sera-proclamado-el-sabado-por-el-prm-y-el-domingo-por-el-phd\/#primaryimage\"},\"image\":{\"@id\":\"https:\/\/blgnoticiassantodomingo.net\/index.php\/2019\/10\/26\/abinader-sera-proclamado-el-sabado-por-el-prm-y-el-domingo-por-el-phd\/#primaryimage\"},\"thumbnailUrl\":\"https:\/\/blgnoticiassantodomingo.net\/wp-content\/uploads\/2019\/10\/abinader.jpg\",\"datePublished\":\"2019-10-26T16:03:56+00:00\",\"dateModified\":\"2019-10-26T16:03:57+00:00\",\"breadcrumb\":{\"@id\":\"https:\/\/blgnoticiassantodomingo.net\/index.php\/2019\/10\/26\/abinader-sera-proclamado-el-sabado-por-el-prm-y-el-domingo-por-el-phd\/#breadcrumb\"},\"inLanguage\":\"es\",\"potentialAction\":[{\"@type\":\"ReadAction\",\"target\":[\"https:\/\/blgnoticiassantodomingo.net\/index.php\/2019\/10\/26\/abinader-sera-proclamado-el-sabado-por-el-prm-y-el-domingo-por-el-phd\/\"]}]},{\"@type\":\"ImageObject\",\"inLanguage\":\"es\",\"@id\":\"https:\/\/blgnoticiassantodomingo.net\/index.php\/2019\/10\/26\/abinader-sera-proclamado-el-sabado-por-el-prm-y-el-domingo-por-el-phd\/#primaryimage\",\"url\":\"https:\/\/blgnoticiassantodomingo.net\/wp-content\/uploads\/2019\/10\/abinader.jpg\",\"contentUrl\":\"https:\/\/blgnoticiassantodomingo.net\/wp-content\/uploads\/2019\/10\/abinader.jpg\",\"width\":1000,\"height\":600},{\"@type\":\"BreadcrumbList\",\"@id\":\"https:\/\/blgnoticiassantodomingo.net\/index.php\/2019\/10\/26\/abinader-sera-proclamado-el-sabado-por-el-prm-y-el-domingo-por-el-phd\/#breadcrumb\",\"itemListElement\":[{\"@type\":\"ListItem\",\"position\":1,\"name\":\"Portada\",\"item\":\"https:\/\/blgnoticiassantodomingo.net\/\"},{\"@type\":\"ListItem\",\"position\":2,\"name\":\"Abinader ser\u00e1 proclamado el s\u00e1bado por el PRM y el domingo por el PHD\"}]},{\"@type\":\"WebSite\",\"@id\":\"https:\/\/blgnoticiassantodomingo.net\/#website\",\"url\":\"https:\/\/blgnoticiassantodomingo.net\/\",\"name\":\"BLG Noticias\",\"description\":\"Esto es Noticias\",\"publisher\":{\"@id\":\"https:\/\/blgnoticiassantodomingo.net\/#organization\"},\"potentialAction\":[{\"@type\":\"SearchAction\",\"target\":{\"@type\":\"EntryPoint\",\"urlTemplate\":\"https:\/\/blgnoticiassantodomingo.net\/?s={search_term_string}\"},\"query-input\":{\"@type\":\"PropertyValueSpecification\",\"valueRequired\":true,\"valueName\":\"search_term_string\"}}],\"inLanguage\":\"es\"},{\"@type\":\"Organization\",\"@id\":\"https:\/\/blgnoticiassantodomingo.net\/#organization\",\"name\":\"BLG Noticias\",\"url\":\"https:\/\/blgnoticiassantodomingo.net\/\",\"logo\":{\"@type\":\"ImageObject\",\"inLanguage\":\"es\",\"@id\":\"https:\/\/blgnoticiassantodomingo.net\/#\/schema\/logo\/image\/\",\"url\":\"https:\/\/blgnoticiassantodomingo.net\/wp-content\/uploads\/2023\/12\/Diseno-sin-titulo-3.jpg\",\"contentUrl\":\"https:\/\/blgnoticiassantodomingo.net\/wp-content\/uploads\/2023\/12\/Diseno-sin-titulo-3.jpg\",\"width\":500,\"height\":500,\"caption\":\"BLG Noticias\"},\"image\":{\"@id\":\"https:\/\/blgnoticiassantodomingo.net\/#\/schema\/logo\/image\/\"},\"sameAs\":[\"https:\/\/web.facebook.com\/BlgNoticias\/?locale=es_LA&_rdc=1&_rdr\",\"https:\/\/x.com\/BlgNoticias\",\"https:\/\/www.linkedin.com\/in\/brenda-l-santana-aa846279\/\"]},{\"@type\":\"Person\",\"@id\":\"https:\/\/blgnoticiassantodomingo.net\/#\/schema\/person\/e2fc21cf88acc63dbd134be981bff374\",\"name\":\"Brenda Guerrero\",\"image\":{\"@type\":\"ImageObject\",\"inLanguage\":\"es\",\"@id\":\"https:\/\/blgnoticiassantodomingo.net\/#\/schema\/person\/image\/\",\"url\":\"https:\/\/secure.gravatar.com\/avatar\/2f7fc4c3e3655be1580cb684bfd8ab19be702ae20879da1e072021daa02f9b8b?s=96&d=wp_user_avatar&r=g\",\"contentUrl\":\"https:\/\/secure.gravatar.com\/avatar\/2f7fc4c3e3655be1580cb684bfd8ab19be702ae20879da1e072021daa02f9b8b?s=96&d=wp_user_avatar&r=g\",\"caption\":\"Brenda Guerrero\"},\"description\":\"Periodista\",\"url\":\"https:\/\/blgnoticiassantodomingo.net\/index.php\/author\/brenda-guerrero\/\"}]}<\/script>\n<!-- \/ Yoast SEO plugin. -->","yoast_head_json":{"title":"Abinader ser\u00e1 proclamado el s\u00e1bado por el PRM y el domingo por el PHD - BLG Noticias","robots":{"index":"index","follow":"follow","max-snippet":"max-snippet:-1","max-image-preview":"max-image-preview:large","max-video-preview":"max-video-preview:-1"},"canonical":"https:\/\/blgnoticiassantodomingo.net\/index.php\/2019\/10\/26\/abinader-sera-proclamado-el-sabado-por-el-prm-y-el-domingo-por-el-phd\/","og_locale":"es_ES","og_type":"article","og_title":"Abinader ser\u00e1 proclamado el s\u00e1bado por el PRM y el domingo por el PHD - BLG Noticias","og_description":"La candidatura presidencial del economista y l\u00edder pol\u00edtico Luis Abinader ser\u00e1 formalmente proclamada el pr\u00f3ximo s\u00e1bado en la Convenci\u00f3n Nacional de Delegados del Partido Revolucionario Moderno, mientras que el domingo har\u00e1 otro tanto el Partido Humanista Dominicano, PHD, que preside El\u00e9xido Paula Orlando Jorge Mera, delegado pol\u00edtico del PRM,\u00a0detall\u00f3 que adem\u00e1s de la candidatura de [&hellip;]","og_url":"https:\/\/blgnoticiassantodomingo.net\/index.php\/2019\/10\/26\/abinader-sera-proclamado-el-sabado-por-el-prm-y-el-domingo-por-el-phd\/","og_site_name":"BLG Noticias","article_publisher":"https:\/\/web.facebook.com\/BlgNoticias\/?locale=es_LA&_rdc=1&_rdr","article_published_time":"2019-10-26T16:03:56+00:00","article_modified_time":"2019-10-26T16:03:57+00:00","og_image":[{"width":1000,"height":600,"url":"https:\/\/blgnoticiassantodomingo.net\/wp-content\/uploads\/2019\/10\/abinader.jpg","type":"image\/jpeg"}],"author":"Brenda Guerrero","twitter_card":"summary_large_image","twitter_creator":"@BlgNoticias","twitter_site":"@BlgNoticias","twitter_misc":{"Escrito por":"Brenda Guerrero","Tiempo de lectura":"2 minutos"},"schema":{"@context":"https:\/\/schema.org","@graph":[{"@type":"Article","@id":"https:\/\/blgnoticiassantodomingo.net\/index.php\/2019\/10\/26\/abinader-sera-proclamado-el-sabado-por-el-prm-y-el-domingo-por-el-phd\/#article","isPartOf":{"@id":"https:\/\/blgnoticiassantodomingo.net\/index.php\/2019\/10\/26\/abinader-sera-proclamado-el-sabado-por-el-prm-y-el-domingo-por-el-phd\/"},"author":{"name":"Brenda Guerrero","@id":"https:\/\/blgnoticiassantodomingo.net\/#\/schema\/person\/e2fc21cf88acc63dbd134be981bff374"},"headline":"Abinader ser\u00e1 proclamado el s\u00e1bado por el PRM y el domingo por el PHD","datePublished":"2019-10-26T16:03:56+00:00","dateModified":"2019-10-26T16:03:57+00:00","mainEntityOfPage":{"@id":"https:\/\/blgnoticiassantodomingo.net\/index.php\/2019\/10\/26\/abinader-sera-proclamado-el-sabado-por-el-prm-y-el-domingo-por-el-phd\/"},"wordCount":427,"commentCount":0,"publisher":{"@id":"https:\/\/blgnoticiassantodomingo.net\/#organization"},"image":{"@id":"https:\/\/blgnoticiassantodomingo.net\/index.php\/2019\/10\/26\/abinader-sera-proclamado-el-sabado-por-el-prm-y-el-domingo-por-el-phd\/#primaryimage"},"thumbnailUrl":"https:\/\/blgnoticiassantodomingo.net\/wp-content\/uploads\/2019\/10\/abinader.jpg","articleSection":["Politica"],"inLanguage":"es","potentialAction":[{"@type":"CommentAction","name":"Comment","target":["https:\/\/blgnoticiassantodomingo.net\/index.php\/2019\/10\/26\/abinader-sera-proclamado-el-sabado-por-el-prm-y-el-domingo-por-el-phd\/#respond"]}]},{"@type":"WebPage","@id":"https:\/\/blgnoticiassantodomingo.net\/index.php\/2019\/10\/26\/abinader-sera-proclamado-el-sabado-por-el-prm-y-el-domingo-por-el-phd\/","url":"https:\/\/blgnoticiassantodomingo.net\/index.php\/2019\/10\/26\/abinader-sera-proclamado-el-sabado-por-el-prm-y-el-domingo-por-el-phd\/","name":"Abinader ser\u00e1 proclamado el s\u00e1bado por el PRM y el domingo por el PHD - BLG Noticias","isPartOf":{"@id":"https:\/\/blgnoticiassantodomingo.net\/#website"},"primaryImageOfPage":{"@id":"https:\/\/blgnoticiassantodomingo.net\/index.php\/2019\/10\/26\/abinader-sera-proclamado-el-sabado-por-el-prm-y-el-domingo-por-el-phd\/#primaryimage"},"image":{"@id":"https:\/\/blgnoticiassantodomingo.net\/index.php\/2019\/10\/26\/abinader-sera-proclamado-el-sabado-por-el-prm-y-el-domingo-por-el-phd\/#primaryimage"},"thumbnailUrl":"https:\/\/blgnoticiassantodomingo.net\/wp-content\/uploads\/2019\/10\/abinader.jpg","datePublished":"2019-10-26T16:03:56+00:00","dateModified":"2019-10-26T16:03:57+00:00","breadcrumb":{"@id":"https:\/\/blgnoticiassantodomingo.net\/index.php\/2019\/10\/26\/abinader-sera-proclamado-el-sabado-por-el-prm-y-el-domingo-por-el-phd\/#breadcrumb"},"inLanguage":"es","potentialAction":[{"@type":"ReadAction","target":["https:\/\/blgnoticiassantodomingo.net\/index.php\/2019\/10\/26\/abinader-sera-proclamado-el-sabado-por-el-prm-y-el-domingo-por-el-phd\/"]}]},{"@type":"ImageObject","inLanguage":"es","@id":"https:\/\/blgnoticiassantodomingo.net\/index.php\/2019\/10\/26\/abinader-sera-proclamado-el-sabado-por-el-prm-y-el-domingo-por-el-phd\/#primaryimage","url":"https:\/\/blgnoticiassantodomingo.net\/wp-content\/uploads\/2019\/10\/abinader.jpg","contentUrl":"https:\/\/blgnoticiassantodomingo.net\/wp-content\/uploads\/2019\/10\/abinader.jpg","width":1000,"height":600},{"@type":"BreadcrumbList","@id":"https:\/\/blgnoticiassantodomingo.net\/index.php\/2019\/10\/26\/abinader-sera-proclamado-el-sabado-por-el-prm-y-el-domingo-por-el-phd\/#breadcrumb","itemListElement":[{"@type":"ListItem","position":1,"name":"Portada","item":"https:\/\/blgnoticiassantodomingo.net\/"},{"@type":"ListItem","position":2,"name":"Abinader ser\u00e1 proclamado el s\u00e1bado por el PRM y el domingo por el PHD"}]},{"@type":"WebSite","@id":"https:\/\/blgnoticiassantodomingo.net\/#website","url":"https:\/\/blgnoticiassantodomingo.net\/","name":"BLG Noticias","description":"Esto es Noticias","publisher":{"@id":"https:\/\/blgnoticiassantodomingo.net\/#organization"},"potentialAction":[{"@type":"SearchAction","target":{"@type":"EntryPoint","urlTemplate":"https:\/\/blgnoticiassantodomingo.net\/?s={search_term_string}"},"query-input":{"@type":"PropertyValueSpecification","valueRequired":true,"valueName":"search_term_string"}}],"inLanguage":"es"},{"@type":"Organization","@id":"https:\/\/blgnoticiassantodomingo.net\/#organization","name":"BLG Noticias","url":"https:\/\/blgnoticiassantodomingo.net\/","logo":{"@type":"ImageObject","inLanguage":"es","@id":"https:\/\/blgnoticiassantodomingo.net\/#\/schema\/logo\/image\/","url":"https:\/\/blgnoticiassantodomingo.net\/wp-content\/uploads\/2023\/12\/Diseno-sin-titulo-3.jpg","contentUrl":"https:\/\/blgnoticiassantodomingo.net\/wp-content\/uploads\/2023\/12\/Diseno-sin-titulo-3.jpg","width":500,"height":500,"caption":"BLG Noticias"},"image":{"@id":"https:\/\/blgnoticiassantodomingo.net\/#\/schema\/logo\/image\/"},"sameAs":["https:\/\/web.facebook.com\/BlgNoticias\/?locale=es_LA&_rdc=1&_rdr","https:\/\/x.com\/BlgNoticias","https:\/\/www.linkedin.com\/in\/brenda-l-santana-aa846279\/"]},{"@type":"Person","@id":"https:\/\/blgnoticiassantodomingo.net\/#\/schema\/person\/e2fc21cf88acc63dbd134be981bff374","name":"Brenda Guerrero","image":{"@type":"ImageObject","inLanguage":"es","@id":"https:\/\/blgnoticiassantodomingo.net\/#\/schema\/person\/image\/","url":"https:\/\/secure.gravatar.com\/avatar\/2f7fc4c3e3655be1580cb684bfd8ab19be702ae20879da1e072021daa02f9b8b?s=96&d=wp_user_avatar&r=g","contentUrl":"https:\/\/secure.gravatar.com\/avatar\/2f7fc4c3e3655be1580cb684bfd8ab19be702ae20879da1e072021daa02f9b8b?s=96&d=wp_user_avatar&r=g","caption":"Brenda Guerrero"},"description":"Periodista","url":"https:\/\/blgnoticiassantodomingo.net\/index.php\/author\/brenda-guerrero\/"}]}},"jetpack_featured_media_url":"https:\/\/blgnoticiassantodomingo.net\/wp-content\/uploads\/2019\/10\/abinader.jpg","_links":{"self":[{"href":"https:\/\/blgnoticiassantodomingo.net\/index.php\/wp-json\/wp\/v2\/posts\/907","targetHints":{"allow":["GET"]}}],"collection":[{"href":"https:\/\/blgnoticiassantodomingo.net\/index.php\/wp-json\/wp\/v2\/posts"}],"about":[{"href":"https:\/\/blgnoticiassantodomingo.net\/index.php\/wp-json\/wp\/v2\/types\/post"}],"author":[{"embeddable":true,"href":"https:\/\/blgnoticiassantodomingo.net\/index.php\/wp-json\/wp\/v2\/users\/2"}],"replies":[{"embeddable":true,"href":"https:\/\/blgnoticiassantodomingo.net\/index.php\/wp-json\/wp\/v2\/comments?post=907"}],"version-history":[{"count":1,"href":"https:\/\/blgnoticiassantodomingo.net\/index.php\/wp-json\/wp\/v2\/posts\/907\/revisions"}],"predecessor-version":[{"id":909,"href":"https:\/\/blgnoticiassantodomingo.net\/index.php\/wp-json\/wp\/v2\/posts\/907\/revisions\/909"}],"wp:featuredmedia":[{"embeddable":true,"href":"https:\/\/blgnoticiassantodomingo.net\/index.php\/wp-json\/wp\/v2\/media\/908"}],"wp:attachment":[{"href":"https:\/\/blgnoticiassantodomingo.net\/index.php\/wp-json\/wp\/v2\/media?parent=907"}],"wp:term":[{"taxonomy":"category","embeddable":true,"href":"https:\/\/blgnoticiassantodomingo.net\/index.php\/wp-json\/wp\/v2\/categories?post=907"},{"taxonomy":"post_tag","embeddable":true,"href":"https:\/\/blgnoticiassantodomingo.net\/index.php\/wp-json\/wp\/v2\/tags?post=907"}],"curies":[{"name":"wp","href":"https:\/\/api.w.org\/{rel}","templated":true}]}}