{"id":890,"date":"2019-10-26T01:04:17","date_gmt":"2019-10-26T00:04:17","guid":{"rendered":"http:\/\/blgnoticiassantodomingo.net\/?p=890"},"modified":"2019-10-26T01:04:18","modified_gmt":"2019-10-26T00:04:18","slug":"fard-deja-inaugurada-plaza-de-los-caidos-en-la-base-aerea-de-puerto-plata","status":"publish","type":"post","link":"https:\/\/blgnoticiassantodomingo.net\/index.php\/2019\/10\/26\/fard-deja-inaugurada-plaza-de-los-caidos-en-la-base-aerea-de-puerto-plata\/","title":{"rendered":"FARD deja inaugurada Plaza de los Ca\u00eddos en la Base A\u00e9rea de Puerto Plata"},"content":{"rendered":"\n<p><strong>Puerto Plata, 25 de octubre de 2019.- <\/strong>Con la presencia del Ministro de Defensa, Teniente General Rub\u00e9n Dar\u00edo Paulino Sem, ERD y el Alto Mando de las Fuerzas Armadas, el Comandante General de la Fuerza A\u00e9rea de Rep\u00fablica Dominicana, Mayor General Piloto Richard V\u00e1squez Jim\u00e9nez, dej\u00f3 inaugurada la Plaza de los Ca\u00eddos, as\u00ed como tambi\u00e9n el Departamento de Relaciones P\u00fablicas y el Sal\u00f3n para Oficiales en esta Base A\u00e9rea.<br><\/p>\n\n\n\n<ul class=\"wp-block-gallery columns-1 is-cropped wp-block-gallery-1 is-layout-flex wp-block-gallery-is-layout-flex\"><li class=\"blocks-gallery-item\"><figure><img decoding=\"async\" width=\"1024\" height=\"682\" src=\"http:\/\/blgnoticiassantodomingo.net\/wp-content\/uploads\/2019\/10\/WhatsApp-Image-2019-10-25-at-1.45.37-PM-2-1024x682.jpeg\" alt=\"\" data-id=\"892\" data-link=\"http:\/\/blgnoticiassantodomingo.net\/?attachment_id=892\" class=\"wp-image-892\" srcset=\"https:\/\/blgnoticiassantodomingo.net\/wp-content\/uploads\/2019\/10\/WhatsApp-Image-2019-10-25-at-1.45.37-PM-2-1024x682.jpeg 1024w, https:\/\/blgnoticiassantodomingo.net\/wp-content\/uploads\/2019\/10\/WhatsApp-Image-2019-10-25-at-1.45.37-PM-2-300x200.jpeg 300w, https:\/\/blgnoticiassantodomingo.net\/wp-content\/uploads\/2019\/10\/WhatsApp-Image-2019-10-25-at-1.45.37-PM-2-768x512.jpeg 768w, https:\/\/blgnoticiassantodomingo.net\/wp-content\/uploads\/2019\/10\/WhatsApp-Image-2019-10-25-at-1.45.37-PM-2.jpeg 1280w\" sizes=\"(max-width: 1024px) 100vw, 1024px\" \/><\/figure><\/li><\/ul>\n\n\n\n<p>La construcci\u00f3n de la Plaza de los Ca\u00eddos est\u00e1 contemplada dentro del programa de reestructuraciones y remozamientos que lleva a cabo la Comandancia General de la FARD, promoviendo el bienestar de los miembros de las Fuerzas Armadas y sus familiares, como lo establece el Plan Estrat\u00e9gico Institucional 2017-2020, del Ministerio de Defensa.<br><\/p>\n\n\n\n<p>El Ministro de Defensa recibi\u00f3 a su llegada los honores militares correspondientes. La actividad inici\u00f3 con la interpretaci\u00f3n del Himno Nacional, seguido por las palabras de bendici\u00f3n a cargo de Monse\u00f1or Santiago Rodr\u00edguez, Obispo de la Di\u00f3cesis de San Pedro de Macor\u00eds.<br><\/p>\n\n\n\n<figure class=\"wp-block-image\"><img decoding=\"async\" width=\"1024\" height=\"682\" src=\"http:\/\/blgnoticiassantodomingo.net\/wp-content\/uploads\/2019\/10\/WhatsApp-Image-2019-10-25-at-1.45.36-PM-1024x682.jpeg\" alt=\"\" class=\"wp-image-893\" srcset=\"https:\/\/blgnoticiassantodomingo.net\/wp-content\/uploads\/2019\/10\/WhatsApp-Image-2019-10-25-at-1.45.36-PM-1024x682.jpeg 1024w, https:\/\/blgnoticiassantodomingo.net\/wp-content\/uploads\/2019\/10\/WhatsApp-Image-2019-10-25-at-1.45.36-PM-300x200.jpeg 300w, https:\/\/blgnoticiassantodomingo.net\/wp-content\/uploads\/2019\/10\/WhatsApp-Image-2019-10-25-at-1.45.36-PM-768x512.jpeg 768w, https:\/\/blgnoticiassantodomingo.net\/wp-content\/uploads\/2019\/10\/WhatsApp-Image-2019-10-25-at-1.45.36-PM.jpeg 1280w\" sizes=\"(max-width: 1024px) 100vw, 1024px\" \/><\/figure>\n\n\n\n<p>La solicitud de permiso para dar inicio a la actividad estuvo a cargo del Coronel C\u00e9sar Edgardo Severino Santana, FARD (DEM), Comandante de la Base A\u00e9rea de Puerto Plata, FARD.<br><\/p>\n\n\n\n<p>Las palabras centrales del acto estuvieron a cargo del Coronel Severino Santana quien agradeci\u00f3 al Excelent\u00edsimo Se\u00f1or Presidente Constitucional de la Rep\u00fablica, Lic. Danilo Medina S\u00e1nchez, Autoridad Suprema de las Fuerzas Armadas y la Polic\u00eda Nacional, por enviar en su representaci\u00f3n al Ministro de Defensa, Teniente General Rub\u00e9n Dar\u00edo Paulino Sem, ERD y por su apoyo para hacer realidad las obras, donde&nbsp; quedar\u00e1n plasmados  los nombres de los soldados que fallecen  en el cumplimiento de su deber.<br><\/p>\n\n\n\n<p>Durante su discurso el Comandante de la Base A\u00e9rea de Puerto Plata, expres\u00f3 \u00abEsta obra cargada de sentimentalismo patri\u00f3tico e institucional, representa un cenotafio, que evocar\u00e1 a los hombres y mujeres que hicieron el m\u00e1s grande sacrificio en aras de nuestra naci\u00f3n. Pero a diferencias de otros monumentos similares en el mundo este conjunto arquitect\u00f3nico hace referencia a las identidades concretas e individuales de nuestros soldados ca\u00eddos en el cumplimiento del deber\u00bb.<br><\/p>\n\n\n\n<ul class=\"wp-block-gallery columns-1 is-cropped wp-block-gallery-2 is-layout-flex wp-block-gallery-is-layout-flex\"><li class=\"blocks-gallery-item\"><figure><img decoding=\"async\" width=\"1024\" height=\"768\" src=\"http:\/\/blgnoticiassantodomingo.net\/wp-content\/uploads\/2019\/10\/WhatsApp-Image-2019-10-25-at-1.45.38-PM-1024x768.jpeg\" alt=\"\" data-id=\"894\" data-link=\"http:\/\/blgnoticiassantodomingo.net\/?attachment_id=894\" class=\"wp-image-894\" srcset=\"https:\/\/blgnoticiassantodomingo.net\/wp-content\/uploads\/2019\/10\/WhatsApp-Image-2019-10-25-at-1.45.38-PM.jpeg 1024w, https:\/\/blgnoticiassantodomingo.net\/wp-content\/uploads\/2019\/10\/WhatsApp-Image-2019-10-25-at-1.45.38-PM-300x225.jpeg 300w, https:\/\/blgnoticiassantodomingo.net\/wp-content\/uploads\/2019\/10\/WhatsApp-Image-2019-10-25-at-1.45.38-PM-768x576.jpeg 768w, https:\/\/blgnoticiassantodomingo.net\/wp-content\/uploads\/2019\/10\/WhatsApp-Image-2019-10-25-at-1.45.38-PM-500x375.jpeg 500w\" sizes=\"(max-width: 1024px) 100vw, 1024px\" \/><\/figure><\/li><\/ul>\n\n\n\n<p>La Plaza de los Ca\u00eddos lleva la estatuilla del \u00abSoldado del Aire\u00bb de la Fuerza A\u00e9rea de Rep\u00fablica Dominicana, est\u00e1 representada por el soldado en posici\u00f3n firme, parado sobre dos alas de un avi\u00f3n. En su vestimenta identifica las unidades operativas de la instituci\u00f3n. El lado izquierdo representa el soldado de infanter\u00eda y el lado derecho identifica el piloto aviador, ambos sosteniendo con firmeza el emblema o logo de la Fuerza A\u00e9rea de Rep\u00fablica Dominicana, testigo elocuente de grandes haza\u00f1as, observando el horizonte azul, reafirmando el compromiso de la protecci\u00f3n del espacio a\u00e9reo de Rep\u00fablica Dominicana.<\/p>\n\n\n\n<p>Durante el desarrollo del acto de inauguraci\u00f3n del espacio en homenaje del soldado, se efectu\u00f3 un toque de silencio, el corte de cinta y desvelizamiento de tarja, foto oficial y un pase en revista.<\/p>\n\n\n\n<p><br>A la actividad en Puerto Plata asistieron el Viceministro para Asuntos Militares, Mayor General Braulio A. Alc\u00e1ntara L\u00f3pez, ERD; el Viceministro para Asuntos Navales y Costeros, Vicealmirante Miguel Enrique Pe\u00f1a Acosta, ARD; el Viceministro para Asuntos A\u00e9reos y Espaciales, Mayor General Piloto Luis Napole\u00f3n Pay\u00e1n D\u00edaz, FARD; el Comandante General del Ej\u00e9rcito de Rep\u00fablica Dominicana, Mayor General Estanislao Gonell Regalado, ERD; el Comandante General de la Armada de Rep\u00fablica Dominicana, Vicealmirante Emilio Recio Segura, ARD, el Mayor General del ERD, Manuel S. Nadal Rosa, Comandante de la Segunda Brigada de Infanter\u00eda, y el Director General de la Polic\u00eda Nacional, Mayor General Ingeniero Ney Aldrin Bautista Almonte, P.N.<br><\/p>\n\n\n\n<p>Tambi\u00e9n estuvieron presentes durante el acto, el Doctor Iv\u00e1n Rivera Bastardo, Gobernador de la provincia de Puerto Plata, Walter Musa, Alcalde de la misma y el Comandante del Departamento de Sos\u00faa, Coronel Anicacio Guill\u00e9n Guzm\u00e1n, P.N.<br><\/p>\n\n\n\n<p>El Comandante General de la Fuerza A\u00e9rea de Rep\u00fablica Dominicana, Mayor General Piloto Richard V\u00e1squez Jim\u00e9nez, se hizo acompa\u00f1ar por el General de Brigada Piloto Juan Dar\u00edo Tejada Quintana, Subcomandante General, FARD; el General de Brigada Piloto Marcos Mej\u00eda S\u00e1nchez, Director de Inteligencia FARD, A-2; el Coronel Paracaidista Jos\u00e9 A. Cedano De La Rosa, Director de Personal FARD, A-1; el Coronel Piloto H\u00e9ctor D. Mart\u00ednez P\u00e9rez, Director de Operaciones, FARD, A-3; el Coronel Piloto Karim A. Hern\u00e1ndez Seijos, Director de Relaciones P\u00fablicas y Asuntos C\u00edvicos Militares, FARD, A-5; el Coronel Paracaidista Elvis Luis Ot\u00e1\u00f1ez Santos, Director de Comunicaciones FARD, A-6; el Coronel Paracaidista Ulises V. Guzm\u00e1n Reyes, Comandante del Comando de Seguridad de Base; el Coronel Paracaidista Kely G\u00f3mez S\u00e1nchez, Comandante del Comando de Fuerzas Especiales; el Coronel Piloto Jos\u00e9 A. Hern\u00e1ndez Monegro, Asistente Personal del Comandante General, FARD y el Coronel Dentista Ram\u00f3n H. Artiles Santamar\u00eda, Director del Hospital Militar Docente FARD \u00abDr. Ram\u00f3n de Lara\u00bb.<br><\/p>\n","protected":false},"excerpt":{"rendered":"<p>Puerto Plata, 25 de octubre de 2019.- Con la presencia del Ministro de Defensa, Teniente General Rub\u00e9n Dar\u00edo Paulino Sem, ERD y el Alto Mando de las Fuerzas Armadas, el Comandante General de la Fuerza A\u00e9rea de Rep\u00fablica Dominicana, Mayor General Piloto Richard V\u00e1squez Jim\u00e9nez, dej\u00f3 inaugurada la Plaza de los Ca\u00eddos, as\u00ed como tambi\u00e9n [&hellip;]<\/p>\n","protected":false},"author":2,"featured_media":891,"comment_status":"open","ping_status":"open","sticky":false,"template":"","format":"standard","meta":{"footnotes":""},"categories":[220],"tags":[],"class_list":{"0":"post-890","1":"post","2":"type-post","3":"status-publish","4":"format-standard","5":"has-post-thumbnail","7":"category-nacionales"},"yoast_head":"<!-- This site is optimized with the Yoast SEO plugin v24.9 - https:\/\/yoast.com\/wordpress\/plugins\/seo\/ -->\n<title>FARD deja inaugurada Plaza de los Ca\u00eddos en la Base A\u00e9rea de Puerto Plata - BLG Noticias<\/title>\n<meta name=\"robots\" content=\"index, follow, max-snippet:-1, max-image-preview:large, max-video-preview:-1\" \/>\n<link rel=\"canonical\" href=\"https:\/\/blgnoticiassantodomingo.net\/index.php\/2019\/10\/26\/fard-deja-inaugurada-plaza-de-los-caidos-en-la-base-aerea-de-puerto-plata\/\" \/>\n<meta property=\"og:locale\" content=\"es_ES\" \/>\n<meta property=\"og:type\" content=\"article\" \/>\n<meta property=\"og:title\" content=\"FARD deja inaugurada Plaza de los Ca\u00eddos en la Base A\u00e9rea de Puerto Plata - BLG Noticias\" \/>\n<meta property=\"og:description\" content=\"Puerto Plata, 25 de octubre de 2019.- Con la presencia del Ministro de Defensa, Teniente General Rub\u00e9n Dar\u00edo Paulino Sem, ERD y el Alto Mando de las Fuerzas Armadas, el Comandante General de la Fuerza A\u00e9rea de Rep\u00fablica Dominicana, Mayor General Piloto Richard V\u00e1squez Jim\u00e9nez, dej\u00f3 inaugurada la Plaza de los Ca\u00eddos, as\u00ed como tambi\u00e9n [&hellip;]\" \/>\n<meta property=\"og:url\" content=\"https:\/\/blgnoticiassantodomingo.net\/index.php\/2019\/10\/26\/fard-deja-inaugurada-plaza-de-los-caidos-en-la-base-aerea-de-puerto-plata\/\" \/>\n<meta property=\"og:site_name\" content=\"BLG Noticias\" \/>\n<meta property=\"article:publisher\" content=\"https:\/\/web.facebook.com\/BlgNoticias\/?locale=es_LA&amp;_rdc=1&amp;_rdr\" \/>\n<meta property=\"article:published_time\" content=\"2019-10-26T00:04:17+00:00\" \/>\n<meta property=\"article:modified_time\" content=\"2019-10-26T00:04:18+00:00\" \/>\n<meta property=\"og:image\" content=\"https:\/\/blgnoticiassantodomingo.net\/wp-content\/uploads\/2019\/10\/WhatsApp-Image-2019-10-25-at-1.45.39-PM.jpeg\" \/>\n\t<meta property=\"og:image:width\" content=\"1024\" \/>\n\t<meta property=\"og:image:height\" content=\"768\" \/>\n\t<meta property=\"og:image:type\" content=\"image\/jpeg\" \/>\n<meta name=\"author\" content=\"Brenda Guerrero\" \/>\n<meta name=\"twitter:card\" content=\"summary_large_image\" \/>\n<meta name=\"twitter:creator\" content=\"@BlgNoticias\" \/>\n<meta name=\"twitter:site\" content=\"@BlgNoticias\" \/>\n<meta name=\"twitter:label1\" content=\"Escrito por\" \/>\n\t<meta name=\"twitter:data1\" content=\"Brenda Guerrero\" \/>\n\t<meta name=\"twitter:label2\" content=\"Tiempo de lectura\" \/>\n\t<meta name=\"twitter:data2\" content=\"4 minutos\" \/>\n<script type=\"application\/ld+json\" class=\"yoast-schema-graph\">{\"@context\":\"https:\/\/schema.org\",\"@graph\":[{\"@type\":\"Article\",\"@id\":\"https:\/\/blgnoticiassantodomingo.net\/index.php\/2019\/10\/26\/fard-deja-inaugurada-plaza-de-los-caidos-en-la-base-aerea-de-puerto-plata\/#article\",\"isPartOf\":{\"@id\":\"https:\/\/blgnoticiassantodomingo.net\/index.php\/2019\/10\/26\/fard-deja-inaugurada-plaza-de-los-caidos-en-la-base-aerea-de-puerto-plata\/\"},\"author\":{\"name\":\"Brenda Guerrero\",\"@id\":\"https:\/\/blgnoticiassantodomingo.net\/#\/schema\/person\/e2fc21cf88acc63dbd134be981bff374\"},\"headline\":\"FARD deja inaugurada Plaza de los Ca\u00eddos en la Base A\u00e9rea de Puerto Plata\",\"datePublished\":\"2019-10-26T00:04:17+00:00\",\"dateModified\":\"2019-10-26T00:04:18+00:00\",\"mainEntityOfPage\":{\"@id\":\"https:\/\/blgnoticiassantodomingo.net\/index.php\/2019\/10\/26\/fard-deja-inaugurada-plaza-de-los-caidos-en-la-base-aerea-de-puerto-plata\/\"},\"wordCount\":880,\"commentCount\":0,\"publisher\":{\"@id\":\"https:\/\/blgnoticiassantodomingo.net\/#organization\"},\"image\":{\"@id\":\"https:\/\/blgnoticiassantodomingo.net\/index.php\/2019\/10\/26\/fard-deja-inaugurada-plaza-de-los-caidos-en-la-base-aerea-de-puerto-plata\/#primaryimage\"},\"thumbnailUrl\":\"https:\/\/blgnoticiassantodomingo.net\/wp-content\/uploads\/2019\/10\/WhatsApp-Image-2019-10-25-at-1.45.39-PM.jpeg\",\"articleSection\":[\"Nacionales\"],\"inLanguage\":\"es\",\"potentialAction\":[{\"@type\":\"CommentAction\",\"name\":\"Comment\",\"target\":[\"https:\/\/blgnoticiassantodomingo.net\/index.php\/2019\/10\/26\/fard-deja-inaugurada-plaza-de-los-caidos-en-la-base-aerea-de-puerto-plata\/#respond\"]}]},{\"@type\":\"WebPage\",\"@id\":\"https:\/\/blgnoticiassantodomingo.net\/index.php\/2019\/10\/26\/fard-deja-inaugurada-plaza-de-los-caidos-en-la-base-aerea-de-puerto-plata\/\",\"url\":\"https:\/\/blgnoticiassantodomingo.net\/index.php\/2019\/10\/26\/fard-deja-inaugurada-plaza-de-los-caidos-en-la-base-aerea-de-puerto-plata\/\",\"name\":\"FARD deja inaugurada Plaza de los Ca\u00eddos en la Base A\u00e9rea de Puerto Plata - BLG Noticias\",\"isPartOf\":{\"@id\":\"https:\/\/blgnoticiassantodomingo.net\/#website\"},\"primaryImageOfPage\":{\"@id\":\"https:\/\/blgnoticiassantodomingo.net\/index.php\/2019\/10\/26\/fard-deja-inaugurada-plaza-de-los-caidos-en-la-base-aerea-de-puerto-plata\/#primaryimage\"},\"image\":{\"@id\":\"https:\/\/blgnoticiassantodomingo.net\/index.php\/2019\/10\/26\/fard-deja-inaugurada-plaza-de-los-caidos-en-la-base-aerea-de-puerto-plata\/#primaryimage\"},\"thumbnailUrl\":\"https:\/\/blgnoticiassantodomingo.net\/wp-content\/uploads\/2019\/10\/WhatsApp-Image-2019-10-25-at-1.45.39-PM.jpeg\",\"datePublished\":\"2019-10-26T00:04:17+00:00\",\"dateModified\":\"2019-10-26T00:04:18+00:00\",\"breadcrumb\":{\"@id\":\"https:\/\/blgnoticiassantodomingo.net\/index.php\/2019\/10\/26\/fard-deja-inaugurada-plaza-de-los-caidos-en-la-base-aerea-de-puerto-plata\/#breadcrumb\"},\"inLanguage\":\"es\",\"potentialAction\":[{\"@type\":\"ReadAction\",\"target\":[\"https:\/\/blgnoticiassantodomingo.net\/index.php\/2019\/10\/26\/fard-deja-inaugurada-plaza-de-los-caidos-en-la-base-aerea-de-puerto-plata\/\"]}]},{\"@type\":\"ImageObject\",\"inLanguage\":\"es\",\"@id\":\"https:\/\/blgnoticiassantodomingo.net\/index.php\/2019\/10\/26\/fard-deja-inaugurada-plaza-de-los-caidos-en-la-base-aerea-de-puerto-plata\/#primaryimage\",\"url\":\"https:\/\/blgnoticiassantodomingo.net\/wp-content\/uploads\/2019\/10\/WhatsApp-Image-2019-10-25-at-1.45.39-PM.jpeg\",\"contentUrl\":\"https:\/\/blgnoticiassantodomingo.net\/wp-content\/uploads\/2019\/10\/WhatsApp-Image-2019-10-25-at-1.45.39-PM.jpeg\",\"width\":1024,\"height\":768},{\"@type\":\"BreadcrumbList\",\"@id\":\"https:\/\/blgnoticiassantodomingo.net\/index.php\/2019\/10\/26\/fard-deja-inaugurada-plaza-de-los-caidos-en-la-base-aerea-de-puerto-plata\/#breadcrumb\",\"itemListElement\":[{\"@type\":\"ListItem\",\"position\":1,\"name\":\"Portada\",\"item\":\"https:\/\/blgnoticiassantodomingo.net\/\"},{\"@type\":\"ListItem\",\"position\":2,\"name\":\"FARD deja inaugurada Plaza de los Ca\u00eddos en la Base A\u00e9rea de Puerto Plata\"}]},{\"@type\":\"WebSite\",\"@id\":\"https:\/\/blgnoticiassantodomingo.net\/#website\",\"url\":\"https:\/\/blgnoticiassantodomingo.net\/\",\"name\":\"BLG Noticias\",\"description\":\"Esto es Noticias\",\"publisher\":{\"@id\":\"https:\/\/blgnoticiassantodomingo.net\/#organization\"},\"potentialAction\":[{\"@type\":\"SearchAction\",\"target\":{\"@type\":\"EntryPoint\",\"urlTemplate\":\"https:\/\/blgnoticiassantodomingo.net\/?s={search_term_string}\"},\"query-input\":{\"@type\":\"PropertyValueSpecification\",\"valueRequired\":true,\"valueName\":\"search_term_string\"}}],\"inLanguage\":\"es\"},{\"@type\":\"Organization\",\"@id\":\"https:\/\/blgnoticiassantodomingo.net\/#organization\",\"name\":\"BLG Noticias\",\"url\":\"https:\/\/blgnoticiassantodomingo.net\/\",\"logo\":{\"@type\":\"ImageObject\",\"inLanguage\":\"es\",\"@id\":\"https:\/\/blgnoticiassantodomingo.net\/#\/schema\/logo\/image\/\",\"url\":\"https:\/\/blgnoticiassantodomingo.net\/wp-content\/uploads\/2023\/12\/Diseno-sin-titulo-3.jpg\",\"contentUrl\":\"https:\/\/blgnoticiassantodomingo.net\/wp-content\/uploads\/2023\/12\/Diseno-sin-titulo-3.jpg\",\"width\":500,\"height\":500,\"caption\":\"BLG Noticias\"},\"image\":{\"@id\":\"https:\/\/blgnoticiassantodomingo.net\/#\/schema\/logo\/image\/\"},\"sameAs\":[\"https:\/\/web.facebook.com\/BlgNoticias\/?locale=es_LA&_rdc=1&_rdr\",\"https:\/\/x.com\/BlgNoticias\",\"https:\/\/www.linkedin.com\/in\/brenda-l-santana-aa846279\/\"]},{\"@type\":\"Person\",\"@id\":\"https:\/\/blgnoticiassantodomingo.net\/#\/schema\/person\/e2fc21cf88acc63dbd134be981bff374\",\"name\":\"Brenda Guerrero\",\"image\":{\"@type\":\"ImageObject\",\"inLanguage\":\"es\",\"@id\":\"https:\/\/blgnoticiassantodomingo.net\/#\/schema\/person\/image\/\",\"url\":\"https:\/\/secure.gravatar.com\/avatar\/2f7fc4c3e3655be1580cb684bfd8ab19be702ae20879da1e072021daa02f9b8b?s=96&d=wp_user_avatar&r=g\",\"contentUrl\":\"https:\/\/secure.gravatar.com\/avatar\/2f7fc4c3e3655be1580cb684bfd8ab19be702ae20879da1e072021daa02f9b8b?s=96&d=wp_user_avatar&r=g\",\"caption\":\"Brenda Guerrero\"},\"description\":\"Periodista\",\"url\":\"https:\/\/blgnoticiassantodomingo.net\/index.php\/author\/brenda-guerrero\/\"}]}<\/script>\n<!-- \/ Yoast SEO plugin. -->","yoast_head_json":{"title":"FARD deja inaugurada Plaza de los Ca\u00eddos en la Base A\u00e9rea de Puerto Plata - BLG Noticias","robots":{"index":"index","follow":"follow","max-snippet":"max-snippet:-1","max-image-preview":"max-image-preview:large","max-video-preview":"max-video-preview:-1"},"canonical":"https:\/\/blgnoticiassantodomingo.net\/index.php\/2019\/10\/26\/fard-deja-inaugurada-plaza-de-los-caidos-en-la-base-aerea-de-puerto-plata\/","og_locale":"es_ES","og_type":"article","og_title":"FARD deja inaugurada Plaza de los Ca\u00eddos en la Base A\u00e9rea de Puerto Plata - BLG Noticias","og_description":"Puerto Plata, 25 de octubre de 2019.- Con la presencia del Ministro de Defensa, Teniente General Rub\u00e9n Dar\u00edo Paulino Sem, ERD y el Alto Mando de las Fuerzas Armadas, el Comandante General de la Fuerza A\u00e9rea de Rep\u00fablica Dominicana, Mayor General Piloto Richard V\u00e1squez Jim\u00e9nez, dej\u00f3 inaugurada la Plaza de los Ca\u00eddos, as\u00ed como tambi\u00e9n [&hellip;]","og_url":"https:\/\/blgnoticiassantodomingo.net\/index.php\/2019\/10\/26\/fard-deja-inaugurada-plaza-de-los-caidos-en-la-base-aerea-de-puerto-plata\/","og_site_name":"BLG Noticias","article_publisher":"https:\/\/web.facebook.com\/BlgNoticias\/?locale=es_LA&_rdc=1&_rdr","article_published_time":"2019-10-26T00:04:17+00:00","article_modified_time":"2019-10-26T00:04:18+00:00","og_image":[{"width":1024,"height":768,"url":"https:\/\/blgnoticiassantodomingo.net\/wp-content\/uploads\/2019\/10\/WhatsApp-Image-2019-10-25-at-1.45.39-PM.jpeg","type":"image\/jpeg"}],"author":"Brenda Guerrero","twitter_card":"summary_large_image","twitter_creator":"@BlgNoticias","twitter_site":"@BlgNoticias","twitter_misc":{"Escrito por":"Brenda Guerrero","Tiempo de lectura":"4 minutos"},"schema":{"@context":"https:\/\/schema.org","@graph":[{"@type":"Article","@id":"https:\/\/blgnoticiassantodomingo.net\/index.php\/2019\/10\/26\/fard-deja-inaugurada-plaza-de-los-caidos-en-la-base-aerea-de-puerto-plata\/#article","isPartOf":{"@id":"https:\/\/blgnoticiassantodomingo.net\/index.php\/2019\/10\/26\/fard-deja-inaugurada-plaza-de-los-caidos-en-la-base-aerea-de-puerto-plata\/"},"author":{"name":"Brenda Guerrero","@id":"https:\/\/blgnoticiassantodomingo.net\/#\/schema\/person\/e2fc21cf88acc63dbd134be981bff374"},"headline":"FARD deja inaugurada Plaza de los Ca\u00eddos en la Base A\u00e9rea de Puerto Plata","datePublished":"2019-10-26T00:04:17+00:00","dateModified":"2019-10-26T00:04:18+00:00","mainEntityOfPage":{"@id":"https:\/\/blgnoticiassantodomingo.net\/index.php\/2019\/10\/26\/fard-deja-inaugurada-plaza-de-los-caidos-en-la-base-aerea-de-puerto-plata\/"},"wordCount":880,"commentCount":0,"publisher":{"@id":"https:\/\/blgnoticiassantodomingo.net\/#organization"},"image":{"@id":"https:\/\/blgnoticiassantodomingo.net\/index.php\/2019\/10\/26\/fard-deja-inaugurada-plaza-de-los-caidos-en-la-base-aerea-de-puerto-plata\/#primaryimage"},"thumbnailUrl":"https:\/\/blgnoticiassantodomingo.net\/wp-content\/uploads\/2019\/10\/WhatsApp-Image-2019-10-25-at-1.45.39-PM.jpeg","articleSection":["Nacionales"],"inLanguage":"es","potentialAction":[{"@type":"CommentAction","name":"Comment","target":["https:\/\/blgnoticiassantodomingo.net\/index.php\/2019\/10\/26\/fard-deja-inaugurada-plaza-de-los-caidos-en-la-base-aerea-de-puerto-plata\/#respond"]}]},{"@type":"WebPage","@id":"https:\/\/blgnoticiassantodomingo.net\/index.php\/2019\/10\/26\/fard-deja-inaugurada-plaza-de-los-caidos-en-la-base-aerea-de-puerto-plata\/","url":"https:\/\/blgnoticiassantodomingo.net\/index.php\/2019\/10\/26\/fard-deja-inaugurada-plaza-de-los-caidos-en-la-base-aerea-de-puerto-plata\/","name":"FARD deja inaugurada Plaza de los Ca\u00eddos en la Base A\u00e9rea de Puerto Plata - BLG Noticias","isPartOf":{"@id":"https:\/\/blgnoticiassantodomingo.net\/#website"},"primaryImageOfPage":{"@id":"https:\/\/blgnoticiassantodomingo.net\/index.php\/2019\/10\/26\/fard-deja-inaugurada-plaza-de-los-caidos-en-la-base-aerea-de-puerto-plata\/#primaryimage"},"image":{"@id":"https:\/\/blgnoticiassantodomingo.net\/index.php\/2019\/10\/26\/fard-deja-inaugurada-plaza-de-los-caidos-en-la-base-aerea-de-puerto-plata\/#primaryimage"},"thumbnailUrl":"https:\/\/blgnoticiassantodomingo.net\/wp-content\/uploads\/2019\/10\/WhatsApp-Image-2019-10-25-at-1.45.39-PM.jpeg","datePublished":"2019-10-26T00:04:17+00:00","dateModified":"2019-10-26T00:04:18+00:00","breadcrumb":{"@id":"https:\/\/blgnoticiassantodomingo.net\/index.php\/2019\/10\/26\/fard-deja-inaugurada-plaza-de-los-caidos-en-la-base-aerea-de-puerto-plata\/#breadcrumb"},"inLanguage":"es","potentialAction":[{"@type":"ReadAction","target":["https:\/\/blgnoticiassantodomingo.net\/index.php\/2019\/10\/26\/fard-deja-inaugurada-plaza-de-los-caidos-en-la-base-aerea-de-puerto-plata\/"]}]},{"@type":"ImageObject","inLanguage":"es","@id":"https:\/\/blgnoticiassantodomingo.net\/index.php\/2019\/10\/26\/fard-deja-inaugurada-plaza-de-los-caidos-en-la-base-aerea-de-puerto-plata\/#primaryimage","url":"https:\/\/blgnoticiassantodomingo.net\/wp-content\/uploads\/2019\/10\/WhatsApp-Image-2019-10-25-at-1.45.39-PM.jpeg","contentUrl":"https:\/\/blgnoticiassantodomingo.net\/wp-content\/uploads\/2019\/10\/WhatsApp-Image-2019-10-25-at-1.45.39-PM.jpeg","width":1024,"height":768},{"@type":"BreadcrumbList","@id":"https:\/\/blgnoticiassantodomingo.net\/index.php\/2019\/10\/26\/fard-deja-inaugurada-plaza-de-los-caidos-en-la-base-aerea-de-puerto-plata\/#breadcrumb","itemListElement":[{"@type":"ListItem","position":1,"name":"Portada","item":"https:\/\/blgnoticiassantodomingo.net\/"},{"@type":"ListItem","position":2,"name":"FARD deja inaugurada Plaza de los Ca\u00eddos en la Base A\u00e9rea de Puerto Plata"}]},{"@type":"WebSite","@id":"https:\/\/blgnoticiassantodomingo.net\/#website","url":"https:\/\/blgnoticiassantodomingo.net\/","name":"BLG Noticias","description":"Esto es Noticias","publisher":{"@id":"https:\/\/blgnoticiassantodomingo.net\/#organization"},"potentialAction":[{"@type":"SearchAction","target":{"@type":"EntryPoint","urlTemplate":"https:\/\/blgnoticiassantodomingo.net\/?s={search_term_string}"},"query-input":{"@type":"PropertyValueSpecification","valueRequired":true,"valueName":"search_term_string"}}],"inLanguage":"es"},{"@type":"Organization","@id":"https:\/\/blgnoticiassantodomingo.net\/#organization","name":"BLG Noticias","url":"https:\/\/blgnoticiassantodomingo.net\/","logo":{"@type":"ImageObject","inLanguage":"es","@id":"https:\/\/blgnoticiassantodomingo.net\/#\/schema\/logo\/image\/","url":"https:\/\/blgnoticiassantodomingo.net\/wp-content\/uploads\/2023\/12\/Diseno-sin-titulo-3.jpg","contentUrl":"https:\/\/blgnoticiassantodomingo.net\/wp-content\/uploads\/2023\/12\/Diseno-sin-titulo-3.jpg","width":500,"height":500,"caption":"BLG Noticias"},"image":{"@id":"https:\/\/blgnoticiassantodomingo.net\/#\/schema\/logo\/image\/"},"sameAs":["https:\/\/web.facebook.com\/BlgNoticias\/?locale=es_LA&_rdc=1&_rdr","https:\/\/x.com\/BlgNoticias","https:\/\/www.linkedin.com\/in\/brenda-l-santana-aa846279\/"]},{"@type":"Person","@id":"https:\/\/blgnoticiassantodomingo.net\/#\/schema\/person\/e2fc21cf88acc63dbd134be981bff374","name":"Brenda Guerrero","image":{"@type":"ImageObject","inLanguage":"es","@id":"https:\/\/blgnoticiassantodomingo.net\/#\/schema\/person\/image\/","url":"https:\/\/secure.gravatar.com\/avatar\/2f7fc4c3e3655be1580cb684bfd8ab19be702ae20879da1e072021daa02f9b8b?s=96&d=wp_user_avatar&r=g","contentUrl":"https:\/\/secure.gravatar.com\/avatar\/2f7fc4c3e3655be1580cb684bfd8ab19be702ae20879da1e072021daa02f9b8b?s=96&d=wp_user_avatar&r=g","caption":"Brenda Guerrero"},"description":"Periodista","url":"https:\/\/blgnoticiassantodomingo.net\/index.php\/author\/brenda-guerrero\/"}]}},"jetpack_featured_media_url":"https:\/\/blgnoticiassantodomingo.net\/wp-content\/uploads\/2019\/10\/WhatsApp-Image-2019-10-25-at-1.45.39-PM.jpeg","_links":{"self":[{"href":"https:\/\/blgnoticiassantodomingo.net\/index.php\/wp-json\/wp\/v2\/posts\/890","targetHints":{"allow":["GET"]}}],"collection":[{"href":"https:\/\/blgnoticiassantodomingo.net\/index.php\/wp-json\/wp\/v2\/posts"}],"about":[{"href":"https:\/\/blgnoticiassantodomingo.net\/index.php\/wp-json\/wp\/v2\/types\/post"}],"author":[{"embeddable":true,"href":"https:\/\/blgnoticiassantodomingo.net\/index.php\/wp-json\/wp\/v2\/users\/2"}],"replies":[{"embeddable":true,"href":"https:\/\/blgnoticiassantodomingo.net\/index.php\/wp-json\/wp\/v2\/comments?post=890"}],"version-history":[{"count":1,"href":"https:\/\/blgnoticiassantodomingo.net\/index.php\/wp-json\/wp\/v2\/posts\/890\/revisions"}],"predecessor-version":[{"id":895,"href":"https:\/\/blgnoticiassantodomingo.net\/index.php\/wp-json\/wp\/v2\/posts\/890\/revisions\/895"}],"wp:featuredmedia":[{"embeddable":true,"href":"https:\/\/blgnoticiassantodomingo.net\/index.php\/wp-json\/wp\/v2\/media\/891"}],"wp:attachment":[{"href":"https:\/\/blgnoticiassantodomingo.net\/index.php\/wp-json\/wp\/v2\/media?parent=890"}],"wp:term":[{"taxonomy":"category","embeddable":true,"href":"https:\/\/blgnoticiassantodomingo.net\/index.php\/wp-json\/wp\/v2\/categories?post=890"},{"taxonomy":"post_tag","embeddable":true,"href":"https:\/\/blgnoticiassantodomingo.net\/index.php\/wp-json\/wp\/v2\/tags?post=890"}],"curies":[{"name":"wp","href":"https:\/\/api.w.org\/{rel}","templated":true}]}}