{"id":7802,"date":"2020-03-19T02:25:49","date_gmt":"2020-03-19T02:25:49","guid":{"rendered":"http:\/\/blgnoticiassantodomingo.net\/?p=7802"},"modified":"2020-03-19T02:25:50","modified_gmt":"2020-03-19T02:25:50","slug":"leonel-plantea-acciones-adicionales-compensen-a-sectores-vulnerables-por-coronavirus","status":"publish","type":"post","link":"https:\/\/blgnoticiassantodomingo.net\/index.php\/2020\/03\/19\/leonel-plantea-acciones-adicionales-compensen-a-sectores-vulnerables-por-coronavirus\/","title":{"rendered":"Leonel plantea acciones adicionales compensen a sectores vulnerables por coronavirus"},"content":{"rendered":"\n<p><strong>EFE<\/strong><\/p>\n\n\n\n<p>El expresidente Leonel Fern\u00e1ndez propuso este mi\u00e9rcoles que para hacer frente en el pa\u00eds al coronavirus hay que aprobar una ley de congelaci\u00f3n temporal de precios a los productos de la canasta b\u00e1sica, as\u00ed como solicitar a los organismos multilaterales una \u201crenegociaci\u00f3n cautelar\u201d del servicio de la deuda externa de este a\u00f1o.<\/p>\n\n\n\n<p>Fern\u00e1ndez, quien dirigi\u00f3 una alocuci\u00f3n por medios televisivos y redes sociales, asegur\u00f3 que esa deuda multilateral es de 5.025 millones de d\u00f3lares.<\/p>\n\n\n\n<p>El candidato presidencial de la Fuerza del Pueblo tambi\u00e9n propuso liberar un monto del encaje legal con tasa de inter\u00e9s preferencial para cr\u00e9ditos a empresas productoras de alimentos, a fin de evitar desabastecimiento.<\/p>\n\n\n\n<p>Asimismo, reducir temporalmente en un 50 % la cotizaci\u00f3n de los trabajadores y de las empresas a la seguridad social, a fin de que dispongan de liquidez, adem\u00e1s de que se garantice el pago salarial a todos los servidores p\u00fablicos afectados por la enfermedad.<\/p>\n\n\n\n<p>Otra de las medidas planteadas por Fern\u00e1ndez para combatir el COVID-19 en el pa\u00eds, es la de establecer un subsidio abonado por el Sistema Nacional de Seguridad Social pagado desde el primer d\u00eda de la inasistencia del trabajador a la empresa, independientemente del n\u00famero de cotizaciones pagados por el trabajador.<\/p>\n\n\n\n<p>En ese orden, agreg\u00f3 que ese subsidio sea igual al salario que devenga el trabajador al momento de que las autoridades sanitarias lo sometan a pruebas cl\u00ednicas por sospecha de la enfermedad y hasta que el paciente sea dado de alta.<\/p>\n\n\n\n<p>El exjefe de Estado propuso, adem\u00e1s, reprogramar deudas tributarias de las empresas; condonar el pago de intereses por el tiempo que dure la situaci\u00f3n de emergencia nacional y otorgar una gracia de dos meses al pago de capital a los pr\u00e9stamos del Banco Agr\u00edcola, Banca Solidaria y Promipyme.<\/p>\n\n\n\n<p>Asimismo, reprogramar el pago del anticipo del Impuesto Sobre la Renta de las medianas y peque\u00f1as empresas, y que sean redimidas las moras de tarjetas de cr\u00e9dito, desde este momento, hasta un per\u00edodo de dos meses.<\/p>\n\n\n\n<p>Plante\u00f3, adem\u00e1s, aumentar de manera temporal la tarjeta de Solidaridad hasta que las autoridades sanitarias declaren el fin de la crisis.<\/p>\n\n\n\n<p>\u201cSe debe especificar en una de las ventanas de la tarjeta que se trata de una transferencia diferente de la que se recibe normalmente\u201d, refiri\u00f3.<\/p>\n\n\n\n<p>Favoreci\u00f3, asimismo, que la Junta Monetaria flexibilice el Reglamento de Evaluaci\u00f3n de Activos para que la mora de los sectores afectados (especialmente el turismo) no implique castigar la cartera de los bancos comerciales.<\/p>\n\n\n\n<p>Fern\u00e1ndez, por otra parte, salud\u00f3 el conjunto de medidas anunciadas por el Gobierno, dirigidas a contener la pandemia del coronavirus y mitigar los efectos econ\u00f3micos derivados de ella.<\/p>\n\n\n\n<p>\u201cSe hace imprescindible que en estos momentos de adversidad, guiados por la mano del Todopoderoso, actuemos juntos como naci\u00f3n fuerte, sensible y solidaria\u201d, afirm\u00f3.<\/p>\n\n\n\n<p>Destac\u00f3 que \u201cconforme a diversos an\u00e1lisis de prestigiosos economistas, la pandemia del COVID-19, no solo provocar\u00e1 estragos en la salud, sino que tambi\u00e9n conducir\u00e1 a una situaci\u00f3n de notable reducci\u00f3n del dinamismo de la econom\u00eda mundial, hasta poder llegar, inclusive, a convertirse en una recesi\u00f3n global\u201d.<\/p>\n\n\n\n<p>Refiri\u00f3 Fern\u00e1ndez que como sociedad, \u201ctodos estamos obligados a encontrar f\u00f3rmulas de c\u00f3mo proteger a las personas que quedar\u00e1n sin trabajo, como, por ejemplo, a los empleados de hoteles, bares y restaurantes; los trabajadores de peque\u00f1as y micro empresas; y hasta los choferes del transporte p\u00fablico, motoconchistas y trabajadores informales, quienes ver\u00e1n disminuir su n\u00famero de clientes\u201d.<\/p>\n\n\n\n<p>En ese mismo orden, dijo que hay que cuidar de la situaci\u00f3n de los que se van a quedar sin ingresos, como es el caso de los agricultores que venden las frutas y vegetales en el mercado nacional, o el de los ganaderos y sus empleados que producen y venden carne y leche.<\/p>\n\n\n\n<p>Subray\u00f3 que los actuales, son momentos de desaf\u00edos e incertidumbre que con m\u00e1s fuerza se requiere arriar las banderas del particularismo y deponer los intereses personales a los fines de, como demandan los tiempos, unirnos como una sola naci\u00f3n.<\/p>\n\n\n\n<p>\u201cTengan la certeza de que en estas circunstancias de ansiedad contar\u00e1n siempre con el esfuerzo solidario de los hombres y mujeres que integran la Fuerza del Pueblo\u201d, concluy\u00f3 Fern\u00e1ndez.<\/p>\n","protected":false},"excerpt":{"rendered":"<p>EFE El expresidente Leonel Fern\u00e1ndez propuso este mi\u00e9rcoles que para hacer frente en el pa\u00eds al coronavirus hay que aprobar una ley de congelaci\u00f3n temporal de precios a los productos de la canasta b\u00e1sica, as\u00ed como solicitar a los organismos multilaterales una \u201crenegociaci\u00f3n cautelar\u201d del servicio de la deuda externa de este a\u00f1o. Fern\u00e1ndez, quien [&hellip;]<\/p>\n","protected":false},"author":2,"featured_media":7803,"comment_status":"open","ping_status":"open","sticky":false,"template":"","format":"standard","meta":{"footnotes":""},"categories":[226],"tags":[1197,227],"class_list":{"0":"post-7802","1":"post","2":"type-post","3":"status-publish","4":"format-standard","5":"has-post-thumbnail","7":"category-politica","8":"tag-coronavirus","9":"tag-leonel-fernandez"},"yoast_head":"<!-- This site is optimized with the Yoast SEO plugin v24.9 - https:\/\/yoast.com\/wordpress\/plugins\/seo\/ -->\n<title>Leonel plantea acciones adicionales compensen a sectores vulnerables por coronavirus - BLG Noticias<\/title>\n<meta name=\"robots\" content=\"index, follow, max-snippet:-1, max-image-preview:large, max-video-preview:-1\" \/>\n<link rel=\"canonical\" href=\"https:\/\/blgnoticiassantodomingo.net\/index.php\/2020\/03\/19\/leonel-plantea-acciones-adicionales-compensen-a-sectores-vulnerables-por-coronavirus\/\" \/>\n<meta property=\"og:locale\" content=\"es_ES\" \/>\n<meta property=\"og:type\" content=\"article\" \/>\n<meta property=\"og:title\" content=\"Leonel plantea acciones adicionales compensen a sectores vulnerables por coronavirus - BLG Noticias\" \/>\n<meta property=\"og:description\" content=\"EFE El expresidente Leonel Fern\u00e1ndez propuso este mi\u00e9rcoles que para hacer frente en el pa\u00eds al coronavirus hay que aprobar una ley de congelaci\u00f3n temporal de precios a los productos de la canasta b\u00e1sica, as\u00ed como solicitar a los organismos multilaterales una \u201crenegociaci\u00f3n cautelar\u201d del servicio de la deuda externa de este a\u00f1o. Fern\u00e1ndez, quien [&hellip;]\" \/>\n<meta property=\"og:url\" content=\"https:\/\/blgnoticiassantodomingo.net\/index.php\/2020\/03\/19\/leonel-plantea-acciones-adicionales-compensen-a-sectores-vulnerables-por-coronavirus\/\" \/>\n<meta property=\"og:site_name\" content=\"BLG Noticias\" \/>\n<meta property=\"article:publisher\" content=\"https:\/\/web.facebook.com\/BlgNoticias\/?locale=es_LA&amp;_rdc=1&amp;_rdr\" \/>\n<meta property=\"article:published_time\" content=\"2020-03-19T02:25:49+00:00\" \/>\n<meta property=\"article:modified_time\" content=\"2020-03-19T02:25:50+00:00\" \/>\n<meta property=\"og:image\" content=\"https:\/\/blgnoticiassantodomingo.net\/wp-content\/uploads\/2020\/03\/leonel-1.jpg\" \/>\n\t<meta property=\"og:image:width\" content=\"1173\" \/>\n\t<meta property=\"og:image:height\" content=\"664\" \/>\n\t<meta property=\"og:image:type\" content=\"image\/jpeg\" \/>\n<meta name=\"author\" content=\"Brenda Guerrero\" \/>\n<meta name=\"twitter:card\" content=\"summary_large_image\" \/>\n<meta name=\"twitter:creator\" content=\"@BlgNoticias\" \/>\n<meta name=\"twitter:site\" content=\"@BlgNoticias\" \/>\n<meta name=\"twitter:label1\" content=\"Escrito por\" \/>\n\t<meta name=\"twitter:data1\" content=\"Brenda Guerrero\" \/>\n\t<meta name=\"twitter:label2\" content=\"Tiempo de lectura\" \/>\n\t<meta name=\"twitter:data2\" content=\"4 minutos\" \/>\n<script type=\"application\/ld+json\" class=\"yoast-schema-graph\">{\"@context\":\"https:\/\/schema.org\",\"@graph\":[{\"@type\":\"Article\",\"@id\":\"https:\/\/blgnoticiassantodomingo.net\/index.php\/2020\/03\/19\/leonel-plantea-acciones-adicionales-compensen-a-sectores-vulnerables-por-coronavirus\/#article\",\"isPartOf\":{\"@id\":\"https:\/\/blgnoticiassantodomingo.net\/index.php\/2020\/03\/19\/leonel-plantea-acciones-adicionales-compensen-a-sectores-vulnerables-por-coronavirus\/\"},\"author\":{\"name\":\"Brenda Guerrero\",\"@id\":\"https:\/\/blgnoticiassantodomingo.net\/#\/schema\/person\/e2fc21cf88acc63dbd134be981bff374\"},\"headline\":\"Leonel plantea acciones adicionales compensen a sectores vulnerables por coronavirus\",\"datePublished\":\"2020-03-19T02:25:49+00:00\",\"dateModified\":\"2020-03-19T02:25:50+00:00\",\"mainEntityOfPage\":{\"@id\":\"https:\/\/blgnoticiassantodomingo.net\/index.php\/2020\/03\/19\/leonel-plantea-acciones-adicionales-compensen-a-sectores-vulnerables-por-coronavirus\/\"},\"wordCount\":742,\"commentCount\":0,\"publisher\":{\"@id\":\"https:\/\/blgnoticiassantodomingo.net\/#organization\"},\"image\":{\"@id\":\"https:\/\/blgnoticiassantodomingo.net\/index.php\/2020\/03\/19\/leonel-plantea-acciones-adicionales-compensen-a-sectores-vulnerables-por-coronavirus\/#primaryimage\"},\"thumbnailUrl\":\"https:\/\/blgnoticiassantodomingo.net\/wp-content\/uploads\/2020\/03\/leonel-1.jpg\",\"keywords\":[\"Coronavirus\",\"Leonel Fernandez\"],\"articleSection\":[\"Politica\"],\"inLanguage\":\"es\",\"potentialAction\":[{\"@type\":\"CommentAction\",\"name\":\"Comment\",\"target\":[\"https:\/\/blgnoticiassantodomingo.net\/index.php\/2020\/03\/19\/leonel-plantea-acciones-adicionales-compensen-a-sectores-vulnerables-por-coronavirus\/#respond\"]}]},{\"@type\":\"WebPage\",\"@id\":\"https:\/\/blgnoticiassantodomingo.net\/index.php\/2020\/03\/19\/leonel-plantea-acciones-adicionales-compensen-a-sectores-vulnerables-por-coronavirus\/\",\"url\":\"https:\/\/blgnoticiassantodomingo.net\/index.php\/2020\/03\/19\/leonel-plantea-acciones-adicionales-compensen-a-sectores-vulnerables-por-coronavirus\/\",\"name\":\"Leonel plantea acciones adicionales compensen a sectores vulnerables por coronavirus - BLG Noticias\",\"isPartOf\":{\"@id\":\"https:\/\/blgnoticiassantodomingo.net\/#website\"},\"primaryImageOfPage\":{\"@id\":\"https:\/\/blgnoticiassantodomingo.net\/index.php\/2020\/03\/19\/leonel-plantea-acciones-adicionales-compensen-a-sectores-vulnerables-por-coronavirus\/#primaryimage\"},\"image\":{\"@id\":\"https:\/\/blgnoticiassantodomingo.net\/index.php\/2020\/03\/19\/leonel-plantea-acciones-adicionales-compensen-a-sectores-vulnerables-por-coronavirus\/#primaryimage\"},\"thumbnailUrl\":\"https:\/\/blgnoticiassantodomingo.net\/wp-content\/uploads\/2020\/03\/leonel-1.jpg\",\"datePublished\":\"2020-03-19T02:25:49+00:00\",\"dateModified\":\"2020-03-19T02:25:50+00:00\",\"breadcrumb\":{\"@id\":\"https:\/\/blgnoticiassantodomingo.net\/index.php\/2020\/03\/19\/leonel-plantea-acciones-adicionales-compensen-a-sectores-vulnerables-por-coronavirus\/#breadcrumb\"},\"inLanguage\":\"es\",\"potentialAction\":[{\"@type\":\"ReadAction\",\"target\":[\"https:\/\/blgnoticiassantodomingo.net\/index.php\/2020\/03\/19\/leonel-plantea-acciones-adicionales-compensen-a-sectores-vulnerables-por-coronavirus\/\"]}]},{\"@type\":\"ImageObject\",\"inLanguage\":\"es\",\"@id\":\"https:\/\/blgnoticiassantodomingo.net\/index.php\/2020\/03\/19\/leonel-plantea-acciones-adicionales-compensen-a-sectores-vulnerables-por-coronavirus\/#primaryimage\",\"url\":\"https:\/\/blgnoticiassantodomingo.net\/wp-content\/uploads\/2020\/03\/leonel-1.jpg\",\"contentUrl\":\"https:\/\/blgnoticiassantodomingo.net\/wp-content\/uploads\/2020\/03\/leonel-1.jpg\",\"width\":1173,\"height\":664},{\"@type\":\"BreadcrumbList\",\"@id\":\"https:\/\/blgnoticiassantodomingo.net\/index.php\/2020\/03\/19\/leonel-plantea-acciones-adicionales-compensen-a-sectores-vulnerables-por-coronavirus\/#breadcrumb\",\"itemListElement\":[{\"@type\":\"ListItem\",\"position\":1,\"name\":\"Portada\",\"item\":\"https:\/\/blgnoticiassantodomingo.net\/\"},{\"@type\":\"ListItem\",\"position\":2,\"name\":\"Leonel plantea acciones adicionales compensen a sectores vulnerables por coronavirus\"}]},{\"@type\":\"WebSite\",\"@id\":\"https:\/\/blgnoticiassantodomingo.net\/#website\",\"url\":\"https:\/\/blgnoticiassantodomingo.net\/\",\"name\":\"BLG Noticias\",\"description\":\"Esto es Noticias\",\"publisher\":{\"@id\":\"https:\/\/blgnoticiassantodomingo.net\/#organization\"},\"potentialAction\":[{\"@type\":\"SearchAction\",\"target\":{\"@type\":\"EntryPoint\",\"urlTemplate\":\"https:\/\/blgnoticiassantodomingo.net\/?s={search_term_string}\"},\"query-input\":{\"@type\":\"PropertyValueSpecification\",\"valueRequired\":true,\"valueName\":\"search_term_string\"}}],\"inLanguage\":\"es\"},{\"@type\":\"Organization\",\"@id\":\"https:\/\/blgnoticiassantodomingo.net\/#organization\",\"name\":\"BLG Noticias\",\"url\":\"https:\/\/blgnoticiassantodomingo.net\/\",\"logo\":{\"@type\":\"ImageObject\",\"inLanguage\":\"es\",\"@id\":\"https:\/\/blgnoticiassantodomingo.net\/#\/schema\/logo\/image\/\",\"url\":\"https:\/\/blgnoticiassantodomingo.net\/wp-content\/uploads\/2023\/12\/Diseno-sin-titulo-3.jpg\",\"contentUrl\":\"https:\/\/blgnoticiassantodomingo.net\/wp-content\/uploads\/2023\/12\/Diseno-sin-titulo-3.jpg\",\"width\":500,\"height\":500,\"caption\":\"BLG Noticias\"},\"image\":{\"@id\":\"https:\/\/blgnoticiassantodomingo.net\/#\/schema\/logo\/image\/\"},\"sameAs\":[\"https:\/\/web.facebook.com\/BlgNoticias\/?locale=es_LA&_rdc=1&_rdr\",\"https:\/\/x.com\/BlgNoticias\",\"https:\/\/www.linkedin.com\/in\/brenda-l-santana-aa846279\/\"]},{\"@type\":\"Person\",\"@id\":\"https:\/\/blgnoticiassantodomingo.net\/#\/schema\/person\/e2fc21cf88acc63dbd134be981bff374\",\"name\":\"Brenda Guerrero\",\"image\":{\"@type\":\"ImageObject\",\"inLanguage\":\"es\",\"@id\":\"https:\/\/blgnoticiassantodomingo.net\/#\/schema\/person\/image\/\",\"url\":\"https:\/\/secure.gravatar.com\/avatar\/2f7fc4c3e3655be1580cb684bfd8ab19be702ae20879da1e072021daa02f9b8b?s=96&d=wp_user_avatar&r=g\",\"contentUrl\":\"https:\/\/secure.gravatar.com\/avatar\/2f7fc4c3e3655be1580cb684bfd8ab19be702ae20879da1e072021daa02f9b8b?s=96&d=wp_user_avatar&r=g\",\"caption\":\"Brenda Guerrero\"},\"description\":\"Periodista\",\"url\":\"https:\/\/blgnoticiassantodomingo.net\/index.php\/author\/brenda-guerrero\/\"}]}<\/script>\n<!-- \/ Yoast SEO plugin. -->","yoast_head_json":{"title":"Leonel plantea acciones adicionales compensen a sectores vulnerables por coronavirus - BLG Noticias","robots":{"index":"index","follow":"follow","max-snippet":"max-snippet:-1","max-image-preview":"max-image-preview:large","max-video-preview":"max-video-preview:-1"},"canonical":"https:\/\/blgnoticiassantodomingo.net\/index.php\/2020\/03\/19\/leonel-plantea-acciones-adicionales-compensen-a-sectores-vulnerables-por-coronavirus\/","og_locale":"es_ES","og_type":"article","og_title":"Leonel plantea acciones adicionales compensen a sectores vulnerables por coronavirus - BLG Noticias","og_description":"EFE El expresidente Leonel Fern\u00e1ndez propuso este mi\u00e9rcoles que para hacer frente en el pa\u00eds al coronavirus hay que aprobar una ley de congelaci\u00f3n temporal de precios a los productos de la canasta b\u00e1sica, as\u00ed como solicitar a los organismos multilaterales una \u201crenegociaci\u00f3n cautelar\u201d del servicio de la deuda externa de este a\u00f1o. Fern\u00e1ndez, quien [&hellip;]","og_url":"https:\/\/blgnoticiassantodomingo.net\/index.php\/2020\/03\/19\/leonel-plantea-acciones-adicionales-compensen-a-sectores-vulnerables-por-coronavirus\/","og_site_name":"BLG Noticias","article_publisher":"https:\/\/web.facebook.com\/BlgNoticias\/?locale=es_LA&_rdc=1&_rdr","article_published_time":"2020-03-19T02:25:49+00:00","article_modified_time":"2020-03-19T02:25:50+00:00","og_image":[{"width":1173,"height":664,"url":"https:\/\/blgnoticiassantodomingo.net\/wp-content\/uploads\/2020\/03\/leonel-1.jpg","type":"image\/jpeg"}],"author":"Brenda Guerrero","twitter_card":"summary_large_image","twitter_creator":"@BlgNoticias","twitter_site":"@BlgNoticias","twitter_misc":{"Escrito por":"Brenda Guerrero","Tiempo de lectura":"4 minutos"},"schema":{"@context":"https:\/\/schema.org","@graph":[{"@type":"Article","@id":"https:\/\/blgnoticiassantodomingo.net\/index.php\/2020\/03\/19\/leonel-plantea-acciones-adicionales-compensen-a-sectores-vulnerables-por-coronavirus\/#article","isPartOf":{"@id":"https:\/\/blgnoticiassantodomingo.net\/index.php\/2020\/03\/19\/leonel-plantea-acciones-adicionales-compensen-a-sectores-vulnerables-por-coronavirus\/"},"author":{"name":"Brenda Guerrero","@id":"https:\/\/blgnoticiassantodomingo.net\/#\/schema\/person\/e2fc21cf88acc63dbd134be981bff374"},"headline":"Leonel plantea acciones adicionales compensen a sectores vulnerables por coronavirus","datePublished":"2020-03-19T02:25:49+00:00","dateModified":"2020-03-19T02:25:50+00:00","mainEntityOfPage":{"@id":"https:\/\/blgnoticiassantodomingo.net\/index.php\/2020\/03\/19\/leonel-plantea-acciones-adicionales-compensen-a-sectores-vulnerables-por-coronavirus\/"},"wordCount":742,"commentCount":0,"publisher":{"@id":"https:\/\/blgnoticiassantodomingo.net\/#organization"},"image":{"@id":"https:\/\/blgnoticiassantodomingo.net\/index.php\/2020\/03\/19\/leonel-plantea-acciones-adicionales-compensen-a-sectores-vulnerables-por-coronavirus\/#primaryimage"},"thumbnailUrl":"https:\/\/blgnoticiassantodomingo.net\/wp-content\/uploads\/2020\/03\/leonel-1.jpg","keywords":["Coronavirus","Leonel Fernandez"],"articleSection":["Politica"],"inLanguage":"es","potentialAction":[{"@type":"CommentAction","name":"Comment","target":["https:\/\/blgnoticiassantodomingo.net\/index.php\/2020\/03\/19\/leonel-plantea-acciones-adicionales-compensen-a-sectores-vulnerables-por-coronavirus\/#respond"]}]},{"@type":"WebPage","@id":"https:\/\/blgnoticiassantodomingo.net\/index.php\/2020\/03\/19\/leonel-plantea-acciones-adicionales-compensen-a-sectores-vulnerables-por-coronavirus\/","url":"https:\/\/blgnoticiassantodomingo.net\/index.php\/2020\/03\/19\/leonel-plantea-acciones-adicionales-compensen-a-sectores-vulnerables-por-coronavirus\/","name":"Leonel plantea acciones adicionales compensen a sectores vulnerables por coronavirus - BLG Noticias","isPartOf":{"@id":"https:\/\/blgnoticiassantodomingo.net\/#website"},"primaryImageOfPage":{"@id":"https:\/\/blgnoticiassantodomingo.net\/index.php\/2020\/03\/19\/leonel-plantea-acciones-adicionales-compensen-a-sectores-vulnerables-por-coronavirus\/#primaryimage"},"image":{"@id":"https:\/\/blgnoticiassantodomingo.net\/index.php\/2020\/03\/19\/leonel-plantea-acciones-adicionales-compensen-a-sectores-vulnerables-por-coronavirus\/#primaryimage"},"thumbnailUrl":"https:\/\/blgnoticiassantodomingo.net\/wp-content\/uploads\/2020\/03\/leonel-1.jpg","datePublished":"2020-03-19T02:25:49+00:00","dateModified":"2020-03-19T02:25:50+00:00","breadcrumb":{"@id":"https:\/\/blgnoticiassantodomingo.net\/index.php\/2020\/03\/19\/leonel-plantea-acciones-adicionales-compensen-a-sectores-vulnerables-por-coronavirus\/#breadcrumb"},"inLanguage":"es","potentialAction":[{"@type":"ReadAction","target":["https:\/\/blgnoticiassantodomingo.net\/index.php\/2020\/03\/19\/leonel-plantea-acciones-adicionales-compensen-a-sectores-vulnerables-por-coronavirus\/"]}]},{"@type":"ImageObject","inLanguage":"es","@id":"https:\/\/blgnoticiassantodomingo.net\/index.php\/2020\/03\/19\/leonel-plantea-acciones-adicionales-compensen-a-sectores-vulnerables-por-coronavirus\/#primaryimage","url":"https:\/\/blgnoticiassantodomingo.net\/wp-content\/uploads\/2020\/03\/leonel-1.jpg","contentUrl":"https:\/\/blgnoticiassantodomingo.net\/wp-content\/uploads\/2020\/03\/leonel-1.jpg","width":1173,"height":664},{"@type":"BreadcrumbList","@id":"https:\/\/blgnoticiassantodomingo.net\/index.php\/2020\/03\/19\/leonel-plantea-acciones-adicionales-compensen-a-sectores-vulnerables-por-coronavirus\/#breadcrumb","itemListElement":[{"@type":"ListItem","position":1,"name":"Portada","item":"https:\/\/blgnoticiassantodomingo.net\/"},{"@type":"ListItem","position":2,"name":"Leonel plantea acciones adicionales compensen a sectores vulnerables por coronavirus"}]},{"@type":"WebSite","@id":"https:\/\/blgnoticiassantodomingo.net\/#website","url":"https:\/\/blgnoticiassantodomingo.net\/","name":"BLG Noticias","description":"Esto es Noticias","publisher":{"@id":"https:\/\/blgnoticiassantodomingo.net\/#organization"},"potentialAction":[{"@type":"SearchAction","target":{"@type":"EntryPoint","urlTemplate":"https:\/\/blgnoticiassantodomingo.net\/?s={search_term_string}"},"query-input":{"@type":"PropertyValueSpecification","valueRequired":true,"valueName":"search_term_string"}}],"inLanguage":"es"},{"@type":"Organization","@id":"https:\/\/blgnoticiassantodomingo.net\/#organization","name":"BLG Noticias","url":"https:\/\/blgnoticiassantodomingo.net\/","logo":{"@type":"ImageObject","inLanguage":"es","@id":"https:\/\/blgnoticiassantodomingo.net\/#\/schema\/logo\/image\/","url":"https:\/\/blgnoticiassantodomingo.net\/wp-content\/uploads\/2023\/12\/Diseno-sin-titulo-3.jpg","contentUrl":"https:\/\/blgnoticiassantodomingo.net\/wp-content\/uploads\/2023\/12\/Diseno-sin-titulo-3.jpg","width":500,"height":500,"caption":"BLG Noticias"},"image":{"@id":"https:\/\/blgnoticiassantodomingo.net\/#\/schema\/logo\/image\/"},"sameAs":["https:\/\/web.facebook.com\/BlgNoticias\/?locale=es_LA&_rdc=1&_rdr","https:\/\/x.com\/BlgNoticias","https:\/\/www.linkedin.com\/in\/brenda-l-santana-aa846279\/"]},{"@type":"Person","@id":"https:\/\/blgnoticiassantodomingo.net\/#\/schema\/person\/e2fc21cf88acc63dbd134be981bff374","name":"Brenda Guerrero","image":{"@type":"ImageObject","inLanguage":"es","@id":"https:\/\/blgnoticiassantodomingo.net\/#\/schema\/person\/image\/","url":"https:\/\/secure.gravatar.com\/avatar\/2f7fc4c3e3655be1580cb684bfd8ab19be702ae20879da1e072021daa02f9b8b?s=96&d=wp_user_avatar&r=g","contentUrl":"https:\/\/secure.gravatar.com\/avatar\/2f7fc4c3e3655be1580cb684bfd8ab19be702ae20879da1e072021daa02f9b8b?s=96&d=wp_user_avatar&r=g","caption":"Brenda Guerrero"},"description":"Periodista","url":"https:\/\/blgnoticiassantodomingo.net\/index.php\/author\/brenda-guerrero\/"}]}},"jetpack_featured_media_url":"https:\/\/blgnoticiassantodomingo.net\/wp-content\/uploads\/2020\/03\/leonel-1.jpg","_links":{"self":[{"href":"https:\/\/blgnoticiassantodomingo.net\/index.php\/wp-json\/wp\/v2\/posts\/7802","targetHints":{"allow":["GET"]}}],"collection":[{"href":"https:\/\/blgnoticiassantodomingo.net\/index.php\/wp-json\/wp\/v2\/posts"}],"about":[{"href":"https:\/\/blgnoticiassantodomingo.net\/index.php\/wp-json\/wp\/v2\/types\/post"}],"author":[{"embeddable":true,"href":"https:\/\/blgnoticiassantodomingo.net\/index.php\/wp-json\/wp\/v2\/users\/2"}],"replies":[{"embeddable":true,"href":"https:\/\/blgnoticiassantodomingo.net\/index.php\/wp-json\/wp\/v2\/comments?post=7802"}],"version-history":[{"count":1,"href":"https:\/\/blgnoticiassantodomingo.net\/index.php\/wp-json\/wp\/v2\/posts\/7802\/revisions"}],"predecessor-version":[{"id":7804,"href":"https:\/\/blgnoticiassantodomingo.net\/index.php\/wp-json\/wp\/v2\/posts\/7802\/revisions\/7804"}],"wp:featuredmedia":[{"embeddable":true,"href":"https:\/\/blgnoticiassantodomingo.net\/index.php\/wp-json\/wp\/v2\/media\/7803"}],"wp:attachment":[{"href":"https:\/\/blgnoticiassantodomingo.net\/index.php\/wp-json\/wp\/v2\/media?parent=7802"}],"wp:term":[{"taxonomy":"category","embeddable":true,"href":"https:\/\/blgnoticiassantodomingo.net\/index.php\/wp-json\/wp\/v2\/categories?post=7802"},{"taxonomy":"post_tag","embeddable":true,"href":"https:\/\/blgnoticiassantodomingo.net\/index.php\/wp-json\/wp\/v2\/tags?post=7802"}],"curies":[{"name":"wp","href":"https:\/\/api.w.org\/{rel}","templated":true}]}}