{"id":7799,"date":"2020-03-19T02:19:42","date_gmt":"2020-03-19T02:19:42","guid":{"rendered":"http:\/\/blgnoticiassantodomingo.net\/?p=7799"},"modified":"2020-03-19T02:19:43","modified_gmt":"2020-03-19T02:19:43","slug":"covid-19-abinader-sugiere-fondo-de-contingencia-garantice-ingreso-minimo-a-desempleados","status":"publish","type":"post","link":"https:\/\/blgnoticiassantodomingo.net\/index.php\/2020\/03\/19\/covid-19-abinader-sugiere-fondo-de-contingencia-garantice-ingreso-minimo-a-desempleados\/","title":{"rendered":"Covid-19: Abinader sugiere fondo de contingencia garantice ingreso m\u00ednimo a desempleados"},"content":{"rendered":"\n<p>Luis Abinader, candidato presidencial del Partido Revolucionario Dominicano (PRM), sugiri\u00f3 crear un fondo contingente para garantizar a todos los desempleados&nbsp; un ingreso m\u00ednimo renovable de diez mil pesos por lo menos durante un mes, para mitigar los efectos de la crisis ante las medidas anunciadas por el Gobierno para evitar la propogaci\u00f3n del coronavirus.<\/p>\n\n\n\n<p>Plante\u00f3 que asumiendo pierdan sus empleos medio mill\u00f3n de personas, y que por consecuencia necesiten esta ayuda en el primer mes, la cantidad presupuestaria requerida ser\u00eda de 5 mil millones pesos mensuales.<\/p>\n\n\n\n<p>La referida cantidad es equivalente aproximadamente a un 0.5 por ciento del Presupuesto General del Estado correspondiente al a\u00f1o 2020, seg\u00fan lo que explic\u00f3 el candidato presidencial en una alocuci\u00f3n.<\/p>\n\n\n\n<p>El economista propuso las siguientes acciones de car\u00e1cter econ\u00f3mico para mitigar los efectos de la crisis en la poblaci\u00f3n m\u00e1s afectada, como complementos a las medidas de salud preventivas asumidas por la sociedad:<\/p>\n\n\n\n<p>\u25baCoordinar con el sector financiero la aplicaci\u00f3n de un per\u00edodo de gracia durante el per\u00edodo de emergencia para los ciudadanos que tienen pr\u00e9stamos personales.<\/p>\n\n\n\n<p>\u25baSuspender temporalmente el cobro de todos los servicios p\u00fablicos; y tambi\u00e9n el cobro de recargos de impuestos sobre la renta e ITBIS a todos los contribuyentes.<\/p>\n\n\n\n<p>\u25baAsegurar de que las empresas puedan pagar los salarios a los empleados que se mantengan improductivos en sus casas a trav\u00e9s de un mecanismo&nbsp; contingente de compensaci\u00f3n fiscal.<\/p>\n\n\n\n<p>Asegur\u00f3 que estas medidas pueden parecer costosas, pero m\u00e1s costoso ser\u00eda no tomar ninguna medida: \u201cEsta crisis tendr\u00e1 costos y no es justo que solo paguen los ciudadanos. El Gobierno puede y debe ayudar\u201d.<\/p>\n\n\n\n<p>\u201cEste gran pa\u00eds resistir\u00e1 como lo ha hecho hasta ahora y se levantar\u00e1 fuerte, feliz y dispuesto como siempre a ser cada vez mejores. Con humildad, pido a Dios que proteja a cada uno de nosotros frente a esta desgracia\u201d, manifest\u00f3.<\/p>\n","protected":false},"excerpt":{"rendered":"<p>Luis Abinader, candidato presidencial del Partido Revolucionario Dominicano (PRM), sugiri\u00f3 crear un fondo contingente para garantizar a todos los desempleados&nbsp; un ingreso m\u00ednimo renovable de diez mil pesos por lo menos durante un mes, para mitigar los efectos de la crisis ante las medidas anunciadas por el Gobierno para evitar la propogaci\u00f3n del coronavirus. Plante\u00f3 [&hellip;]<\/p>\n","protected":false},"author":2,"featured_media":7800,"comment_status":"open","ping_status":"open","sticky":false,"template":"","format":"standard","meta":{"footnotes":""},"categories":[220],"tags":[1197,354],"class_list":{"0":"post-7799","1":"post","2":"type-post","3":"status-publish","4":"format-standard","5":"has-post-thumbnail","7":"category-nacionales","8":"tag-coronavirus","9":"tag-luis-abinader"},"yoast_head":"<!-- This site is optimized with the Yoast SEO plugin v24.9 - https:\/\/yoast.com\/wordpress\/plugins\/seo\/ -->\n<title>Covid-19: Abinader sugiere fondo de contingencia garantice ingreso m\u00ednimo a desempleados - BLG Noticias<\/title>\n<meta name=\"robots\" content=\"index, follow, max-snippet:-1, max-image-preview:large, max-video-preview:-1\" \/>\n<link rel=\"canonical\" href=\"https:\/\/blgnoticiassantodomingo.net\/index.php\/2020\/03\/19\/covid-19-abinader-sugiere-fondo-de-contingencia-garantice-ingreso-minimo-a-desempleados\/\" \/>\n<meta property=\"og:locale\" content=\"es_ES\" \/>\n<meta property=\"og:type\" content=\"article\" \/>\n<meta property=\"og:title\" content=\"Covid-19: Abinader sugiere fondo de contingencia garantice ingreso m\u00ednimo a desempleados - BLG Noticias\" \/>\n<meta property=\"og:description\" content=\"Luis Abinader, candidato presidencial del Partido Revolucionario Dominicano (PRM), sugiri\u00f3 crear un fondo contingente para garantizar a todos los desempleados&nbsp; un ingreso m\u00ednimo renovable de diez mil pesos por lo menos durante un mes, para mitigar los efectos de la crisis ante las medidas anunciadas por el Gobierno para evitar la propogaci\u00f3n del coronavirus. Plante\u00f3 [&hellip;]\" \/>\n<meta property=\"og:url\" content=\"https:\/\/blgnoticiassantodomingo.net\/index.php\/2020\/03\/19\/covid-19-abinader-sugiere-fondo-de-contingencia-garantice-ingreso-minimo-a-desempleados\/\" \/>\n<meta property=\"og:site_name\" content=\"BLG Noticias\" \/>\n<meta property=\"article:publisher\" content=\"https:\/\/web.facebook.com\/BlgNoticias\/?locale=es_LA&amp;_rdc=1&amp;_rdr\" \/>\n<meta property=\"article:published_time\" content=\"2020-03-19T02:19:42+00:00\" \/>\n<meta property=\"article:modified_time\" content=\"2020-03-19T02:19:43+00:00\" \/>\n<meta property=\"og:image\" content=\"https:\/\/blgnoticiassantodomingo.net\/wp-content\/uploads\/2020\/03\/3244bede-luis-abinader.jpg\" \/>\n\t<meta property=\"og:image:width\" content=\"696\" \/>\n\t<meta property=\"og:image:height\" content=\"418\" \/>\n\t<meta property=\"og:image:type\" content=\"image\/jpeg\" \/>\n<meta name=\"author\" content=\"Brenda Guerrero\" \/>\n<meta name=\"twitter:card\" content=\"summary_large_image\" \/>\n<meta name=\"twitter:creator\" content=\"@BlgNoticias\" \/>\n<meta name=\"twitter:site\" content=\"@BlgNoticias\" \/>\n<meta name=\"twitter:label1\" content=\"Escrito por\" \/>\n\t<meta name=\"twitter:data1\" content=\"Brenda Guerrero\" \/>\n\t<meta name=\"twitter:label2\" content=\"Tiempo de lectura\" \/>\n\t<meta name=\"twitter:data2\" content=\"2 minutos\" \/>\n<script type=\"application\/ld+json\" class=\"yoast-schema-graph\">{\"@context\":\"https:\/\/schema.org\",\"@graph\":[{\"@type\":\"Article\",\"@id\":\"https:\/\/blgnoticiassantodomingo.net\/index.php\/2020\/03\/19\/covid-19-abinader-sugiere-fondo-de-contingencia-garantice-ingreso-minimo-a-desempleados\/#article\",\"isPartOf\":{\"@id\":\"https:\/\/blgnoticiassantodomingo.net\/index.php\/2020\/03\/19\/covid-19-abinader-sugiere-fondo-de-contingencia-garantice-ingreso-minimo-a-desempleados\/\"},\"author\":{\"name\":\"Brenda Guerrero\",\"@id\":\"https:\/\/blgnoticiassantodomingo.net\/#\/schema\/person\/e2fc21cf88acc63dbd134be981bff374\"},\"headline\":\"Covid-19: Abinader sugiere fondo de contingencia garantice ingreso m\u00ednimo a desempleados\",\"datePublished\":\"2020-03-19T02:19:42+00:00\",\"dateModified\":\"2020-03-19T02:19:43+00:00\",\"mainEntityOfPage\":{\"@id\":\"https:\/\/blgnoticiassantodomingo.net\/index.php\/2020\/03\/19\/covid-19-abinader-sugiere-fondo-de-contingencia-garantice-ingreso-minimo-a-desempleados\/\"},\"wordCount\":335,\"commentCount\":0,\"publisher\":{\"@id\":\"https:\/\/blgnoticiassantodomingo.net\/#organization\"},\"image\":{\"@id\":\"https:\/\/blgnoticiassantodomingo.net\/index.php\/2020\/03\/19\/covid-19-abinader-sugiere-fondo-de-contingencia-garantice-ingreso-minimo-a-desempleados\/#primaryimage\"},\"thumbnailUrl\":\"https:\/\/blgnoticiassantodomingo.net\/wp-content\/uploads\/2020\/03\/3244bede-luis-abinader.jpg\",\"keywords\":[\"Coronavirus\",\"Luis Abinader\"],\"articleSection\":[\"Nacionales\"],\"inLanguage\":\"es\",\"potentialAction\":[{\"@type\":\"CommentAction\",\"name\":\"Comment\",\"target\":[\"https:\/\/blgnoticiassantodomingo.net\/index.php\/2020\/03\/19\/covid-19-abinader-sugiere-fondo-de-contingencia-garantice-ingreso-minimo-a-desempleados\/#respond\"]}]},{\"@type\":\"WebPage\",\"@id\":\"https:\/\/blgnoticiassantodomingo.net\/index.php\/2020\/03\/19\/covid-19-abinader-sugiere-fondo-de-contingencia-garantice-ingreso-minimo-a-desempleados\/\",\"url\":\"https:\/\/blgnoticiassantodomingo.net\/index.php\/2020\/03\/19\/covid-19-abinader-sugiere-fondo-de-contingencia-garantice-ingreso-minimo-a-desempleados\/\",\"name\":\"Covid-19: Abinader sugiere fondo de contingencia garantice ingreso m\u00ednimo a desempleados - BLG Noticias\",\"isPartOf\":{\"@id\":\"https:\/\/blgnoticiassantodomingo.net\/#website\"},\"primaryImageOfPage\":{\"@id\":\"https:\/\/blgnoticiassantodomingo.net\/index.php\/2020\/03\/19\/covid-19-abinader-sugiere-fondo-de-contingencia-garantice-ingreso-minimo-a-desempleados\/#primaryimage\"},\"image\":{\"@id\":\"https:\/\/blgnoticiassantodomingo.net\/index.php\/2020\/03\/19\/covid-19-abinader-sugiere-fondo-de-contingencia-garantice-ingreso-minimo-a-desempleados\/#primaryimage\"},\"thumbnailUrl\":\"https:\/\/blgnoticiassantodomingo.net\/wp-content\/uploads\/2020\/03\/3244bede-luis-abinader.jpg\",\"datePublished\":\"2020-03-19T02:19:42+00:00\",\"dateModified\":\"2020-03-19T02:19:43+00:00\",\"breadcrumb\":{\"@id\":\"https:\/\/blgnoticiassantodomingo.net\/index.php\/2020\/03\/19\/covid-19-abinader-sugiere-fondo-de-contingencia-garantice-ingreso-minimo-a-desempleados\/#breadcrumb\"},\"inLanguage\":\"es\",\"potentialAction\":[{\"@type\":\"ReadAction\",\"target\":[\"https:\/\/blgnoticiassantodomingo.net\/index.php\/2020\/03\/19\/covid-19-abinader-sugiere-fondo-de-contingencia-garantice-ingreso-minimo-a-desempleados\/\"]}]},{\"@type\":\"ImageObject\",\"inLanguage\":\"es\",\"@id\":\"https:\/\/blgnoticiassantodomingo.net\/index.php\/2020\/03\/19\/covid-19-abinader-sugiere-fondo-de-contingencia-garantice-ingreso-minimo-a-desempleados\/#primaryimage\",\"url\":\"https:\/\/blgnoticiassantodomingo.net\/wp-content\/uploads\/2020\/03\/3244bede-luis-abinader.jpg\",\"contentUrl\":\"https:\/\/blgnoticiassantodomingo.net\/wp-content\/uploads\/2020\/03\/3244bede-luis-abinader.jpg\",\"width\":696,\"height\":418},{\"@type\":\"BreadcrumbList\",\"@id\":\"https:\/\/blgnoticiassantodomingo.net\/index.php\/2020\/03\/19\/covid-19-abinader-sugiere-fondo-de-contingencia-garantice-ingreso-minimo-a-desempleados\/#breadcrumb\",\"itemListElement\":[{\"@type\":\"ListItem\",\"position\":1,\"name\":\"Portada\",\"item\":\"https:\/\/blgnoticiassantodomingo.net\/\"},{\"@type\":\"ListItem\",\"position\":2,\"name\":\"Covid-19: Abinader sugiere fondo de contingencia garantice ingreso m\u00ednimo a desempleados\"}]},{\"@type\":\"WebSite\",\"@id\":\"https:\/\/blgnoticiassantodomingo.net\/#website\",\"url\":\"https:\/\/blgnoticiassantodomingo.net\/\",\"name\":\"BLG Noticias\",\"description\":\"Esto es Noticias\",\"publisher\":{\"@id\":\"https:\/\/blgnoticiassantodomingo.net\/#organization\"},\"potentialAction\":[{\"@type\":\"SearchAction\",\"target\":{\"@type\":\"EntryPoint\",\"urlTemplate\":\"https:\/\/blgnoticiassantodomingo.net\/?s={search_term_string}\"},\"query-input\":{\"@type\":\"PropertyValueSpecification\",\"valueRequired\":true,\"valueName\":\"search_term_string\"}}],\"inLanguage\":\"es\"},{\"@type\":\"Organization\",\"@id\":\"https:\/\/blgnoticiassantodomingo.net\/#organization\",\"name\":\"BLG Noticias\",\"url\":\"https:\/\/blgnoticiassantodomingo.net\/\",\"logo\":{\"@type\":\"ImageObject\",\"inLanguage\":\"es\",\"@id\":\"https:\/\/blgnoticiassantodomingo.net\/#\/schema\/logo\/image\/\",\"url\":\"https:\/\/blgnoticiassantodomingo.net\/wp-content\/uploads\/2023\/12\/Diseno-sin-titulo-3.jpg\",\"contentUrl\":\"https:\/\/blgnoticiassantodomingo.net\/wp-content\/uploads\/2023\/12\/Diseno-sin-titulo-3.jpg\",\"width\":500,\"height\":500,\"caption\":\"BLG Noticias\"},\"image\":{\"@id\":\"https:\/\/blgnoticiassantodomingo.net\/#\/schema\/logo\/image\/\"},\"sameAs\":[\"https:\/\/web.facebook.com\/BlgNoticias\/?locale=es_LA&_rdc=1&_rdr\",\"https:\/\/x.com\/BlgNoticias\",\"https:\/\/www.linkedin.com\/in\/brenda-l-santana-aa846279\/\"]},{\"@type\":\"Person\",\"@id\":\"https:\/\/blgnoticiassantodomingo.net\/#\/schema\/person\/e2fc21cf88acc63dbd134be981bff374\",\"name\":\"Brenda Guerrero\",\"image\":{\"@type\":\"ImageObject\",\"inLanguage\":\"es\",\"@id\":\"https:\/\/blgnoticiassantodomingo.net\/#\/schema\/person\/image\/\",\"url\":\"https:\/\/secure.gravatar.com\/avatar\/2f7fc4c3e3655be1580cb684bfd8ab19be702ae20879da1e072021daa02f9b8b?s=96&d=wp_user_avatar&r=g\",\"contentUrl\":\"https:\/\/secure.gravatar.com\/avatar\/2f7fc4c3e3655be1580cb684bfd8ab19be702ae20879da1e072021daa02f9b8b?s=96&d=wp_user_avatar&r=g\",\"caption\":\"Brenda Guerrero\"},\"description\":\"Periodista\",\"url\":\"https:\/\/blgnoticiassantodomingo.net\/index.php\/author\/brenda-guerrero\/\"}]}<\/script>\n<!-- \/ Yoast SEO plugin. -->","yoast_head_json":{"title":"Covid-19: Abinader sugiere fondo de contingencia garantice ingreso m\u00ednimo a desempleados - BLG Noticias","robots":{"index":"index","follow":"follow","max-snippet":"max-snippet:-1","max-image-preview":"max-image-preview:large","max-video-preview":"max-video-preview:-1"},"canonical":"https:\/\/blgnoticiassantodomingo.net\/index.php\/2020\/03\/19\/covid-19-abinader-sugiere-fondo-de-contingencia-garantice-ingreso-minimo-a-desempleados\/","og_locale":"es_ES","og_type":"article","og_title":"Covid-19: Abinader sugiere fondo de contingencia garantice ingreso m\u00ednimo a desempleados - BLG Noticias","og_description":"Luis Abinader, candidato presidencial del Partido Revolucionario Dominicano (PRM), sugiri\u00f3 crear un fondo contingente para garantizar a todos los desempleados&nbsp; un ingreso m\u00ednimo renovable de diez mil pesos por lo menos durante un mes, para mitigar los efectos de la crisis ante las medidas anunciadas por el Gobierno para evitar la propogaci\u00f3n del coronavirus. Plante\u00f3 [&hellip;]","og_url":"https:\/\/blgnoticiassantodomingo.net\/index.php\/2020\/03\/19\/covid-19-abinader-sugiere-fondo-de-contingencia-garantice-ingreso-minimo-a-desempleados\/","og_site_name":"BLG Noticias","article_publisher":"https:\/\/web.facebook.com\/BlgNoticias\/?locale=es_LA&_rdc=1&_rdr","article_published_time":"2020-03-19T02:19:42+00:00","article_modified_time":"2020-03-19T02:19:43+00:00","og_image":[{"width":696,"height":418,"url":"https:\/\/blgnoticiassantodomingo.net\/wp-content\/uploads\/2020\/03\/3244bede-luis-abinader.jpg","type":"image\/jpeg"}],"author":"Brenda Guerrero","twitter_card":"summary_large_image","twitter_creator":"@BlgNoticias","twitter_site":"@BlgNoticias","twitter_misc":{"Escrito por":"Brenda Guerrero","Tiempo de lectura":"2 minutos"},"schema":{"@context":"https:\/\/schema.org","@graph":[{"@type":"Article","@id":"https:\/\/blgnoticiassantodomingo.net\/index.php\/2020\/03\/19\/covid-19-abinader-sugiere-fondo-de-contingencia-garantice-ingreso-minimo-a-desempleados\/#article","isPartOf":{"@id":"https:\/\/blgnoticiassantodomingo.net\/index.php\/2020\/03\/19\/covid-19-abinader-sugiere-fondo-de-contingencia-garantice-ingreso-minimo-a-desempleados\/"},"author":{"name":"Brenda Guerrero","@id":"https:\/\/blgnoticiassantodomingo.net\/#\/schema\/person\/e2fc21cf88acc63dbd134be981bff374"},"headline":"Covid-19: Abinader sugiere fondo de contingencia garantice ingreso m\u00ednimo a desempleados","datePublished":"2020-03-19T02:19:42+00:00","dateModified":"2020-03-19T02:19:43+00:00","mainEntityOfPage":{"@id":"https:\/\/blgnoticiassantodomingo.net\/index.php\/2020\/03\/19\/covid-19-abinader-sugiere-fondo-de-contingencia-garantice-ingreso-minimo-a-desempleados\/"},"wordCount":335,"commentCount":0,"publisher":{"@id":"https:\/\/blgnoticiassantodomingo.net\/#organization"},"image":{"@id":"https:\/\/blgnoticiassantodomingo.net\/index.php\/2020\/03\/19\/covid-19-abinader-sugiere-fondo-de-contingencia-garantice-ingreso-minimo-a-desempleados\/#primaryimage"},"thumbnailUrl":"https:\/\/blgnoticiassantodomingo.net\/wp-content\/uploads\/2020\/03\/3244bede-luis-abinader.jpg","keywords":["Coronavirus","Luis Abinader"],"articleSection":["Nacionales"],"inLanguage":"es","potentialAction":[{"@type":"CommentAction","name":"Comment","target":["https:\/\/blgnoticiassantodomingo.net\/index.php\/2020\/03\/19\/covid-19-abinader-sugiere-fondo-de-contingencia-garantice-ingreso-minimo-a-desempleados\/#respond"]}]},{"@type":"WebPage","@id":"https:\/\/blgnoticiassantodomingo.net\/index.php\/2020\/03\/19\/covid-19-abinader-sugiere-fondo-de-contingencia-garantice-ingreso-minimo-a-desempleados\/","url":"https:\/\/blgnoticiassantodomingo.net\/index.php\/2020\/03\/19\/covid-19-abinader-sugiere-fondo-de-contingencia-garantice-ingreso-minimo-a-desempleados\/","name":"Covid-19: Abinader sugiere fondo de contingencia garantice ingreso m\u00ednimo a desempleados - BLG Noticias","isPartOf":{"@id":"https:\/\/blgnoticiassantodomingo.net\/#website"},"primaryImageOfPage":{"@id":"https:\/\/blgnoticiassantodomingo.net\/index.php\/2020\/03\/19\/covid-19-abinader-sugiere-fondo-de-contingencia-garantice-ingreso-minimo-a-desempleados\/#primaryimage"},"image":{"@id":"https:\/\/blgnoticiassantodomingo.net\/index.php\/2020\/03\/19\/covid-19-abinader-sugiere-fondo-de-contingencia-garantice-ingreso-minimo-a-desempleados\/#primaryimage"},"thumbnailUrl":"https:\/\/blgnoticiassantodomingo.net\/wp-content\/uploads\/2020\/03\/3244bede-luis-abinader.jpg","datePublished":"2020-03-19T02:19:42+00:00","dateModified":"2020-03-19T02:19:43+00:00","breadcrumb":{"@id":"https:\/\/blgnoticiassantodomingo.net\/index.php\/2020\/03\/19\/covid-19-abinader-sugiere-fondo-de-contingencia-garantice-ingreso-minimo-a-desempleados\/#breadcrumb"},"inLanguage":"es","potentialAction":[{"@type":"ReadAction","target":["https:\/\/blgnoticiassantodomingo.net\/index.php\/2020\/03\/19\/covid-19-abinader-sugiere-fondo-de-contingencia-garantice-ingreso-minimo-a-desempleados\/"]}]},{"@type":"ImageObject","inLanguage":"es","@id":"https:\/\/blgnoticiassantodomingo.net\/index.php\/2020\/03\/19\/covid-19-abinader-sugiere-fondo-de-contingencia-garantice-ingreso-minimo-a-desempleados\/#primaryimage","url":"https:\/\/blgnoticiassantodomingo.net\/wp-content\/uploads\/2020\/03\/3244bede-luis-abinader.jpg","contentUrl":"https:\/\/blgnoticiassantodomingo.net\/wp-content\/uploads\/2020\/03\/3244bede-luis-abinader.jpg","width":696,"height":418},{"@type":"BreadcrumbList","@id":"https:\/\/blgnoticiassantodomingo.net\/index.php\/2020\/03\/19\/covid-19-abinader-sugiere-fondo-de-contingencia-garantice-ingreso-minimo-a-desempleados\/#breadcrumb","itemListElement":[{"@type":"ListItem","position":1,"name":"Portada","item":"https:\/\/blgnoticiassantodomingo.net\/"},{"@type":"ListItem","position":2,"name":"Covid-19: Abinader sugiere fondo de contingencia garantice ingreso m\u00ednimo a desempleados"}]},{"@type":"WebSite","@id":"https:\/\/blgnoticiassantodomingo.net\/#website","url":"https:\/\/blgnoticiassantodomingo.net\/","name":"BLG Noticias","description":"Esto es Noticias","publisher":{"@id":"https:\/\/blgnoticiassantodomingo.net\/#organization"},"potentialAction":[{"@type":"SearchAction","target":{"@type":"EntryPoint","urlTemplate":"https:\/\/blgnoticiassantodomingo.net\/?s={search_term_string}"},"query-input":{"@type":"PropertyValueSpecification","valueRequired":true,"valueName":"search_term_string"}}],"inLanguage":"es"},{"@type":"Organization","@id":"https:\/\/blgnoticiassantodomingo.net\/#organization","name":"BLG Noticias","url":"https:\/\/blgnoticiassantodomingo.net\/","logo":{"@type":"ImageObject","inLanguage":"es","@id":"https:\/\/blgnoticiassantodomingo.net\/#\/schema\/logo\/image\/","url":"https:\/\/blgnoticiassantodomingo.net\/wp-content\/uploads\/2023\/12\/Diseno-sin-titulo-3.jpg","contentUrl":"https:\/\/blgnoticiassantodomingo.net\/wp-content\/uploads\/2023\/12\/Diseno-sin-titulo-3.jpg","width":500,"height":500,"caption":"BLG Noticias"},"image":{"@id":"https:\/\/blgnoticiassantodomingo.net\/#\/schema\/logo\/image\/"},"sameAs":["https:\/\/web.facebook.com\/BlgNoticias\/?locale=es_LA&_rdc=1&_rdr","https:\/\/x.com\/BlgNoticias","https:\/\/www.linkedin.com\/in\/brenda-l-santana-aa846279\/"]},{"@type":"Person","@id":"https:\/\/blgnoticiassantodomingo.net\/#\/schema\/person\/e2fc21cf88acc63dbd134be981bff374","name":"Brenda Guerrero","image":{"@type":"ImageObject","inLanguage":"es","@id":"https:\/\/blgnoticiassantodomingo.net\/#\/schema\/person\/image\/","url":"https:\/\/secure.gravatar.com\/avatar\/2f7fc4c3e3655be1580cb684bfd8ab19be702ae20879da1e072021daa02f9b8b?s=96&d=wp_user_avatar&r=g","contentUrl":"https:\/\/secure.gravatar.com\/avatar\/2f7fc4c3e3655be1580cb684bfd8ab19be702ae20879da1e072021daa02f9b8b?s=96&d=wp_user_avatar&r=g","caption":"Brenda Guerrero"},"description":"Periodista","url":"https:\/\/blgnoticiassantodomingo.net\/index.php\/author\/brenda-guerrero\/"}]}},"jetpack_featured_media_url":"https:\/\/blgnoticiassantodomingo.net\/wp-content\/uploads\/2020\/03\/3244bede-luis-abinader.jpg","_links":{"self":[{"href":"https:\/\/blgnoticiassantodomingo.net\/index.php\/wp-json\/wp\/v2\/posts\/7799","targetHints":{"allow":["GET"]}}],"collection":[{"href":"https:\/\/blgnoticiassantodomingo.net\/index.php\/wp-json\/wp\/v2\/posts"}],"about":[{"href":"https:\/\/blgnoticiassantodomingo.net\/index.php\/wp-json\/wp\/v2\/types\/post"}],"author":[{"embeddable":true,"href":"https:\/\/blgnoticiassantodomingo.net\/index.php\/wp-json\/wp\/v2\/users\/2"}],"replies":[{"embeddable":true,"href":"https:\/\/blgnoticiassantodomingo.net\/index.php\/wp-json\/wp\/v2\/comments?post=7799"}],"version-history":[{"count":1,"href":"https:\/\/blgnoticiassantodomingo.net\/index.php\/wp-json\/wp\/v2\/posts\/7799\/revisions"}],"predecessor-version":[{"id":7801,"href":"https:\/\/blgnoticiassantodomingo.net\/index.php\/wp-json\/wp\/v2\/posts\/7799\/revisions\/7801"}],"wp:featuredmedia":[{"embeddable":true,"href":"https:\/\/blgnoticiassantodomingo.net\/index.php\/wp-json\/wp\/v2\/media\/7800"}],"wp:attachment":[{"href":"https:\/\/blgnoticiassantodomingo.net\/index.php\/wp-json\/wp\/v2\/media?parent=7799"}],"wp:term":[{"taxonomy":"category","embeddable":true,"href":"https:\/\/blgnoticiassantodomingo.net\/index.php\/wp-json\/wp\/v2\/categories?post=7799"},{"taxonomy":"post_tag","embeddable":true,"href":"https:\/\/blgnoticiassantodomingo.net\/index.php\/wp-json\/wp\/v2\/tags?post=7799"}],"curies":[{"name":"wp","href":"https:\/\/api.w.org\/{rel}","templated":true}]}}