{"id":7374,"date":"2020-03-11T12:50:56","date_gmt":"2020-03-11T12:50:56","guid":{"rendered":"http:\/\/blgnoticiassantodomingo.net\/?p=7374"},"modified":"2020-03-11T12:50:58","modified_gmt":"2020-03-11T12:50:58","slug":"collado-revela-recibio-ofertas-para-candidatura-presidencial","status":"publish","type":"post","link":"https:\/\/blgnoticiassantodomingo.net\/index.php\/2020\/03\/11\/collado-revela-recibio-ofertas-para-candidatura-presidencial\/","title":{"rendered":"Collado revela recibi\u00f3 ofertas para candidatura presidencial"},"content":{"rendered":"\n<p>El alcalde del Distrito Nacional, David Collado, anunci\u00f3 anoche al pa\u00eds que no utilizar\u00e1 su posici\u00f3n ni su capital pol\u00edtico para correr por la presidencia de la Rep\u00fablica ni pactar otro cargo en el presente proceso electoral, debido a que no negociar\u00e1 sus convicciones y prefiere alejarse antes que traicionar a quienes le debe lo que ha sido y lo que es.<\/p>\n\n\n\n<p>Collado sostuvo que cuando tom\u00f3 la decisi\u00f3n de no buscar la reelecci\u00f3n como alcalde, \u201cles dije que no ten\u00eda ning\u00fan acuerdo bajo la mesa para ocupar otro cargo. Hoy simplemente lo reitero. S\u00ed, confirmo que he recibido ofertas de partidos, tanto para la Presidencia como para la Vicepresidencia, de mi propio partido y de otros partidos\u201d. &nbsp;<\/p>\n\n\n\n<p>\u201cQuiero ofrecer mi gratitud a todos aquellos que me han manifestado su permanente apoyo, especialmente a los capitale\u00f1os, y tambi\u00e9n a la gente de diversos lugares del pa\u00eds, hasta de aquellos espacios m\u00e1s remotos de nuestra geograf\u00eda. A todos quienes han compartido conmigo sus esperanzas con respecto al futuro de nosotros, de nuestro pa\u00eds. Quiero reiterarles que siempre los he escuchado, con mucha atenci\u00f3n, cada mensaje, cada palabra,&nbsp; cada momento, los llevo en mi coraz\u00f3n, siempre muy presentes\u201d\u201d.<\/p>\n\n\n\n<p>\u201cUn d\u00eda como hoy, en 2016, iniciaba un camino que muchos dijeron iba a ser imposible. Pero en 44 d\u00edas logramos ganar la Alcald\u00eda de la ciudad de Santo Domingo, y en poco menos de 4 a\u00f1os desde entonces hemos logrado hacer Historia\u201d\u201d.<\/p>\n\n\n\n<p>\u201cDe aqu\u00ed, desde el Palacio Municipal, les quiero decir que en estos a\u00f1os me he dedicado con todo mi ser al desarrollo de una pol\u00edtica de paz y prosperidad, dedicada a la gente en la Ciudad de Santo Domingo. He trabajado con profundo amor y mucho compromiso, haciendo un Gobierno Municipal que result\u00f3 ejemplar, y que al presente es&nbsp; reconocido a nivel nacional e internacional\u201d.<\/p>\n\n\n\n<p>\u201cHemos logrado traer, a la administraci\u00f3n p\u00fablica de la Ciudad, la transparencia, la reforma institucional, la innovaci\u00f3n, y la recuperaci\u00f3n de servicios y espacios p\u00fablicos, entre otros importantes hechos; pero sobre todo hemos logrado el consenso, la uni\u00f3n de fuerzas y la participaci\u00f3n ciudadana, logrando as\u00ed levantar y fortalecer el orgullo y la moral de la capital de Rep\u00fablica Dominicana\u201d.<\/p>\n\n\n\n<p>\u201cHan sido cuatro a\u00f1os llenos de an\u00e9cdotas, de recorrer, incansablemente, las calles de Santo Domingo, d\u00eda a d\u00eda, de estar cerca de la comunidad y la gente que m\u00e1s necesitaban de la ayuda y el firme compromiso de su Alcalde, mostr\u00e1ndoles que las cosas se pueden hacer de una manera&nbsp; diferente, y que no por ello no hay esperanza; muy por el contrario, en estos cuatro a\u00f1os hicimos las cosas diferentes y hemos visto que si hay esperanza.<\/p>\n\n\n\n<p>\u201cComo Alcalde, he trabajado con \u00e9tica y sin colores pol\u00edticos, mi norte siempre ha sido poner los intereses de la ciudad de Santo Domingo y de los capitale\u00f1os por encima de todo y de cualquier inter\u00e9s individual\u201d.<\/p>\n\n\n\n<p>\u201cSiempre, tuve&nbsp; en mente que lo que se queda en la Historia no es c\u00f3mo uno llega a un cargo pol\u00edtico, sino lo que se construye durante el ejercicio de \u00e9ste, y mucho m\u00e1s c\u00f3mo uno deja el cargo. Yo me he propuesto salir con la frente en alto, sabiendo que lo he dado todo por la ciudad sin hacerle da\u00f1o a nadie, sentirme orgulloso de m\u00ed mismo y del trabajo que he hecho. Nunca me ha movilizado el poder. Nunca ha sido mi prop\u00f3sito aprovechar los cargos p\u00fablicos en beneficio propio, realmente soy una persona sencilla, que vive y siente los problemas como ustedes, y que se maneja por la vida sabiendo que forma parte de una generaci\u00f3n, a la cual no se le puede fallar\u201d.<\/p>\n\n\n\n<p>\u201cEn diciembre del 2019, les anuncie, desde este mismo lugar, que no iba a correr nuevamente como candidato a Alcalde. Pudiera haberlo hecho, ya que el 85% de aceptaci\u00f3n de nuestro trabajo y la intenci\u00f3n de voto con un 70% lo permit\u00edan; sin embargo decid\u00ed dejar la posici\u00f3n de Alcalde y darle paso al relevo, ya que la alternancia pol\u00edtica, para m\u00ed, es de vital importancia\u201d.<\/p>\n\n\n\n<p>\u201cY as\u00ed, con mi propio ejemplo, fue que quise demostrar que es tiempo de cambiar el \u2018chip\u2019 pol\u00edtico en la Rep\u00fablica Dominicana. Que los gobernantes deben dejar de pensar que los puestos son eternos, olvidarse de los intereses pol\u00edticos y recordar que todo se lo debemos a la gente y que es a ellos, a quienes debemos servirle durante los mandatos para los cuales nos eligen y encomiendan\u201d.<\/p>\n\n\n\n<p>\u201cDesde ese anuncio en diciembre muchos han especulado acerca de mi decisi\u00f3n, sobre el camino que seguir\u00e9, en especial en los \u00faltimos d\u00edas, ya que hoy 10 de marzo es el plazo limite para la inscripci\u00f3n de una candidatura presidencial. En el \u00faltimo a\u00f1o, todos hemos tenido que observar c\u00f3mo la imagen de nuestro pa\u00eds y de nuestra democracia han sido mancilladas por dos elecciones de otros tiempos\u201d.<\/p>\n\n\n\n<p>\u201cRecientemente hemos pasado por el quiebre institucional m\u00e1s fuerte que ha tenido nuestro pa\u00eds, y con todo esto, lo \u00fanico que se ha demostrado es que&nbsp; la pol\u00edtica hoy no est\u00e1 a la altura de las circunstancias y eso no es para nada aceptable\u201d.<\/p>\n\n\n\n<p>\u201cLa Historia se repite una y otra vez. Siempre se dan las luchas de poderes, las divisiones de partidos y las alianzas por intereses particulares, y en estos \u00faltimos tiempos vimos como los sue\u00f1os de algunos priman sobre lo que es lo mejor para la gente\u201d. &nbsp;<\/p>\n\n\n\n<p>\u201cSiento dolor por mi pa\u00eds. Pero debo decir que en todo lo malo se encuentra algo bueno y, en medio de toda esta tormenta, he podido ser testigo y sentirme orgulloso del despertar de la ciudadan\u00eda, de la&nbsp; juventud que se alz\u00f3 para defender la Patria. Hemos sido testigos de miles de corazones gritando, a la vez, \u201cya no m\u00e1s\u201d a la pol\u00edtica tradicional, reclamando sus derechos, y trazando muy bien sus l\u00edmites.<\/p>\n\n\n\n<p>\u201cEste movimiento ciudadano nos ha demostrado que la pol\u00edtica tal y como la conocemos hoy debe cambiar. La Historia no perdonar\u00e1 a quienes se mantengan ciegos ante los acontecimientos, ni a aquellos que, teniendo en sus manos la oportunidad de hacerlo diferente y de luchar por sus convicciones, no lo har\u00e1n\u201d<\/p>\n\n\n\n<p>\u201cComo no pod\u00eda ser de otro modo, he venido reflexionando y analizando, con mucha responsabilidad, cu\u00e1l debe ser mi rol en este momento de introspecci\u00f3n en nuestro pa\u00eds. Es por esto que he asumido el firme compromiso de apoyar a la candidata a alcalde del PRM, Carolina Mejia, en el Distrito Nacional, para que contin\u00fae nuestro legado\u201d.<\/p>\n\n\n\n<p>\u201cMe da mucho orgullo la confianza que ustedes me han dado todos estos a\u00f1os. A los capitale\u00f1os, por confiarme la ciudad, les estar\u00e9 infinitamente agradecido. Gracias al buen trabajo de nuestra gesti\u00f3n mi nombre ha llegado a todos los rincones del pa\u00eds, desde donde hemos sentido el apoyo y las ganas que exist\u00edan de que la opci\u00f3n \u2018David Collado\u2019 fuera hacia una campa\u00f1a presidencial. Realmente les agradezco de todo coraz\u00f3n\u201d\u201d, expres\u00f3 en su discurso transmitido a trav\u00e9s de un red de medios de comunicaci\u00f3n.<\/p>\n","protected":false},"excerpt":{"rendered":"<p>El alcalde del Distrito Nacional, David Collado, anunci\u00f3 anoche al pa\u00eds que no utilizar\u00e1 su posici\u00f3n ni su capital pol\u00edtico para correr por la presidencia de la Rep\u00fablica ni pactar otro cargo en el presente proceso electoral, debido a que no negociar\u00e1 sus convicciones y prefiere alejarse antes que traicionar a quienes le debe lo [&hellip;]<\/p>\n","protected":false},"author":2,"featured_media":7375,"comment_status":"open","ping_status":"open","sticky":false,"template":"","format":"standard","meta":{"footnotes":""},"categories":[220],"tags":[],"class_list":{"0":"post-7374","1":"post","2":"type-post","3":"status-publish","4":"format-standard","5":"has-post-thumbnail","7":"category-nacionales"},"yoast_head":"<!-- This site is optimized with the Yoast SEO plugin v24.9 - https:\/\/yoast.com\/wordpress\/plugins\/seo\/ -->\n<title>Collado revela recibi\u00f3 ofertas para candidatura presidencial - BLG Noticias<\/title>\n<meta name=\"robots\" content=\"index, follow, max-snippet:-1, max-image-preview:large, max-video-preview:-1\" \/>\n<link rel=\"canonical\" href=\"https:\/\/blgnoticiassantodomingo.net\/index.php\/2020\/03\/11\/collado-revela-recibio-ofertas-para-candidatura-presidencial\/\" \/>\n<meta property=\"og:locale\" content=\"es_ES\" \/>\n<meta property=\"og:type\" content=\"article\" \/>\n<meta property=\"og:title\" content=\"Collado revela recibi\u00f3 ofertas para candidatura presidencial - BLG Noticias\" \/>\n<meta property=\"og:description\" content=\"El alcalde del Distrito Nacional, David Collado, anunci\u00f3 anoche al pa\u00eds que no utilizar\u00e1 su posici\u00f3n ni su capital pol\u00edtico para correr por la presidencia de la Rep\u00fablica ni pactar otro cargo en el presente proceso electoral, debido a que no negociar\u00e1 sus convicciones y prefiere alejarse antes que traicionar a quienes le debe lo [&hellip;]\" \/>\n<meta property=\"og:url\" content=\"https:\/\/blgnoticiassantodomingo.net\/index.php\/2020\/03\/11\/collado-revela-recibio-ofertas-para-candidatura-presidencial\/\" \/>\n<meta property=\"og:site_name\" content=\"BLG Noticias\" \/>\n<meta property=\"article:publisher\" content=\"https:\/\/web.facebook.com\/BlgNoticias\/?locale=es_LA&amp;_rdc=1&amp;_rdr\" \/>\n<meta property=\"article:published_time\" content=\"2020-03-11T12:50:56+00:00\" \/>\n<meta property=\"article:modified_time\" content=\"2020-03-11T12:50:58+00:00\" \/>\n<meta property=\"og:image\" content=\"https:\/\/blgnoticiassantodomingo.net\/wp-content\/uploads\/2020\/03\/collado-revela-recibio-ofertas-para-candidatura-presidencial.jpeg\" \/>\n\t<meta property=\"og:image:width\" content=\"680\" \/>\n\t<meta property=\"og:image:height\" content=\"382\" \/>\n\t<meta property=\"og:image:type\" content=\"image\/jpeg\" \/>\n<meta name=\"author\" content=\"Brenda Guerrero\" \/>\n<meta name=\"twitter:card\" content=\"summary_large_image\" \/>\n<meta name=\"twitter:creator\" content=\"@BlgNoticias\" \/>\n<meta name=\"twitter:site\" content=\"@BlgNoticias\" \/>\n<meta name=\"twitter:label1\" content=\"Escrito por\" \/>\n\t<meta name=\"twitter:data1\" content=\"Brenda Guerrero\" \/>\n\t<meta name=\"twitter:label2\" content=\"Tiempo de lectura\" \/>\n\t<meta name=\"twitter:data2\" content=\"6 minutos\" \/>\n<script type=\"application\/ld+json\" class=\"yoast-schema-graph\">{\"@context\":\"https:\/\/schema.org\",\"@graph\":[{\"@type\":\"Article\",\"@id\":\"https:\/\/blgnoticiassantodomingo.net\/index.php\/2020\/03\/11\/collado-revela-recibio-ofertas-para-candidatura-presidencial\/#article\",\"isPartOf\":{\"@id\":\"https:\/\/blgnoticiassantodomingo.net\/index.php\/2020\/03\/11\/collado-revela-recibio-ofertas-para-candidatura-presidencial\/\"},\"author\":{\"name\":\"Brenda Guerrero\",\"@id\":\"https:\/\/blgnoticiassantodomingo.net\/#\/schema\/person\/e2fc21cf88acc63dbd134be981bff374\"},\"headline\":\"Collado revela recibi\u00f3 ofertas para candidatura presidencial\",\"datePublished\":\"2020-03-11T12:50:56+00:00\",\"dateModified\":\"2020-03-11T12:50:58+00:00\",\"mainEntityOfPage\":{\"@id\":\"https:\/\/blgnoticiassantodomingo.net\/index.php\/2020\/03\/11\/collado-revela-recibio-ofertas-para-candidatura-presidencial\/\"},\"wordCount\":1259,\"commentCount\":0,\"publisher\":{\"@id\":\"https:\/\/blgnoticiassantodomingo.net\/#organization\"},\"image\":{\"@id\":\"https:\/\/blgnoticiassantodomingo.net\/index.php\/2020\/03\/11\/collado-revela-recibio-ofertas-para-candidatura-presidencial\/#primaryimage\"},\"thumbnailUrl\":\"https:\/\/blgnoticiassantodomingo.net\/wp-content\/uploads\/2020\/03\/collado-revela-recibio-ofertas-para-candidatura-presidencial.jpeg\",\"articleSection\":[\"Nacionales\"],\"inLanguage\":\"es\",\"potentialAction\":[{\"@type\":\"CommentAction\",\"name\":\"Comment\",\"target\":[\"https:\/\/blgnoticiassantodomingo.net\/index.php\/2020\/03\/11\/collado-revela-recibio-ofertas-para-candidatura-presidencial\/#respond\"]}]},{\"@type\":\"WebPage\",\"@id\":\"https:\/\/blgnoticiassantodomingo.net\/index.php\/2020\/03\/11\/collado-revela-recibio-ofertas-para-candidatura-presidencial\/\",\"url\":\"https:\/\/blgnoticiassantodomingo.net\/index.php\/2020\/03\/11\/collado-revela-recibio-ofertas-para-candidatura-presidencial\/\",\"name\":\"Collado revela recibi\u00f3 ofertas para candidatura presidencial - BLG Noticias\",\"isPartOf\":{\"@id\":\"https:\/\/blgnoticiassantodomingo.net\/#website\"},\"primaryImageOfPage\":{\"@id\":\"https:\/\/blgnoticiassantodomingo.net\/index.php\/2020\/03\/11\/collado-revela-recibio-ofertas-para-candidatura-presidencial\/#primaryimage\"},\"image\":{\"@id\":\"https:\/\/blgnoticiassantodomingo.net\/index.php\/2020\/03\/11\/collado-revela-recibio-ofertas-para-candidatura-presidencial\/#primaryimage\"},\"thumbnailUrl\":\"https:\/\/blgnoticiassantodomingo.net\/wp-content\/uploads\/2020\/03\/collado-revela-recibio-ofertas-para-candidatura-presidencial.jpeg\",\"datePublished\":\"2020-03-11T12:50:56+00:00\",\"dateModified\":\"2020-03-11T12:50:58+00:00\",\"breadcrumb\":{\"@id\":\"https:\/\/blgnoticiassantodomingo.net\/index.php\/2020\/03\/11\/collado-revela-recibio-ofertas-para-candidatura-presidencial\/#breadcrumb\"},\"inLanguage\":\"es\",\"potentialAction\":[{\"@type\":\"ReadAction\",\"target\":[\"https:\/\/blgnoticiassantodomingo.net\/index.php\/2020\/03\/11\/collado-revela-recibio-ofertas-para-candidatura-presidencial\/\"]}]},{\"@type\":\"ImageObject\",\"inLanguage\":\"es\",\"@id\":\"https:\/\/blgnoticiassantodomingo.net\/index.php\/2020\/03\/11\/collado-revela-recibio-ofertas-para-candidatura-presidencial\/#primaryimage\",\"url\":\"https:\/\/blgnoticiassantodomingo.net\/wp-content\/uploads\/2020\/03\/collado-revela-recibio-ofertas-para-candidatura-presidencial.jpeg\",\"contentUrl\":\"https:\/\/blgnoticiassantodomingo.net\/wp-content\/uploads\/2020\/03\/collado-revela-recibio-ofertas-para-candidatura-presidencial.jpeg\",\"width\":680,\"height\":382},{\"@type\":\"BreadcrumbList\",\"@id\":\"https:\/\/blgnoticiassantodomingo.net\/index.php\/2020\/03\/11\/collado-revela-recibio-ofertas-para-candidatura-presidencial\/#breadcrumb\",\"itemListElement\":[{\"@type\":\"ListItem\",\"position\":1,\"name\":\"Portada\",\"item\":\"https:\/\/blgnoticiassantodomingo.net\/\"},{\"@type\":\"ListItem\",\"position\":2,\"name\":\"Collado revela recibi\u00f3 ofertas para candidatura presidencial\"}]},{\"@type\":\"WebSite\",\"@id\":\"https:\/\/blgnoticiassantodomingo.net\/#website\",\"url\":\"https:\/\/blgnoticiassantodomingo.net\/\",\"name\":\"BLG Noticias\",\"description\":\"Esto es Noticias\",\"publisher\":{\"@id\":\"https:\/\/blgnoticiassantodomingo.net\/#organization\"},\"potentialAction\":[{\"@type\":\"SearchAction\",\"target\":{\"@type\":\"EntryPoint\",\"urlTemplate\":\"https:\/\/blgnoticiassantodomingo.net\/?s={search_term_string}\"},\"query-input\":{\"@type\":\"PropertyValueSpecification\",\"valueRequired\":true,\"valueName\":\"search_term_string\"}}],\"inLanguage\":\"es\"},{\"@type\":\"Organization\",\"@id\":\"https:\/\/blgnoticiassantodomingo.net\/#organization\",\"name\":\"BLG Noticias\",\"url\":\"https:\/\/blgnoticiassantodomingo.net\/\",\"logo\":{\"@type\":\"ImageObject\",\"inLanguage\":\"es\",\"@id\":\"https:\/\/blgnoticiassantodomingo.net\/#\/schema\/logo\/image\/\",\"url\":\"https:\/\/blgnoticiassantodomingo.net\/wp-content\/uploads\/2023\/12\/Diseno-sin-titulo-3.jpg\",\"contentUrl\":\"https:\/\/blgnoticiassantodomingo.net\/wp-content\/uploads\/2023\/12\/Diseno-sin-titulo-3.jpg\",\"width\":500,\"height\":500,\"caption\":\"BLG Noticias\"},\"image\":{\"@id\":\"https:\/\/blgnoticiassantodomingo.net\/#\/schema\/logo\/image\/\"},\"sameAs\":[\"https:\/\/web.facebook.com\/BlgNoticias\/?locale=es_LA&_rdc=1&_rdr\",\"https:\/\/x.com\/BlgNoticias\",\"https:\/\/www.linkedin.com\/in\/brenda-l-santana-aa846279\/\"]},{\"@type\":\"Person\",\"@id\":\"https:\/\/blgnoticiassantodomingo.net\/#\/schema\/person\/e2fc21cf88acc63dbd134be981bff374\",\"name\":\"Brenda Guerrero\",\"image\":{\"@type\":\"ImageObject\",\"inLanguage\":\"es\",\"@id\":\"https:\/\/blgnoticiassantodomingo.net\/#\/schema\/person\/image\/\",\"url\":\"https:\/\/secure.gravatar.com\/avatar\/2f7fc4c3e3655be1580cb684bfd8ab19be702ae20879da1e072021daa02f9b8b?s=96&d=wp_user_avatar&r=g\",\"contentUrl\":\"https:\/\/secure.gravatar.com\/avatar\/2f7fc4c3e3655be1580cb684bfd8ab19be702ae20879da1e072021daa02f9b8b?s=96&d=wp_user_avatar&r=g\",\"caption\":\"Brenda Guerrero\"},\"description\":\"Periodista\",\"url\":\"https:\/\/blgnoticiassantodomingo.net\/index.php\/author\/brenda-guerrero\/\"}]}<\/script>\n<!-- \/ Yoast SEO plugin. -->","yoast_head_json":{"title":"Collado revela recibi\u00f3 ofertas para candidatura presidencial - BLG Noticias","robots":{"index":"index","follow":"follow","max-snippet":"max-snippet:-1","max-image-preview":"max-image-preview:large","max-video-preview":"max-video-preview:-1"},"canonical":"https:\/\/blgnoticiassantodomingo.net\/index.php\/2020\/03\/11\/collado-revela-recibio-ofertas-para-candidatura-presidencial\/","og_locale":"es_ES","og_type":"article","og_title":"Collado revela recibi\u00f3 ofertas para candidatura presidencial - BLG Noticias","og_description":"El alcalde del Distrito Nacional, David Collado, anunci\u00f3 anoche al pa\u00eds que no utilizar\u00e1 su posici\u00f3n ni su capital pol\u00edtico para correr por la presidencia de la Rep\u00fablica ni pactar otro cargo en el presente proceso electoral, debido a que no negociar\u00e1 sus convicciones y prefiere alejarse antes que traicionar a quienes le debe lo [&hellip;]","og_url":"https:\/\/blgnoticiassantodomingo.net\/index.php\/2020\/03\/11\/collado-revela-recibio-ofertas-para-candidatura-presidencial\/","og_site_name":"BLG Noticias","article_publisher":"https:\/\/web.facebook.com\/BlgNoticias\/?locale=es_LA&_rdc=1&_rdr","article_published_time":"2020-03-11T12:50:56+00:00","article_modified_time":"2020-03-11T12:50:58+00:00","og_image":[{"width":680,"height":382,"url":"https:\/\/blgnoticiassantodomingo.net\/wp-content\/uploads\/2020\/03\/collado-revela-recibio-ofertas-para-candidatura-presidencial.jpeg","type":"image\/jpeg"}],"author":"Brenda Guerrero","twitter_card":"summary_large_image","twitter_creator":"@BlgNoticias","twitter_site":"@BlgNoticias","twitter_misc":{"Escrito por":"Brenda Guerrero","Tiempo de lectura":"6 minutos"},"schema":{"@context":"https:\/\/schema.org","@graph":[{"@type":"Article","@id":"https:\/\/blgnoticiassantodomingo.net\/index.php\/2020\/03\/11\/collado-revela-recibio-ofertas-para-candidatura-presidencial\/#article","isPartOf":{"@id":"https:\/\/blgnoticiassantodomingo.net\/index.php\/2020\/03\/11\/collado-revela-recibio-ofertas-para-candidatura-presidencial\/"},"author":{"name":"Brenda Guerrero","@id":"https:\/\/blgnoticiassantodomingo.net\/#\/schema\/person\/e2fc21cf88acc63dbd134be981bff374"},"headline":"Collado revela recibi\u00f3 ofertas para candidatura presidencial","datePublished":"2020-03-11T12:50:56+00:00","dateModified":"2020-03-11T12:50:58+00:00","mainEntityOfPage":{"@id":"https:\/\/blgnoticiassantodomingo.net\/index.php\/2020\/03\/11\/collado-revela-recibio-ofertas-para-candidatura-presidencial\/"},"wordCount":1259,"commentCount":0,"publisher":{"@id":"https:\/\/blgnoticiassantodomingo.net\/#organization"},"image":{"@id":"https:\/\/blgnoticiassantodomingo.net\/index.php\/2020\/03\/11\/collado-revela-recibio-ofertas-para-candidatura-presidencial\/#primaryimage"},"thumbnailUrl":"https:\/\/blgnoticiassantodomingo.net\/wp-content\/uploads\/2020\/03\/collado-revela-recibio-ofertas-para-candidatura-presidencial.jpeg","articleSection":["Nacionales"],"inLanguage":"es","potentialAction":[{"@type":"CommentAction","name":"Comment","target":["https:\/\/blgnoticiassantodomingo.net\/index.php\/2020\/03\/11\/collado-revela-recibio-ofertas-para-candidatura-presidencial\/#respond"]}]},{"@type":"WebPage","@id":"https:\/\/blgnoticiassantodomingo.net\/index.php\/2020\/03\/11\/collado-revela-recibio-ofertas-para-candidatura-presidencial\/","url":"https:\/\/blgnoticiassantodomingo.net\/index.php\/2020\/03\/11\/collado-revela-recibio-ofertas-para-candidatura-presidencial\/","name":"Collado revela recibi\u00f3 ofertas para candidatura presidencial - BLG Noticias","isPartOf":{"@id":"https:\/\/blgnoticiassantodomingo.net\/#website"},"primaryImageOfPage":{"@id":"https:\/\/blgnoticiassantodomingo.net\/index.php\/2020\/03\/11\/collado-revela-recibio-ofertas-para-candidatura-presidencial\/#primaryimage"},"image":{"@id":"https:\/\/blgnoticiassantodomingo.net\/index.php\/2020\/03\/11\/collado-revela-recibio-ofertas-para-candidatura-presidencial\/#primaryimage"},"thumbnailUrl":"https:\/\/blgnoticiassantodomingo.net\/wp-content\/uploads\/2020\/03\/collado-revela-recibio-ofertas-para-candidatura-presidencial.jpeg","datePublished":"2020-03-11T12:50:56+00:00","dateModified":"2020-03-11T12:50:58+00:00","breadcrumb":{"@id":"https:\/\/blgnoticiassantodomingo.net\/index.php\/2020\/03\/11\/collado-revela-recibio-ofertas-para-candidatura-presidencial\/#breadcrumb"},"inLanguage":"es","potentialAction":[{"@type":"ReadAction","target":["https:\/\/blgnoticiassantodomingo.net\/index.php\/2020\/03\/11\/collado-revela-recibio-ofertas-para-candidatura-presidencial\/"]}]},{"@type":"ImageObject","inLanguage":"es","@id":"https:\/\/blgnoticiassantodomingo.net\/index.php\/2020\/03\/11\/collado-revela-recibio-ofertas-para-candidatura-presidencial\/#primaryimage","url":"https:\/\/blgnoticiassantodomingo.net\/wp-content\/uploads\/2020\/03\/collado-revela-recibio-ofertas-para-candidatura-presidencial.jpeg","contentUrl":"https:\/\/blgnoticiassantodomingo.net\/wp-content\/uploads\/2020\/03\/collado-revela-recibio-ofertas-para-candidatura-presidencial.jpeg","width":680,"height":382},{"@type":"BreadcrumbList","@id":"https:\/\/blgnoticiassantodomingo.net\/index.php\/2020\/03\/11\/collado-revela-recibio-ofertas-para-candidatura-presidencial\/#breadcrumb","itemListElement":[{"@type":"ListItem","position":1,"name":"Portada","item":"https:\/\/blgnoticiassantodomingo.net\/"},{"@type":"ListItem","position":2,"name":"Collado revela recibi\u00f3 ofertas para candidatura presidencial"}]},{"@type":"WebSite","@id":"https:\/\/blgnoticiassantodomingo.net\/#website","url":"https:\/\/blgnoticiassantodomingo.net\/","name":"BLG Noticias","description":"Esto es Noticias","publisher":{"@id":"https:\/\/blgnoticiassantodomingo.net\/#organization"},"potentialAction":[{"@type":"SearchAction","target":{"@type":"EntryPoint","urlTemplate":"https:\/\/blgnoticiassantodomingo.net\/?s={search_term_string}"},"query-input":{"@type":"PropertyValueSpecification","valueRequired":true,"valueName":"search_term_string"}}],"inLanguage":"es"},{"@type":"Organization","@id":"https:\/\/blgnoticiassantodomingo.net\/#organization","name":"BLG Noticias","url":"https:\/\/blgnoticiassantodomingo.net\/","logo":{"@type":"ImageObject","inLanguage":"es","@id":"https:\/\/blgnoticiassantodomingo.net\/#\/schema\/logo\/image\/","url":"https:\/\/blgnoticiassantodomingo.net\/wp-content\/uploads\/2023\/12\/Diseno-sin-titulo-3.jpg","contentUrl":"https:\/\/blgnoticiassantodomingo.net\/wp-content\/uploads\/2023\/12\/Diseno-sin-titulo-3.jpg","width":500,"height":500,"caption":"BLG Noticias"},"image":{"@id":"https:\/\/blgnoticiassantodomingo.net\/#\/schema\/logo\/image\/"},"sameAs":["https:\/\/web.facebook.com\/BlgNoticias\/?locale=es_LA&_rdc=1&_rdr","https:\/\/x.com\/BlgNoticias","https:\/\/www.linkedin.com\/in\/brenda-l-santana-aa846279\/"]},{"@type":"Person","@id":"https:\/\/blgnoticiassantodomingo.net\/#\/schema\/person\/e2fc21cf88acc63dbd134be981bff374","name":"Brenda Guerrero","image":{"@type":"ImageObject","inLanguage":"es","@id":"https:\/\/blgnoticiassantodomingo.net\/#\/schema\/person\/image\/","url":"https:\/\/secure.gravatar.com\/avatar\/2f7fc4c3e3655be1580cb684bfd8ab19be702ae20879da1e072021daa02f9b8b?s=96&d=wp_user_avatar&r=g","contentUrl":"https:\/\/secure.gravatar.com\/avatar\/2f7fc4c3e3655be1580cb684bfd8ab19be702ae20879da1e072021daa02f9b8b?s=96&d=wp_user_avatar&r=g","caption":"Brenda Guerrero"},"description":"Periodista","url":"https:\/\/blgnoticiassantodomingo.net\/index.php\/author\/brenda-guerrero\/"}]}},"jetpack_featured_media_url":"https:\/\/blgnoticiassantodomingo.net\/wp-content\/uploads\/2020\/03\/collado-revela-recibio-ofertas-para-candidatura-presidencial.jpeg","_links":{"self":[{"href":"https:\/\/blgnoticiassantodomingo.net\/index.php\/wp-json\/wp\/v2\/posts\/7374","targetHints":{"allow":["GET"]}}],"collection":[{"href":"https:\/\/blgnoticiassantodomingo.net\/index.php\/wp-json\/wp\/v2\/posts"}],"about":[{"href":"https:\/\/blgnoticiassantodomingo.net\/index.php\/wp-json\/wp\/v2\/types\/post"}],"author":[{"embeddable":true,"href":"https:\/\/blgnoticiassantodomingo.net\/index.php\/wp-json\/wp\/v2\/users\/2"}],"replies":[{"embeddable":true,"href":"https:\/\/blgnoticiassantodomingo.net\/index.php\/wp-json\/wp\/v2\/comments?post=7374"}],"version-history":[{"count":1,"href":"https:\/\/blgnoticiassantodomingo.net\/index.php\/wp-json\/wp\/v2\/posts\/7374\/revisions"}],"predecessor-version":[{"id":7376,"href":"https:\/\/blgnoticiassantodomingo.net\/index.php\/wp-json\/wp\/v2\/posts\/7374\/revisions\/7376"}],"wp:featuredmedia":[{"embeddable":true,"href":"https:\/\/blgnoticiassantodomingo.net\/index.php\/wp-json\/wp\/v2\/media\/7375"}],"wp:attachment":[{"href":"https:\/\/blgnoticiassantodomingo.net\/index.php\/wp-json\/wp\/v2\/media?parent=7374"}],"wp:term":[{"taxonomy":"category","embeddable":true,"href":"https:\/\/blgnoticiassantodomingo.net\/index.php\/wp-json\/wp\/v2\/categories?post=7374"},{"taxonomy":"post_tag","embeddable":true,"href":"https:\/\/blgnoticiassantodomingo.net\/index.php\/wp-json\/wp\/v2\/tags?post=7374"}],"curies":[{"name":"wp","href":"https:\/\/api.w.org\/{rel}","templated":true}]}}