{"id":7371,"date":"2020-03-11T12:45:53","date_gmt":"2020-03-11T12:45:53","guid":{"rendered":"http:\/\/blgnoticiassantodomingo.net\/?p=7371"},"modified":"2020-03-11T12:45:54","modified_gmt":"2020-03-11T12:45:54","slug":"luis-abinader-leonel-fernandez-y-guillermo-moreno-eligen-a-sus-vices","status":"publish","type":"post","link":"https:\/\/blgnoticiassantodomingo.net\/index.php\/2020\/03\/11\/luis-abinader-leonel-fernandez-y-guillermo-moreno-eligen-a-sus-vices\/","title":{"rendered":"Luis Abinader, Leonel Fern\u00e1ndez y Guillermo Moreno eligen a sus vices"},"content":{"rendered":"\n<p>Los candidatos a la presidencia por los partidos Revolucionario Moderno, Luis Abinader, Fuerza del Pueblo, Leonel Fern\u00e1ndez, y Alianza Pa\u00eds, Guillermo Moreno, eligieron anoche sus compa\u00f1eros de boletas para las elecciones de mayo pr\u00f3ximo.<\/p>\n\n\n\n<p>Abinader eligi\u00f3 a la empresaria y acad\u00e9mica santiaguera Raquel Pe\u00f1a, Mientras que Fern\u00e1ndez estar\u00e1 acompa\u00f1ado de la alta dirigente reformista Sergia Elena de S\u00e9liman y Guillermo Moreno tendr\u00e1 a su lado a Agust\u00edn Morel.<\/p>\n\n\n\n<p><strong><em>Raquel Pe\u00f1a<\/em><\/strong><\/p>\n\n\n\n<p>La empresaria y activista social, Raquel Pe\u00f1a, quien se desempe\u00f1a como vicerrectora Admi\u00adnistrativa y Financiera de la Pontificia Universidad Cat\u00f3lica Madre y Maestra (PUCMM), en Santiago.<\/p>\n\n\n\n<p>Al ponderar las cualidades de Pe\u00f1a, Abinader la calific\u00f3 como una mujer con gran capacidad profe\u00adsional y arraigados valo\u00adres familiares. Llam\u00f3 al pueblo domi\u00adnicano a confiar en la f\u00f3r\u00admula del cambio.<\/p>\n\n\n\n<p>\u201cConozco a Raquel Pe\u00ad\u00f1a desde hace tiempo. Co\u00adnozco de su honradez, su compromiso social, sus valores familiares, su ca\u00adpacidad y su amor por su pa\u00eds\u201d, dijo al destacar que cuando la totalidad de los dominicanos la conozcan, se dar\u00e1n cuenta de la ex\u00adcelente vicepresidenta que&nbsp; tendr\u00e1n. Asegur\u00f3 que jun\u00adto a Raquel har\u00e1n el cambio que aspira los dominicanos, para traer transparencia al gobierno, crear empleo, lle\u00advar seguridad a las calles, tener una educaci\u00f3n y una salud digna.<\/p>\n\n\n\n<p>\u201cUn cambio para sentir\u00adnos orgullosos de nuestro pa\u00eds. Ese es el cambio que viene, ese es el cambio que viene y por el cual esta f\u00f3r\u00admula presidencial del PRM y sus aliados trabajan\u201d, agreg\u00f3.<\/p>\n\n\n\n<p>Previo a su entrada al sa\u00adl\u00f3n, fue presentado un vi\u00addeo en el que Abinader aparece acompa\u00f1ado de Raquel Pe\u00f1a, con un men\u00adsaje en el que hablan de su compromiso para propor\u00adcionar un mejor pa\u00eds.<\/p>\n\n\n\n<p>En todo momento fueron ovacionados por los presen\u00adtes, que de inmediato lanza\u00adron la consigna \u201cel cambio va y el PLD se va), mientras el binomio con sus brazos levantados y sonriente, reci\u00adb\u00eda la demostraci\u00f3n de apo\u00adyo y cari\u00f1o.<\/p>\n\n\n\n<p><strong><em>Un cambio para el pa\u00eds<\/em><\/strong><\/p>\n\n\n\n<p>Raquel Pe\u00f1a manifest\u00f3 que se siente muy entu\u00adsiasmada de aceptar ser\u00advir&nbsp; al pueblo dominicano desde el escenario pol\u00edti\u00adco. Dijo que esta designa\u00adci\u00f3n llega en un momen\u00adto donde desea buscar la prosperidad de todos los ciudadanos y destac\u00f3 que durante un largo periodo ha trabajado cerca de la educaci\u00f3n y en el sector empresarial del pa\u00eds.<\/p>\n\n\n\n<p>Sostuvo que vio la ne\u00adcesidad de un cambio en el pa\u00eds, por lo que no du\u00add\u00f3 ni un segundo en su\u00admase al proyecto de Abinader.<\/p>\n\n\n\n<p>\u201cLa pol\u00edtica no es una actividad extra\u00f1a para m\u00ed. La casa paterna era una especie de embajada en la que encontraron cobijo y apoyo los hombres que representaban las aspira\u00adciones democr\u00e1ticas de la \u00e9poca\u201d, dijo.<\/p>\n\n\n\n<p>\u201cAcepto crear empleos, porque tengo toda una vi\u00adda desarrollando empre\u00adsas que brindan el susten\u00adto a numerosas familias, acepto el reto de educar, porque tengo a\u00f1os gra\u00adduando j\u00f3venes universi\u00adtarios y acepto el reto de la solidaridad, porque he vivido la felicidad de com\u00adpartir\u201d, resalt\u00f3.<\/p>\n\n\n\n<p><strong><em>Leonel y la Fuerza del Pueblo<\/em><\/strong><\/p>\n\n\n\n<p>Fern\u00e1ndez hizo el anuncio de su compa\u00f1era de boleta durante una rueda de prensa que ofreci\u00f3 Fern\u00e1n\u00addez en su oficina pol\u00edtica de Gascue, donde destac\u00f3 las cualidades de Sergia Elena, quien tiene una prolongada carrera pol\u00edti\u00adca y en la actualidad ocupa el cargo de vicepresidenta del Partido Reformista So\u00adcial Cristiano (PRSC)<\/p>\n\n\n\n<p>El expresidente Fern\u00e1n\u00addez asegur\u00f3 que su compa\u00ad\u00f1era de f\u00f3rmula no hab\u00eda podido asistir a la actividad porque se encontraba en Miami cumpliendo com\u00adpromisos familiares.<ins><\/ins><\/p>\n\n\n\n<p>No obstante, Sergia Ele\u00adna emiti\u00f3 un mensaje en su cuenta de Twitter @ser\u00adgiaelena \u201cAgradezco al Pd\u00adte Leonel Fern\u00e1ndez la distinction&nbsp; de escogerme como candidata Vice-Presidencial. Acompa\u00f1ar estre gran Esta\u00addista es un privilegio que me compromete con todas las y los Dominicanos. Reafirmo mi compromiso con mi Par\u00adtido. A paso de vencedores\u2026E\u2019 pa\u2019 fuera que van!\u201d.<\/p>\n\n\n\n<p>La Fuerza del Pueblo va aliada con el PRSC a las elecciones presidencia\u00adles de mayo, organizaci\u00f3n con la que va aliada junto a otros partidos oposito\u00adres, con el objetivo de sa\u00adcar del poder al Partido de la Liberaci\u00f3n Dominicana (PLD), luego que el expre\u00adsidente Fern\u00e1ndez deci\u00addi\u00f3 abandonar esa organi\u00adzaci\u00f3n en octubre pasado&nbsp; tras alegar un fraude en las primarias internas..<\/p>\n\n\n\n<p>En el acto tambi\u00e9n habl\u00f3 el presidente del PRSC, Fede\u00adrico Ant\u00fan Battle, quin tam\u00adbi\u00e9n resalt\u00f3 las cualidades de Sergia Elena de S\u00e9liman, de quien dijo \u201crepresenta no so\u00adlo a la mujer reformista, sino a la mujer dominicana\u201d.\u201cEs una mujer apasionada de la pol\u00edtica y dedicada a plenitud a su familia. Es \u00edntegra, espo\u00adsa de Juan Luis S\u00e9liman, un alto dirigente del PRSC du\u00adrante toda la vida. Ella ha recorrido todo el pa\u00eds, el que conoce de punta a punta\u201d, manifest\u00f3.<\/p>\n\n\n\n<p>\u201cEl reformismo se llena de orgullo esta noche, pre\u00adsidente Fern\u00e1ndez, por la&nbsp; escogencia de Sergia Ele\u00adna de S\u00e9liman, y le agrade\u00adcemos ese gesto, pero tene\u00admos el gran reto de poder hacer el aporte que necesi\u00adta la naci\u00f3n dominicana de que en este trayecto de los dos meses que faltan para la consulta electoral de mayo, poder ganar las elecciones como se lo merece el pueblo dominicano\u201d, apunt\u00f3.<\/p>\n\n\n\n<p>Sergia Elena tambi\u00e9n ocu\u00adpa el cargo de vicepresidenta de la Organizaci\u00f3n Dem\u00f3cra\u00adta Cristiana de Am\u00e9rica (OD\u00adCA), posici\u00f3n a la que fue electa en el marco del XXII Congreso que celebr\u00f3 la en\u00adtidad en Costa Rica a finales de mayo de 2019, puesto en el que permanecer\u00e1 hasta el 2022.<\/p>\n\n\n\n<p>En el acto estuvieron pre\u00adsentes tambi\u00e9n el secretario general del Partido Refor\u00admista,, Ram\u00f3n Rogelio Genao. y el secretario de Or\u00adganizaci\u00f3n, Jos\u00e9 Balaguer. En tanto, por la Fuerza del Pueblo estuvieron su secre\u00adtario general, Antonio Flo\u00adri\u00e1n, (Pe\u00f1ita), Radham\u00e9s Jim\u00e9nez, Rafael N\u00fa\u00f1ez, en\u00adtre otros.<\/p>\n\n\n\n<p>Asimismo, Moreno decidi\u00f3 llevar como su compa\u00f1ero a Agust\u00edn Morel, quien es oriundo de Santiago de los Caballeros e inici\u00f3 su trayectoria pol\u00edtica en Alianza Pa\u00eds desde su fundaci\u00f3n, perteneciendo actualmente a la comisi\u00f3n nacional y comisi\u00f3n pol\u00edtica.<\/p>\n\n\n\n<p><strong><em>\u00bfQui\u00e9n es Agust\u00edn Gonz\u00e1lez?<\/em><\/strong><\/p>\n\n\n\n<p>Agust\u00edn Gonz\u00e1lez Morel naci\u00f3 en Montecristi el 28 de febrero de 1956. Es hijo de la Se\u00f1ora Beatriz Morel Tatis y del Se\u00f1or Basilio Gonz\u00e1lez Castro, ambos fallecidos. En el a\u00f1o 1969, su familia, que resid\u00eda en Villa V\u00e1squez, emigra a la ciudad de Santiago de los Caballeros, donde reside hasta la actualidad. Es padre de tres hijos (3) y est\u00e1 actualmente casado con la psic\u00f3loga Marcia Rodr\u00edguez Taveras.<\/p>\n\n\n\n<p>Agust\u00edn Gonz\u00e1lez Morel es graduado del Programa ISA-PUCMM en Econom\u00eda Agr\u00edcola. Tiene estudios de maestr\u00edas en: Administraci\u00f3n de Empresas (PUCMM) y Psicolog\u00eda Industrial (UTESA) y estudios de Postgrado en Pedagog\u00eda Universitaria (PUCMM). Realizo, adem\u00e1s, diplomados en Estrategia y Formulaci\u00f3n de Proyectos en el INCAE, de Costa Rica.<\/p>\n\n\n\n<p>Ha impartido docencia en grado y maestr\u00eda tanto en prestigiosas universidades nacionales, como PUCMM, UTESA, UAPA y la UASD, ense\u00f1ando las materias: Econom\u00eda Agr\u00edcola; Econom\u00eda Pol\u00edtica; Econom\u00eda Dominicana; Formulaci\u00f3n y Evaluaci\u00f3n de Proyectos; Estrategia Competitiva y Alta Gerencia. La docencia la ha complementado con trabajos de consultor\u00eda e investigaci\u00f3n.<\/p>\n","protected":false},"excerpt":{"rendered":"<p>Los candidatos a la presidencia por los partidos Revolucionario Moderno, Luis Abinader, Fuerza del Pueblo, Leonel Fern\u00e1ndez, y Alianza Pa\u00eds, Guillermo Moreno, eligieron anoche sus compa\u00f1eros de boletas para las elecciones de mayo pr\u00f3ximo. Abinader eligi\u00f3 a la empresaria y acad\u00e9mica santiaguera Raquel Pe\u00f1a, Mientras que Fern\u00e1ndez estar\u00e1 acompa\u00f1ado de la alta dirigente reformista Sergia [&hellip;]<\/p>\n","protected":false},"author":2,"featured_media":7372,"comment_status":"open","ping_status":"open","sticky":false,"template":"","format":"standard","meta":{"footnotes":""},"categories":[226],"tags":[228,227,354],"class_list":{"0":"post-7371","1":"post","2":"type-post","3":"status-publish","4":"format-standard","5":"has-post-thumbnail","7":"category-politica","8":"tag-la-fuerza-del-pueblo","9":"tag-leonel-fernandez","10":"tag-luis-abinader"},"yoast_head":"<!-- This site is optimized with the Yoast SEO plugin v24.9 - https:\/\/yoast.com\/wordpress\/plugins\/seo\/ -->\n<title>Luis Abinader, Leonel Fern\u00e1ndez y Guillermo Moreno eligen a sus vices - BLG Noticias<\/title>\n<meta name=\"robots\" content=\"index, follow, max-snippet:-1, max-image-preview:large, max-video-preview:-1\" \/>\n<link rel=\"canonical\" href=\"https:\/\/blgnoticiassantodomingo.net\/index.php\/2020\/03\/11\/luis-abinader-leonel-fernandez-y-guillermo-moreno-eligen-a-sus-vices\/\" \/>\n<meta property=\"og:locale\" content=\"es_ES\" \/>\n<meta property=\"og:type\" content=\"article\" \/>\n<meta property=\"og:title\" content=\"Luis Abinader, Leonel Fern\u00e1ndez y Guillermo Moreno eligen a sus vices - BLG Noticias\" \/>\n<meta property=\"og:description\" content=\"Los candidatos a la presidencia por los partidos Revolucionario Moderno, Luis Abinader, Fuerza del Pueblo, Leonel Fern\u00e1ndez, y Alianza Pa\u00eds, Guillermo Moreno, eligieron anoche sus compa\u00f1eros de boletas para las elecciones de mayo pr\u00f3ximo. Abinader eligi\u00f3 a la empresaria y acad\u00e9mica santiaguera Raquel Pe\u00f1a, Mientras que Fern\u00e1ndez estar\u00e1 acompa\u00f1ado de la alta dirigente reformista Sergia [&hellip;]\" \/>\n<meta property=\"og:url\" content=\"https:\/\/blgnoticiassantodomingo.net\/index.php\/2020\/03\/11\/luis-abinader-leonel-fernandez-y-guillermo-moreno-eligen-a-sus-vices\/\" \/>\n<meta property=\"og:site_name\" content=\"BLG Noticias\" \/>\n<meta property=\"article:publisher\" content=\"https:\/\/web.facebook.com\/BlgNoticias\/?locale=es_LA&amp;_rdc=1&amp;_rdr\" \/>\n<meta property=\"article:published_time\" content=\"2020-03-11T12:45:53+00:00\" \/>\n<meta property=\"article:modified_time\" content=\"2020-03-11T12:45:54+00:00\" \/>\n<meta property=\"og:image\" content=\"https:\/\/blgnoticiassantodomingo.net\/wp-content\/uploads\/2020\/03\/luis-abinader-leonel-fernandez-y-guillermo-moreno-eligen-a-sus-vices.jpeg\" \/>\n\t<meta property=\"og:image:width\" content=\"680\" \/>\n\t<meta property=\"og:image:height\" content=\"348\" \/>\n\t<meta property=\"og:image:type\" content=\"image\/jpeg\" \/>\n<meta name=\"author\" content=\"Brenda Guerrero\" \/>\n<meta name=\"twitter:card\" content=\"summary_large_image\" \/>\n<meta name=\"twitter:creator\" content=\"@BlgNoticias\" \/>\n<meta name=\"twitter:site\" content=\"@BlgNoticias\" \/>\n<meta name=\"twitter:label1\" content=\"Escrito por\" \/>\n\t<meta name=\"twitter:data1\" content=\"Brenda Guerrero\" \/>\n\t<meta name=\"twitter:label2\" content=\"Tiempo de lectura\" \/>\n\t<meta name=\"twitter:data2\" content=\"7 minutos\" \/>\n<script type=\"application\/ld+json\" class=\"yoast-schema-graph\">{\"@context\":\"https:\/\/schema.org\",\"@graph\":[{\"@type\":\"Article\",\"@id\":\"https:\/\/blgnoticiassantodomingo.net\/index.php\/2020\/03\/11\/luis-abinader-leonel-fernandez-y-guillermo-moreno-eligen-a-sus-vices\/#article\",\"isPartOf\":{\"@id\":\"https:\/\/blgnoticiassantodomingo.net\/index.php\/2020\/03\/11\/luis-abinader-leonel-fernandez-y-guillermo-moreno-eligen-a-sus-vices\/\"},\"author\":{\"name\":\"Brenda Guerrero\",\"@id\":\"https:\/\/blgnoticiassantodomingo.net\/#\/schema\/person\/e2fc21cf88acc63dbd134be981bff374\"},\"headline\":\"Luis Abinader, Leonel Fern\u00e1ndez y Guillermo Moreno eligen a sus vices\",\"datePublished\":\"2020-03-11T12:45:53+00:00\",\"dateModified\":\"2020-03-11T12:45:54+00:00\",\"mainEntityOfPage\":{\"@id\":\"https:\/\/blgnoticiassantodomingo.net\/index.php\/2020\/03\/11\/luis-abinader-leonel-fernandez-y-guillermo-moreno-eligen-a-sus-vices\/\"},\"wordCount\":1321,\"commentCount\":0,\"publisher\":{\"@id\":\"https:\/\/blgnoticiassantodomingo.net\/#organization\"},\"image\":{\"@id\":\"https:\/\/blgnoticiassantodomingo.net\/index.php\/2020\/03\/11\/luis-abinader-leonel-fernandez-y-guillermo-moreno-eligen-a-sus-vices\/#primaryimage\"},\"thumbnailUrl\":\"https:\/\/blgnoticiassantodomingo.net\/wp-content\/uploads\/2020\/03\/luis-abinader-leonel-fernandez-y-guillermo-moreno-eligen-a-sus-vices.jpeg\",\"keywords\":[\"La Fuerza del Pueblo\",\"Leonel Fernandez\",\"Luis Abinader\"],\"articleSection\":[\"Politica\"],\"inLanguage\":\"es\",\"potentialAction\":[{\"@type\":\"CommentAction\",\"name\":\"Comment\",\"target\":[\"https:\/\/blgnoticiassantodomingo.net\/index.php\/2020\/03\/11\/luis-abinader-leonel-fernandez-y-guillermo-moreno-eligen-a-sus-vices\/#respond\"]}]},{\"@type\":\"WebPage\",\"@id\":\"https:\/\/blgnoticiassantodomingo.net\/index.php\/2020\/03\/11\/luis-abinader-leonel-fernandez-y-guillermo-moreno-eligen-a-sus-vices\/\",\"url\":\"https:\/\/blgnoticiassantodomingo.net\/index.php\/2020\/03\/11\/luis-abinader-leonel-fernandez-y-guillermo-moreno-eligen-a-sus-vices\/\",\"name\":\"Luis Abinader, Leonel Fern\u00e1ndez y Guillermo Moreno eligen a sus vices - BLG Noticias\",\"isPartOf\":{\"@id\":\"https:\/\/blgnoticiassantodomingo.net\/#website\"},\"primaryImageOfPage\":{\"@id\":\"https:\/\/blgnoticiassantodomingo.net\/index.php\/2020\/03\/11\/luis-abinader-leonel-fernandez-y-guillermo-moreno-eligen-a-sus-vices\/#primaryimage\"},\"image\":{\"@id\":\"https:\/\/blgnoticiassantodomingo.net\/index.php\/2020\/03\/11\/luis-abinader-leonel-fernandez-y-guillermo-moreno-eligen-a-sus-vices\/#primaryimage\"},\"thumbnailUrl\":\"https:\/\/blgnoticiassantodomingo.net\/wp-content\/uploads\/2020\/03\/luis-abinader-leonel-fernandez-y-guillermo-moreno-eligen-a-sus-vices.jpeg\",\"datePublished\":\"2020-03-11T12:45:53+00:00\",\"dateModified\":\"2020-03-11T12:45:54+00:00\",\"breadcrumb\":{\"@id\":\"https:\/\/blgnoticiassantodomingo.net\/index.php\/2020\/03\/11\/luis-abinader-leonel-fernandez-y-guillermo-moreno-eligen-a-sus-vices\/#breadcrumb\"},\"inLanguage\":\"es\",\"potentialAction\":[{\"@type\":\"ReadAction\",\"target\":[\"https:\/\/blgnoticiassantodomingo.net\/index.php\/2020\/03\/11\/luis-abinader-leonel-fernandez-y-guillermo-moreno-eligen-a-sus-vices\/\"]}]},{\"@type\":\"ImageObject\",\"inLanguage\":\"es\",\"@id\":\"https:\/\/blgnoticiassantodomingo.net\/index.php\/2020\/03\/11\/luis-abinader-leonel-fernandez-y-guillermo-moreno-eligen-a-sus-vices\/#primaryimage\",\"url\":\"https:\/\/blgnoticiassantodomingo.net\/wp-content\/uploads\/2020\/03\/luis-abinader-leonel-fernandez-y-guillermo-moreno-eligen-a-sus-vices.jpeg\",\"contentUrl\":\"https:\/\/blgnoticiassantodomingo.net\/wp-content\/uploads\/2020\/03\/luis-abinader-leonel-fernandez-y-guillermo-moreno-eligen-a-sus-vices.jpeg\",\"width\":680,\"height\":348},{\"@type\":\"BreadcrumbList\",\"@id\":\"https:\/\/blgnoticiassantodomingo.net\/index.php\/2020\/03\/11\/luis-abinader-leonel-fernandez-y-guillermo-moreno-eligen-a-sus-vices\/#breadcrumb\",\"itemListElement\":[{\"@type\":\"ListItem\",\"position\":1,\"name\":\"Portada\",\"item\":\"https:\/\/blgnoticiassantodomingo.net\/\"},{\"@type\":\"ListItem\",\"position\":2,\"name\":\"Luis Abinader, Leonel Fern\u00e1ndez y Guillermo Moreno eligen a sus vices\"}]},{\"@type\":\"WebSite\",\"@id\":\"https:\/\/blgnoticiassantodomingo.net\/#website\",\"url\":\"https:\/\/blgnoticiassantodomingo.net\/\",\"name\":\"BLG Noticias\",\"description\":\"Esto es Noticias\",\"publisher\":{\"@id\":\"https:\/\/blgnoticiassantodomingo.net\/#organization\"},\"potentialAction\":[{\"@type\":\"SearchAction\",\"target\":{\"@type\":\"EntryPoint\",\"urlTemplate\":\"https:\/\/blgnoticiassantodomingo.net\/?s={search_term_string}\"},\"query-input\":{\"@type\":\"PropertyValueSpecification\",\"valueRequired\":true,\"valueName\":\"search_term_string\"}}],\"inLanguage\":\"es\"},{\"@type\":\"Organization\",\"@id\":\"https:\/\/blgnoticiassantodomingo.net\/#organization\",\"name\":\"BLG Noticias\",\"url\":\"https:\/\/blgnoticiassantodomingo.net\/\",\"logo\":{\"@type\":\"ImageObject\",\"inLanguage\":\"es\",\"@id\":\"https:\/\/blgnoticiassantodomingo.net\/#\/schema\/logo\/image\/\",\"url\":\"https:\/\/blgnoticiassantodomingo.net\/wp-content\/uploads\/2023\/12\/Diseno-sin-titulo-3.jpg\",\"contentUrl\":\"https:\/\/blgnoticiassantodomingo.net\/wp-content\/uploads\/2023\/12\/Diseno-sin-titulo-3.jpg\",\"width\":500,\"height\":500,\"caption\":\"BLG Noticias\"},\"image\":{\"@id\":\"https:\/\/blgnoticiassantodomingo.net\/#\/schema\/logo\/image\/\"},\"sameAs\":[\"https:\/\/web.facebook.com\/BlgNoticias\/?locale=es_LA&_rdc=1&_rdr\",\"https:\/\/x.com\/BlgNoticias\",\"https:\/\/www.linkedin.com\/in\/brenda-l-santana-aa846279\/\"]},{\"@type\":\"Person\",\"@id\":\"https:\/\/blgnoticiassantodomingo.net\/#\/schema\/person\/e2fc21cf88acc63dbd134be981bff374\",\"name\":\"Brenda Guerrero\",\"image\":{\"@type\":\"ImageObject\",\"inLanguage\":\"es\",\"@id\":\"https:\/\/blgnoticiassantodomingo.net\/#\/schema\/person\/image\/\",\"url\":\"https:\/\/secure.gravatar.com\/avatar\/2f7fc4c3e3655be1580cb684bfd8ab19be702ae20879da1e072021daa02f9b8b?s=96&d=wp_user_avatar&r=g\",\"contentUrl\":\"https:\/\/secure.gravatar.com\/avatar\/2f7fc4c3e3655be1580cb684bfd8ab19be702ae20879da1e072021daa02f9b8b?s=96&d=wp_user_avatar&r=g\",\"caption\":\"Brenda Guerrero\"},\"description\":\"Periodista\",\"url\":\"https:\/\/blgnoticiassantodomingo.net\/index.php\/author\/brenda-guerrero\/\"}]}<\/script>\n<!-- \/ Yoast SEO plugin. -->","yoast_head_json":{"title":"Luis Abinader, Leonel Fern\u00e1ndez y Guillermo Moreno eligen a sus vices - BLG Noticias","robots":{"index":"index","follow":"follow","max-snippet":"max-snippet:-1","max-image-preview":"max-image-preview:large","max-video-preview":"max-video-preview:-1"},"canonical":"https:\/\/blgnoticiassantodomingo.net\/index.php\/2020\/03\/11\/luis-abinader-leonel-fernandez-y-guillermo-moreno-eligen-a-sus-vices\/","og_locale":"es_ES","og_type":"article","og_title":"Luis Abinader, Leonel Fern\u00e1ndez y Guillermo Moreno eligen a sus vices - BLG Noticias","og_description":"Los candidatos a la presidencia por los partidos Revolucionario Moderno, Luis Abinader, Fuerza del Pueblo, Leonel Fern\u00e1ndez, y Alianza Pa\u00eds, Guillermo Moreno, eligieron anoche sus compa\u00f1eros de boletas para las elecciones de mayo pr\u00f3ximo. Abinader eligi\u00f3 a la empresaria y acad\u00e9mica santiaguera Raquel Pe\u00f1a, Mientras que Fern\u00e1ndez estar\u00e1 acompa\u00f1ado de la alta dirigente reformista Sergia [&hellip;]","og_url":"https:\/\/blgnoticiassantodomingo.net\/index.php\/2020\/03\/11\/luis-abinader-leonel-fernandez-y-guillermo-moreno-eligen-a-sus-vices\/","og_site_name":"BLG Noticias","article_publisher":"https:\/\/web.facebook.com\/BlgNoticias\/?locale=es_LA&_rdc=1&_rdr","article_published_time":"2020-03-11T12:45:53+00:00","article_modified_time":"2020-03-11T12:45:54+00:00","og_image":[{"width":680,"height":348,"url":"https:\/\/blgnoticiassantodomingo.net\/wp-content\/uploads\/2020\/03\/luis-abinader-leonel-fernandez-y-guillermo-moreno-eligen-a-sus-vices.jpeg","type":"image\/jpeg"}],"author":"Brenda Guerrero","twitter_card":"summary_large_image","twitter_creator":"@BlgNoticias","twitter_site":"@BlgNoticias","twitter_misc":{"Escrito por":"Brenda Guerrero","Tiempo de lectura":"7 minutos"},"schema":{"@context":"https:\/\/schema.org","@graph":[{"@type":"Article","@id":"https:\/\/blgnoticiassantodomingo.net\/index.php\/2020\/03\/11\/luis-abinader-leonel-fernandez-y-guillermo-moreno-eligen-a-sus-vices\/#article","isPartOf":{"@id":"https:\/\/blgnoticiassantodomingo.net\/index.php\/2020\/03\/11\/luis-abinader-leonel-fernandez-y-guillermo-moreno-eligen-a-sus-vices\/"},"author":{"name":"Brenda Guerrero","@id":"https:\/\/blgnoticiassantodomingo.net\/#\/schema\/person\/e2fc21cf88acc63dbd134be981bff374"},"headline":"Luis Abinader, Leonel Fern\u00e1ndez y Guillermo Moreno eligen a sus vices","datePublished":"2020-03-11T12:45:53+00:00","dateModified":"2020-03-11T12:45:54+00:00","mainEntityOfPage":{"@id":"https:\/\/blgnoticiassantodomingo.net\/index.php\/2020\/03\/11\/luis-abinader-leonel-fernandez-y-guillermo-moreno-eligen-a-sus-vices\/"},"wordCount":1321,"commentCount":0,"publisher":{"@id":"https:\/\/blgnoticiassantodomingo.net\/#organization"},"image":{"@id":"https:\/\/blgnoticiassantodomingo.net\/index.php\/2020\/03\/11\/luis-abinader-leonel-fernandez-y-guillermo-moreno-eligen-a-sus-vices\/#primaryimage"},"thumbnailUrl":"https:\/\/blgnoticiassantodomingo.net\/wp-content\/uploads\/2020\/03\/luis-abinader-leonel-fernandez-y-guillermo-moreno-eligen-a-sus-vices.jpeg","keywords":["La Fuerza del Pueblo","Leonel Fernandez","Luis Abinader"],"articleSection":["Politica"],"inLanguage":"es","potentialAction":[{"@type":"CommentAction","name":"Comment","target":["https:\/\/blgnoticiassantodomingo.net\/index.php\/2020\/03\/11\/luis-abinader-leonel-fernandez-y-guillermo-moreno-eligen-a-sus-vices\/#respond"]}]},{"@type":"WebPage","@id":"https:\/\/blgnoticiassantodomingo.net\/index.php\/2020\/03\/11\/luis-abinader-leonel-fernandez-y-guillermo-moreno-eligen-a-sus-vices\/","url":"https:\/\/blgnoticiassantodomingo.net\/index.php\/2020\/03\/11\/luis-abinader-leonel-fernandez-y-guillermo-moreno-eligen-a-sus-vices\/","name":"Luis Abinader, Leonel Fern\u00e1ndez y Guillermo Moreno eligen a sus vices - BLG Noticias","isPartOf":{"@id":"https:\/\/blgnoticiassantodomingo.net\/#website"},"primaryImageOfPage":{"@id":"https:\/\/blgnoticiassantodomingo.net\/index.php\/2020\/03\/11\/luis-abinader-leonel-fernandez-y-guillermo-moreno-eligen-a-sus-vices\/#primaryimage"},"image":{"@id":"https:\/\/blgnoticiassantodomingo.net\/index.php\/2020\/03\/11\/luis-abinader-leonel-fernandez-y-guillermo-moreno-eligen-a-sus-vices\/#primaryimage"},"thumbnailUrl":"https:\/\/blgnoticiassantodomingo.net\/wp-content\/uploads\/2020\/03\/luis-abinader-leonel-fernandez-y-guillermo-moreno-eligen-a-sus-vices.jpeg","datePublished":"2020-03-11T12:45:53+00:00","dateModified":"2020-03-11T12:45:54+00:00","breadcrumb":{"@id":"https:\/\/blgnoticiassantodomingo.net\/index.php\/2020\/03\/11\/luis-abinader-leonel-fernandez-y-guillermo-moreno-eligen-a-sus-vices\/#breadcrumb"},"inLanguage":"es","potentialAction":[{"@type":"ReadAction","target":["https:\/\/blgnoticiassantodomingo.net\/index.php\/2020\/03\/11\/luis-abinader-leonel-fernandez-y-guillermo-moreno-eligen-a-sus-vices\/"]}]},{"@type":"ImageObject","inLanguage":"es","@id":"https:\/\/blgnoticiassantodomingo.net\/index.php\/2020\/03\/11\/luis-abinader-leonel-fernandez-y-guillermo-moreno-eligen-a-sus-vices\/#primaryimage","url":"https:\/\/blgnoticiassantodomingo.net\/wp-content\/uploads\/2020\/03\/luis-abinader-leonel-fernandez-y-guillermo-moreno-eligen-a-sus-vices.jpeg","contentUrl":"https:\/\/blgnoticiassantodomingo.net\/wp-content\/uploads\/2020\/03\/luis-abinader-leonel-fernandez-y-guillermo-moreno-eligen-a-sus-vices.jpeg","width":680,"height":348},{"@type":"BreadcrumbList","@id":"https:\/\/blgnoticiassantodomingo.net\/index.php\/2020\/03\/11\/luis-abinader-leonel-fernandez-y-guillermo-moreno-eligen-a-sus-vices\/#breadcrumb","itemListElement":[{"@type":"ListItem","position":1,"name":"Portada","item":"https:\/\/blgnoticiassantodomingo.net\/"},{"@type":"ListItem","position":2,"name":"Luis Abinader, Leonel Fern\u00e1ndez y Guillermo Moreno eligen a sus vices"}]},{"@type":"WebSite","@id":"https:\/\/blgnoticiassantodomingo.net\/#website","url":"https:\/\/blgnoticiassantodomingo.net\/","name":"BLG Noticias","description":"Esto es Noticias","publisher":{"@id":"https:\/\/blgnoticiassantodomingo.net\/#organization"},"potentialAction":[{"@type":"SearchAction","target":{"@type":"EntryPoint","urlTemplate":"https:\/\/blgnoticiassantodomingo.net\/?s={search_term_string}"},"query-input":{"@type":"PropertyValueSpecification","valueRequired":true,"valueName":"search_term_string"}}],"inLanguage":"es"},{"@type":"Organization","@id":"https:\/\/blgnoticiassantodomingo.net\/#organization","name":"BLG Noticias","url":"https:\/\/blgnoticiassantodomingo.net\/","logo":{"@type":"ImageObject","inLanguage":"es","@id":"https:\/\/blgnoticiassantodomingo.net\/#\/schema\/logo\/image\/","url":"https:\/\/blgnoticiassantodomingo.net\/wp-content\/uploads\/2023\/12\/Diseno-sin-titulo-3.jpg","contentUrl":"https:\/\/blgnoticiassantodomingo.net\/wp-content\/uploads\/2023\/12\/Diseno-sin-titulo-3.jpg","width":500,"height":500,"caption":"BLG Noticias"},"image":{"@id":"https:\/\/blgnoticiassantodomingo.net\/#\/schema\/logo\/image\/"},"sameAs":["https:\/\/web.facebook.com\/BlgNoticias\/?locale=es_LA&_rdc=1&_rdr","https:\/\/x.com\/BlgNoticias","https:\/\/www.linkedin.com\/in\/brenda-l-santana-aa846279\/"]},{"@type":"Person","@id":"https:\/\/blgnoticiassantodomingo.net\/#\/schema\/person\/e2fc21cf88acc63dbd134be981bff374","name":"Brenda Guerrero","image":{"@type":"ImageObject","inLanguage":"es","@id":"https:\/\/blgnoticiassantodomingo.net\/#\/schema\/person\/image\/","url":"https:\/\/secure.gravatar.com\/avatar\/2f7fc4c3e3655be1580cb684bfd8ab19be702ae20879da1e072021daa02f9b8b?s=96&d=wp_user_avatar&r=g","contentUrl":"https:\/\/secure.gravatar.com\/avatar\/2f7fc4c3e3655be1580cb684bfd8ab19be702ae20879da1e072021daa02f9b8b?s=96&d=wp_user_avatar&r=g","caption":"Brenda Guerrero"},"description":"Periodista","url":"https:\/\/blgnoticiassantodomingo.net\/index.php\/author\/brenda-guerrero\/"}]}},"jetpack_featured_media_url":"https:\/\/blgnoticiassantodomingo.net\/wp-content\/uploads\/2020\/03\/luis-abinader-leonel-fernandez-y-guillermo-moreno-eligen-a-sus-vices.jpeg","_links":{"self":[{"href":"https:\/\/blgnoticiassantodomingo.net\/index.php\/wp-json\/wp\/v2\/posts\/7371","targetHints":{"allow":["GET"]}}],"collection":[{"href":"https:\/\/blgnoticiassantodomingo.net\/index.php\/wp-json\/wp\/v2\/posts"}],"about":[{"href":"https:\/\/blgnoticiassantodomingo.net\/index.php\/wp-json\/wp\/v2\/types\/post"}],"author":[{"embeddable":true,"href":"https:\/\/blgnoticiassantodomingo.net\/index.php\/wp-json\/wp\/v2\/users\/2"}],"replies":[{"embeddable":true,"href":"https:\/\/blgnoticiassantodomingo.net\/index.php\/wp-json\/wp\/v2\/comments?post=7371"}],"version-history":[{"count":1,"href":"https:\/\/blgnoticiassantodomingo.net\/index.php\/wp-json\/wp\/v2\/posts\/7371\/revisions"}],"predecessor-version":[{"id":7373,"href":"https:\/\/blgnoticiassantodomingo.net\/index.php\/wp-json\/wp\/v2\/posts\/7371\/revisions\/7373"}],"wp:featuredmedia":[{"embeddable":true,"href":"https:\/\/blgnoticiassantodomingo.net\/index.php\/wp-json\/wp\/v2\/media\/7372"}],"wp:attachment":[{"href":"https:\/\/blgnoticiassantodomingo.net\/index.php\/wp-json\/wp\/v2\/media?parent=7371"}],"wp:term":[{"taxonomy":"category","embeddable":true,"href":"https:\/\/blgnoticiassantodomingo.net\/index.php\/wp-json\/wp\/v2\/categories?post=7371"},{"taxonomy":"post_tag","embeddable":true,"href":"https:\/\/blgnoticiassantodomingo.net\/index.php\/wp-json\/wp\/v2\/tags?post=7371"}],"curies":[{"name":"wp","href":"https:\/\/api.w.org\/{rel}","templated":true}]}}