{"id":6561,"date":"2020-02-22T12:48:23","date_gmt":"2020-02-22T12:48:23","guid":{"rendered":"http:\/\/blgnoticiassantodomingo.net\/?p=6561"},"modified":"2020-02-22T12:48:25","modified_gmt":"2020-02-22T12:48:25","slug":"ministro-educacion-dice-formacion-en-valores-garantizan-una-mejor-ciudadania","status":"publish","type":"post","link":"https:\/\/blgnoticiassantodomingo.net\/index.php\/2020\/02\/22\/ministro-educacion-dice-formacion-en-valores-garantizan-una-mejor-ciudadania\/","title":{"rendered":"Ministro Educaci\u00f3n dice formaci\u00f3n en valores garantizan una mejor ciudadan\u00eda"},"content":{"rendered":"\n<p>El ministro de Educaci\u00f3n, Antonio Pe\u00f1a Mirabal, afirm\u00f3 ayer que el empoderamiento de la identidad y la formaci\u00f3n en valores de los estudiantes garantizar\u00e1n los avances en la calidad educativa y la generaci\u00f3n de una ciudadan\u00eda como la so\u00f1ada por los fundadores de la Rep\u00fablica Dominicana.<\/p>\n\n\n\n<p>Al acompa\u00f1ar a estudiantes del Centro Educativo Santo Ni\u00f1o de Jes\u00fas, Fe y Alegr\u00eda en Santo Domingo Oeste, en un emotivo acto de izamiento de la Bandera Nacional, a prop\u00f3sito de la celebraci\u00f3n del Mes de la Patria, Pe\u00f1a Mirabal exhort\u00f3 a los estudiantes y a la comunidad educativa en general a trabajar con responsabilidad, entrega y disciplina por un mejor pa\u00eds.<\/p>\n\n\n\n<p>\u00abUstedes est\u00e1n en el camino correcto, el que necesita nuestra naci\u00f3n para seguir construyendo un mejor pa\u00eds\u00bb, manifest\u00f3 Pe\u00f1a Mirabal, al tiempo de reconocer que la disciplina y el buen resultado en la escuela solo se logra con docentes y directores comprometidos con la ense\u00f1anza.<\/p>\n\n\n\n<p>En ese sentido, se\u00f1al\u00f3 que los maestros y maestras de este plantel muestran cada d\u00eda su fe con el amor y el trabajo que hacen con los educandos, \u00aby esa es la alegr\u00eda m\u00e1s grande que puedo llevarme\u00bb.<\/p>\n\n\n\n<p>Ante las peticiones de la directora del centro, Luz del Alba, para mejorar las condiciones de su personal administrativo y docente, el titular del MINERD se comprometi\u00f3 en darle respuestas satisfactorias si cumplen con los requerimientos establecidos.<\/p>\n\n\n\n<p>Al concluir el izamiento de la Bandera Nacional, el ministro hizo un recorrido por todas las aulas y espacios del plantel donde los cerca de 300 estudiantes comparten cada d\u00eda, solo en los niveles iniciales y hasta tercer grado de Primaria.<\/p>\n\n\n\n<p>A Pe\u00f1a Mirabal le impact\u00f3 ver que la direcci\u00f3n de la escuela us\u00f3 un dep\u00f3sito de desechos para convertirlo en rincones de lectura, donde los ni\u00f1os expanden la imaginaci\u00f3n y el conocimiento.<\/p>\n\n\n\n<p>Asimismo, el funcionario aprovech\u00f3 para felicitar a las madres y padres presentes, a quienes inst\u00f3 mantener ese compromiso con sus hijos y toda la comunidad educativa, en raz\u00f3n de que considera la participaci\u00f3n familiar como un eje fundamental en la Revoluci\u00f3n Educativa.<\/p>\n","protected":false},"excerpt":{"rendered":"<p>El ministro de Educaci\u00f3n, Antonio Pe\u00f1a Mirabal, afirm\u00f3 ayer que el empoderamiento de la identidad y la formaci\u00f3n en valores de los estudiantes garantizar\u00e1n los avances en la calidad educativa y la generaci\u00f3n de una ciudadan\u00eda como la so\u00f1ada por los fundadores de la Rep\u00fablica Dominicana. Al acompa\u00f1ar a estudiantes del Centro Educativo Santo Ni\u00f1o [&hellip;]<\/p>\n","protected":false},"author":2,"featured_media":6562,"comment_status":"open","ping_status":"open","sticky":false,"template":"","format":"standard","meta":{"footnotes":""},"categories":[220],"tags":[],"class_list":{"0":"post-6561","1":"post","2":"type-post","3":"status-publish","4":"format-standard","5":"has-post-thumbnail","7":"category-nacionales"},"yoast_head":"<!-- This site is optimized with the Yoast SEO plugin v24.9 - https:\/\/yoast.com\/wordpress\/plugins\/seo\/ -->\n<title>Ministro Educaci\u00f3n dice formaci\u00f3n en valores garantizan una mejor ciudadan\u00eda - BLG Noticias<\/title>\n<meta name=\"robots\" content=\"index, follow, max-snippet:-1, max-image-preview:large, max-video-preview:-1\" \/>\n<link rel=\"canonical\" href=\"https:\/\/blgnoticiassantodomingo.net\/index.php\/2020\/02\/22\/ministro-educacion-dice-formacion-en-valores-garantizan-una-mejor-ciudadania\/\" \/>\n<meta property=\"og:locale\" content=\"es_ES\" \/>\n<meta property=\"og:type\" content=\"article\" \/>\n<meta property=\"og:title\" content=\"Ministro Educaci\u00f3n dice formaci\u00f3n en valores garantizan una mejor ciudadan\u00eda - BLG Noticias\" \/>\n<meta property=\"og:description\" content=\"El ministro de Educaci\u00f3n, Antonio Pe\u00f1a Mirabal, afirm\u00f3 ayer que el empoderamiento de la identidad y la formaci\u00f3n en valores de los estudiantes garantizar\u00e1n los avances en la calidad educativa y la generaci\u00f3n de una ciudadan\u00eda como la so\u00f1ada por los fundadores de la Rep\u00fablica Dominicana. Al acompa\u00f1ar a estudiantes del Centro Educativo Santo Ni\u00f1o [&hellip;]\" \/>\n<meta property=\"og:url\" content=\"https:\/\/blgnoticiassantodomingo.net\/index.php\/2020\/02\/22\/ministro-educacion-dice-formacion-en-valores-garantizan-una-mejor-ciudadania\/\" \/>\n<meta property=\"og:site_name\" content=\"BLG Noticias\" \/>\n<meta property=\"article:publisher\" content=\"https:\/\/web.facebook.com\/BlgNoticias\/?locale=es_LA&amp;_rdc=1&amp;_rdr\" \/>\n<meta property=\"article:published_time\" content=\"2020-02-22T12:48:23+00:00\" \/>\n<meta property=\"article:modified_time\" content=\"2020-02-22T12:48:25+00:00\" \/>\n<meta property=\"og:image\" content=\"https:\/\/blgnoticiassantodomingo.net\/wp-content\/uploads\/2020\/02\/ministro-educacion-dice-formacion-en-valores-garantizan-una-mejor-ciudadania.jpeg\" \/>\n\t<meta property=\"og:image:width\" content=\"601\" \/>\n\t<meta property=\"og:image:height\" content=\"460\" \/>\n\t<meta property=\"og:image:type\" content=\"image\/jpeg\" \/>\n<meta name=\"author\" content=\"Brenda Guerrero\" \/>\n<meta name=\"twitter:card\" content=\"summary_large_image\" \/>\n<meta name=\"twitter:creator\" content=\"@BlgNoticias\" \/>\n<meta name=\"twitter:site\" content=\"@BlgNoticias\" \/>\n<meta name=\"twitter:label1\" content=\"Escrito por\" \/>\n\t<meta name=\"twitter:data1\" content=\"Brenda Guerrero\" \/>\n\t<meta name=\"twitter:label2\" content=\"Tiempo de lectura\" \/>\n\t<meta name=\"twitter:data2\" content=\"2 minutos\" \/>\n<script type=\"application\/ld+json\" class=\"yoast-schema-graph\">{\"@context\":\"https:\/\/schema.org\",\"@graph\":[{\"@type\":\"Article\",\"@id\":\"https:\/\/blgnoticiassantodomingo.net\/index.php\/2020\/02\/22\/ministro-educacion-dice-formacion-en-valores-garantizan-una-mejor-ciudadania\/#article\",\"isPartOf\":{\"@id\":\"https:\/\/blgnoticiassantodomingo.net\/index.php\/2020\/02\/22\/ministro-educacion-dice-formacion-en-valores-garantizan-una-mejor-ciudadania\/\"},\"author\":{\"name\":\"Brenda Guerrero\",\"@id\":\"https:\/\/blgnoticiassantodomingo.net\/#\/schema\/person\/e2fc21cf88acc63dbd134be981bff374\"},\"headline\":\"Ministro Educaci\u00f3n dice formaci\u00f3n en valores garantizan una mejor ciudadan\u00eda\",\"datePublished\":\"2020-02-22T12:48:23+00:00\",\"dateModified\":\"2020-02-22T12:48:25+00:00\",\"mainEntityOfPage\":{\"@id\":\"https:\/\/blgnoticiassantodomingo.net\/index.php\/2020\/02\/22\/ministro-educacion-dice-formacion-en-valores-garantizan-una-mejor-ciudadania\/\"},\"wordCount\":389,\"commentCount\":0,\"publisher\":{\"@id\":\"https:\/\/blgnoticiassantodomingo.net\/#organization\"},\"image\":{\"@id\":\"https:\/\/blgnoticiassantodomingo.net\/index.php\/2020\/02\/22\/ministro-educacion-dice-formacion-en-valores-garantizan-una-mejor-ciudadania\/#primaryimage\"},\"thumbnailUrl\":\"https:\/\/blgnoticiassantodomingo.net\/wp-content\/uploads\/2020\/02\/ministro-educacion-dice-formacion-en-valores-garantizan-una-mejor-ciudadania.jpeg\",\"articleSection\":[\"Nacionales\"],\"inLanguage\":\"es\",\"potentialAction\":[{\"@type\":\"CommentAction\",\"name\":\"Comment\",\"target\":[\"https:\/\/blgnoticiassantodomingo.net\/index.php\/2020\/02\/22\/ministro-educacion-dice-formacion-en-valores-garantizan-una-mejor-ciudadania\/#respond\"]}]},{\"@type\":\"WebPage\",\"@id\":\"https:\/\/blgnoticiassantodomingo.net\/index.php\/2020\/02\/22\/ministro-educacion-dice-formacion-en-valores-garantizan-una-mejor-ciudadania\/\",\"url\":\"https:\/\/blgnoticiassantodomingo.net\/index.php\/2020\/02\/22\/ministro-educacion-dice-formacion-en-valores-garantizan-una-mejor-ciudadania\/\",\"name\":\"Ministro Educaci\u00f3n dice formaci\u00f3n en valores garantizan una mejor ciudadan\u00eda - BLG Noticias\",\"isPartOf\":{\"@id\":\"https:\/\/blgnoticiassantodomingo.net\/#website\"},\"primaryImageOfPage\":{\"@id\":\"https:\/\/blgnoticiassantodomingo.net\/index.php\/2020\/02\/22\/ministro-educacion-dice-formacion-en-valores-garantizan-una-mejor-ciudadania\/#primaryimage\"},\"image\":{\"@id\":\"https:\/\/blgnoticiassantodomingo.net\/index.php\/2020\/02\/22\/ministro-educacion-dice-formacion-en-valores-garantizan-una-mejor-ciudadania\/#primaryimage\"},\"thumbnailUrl\":\"https:\/\/blgnoticiassantodomingo.net\/wp-content\/uploads\/2020\/02\/ministro-educacion-dice-formacion-en-valores-garantizan-una-mejor-ciudadania.jpeg\",\"datePublished\":\"2020-02-22T12:48:23+00:00\",\"dateModified\":\"2020-02-22T12:48:25+00:00\",\"breadcrumb\":{\"@id\":\"https:\/\/blgnoticiassantodomingo.net\/index.php\/2020\/02\/22\/ministro-educacion-dice-formacion-en-valores-garantizan-una-mejor-ciudadania\/#breadcrumb\"},\"inLanguage\":\"es\",\"potentialAction\":[{\"@type\":\"ReadAction\",\"target\":[\"https:\/\/blgnoticiassantodomingo.net\/index.php\/2020\/02\/22\/ministro-educacion-dice-formacion-en-valores-garantizan-una-mejor-ciudadania\/\"]}]},{\"@type\":\"ImageObject\",\"inLanguage\":\"es\",\"@id\":\"https:\/\/blgnoticiassantodomingo.net\/index.php\/2020\/02\/22\/ministro-educacion-dice-formacion-en-valores-garantizan-una-mejor-ciudadania\/#primaryimage\",\"url\":\"https:\/\/blgnoticiassantodomingo.net\/wp-content\/uploads\/2020\/02\/ministro-educacion-dice-formacion-en-valores-garantizan-una-mejor-ciudadania.jpeg\",\"contentUrl\":\"https:\/\/blgnoticiassantodomingo.net\/wp-content\/uploads\/2020\/02\/ministro-educacion-dice-formacion-en-valores-garantizan-una-mejor-ciudadania.jpeg\",\"width\":601,\"height\":460},{\"@type\":\"BreadcrumbList\",\"@id\":\"https:\/\/blgnoticiassantodomingo.net\/index.php\/2020\/02\/22\/ministro-educacion-dice-formacion-en-valores-garantizan-una-mejor-ciudadania\/#breadcrumb\",\"itemListElement\":[{\"@type\":\"ListItem\",\"position\":1,\"name\":\"Portada\",\"item\":\"https:\/\/blgnoticiassantodomingo.net\/\"},{\"@type\":\"ListItem\",\"position\":2,\"name\":\"Ministro Educaci\u00f3n dice formaci\u00f3n en valores garantizan una mejor ciudadan\u00eda\"}]},{\"@type\":\"WebSite\",\"@id\":\"https:\/\/blgnoticiassantodomingo.net\/#website\",\"url\":\"https:\/\/blgnoticiassantodomingo.net\/\",\"name\":\"BLG Noticias\",\"description\":\"Esto es Noticias\",\"publisher\":{\"@id\":\"https:\/\/blgnoticiassantodomingo.net\/#organization\"},\"potentialAction\":[{\"@type\":\"SearchAction\",\"target\":{\"@type\":\"EntryPoint\",\"urlTemplate\":\"https:\/\/blgnoticiassantodomingo.net\/?s={search_term_string}\"},\"query-input\":{\"@type\":\"PropertyValueSpecification\",\"valueRequired\":true,\"valueName\":\"search_term_string\"}}],\"inLanguage\":\"es\"},{\"@type\":\"Organization\",\"@id\":\"https:\/\/blgnoticiassantodomingo.net\/#organization\",\"name\":\"BLG Noticias\",\"url\":\"https:\/\/blgnoticiassantodomingo.net\/\",\"logo\":{\"@type\":\"ImageObject\",\"inLanguage\":\"es\",\"@id\":\"https:\/\/blgnoticiassantodomingo.net\/#\/schema\/logo\/image\/\",\"url\":\"https:\/\/blgnoticiassantodomingo.net\/wp-content\/uploads\/2023\/12\/Diseno-sin-titulo-3.jpg\",\"contentUrl\":\"https:\/\/blgnoticiassantodomingo.net\/wp-content\/uploads\/2023\/12\/Diseno-sin-titulo-3.jpg\",\"width\":500,\"height\":500,\"caption\":\"BLG Noticias\"},\"image\":{\"@id\":\"https:\/\/blgnoticiassantodomingo.net\/#\/schema\/logo\/image\/\"},\"sameAs\":[\"https:\/\/web.facebook.com\/BlgNoticias\/?locale=es_LA&_rdc=1&_rdr\",\"https:\/\/x.com\/BlgNoticias\",\"https:\/\/www.linkedin.com\/in\/brenda-l-santana-aa846279\/\"]},{\"@type\":\"Person\",\"@id\":\"https:\/\/blgnoticiassantodomingo.net\/#\/schema\/person\/e2fc21cf88acc63dbd134be981bff374\",\"name\":\"Brenda Guerrero\",\"image\":{\"@type\":\"ImageObject\",\"inLanguage\":\"es\",\"@id\":\"https:\/\/blgnoticiassantodomingo.net\/#\/schema\/person\/image\/\",\"url\":\"https:\/\/secure.gravatar.com\/avatar\/2f7fc4c3e3655be1580cb684bfd8ab19be702ae20879da1e072021daa02f9b8b?s=96&d=wp_user_avatar&r=g\",\"contentUrl\":\"https:\/\/secure.gravatar.com\/avatar\/2f7fc4c3e3655be1580cb684bfd8ab19be702ae20879da1e072021daa02f9b8b?s=96&d=wp_user_avatar&r=g\",\"caption\":\"Brenda Guerrero\"},\"description\":\"Periodista\",\"url\":\"https:\/\/blgnoticiassantodomingo.net\/index.php\/author\/brenda-guerrero\/\"}]}<\/script>\n<!-- \/ Yoast SEO plugin. -->","yoast_head_json":{"title":"Ministro Educaci\u00f3n dice formaci\u00f3n en valores garantizan una mejor ciudadan\u00eda - BLG Noticias","robots":{"index":"index","follow":"follow","max-snippet":"max-snippet:-1","max-image-preview":"max-image-preview:large","max-video-preview":"max-video-preview:-1"},"canonical":"https:\/\/blgnoticiassantodomingo.net\/index.php\/2020\/02\/22\/ministro-educacion-dice-formacion-en-valores-garantizan-una-mejor-ciudadania\/","og_locale":"es_ES","og_type":"article","og_title":"Ministro Educaci\u00f3n dice formaci\u00f3n en valores garantizan una mejor ciudadan\u00eda - BLG Noticias","og_description":"El ministro de Educaci\u00f3n, Antonio Pe\u00f1a Mirabal, afirm\u00f3 ayer que el empoderamiento de la identidad y la formaci\u00f3n en valores de los estudiantes garantizar\u00e1n los avances en la calidad educativa y la generaci\u00f3n de una ciudadan\u00eda como la so\u00f1ada por los fundadores de la Rep\u00fablica Dominicana. Al acompa\u00f1ar a estudiantes del Centro Educativo Santo Ni\u00f1o [&hellip;]","og_url":"https:\/\/blgnoticiassantodomingo.net\/index.php\/2020\/02\/22\/ministro-educacion-dice-formacion-en-valores-garantizan-una-mejor-ciudadania\/","og_site_name":"BLG Noticias","article_publisher":"https:\/\/web.facebook.com\/BlgNoticias\/?locale=es_LA&_rdc=1&_rdr","article_published_time":"2020-02-22T12:48:23+00:00","article_modified_time":"2020-02-22T12:48:25+00:00","og_image":[{"width":601,"height":460,"url":"https:\/\/blgnoticiassantodomingo.net\/wp-content\/uploads\/2020\/02\/ministro-educacion-dice-formacion-en-valores-garantizan-una-mejor-ciudadania.jpeg","type":"image\/jpeg"}],"author":"Brenda Guerrero","twitter_card":"summary_large_image","twitter_creator":"@BlgNoticias","twitter_site":"@BlgNoticias","twitter_misc":{"Escrito por":"Brenda Guerrero","Tiempo de lectura":"2 minutos"},"schema":{"@context":"https:\/\/schema.org","@graph":[{"@type":"Article","@id":"https:\/\/blgnoticiassantodomingo.net\/index.php\/2020\/02\/22\/ministro-educacion-dice-formacion-en-valores-garantizan-una-mejor-ciudadania\/#article","isPartOf":{"@id":"https:\/\/blgnoticiassantodomingo.net\/index.php\/2020\/02\/22\/ministro-educacion-dice-formacion-en-valores-garantizan-una-mejor-ciudadania\/"},"author":{"name":"Brenda Guerrero","@id":"https:\/\/blgnoticiassantodomingo.net\/#\/schema\/person\/e2fc21cf88acc63dbd134be981bff374"},"headline":"Ministro Educaci\u00f3n dice formaci\u00f3n en valores garantizan una mejor ciudadan\u00eda","datePublished":"2020-02-22T12:48:23+00:00","dateModified":"2020-02-22T12:48:25+00:00","mainEntityOfPage":{"@id":"https:\/\/blgnoticiassantodomingo.net\/index.php\/2020\/02\/22\/ministro-educacion-dice-formacion-en-valores-garantizan-una-mejor-ciudadania\/"},"wordCount":389,"commentCount":0,"publisher":{"@id":"https:\/\/blgnoticiassantodomingo.net\/#organization"},"image":{"@id":"https:\/\/blgnoticiassantodomingo.net\/index.php\/2020\/02\/22\/ministro-educacion-dice-formacion-en-valores-garantizan-una-mejor-ciudadania\/#primaryimage"},"thumbnailUrl":"https:\/\/blgnoticiassantodomingo.net\/wp-content\/uploads\/2020\/02\/ministro-educacion-dice-formacion-en-valores-garantizan-una-mejor-ciudadania.jpeg","articleSection":["Nacionales"],"inLanguage":"es","potentialAction":[{"@type":"CommentAction","name":"Comment","target":["https:\/\/blgnoticiassantodomingo.net\/index.php\/2020\/02\/22\/ministro-educacion-dice-formacion-en-valores-garantizan-una-mejor-ciudadania\/#respond"]}]},{"@type":"WebPage","@id":"https:\/\/blgnoticiassantodomingo.net\/index.php\/2020\/02\/22\/ministro-educacion-dice-formacion-en-valores-garantizan-una-mejor-ciudadania\/","url":"https:\/\/blgnoticiassantodomingo.net\/index.php\/2020\/02\/22\/ministro-educacion-dice-formacion-en-valores-garantizan-una-mejor-ciudadania\/","name":"Ministro Educaci\u00f3n dice formaci\u00f3n en valores garantizan una mejor ciudadan\u00eda - BLG Noticias","isPartOf":{"@id":"https:\/\/blgnoticiassantodomingo.net\/#website"},"primaryImageOfPage":{"@id":"https:\/\/blgnoticiassantodomingo.net\/index.php\/2020\/02\/22\/ministro-educacion-dice-formacion-en-valores-garantizan-una-mejor-ciudadania\/#primaryimage"},"image":{"@id":"https:\/\/blgnoticiassantodomingo.net\/index.php\/2020\/02\/22\/ministro-educacion-dice-formacion-en-valores-garantizan-una-mejor-ciudadania\/#primaryimage"},"thumbnailUrl":"https:\/\/blgnoticiassantodomingo.net\/wp-content\/uploads\/2020\/02\/ministro-educacion-dice-formacion-en-valores-garantizan-una-mejor-ciudadania.jpeg","datePublished":"2020-02-22T12:48:23+00:00","dateModified":"2020-02-22T12:48:25+00:00","breadcrumb":{"@id":"https:\/\/blgnoticiassantodomingo.net\/index.php\/2020\/02\/22\/ministro-educacion-dice-formacion-en-valores-garantizan-una-mejor-ciudadania\/#breadcrumb"},"inLanguage":"es","potentialAction":[{"@type":"ReadAction","target":["https:\/\/blgnoticiassantodomingo.net\/index.php\/2020\/02\/22\/ministro-educacion-dice-formacion-en-valores-garantizan-una-mejor-ciudadania\/"]}]},{"@type":"ImageObject","inLanguage":"es","@id":"https:\/\/blgnoticiassantodomingo.net\/index.php\/2020\/02\/22\/ministro-educacion-dice-formacion-en-valores-garantizan-una-mejor-ciudadania\/#primaryimage","url":"https:\/\/blgnoticiassantodomingo.net\/wp-content\/uploads\/2020\/02\/ministro-educacion-dice-formacion-en-valores-garantizan-una-mejor-ciudadania.jpeg","contentUrl":"https:\/\/blgnoticiassantodomingo.net\/wp-content\/uploads\/2020\/02\/ministro-educacion-dice-formacion-en-valores-garantizan-una-mejor-ciudadania.jpeg","width":601,"height":460},{"@type":"BreadcrumbList","@id":"https:\/\/blgnoticiassantodomingo.net\/index.php\/2020\/02\/22\/ministro-educacion-dice-formacion-en-valores-garantizan-una-mejor-ciudadania\/#breadcrumb","itemListElement":[{"@type":"ListItem","position":1,"name":"Portada","item":"https:\/\/blgnoticiassantodomingo.net\/"},{"@type":"ListItem","position":2,"name":"Ministro Educaci\u00f3n dice formaci\u00f3n en valores garantizan una mejor ciudadan\u00eda"}]},{"@type":"WebSite","@id":"https:\/\/blgnoticiassantodomingo.net\/#website","url":"https:\/\/blgnoticiassantodomingo.net\/","name":"BLG Noticias","description":"Esto es Noticias","publisher":{"@id":"https:\/\/blgnoticiassantodomingo.net\/#organization"},"potentialAction":[{"@type":"SearchAction","target":{"@type":"EntryPoint","urlTemplate":"https:\/\/blgnoticiassantodomingo.net\/?s={search_term_string}"},"query-input":{"@type":"PropertyValueSpecification","valueRequired":true,"valueName":"search_term_string"}}],"inLanguage":"es"},{"@type":"Organization","@id":"https:\/\/blgnoticiassantodomingo.net\/#organization","name":"BLG Noticias","url":"https:\/\/blgnoticiassantodomingo.net\/","logo":{"@type":"ImageObject","inLanguage":"es","@id":"https:\/\/blgnoticiassantodomingo.net\/#\/schema\/logo\/image\/","url":"https:\/\/blgnoticiassantodomingo.net\/wp-content\/uploads\/2023\/12\/Diseno-sin-titulo-3.jpg","contentUrl":"https:\/\/blgnoticiassantodomingo.net\/wp-content\/uploads\/2023\/12\/Diseno-sin-titulo-3.jpg","width":500,"height":500,"caption":"BLG Noticias"},"image":{"@id":"https:\/\/blgnoticiassantodomingo.net\/#\/schema\/logo\/image\/"},"sameAs":["https:\/\/web.facebook.com\/BlgNoticias\/?locale=es_LA&_rdc=1&_rdr","https:\/\/x.com\/BlgNoticias","https:\/\/www.linkedin.com\/in\/brenda-l-santana-aa846279\/"]},{"@type":"Person","@id":"https:\/\/blgnoticiassantodomingo.net\/#\/schema\/person\/e2fc21cf88acc63dbd134be981bff374","name":"Brenda Guerrero","image":{"@type":"ImageObject","inLanguage":"es","@id":"https:\/\/blgnoticiassantodomingo.net\/#\/schema\/person\/image\/","url":"https:\/\/secure.gravatar.com\/avatar\/2f7fc4c3e3655be1580cb684bfd8ab19be702ae20879da1e072021daa02f9b8b?s=96&d=wp_user_avatar&r=g","contentUrl":"https:\/\/secure.gravatar.com\/avatar\/2f7fc4c3e3655be1580cb684bfd8ab19be702ae20879da1e072021daa02f9b8b?s=96&d=wp_user_avatar&r=g","caption":"Brenda Guerrero"},"description":"Periodista","url":"https:\/\/blgnoticiassantodomingo.net\/index.php\/author\/brenda-guerrero\/"}]}},"jetpack_featured_media_url":"https:\/\/blgnoticiassantodomingo.net\/wp-content\/uploads\/2020\/02\/ministro-educacion-dice-formacion-en-valores-garantizan-una-mejor-ciudadania.jpeg","_links":{"self":[{"href":"https:\/\/blgnoticiassantodomingo.net\/index.php\/wp-json\/wp\/v2\/posts\/6561","targetHints":{"allow":["GET"]}}],"collection":[{"href":"https:\/\/blgnoticiassantodomingo.net\/index.php\/wp-json\/wp\/v2\/posts"}],"about":[{"href":"https:\/\/blgnoticiassantodomingo.net\/index.php\/wp-json\/wp\/v2\/types\/post"}],"author":[{"embeddable":true,"href":"https:\/\/blgnoticiassantodomingo.net\/index.php\/wp-json\/wp\/v2\/users\/2"}],"replies":[{"embeddable":true,"href":"https:\/\/blgnoticiassantodomingo.net\/index.php\/wp-json\/wp\/v2\/comments?post=6561"}],"version-history":[{"count":1,"href":"https:\/\/blgnoticiassantodomingo.net\/index.php\/wp-json\/wp\/v2\/posts\/6561\/revisions"}],"predecessor-version":[{"id":6563,"href":"https:\/\/blgnoticiassantodomingo.net\/index.php\/wp-json\/wp\/v2\/posts\/6561\/revisions\/6563"}],"wp:featuredmedia":[{"embeddable":true,"href":"https:\/\/blgnoticiassantodomingo.net\/index.php\/wp-json\/wp\/v2\/media\/6562"}],"wp:attachment":[{"href":"https:\/\/blgnoticiassantodomingo.net\/index.php\/wp-json\/wp\/v2\/media?parent=6561"}],"wp:term":[{"taxonomy":"category","embeddable":true,"href":"https:\/\/blgnoticiassantodomingo.net\/index.php\/wp-json\/wp\/v2\/categories?post=6561"},{"taxonomy":"post_tag","embeddable":true,"href":"https:\/\/blgnoticiassantodomingo.net\/index.php\/wp-json\/wp\/v2\/tags?post=6561"}],"curies":[{"name":"wp","href":"https:\/\/api.w.org\/{rel}","templated":true}]}}