{"id":6068,"date":"2020-02-10T12:35:48","date_gmt":"2020-02-10T12:35:48","guid":{"rendered":"http:\/\/blgnoticiassantodomingo.net\/?p=6068"},"modified":"2020-02-10T12:35:49","modified_gmt":"2020-02-10T12:35:49","slug":"obispos-llaman-atencion-sobre-repartos-plan-social","status":"publish","type":"post","link":"https:\/\/blgnoticiassantodomingo.net\/index.php\/2020\/02\/10\/obispos-llaman-atencion-sobre-repartos-plan-social\/","title":{"rendered":"Obispos llaman atenci\u00f3n sobre repartos Plan Social"},"content":{"rendered":"\n<p>Los obispos V\u00edctor Masalles, de la Di\u00f3cesis de Ban\u00ed, y Jes\u00fas Castro Marte, auxiliar de la Arquidi\u00f3cesis de Santo Domingo, deploraron que los programas sociales del gobierno se utilicen con fines pol\u00edticos, como se ha denunciado en el caso del Plan Social de la Presidencia y las donaciones que realiza en el presente proceso electoral.<\/p>\n\n\n\n<p>\u201cEs muy dif\u00edcil pensar que esa salida de camiones con electrodom\u00e9sticos, que no salen todos los meses ni todos los d\u00edas, sino que salen justo antes de las elecciones, no sea para el clientelismo\u201d, expres\u00f3 monse\u00f1or Masalles.<\/p>\n\n\n\n<p>El obispo de la Di\u00f3cesis de Ban\u00ed critic\u00f3 tambi\u00e9n la actitud del gobierno frente a las quejas de los partidos de oposici\u00f3n sobre el uso de recursos del Estado para la adquisici\u00f3n de electrodom\u00e9sticos y enseres del hogar, para ser donados, en violaci\u00f3n a la Ley 15-19 del R\u00e9gimen Electoral.<\/p>\n\n\n\n<p>Tambi\u00e9n salud\u00f3 el llamado que en ese sentido hizo el presidente de la Junta Central Electoral (JCE), Julio C\u00e9sar Casta\u00f1os Guzm\u00e1n, para que se cumpla la ley, tal y como lo han hecho diversas organizaciones del pa\u00eds, y lament\u00f3 que el Gobierno en lugar de acatar la legislaci\u00f3n tome una actitud de denostar a quienes se han opuesto al reparto. \u201cHay como una especie de amenaza impl\u00edcita con hacerse el gracioso, que no permite que tengamos un proceso (electoral) que sea del todo transparente\u201d, agreg\u00f3 Monse\u00f1or Masalles.<\/p>\n\n\n\n<p>Tambi\u00e9n llam\u00f3 a Casta\u00f1os Guzm\u00e1n a proh\u00edbir las ayudas sociales del gobierno en campa\u00f1a, y manifest\u00f3 que es l\u00f3gico que con esta pr\u00e1ctica se busca comprar votos.<\/p>\n\n\n\n<p><strong>Intenci\u00f3n ilegal<\/strong><\/p>\n\n\n\n<p>Mientras que, por otra parte, el rector de la Universidad Cat\u00f3lica de Santo Domingo (UCSD), monse\u00f1or Castro Marte, expres\u00f3 que los planes sociales deben ser resaltados siempre que beneficien a los m\u00e1s necesitados, aunque indic\u00f3 que los mismos no deben tener una intenci\u00f3n ilegal.<\/p>\n\n\n\n<p>\u201cLos planes sociales del Estado para beneficiar a los m\u00e1s necesitados merecen ser respaldados siempre que cumplen con este fin, pero si se desvirt\u00faa este prop\u00f3sito con otros objetivos, se convierten en una pr\u00e1ctica ileg\u00edtima e inaceptable\u201d, precis\u00f3 el obispo auxiliar.<\/p>\n\n\n\n<p>Monse\u00f1or Castro Marte se expres\u00f3 en torno al audio que circul\u00f3 en las redes sociales, donde la directora del Plan Social de la Presidencia, Iris Guaba, manda a subalternos a \u201ccaerle arriba\u201d a Huchi Lora, Altagracia Salazar y Orlando Jorge Mera, por oponerse a que se repartan electrodom\u00e9sticos en campa\u00f1a.<\/p>\n\n\n\n<p>Utilizando su cuenta de Twitter, monse\u00f1or llam\u00f3 a conservar una prensa libre e independiente para preservaci\u00f3n de la democracia dominicana.<\/p>\n\n\n\n<p>\u201cDebemos conservar la prensa libre e independiente de cualquier poder pol\u00edtico, econ\u00f3mico y religioso, que tenga como \u00fanico compromiso la difusi\u00f3n de la verdad, puesto que, juega un rol fundamental en la preservaci\u00f3n de la democracia de nuestro pa\u00eds\u201d, dijo.<\/p>\n\n\n\n<p><strong>PLAN SOCIAL<\/strong><\/p>\n\n\n\n<p><strong>Elecciones<\/strong><\/p>\n\n\n\n<p>Las elecciones municipales se celebrar\u00e1n en el pa\u00eds el pr\u00f3ximo domingo y las congresionales y municipales el 17 de mayo.<\/p>\n\n\n\n<p><strong>Revuelo<\/strong><\/p>\n\n\n\n<p>La denuncia de que el Plan Social de la Presidencia dispon\u00eda de 380 millones para entregar electrodom\u00e9ticos y otros enseres del hogar a personas pobres caus\u00f3 un gran revuelo en la sociedad dominicana. &nbsp;<\/p>\n","protected":false},"excerpt":{"rendered":"<p>Los obispos V\u00edctor Masalles, de la Di\u00f3cesis de Ban\u00ed, y Jes\u00fas Castro Marte, auxiliar de la Arquidi\u00f3cesis de Santo Domingo, deploraron que los programas sociales del gobierno se utilicen con fines pol\u00edticos, como se ha denunciado en el caso del Plan Social de la Presidencia y las donaciones que realiza en el presente proceso electoral. [&hellip;]<\/p>\n","protected":false},"author":2,"featured_media":6069,"comment_status":"open","ping_status":"open","sticky":false,"template":"","format":"standard","meta":{"footnotes":""},"categories":[220],"tags":[],"class_list":{"0":"post-6068","1":"post","2":"type-post","3":"status-publish","4":"format-standard","5":"has-post-thumbnail","7":"category-nacionales"},"yoast_head":"<!-- This site is optimized with the Yoast SEO plugin v24.9 - https:\/\/yoast.com\/wordpress\/plugins\/seo\/ -->\n<title>Obispos llaman atenci\u00f3n sobre repartos Plan Social - BLG Noticias<\/title>\n<meta name=\"robots\" content=\"index, follow, max-snippet:-1, max-image-preview:large, max-video-preview:-1\" \/>\n<link rel=\"canonical\" href=\"https:\/\/blgnoticiassantodomingo.net\/index.php\/2020\/02\/10\/obispos-llaman-atencion-sobre-repartos-plan-social\/\" \/>\n<meta property=\"og:locale\" content=\"es_ES\" \/>\n<meta property=\"og:type\" content=\"article\" \/>\n<meta property=\"og:title\" content=\"Obispos llaman atenci\u00f3n sobre repartos Plan Social - BLG Noticias\" \/>\n<meta property=\"og:description\" content=\"Los obispos V\u00edctor Masalles, de la Di\u00f3cesis de Ban\u00ed, y Jes\u00fas Castro Marte, auxiliar de la Arquidi\u00f3cesis de Santo Domingo, deploraron que los programas sociales del gobierno se utilicen con fines pol\u00edticos, como se ha denunciado en el caso del Plan Social de la Presidencia y las donaciones que realiza en el presente proceso electoral. [&hellip;]\" \/>\n<meta property=\"og:url\" content=\"https:\/\/blgnoticiassantodomingo.net\/index.php\/2020\/02\/10\/obispos-llaman-atencion-sobre-repartos-plan-social\/\" \/>\n<meta property=\"og:site_name\" content=\"BLG Noticias\" \/>\n<meta property=\"article:publisher\" content=\"https:\/\/web.facebook.com\/BlgNoticias\/?locale=es_LA&amp;_rdc=1&amp;_rdr\" \/>\n<meta property=\"article:published_time\" content=\"2020-02-10T12:35:48+00:00\" \/>\n<meta property=\"article:modified_time\" content=\"2020-02-10T12:35:49+00:00\" \/>\n<meta property=\"og:image\" content=\"https:\/\/blgnoticiassantodomingo.net\/wp-content\/uploads\/2020\/02\/obispos-llaman-atencion-sobre-repartos-plan-social.jpeg\" \/>\n\t<meta property=\"og:image:width\" content=\"644\" \/>\n\t<meta property=\"og:image:height\" content=\"460\" \/>\n\t<meta property=\"og:image:type\" content=\"image\/jpeg\" \/>\n<meta name=\"author\" content=\"Brenda Guerrero\" \/>\n<meta name=\"twitter:card\" content=\"summary_large_image\" \/>\n<meta name=\"twitter:creator\" content=\"@BlgNoticias\" \/>\n<meta name=\"twitter:site\" content=\"@BlgNoticias\" \/>\n<meta name=\"twitter:label1\" content=\"Escrito por\" \/>\n\t<meta name=\"twitter:data1\" content=\"Brenda Guerrero\" \/>\n\t<meta name=\"twitter:label2\" content=\"Tiempo de lectura\" \/>\n\t<meta name=\"twitter:data2\" content=\"3 minutos\" \/>\n<script type=\"application\/ld+json\" class=\"yoast-schema-graph\">{\"@context\":\"https:\/\/schema.org\",\"@graph\":[{\"@type\":\"Article\",\"@id\":\"https:\/\/blgnoticiassantodomingo.net\/index.php\/2020\/02\/10\/obispos-llaman-atencion-sobre-repartos-plan-social\/#article\",\"isPartOf\":{\"@id\":\"https:\/\/blgnoticiassantodomingo.net\/index.php\/2020\/02\/10\/obispos-llaman-atencion-sobre-repartos-plan-social\/\"},\"author\":{\"name\":\"Brenda Guerrero\",\"@id\":\"https:\/\/blgnoticiassantodomingo.net\/#\/schema\/person\/e2fc21cf88acc63dbd134be981bff374\"},\"headline\":\"Obispos llaman atenci\u00f3n sobre repartos Plan Social\",\"datePublished\":\"2020-02-10T12:35:48+00:00\",\"dateModified\":\"2020-02-10T12:35:49+00:00\",\"mainEntityOfPage\":{\"@id\":\"https:\/\/blgnoticiassantodomingo.net\/index.php\/2020\/02\/10\/obispos-llaman-atencion-sobre-repartos-plan-social\/\"},\"wordCount\":573,\"commentCount\":0,\"publisher\":{\"@id\":\"https:\/\/blgnoticiassantodomingo.net\/#organization\"},\"image\":{\"@id\":\"https:\/\/blgnoticiassantodomingo.net\/index.php\/2020\/02\/10\/obispos-llaman-atencion-sobre-repartos-plan-social\/#primaryimage\"},\"thumbnailUrl\":\"https:\/\/blgnoticiassantodomingo.net\/wp-content\/uploads\/2020\/02\/obispos-llaman-atencion-sobre-repartos-plan-social.jpeg\",\"articleSection\":[\"Nacionales\"],\"inLanguage\":\"es\",\"potentialAction\":[{\"@type\":\"CommentAction\",\"name\":\"Comment\",\"target\":[\"https:\/\/blgnoticiassantodomingo.net\/index.php\/2020\/02\/10\/obispos-llaman-atencion-sobre-repartos-plan-social\/#respond\"]}]},{\"@type\":\"WebPage\",\"@id\":\"https:\/\/blgnoticiassantodomingo.net\/index.php\/2020\/02\/10\/obispos-llaman-atencion-sobre-repartos-plan-social\/\",\"url\":\"https:\/\/blgnoticiassantodomingo.net\/index.php\/2020\/02\/10\/obispos-llaman-atencion-sobre-repartos-plan-social\/\",\"name\":\"Obispos llaman atenci\u00f3n sobre repartos Plan Social - BLG Noticias\",\"isPartOf\":{\"@id\":\"https:\/\/blgnoticiassantodomingo.net\/#website\"},\"primaryImageOfPage\":{\"@id\":\"https:\/\/blgnoticiassantodomingo.net\/index.php\/2020\/02\/10\/obispos-llaman-atencion-sobre-repartos-plan-social\/#primaryimage\"},\"image\":{\"@id\":\"https:\/\/blgnoticiassantodomingo.net\/index.php\/2020\/02\/10\/obispos-llaman-atencion-sobre-repartos-plan-social\/#primaryimage\"},\"thumbnailUrl\":\"https:\/\/blgnoticiassantodomingo.net\/wp-content\/uploads\/2020\/02\/obispos-llaman-atencion-sobre-repartos-plan-social.jpeg\",\"datePublished\":\"2020-02-10T12:35:48+00:00\",\"dateModified\":\"2020-02-10T12:35:49+00:00\",\"breadcrumb\":{\"@id\":\"https:\/\/blgnoticiassantodomingo.net\/index.php\/2020\/02\/10\/obispos-llaman-atencion-sobre-repartos-plan-social\/#breadcrumb\"},\"inLanguage\":\"es\",\"potentialAction\":[{\"@type\":\"ReadAction\",\"target\":[\"https:\/\/blgnoticiassantodomingo.net\/index.php\/2020\/02\/10\/obispos-llaman-atencion-sobre-repartos-plan-social\/\"]}]},{\"@type\":\"ImageObject\",\"inLanguage\":\"es\",\"@id\":\"https:\/\/blgnoticiassantodomingo.net\/index.php\/2020\/02\/10\/obispos-llaman-atencion-sobre-repartos-plan-social\/#primaryimage\",\"url\":\"https:\/\/blgnoticiassantodomingo.net\/wp-content\/uploads\/2020\/02\/obispos-llaman-atencion-sobre-repartos-plan-social.jpeg\",\"contentUrl\":\"https:\/\/blgnoticiassantodomingo.net\/wp-content\/uploads\/2020\/02\/obispos-llaman-atencion-sobre-repartos-plan-social.jpeg\",\"width\":644,\"height\":460},{\"@type\":\"BreadcrumbList\",\"@id\":\"https:\/\/blgnoticiassantodomingo.net\/index.php\/2020\/02\/10\/obispos-llaman-atencion-sobre-repartos-plan-social\/#breadcrumb\",\"itemListElement\":[{\"@type\":\"ListItem\",\"position\":1,\"name\":\"Portada\",\"item\":\"https:\/\/blgnoticiassantodomingo.net\/\"},{\"@type\":\"ListItem\",\"position\":2,\"name\":\"Obispos llaman atenci\u00f3n sobre repartos Plan Social\"}]},{\"@type\":\"WebSite\",\"@id\":\"https:\/\/blgnoticiassantodomingo.net\/#website\",\"url\":\"https:\/\/blgnoticiassantodomingo.net\/\",\"name\":\"BLG Noticias\",\"description\":\"Esto es Noticias\",\"publisher\":{\"@id\":\"https:\/\/blgnoticiassantodomingo.net\/#organization\"},\"potentialAction\":[{\"@type\":\"SearchAction\",\"target\":{\"@type\":\"EntryPoint\",\"urlTemplate\":\"https:\/\/blgnoticiassantodomingo.net\/?s={search_term_string}\"},\"query-input\":{\"@type\":\"PropertyValueSpecification\",\"valueRequired\":true,\"valueName\":\"search_term_string\"}}],\"inLanguage\":\"es\"},{\"@type\":\"Organization\",\"@id\":\"https:\/\/blgnoticiassantodomingo.net\/#organization\",\"name\":\"BLG Noticias\",\"url\":\"https:\/\/blgnoticiassantodomingo.net\/\",\"logo\":{\"@type\":\"ImageObject\",\"inLanguage\":\"es\",\"@id\":\"https:\/\/blgnoticiassantodomingo.net\/#\/schema\/logo\/image\/\",\"url\":\"https:\/\/blgnoticiassantodomingo.net\/wp-content\/uploads\/2023\/12\/Diseno-sin-titulo-3.jpg\",\"contentUrl\":\"https:\/\/blgnoticiassantodomingo.net\/wp-content\/uploads\/2023\/12\/Diseno-sin-titulo-3.jpg\",\"width\":500,\"height\":500,\"caption\":\"BLG Noticias\"},\"image\":{\"@id\":\"https:\/\/blgnoticiassantodomingo.net\/#\/schema\/logo\/image\/\"},\"sameAs\":[\"https:\/\/web.facebook.com\/BlgNoticias\/?locale=es_LA&_rdc=1&_rdr\",\"https:\/\/x.com\/BlgNoticias\",\"https:\/\/www.linkedin.com\/in\/brenda-l-santana-aa846279\/\"]},{\"@type\":\"Person\",\"@id\":\"https:\/\/blgnoticiassantodomingo.net\/#\/schema\/person\/e2fc21cf88acc63dbd134be981bff374\",\"name\":\"Brenda Guerrero\",\"image\":{\"@type\":\"ImageObject\",\"inLanguage\":\"es\",\"@id\":\"https:\/\/blgnoticiassantodomingo.net\/#\/schema\/person\/image\/\",\"url\":\"https:\/\/secure.gravatar.com\/avatar\/2f7fc4c3e3655be1580cb684bfd8ab19be702ae20879da1e072021daa02f9b8b?s=96&d=wp_user_avatar&r=g\",\"contentUrl\":\"https:\/\/secure.gravatar.com\/avatar\/2f7fc4c3e3655be1580cb684bfd8ab19be702ae20879da1e072021daa02f9b8b?s=96&d=wp_user_avatar&r=g\",\"caption\":\"Brenda Guerrero\"},\"description\":\"Periodista\",\"url\":\"https:\/\/blgnoticiassantodomingo.net\/index.php\/author\/brenda-guerrero\/\"}]}<\/script>\n<!-- \/ Yoast SEO plugin. -->","yoast_head_json":{"title":"Obispos llaman atenci\u00f3n sobre repartos Plan Social - BLG Noticias","robots":{"index":"index","follow":"follow","max-snippet":"max-snippet:-1","max-image-preview":"max-image-preview:large","max-video-preview":"max-video-preview:-1"},"canonical":"https:\/\/blgnoticiassantodomingo.net\/index.php\/2020\/02\/10\/obispos-llaman-atencion-sobre-repartos-plan-social\/","og_locale":"es_ES","og_type":"article","og_title":"Obispos llaman atenci\u00f3n sobre repartos Plan Social - BLG Noticias","og_description":"Los obispos V\u00edctor Masalles, de la Di\u00f3cesis de Ban\u00ed, y Jes\u00fas Castro Marte, auxiliar de la Arquidi\u00f3cesis de Santo Domingo, deploraron que los programas sociales del gobierno se utilicen con fines pol\u00edticos, como se ha denunciado en el caso del Plan Social de la Presidencia y las donaciones que realiza en el presente proceso electoral. [&hellip;]","og_url":"https:\/\/blgnoticiassantodomingo.net\/index.php\/2020\/02\/10\/obispos-llaman-atencion-sobre-repartos-plan-social\/","og_site_name":"BLG Noticias","article_publisher":"https:\/\/web.facebook.com\/BlgNoticias\/?locale=es_LA&_rdc=1&_rdr","article_published_time":"2020-02-10T12:35:48+00:00","article_modified_time":"2020-02-10T12:35:49+00:00","og_image":[{"width":644,"height":460,"url":"https:\/\/blgnoticiassantodomingo.net\/wp-content\/uploads\/2020\/02\/obispos-llaman-atencion-sobre-repartos-plan-social.jpeg","type":"image\/jpeg"}],"author":"Brenda Guerrero","twitter_card":"summary_large_image","twitter_creator":"@BlgNoticias","twitter_site":"@BlgNoticias","twitter_misc":{"Escrito por":"Brenda Guerrero","Tiempo de lectura":"3 minutos"},"schema":{"@context":"https:\/\/schema.org","@graph":[{"@type":"Article","@id":"https:\/\/blgnoticiassantodomingo.net\/index.php\/2020\/02\/10\/obispos-llaman-atencion-sobre-repartos-plan-social\/#article","isPartOf":{"@id":"https:\/\/blgnoticiassantodomingo.net\/index.php\/2020\/02\/10\/obispos-llaman-atencion-sobre-repartos-plan-social\/"},"author":{"name":"Brenda Guerrero","@id":"https:\/\/blgnoticiassantodomingo.net\/#\/schema\/person\/e2fc21cf88acc63dbd134be981bff374"},"headline":"Obispos llaman atenci\u00f3n sobre repartos Plan Social","datePublished":"2020-02-10T12:35:48+00:00","dateModified":"2020-02-10T12:35:49+00:00","mainEntityOfPage":{"@id":"https:\/\/blgnoticiassantodomingo.net\/index.php\/2020\/02\/10\/obispos-llaman-atencion-sobre-repartos-plan-social\/"},"wordCount":573,"commentCount":0,"publisher":{"@id":"https:\/\/blgnoticiassantodomingo.net\/#organization"},"image":{"@id":"https:\/\/blgnoticiassantodomingo.net\/index.php\/2020\/02\/10\/obispos-llaman-atencion-sobre-repartos-plan-social\/#primaryimage"},"thumbnailUrl":"https:\/\/blgnoticiassantodomingo.net\/wp-content\/uploads\/2020\/02\/obispos-llaman-atencion-sobre-repartos-plan-social.jpeg","articleSection":["Nacionales"],"inLanguage":"es","potentialAction":[{"@type":"CommentAction","name":"Comment","target":["https:\/\/blgnoticiassantodomingo.net\/index.php\/2020\/02\/10\/obispos-llaman-atencion-sobre-repartos-plan-social\/#respond"]}]},{"@type":"WebPage","@id":"https:\/\/blgnoticiassantodomingo.net\/index.php\/2020\/02\/10\/obispos-llaman-atencion-sobre-repartos-plan-social\/","url":"https:\/\/blgnoticiassantodomingo.net\/index.php\/2020\/02\/10\/obispos-llaman-atencion-sobre-repartos-plan-social\/","name":"Obispos llaman atenci\u00f3n sobre repartos Plan Social - BLG Noticias","isPartOf":{"@id":"https:\/\/blgnoticiassantodomingo.net\/#website"},"primaryImageOfPage":{"@id":"https:\/\/blgnoticiassantodomingo.net\/index.php\/2020\/02\/10\/obispos-llaman-atencion-sobre-repartos-plan-social\/#primaryimage"},"image":{"@id":"https:\/\/blgnoticiassantodomingo.net\/index.php\/2020\/02\/10\/obispos-llaman-atencion-sobre-repartos-plan-social\/#primaryimage"},"thumbnailUrl":"https:\/\/blgnoticiassantodomingo.net\/wp-content\/uploads\/2020\/02\/obispos-llaman-atencion-sobre-repartos-plan-social.jpeg","datePublished":"2020-02-10T12:35:48+00:00","dateModified":"2020-02-10T12:35:49+00:00","breadcrumb":{"@id":"https:\/\/blgnoticiassantodomingo.net\/index.php\/2020\/02\/10\/obispos-llaman-atencion-sobre-repartos-plan-social\/#breadcrumb"},"inLanguage":"es","potentialAction":[{"@type":"ReadAction","target":["https:\/\/blgnoticiassantodomingo.net\/index.php\/2020\/02\/10\/obispos-llaman-atencion-sobre-repartos-plan-social\/"]}]},{"@type":"ImageObject","inLanguage":"es","@id":"https:\/\/blgnoticiassantodomingo.net\/index.php\/2020\/02\/10\/obispos-llaman-atencion-sobre-repartos-plan-social\/#primaryimage","url":"https:\/\/blgnoticiassantodomingo.net\/wp-content\/uploads\/2020\/02\/obispos-llaman-atencion-sobre-repartos-plan-social.jpeg","contentUrl":"https:\/\/blgnoticiassantodomingo.net\/wp-content\/uploads\/2020\/02\/obispos-llaman-atencion-sobre-repartos-plan-social.jpeg","width":644,"height":460},{"@type":"BreadcrumbList","@id":"https:\/\/blgnoticiassantodomingo.net\/index.php\/2020\/02\/10\/obispos-llaman-atencion-sobre-repartos-plan-social\/#breadcrumb","itemListElement":[{"@type":"ListItem","position":1,"name":"Portada","item":"https:\/\/blgnoticiassantodomingo.net\/"},{"@type":"ListItem","position":2,"name":"Obispos llaman atenci\u00f3n sobre repartos Plan Social"}]},{"@type":"WebSite","@id":"https:\/\/blgnoticiassantodomingo.net\/#website","url":"https:\/\/blgnoticiassantodomingo.net\/","name":"BLG Noticias","description":"Esto es Noticias","publisher":{"@id":"https:\/\/blgnoticiassantodomingo.net\/#organization"},"potentialAction":[{"@type":"SearchAction","target":{"@type":"EntryPoint","urlTemplate":"https:\/\/blgnoticiassantodomingo.net\/?s={search_term_string}"},"query-input":{"@type":"PropertyValueSpecification","valueRequired":true,"valueName":"search_term_string"}}],"inLanguage":"es"},{"@type":"Organization","@id":"https:\/\/blgnoticiassantodomingo.net\/#organization","name":"BLG Noticias","url":"https:\/\/blgnoticiassantodomingo.net\/","logo":{"@type":"ImageObject","inLanguage":"es","@id":"https:\/\/blgnoticiassantodomingo.net\/#\/schema\/logo\/image\/","url":"https:\/\/blgnoticiassantodomingo.net\/wp-content\/uploads\/2023\/12\/Diseno-sin-titulo-3.jpg","contentUrl":"https:\/\/blgnoticiassantodomingo.net\/wp-content\/uploads\/2023\/12\/Diseno-sin-titulo-3.jpg","width":500,"height":500,"caption":"BLG Noticias"},"image":{"@id":"https:\/\/blgnoticiassantodomingo.net\/#\/schema\/logo\/image\/"},"sameAs":["https:\/\/web.facebook.com\/BlgNoticias\/?locale=es_LA&_rdc=1&_rdr","https:\/\/x.com\/BlgNoticias","https:\/\/www.linkedin.com\/in\/brenda-l-santana-aa846279\/"]},{"@type":"Person","@id":"https:\/\/blgnoticiassantodomingo.net\/#\/schema\/person\/e2fc21cf88acc63dbd134be981bff374","name":"Brenda Guerrero","image":{"@type":"ImageObject","inLanguage":"es","@id":"https:\/\/blgnoticiassantodomingo.net\/#\/schema\/person\/image\/","url":"https:\/\/secure.gravatar.com\/avatar\/2f7fc4c3e3655be1580cb684bfd8ab19be702ae20879da1e072021daa02f9b8b?s=96&d=wp_user_avatar&r=g","contentUrl":"https:\/\/secure.gravatar.com\/avatar\/2f7fc4c3e3655be1580cb684bfd8ab19be702ae20879da1e072021daa02f9b8b?s=96&d=wp_user_avatar&r=g","caption":"Brenda Guerrero"},"description":"Periodista","url":"https:\/\/blgnoticiassantodomingo.net\/index.php\/author\/brenda-guerrero\/"}]}},"jetpack_featured_media_url":"https:\/\/blgnoticiassantodomingo.net\/wp-content\/uploads\/2020\/02\/obispos-llaman-atencion-sobre-repartos-plan-social.jpeg","_links":{"self":[{"href":"https:\/\/blgnoticiassantodomingo.net\/index.php\/wp-json\/wp\/v2\/posts\/6068","targetHints":{"allow":["GET"]}}],"collection":[{"href":"https:\/\/blgnoticiassantodomingo.net\/index.php\/wp-json\/wp\/v2\/posts"}],"about":[{"href":"https:\/\/blgnoticiassantodomingo.net\/index.php\/wp-json\/wp\/v2\/types\/post"}],"author":[{"embeddable":true,"href":"https:\/\/blgnoticiassantodomingo.net\/index.php\/wp-json\/wp\/v2\/users\/2"}],"replies":[{"embeddable":true,"href":"https:\/\/blgnoticiassantodomingo.net\/index.php\/wp-json\/wp\/v2\/comments?post=6068"}],"version-history":[{"count":1,"href":"https:\/\/blgnoticiassantodomingo.net\/index.php\/wp-json\/wp\/v2\/posts\/6068\/revisions"}],"predecessor-version":[{"id":6070,"href":"https:\/\/blgnoticiassantodomingo.net\/index.php\/wp-json\/wp\/v2\/posts\/6068\/revisions\/6070"}],"wp:featuredmedia":[{"embeddable":true,"href":"https:\/\/blgnoticiassantodomingo.net\/index.php\/wp-json\/wp\/v2\/media\/6069"}],"wp:attachment":[{"href":"https:\/\/blgnoticiassantodomingo.net\/index.php\/wp-json\/wp\/v2\/media?parent=6068"}],"wp:term":[{"taxonomy":"category","embeddable":true,"href":"https:\/\/blgnoticiassantodomingo.net\/index.php\/wp-json\/wp\/v2\/categories?post=6068"},{"taxonomy":"post_tag","embeddable":true,"href":"https:\/\/blgnoticiassantodomingo.net\/index.php\/wp-json\/wp\/v2\/tags?post=6068"}],"curies":[{"name":"wp","href":"https:\/\/api.w.org\/{rel}","templated":true}]}}