{"id":6065,"date":"2020-02-10T12:24:54","date_gmt":"2020-02-10T12:24:54","guid":{"rendered":"http:\/\/blgnoticiassantodomingo.net\/?p=6065"},"modified":"2020-02-10T12:24:55","modified_gmt":"2020-02-10T12:24:55","slug":"chubascos-aislados-causados-por-el-viento-del-este","status":"publish","type":"post","link":"https:\/\/blgnoticiassantodomingo.net\/index.php\/2020\/02\/10\/chubascos-aislados-causados-por-el-viento-del-este\/","title":{"rendered":"CHUBASCOS AISLADOS CAUSADOS POR EL VIENTO DEL ESTE"},"content":{"rendered":"\n<p>&nbsp;Las condiciones del tiempo no presentan cambios de importancia para hoy, iniciamos la semana laboral con algunos chubascos provocados por el viento del este, el cual transporta campos nubosos sobre el territorio nacional, sum\u00e1ndose a los efectos locales de convecci\u00f3n y orograf\u00eda.&nbsp; Por lo tanto, tendremos chubascos d\u00e9biles y aislados sobre las regiones: noreste, sureste y la cordillera Central. En especial en las provincias: Saman\u00e1, Mar\u00eda Trinidad S\u00e1nchez, Monse\u00f1or Nouel, Barahona, La Vega, Santiago, Monte Plata, La Altagracia y el Gran Santo Domingo.<br><\/p>\n","protected":false},"excerpt":{"rendered":"<p>&nbsp;Las condiciones del tiempo no presentan cambios de importancia para hoy, iniciamos la semana laboral con algunos chubascos provocados por el viento del este, el cual transporta campos nubosos sobre el territorio nacional, sum\u00e1ndose a los efectos locales de convecci\u00f3n y orograf\u00eda.&nbsp; Por lo tanto, tendremos chubascos d\u00e9biles y aislados sobre las regiones: noreste, sureste [&hellip;]<\/p>\n","protected":false},"author":2,"featured_media":5650,"comment_status":"open","ping_status":"open","sticky":false,"template":"","format":"standard","meta":{"footnotes":""},"categories":[220],"tags":[],"class_list":{"0":"post-6065","1":"post","2":"type-post","3":"status-publish","4":"format-standard","5":"has-post-thumbnail","7":"category-nacionales"},"yoast_head":"<!-- This site is optimized with the Yoast SEO plugin v24.9 - https:\/\/yoast.com\/wordpress\/plugins\/seo\/ -->\n<title>CHUBASCOS AISLADOS CAUSADOS POR EL VIENTO DEL ESTE - BLG Noticias<\/title>\n<meta name=\"robots\" content=\"index, follow, max-snippet:-1, max-image-preview:large, max-video-preview:-1\" \/>\n<link rel=\"canonical\" href=\"https:\/\/blgnoticiassantodomingo.net\/index.php\/2020\/02\/10\/chubascos-aislados-causados-por-el-viento-del-este\/\" \/>\n<meta property=\"og:locale\" content=\"es_ES\" \/>\n<meta property=\"og:type\" content=\"article\" \/>\n<meta property=\"og:title\" content=\"CHUBASCOS AISLADOS CAUSADOS POR EL VIENTO DEL ESTE - BLG Noticias\" \/>\n<meta property=\"og:description\" content=\"&nbsp;Las condiciones del tiempo no presentan cambios de importancia para hoy, iniciamos la semana laboral con algunos chubascos provocados por el viento del este, el cual transporta campos nubosos sobre el territorio nacional, sum\u00e1ndose a los efectos locales de convecci\u00f3n y orograf\u00eda.&nbsp; Por lo tanto, tendremos chubascos d\u00e9biles y aislados sobre las regiones: noreste, sureste [&hellip;]\" \/>\n<meta property=\"og:url\" content=\"https:\/\/blgnoticiassantodomingo.net\/index.php\/2020\/02\/10\/chubascos-aislados-causados-por-el-viento-del-este\/\" \/>\n<meta property=\"og:site_name\" content=\"BLG Noticias\" \/>\n<meta property=\"article:publisher\" content=\"https:\/\/web.facebook.com\/BlgNoticias\/?locale=es_LA&amp;_rdc=1&amp;_rdr\" \/>\n<meta property=\"article:published_time\" content=\"2020-02-10T12:24:54+00:00\" \/>\n<meta property=\"article:modified_time\" content=\"2020-02-10T12:24:55+00:00\" \/>\n<meta property=\"og:image\" content=\"https:\/\/blgnoticiassantodomingo.net\/wp-content\/uploads\/2020\/02\/phpThumb_generated_thumbnail.jpeg\" \/>\n\t<meta property=\"og:image:width\" content=\"640\" \/>\n\t<meta property=\"og:image:height\" content=\"343\" \/>\n\t<meta property=\"og:image:type\" content=\"image\/jpeg\" \/>\n<meta name=\"author\" content=\"Brenda Guerrero\" \/>\n<meta name=\"twitter:card\" content=\"summary_large_image\" \/>\n<meta name=\"twitter:creator\" content=\"@BlgNoticias\" \/>\n<meta name=\"twitter:site\" content=\"@BlgNoticias\" \/>\n<meta name=\"twitter:label1\" content=\"Escrito por\" \/>\n\t<meta name=\"twitter:data1\" content=\"Brenda Guerrero\" \/>\n<script type=\"application\/ld+json\" class=\"yoast-schema-graph\">{\"@context\":\"https:\/\/schema.org\",\"@graph\":[{\"@type\":\"Article\",\"@id\":\"https:\/\/blgnoticiassantodomingo.net\/index.php\/2020\/02\/10\/chubascos-aislados-causados-por-el-viento-del-este\/#article\",\"isPartOf\":{\"@id\":\"https:\/\/blgnoticiassantodomingo.net\/index.php\/2020\/02\/10\/chubascos-aislados-causados-por-el-viento-del-este\/\"},\"author\":{\"name\":\"Brenda Guerrero\",\"@id\":\"https:\/\/blgnoticiassantodomingo.net\/#\/schema\/person\/e2fc21cf88acc63dbd134be981bff374\"},\"headline\":\"CHUBASCOS AISLADOS CAUSADOS POR EL VIENTO DEL ESTE\",\"datePublished\":\"2020-02-10T12:24:54+00:00\",\"dateModified\":\"2020-02-10T12:24:55+00:00\",\"mainEntityOfPage\":{\"@id\":\"https:\/\/blgnoticiassantodomingo.net\/index.php\/2020\/02\/10\/chubascos-aislados-causados-por-el-viento-del-este\/\"},\"wordCount\":100,\"commentCount\":0,\"publisher\":{\"@id\":\"https:\/\/blgnoticiassantodomingo.net\/#organization\"},\"image\":{\"@id\":\"https:\/\/blgnoticiassantodomingo.net\/index.php\/2020\/02\/10\/chubascos-aislados-causados-por-el-viento-del-este\/#primaryimage\"},\"thumbnailUrl\":\"https:\/\/blgnoticiassantodomingo.net\/wp-content\/uploads\/2020\/02\/phpThumb_generated_thumbnail.jpeg\",\"articleSection\":[\"Nacionales\"],\"inLanguage\":\"es\",\"potentialAction\":[{\"@type\":\"CommentAction\",\"name\":\"Comment\",\"target\":[\"https:\/\/blgnoticiassantodomingo.net\/index.php\/2020\/02\/10\/chubascos-aislados-causados-por-el-viento-del-este\/#respond\"]}]},{\"@type\":\"WebPage\",\"@id\":\"https:\/\/blgnoticiassantodomingo.net\/index.php\/2020\/02\/10\/chubascos-aislados-causados-por-el-viento-del-este\/\",\"url\":\"https:\/\/blgnoticiassantodomingo.net\/index.php\/2020\/02\/10\/chubascos-aislados-causados-por-el-viento-del-este\/\",\"name\":\"CHUBASCOS AISLADOS CAUSADOS POR EL VIENTO DEL ESTE - BLG Noticias\",\"isPartOf\":{\"@id\":\"https:\/\/blgnoticiassantodomingo.net\/#website\"},\"primaryImageOfPage\":{\"@id\":\"https:\/\/blgnoticiassantodomingo.net\/index.php\/2020\/02\/10\/chubascos-aislados-causados-por-el-viento-del-este\/#primaryimage\"},\"image\":{\"@id\":\"https:\/\/blgnoticiassantodomingo.net\/index.php\/2020\/02\/10\/chubascos-aislados-causados-por-el-viento-del-este\/#primaryimage\"},\"thumbnailUrl\":\"https:\/\/blgnoticiassantodomingo.net\/wp-content\/uploads\/2020\/02\/phpThumb_generated_thumbnail.jpeg\",\"datePublished\":\"2020-02-10T12:24:54+00:00\",\"dateModified\":\"2020-02-10T12:24:55+00:00\",\"breadcrumb\":{\"@id\":\"https:\/\/blgnoticiassantodomingo.net\/index.php\/2020\/02\/10\/chubascos-aislados-causados-por-el-viento-del-este\/#breadcrumb\"},\"inLanguage\":\"es\",\"potentialAction\":[{\"@type\":\"ReadAction\",\"target\":[\"https:\/\/blgnoticiassantodomingo.net\/index.php\/2020\/02\/10\/chubascos-aislados-causados-por-el-viento-del-este\/\"]}]},{\"@type\":\"ImageObject\",\"inLanguage\":\"es\",\"@id\":\"https:\/\/blgnoticiassantodomingo.net\/index.php\/2020\/02\/10\/chubascos-aislados-causados-por-el-viento-del-este\/#primaryimage\",\"url\":\"https:\/\/blgnoticiassantodomingo.net\/wp-content\/uploads\/2020\/02\/phpThumb_generated_thumbnail.jpeg\",\"contentUrl\":\"https:\/\/blgnoticiassantodomingo.net\/wp-content\/uploads\/2020\/02\/phpThumb_generated_thumbnail.jpeg\",\"width\":640,\"height\":343},{\"@type\":\"BreadcrumbList\",\"@id\":\"https:\/\/blgnoticiassantodomingo.net\/index.php\/2020\/02\/10\/chubascos-aislados-causados-por-el-viento-del-este\/#breadcrumb\",\"itemListElement\":[{\"@type\":\"ListItem\",\"position\":1,\"name\":\"Portada\",\"item\":\"https:\/\/blgnoticiassantodomingo.net\/\"},{\"@type\":\"ListItem\",\"position\":2,\"name\":\"CHUBASCOS AISLADOS CAUSADOS POR EL VIENTO DEL ESTE\"}]},{\"@type\":\"WebSite\",\"@id\":\"https:\/\/blgnoticiassantodomingo.net\/#website\",\"url\":\"https:\/\/blgnoticiassantodomingo.net\/\",\"name\":\"BLG Noticias\",\"description\":\"Esto es Noticias\",\"publisher\":{\"@id\":\"https:\/\/blgnoticiassantodomingo.net\/#organization\"},\"potentialAction\":[{\"@type\":\"SearchAction\",\"target\":{\"@type\":\"EntryPoint\",\"urlTemplate\":\"https:\/\/blgnoticiassantodomingo.net\/?s={search_term_string}\"},\"query-input\":{\"@type\":\"PropertyValueSpecification\",\"valueRequired\":true,\"valueName\":\"search_term_string\"}}],\"inLanguage\":\"es\"},{\"@type\":\"Organization\",\"@id\":\"https:\/\/blgnoticiassantodomingo.net\/#organization\",\"name\":\"BLG Noticias\",\"url\":\"https:\/\/blgnoticiassantodomingo.net\/\",\"logo\":{\"@type\":\"ImageObject\",\"inLanguage\":\"es\",\"@id\":\"https:\/\/blgnoticiassantodomingo.net\/#\/schema\/logo\/image\/\",\"url\":\"https:\/\/blgnoticiassantodomingo.net\/wp-content\/uploads\/2023\/12\/Diseno-sin-titulo-3.jpg\",\"contentUrl\":\"https:\/\/blgnoticiassantodomingo.net\/wp-content\/uploads\/2023\/12\/Diseno-sin-titulo-3.jpg\",\"width\":500,\"height\":500,\"caption\":\"BLG Noticias\"},\"image\":{\"@id\":\"https:\/\/blgnoticiassantodomingo.net\/#\/schema\/logo\/image\/\"},\"sameAs\":[\"https:\/\/web.facebook.com\/BlgNoticias\/?locale=es_LA&_rdc=1&_rdr\",\"https:\/\/x.com\/BlgNoticias\",\"https:\/\/www.linkedin.com\/in\/brenda-l-santana-aa846279\/\"]},{\"@type\":\"Person\",\"@id\":\"https:\/\/blgnoticiassantodomingo.net\/#\/schema\/person\/e2fc21cf88acc63dbd134be981bff374\",\"name\":\"Brenda Guerrero\",\"image\":{\"@type\":\"ImageObject\",\"inLanguage\":\"es\",\"@id\":\"https:\/\/blgnoticiassantodomingo.net\/#\/schema\/person\/image\/\",\"url\":\"https:\/\/secure.gravatar.com\/avatar\/2f7fc4c3e3655be1580cb684bfd8ab19be702ae20879da1e072021daa02f9b8b?s=96&d=wp_user_avatar&r=g\",\"contentUrl\":\"https:\/\/secure.gravatar.com\/avatar\/2f7fc4c3e3655be1580cb684bfd8ab19be702ae20879da1e072021daa02f9b8b?s=96&d=wp_user_avatar&r=g\",\"caption\":\"Brenda Guerrero\"},\"description\":\"Periodista\",\"url\":\"https:\/\/blgnoticiassantodomingo.net\/index.php\/author\/brenda-guerrero\/\"}]}<\/script>\n<!-- \/ Yoast SEO plugin. -->","yoast_head_json":{"title":"CHUBASCOS AISLADOS CAUSADOS POR EL VIENTO DEL ESTE - BLG Noticias","robots":{"index":"index","follow":"follow","max-snippet":"max-snippet:-1","max-image-preview":"max-image-preview:large","max-video-preview":"max-video-preview:-1"},"canonical":"https:\/\/blgnoticiassantodomingo.net\/index.php\/2020\/02\/10\/chubascos-aislados-causados-por-el-viento-del-este\/","og_locale":"es_ES","og_type":"article","og_title":"CHUBASCOS AISLADOS CAUSADOS POR EL VIENTO DEL ESTE - BLG Noticias","og_description":"&nbsp;Las condiciones del tiempo no presentan cambios de importancia para hoy, iniciamos la semana laboral con algunos chubascos provocados por el viento del este, el cual transporta campos nubosos sobre el territorio nacional, sum\u00e1ndose a los efectos locales de convecci\u00f3n y orograf\u00eda.&nbsp; Por lo tanto, tendremos chubascos d\u00e9biles y aislados sobre las regiones: noreste, sureste [&hellip;]","og_url":"https:\/\/blgnoticiassantodomingo.net\/index.php\/2020\/02\/10\/chubascos-aislados-causados-por-el-viento-del-este\/","og_site_name":"BLG Noticias","article_publisher":"https:\/\/web.facebook.com\/BlgNoticias\/?locale=es_LA&_rdc=1&_rdr","article_published_time":"2020-02-10T12:24:54+00:00","article_modified_time":"2020-02-10T12:24:55+00:00","og_image":[{"width":640,"height":343,"url":"https:\/\/blgnoticiassantodomingo.net\/wp-content\/uploads\/2020\/02\/phpThumb_generated_thumbnail.jpeg","type":"image\/jpeg"}],"author":"Brenda Guerrero","twitter_card":"summary_large_image","twitter_creator":"@BlgNoticias","twitter_site":"@BlgNoticias","twitter_misc":{"Escrito por":"Brenda Guerrero"},"schema":{"@context":"https:\/\/schema.org","@graph":[{"@type":"Article","@id":"https:\/\/blgnoticiassantodomingo.net\/index.php\/2020\/02\/10\/chubascos-aislados-causados-por-el-viento-del-este\/#article","isPartOf":{"@id":"https:\/\/blgnoticiassantodomingo.net\/index.php\/2020\/02\/10\/chubascos-aislados-causados-por-el-viento-del-este\/"},"author":{"name":"Brenda Guerrero","@id":"https:\/\/blgnoticiassantodomingo.net\/#\/schema\/person\/e2fc21cf88acc63dbd134be981bff374"},"headline":"CHUBASCOS AISLADOS CAUSADOS POR EL VIENTO DEL ESTE","datePublished":"2020-02-10T12:24:54+00:00","dateModified":"2020-02-10T12:24:55+00:00","mainEntityOfPage":{"@id":"https:\/\/blgnoticiassantodomingo.net\/index.php\/2020\/02\/10\/chubascos-aislados-causados-por-el-viento-del-este\/"},"wordCount":100,"commentCount":0,"publisher":{"@id":"https:\/\/blgnoticiassantodomingo.net\/#organization"},"image":{"@id":"https:\/\/blgnoticiassantodomingo.net\/index.php\/2020\/02\/10\/chubascos-aislados-causados-por-el-viento-del-este\/#primaryimage"},"thumbnailUrl":"https:\/\/blgnoticiassantodomingo.net\/wp-content\/uploads\/2020\/02\/phpThumb_generated_thumbnail.jpeg","articleSection":["Nacionales"],"inLanguage":"es","potentialAction":[{"@type":"CommentAction","name":"Comment","target":["https:\/\/blgnoticiassantodomingo.net\/index.php\/2020\/02\/10\/chubascos-aislados-causados-por-el-viento-del-este\/#respond"]}]},{"@type":"WebPage","@id":"https:\/\/blgnoticiassantodomingo.net\/index.php\/2020\/02\/10\/chubascos-aislados-causados-por-el-viento-del-este\/","url":"https:\/\/blgnoticiassantodomingo.net\/index.php\/2020\/02\/10\/chubascos-aislados-causados-por-el-viento-del-este\/","name":"CHUBASCOS AISLADOS CAUSADOS POR EL VIENTO DEL ESTE - BLG Noticias","isPartOf":{"@id":"https:\/\/blgnoticiassantodomingo.net\/#website"},"primaryImageOfPage":{"@id":"https:\/\/blgnoticiassantodomingo.net\/index.php\/2020\/02\/10\/chubascos-aislados-causados-por-el-viento-del-este\/#primaryimage"},"image":{"@id":"https:\/\/blgnoticiassantodomingo.net\/index.php\/2020\/02\/10\/chubascos-aislados-causados-por-el-viento-del-este\/#primaryimage"},"thumbnailUrl":"https:\/\/blgnoticiassantodomingo.net\/wp-content\/uploads\/2020\/02\/phpThumb_generated_thumbnail.jpeg","datePublished":"2020-02-10T12:24:54+00:00","dateModified":"2020-02-10T12:24:55+00:00","breadcrumb":{"@id":"https:\/\/blgnoticiassantodomingo.net\/index.php\/2020\/02\/10\/chubascos-aislados-causados-por-el-viento-del-este\/#breadcrumb"},"inLanguage":"es","potentialAction":[{"@type":"ReadAction","target":["https:\/\/blgnoticiassantodomingo.net\/index.php\/2020\/02\/10\/chubascos-aislados-causados-por-el-viento-del-este\/"]}]},{"@type":"ImageObject","inLanguage":"es","@id":"https:\/\/blgnoticiassantodomingo.net\/index.php\/2020\/02\/10\/chubascos-aislados-causados-por-el-viento-del-este\/#primaryimage","url":"https:\/\/blgnoticiassantodomingo.net\/wp-content\/uploads\/2020\/02\/phpThumb_generated_thumbnail.jpeg","contentUrl":"https:\/\/blgnoticiassantodomingo.net\/wp-content\/uploads\/2020\/02\/phpThumb_generated_thumbnail.jpeg","width":640,"height":343},{"@type":"BreadcrumbList","@id":"https:\/\/blgnoticiassantodomingo.net\/index.php\/2020\/02\/10\/chubascos-aislados-causados-por-el-viento-del-este\/#breadcrumb","itemListElement":[{"@type":"ListItem","position":1,"name":"Portada","item":"https:\/\/blgnoticiassantodomingo.net\/"},{"@type":"ListItem","position":2,"name":"CHUBASCOS AISLADOS CAUSADOS POR EL VIENTO DEL ESTE"}]},{"@type":"WebSite","@id":"https:\/\/blgnoticiassantodomingo.net\/#website","url":"https:\/\/blgnoticiassantodomingo.net\/","name":"BLG Noticias","description":"Esto es Noticias","publisher":{"@id":"https:\/\/blgnoticiassantodomingo.net\/#organization"},"potentialAction":[{"@type":"SearchAction","target":{"@type":"EntryPoint","urlTemplate":"https:\/\/blgnoticiassantodomingo.net\/?s={search_term_string}"},"query-input":{"@type":"PropertyValueSpecification","valueRequired":true,"valueName":"search_term_string"}}],"inLanguage":"es"},{"@type":"Organization","@id":"https:\/\/blgnoticiassantodomingo.net\/#organization","name":"BLG Noticias","url":"https:\/\/blgnoticiassantodomingo.net\/","logo":{"@type":"ImageObject","inLanguage":"es","@id":"https:\/\/blgnoticiassantodomingo.net\/#\/schema\/logo\/image\/","url":"https:\/\/blgnoticiassantodomingo.net\/wp-content\/uploads\/2023\/12\/Diseno-sin-titulo-3.jpg","contentUrl":"https:\/\/blgnoticiassantodomingo.net\/wp-content\/uploads\/2023\/12\/Diseno-sin-titulo-3.jpg","width":500,"height":500,"caption":"BLG Noticias"},"image":{"@id":"https:\/\/blgnoticiassantodomingo.net\/#\/schema\/logo\/image\/"},"sameAs":["https:\/\/web.facebook.com\/BlgNoticias\/?locale=es_LA&_rdc=1&_rdr","https:\/\/x.com\/BlgNoticias","https:\/\/www.linkedin.com\/in\/brenda-l-santana-aa846279\/"]},{"@type":"Person","@id":"https:\/\/blgnoticiassantodomingo.net\/#\/schema\/person\/e2fc21cf88acc63dbd134be981bff374","name":"Brenda Guerrero","image":{"@type":"ImageObject","inLanguage":"es","@id":"https:\/\/blgnoticiassantodomingo.net\/#\/schema\/person\/image\/","url":"https:\/\/secure.gravatar.com\/avatar\/2f7fc4c3e3655be1580cb684bfd8ab19be702ae20879da1e072021daa02f9b8b?s=96&d=wp_user_avatar&r=g","contentUrl":"https:\/\/secure.gravatar.com\/avatar\/2f7fc4c3e3655be1580cb684bfd8ab19be702ae20879da1e072021daa02f9b8b?s=96&d=wp_user_avatar&r=g","caption":"Brenda Guerrero"},"description":"Periodista","url":"https:\/\/blgnoticiassantodomingo.net\/index.php\/author\/brenda-guerrero\/"}]}},"jetpack_featured_media_url":"https:\/\/blgnoticiassantodomingo.net\/wp-content\/uploads\/2020\/02\/phpThumb_generated_thumbnail.jpeg","_links":{"self":[{"href":"https:\/\/blgnoticiassantodomingo.net\/index.php\/wp-json\/wp\/v2\/posts\/6065","targetHints":{"allow":["GET"]}}],"collection":[{"href":"https:\/\/blgnoticiassantodomingo.net\/index.php\/wp-json\/wp\/v2\/posts"}],"about":[{"href":"https:\/\/blgnoticiassantodomingo.net\/index.php\/wp-json\/wp\/v2\/types\/post"}],"author":[{"embeddable":true,"href":"https:\/\/blgnoticiassantodomingo.net\/index.php\/wp-json\/wp\/v2\/users\/2"}],"replies":[{"embeddable":true,"href":"https:\/\/blgnoticiassantodomingo.net\/index.php\/wp-json\/wp\/v2\/comments?post=6065"}],"version-history":[{"count":1,"href":"https:\/\/blgnoticiassantodomingo.net\/index.php\/wp-json\/wp\/v2\/posts\/6065\/revisions"}],"predecessor-version":[{"id":6066,"href":"https:\/\/blgnoticiassantodomingo.net\/index.php\/wp-json\/wp\/v2\/posts\/6065\/revisions\/6066"}],"wp:featuredmedia":[{"embeddable":true,"href":"https:\/\/blgnoticiassantodomingo.net\/index.php\/wp-json\/wp\/v2\/media\/5650"}],"wp:attachment":[{"href":"https:\/\/blgnoticiassantodomingo.net\/index.php\/wp-json\/wp\/v2\/media?parent=6065"}],"wp:term":[{"taxonomy":"category","embeddable":true,"href":"https:\/\/blgnoticiassantodomingo.net\/index.php\/wp-json\/wp\/v2\/categories?post=6065"},{"taxonomy":"post_tag","embeddable":true,"href":"https:\/\/blgnoticiassantodomingo.net\/index.php\/wp-json\/wp\/v2\/tags?post=6065"}],"curies":[{"name":"wp","href":"https:\/\/api.w.org\/{rel}","templated":true}]}}