{"id":6060,"date":"2020-02-09T20:36:23","date_gmt":"2020-02-09T20:36:23","guid":{"rendered":"http:\/\/blgnoticiassantodomingo.net\/?p=6060"},"modified":"2020-02-09T20:36:25","modified_gmt":"2020-02-09T20:36:25","slug":"pleno-jce-extiende-plazo-para-alianzas-de-elecciones-presidenciales-y-congresuales","status":"publish","type":"post","link":"https:\/\/blgnoticiassantodomingo.net\/index.php\/2020\/02\/09\/pleno-jce-extiende-plazo-para-alianzas-de-elecciones-presidenciales-y-congresuales\/","title":{"rendered":"Pleno JCE extiende plazo para alianzas de elecciones presidenciales y congresuales"},"content":{"rendered":"\n<p><em>L<\/em><em>a&nbsp;<\/em><em>nueva fecha para&nbsp;<\/em><em>la presentaci\u00f3n de solici<\/em><em>tudes de pactos de&nbsp;<\/em><em>alianza<\/em><em>s&nbsp;<\/em><em>es<\/em><em>&nbsp;hasta el 1<\/em><em>9 de febrero de 2020<\/em><em>&nbsp;<\/em><em>y&nbsp;<\/em><em>las mismas&nbsp;<\/em><em>se<\/em><em>r\u00e1n conocida<\/em><em>s<\/em><em>&nbsp;<\/em><em>en&nbsp;<\/em><em>Audiencia P\u00fablica el&nbsp;<\/em><em>d\u00eda&nbsp;<\/em><em>2<\/em><em>1<\/em><em>&nbsp;de f<\/em><em>ebre<\/em><em>r<\/em><em>o y<\/em><em>&nbsp;decid<\/em><em>idas el 24 d<\/em><em>e febrero<\/em><em>.<\/em><\/p>\n\n\n\n<p>Santo Domingo.-&nbsp;El Pleno de la&nbsp;Junta Central Electoral (JCE), encabezado por su Presidente, Magistrado&nbsp;Julio C\u00e9sar Casta\u00f1os Guzm\u00e1n, aprob\u00f3 este domingo&nbsp;la Resoluci\u00f3n 16-20&nbsp;quemodifica parcialmente los plazos para las&nbsp;solicitudes y para el conocimiento de fusiones, alianzas o coaliciones para las elecciones presidenciales&nbsp;y congresuales de 2020,&nbsp;as\u00ed como lafecha&nbsp;de conocimiento&nbsp;y&nbsp;decisi\u00f3n de las candidaturas&nbsp;de&nbsp;dichosniveles&nbsp;de elecci\u00f3n&nbsp;que se hayan recibido&nbsp;hasta el 21 de&nbsp;febrero.<\/p>\n\n\n\n<p>En&nbsp;tal sentido, la Resoluci\u00f3n&nbsp;establece&nbsp;que&nbsp;el&nbsp;plazo de presentaci\u00f3n&nbsp;de&nbsp;dichas&nbsp;solicitudes de fusiones, alianzas o coaliciones&nbsp;para las referidas elecciones&nbsp;que&nbsp;venc\u00eda&nbsp;el pr\u00f3ximo lunes 17 de febrero de 2020,&nbsp;fue extendido hasta&nbsp;el mi\u00e9rcoles 19 de febrero de 2020, a las doce horas&nbsp;(12:00)&nbsp;de la noche.&nbsp;Asimismo, como&nbsp;consecuencia de dicha extensi\u00f3n de plazo,&nbsp;dichas solicitudes&nbsp;ser\u00e1n&nbsp;conocidas en una&nbsp;Audiencia&nbsp;P\u00fablica que se llevar\u00e1 a cabo el viernes 21 de febrero,&nbsp;a las 10 horas de la ma\u00f1ana,&nbsp;en el Auditorio de la sede principal de la&nbsp;Junta central Electoral y&nbsp;decididas&nbsp;el lunes 24 de febrero de 2020.<\/p>\n\n\n\n<p>Estableci\u00f3 igualmente&nbsp;la modificaci\u00f3n parcial&nbsp;del&nbsp;plazo contenido en el&nbsp;art\u00edculo 144 de la Ley Org\u00e1nica de R\u00e9gimen Electoral N\u00fam. 15-19&nbsp;y,&nbsp;en&nbsp;consecuencia,&nbsp;dispuso&nbsp;que todas las propuestas de candidaturas de los niveles Presidenciales, Senatoriales, de Diputados por demarcaci\u00f3n territorial, de Diputados Nacionales por acumulaci\u00f3n de votos, de Diputados representantes de la Comunidad Dominicana en el Exterior y de los Representantes ante parlamentos internacionales (PARLACEN), que se hayan recibido&nbsp;hasta el 21 de febrero, ser\u00e1 conocidas y decididas&nbsp;el lunes 24 de febrero de 2020.<\/p>\n\n\n\n<p>Igualmente, la Resoluci\u00f3n ratifica que todas las candidaturas presidenciales y congresuales&nbsp;deber\u00e1n ser presentadas a m\u00e1s tardar el d\u00eda 3 de marzo de 2020. &nbsp;<\/p>\n\n\n\n<p>El Pleno de la JCE estuvo presidido por el Magistrado Julio C\u00e9sar Casta\u00f1os Guzm\u00e1n, e integrado por los miembros titulares Roberto Salad\u00edn Selin, Carmen Imbert Brugal, Rosario Graciano de los Santos&nbsp;y Henry Mej\u00eda Oviedo, todos asistidos por el doctor Ram\u00f3n Hilario Espi\u00f1eira Ceballos, Secretario General de la JCE.<\/p>\n","protected":false},"excerpt":{"rendered":"<p>La&nbsp;nueva fecha para&nbsp;la presentaci\u00f3n de solicitudes de pactos de&nbsp;alianzas&nbsp;es&nbsp;hasta el 19 de febrero de 2020&nbsp;y&nbsp;las mismas&nbsp;ser\u00e1n conocidas&nbsp;en&nbsp;Audiencia P\u00fablica el&nbsp;d\u00eda&nbsp;21&nbsp;de febrero y&nbsp;decididas el 24 de febrero. Santo Domingo.-&nbsp;El Pleno de la&nbsp;Junta Central Electoral (JCE), encabezado por su Presidente, Magistrado&nbsp;Julio C\u00e9sar Casta\u00f1os Guzm\u00e1n, aprob\u00f3 este domingo&nbsp;la Resoluci\u00f3n 16-20&nbsp;quemodifica parcialmente los plazos para las&nbsp;solicitudes y para el conocimiento [&hellip;]<\/p>\n","protected":false},"author":2,"featured_media":5854,"comment_status":"open","ping_status":"open","sticky":false,"template":"","format":"standard","meta":{"footnotes":""},"categories":[220],"tags":[],"class_list":{"0":"post-6060","1":"post","2":"type-post","3":"status-publish","4":"format-standard","5":"has-post-thumbnail","7":"category-nacionales"},"yoast_head":"<!-- This site is optimized with the Yoast SEO plugin v24.9 - https:\/\/yoast.com\/wordpress\/plugins\/seo\/ -->\n<title>Pleno JCE extiende plazo para alianzas de elecciones presidenciales y congresuales - BLG Noticias<\/title>\n<meta name=\"robots\" content=\"index, follow, max-snippet:-1, max-image-preview:large, max-video-preview:-1\" \/>\n<link rel=\"canonical\" href=\"https:\/\/blgnoticiassantodomingo.net\/index.php\/2020\/02\/09\/pleno-jce-extiende-plazo-para-alianzas-de-elecciones-presidenciales-y-congresuales\/\" \/>\n<meta property=\"og:locale\" content=\"es_ES\" \/>\n<meta property=\"og:type\" content=\"article\" \/>\n<meta property=\"og:title\" content=\"Pleno JCE extiende plazo para alianzas de elecciones presidenciales y congresuales - BLG Noticias\" \/>\n<meta property=\"og:description\" content=\"La&nbsp;nueva fecha para&nbsp;la presentaci\u00f3n de solicitudes de pactos de&nbsp;alianzas&nbsp;es&nbsp;hasta el 19 de febrero de 2020&nbsp;y&nbsp;las mismas&nbsp;ser\u00e1n conocidas&nbsp;en&nbsp;Audiencia P\u00fablica el&nbsp;d\u00eda&nbsp;21&nbsp;de febrero y&nbsp;decididas el 24 de febrero. Santo Domingo.-&nbsp;El Pleno de la&nbsp;Junta Central Electoral (JCE), encabezado por su Presidente, Magistrado&nbsp;Julio C\u00e9sar Casta\u00f1os Guzm\u00e1n, aprob\u00f3 este domingo&nbsp;la Resoluci\u00f3n 16-20&nbsp;quemodifica parcialmente los plazos para las&nbsp;solicitudes y para el conocimiento [&hellip;]\" \/>\n<meta property=\"og:url\" content=\"https:\/\/blgnoticiassantodomingo.net\/index.php\/2020\/02\/09\/pleno-jce-extiende-plazo-para-alianzas-de-elecciones-presidenciales-y-congresuales\/\" \/>\n<meta property=\"og:site_name\" content=\"BLG Noticias\" \/>\n<meta property=\"article:publisher\" content=\"https:\/\/web.facebook.com\/BlgNoticias\/?locale=es_LA&amp;_rdc=1&amp;_rdr\" \/>\n<meta property=\"article:published_time\" content=\"2020-02-09T20:36:23+00:00\" \/>\n<meta property=\"article:modified_time\" content=\"2020-02-09T20:36:25+00:00\" \/>\n<meta property=\"og:image\" content=\"https:\/\/blgnoticiassantodomingo.net\/wp-content\/uploads\/2020\/02\/image_content_8799630_20170912162505.jpg\" \/>\n\t<meta property=\"og:image:width\" content=\"640\" \/>\n\t<meta property=\"og:image:height\" content=\"342\" \/>\n\t<meta property=\"og:image:type\" content=\"image\/jpeg\" \/>\n<meta name=\"author\" content=\"Brenda Guerrero\" \/>\n<meta name=\"twitter:card\" content=\"summary_large_image\" \/>\n<meta name=\"twitter:creator\" content=\"@BlgNoticias\" \/>\n<meta name=\"twitter:site\" content=\"@BlgNoticias\" \/>\n<meta name=\"twitter:label1\" content=\"Escrito por\" \/>\n\t<meta name=\"twitter:data1\" content=\"Brenda Guerrero\" \/>\n\t<meta name=\"twitter:label2\" content=\"Tiempo de lectura\" \/>\n\t<meta name=\"twitter:data2\" content=\"2 minutos\" \/>\n<script type=\"application\/ld+json\" class=\"yoast-schema-graph\">{\"@context\":\"https:\/\/schema.org\",\"@graph\":[{\"@type\":\"Article\",\"@id\":\"https:\/\/blgnoticiassantodomingo.net\/index.php\/2020\/02\/09\/pleno-jce-extiende-plazo-para-alianzas-de-elecciones-presidenciales-y-congresuales\/#article\",\"isPartOf\":{\"@id\":\"https:\/\/blgnoticiassantodomingo.net\/index.php\/2020\/02\/09\/pleno-jce-extiende-plazo-para-alianzas-de-elecciones-presidenciales-y-congresuales\/\"},\"author\":{\"name\":\"Brenda Guerrero\",\"@id\":\"https:\/\/blgnoticiassantodomingo.net\/#\/schema\/person\/e2fc21cf88acc63dbd134be981bff374\"},\"headline\":\"Pleno JCE extiende plazo para alianzas de elecciones presidenciales y congresuales\",\"datePublished\":\"2020-02-09T20:36:23+00:00\",\"dateModified\":\"2020-02-09T20:36:25+00:00\",\"mainEntityOfPage\":{\"@id\":\"https:\/\/blgnoticiassantodomingo.net\/index.php\/2020\/02\/09\/pleno-jce-extiende-plazo-para-alianzas-de-elecciones-presidenciales-y-congresuales\/\"},\"wordCount\":486,\"commentCount\":0,\"publisher\":{\"@id\":\"https:\/\/blgnoticiassantodomingo.net\/#organization\"},\"image\":{\"@id\":\"https:\/\/blgnoticiassantodomingo.net\/index.php\/2020\/02\/09\/pleno-jce-extiende-plazo-para-alianzas-de-elecciones-presidenciales-y-congresuales\/#primaryimage\"},\"thumbnailUrl\":\"https:\/\/blgnoticiassantodomingo.net\/wp-content\/uploads\/2020\/02\/image_content_8799630_20170912162505.jpg\",\"articleSection\":[\"Nacionales\"],\"inLanguage\":\"es\",\"potentialAction\":[{\"@type\":\"CommentAction\",\"name\":\"Comment\",\"target\":[\"https:\/\/blgnoticiassantodomingo.net\/index.php\/2020\/02\/09\/pleno-jce-extiende-plazo-para-alianzas-de-elecciones-presidenciales-y-congresuales\/#respond\"]}]},{\"@type\":\"WebPage\",\"@id\":\"https:\/\/blgnoticiassantodomingo.net\/index.php\/2020\/02\/09\/pleno-jce-extiende-plazo-para-alianzas-de-elecciones-presidenciales-y-congresuales\/\",\"url\":\"https:\/\/blgnoticiassantodomingo.net\/index.php\/2020\/02\/09\/pleno-jce-extiende-plazo-para-alianzas-de-elecciones-presidenciales-y-congresuales\/\",\"name\":\"Pleno JCE extiende plazo para alianzas de elecciones presidenciales y congresuales - BLG Noticias\",\"isPartOf\":{\"@id\":\"https:\/\/blgnoticiassantodomingo.net\/#website\"},\"primaryImageOfPage\":{\"@id\":\"https:\/\/blgnoticiassantodomingo.net\/index.php\/2020\/02\/09\/pleno-jce-extiende-plazo-para-alianzas-de-elecciones-presidenciales-y-congresuales\/#primaryimage\"},\"image\":{\"@id\":\"https:\/\/blgnoticiassantodomingo.net\/index.php\/2020\/02\/09\/pleno-jce-extiende-plazo-para-alianzas-de-elecciones-presidenciales-y-congresuales\/#primaryimage\"},\"thumbnailUrl\":\"https:\/\/blgnoticiassantodomingo.net\/wp-content\/uploads\/2020\/02\/image_content_8799630_20170912162505.jpg\",\"datePublished\":\"2020-02-09T20:36:23+00:00\",\"dateModified\":\"2020-02-09T20:36:25+00:00\",\"breadcrumb\":{\"@id\":\"https:\/\/blgnoticiassantodomingo.net\/index.php\/2020\/02\/09\/pleno-jce-extiende-plazo-para-alianzas-de-elecciones-presidenciales-y-congresuales\/#breadcrumb\"},\"inLanguage\":\"es\",\"potentialAction\":[{\"@type\":\"ReadAction\",\"target\":[\"https:\/\/blgnoticiassantodomingo.net\/index.php\/2020\/02\/09\/pleno-jce-extiende-plazo-para-alianzas-de-elecciones-presidenciales-y-congresuales\/\"]}]},{\"@type\":\"ImageObject\",\"inLanguage\":\"es\",\"@id\":\"https:\/\/blgnoticiassantodomingo.net\/index.php\/2020\/02\/09\/pleno-jce-extiende-plazo-para-alianzas-de-elecciones-presidenciales-y-congresuales\/#primaryimage\",\"url\":\"https:\/\/blgnoticiassantodomingo.net\/wp-content\/uploads\/2020\/02\/image_content_8799630_20170912162505.jpg\",\"contentUrl\":\"https:\/\/blgnoticiassantodomingo.net\/wp-content\/uploads\/2020\/02\/image_content_8799630_20170912162505.jpg\",\"width\":640,\"height\":342},{\"@type\":\"BreadcrumbList\",\"@id\":\"https:\/\/blgnoticiassantodomingo.net\/index.php\/2020\/02\/09\/pleno-jce-extiende-plazo-para-alianzas-de-elecciones-presidenciales-y-congresuales\/#breadcrumb\",\"itemListElement\":[{\"@type\":\"ListItem\",\"position\":1,\"name\":\"Portada\",\"item\":\"https:\/\/blgnoticiassantodomingo.net\/\"},{\"@type\":\"ListItem\",\"position\":2,\"name\":\"Pleno JCE extiende plazo para alianzas de elecciones presidenciales y congresuales\"}]},{\"@type\":\"WebSite\",\"@id\":\"https:\/\/blgnoticiassantodomingo.net\/#website\",\"url\":\"https:\/\/blgnoticiassantodomingo.net\/\",\"name\":\"BLG Noticias\",\"description\":\"Esto es Noticias\",\"publisher\":{\"@id\":\"https:\/\/blgnoticiassantodomingo.net\/#organization\"},\"potentialAction\":[{\"@type\":\"SearchAction\",\"target\":{\"@type\":\"EntryPoint\",\"urlTemplate\":\"https:\/\/blgnoticiassantodomingo.net\/?s={search_term_string}\"},\"query-input\":{\"@type\":\"PropertyValueSpecification\",\"valueRequired\":true,\"valueName\":\"search_term_string\"}}],\"inLanguage\":\"es\"},{\"@type\":\"Organization\",\"@id\":\"https:\/\/blgnoticiassantodomingo.net\/#organization\",\"name\":\"BLG Noticias\",\"url\":\"https:\/\/blgnoticiassantodomingo.net\/\",\"logo\":{\"@type\":\"ImageObject\",\"inLanguage\":\"es\",\"@id\":\"https:\/\/blgnoticiassantodomingo.net\/#\/schema\/logo\/image\/\",\"url\":\"https:\/\/blgnoticiassantodomingo.net\/wp-content\/uploads\/2023\/12\/Diseno-sin-titulo-3.jpg\",\"contentUrl\":\"https:\/\/blgnoticiassantodomingo.net\/wp-content\/uploads\/2023\/12\/Diseno-sin-titulo-3.jpg\",\"width\":500,\"height\":500,\"caption\":\"BLG Noticias\"},\"image\":{\"@id\":\"https:\/\/blgnoticiassantodomingo.net\/#\/schema\/logo\/image\/\"},\"sameAs\":[\"https:\/\/web.facebook.com\/BlgNoticias\/?locale=es_LA&_rdc=1&_rdr\",\"https:\/\/x.com\/BlgNoticias\",\"https:\/\/www.linkedin.com\/in\/brenda-l-santana-aa846279\/\"]},{\"@type\":\"Person\",\"@id\":\"https:\/\/blgnoticiassantodomingo.net\/#\/schema\/person\/e2fc21cf88acc63dbd134be981bff374\",\"name\":\"Brenda Guerrero\",\"image\":{\"@type\":\"ImageObject\",\"inLanguage\":\"es\",\"@id\":\"https:\/\/blgnoticiassantodomingo.net\/#\/schema\/person\/image\/\",\"url\":\"https:\/\/secure.gravatar.com\/avatar\/2f7fc4c3e3655be1580cb684bfd8ab19be702ae20879da1e072021daa02f9b8b?s=96&d=wp_user_avatar&r=g\",\"contentUrl\":\"https:\/\/secure.gravatar.com\/avatar\/2f7fc4c3e3655be1580cb684bfd8ab19be702ae20879da1e072021daa02f9b8b?s=96&d=wp_user_avatar&r=g\",\"caption\":\"Brenda Guerrero\"},\"description\":\"Periodista\",\"url\":\"https:\/\/blgnoticiassantodomingo.net\/index.php\/author\/brenda-guerrero\/\"}]}<\/script>\n<!-- \/ Yoast SEO plugin. -->","yoast_head_json":{"title":"Pleno JCE extiende plazo para alianzas de elecciones presidenciales y congresuales - BLG Noticias","robots":{"index":"index","follow":"follow","max-snippet":"max-snippet:-1","max-image-preview":"max-image-preview:large","max-video-preview":"max-video-preview:-1"},"canonical":"https:\/\/blgnoticiassantodomingo.net\/index.php\/2020\/02\/09\/pleno-jce-extiende-plazo-para-alianzas-de-elecciones-presidenciales-y-congresuales\/","og_locale":"es_ES","og_type":"article","og_title":"Pleno JCE extiende plazo para alianzas de elecciones presidenciales y congresuales - BLG Noticias","og_description":"La&nbsp;nueva fecha para&nbsp;la presentaci\u00f3n de solicitudes de pactos de&nbsp;alianzas&nbsp;es&nbsp;hasta el 19 de febrero de 2020&nbsp;y&nbsp;las mismas&nbsp;ser\u00e1n conocidas&nbsp;en&nbsp;Audiencia P\u00fablica el&nbsp;d\u00eda&nbsp;21&nbsp;de febrero y&nbsp;decididas el 24 de febrero. Santo Domingo.-&nbsp;El Pleno de la&nbsp;Junta Central Electoral (JCE), encabezado por su Presidente, Magistrado&nbsp;Julio C\u00e9sar Casta\u00f1os Guzm\u00e1n, aprob\u00f3 este domingo&nbsp;la Resoluci\u00f3n 16-20&nbsp;quemodifica parcialmente los plazos para las&nbsp;solicitudes y para el conocimiento [&hellip;]","og_url":"https:\/\/blgnoticiassantodomingo.net\/index.php\/2020\/02\/09\/pleno-jce-extiende-plazo-para-alianzas-de-elecciones-presidenciales-y-congresuales\/","og_site_name":"BLG Noticias","article_publisher":"https:\/\/web.facebook.com\/BlgNoticias\/?locale=es_LA&_rdc=1&_rdr","article_published_time":"2020-02-09T20:36:23+00:00","article_modified_time":"2020-02-09T20:36:25+00:00","og_image":[{"width":640,"height":342,"url":"https:\/\/blgnoticiassantodomingo.net\/wp-content\/uploads\/2020\/02\/image_content_8799630_20170912162505.jpg","type":"image\/jpeg"}],"author":"Brenda Guerrero","twitter_card":"summary_large_image","twitter_creator":"@BlgNoticias","twitter_site":"@BlgNoticias","twitter_misc":{"Escrito por":"Brenda Guerrero","Tiempo de lectura":"2 minutos"},"schema":{"@context":"https:\/\/schema.org","@graph":[{"@type":"Article","@id":"https:\/\/blgnoticiassantodomingo.net\/index.php\/2020\/02\/09\/pleno-jce-extiende-plazo-para-alianzas-de-elecciones-presidenciales-y-congresuales\/#article","isPartOf":{"@id":"https:\/\/blgnoticiassantodomingo.net\/index.php\/2020\/02\/09\/pleno-jce-extiende-plazo-para-alianzas-de-elecciones-presidenciales-y-congresuales\/"},"author":{"name":"Brenda Guerrero","@id":"https:\/\/blgnoticiassantodomingo.net\/#\/schema\/person\/e2fc21cf88acc63dbd134be981bff374"},"headline":"Pleno JCE extiende plazo para alianzas de elecciones presidenciales y congresuales","datePublished":"2020-02-09T20:36:23+00:00","dateModified":"2020-02-09T20:36:25+00:00","mainEntityOfPage":{"@id":"https:\/\/blgnoticiassantodomingo.net\/index.php\/2020\/02\/09\/pleno-jce-extiende-plazo-para-alianzas-de-elecciones-presidenciales-y-congresuales\/"},"wordCount":486,"commentCount":0,"publisher":{"@id":"https:\/\/blgnoticiassantodomingo.net\/#organization"},"image":{"@id":"https:\/\/blgnoticiassantodomingo.net\/index.php\/2020\/02\/09\/pleno-jce-extiende-plazo-para-alianzas-de-elecciones-presidenciales-y-congresuales\/#primaryimage"},"thumbnailUrl":"https:\/\/blgnoticiassantodomingo.net\/wp-content\/uploads\/2020\/02\/image_content_8799630_20170912162505.jpg","articleSection":["Nacionales"],"inLanguage":"es","potentialAction":[{"@type":"CommentAction","name":"Comment","target":["https:\/\/blgnoticiassantodomingo.net\/index.php\/2020\/02\/09\/pleno-jce-extiende-plazo-para-alianzas-de-elecciones-presidenciales-y-congresuales\/#respond"]}]},{"@type":"WebPage","@id":"https:\/\/blgnoticiassantodomingo.net\/index.php\/2020\/02\/09\/pleno-jce-extiende-plazo-para-alianzas-de-elecciones-presidenciales-y-congresuales\/","url":"https:\/\/blgnoticiassantodomingo.net\/index.php\/2020\/02\/09\/pleno-jce-extiende-plazo-para-alianzas-de-elecciones-presidenciales-y-congresuales\/","name":"Pleno JCE extiende plazo para alianzas de elecciones presidenciales y congresuales - BLG Noticias","isPartOf":{"@id":"https:\/\/blgnoticiassantodomingo.net\/#website"},"primaryImageOfPage":{"@id":"https:\/\/blgnoticiassantodomingo.net\/index.php\/2020\/02\/09\/pleno-jce-extiende-plazo-para-alianzas-de-elecciones-presidenciales-y-congresuales\/#primaryimage"},"image":{"@id":"https:\/\/blgnoticiassantodomingo.net\/index.php\/2020\/02\/09\/pleno-jce-extiende-plazo-para-alianzas-de-elecciones-presidenciales-y-congresuales\/#primaryimage"},"thumbnailUrl":"https:\/\/blgnoticiassantodomingo.net\/wp-content\/uploads\/2020\/02\/image_content_8799630_20170912162505.jpg","datePublished":"2020-02-09T20:36:23+00:00","dateModified":"2020-02-09T20:36:25+00:00","breadcrumb":{"@id":"https:\/\/blgnoticiassantodomingo.net\/index.php\/2020\/02\/09\/pleno-jce-extiende-plazo-para-alianzas-de-elecciones-presidenciales-y-congresuales\/#breadcrumb"},"inLanguage":"es","potentialAction":[{"@type":"ReadAction","target":["https:\/\/blgnoticiassantodomingo.net\/index.php\/2020\/02\/09\/pleno-jce-extiende-plazo-para-alianzas-de-elecciones-presidenciales-y-congresuales\/"]}]},{"@type":"ImageObject","inLanguage":"es","@id":"https:\/\/blgnoticiassantodomingo.net\/index.php\/2020\/02\/09\/pleno-jce-extiende-plazo-para-alianzas-de-elecciones-presidenciales-y-congresuales\/#primaryimage","url":"https:\/\/blgnoticiassantodomingo.net\/wp-content\/uploads\/2020\/02\/image_content_8799630_20170912162505.jpg","contentUrl":"https:\/\/blgnoticiassantodomingo.net\/wp-content\/uploads\/2020\/02\/image_content_8799630_20170912162505.jpg","width":640,"height":342},{"@type":"BreadcrumbList","@id":"https:\/\/blgnoticiassantodomingo.net\/index.php\/2020\/02\/09\/pleno-jce-extiende-plazo-para-alianzas-de-elecciones-presidenciales-y-congresuales\/#breadcrumb","itemListElement":[{"@type":"ListItem","position":1,"name":"Portada","item":"https:\/\/blgnoticiassantodomingo.net\/"},{"@type":"ListItem","position":2,"name":"Pleno JCE extiende plazo para alianzas de elecciones presidenciales y congresuales"}]},{"@type":"WebSite","@id":"https:\/\/blgnoticiassantodomingo.net\/#website","url":"https:\/\/blgnoticiassantodomingo.net\/","name":"BLG Noticias","description":"Esto es Noticias","publisher":{"@id":"https:\/\/blgnoticiassantodomingo.net\/#organization"},"potentialAction":[{"@type":"SearchAction","target":{"@type":"EntryPoint","urlTemplate":"https:\/\/blgnoticiassantodomingo.net\/?s={search_term_string}"},"query-input":{"@type":"PropertyValueSpecification","valueRequired":true,"valueName":"search_term_string"}}],"inLanguage":"es"},{"@type":"Organization","@id":"https:\/\/blgnoticiassantodomingo.net\/#organization","name":"BLG Noticias","url":"https:\/\/blgnoticiassantodomingo.net\/","logo":{"@type":"ImageObject","inLanguage":"es","@id":"https:\/\/blgnoticiassantodomingo.net\/#\/schema\/logo\/image\/","url":"https:\/\/blgnoticiassantodomingo.net\/wp-content\/uploads\/2023\/12\/Diseno-sin-titulo-3.jpg","contentUrl":"https:\/\/blgnoticiassantodomingo.net\/wp-content\/uploads\/2023\/12\/Diseno-sin-titulo-3.jpg","width":500,"height":500,"caption":"BLG Noticias"},"image":{"@id":"https:\/\/blgnoticiassantodomingo.net\/#\/schema\/logo\/image\/"},"sameAs":["https:\/\/web.facebook.com\/BlgNoticias\/?locale=es_LA&_rdc=1&_rdr","https:\/\/x.com\/BlgNoticias","https:\/\/www.linkedin.com\/in\/brenda-l-santana-aa846279\/"]},{"@type":"Person","@id":"https:\/\/blgnoticiassantodomingo.net\/#\/schema\/person\/e2fc21cf88acc63dbd134be981bff374","name":"Brenda Guerrero","image":{"@type":"ImageObject","inLanguage":"es","@id":"https:\/\/blgnoticiassantodomingo.net\/#\/schema\/person\/image\/","url":"https:\/\/secure.gravatar.com\/avatar\/2f7fc4c3e3655be1580cb684bfd8ab19be702ae20879da1e072021daa02f9b8b?s=96&d=wp_user_avatar&r=g","contentUrl":"https:\/\/secure.gravatar.com\/avatar\/2f7fc4c3e3655be1580cb684bfd8ab19be702ae20879da1e072021daa02f9b8b?s=96&d=wp_user_avatar&r=g","caption":"Brenda Guerrero"},"description":"Periodista","url":"https:\/\/blgnoticiassantodomingo.net\/index.php\/author\/brenda-guerrero\/"}]}},"jetpack_featured_media_url":"https:\/\/blgnoticiassantodomingo.net\/wp-content\/uploads\/2020\/02\/image_content_8799630_20170912162505.jpg","_links":{"self":[{"href":"https:\/\/blgnoticiassantodomingo.net\/index.php\/wp-json\/wp\/v2\/posts\/6060","targetHints":{"allow":["GET"]}}],"collection":[{"href":"https:\/\/blgnoticiassantodomingo.net\/index.php\/wp-json\/wp\/v2\/posts"}],"about":[{"href":"https:\/\/blgnoticiassantodomingo.net\/index.php\/wp-json\/wp\/v2\/types\/post"}],"author":[{"embeddable":true,"href":"https:\/\/blgnoticiassantodomingo.net\/index.php\/wp-json\/wp\/v2\/users\/2"}],"replies":[{"embeddable":true,"href":"https:\/\/blgnoticiassantodomingo.net\/index.php\/wp-json\/wp\/v2\/comments?post=6060"}],"version-history":[{"count":1,"href":"https:\/\/blgnoticiassantodomingo.net\/index.php\/wp-json\/wp\/v2\/posts\/6060\/revisions"}],"predecessor-version":[{"id":6061,"href":"https:\/\/blgnoticiassantodomingo.net\/index.php\/wp-json\/wp\/v2\/posts\/6060\/revisions\/6061"}],"wp:featuredmedia":[{"embeddable":true,"href":"https:\/\/blgnoticiassantodomingo.net\/index.php\/wp-json\/wp\/v2\/media\/5854"}],"wp:attachment":[{"href":"https:\/\/blgnoticiassantodomingo.net\/index.php\/wp-json\/wp\/v2\/media?parent=6060"}],"wp:term":[{"taxonomy":"category","embeddable":true,"href":"https:\/\/blgnoticiassantodomingo.net\/index.php\/wp-json\/wp\/v2\/categories?post=6060"},{"taxonomy":"post_tag","embeddable":true,"href":"https:\/\/blgnoticiassantodomingo.net\/index.php\/wp-json\/wp\/v2\/tags?post=6060"}],"curies":[{"name":"wp","href":"https:\/\/api.w.org\/{rel}","templated":true}]}}