{"id":5836,"date":"2020-02-05T01:22:19","date_gmt":"2020-02-05T01:22:19","guid":{"rendered":"http:\/\/blgnoticiassantodomingo.net\/?p=5836"},"modified":"2020-02-05T01:22:20","modified_gmt":"2020-02-05T01:22:20","slug":"hony-estrella-emplaza-a-carolina-mejia-aclarar-supuesto-respaldo-del-gobierno","status":"publish","type":"post","link":"https:\/\/blgnoticiassantodomingo.net\/index.php\/2020\/02\/05\/hony-estrella-emplaza-a-carolina-mejia-aclarar-supuesto-respaldo-del-gobierno\/","title":{"rendered":"Hony Estrella emplaza a Carolina Mej\u00eda aclarar supuesto respaldo del Gobierno"},"content":{"rendered":"\n<p>Santo Domingo.- Hony Estrella,&nbsp; candidata al cargo de vice alcaldesa del Distrito Nacional del Partido Fuerza del Pueblo (FP), emplaz\u00f3 a la candidata a alcaldesa por el Partido Revolucionario Moderno (PRM), Carolina Mej\u00eda, a \u00abque desmienta o confirme si han tenido conversaciones con personas vinculadas al Palacio Nacional procurando el respaldo del gobierno de Danilo Medina\u00bb.<\/p>\n\n\n\n<p>\u00abAnte el aumento de esos rumores, la candidata del PRM debe confirmar o desmentirlos, el pueblo merece que se le hable claro, de frente y con absoluta franqueza, como ha sido el proceder de Johnny Ventura, la Fuerza del Pueblo y Leonel Fern\u00e1ndez\u00bb, afirm\u00f3 Hony Estrella.<\/p>\n\n\n\n<p>Cuestion\u00f3 que&nbsp; Mej\u00eda reh\u00fase a participar en los debates, ya que los ciudadanos merecen saber que proponen sus candidatos.<\/p>\n\n\n\n<p>Manifest\u00f3 que los capitale\u00f1os tienen dos opciones seguir con m\u00e1s de lo mismo o elegir el camino del progreso y el desarrollo que encarna Johnny Ventura.<\/p>\n\n\n\n<p>\u00abLos residentes de la Capital tienen ante sus consideraci\u00f3n dos opciones: el camino de la delincuencia, la criminalidad, el desorden y los tapones que una candidata les propone seguir, o la transformaci\u00f3n hacia una ciudad ordenada, inclusiva, segura y amigable, con oportunidades para todas las familias en el Distrito Nacional, como propone Johnny Ventura\u00bb, afirm\u00f3 Estrella.<\/p>\n\n\n\n<p>Hony Estrella apunt\u00f3 que la campa\u00f1a en la capital la han definido los propios candidatos, criticando que unos est\u00e1n dispuestos a debatir y exponer sus propuestas, mientras otros evitan comparecer a las invitaciones que surgen de la propia sociedad.<\/p>\n\n\n\n<p>La tambi\u00e9n comunicadora indic\u00f3 que Johnny Ventura ha sido consistente en la presentaci\u00f3n de propuestas, producto de un trabajo con visi\u00f3n de futuro, para transformar la Capital, al que le teme la candidata que propone dar m\u00e1s de lo mismo.<\/p>\n\n\n\n<p>Fuente: Externa<\/p>\n","protected":false},"excerpt":{"rendered":"<p>Santo Domingo.- Hony Estrella,&nbsp; candidata al cargo de vice alcaldesa del Distrito Nacional del Partido Fuerza del Pueblo (FP), emplaz\u00f3 a la candidata a alcaldesa por el Partido Revolucionario Moderno (PRM), Carolina Mej\u00eda, a \u00abque desmienta o confirme si han tenido conversaciones con personas vinculadas al Palacio Nacional procurando el respaldo del gobierno de Danilo [&hellip;]<\/p>\n","protected":false},"author":2,"featured_media":5837,"comment_status":"open","ping_status":"open","sticky":false,"template":"","format":"standard","meta":{"footnotes":""},"categories":[226],"tags":[831,1276],"class_list":{"0":"post-5836","1":"post","2":"type-post","3":"status-publish","4":"format-standard","5":"has-post-thumbnail","7":"category-politica","8":"tag-carolina-mejia","9":"tag-hony-estrella"},"yoast_head":"<!-- This site is optimized with the Yoast SEO plugin v24.9 - https:\/\/yoast.com\/wordpress\/plugins\/seo\/ -->\n<title>Hony Estrella emplaza a Carolina Mej\u00eda aclarar supuesto respaldo del Gobierno - BLG Noticias<\/title>\n<meta name=\"robots\" content=\"index, follow, max-snippet:-1, max-image-preview:large, max-video-preview:-1\" \/>\n<link rel=\"canonical\" href=\"https:\/\/blgnoticiassantodomingo.net\/index.php\/2020\/02\/05\/hony-estrella-emplaza-a-carolina-mejia-aclarar-supuesto-respaldo-del-gobierno\/\" \/>\n<meta property=\"og:locale\" content=\"es_ES\" \/>\n<meta property=\"og:type\" content=\"article\" \/>\n<meta property=\"og:title\" content=\"Hony Estrella emplaza a Carolina Mej\u00eda aclarar supuesto respaldo del Gobierno - BLG Noticias\" \/>\n<meta property=\"og:description\" content=\"Santo Domingo.- Hony Estrella,&nbsp; candidata al cargo de vice alcaldesa del Distrito Nacional del Partido Fuerza del Pueblo (FP), emplaz\u00f3 a la candidata a alcaldesa por el Partido Revolucionario Moderno (PRM), Carolina Mej\u00eda, a \u00abque desmienta o confirme si han tenido conversaciones con personas vinculadas al Palacio Nacional procurando el respaldo del gobierno de Danilo [&hellip;]\" \/>\n<meta property=\"og:url\" content=\"https:\/\/blgnoticiassantodomingo.net\/index.php\/2020\/02\/05\/hony-estrella-emplaza-a-carolina-mejia-aclarar-supuesto-respaldo-del-gobierno\/\" \/>\n<meta property=\"og:site_name\" content=\"BLG Noticias\" \/>\n<meta property=\"article:publisher\" content=\"https:\/\/web.facebook.com\/BlgNoticias\/?locale=es_LA&amp;_rdc=1&amp;_rdr\" \/>\n<meta property=\"article:published_time\" content=\"2020-02-05T01:22:19+00:00\" \/>\n<meta property=\"article:modified_time\" content=\"2020-02-05T01:22:20+00:00\" \/>\n<meta property=\"og:image\" content=\"https:\/\/blgnoticiassantodomingo.net\/wp-content\/uploads\/2020\/02\/6_Nacionales_23_20p01-768x455.jpg\" \/>\n\t<meta property=\"og:image:width\" content=\"768\" \/>\n\t<meta property=\"og:image:height\" content=\"455\" \/>\n\t<meta property=\"og:image:type\" content=\"image\/jpeg\" \/>\n<meta name=\"author\" content=\"Brenda Guerrero\" \/>\n<meta name=\"twitter:card\" content=\"summary_large_image\" \/>\n<meta name=\"twitter:creator\" content=\"@BlgNoticias\" \/>\n<meta name=\"twitter:site\" content=\"@BlgNoticias\" \/>\n<meta name=\"twitter:label1\" content=\"Escrito por\" \/>\n\t<meta name=\"twitter:data1\" content=\"Brenda Guerrero\" \/>\n\t<meta name=\"twitter:label2\" content=\"Tiempo de lectura\" \/>\n\t<meta name=\"twitter:data2\" content=\"2 minutos\" \/>\n<script type=\"application\/ld+json\" class=\"yoast-schema-graph\">{\"@context\":\"https:\/\/schema.org\",\"@graph\":[{\"@type\":\"Article\",\"@id\":\"https:\/\/blgnoticiassantodomingo.net\/index.php\/2020\/02\/05\/hony-estrella-emplaza-a-carolina-mejia-aclarar-supuesto-respaldo-del-gobierno\/#article\",\"isPartOf\":{\"@id\":\"https:\/\/blgnoticiassantodomingo.net\/index.php\/2020\/02\/05\/hony-estrella-emplaza-a-carolina-mejia-aclarar-supuesto-respaldo-del-gobierno\/\"},\"author\":{\"name\":\"Brenda Guerrero\",\"@id\":\"https:\/\/blgnoticiassantodomingo.net\/#\/schema\/person\/e2fc21cf88acc63dbd134be981bff374\"},\"headline\":\"Hony Estrella emplaza a Carolina Mej\u00eda aclarar supuesto respaldo del Gobierno\",\"datePublished\":\"2020-02-05T01:22:19+00:00\",\"dateModified\":\"2020-02-05T01:22:20+00:00\",\"mainEntityOfPage\":{\"@id\":\"https:\/\/blgnoticiassantodomingo.net\/index.php\/2020\/02\/05\/hony-estrella-emplaza-a-carolina-mejia-aclarar-supuesto-respaldo-del-gobierno\/\"},\"wordCount\":313,\"commentCount\":0,\"publisher\":{\"@id\":\"https:\/\/blgnoticiassantodomingo.net\/#organization\"},\"image\":{\"@id\":\"https:\/\/blgnoticiassantodomingo.net\/index.php\/2020\/02\/05\/hony-estrella-emplaza-a-carolina-mejia-aclarar-supuesto-respaldo-del-gobierno\/#primaryimage\"},\"thumbnailUrl\":\"https:\/\/blgnoticiassantodomingo.net\/wp-content\/uploads\/2020\/02\/6_Nacionales_23_20p01-768x455.jpg\",\"keywords\":[\"Carolina Mejia\",\"Hony Estrella\"],\"articleSection\":[\"Politica\"],\"inLanguage\":\"es\",\"potentialAction\":[{\"@type\":\"CommentAction\",\"name\":\"Comment\",\"target\":[\"https:\/\/blgnoticiassantodomingo.net\/index.php\/2020\/02\/05\/hony-estrella-emplaza-a-carolina-mejia-aclarar-supuesto-respaldo-del-gobierno\/#respond\"]}]},{\"@type\":\"WebPage\",\"@id\":\"https:\/\/blgnoticiassantodomingo.net\/index.php\/2020\/02\/05\/hony-estrella-emplaza-a-carolina-mejia-aclarar-supuesto-respaldo-del-gobierno\/\",\"url\":\"https:\/\/blgnoticiassantodomingo.net\/index.php\/2020\/02\/05\/hony-estrella-emplaza-a-carolina-mejia-aclarar-supuesto-respaldo-del-gobierno\/\",\"name\":\"Hony Estrella emplaza a Carolina Mej\u00eda aclarar supuesto respaldo del Gobierno - BLG Noticias\",\"isPartOf\":{\"@id\":\"https:\/\/blgnoticiassantodomingo.net\/#website\"},\"primaryImageOfPage\":{\"@id\":\"https:\/\/blgnoticiassantodomingo.net\/index.php\/2020\/02\/05\/hony-estrella-emplaza-a-carolina-mejia-aclarar-supuesto-respaldo-del-gobierno\/#primaryimage\"},\"image\":{\"@id\":\"https:\/\/blgnoticiassantodomingo.net\/index.php\/2020\/02\/05\/hony-estrella-emplaza-a-carolina-mejia-aclarar-supuesto-respaldo-del-gobierno\/#primaryimage\"},\"thumbnailUrl\":\"https:\/\/blgnoticiassantodomingo.net\/wp-content\/uploads\/2020\/02\/6_Nacionales_23_20p01-768x455.jpg\",\"datePublished\":\"2020-02-05T01:22:19+00:00\",\"dateModified\":\"2020-02-05T01:22:20+00:00\",\"breadcrumb\":{\"@id\":\"https:\/\/blgnoticiassantodomingo.net\/index.php\/2020\/02\/05\/hony-estrella-emplaza-a-carolina-mejia-aclarar-supuesto-respaldo-del-gobierno\/#breadcrumb\"},\"inLanguage\":\"es\",\"potentialAction\":[{\"@type\":\"ReadAction\",\"target\":[\"https:\/\/blgnoticiassantodomingo.net\/index.php\/2020\/02\/05\/hony-estrella-emplaza-a-carolina-mejia-aclarar-supuesto-respaldo-del-gobierno\/\"]}]},{\"@type\":\"ImageObject\",\"inLanguage\":\"es\",\"@id\":\"https:\/\/blgnoticiassantodomingo.net\/index.php\/2020\/02\/05\/hony-estrella-emplaza-a-carolina-mejia-aclarar-supuesto-respaldo-del-gobierno\/#primaryimage\",\"url\":\"https:\/\/blgnoticiassantodomingo.net\/wp-content\/uploads\/2020\/02\/6_Nacionales_23_20p01-768x455.jpg\",\"contentUrl\":\"https:\/\/blgnoticiassantodomingo.net\/wp-content\/uploads\/2020\/02\/6_Nacionales_23_20p01-768x455.jpg\",\"width\":768,\"height\":455},{\"@type\":\"BreadcrumbList\",\"@id\":\"https:\/\/blgnoticiassantodomingo.net\/index.php\/2020\/02\/05\/hony-estrella-emplaza-a-carolina-mejia-aclarar-supuesto-respaldo-del-gobierno\/#breadcrumb\",\"itemListElement\":[{\"@type\":\"ListItem\",\"position\":1,\"name\":\"Portada\",\"item\":\"https:\/\/blgnoticiassantodomingo.net\/\"},{\"@type\":\"ListItem\",\"position\":2,\"name\":\"Hony Estrella emplaza a Carolina Mej\u00eda aclarar supuesto respaldo del Gobierno\"}]},{\"@type\":\"WebSite\",\"@id\":\"https:\/\/blgnoticiassantodomingo.net\/#website\",\"url\":\"https:\/\/blgnoticiassantodomingo.net\/\",\"name\":\"BLG Noticias\",\"description\":\"Esto es Noticias\",\"publisher\":{\"@id\":\"https:\/\/blgnoticiassantodomingo.net\/#organization\"},\"potentialAction\":[{\"@type\":\"SearchAction\",\"target\":{\"@type\":\"EntryPoint\",\"urlTemplate\":\"https:\/\/blgnoticiassantodomingo.net\/?s={search_term_string}\"},\"query-input\":{\"@type\":\"PropertyValueSpecification\",\"valueRequired\":true,\"valueName\":\"search_term_string\"}}],\"inLanguage\":\"es\"},{\"@type\":\"Organization\",\"@id\":\"https:\/\/blgnoticiassantodomingo.net\/#organization\",\"name\":\"BLG Noticias\",\"url\":\"https:\/\/blgnoticiassantodomingo.net\/\",\"logo\":{\"@type\":\"ImageObject\",\"inLanguage\":\"es\",\"@id\":\"https:\/\/blgnoticiassantodomingo.net\/#\/schema\/logo\/image\/\",\"url\":\"https:\/\/blgnoticiassantodomingo.net\/wp-content\/uploads\/2023\/12\/Diseno-sin-titulo-3.jpg\",\"contentUrl\":\"https:\/\/blgnoticiassantodomingo.net\/wp-content\/uploads\/2023\/12\/Diseno-sin-titulo-3.jpg\",\"width\":500,\"height\":500,\"caption\":\"BLG Noticias\"},\"image\":{\"@id\":\"https:\/\/blgnoticiassantodomingo.net\/#\/schema\/logo\/image\/\"},\"sameAs\":[\"https:\/\/web.facebook.com\/BlgNoticias\/?locale=es_LA&_rdc=1&_rdr\",\"https:\/\/x.com\/BlgNoticias\",\"https:\/\/www.linkedin.com\/in\/brenda-l-santana-aa846279\/\"]},{\"@type\":\"Person\",\"@id\":\"https:\/\/blgnoticiassantodomingo.net\/#\/schema\/person\/e2fc21cf88acc63dbd134be981bff374\",\"name\":\"Brenda Guerrero\",\"image\":{\"@type\":\"ImageObject\",\"inLanguage\":\"es\",\"@id\":\"https:\/\/blgnoticiassantodomingo.net\/#\/schema\/person\/image\/\",\"url\":\"https:\/\/secure.gravatar.com\/avatar\/2f7fc4c3e3655be1580cb684bfd8ab19be702ae20879da1e072021daa02f9b8b?s=96&d=wp_user_avatar&r=g\",\"contentUrl\":\"https:\/\/secure.gravatar.com\/avatar\/2f7fc4c3e3655be1580cb684bfd8ab19be702ae20879da1e072021daa02f9b8b?s=96&d=wp_user_avatar&r=g\",\"caption\":\"Brenda Guerrero\"},\"description\":\"Periodista\",\"url\":\"https:\/\/blgnoticiassantodomingo.net\/index.php\/author\/brenda-guerrero\/\"}]}<\/script>\n<!-- \/ Yoast SEO plugin. -->","yoast_head_json":{"title":"Hony Estrella emplaza a Carolina Mej\u00eda aclarar supuesto respaldo del Gobierno - BLG Noticias","robots":{"index":"index","follow":"follow","max-snippet":"max-snippet:-1","max-image-preview":"max-image-preview:large","max-video-preview":"max-video-preview:-1"},"canonical":"https:\/\/blgnoticiassantodomingo.net\/index.php\/2020\/02\/05\/hony-estrella-emplaza-a-carolina-mejia-aclarar-supuesto-respaldo-del-gobierno\/","og_locale":"es_ES","og_type":"article","og_title":"Hony Estrella emplaza a Carolina Mej\u00eda aclarar supuesto respaldo del Gobierno - BLG Noticias","og_description":"Santo Domingo.- Hony Estrella,&nbsp; candidata al cargo de vice alcaldesa del Distrito Nacional del Partido Fuerza del Pueblo (FP), emplaz\u00f3 a la candidata a alcaldesa por el Partido Revolucionario Moderno (PRM), Carolina Mej\u00eda, a \u00abque desmienta o confirme si han tenido conversaciones con personas vinculadas al Palacio Nacional procurando el respaldo del gobierno de Danilo [&hellip;]","og_url":"https:\/\/blgnoticiassantodomingo.net\/index.php\/2020\/02\/05\/hony-estrella-emplaza-a-carolina-mejia-aclarar-supuesto-respaldo-del-gobierno\/","og_site_name":"BLG Noticias","article_publisher":"https:\/\/web.facebook.com\/BlgNoticias\/?locale=es_LA&_rdc=1&_rdr","article_published_time":"2020-02-05T01:22:19+00:00","article_modified_time":"2020-02-05T01:22:20+00:00","og_image":[{"width":768,"height":455,"url":"https:\/\/blgnoticiassantodomingo.net\/wp-content\/uploads\/2020\/02\/6_Nacionales_23_20p01-768x455.jpg","type":"image\/jpeg"}],"author":"Brenda Guerrero","twitter_card":"summary_large_image","twitter_creator":"@BlgNoticias","twitter_site":"@BlgNoticias","twitter_misc":{"Escrito por":"Brenda Guerrero","Tiempo de lectura":"2 minutos"},"schema":{"@context":"https:\/\/schema.org","@graph":[{"@type":"Article","@id":"https:\/\/blgnoticiassantodomingo.net\/index.php\/2020\/02\/05\/hony-estrella-emplaza-a-carolina-mejia-aclarar-supuesto-respaldo-del-gobierno\/#article","isPartOf":{"@id":"https:\/\/blgnoticiassantodomingo.net\/index.php\/2020\/02\/05\/hony-estrella-emplaza-a-carolina-mejia-aclarar-supuesto-respaldo-del-gobierno\/"},"author":{"name":"Brenda Guerrero","@id":"https:\/\/blgnoticiassantodomingo.net\/#\/schema\/person\/e2fc21cf88acc63dbd134be981bff374"},"headline":"Hony Estrella emplaza a Carolina Mej\u00eda aclarar supuesto respaldo del Gobierno","datePublished":"2020-02-05T01:22:19+00:00","dateModified":"2020-02-05T01:22:20+00:00","mainEntityOfPage":{"@id":"https:\/\/blgnoticiassantodomingo.net\/index.php\/2020\/02\/05\/hony-estrella-emplaza-a-carolina-mejia-aclarar-supuesto-respaldo-del-gobierno\/"},"wordCount":313,"commentCount":0,"publisher":{"@id":"https:\/\/blgnoticiassantodomingo.net\/#organization"},"image":{"@id":"https:\/\/blgnoticiassantodomingo.net\/index.php\/2020\/02\/05\/hony-estrella-emplaza-a-carolina-mejia-aclarar-supuesto-respaldo-del-gobierno\/#primaryimage"},"thumbnailUrl":"https:\/\/blgnoticiassantodomingo.net\/wp-content\/uploads\/2020\/02\/6_Nacionales_23_20p01-768x455.jpg","keywords":["Carolina Mejia","Hony Estrella"],"articleSection":["Politica"],"inLanguage":"es","potentialAction":[{"@type":"CommentAction","name":"Comment","target":["https:\/\/blgnoticiassantodomingo.net\/index.php\/2020\/02\/05\/hony-estrella-emplaza-a-carolina-mejia-aclarar-supuesto-respaldo-del-gobierno\/#respond"]}]},{"@type":"WebPage","@id":"https:\/\/blgnoticiassantodomingo.net\/index.php\/2020\/02\/05\/hony-estrella-emplaza-a-carolina-mejia-aclarar-supuesto-respaldo-del-gobierno\/","url":"https:\/\/blgnoticiassantodomingo.net\/index.php\/2020\/02\/05\/hony-estrella-emplaza-a-carolina-mejia-aclarar-supuesto-respaldo-del-gobierno\/","name":"Hony Estrella emplaza a Carolina Mej\u00eda aclarar supuesto respaldo del Gobierno - BLG Noticias","isPartOf":{"@id":"https:\/\/blgnoticiassantodomingo.net\/#website"},"primaryImageOfPage":{"@id":"https:\/\/blgnoticiassantodomingo.net\/index.php\/2020\/02\/05\/hony-estrella-emplaza-a-carolina-mejia-aclarar-supuesto-respaldo-del-gobierno\/#primaryimage"},"image":{"@id":"https:\/\/blgnoticiassantodomingo.net\/index.php\/2020\/02\/05\/hony-estrella-emplaza-a-carolina-mejia-aclarar-supuesto-respaldo-del-gobierno\/#primaryimage"},"thumbnailUrl":"https:\/\/blgnoticiassantodomingo.net\/wp-content\/uploads\/2020\/02\/6_Nacionales_23_20p01-768x455.jpg","datePublished":"2020-02-05T01:22:19+00:00","dateModified":"2020-02-05T01:22:20+00:00","breadcrumb":{"@id":"https:\/\/blgnoticiassantodomingo.net\/index.php\/2020\/02\/05\/hony-estrella-emplaza-a-carolina-mejia-aclarar-supuesto-respaldo-del-gobierno\/#breadcrumb"},"inLanguage":"es","potentialAction":[{"@type":"ReadAction","target":["https:\/\/blgnoticiassantodomingo.net\/index.php\/2020\/02\/05\/hony-estrella-emplaza-a-carolina-mejia-aclarar-supuesto-respaldo-del-gobierno\/"]}]},{"@type":"ImageObject","inLanguage":"es","@id":"https:\/\/blgnoticiassantodomingo.net\/index.php\/2020\/02\/05\/hony-estrella-emplaza-a-carolina-mejia-aclarar-supuesto-respaldo-del-gobierno\/#primaryimage","url":"https:\/\/blgnoticiassantodomingo.net\/wp-content\/uploads\/2020\/02\/6_Nacionales_23_20p01-768x455.jpg","contentUrl":"https:\/\/blgnoticiassantodomingo.net\/wp-content\/uploads\/2020\/02\/6_Nacionales_23_20p01-768x455.jpg","width":768,"height":455},{"@type":"BreadcrumbList","@id":"https:\/\/blgnoticiassantodomingo.net\/index.php\/2020\/02\/05\/hony-estrella-emplaza-a-carolina-mejia-aclarar-supuesto-respaldo-del-gobierno\/#breadcrumb","itemListElement":[{"@type":"ListItem","position":1,"name":"Portada","item":"https:\/\/blgnoticiassantodomingo.net\/"},{"@type":"ListItem","position":2,"name":"Hony Estrella emplaza a Carolina Mej\u00eda aclarar supuesto respaldo del Gobierno"}]},{"@type":"WebSite","@id":"https:\/\/blgnoticiassantodomingo.net\/#website","url":"https:\/\/blgnoticiassantodomingo.net\/","name":"BLG Noticias","description":"Esto es Noticias","publisher":{"@id":"https:\/\/blgnoticiassantodomingo.net\/#organization"},"potentialAction":[{"@type":"SearchAction","target":{"@type":"EntryPoint","urlTemplate":"https:\/\/blgnoticiassantodomingo.net\/?s={search_term_string}"},"query-input":{"@type":"PropertyValueSpecification","valueRequired":true,"valueName":"search_term_string"}}],"inLanguage":"es"},{"@type":"Organization","@id":"https:\/\/blgnoticiassantodomingo.net\/#organization","name":"BLG Noticias","url":"https:\/\/blgnoticiassantodomingo.net\/","logo":{"@type":"ImageObject","inLanguage":"es","@id":"https:\/\/blgnoticiassantodomingo.net\/#\/schema\/logo\/image\/","url":"https:\/\/blgnoticiassantodomingo.net\/wp-content\/uploads\/2023\/12\/Diseno-sin-titulo-3.jpg","contentUrl":"https:\/\/blgnoticiassantodomingo.net\/wp-content\/uploads\/2023\/12\/Diseno-sin-titulo-3.jpg","width":500,"height":500,"caption":"BLG Noticias"},"image":{"@id":"https:\/\/blgnoticiassantodomingo.net\/#\/schema\/logo\/image\/"},"sameAs":["https:\/\/web.facebook.com\/BlgNoticias\/?locale=es_LA&_rdc=1&_rdr","https:\/\/x.com\/BlgNoticias","https:\/\/www.linkedin.com\/in\/brenda-l-santana-aa846279\/"]},{"@type":"Person","@id":"https:\/\/blgnoticiassantodomingo.net\/#\/schema\/person\/e2fc21cf88acc63dbd134be981bff374","name":"Brenda Guerrero","image":{"@type":"ImageObject","inLanguage":"es","@id":"https:\/\/blgnoticiassantodomingo.net\/#\/schema\/person\/image\/","url":"https:\/\/secure.gravatar.com\/avatar\/2f7fc4c3e3655be1580cb684bfd8ab19be702ae20879da1e072021daa02f9b8b?s=96&d=wp_user_avatar&r=g","contentUrl":"https:\/\/secure.gravatar.com\/avatar\/2f7fc4c3e3655be1580cb684bfd8ab19be702ae20879da1e072021daa02f9b8b?s=96&d=wp_user_avatar&r=g","caption":"Brenda Guerrero"},"description":"Periodista","url":"https:\/\/blgnoticiassantodomingo.net\/index.php\/author\/brenda-guerrero\/"}]}},"jetpack_featured_media_url":"https:\/\/blgnoticiassantodomingo.net\/wp-content\/uploads\/2020\/02\/6_Nacionales_23_20p01-768x455.jpg","_links":{"self":[{"href":"https:\/\/blgnoticiassantodomingo.net\/index.php\/wp-json\/wp\/v2\/posts\/5836","targetHints":{"allow":["GET"]}}],"collection":[{"href":"https:\/\/blgnoticiassantodomingo.net\/index.php\/wp-json\/wp\/v2\/posts"}],"about":[{"href":"https:\/\/blgnoticiassantodomingo.net\/index.php\/wp-json\/wp\/v2\/types\/post"}],"author":[{"embeddable":true,"href":"https:\/\/blgnoticiassantodomingo.net\/index.php\/wp-json\/wp\/v2\/users\/2"}],"replies":[{"embeddable":true,"href":"https:\/\/blgnoticiassantodomingo.net\/index.php\/wp-json\/wp\/v2\/comments?post=5836"}],"version-history":[{"count":1,"href":"https:\/\/blgnoticiassantodomingo.net\/index.php\/wp-json\/wp\/v2\/posts\/5836\/revisions"}],"predecessor-version":[{"id":5838,"href":"https:\/\/blgnoticiassantodomingo.net\/index.php\/wp-json\/wp\/v2\/posts\/5836\/revisions\/5838"}],"wp:featuredmedia":[{"embeddable":true,"href":"https:\/\/blgnoticiassantodomingo.net\/index.php\/wp-json\/wp\/v2\/media\/5837"}],"wp:attachment":[{"href":"https:\/\/blgnoticiassantodomingo.net\/index.php\/wp-json\/wp\/v2\/media?parent=5836"}],"wp:term":[{"taxonomy":"category","embeddable":true,"href":"https:\/\/blgnoticiassantodomingo.net\/index.php\/wp-json\/wp\/v2\/categories?post=5836"},{"taxonomy":"post_tag","embeddable":true,"href":"https:\/\/blgnoticiassantodomingo.net\/index.php\/wp-json\/wp\/v2\/tags?post=5836"}],"curies":[{"name":"wp","href":"https:\/\/api.w.org\/{rel}","templated":true}]}}