{"id":5672,"date":"2020-02-01T15:24:16","date_gmt":"2020-02-01T15:24:16","guid":{"rendered":"http:\/\/blgnoticiassantodomingo.net\/?p=5672"},"modified":"2020-02-01T15:24:18","modified_gmt":"2020-02-01T15:24:18","slug":"crece-la-ira-en-china-sobre-como-se-gesto-la-epidemia-de-coronavirus","status":"publish","type":"post","link":"https:\/\/blgnoticiassantodomingo.net\/index.php\/2020\/02\/01\/crece-la-ira-en-china-sobre-como-se-gesto-la-epidemia-de-coronavirus\/","title":{"rendered":"Crece la ira en China sobre c\u00f3mo se gest\u00f3 la epidemia de coronavirus"},"content":{"rendered":"\n<p>Le dieron la noticia este mi\u00e9rcoles en el hospital n\u00famero 4 de Wuhan. Su suegro hab\u00eda fallecido, uno de los m\u00e1s de 200 v\u00edctimas mortales del coronavirus que asuela esa ciudad. El individuo al que un informe policial publicado este viernes identifica como Ke no pudo contenerse. Se abalanz\u00f3 sobre dos m\u00e9dicos y comenz\u00f3 a golpearlos, arranc\u00e1ndoles la ropa protectora. Se encuentra ahora bajo custodia policial.<\/p>\n\n\n\n<p>Es un incidente m\u00e1s de los muchos que dejan en evidencia estos d\u00edas la furia del p\u00fablico en torno a una crisis, la&nbsp;<strong>epidemia de coronavirus<\/strong>, de la que culpan a la&nbsp;<strong>desastrosa gesti\u00f3n<\/strong>&nbsp;de las autoridades locales de Wuhan y su provincia, Hubei.<\/p>\n\n\n\n<blockquote class=\"wp-block-quote is-layout-flow wp-block-quote-is-layout-flow\"><p>Una epidemia que ya ha infectado a cerca de&nbsp;<strong>10.000 personas<\/strong>&nbsp;y en la que, pese al refuerzo de los suministros y al env\u00edo de miles de m\u00e9dicos y sanitarios adicionales, sigue faltando material protector suficiente en los hospitales y doctores y enfermeras se encuentran al borde del agotamiento.<\/p><\/blockquote>\n\n\n\n<p>La tensi\u00f3n entre el Gobierno central -dispuesto a acabar con la epidemia y el descontento de la oblaci\u00f3n a toda costa-, y unas autoridades locales que quieren evitar que se les responsabilice del&nbsp;<strong>caos<\/strong>, es evidente estos d\u00edas, en los que llueven las acusaciones del uno y el otro lado. Y el escal\u00f3n m\u00e1s bajo lleva las de perder. Seg\u00fan la revista&nbsp;<em>Southern Weekly<\/em>, ya&nbsp;<strong>33 funcionarios<\/strong>&nbsp;de nivel municipal o provincial han sido&nbsp;<strong>destituidos<\/strong>,&nbsp;<strong>amonestados<\/strong>&nbsp;o se les ha abierto un expediente por mala gesti\u00f3n de la crisis.<\/p>\n\n\n\n<p>Al&nbsp;<strong>malestar<\/strong>&nbsp;por el desbordamiento en los centros sanitarios se ha sumado la publicaci\u00f3n de una serie de informaciones cient\u00edficas que corroboran las sospechas de que&nbsp;<strong>se ocult\u00f3 informaci\u00f3n<\/strong>&nbsp;clave al p\u00fablico durante las primeras semanas, mientras el problema se hac\u00eda cada vez mayor en diciembre y la mayor parte de enero.<\/p>\n\n\n\n<p>Un informe de un numeroso grupo de expertos oficiales chinos, que publicaba el mi\u00e9rcoles el&nbsp;<em>New England Journal of Medicine<\/em>, encontraba, tras examinar los primeros 425 casos de infecci\u00f3n en Wuhan, que los contagios entre seres humanos empezaron a darse desde mediados de diciembre. Pero las autoridades insistieron en que no hab\u00eda indicios de ello. Finalmente, se admiti\u00f3 el 20 de enero, cuando la propagaci\u00f3n de la epidemia comenz\u00f3 a dispararse.<\/p>\n\n\n\n<blockquote class=\"wp-block-quote is-layout-flow wp-block-quote-is-layout-flow\"><p>\u201cDecir que estoy furioso es quedarme corto. No tengo palabras\u201d, publicaba en Weibo, el Twitter chino, el catedr\u00e1tico de Biolog\u00eda en la Universidad de Zhejiang Wang Liming, tras leer el informe, \u201ces la primera prueba s\u00f3lida de que se ocult\u00f3 intencionadamente que hab\u00eda contagios entre humanos\u201d. Su mensaje desde entonces ha sido borrado.<\/p><\/blockquote>\n\n\n\n<p>Buena parte de las iras se dirigen no contra el Gobierno central -el consenso entre la mayor\u00eda de la poblaci\u00f3n es que las cosas han mejorado desde que ha tomado el control de la crisis-, sino contra las autoridades provinciales de Hubei y el alcalde de Wuhan,&nbsp;<strong>Zhou Xianwang<\/strong>, una figura que parece tener los d\u00edas contados en el cargo. El \u00faltimo en arremeter contra \u00e9l ha sido el epidemi\u00f3logo jefe en el Centro de Prevenci\u00f3n y Control de Enfermedades, Zeng Guang.<\/p>\n\n\n\n<p>En una entrevista con el peri\u00f3dico estatal&nbsp;<em>Global Times<\/em>, ha apuntado que el gobierno municipal de Wuhan pudo haber tardado en responder a la crisis \u201cprincipalmente por la falta de conocimientos cient\u00edficos\u201d sobre el nuevo tipo de coronavirus, pero tambi\u00e9n por \u201ccierta indecisi\u00f3n en la toma de medidas\u201d.<\/p>\n\n\n\n<blockquote class=\"wp-block-quote is-layout-flow wp-block-quote-is-layout-flow\"><p>Durante esas primeras semanas vitales, seg\u00fan las cr\u00edticas, Zhou no solo tard\u00f3 en ofrecer informaci\u00f3n, sino que actu\u00f3 de modo que, a todas luces,&nbsp;<strong>contribuy\u00f3 a diseminar la infecci\u00f3n<\/strong>. A principios de enero organizaba una comida con 40.000 personas para batir un r\u00e9cord de participaci\u00f3n. E insist\u00eda en que la gente se fuera de vacaciones para el A\u00f1o Nuevo lunar: antes del cierre por cuarentena el d\u00eda 23, se hab\u00edan marchado de la ciudad cinco millones de personas.<\/p><\/blockquote>\n\n\n\n<p>Tambi\u00e9n se le acusa de haber intentado&nbsp;<strong>suprimir informaci\u00f3n<\/strong>. El 1 de enero, la Polic\u00eda de Wuhan anunci\u00f3 que hab\u00eda tomado \u201cmedidas legales\u201d contra ocho personas sospechosas de \u201cdifundir rumores\u201d -un cargo que puede suponer hasta siete a\u00f1os de c\u00e1rcel- por denunciar que esos casos de enfermedad extra\u00f1a que se hab\u00edan detectado parec\u00edan SARS. El S\u00edndrome Respiratorio Agudo Severo, originado tambi\u00e9n en China y que mat\u00f3 a casi 800 personas en todo el mundo en 2003, est\u00e1 causado por otro coronavirus de la misma familia que el actual.<\/p>\n\n\n\n<p>Esta semana, la Polic\u00eda ha retirado las acusaciones contra los ocho, despu\u00e9s de que el Tribunal Supremo se mostrara muy cr\u00edtico contra la actuaci\u00f3n de ese cuerpo. \u201cHubiera sido una suerte si la gente los hubiera cre\u00eddo (los \u2018rumores\u2019), y hubiera empezado a llevar mascarillas y tomar medidas de precauci\u00f3n\u201d, se lament\u00f3.<\/p>\n\n\n\n<blockquote class=\"wp-block-quote is-layout-flow wp-block-quote-is-layout-flow\"><p>En una entrevista televisada el lunes, Zhou reconoci\u00f3 que su Ayuntamiento no divulg\u00f3 la informaci\u00f3n necesaria en cuanto la tuvo a mano y ofreci\u00f3 su dimisi\u00f3n. Pero, en una acusaci\u00f3n inusualmente directa contra estamentos m\u00e1s altos de poder, asegur\u00f3 que no lo hizo porque no ten\u00eda permiso de arriba para revelarla. \u201cComo gobierno local, solo podemos informar (sobre una enfermedad infecciosa) con una autorizaci\u00f3n\u201d.<\/p><\/blockquote>\n","protected":false},"excerpt":{"rendered":"<p>Le dieron la noticia este mi\u00e9rcoles en el hospital n\u00famero 4 de Wuhan. Su suegro hab\u00eda fallecido, uno de los m\u00e1s de 200 v\u00edctimas mortales del coronavirus que asuela esa ciudad. El individuo al que un informe policial publicado este viernes identifica como Ke no pudo contenerse. Se abalanz\u00f3 sobre dos m\u00e9dicos y comenz\u00f3 a [&hellip;]<\/p>\n","protected":false},"author":2,"featured_media":5673,"comment_status":"open","ping_status":"open","sticky":false,"template":"","format":"standard","meta":{"footnotes":""},"categories":[221,224],"tags":[371,1197,1248],"class_list":{"0":"post-5672","1":"post","2":"type-post","3":"status-publish","4":"format-standard","5":"has-post-thumbnail","7":"category-internacionales","8":"category-salud","9":"tag-china","10":"tag-coronavirus","11":"tag-wuhan"},"yoast_head":"<!-- This site is optimized with the Yoast SEO plugin v24.9 - https:\/\/yoast.com\/wordpress\/plugins\/seo\/ -->\n<title>Crece la ira en China sobre c\u00f3mo se gest\u00f3 la epidemia de coronavirus - BLG Noticias<\/title>\n<meta name=\"robots\" content=\"index, follow, max-snippet:-1, max-image-preview:large, max-video-preview:-1\" \/>\n<link rel=\"canonical\" href=\"https:\/\/blgnoticiassantodomingo.net\/index.php\/2020\/02\/01\/crece-la-ira-en-china-sobre-como-se-gesto-la-epidemia-de-coronavirus\/\" \/>\n<meta property=\"og:locale\" content=\"es_ES\" \/>\n<meta property=\"og:type\" content=\"article\" \/>\n<meta property=\"og:title\" content=\"Crece la ira en China sobre c\u00f3mo se gest\u00f3 la epidemia de coronavirus - BLG Noticias\" \/>\n<meta property=\"og:description\" content=\"Le dieron la noticia este mi\u00e9rcoles en el hospital n\u00famero 4 de Wuhan. Su suegro hab\u00eda fallecido, uno de los m\u00e1s de 200 v\u00edctimas mortales del coronavirus que asuela esa ciudad. El individuo al que un informe policial publicado este viernes identifica como Ke no pudo contenerse. Se abalanz\u00f3 sobre dos m\u00e9dicos y comenz\u00f3 a [&hellip;]\" \/>\n<meta property=\"og:url\" content=\"https:\/\/blgnoticiassantodomingo.net\/index.php\/2020\/02\/01\/crece-la-ira-en-china-sobre-como-se-gesto-la-epidemia-de-coronavirus\/\" \/>\n<meta property=\"og:site_name\" content=\"BLG Noticias\" \/>\n<meta property=\"article:publisher\" content=\"https:\/\/web.facebook.com\/BlgNoticias\/?locale=es_LA&amp;_rdc=1&amp;_rdr\" \/>\n<meta property=\"article:published_time\" content=\"2020-02-01T15:24:16+00:00\" \/>\n<meta property=\"article:modified_time\" content=\"2020-02-01T15:24:18+00:00\" \/>\n<meta property=\"og:image\" content=\"https:\/\/blgnoticiassantodomingo.net\/wp-content\/uploads\/2020\/02\/1580540223_340673_1580548336_noticia_normal.jpg\" \/>\n\t<meta property=\"og:image:width\" content=\"980\" \/>\n\t<meta property=\"og:image:height\" content=\"635\" \/>\n\t<meta property=\"og:image:type\" content=\"image\/jpeg\" \/>\n<meta name=\"author\" content=\"Brenda Guerrero\" \/>\n<meta name=\"twitter:card\" content=\"summary_large_image\" \/>\n<meta name=\"twitter:creator\" content=\"@BlgNoticias\" \/>\n<meta name=\"twitter:site\" content=\"@BlgNoticias\" \/>\n<meta name=\"twitter:label1\" content=\"Escrito por\" \/>\n\t<meta name=\"twitter:data1\" content=\"Brenda Guerrero\" \/>\n\t<meta name=\"twitter:label2\" content=\"Tiempo de lectura\" \/>\n\t<meta name=\"twitter:data2\" content=\"5 minutos\" \/>\n<script type=\"application\/ld+json\" class=\"yoast-schema-graph\">{\"@context\":\"https:\/\/schema.org\",\"@graph\":[{\"@type\":\"Article\",\"@id\":\"https:\/\/blgnoticiassantodomingo.net\/index.php\/2020\/02\/01\/crece-la-ira-en-china-sobre-como-se-gesto-la-epidemia-de-coronavirus\/#article\",\"isPartOf\":{\"@id\":\"https:\/\/blgnoticiassantodomingo.net\/index.php\/2020\/02\/01\/crece-la-ira-en-china-sobre-como-se-gesto-la-epidemia-de-coronavirus\/\"},\"author\":{\"name\":\"Brenda Guerrero\",\"@id\":\"https:\/\/blgnoticiassantodomingo.net\/#\/schema\/person\/e2fc21cf88acc63dbd134be981bff374\"},\"headline\":\"Crece la ira en China sobre c\u00f3mo se gest\u00f3 la epidemia de coronavirus\",\"datePublished\":\"2020-02-01T15:24:16+00:00\",\"dateModified\":\"2020-02-01T15:24:18+00:00\",\"mainEntityOfPage\":{\"@id\":\"https:\/\/blgnoticiassantodomingo.net\/index.php\/2020\/02\/01\/crece-la-ira-en-china-sobre-como-se-gesto-la-epidemia-de-coronavirus\/\"},\"wordCount\":935,\"commentCount\":0,\"publisher\":{\"@id\":\"https:\/\/blgnoticiassantodomingo.net\/#organization\"},\"image\":{\"@id\":\"https:\/\/blgnoticiassantodomingo.net\/index.php\/2020\/02\/01\/crece-la-ira-en-china-sobre-como-se-gesto-la-epidemia-de-coronavirus\/#primaryimage\"},\"thumbnailUrl\":\"https:\/\/blgnoticiassantodomingo.net\/wp-content\/uploads\/2020\/02\/1580540223_340673_1580548336_noticia_normal.jpg\",\"keywords\":[\"China\",\"Coronavirus\",\"Wuhan\"],\"articleSection\":[\"Internacionales\",\"Salud\"],\"inLanguage\":\"es\",\"potentialAction\":[{\"@type\":\"CommentAction\",\"name\":\"Comment\",\"target\":[\"https:\/\/blgnoticiassantodomingo.net\/index.php\/2020\/02\/01\/crece-la-ira-en-china-sobre-como-se-gesto-la-epidemia-de-coronavirus\/#respond\"]}]},{\"@type\":\"WebPage\",\"@id\":\"https:\/\/blgnoticiassantodomingo.net\/index.php\/2020\/02\/01\/crece-la-ira-en-china-sobre-como-se-gesto-la-epidemia-de-coronavirus\/\",\"url\":\"https:\/\/blgnoticiassantodomingo.net\/index.php\/2020\/02\/01\/crece-la-ira-en-china-sobre-como-se-gesto-la-epidemia-de-coronavirus\/\",\"name\":\"Crece la ira en China sobre c\u00f3mo se gest\u00f3 la epidemia de coronavirus - BLG Noticias\",\"isPartOf\":{\"@id\":\"https:\/\/blgnoticiassantodomingo.net\/#website\"},\"primaryImageOfPage\":{\"@id\":\"https:\/\/blgnoticiassantodomingo.net\/index.php\/2020\/02\/01\/crece-la-ira-en-china-sobre-como-se-gesto-la-epidemia-de-coronavirus\/#primaryimage\"},\"image\":{\"@id\":\"https:\/\/blgnoticiassantodomingo.net\/index.php\/2020\/02\/01\/crece-la-ira-en-china-sobre-como-se-gesto-la-epidemia-de-coronavirus\/#primaryimage\"},\"thumbnailUrl\":\"https:\/\/blgnoticiassantodomingo.net\/wp-content\/uploads\/2020\/02\/1580540223_340673_1580548336_noticia_normal.jpg\",\"datePublished\":\"2020-02-01T15:24:16+00:00\",\"dateModified\":\"2020-02-01T15:24:18+00:00\",\"breadcrumb\":{\"@id\":\"https:\/\/blgnoticiassantodomingo.net\/index.php\/2020\/02\/01\/crece-la-ira-en-china-sobre-como-se-gesto-la-epidemia-de-coronavirus\/#breadcrumb\"},\"inLanguage\":\"es\",\"potentialAction\":[{\"@type\":\"ReadAction\",\"target\":[\"https:\/\/blgnoticiassantodomingo.net\/index.php\/2020\/02\/01\/crece-la-ira-en-china-sobre-como-se-gesto-la-epidemia-de-coronavirus\/\"]}]},{\"@type\":\"ImageObject\",\"inLanguage\":\"es\",\"@id\":\"https:\/\/blgnoticiassantodomingo.net\/index.php\/2020\/02\/01\/crece-la-ira-en-china-sobre-como-se-gesto-la-epidemia-de-coronavirus\/#primaryimage\",\"url\":\"https:\/\/blgnoticiassantodomingo.net\/wp-content\/uploads\/2020\/02\/1580540223_340673_1580548336_noticia_normal.jpg\",\"contentUrl\":\"https:\/\/blgnoticiassantodomingo.net\/wp-content\/uploads\/2020\/02\/1580540223_340673_1580548336_noticia_normal.jpg\",\"width\":980,\"height\":635},{\"@type\":\"BreadcrumbList\",\"@id\":\"https:\/\/blgnoticiassantodomingo.net\/index.php\/2020\/02\/01\/crece-la-ira-en-china-sobre-como-se-gesto-la-epidemia-de-coronavirus\/#breadcrumb\",\"itemListElement\":[{\"@type\":\"ListItem\",\"position\":1,\"name\":\"Portada\",\"item\":\"https:\/\/blgnoticiassantodomingo.net\/\"},{\"@type\":\"ListItem\",\"position\":2,\"name\":\"Crece la ira en China sobre c\u00f3mo se gest\u00f3 la epidemia de coronavirus\"}]},{\"@type\":\"WebSite\",\"@id\":\"https:\/\/blgnoticiassantodomingo.net\/#website\",\"url\":\"https:\/\/blgnoticiassantodomingo.net\/\",\"name\":\"BLG Noticias\",\"description\":\"Esto es Noticias\",\"publisher\":{\"@id\":\"https:\/\/blgnoticiassantodomingo.net\/#organization\"},\"potentialAction\":[{\"@type\":\"SearchAction\",\"target\":{\"@type\":\"EntryPoint\",\"urlTemplate\":\"https:\/\/blgnoticiassantodomingo.net\/?s={search_term_string}\"},\"query-input\":{\"@type\":\"PropertyValueSpecification\",\"valueRequired\":true,\"valueName\":\"search_term_string\"}}],\"inLanguage\":\"es\"},{\"@type\":\"Organization\",\"@id\":\"https:\/\/blgnoticiassantodomingo.net\/#organization\",\"name\":\"BLG Noticias\",\"url\":\"https:\/\/blgnoticiassantodomingo.net\/\",\"logo\":{\"@type\":\"ImageObject\",\"inLanguage\":\"es\",\"@id\":\"https:\/\/blgnoticiassantodomingo.net\/#\/schema\/logo\/image\/\",\"url\":\"https:\/\/blgnoticiassantodomingo.net\/wp-content\/uploads\/2023\/12\/Diseno-sin-titulo-3.jpg\",\"contentUrl\":\"https:\/\/blgnoticiassantodomingo.net\/wp-content\/uploads\/2023\/12\/Diseno-sin-titulo-3.jpg\",\"width\":500,\"height\":500,\"caption\":\"BLG Noticias\"},\"image\":{\"@id\":\"https:\/\/blgnoticiassantodomingo.net\/#\/schema\/logo\/image\/\"},\"sameAs\":[\"https:\/\/web.facebook.com\/BlgNoticias\/?locale=es_LA&_rdc=1&_rdr\",\"https:\/\/x.com\/BlgNoticias\",\"https:\/\/www.linkedin.com\/in\/brenda-l-santana-aa846279\/\"]},{\"@type\":\"Person\",\"@id\":\"https:\/\/blgnoticiassantodomingo.net\/#\/schema\/person\/e2fc21cf88acc63dbd134be981bff374\",\"name\":\"Brenda Guerrero\",\"image\":{\"@type\":\"ImageObject\",\"inLanguage\":\"es\",\"@id\":\"https:\/\/blgnoticiassantodomingo.net\/#\/schema\/person\/image\/\",\"url\":\"https:\/\/secure.gravatar.com\/avatar\/2f7fc4c3e3655be1580cb684bfd8ab19be702ae20879da1e072021daa02f9b8b?s=96&d=wp_user_avatar&r=g\",\"contentUrl\":\"https:\/\/secure.gravatar.com\/avatar\/2f7fc4c3e3655be1580cb684bfd8ab19be702ae20879da1e072021daa02f9b8b?s=96&d=wp_user_avatar&r=g\",\"caption\":\"Brenda Guerrero\"},\"description\":\"Periodista\",\"url\":\"https:\/\/blgnoticiassantodomingo.net\/index.php\/author\/brenda-guerrero\/\"}]}<\/script>\n<!-- \/ Yoast SEO plugin. -->","yoast_head_json":{"title":"Crece la ira en China sobre c\u00f3mo se gest\u00f3 la epidemia de coronavirus - BLG Noticias","robots":{"index":"index","follow":"follow","max-snippet":"max-snippet:-1","max-image-preview":"max-image-preview:large","max-video-preview":"max-video-preview:-1"},"canonical":"https:\/\/blgnoticiassantodomingo.net\/index.php\/2020\/02\/01\/crece-la-ira-en-china-sobre-como-se-gesto-la-epidemia-de-coronavirus\/","og_locale":"es_ES","og_type":"article","og_title":"Crece la ira en China sobre c\u00f3mo se gest\u00f3 la epidemia de coronavirus - BLG Noticias","og_description":"Le dieron la noticia este mi\u00e9rcoles en el hospital n\u00famero 4 de Wuhan. Su suegro hab\u00eda fallecido, uno de los m\u00e1s de 200 v\u00edctimas mortales del coronavirus que asuela esa ciudad. El individuo al que un informe policial publicado este viernes identifica como Ke no pudo contenerse. Se abalanz\u00f3 sobre dos m\u00e9dicos y comenz\u00f3 a [&hellip;]","og_url":"https:\/\/blgnoticiassantodomingo.net\/index.php\/2020\/02\/01\/crece-la-ira-en-china-sobre-como-se-gesto-la-epidemia-de-coronavirus\/","og_site_name":"BLG Noticias","article_publisher":"https:\/\/web.facebook.com\/BlgNoticias\/?locale=es_LA&_rdc=1&_rdr","article_published_time":"2020-02-01T15:24:16+00:00","article_modified_time":"2020-02-01T15:24:18+00:00","og_image":[{"width":980,"height":635,"url":"https:\/\/blgnoticiassantodomingo.net\/wp-content\/uploads\/2020\/02\/1580540223_340673_1580548336_noticia_normal.jpg","type":"image\/jpeg"}],"author":"Brenda Guerrero","twitter_card":"summary_large_image","twitter_creator":"@BlgNoticias","twitter_site":"@BlgNoticias","twitter_misc":{"Escrito por":"Brenda Guerrero","Tiempo de lectura":"5 minutos"},"schema":{"@context":"https:\/\/schema.org","@graph":[{"@type":"Article","@id":"https:\/\/blgnoticiassantodomingo.net\/index.php\/2020\/02\/01\/crece-la-ira-en-china-sobre-como-se-gesto-la-epidemia-de-coronavirus\/#article","isPartOf":{"@id":"https:\/\/blgnoticiassantodomingo.net\/index.php\/2020\/02\/01\/crece-la-ira-en-china-sobre-como-se-gesto-la-epidemia-de-coronavirus\/"},"author":{"name":"Brenda Guerrero","@id":"https:\/\/blgnoticiassantodomingo.net\/#\/schema\/person\/e2fc21cf88acc63dbd134be981bff374"},"headline":"Crece la ira en China sobre c\u00f3mo se gest\u00f3 la epidemia de coronavirus","datePublished":"2020-02-01T15:24:16+00:00","dateModified":"2020-02-01T15:24:18+00:00","mainEntityOfPage":{"@id":"https:\/\/blgnoticiassantodomingo.net\/index.php\/2020\/02\/01\/crece-la-ira-en-china-sobre-como-se-gesto-la-epidemia-de-coronavirus\/"},"wordCount":935,"commentCount":0,"publisher":{"@id":"https:\/\/blgnoticiassantodomingo.net\/#organization"},"image":{"@id":"https:\/\/blgnoticiassantodomingo.net\/index.php\/2020\/02\/01\/crece-la-ira-en-china-sobre-como-se-gesto-la-epidemia-de-coronavirus\/#primaryimage"},"thumbnailUrl":"https:\/\/blgnoticiassantodomingo.net\/wp-content\/uploads\/2020\/02\/1580540223_340673_1580548336_noticia_normal.jpg","keywords":["China","Coronavirus","Wuhan"],"articleSection":["Internacionales","Salud"],"inLanguage":"es","potentialAction":[{"@type":"CommentAction","name":"Comment","target":["https:\/\/blgnoticiassantodomingo.net\/index.php\/2020\/02\/01\/crece-la-ira-en-china-sobre-como-se-gesto-la-epidemia-de-coronavirus\/#respond"]}]},{"@type":"WebPage","@id":"https:\/\/blgnoticiassantodomingo.net\/index.php\/2020\/02\/01\/crece-la-ira-en-china-sobre-como-se-gesto-la-epidemia-de-coronavirus\/","url":"https:\/\/blgnoticiassantodomingo.net\/index.php\/2020\/02\/01\/crece-la-ira-en-china-sobre-como-se-gesto-la-epidemia-de-coronavirus\/","name":"Crece la ira en China sobre c\u00f3mo se gest\u00f3 la epidemia de coronavirus - BLG Noticias","isPartOf":{"@id":"https:\/\/blgnoticiassantodomingo.net\/#website"},"primaryImageOfPage":{"@id":"https:\/\/blgnoticiassantodomingo.net\/index.php\/2020\/02\/01\/crece-la-ira-en-china-sobre-como-se-gesto-la-epidemia-de-coronavirus\/#primaryimage"},"image":{"@id":"https:\/\/blgnoticiassantodomingo.net\/index.php\/2020\/02\/01\/crece-la-ira-en-china-sobre-como-se-gesto-la-epidemia-de-coronavirus\/#primaryimage"},"thumbnailUrl":"https:\/\/blgnoticiassantodomingo.net\/wp-content\/uploads\/2020\/02\/1580540223_340673_1580548336_noticia_normal.jpg","datePublished":"2020-02-01T15:24:16+00:00","dateModified":"2020-02-01T15:24:18+00:00","breadcrumb":{"@id":"https:\/\/blgnoticiassantodomingo.net\/index.php\/2020\/02\/01\/crece-la-ira-en-china-sobre-como-se-gesto-la-epidemia-de-coronavirus\/#breadcrumb"},"inLanguage":"es","potentialAction":[{"@type":"ReadAction","target":["https:\/\/blgnoticiassantodomingo.net\/index.php\/2020\/02\/01\/crece-la-ira-en-china-sobre-como-se-gesto-la-epidemia-de-coronavirus\/"]}]},{"@type":"ImageObject","inLanguage":"es","@id":"https:\/\/blgnoticiassantodomingo.net\/index.php\/2020\/02\/01\/crece-la-ira-en-china-sobre-como-se-gesto-la-epidemia-de-coronavirus\/#primaryimage","url":"https:\/\/blgnoticiassantodomingo.net\/wp-content\/uploads\/2020\/02\/1580540223_340673_1580548336_noticia_normal.jpg","contentUrl":"https:\/\/blgnoticiassantodomingo.net\/wp-content\/uploads\/2020\/02\/1580540223_340673_1580548336_noticia_normal.jpg","width":980,"height":635},{"@type":"BreadcrumbList","@id":"https:\/\/blgnoticiassantodomingo.net\/index.php\/2020\/02\/01\/crece-la-ira-en-china-sobre-como-se-gesto-la-epidemia-de-coronavirus\/#breadcrumb","itemListElement":[{"@type":"ListItem","position":1,"name":"Portada","item":"https:\/\/blgnoticiassantodomingo.net\/"},{"@type":"ListItem","position":2,"name":"Crece la ira en China sobre c\u00f3mo se gest\u00f3 la epidemia de coronavirus"}]},{"@type":"WebSite","@id":"https:\/\/blgnoticiassantodomingo.net\/#website","url":"https:\/\/blgnoticiassantodomingo.net\/","name":"BLG Noticias","description":"Esto es Noticias","publisher":{"@id":"https:\/\/blgnoticiassantodomingo.net\/#organization"},"potentialAction":[{"@type":"SearchAction","target":{"@type":"EntryPoint","urlTemplate":"https:\/\/blgnoticiassantodomingo.net\/?s={search_term_string}"},"query-input":{"@type":"PropertyValueSpecification","valueRequired":true,"valueName":"search_term_string"}}],"inLanguage":"es"},{"@type":"Organization","@id":"https:\/\/blgnoticiassantodomingo.net\/#organization","name":"BLG Noticias","url":"https:\/\/blgnoticiassantodomingo.net\/","logo":{"@type":"ImageObject","inLanguage":"es","@id":"https:\/\/blgnoticiassantodomingo.net\/#\/schema\/logo\/image\/","url":"https:\/\/blgnoticiassantodomingo.net\/wp-content\/uploads\/2023\/12\/Diseno-sin-titulo-3.jpg","contentUrl":"https:\/\/blgnoticiassantodomingo.net\/wp-content\/uploads\/2023\/12\/Diseno-sin-titulo-3.jpg","width":500,"height":500,"caption":"BLG Noticias"},"image":{"@id":"https:\/\/blgnoticiassantodomingo.net\/#\/schema\/logo\/image\/"},"sameAs":["https:\/\/web.facebook.com\/BlgNoticias\/?locale=es_LA&_rdc=1&_rdr","https:\/\/x.com\/BlgNoticias","https:\/\/www.linkedin.com\/in\/brenda-l-santana-aa846279\/"]},{"@type":"Person","@id":"https:\/\/blgnoticiassantodomingo.net\/#\/schema\/person\/e2fc21cf88acc63dbd134be981bff374","name":"Brenda Guerrero","image":{"@type":"ImageObject","inLanguage":"es","@id":"https:\/\/blgnoticiassantodomingo.net\/#\/schema\/person\/image\/","url":"https:\/\/secure.gravatar.com\/avatar\/2f7fc4c3e3655be1580cb684bfd8ab19be702ae20879da1e072021daa02f9b8b?s=96&d=wp_user_avatar&r=g","contentUrl":"https:\/\/secure.gravatar.com\/avatar\/2f7fc4c3e3655be1580cb684bfd8ab19be702ae20879da1e072021daa02f9b8b?s=96&d=wp_user_avatar&r=g","caption":"Brenda Guerrero"},"description":"Periodista","url":"https:\/\/blgnoticiassantodomingo.net\/index.php\/author\/brenda-guerrero\/"}]}},"jetpack_featured_media_url":"https:\/\/blgnoticiassantodomingo.net\/wp-content\/uploads\/2020\/02\/1580540223_340673_1580548336_noticia_normal.jpg","_links":{"self":[{"href":"https:\/\/blgnoticiassantodomingo.net\/index.php\/wp-json\/wp\/v2\/posts\/5672","targetHints":{"allow":["GET"]}}],"collection":[{"href":"https:\/\/blgnoticiassantodomingo.net\/index.php\/wp-json\/wp\/v2\/posts"}],"about":[{"href":"https:\/\/blgnoticiassantodomingo.net\/index.php\/wp-json\/wp\/v2\/types\/post"}],"author":[{"embeddable":true,"href":"https:\/\/blgnoticiassantodomingo.net\/index.php\/wp-json\/wp\/v2\/users\/2"}],"replies":[{"embeddable":true,"href":"https:\/\/blgnoticiassantodomingo.net\/index.php\/wp-json\/wp\/v2\/comments?post=5672"}],"version-history":[{"count":1,"href":"https:\/\/blgnoticiassantodomingo.net\/index.php\/wp-json\/wp\/v2\/posts\/5672\/revisions"}],"predecessor-version":[{"id":5674,"href":"https:\/\/blgnoticiassantodomingo.net\/index.php\/wp-json\/wp\/v2\/posts\/5672\/revisions\/5674"}],"wp:featuredmedia":[{"embeddable":true,"href":"https:\/\/blgnoticiassantodomingo.net\/index.php\/wp-json\/wp\/v2\/media\/5673"}],"wp:attachment":[{"href":"https:\/\/blgnoticiassantodomingo.net\/index.php\/wp-json\/wp\/v2\/media?parent=5672"}],"wp:term":[{"taxonomy":"category","embeddable":true,"href":"https:\/\/blgnoticiassantodomingo.net\/index.php\/wp-json\/wp\/v2\/categories?post=5672"},{"taxonomy":"post_tag","embeddable":true,"href":"https:\/\/blgnoticiassantodomingo.net\/index.php\/wp-json\/wp\/v2\/tags?post=5672"}],"curies":[{"name":"wp","href":"https:\/\/api.w.org\/{rel}","templated":true}]}}