{"id":5439,"date":"2020-01-28T13:58:27","date_gmt":"2020-01-28T13:58:27","guid":{"rendered":"http:\/\/blgnoticiassantodomingo.net\/?p=5439"},"modified":"2020-01-28T13:58:27","modified_gmt":"2020-01-28T13:58:27","slug":"la-mascara-un-reflejo-de-proteccion-no-necesariamente-eficaz-frente-al-coronavirus","status":"publish","type":"post","link":"https:\/\/blgnoticiassantodomingo.net\/index.php\/2020\/01\/28\/la-mascara-un-reflejo-de-proteccion-no-necesariamente-eficaz-frente-al-coronavirus\/","title":{"rendered":"La m\u00e1scara, un reflejo de protecci\u00f3n no necesariamente eficaz frente al coronavirus"},"content":{"rendered":"\n<p>Las m\u00e1scaras quir\u00fargicas, tomadas por asalto en Asia ante el avance del nuevo coronavirus, son esenciales para las personas enfermas y recomendadas en las regiones m\u00e1s afectadas, pero no garantizan una protecci\u00f3n al 100% contra la epidemia.<\/p>\n\n\n\n<p>Con la r\u00e1pida propagaci\u00f3n de la enfermedad, que dej\u00f3 hasta ahora 106 muertos y m\u00e1s de 4.500 infectados en China, explotaron en la regi\u00f3n las ventas de m\u00e1scaras, a menudo baratas y de papel, cuyo uso es com\u00fan en Asia contra la contaminaci\u00f3n o como medida de higiene.<\/p>\n\n\n\n<p>En China, donde apareci\u00f3 en diciembre el nuevo coronavirus y el uso de m\u00e1scara es obligatorio en algunas provincias bajo pena de multa, las farmacias est\u00e1n agotando existencias de Hong Kong a Pek\u00edn pasando por Shang\u00e1i.<\/p>\n\n\n\n<p>En Camboya, en Jap\u00f3n y en varios sitios en l\u00ednea, los precios se dispararon ante la demanda.<\/p>\n\n\n\n<p>En Tailandia, donde hay 14 infectados, las tiendas del centro de Bangkok fueron vaciadas en pocos d\u00edas, mientras que se colocaron en las vitrinas letreros que anuncian: \u00abNo hay m\u00e1scaras\u00bb.<\/p>\n\n\n\n<p>&#8211; \u00abProveedores desbordados\u00bb &#8211;<\/p>\n\n\n\n<p>\u00ab300 clientes por d\u00eda, la mayor\u00eda chinos, se abalanzaron sobre estos productos. No tenemos m\u00e1s, al igual que todos nuestros proveedores que est\u00e1n totalmente desbordados\u00bb, declar\u00f3 a la AFP Suphak Saphakkul, jefe de una peque\u00f1a farmacia en un centro comercial de la capital tailandesa.<\/p>\n\n\n\n<p>\u00abEn 36 a\u00f1os de carrera, s\u00f3lo lo he visto una vez: durante la epidemia de SRAS\u00bb (S\u00edndrome Respiratorio Agudo Severo), que caus\u00f3 varios cientos de muertes en 2002 y 2003, a\u00f1adi\u00f3.<\/p>\n\n\n\n<p>La situaci\u00f3n no va a mejorar, ya que la gran mayor\u00eda de estas m\u00e1scaras se fabrican en China.<\/p>\n\n\n\n<p>Pero \u00bfson realmente eficaces? La Organizaci\u00f3n Mundial de la Salud (OMS) aconseja cubrirse la boca y la nariz en caso de tos y estornudos, y son indispensables para los enfermos a fin de limitar los riesgos de contaminaci\u00f3n.<\/p>\n\n\n\n<p>Pero para quienes no presentan ning\u00fan s\u00edntoma su \u00abeficacia no est\u00e1 demostrada\u00bb, seg\u00fan el Ministerio de Salud de Francia.<\/p>\n\n\n\n<p>\u00abNo dan garant\u00eda al 100%\u00bb, asegura Satoshi Hiroi, del Institudo de Salud P\u00fablica de Osaka. Al no estar totalmente pegadas a la cara, dejan pasar aire sin filtrar y se puede \u00abinhalar el virus\u00bb, explic\u00f3.<\/p>\n\n\n\n<p>Los expertos insisten tambi\u00e9n en que despu\u00e9s de algunas horas deben ser cambiadas, por lo que aconsejan otras mucho m\u00e1s caras llamadas \u00abm\u00e1scaras de protecci\u00f3n respiratoria individual\u00bb, compuestas de una pieza facial y un dispositivo de filtraci\u00f3n de aire y un una vida \u00fatil mayor.<\/p>\n\n\n\n<p>Pero sigue siendo dif\u00edcil prevenir eficazmente contra el nuevo coronavirus, pues hay pruebas de contaminaci\u00f3n de persona a persona, pero que a\u00fan no permiten saber si se propaga por aire o por contacto.<\/p>\n\n\n\n<p>\u00abNo sabemos exactamente de d\u00f3nde viene, no entendemos totalmente c\u00f3mo se transmite y c\u00f3mo se expresa en sus s\u00edntomas\u00bb, revel\u00f3 Daniel A. Kertesz, representante de la OMS en Tailandia.<\/p>\n\n\n\n<p>\u00abLuchamos contra un enemigo invisible con los medios al borde. Poner una m\u00e1scara es mejor que nada (y) eso puede tranquilizar a la poblaci\u00f3n y evitar una historia colectiva\u00bb, subray\u00f3 el farmac\u00e9utico Saphakkul.<\/p>\n\n\n\n<p>Tambi\u00e9n se recomiendan el lavado de manos con jab\u00f3n o alcohol y pa\u00f1uelos de un s\u00f3lo uso para prevenir la propagaci\u00f3n del nuevo coronavirus.<\/p>\n","protected":false},"excerpt":{"rendered":"<p>Las m\u00e1scaras quir\u00fargicas, tomadas por asalto en Asia ante el avance del nuevo coronavirus, son esenciales para las personas enfermas y recomendadas en las regiones m\u00e1s afectadas, pero no garantizan una protecci\u00f3n al 100% contra la epidemia. Con la r\u00e1pida propagaci\u00f3n de la enfermedad, que dej\u00f3 hasta ahora 106 muertos y m\u00e1s de 4.500 infectados [&hellip;]<\/p>\n","protected":false},"author":2,"featured_media":5440,"comment_status":"open","ping_status":"open","sticky":false,"template":"","format":"standard","meta":{"footnotes":""},"categories":[221],"tags":[],"class_list":{"0":"post-5439","1":"post","2":"type-post","3":"status-publish","4":"format-standard","5":"has-post-thumbnail","7":"category-internacionales"},"yoast_head":"<!-- This site is optimized with the Yoast SEO plugin v24.9 - https:\/\/yoast.com\/wordpress\/plugins\/seo\/ -->\n<title>La m\u00e1scara, un reflejo de protecci\u00f3n no necesariamente eficaz frente al coronavirus - BLG Noticias<\/title>\n<meta name=\"robots\" content=\"index, follow, max-snippet:-1, max-image-preview:large, max-video-preview:-1\" \/>\n<link rel=\"canonical\" href=\"https:\/\/blgnoticiassantodomingo.net\/index.php\/2020\/01\/28\/la-mascara-un-reflejo-de-proteccion-no-necesariamente-eficaz-frente-al-coronavirus\/\" \/>\n<meta property=\"og:locale\" content=\"es_ES\" \/>\n<meta property=\"og:type\" content=\"article\" \/>\n<meta property=\"og:title\" content=\"La m\u00e1scara, un reflejo de protecci\u00f3n no necesariamente eficaz frente al coronavirus - BLG Noticias\" \/>\n<meta property=\"og:description\" content=\"Las m\u00e1scaras quir\u00fargicas, tomadas por asalto en Asia ante el avance del nuevo coronavirus, son esenciales para las personas enfermas y recomendadas en las regiones m\u00e1s afectadas, pero no garantizan una protecci\u00f3n al 100% contra la epidemia. Con la r\u00e1pida propagaci\u00f3n de la enfermedad, que dej\u00f3 hasta ahora 106 muertos y m\u00e1s de 4.500 infectados [&hellip;]\" \/>\n<meta property=\"og:url\" content=\"https:\/\/blgnoticiassantodomingo.net\/index.php\/2020\/01\/28\/la-mascara-un-reflejo-de-proteccion-no-necesariamente-eficaz-frente-al-coronavirus\/\" \/>\n<meta property=\"og:site_name\" content=\"BLG Noticias\" \/>\n<meta property=\"article:publisher\" content=\"https:\/\/web.facebook.com\/BlgNoticias\/?locale=es_LA&amp;_rdc=1&amp;_rdr\" \/>\n<meta property=\"article:published_time\" content=\"2020-01-28T13:58:27+00:00\" \/>\n<meta property=\"og:image\" content=\"https:\/\/blgnoticiassantodomingo.net\/wp-content\/uploads\/2020\/01\/202001281327101.jpeg\" \/>\n\t<meta property=\"og:image:width\" content=\"641\" \/>\n\t<meta property=\"og:image:height\" content=\"460\" \/>\n\t<meta property=\"og:image:type\" content=\"image\/jpeg\" \/>\n<meta name=\"author\" content=\"Brenda Guerrero\" \/>\n<meta name=\"twitter:card\" content=\"summary_large_image\" \/>\n<meta name=\"twitter:creator\" content=\"@BlgNoticias\" \/>\n<meta name=\"twitter:site\" content=\"@BlgNoticias\" \/>\n<meta name=\"twitter:label1\" content=\"Escrito por\" \/>\n\t<meta name=\"twitter:data1\" content=\"Brenda Guerrero\" \/>\n\t<meta name=\"twitter:label2\" content=\"Tiempo de lectura\" \/>\n\t<meta name=\"twitter:data2\" content=\"3 minutos\" \/>\n<script type=\"application\/ld+json\" class=\"yoast-schema-graph\">{\"@context\":\"https:\/\/schema.org\",\"@graph\":[{\"@type\":\"Article\",\"@id\":\"https:\/\/blgnoticiassantodomingo.net\/index.php\/2020\/01\/28\/la-mascara-un-reflejo-de-proteccion-no-necesariamente-eficaz-frente-al-coronavirus\/#article\",\"isPartOf\":{\"@id\":\"https:\/\/blgnoticiassantodomingo.net\/index.php\/2020\/01\/28\/la-mascara-un-reflejo-de-proteccion-no-necesariamente-eficaz-frente-al-coronavirus\/\"},\"author\":{\"name\":\"Brenda Guerrero\",\"@id\":\"https:\/\/blgnoticiassantodomingo.net\/#\/schema\/person\/e2fc21cf88acc63dbd134be981bff374\"},\"headline\":\"La m\u00e1scara, un reflejo de protecci\u00f3n no necesariamente eficaz frente al coronavirus\",\"datePublished\":\"2020-01-28T13:58:27+00:00\",\"mainEntityOfPage\":{\"@id\":\"https:\/\/blgnoticiassantodomingo.net\/index.php\/2020\/01\/28\/la-mascara-un-reflejo-de-proteccion-no-necesariamente-eficaz-frente-al-coronavirus\/\"},\"wordCount\":585,\"commentCount\":0,\"publisher\":{\"@id\":\"https:\/\/blgnoticiassantodomingo.net\/#organization\"},\"image\":{\"@id\":\"https:\/\/blgnoticiassantodomingo.net\/index.php\/2020\/01\/28\/la-mascara-un-reflejo-de-proteccion-no-necesariamente-eficaz-frente-al-coronavirus\/#primaryimage\"},\"thumbnailUrl\":\"https:\/\/blgnoticiassantodomingo.net\/wp-content\/uploads\/2020\/01\/202001281327101.jpeg\",\"articleSection\":[\"Internacionales\"],\"inLanguage\":\"es\",\"potentialAction\":[{\"@type\":\"CommentAction\",\"name\":\"Comment\",\"target\":[\"https:\/\/blgnoticiassantodomingo.net\/index.php\/2020\/01\/28\/la-mascara-un-reflejo-de-proteccion-no-necesariamente-eficaz-frente-al-coronavirus\/#respond\"]}]},{\"@type\":\"WebPage\",\"@id\":\"https:\/\/blgnoticiassantodomingo.net\/index.php\/2020\/01\/28\/la-mascara-un-reflejo-de-proteccion-no-necesariamente-eficaz-frente-al-coronavirus\/\",\"url\":\"https:\/\/blgnoticiassantodomingo.net\/index.php\/2020\/01\/28\/la-mascara-un-reflejo-de-proteccion-no-necesariamente-eficaz-frente-al-coronavirus\/\",\"name\":\"La m\u00e1scara, un reflejo de protecci\u00f3n no necesariamente eficaz frente al coronavirus - BLG Noticias\",\"isPartOf\":{\"@id\":\"https:\/\/blgnoticiassantodomingo.net\/#website\"},\"primaryImageOfPage\":{\"@id\":\"https:\/\/blgnoticiassantodomingo.net\/index.php\/2020\/01\/28\/la-mascara-un-reflejo-de-proteccion-no-necesariamente-eficaz-frente-al-coronavirus\/#primaryimage\"},\"image\":{\"@id\":\"https:\/\/blgnoticiassantodomingo.net\/index.php\/2020\/01\/28\/la-mascara-un-reflejo-de-proteccion-no-necesariamente-eficaz-frente-al-coronavirus\/#primaryimage\"},\"thumbnailUrl\":\"https:\/\/blgnoticiassantodomingo.net\/wp-content\/uploads\/2020\/01\/202001281327101.jpeg\",\"datePublished\":\"2020-01-28T13:58:27+00:00\",\"breadcrumb\":{\"@id\":\"https:\/\/blgnoticiassantodomingo.net\/index.php\/2020\/01\/28\/la-mascara-un-reflejo-de-proteccion-no-necesariamente-eficaz-frente-al-coronavirus\/#breadcrumb\"},\"inLanguage\":\"es\",\"potentialAction\":[{\"@type\":\"ReadAction\",\"target\":[\"https:\/\/blgnoticiassantodomingo.net\/index.php\/2020\/01\/28\/la-mascara-un-reflejo-de-proteccion-no-necesariamente-eficaz-frente-al-coronavirus\/\"]}]},{\"@type\":\"ImageObject\",\"inLanguage\":\"es\",\"@id\":\"https:\/\/blgnoticiassantodomingo.net\/index.php\/2020\/01\/28\/la-mascara-un-reflejo-de-proteccion-no-necesariamente-eficaz-frente-al-coronavirus\/#primaryimage\",\"url\":\"https:\/\/blgnoticiassantodomingo.net\/wp-content\/uploads\/2020\/01\/202001281327101.jpeg\",\"contentUrl\":\"https:\/\/blgnoticiassantodomingo.net\/wp-content\/uploads\/2020\/01\/202001281327101.jpeg\",\"width\":641,\"height\":460},{\"@type\":\"BreadcrumbList\",\"@id\":\"https:\/\/blgnoticiassantodomingo.net\/index.php\/2020\/01\/28\/la-mascara-un-reflejo-de-proteccion-no-necesariamente-eficaz-frente-al-coronavirus\/#breadcrumb\",\"itemListElement\":[{\"@type\":\"ListItem\",\"position\":1,\"name\":\"Portada\",\"item\":\"https:\/\/blgnoticiassantodomingo.net\/\"},{\"@type\":\"ListItem\",\"position\":2,\"name\":\"La m\u00e1scara, un reflejo de protecci\u00f3n no necesariamente eficaz frente al coronavirus\"}]},{\"@type\":\"WebSite\",\"@id\":\"https:\/\/blgnoticiassantodomingo.net\/#website\",\"url\":\"https:\/\/blgnoticiassantodomingo.net\/\",\"name\":\"BLG Noticias\",\"description\":\"Esto es Noticias\",\"publisher\":{\"@id\":\"https:\/\/blgnoticiassantodomingo.net\/#organization\"},\"potentialAction\":[{\"@type\":\"SearchAction\",\"target\":{\"@type\":\"EntryPoint\",\"urlTemplate\":\"https:\/\/blgnoticiassantodomingo.net\/?s={search_term_string}\"},\"query-input\":{\"@type\":\"PropertyValueSpecification\",\"valueRequired\":true,\"valueName\":\"search_term_string\"}}],\"inLanguage\":\"es\"},{\"@type\":\"Organization\",\"@id\":\"https:\/\/blgnoticiassantodomingo.net\/#organization\",\"name\":\"BLG Noticias\",\"url\":\"https:\/\/blgnoticiassantodomingo.net\/\",\"logo\":{\"@type\":\"ImageObject\",\"inLanguage\":\"es\",\"@id\":\"https:\/\/blgnoticiassantodomingo.net\/#\/schema\/logo\/image\/\",\"url\":\"https:\/\/blgnoticiassantodomingo.net\/wp-content\/uploads\/2023\/12\/Diseno-sin-titulo-3.jpg\",\"contentUrl\":\"https:\/\/blgnoticiassantodomingo.net\/wp-content\/uploads\/2023\/12\/Diseno-sin-titulo-3.jpg\",\"width\":500,\"height\":500,\"caption\":\"BLG Noticias\"},\"image\":{\"@id\":\"https:\/\/blgnoticiassantodomingo.net\/#\/schema\/logo\/image\/\"},\"sameAs\":[\"https:\/\/web.facebook.com\/BlgNoticias\/?locale=es_LA&_rdc=1&_rdr\",\"https:\/\/x.com\/BlgNoticias\",\"https:\/\/www.linkedin.com\/in\/brenda-l-santana-aa846279\/\"]},{\"@type\":\"Person\",\"@id\":\"https:\/\/blgnoticiassantodomingo.net\/#\/schema\/person\/e2fc21cf88acc63dbd134be981bff374\",\"name\":\"Brenda Guerrero\",\"image\":{\"@type\":\"ImageObject\",\"inLanguage\":\"es\",\"@id\":\"https:\/\/blgnoticiassantodomingo.net\/#\/schema\/person\/image\/\",\"url\":\"https:\/\/secure.gravatar.com\/avatar\/2f7fc4c3e3655be1580cb684bfd8ab19be702ae20879da1e072021daa02f9b8b?s=96&d=wp_user_avatar&r=g\",\"contentUrl\":\"https:\/\/secure.gravatar.com\/avatar\/2f7fc4c3e3655be1580cb684bfd8ab19be702ae20879da1e072021daa02f9b8b?s=96&d=wp_user_avatar&r=g\",\"caption\":\"Brenda Guerrero\"},\"description\":\"Periodista\",\"url\":\"https:\/\/blgnoticiassantodomingo.net\/index.php\/author\/brenda-guerrero\/\"}]}<\/script>\n<!-- \/ Yoast SEO plugin. -->","yoast_head_json":{"title":"La m\u00e1scara, un reflejo de protecci\u00f3n no necesariamente eficaz frente al coronavirus - BLG Noticias","robots":{"index":"index","follow":"follow","max-snippet":"max-snippet:-1","max-image-preview":"max-image-preview:large","max-video-preview":"max-video-preview:-1"},"canonical":"https:\/\/blgnoticiassantodomingo.net\/index.php\/2020\/01\/28\/la-mascara-un-reflejo-de-proteccion-no-necesariamente-eficaz-frente-al-coronavirus\/","og_locale":"es_ES","og_type":"article","og_title":"La m\u00e1scara, un reflejo de protecci\u00f3n no necesariamente eficaz frente al coronavirus - BLG Noticias","og_description":"Las m\u00e1scaras quir\u00fargicas, tomadas por asalto en Asia ante el avance del nuevo coronavirus, son esenciales para las personas enfermas y recomendadas en las regiones m\u00e1s afectadas, pero no garantizan una protecci\u00f3n al 100% contra la epidemia. Con la r\u00e1pida propagaci\u00f3n de la enfermedad, que dej\u00f3 hasta ahora 106 muertos y m\u00e1s de 4.500 infectados [&hellip;]","og_url":"https:\/\/blgnoticiassantodomingo.net\/index.php\/2020\/01\/28\/la-mascara-un-reflejo-de-proteccion-no-necesariamente-eficaz-frente-al-coronavirus\/","og_site_name":"BLG Noticias","article_publisher":"https:\/\/web.facebook.com\/BlgNoticias\/?locale=es_LA&_rdc=1&_rdr","article_published_time":"2020-01-28T13:58:27+00:00","og_image":[{"width":641,"height":460,"url":"https:\/\/blgnoticiassantodomingo.net\/wp-content\/uploads\/2020\/01\/202001281327101.jpeg","type":"image\/jpeg"}],"author":"Brenda Guerrero","twitter_card":"summary_large_image","twitter_creator":"@BlgNoticias","twitter_site":"@BlgNoticias","twitter_misc":{"Escrito por":"Brenda Guerrero","Tiempo de lectura":"3 minutos"},"schema":{"@context":"https:\/\/schema.org","@graph":[{"@type":"Article","@id":"https:\/\/blgnoticiassantodomingo.net\/index.php\/2020\/01\/28\/la-mascara-un-reflejo-de-proteccion-no-necesariamente-eficaz-frente-al-coronavirus\/#article","isPartOf":{"@id":"https:\/\/blgnoticiassantodomingo.net\/index.php\/2020\/01\/28\/la-mascara-un-reflejo-de-proteccion-no-necesariamente-eficaz-frente-al-coronavirus\/"},"author":{"name":"Brenda Guerrero","@id":"https:\/\/blgnoticiassantodomingo.net\/#\/schema\/person\/e2fc21cf88acc63dbd134be981bff374"},"headline":"La m\u00e1scara, un reflejo de protecci\u00f3n no necesariamente eficaz frente al coronavirus","datePublished":"2020-01-28T13:58:27+00:00","mainEntityOfPage":{"@id":"https:\/\/blgnoticiassantodomingo.net\/index.php\/2020\/01\/28\/la-mascara-un-reflejo-de-proteccion-no-necesariamente-eficaz-frente-al-coronavirus\/"},"wordCount":585,"commentCount":0,"publisher":{"@id":"https:\/\/blgnoticiassantodomingo.net\/#organization"},"image":{"@id":"https:\/\/blgnoticiassantodomingo.net\/index.php\/2020\/01\/28\/la-mascara-un-reflejo-de-proteccion-no-necesariamente-eficaz-frente-al-coronavirus\/#primaryimage"},"thumbnailUrl":"https:\/\/blgnoticiassantodomingo.net\/wp-content\/uploads\/2020\/01\/202001281327101.jpeg","articleSection":["Internacionales"],"inLanguage":"es","potentialAction":[{"@type":"CommentAction","name":"Comment","target":["https:\/\/blgnoticiassantodomingo.net\/index.php\/2020\/01\/28\/la-mascara-un-reflejo-de-proteccion-no-necesariamente-eficaz-frente-al-coronavirus\/#respond"]}]},{"@type":"WebPage","@id":"https:\/\/blgnoticiassantodomingo.net\/index.php\/2020\/01\/28\/la-mascara-un-reflejo-de-proteccion-no-necesariamente-eficaz-frente-al-coronavirus\/","url":"https:\/\/blgnoticiassantodomingo.net\/index.php\/2020\/01\/28\/la-mascara-un-reflejo-de-proteccion-no-necesariamente-eficaz-frente-al-coronavirus\/","name":"La m\u00e1scara, un reflejo de protecci\u00f3n no necesariamente eficaz frente al coronavirus - BLG Noticias","isPartOf":{"@id":"https:\/\/blgnoticiassantodomingo.net\/#website"},"primaryImageOfPage":{"@id":"https:\/\/blgnoticiassantodomingo.net\/index.php\/2020\/01\/28\/la-mascara-un-reflejo-de-proteccion-no-necesariamente-eficaz-frente-al-coronavirus\/#primaryimage"},"image":{"@id":"https:\/\/blgnoticiassantodomingo.net\/index.php\/2020\/01\/28\/la-mascara-un-reflejo-de-proteccion-no-necesariamente-eficaz-frente-al-coronavirus\/#primaryimage"},"thumbnailUrl":"https:\/\/blgnoticiassantodomingo.net\/wp-content\/uploads\/2020\/01\/202001281327101.jpeg","datePublished":"2020-01-28T13:58:27+00:00","breadcrumb":{"@id":"https:\/\/blgnoticiassantodomingo.net\/index.php\/2020\/01\/28\/la-mascara-un-reflejo-de-proteccion-no-necesariamente-eficaz-frente-al-coronavirus\/#breadcrumb"},"inLanguage":"es","potentialAction":[{"@type":"ReadAction","target":["https:\/\/blgnoticiassantodomingo.net\/index.php\/2020\/01\/28\/la-mascara-un-reflejo-de-proteccion-no-necesariamente-eficaz-frente-al-coronavirus\/"]}]},{"@type":"ImageObject","inLanguage":"es","@id":"https:\/\/blgnoticiassantodomingo.net\/index.php\/2020\/01\/28\/la-mascara-un-reflejo-de-proteccion-no-necesariamente-eficaz-frente-al-coronavirus\/#primaryimage","url":"https:\/\/blgnoticiassantodomingo.net\/wp-content\/uploads\/2020\/01\/202001281327101.jpeg","contentUrl":"https:\/\/blgnoticiassantodomingo.net\/wp-content\/uploads\/2020\/01\/202001281327101.jpeg","width":641,"height":460},{"@type":"BreadcrumbList","@id":"https:\/\/blgnoticiassantodomingo.net\/index.php\/2020\/01\/28\/la-mascara-un-reflejo-de-proteccion-no-necesariamente-eficaz-frente-al-coronavirus\/#breadcrumb","itemListElement":[{"@type":"ListItem","position":1,"name":"Portada","item":"https:\/\/blgnoticiassantodomingo.net\/"},{"@type":"ListItem","position":2,"name":"La m\u00e1scara, un reflejo de protecci\u00f3n no necesariamente eficaz frente al coronavirus"}]},{"@type":"WebSite","@id":"https:\/\/blgnoticiassantodomingo.net\/#website","url":"https:\/\/blgnoticiassantodomingo.net\/","name":"BLG Noticias","description":"Esto es Noticias","publisher":{"@id":"https:\/\/blgnoticiassantodomingo.net\/#organization"},"potentialAction":[{"@type":"SearchAction","target":{"@type":"EntryPoint","urlTemplate":"https:\/\/blgnoticiassantodomingo.net\/?s={search_term_string}"},"query-input":{"@type":"PropertyValueSpecification","valueRequired":true,"valueName":"search_term_string"}}],"inLanguage":"es"},{"@type":"Organization","@id":"https:\/\/blgnoticiassantodomingo.net\/#organization","name":"BLG Noticias","url":"https:\/\/blgnoticiassantodomingo.net\/","logo":{"@type":"ImageObject","inLanguage":"es","@id":"https:\/\/blgnoticiassantodomingo.net\/#\/schema\/logo\/image\/","url":"https:\/\/blgnoticiassantodomingo.net\/wp-content\/uploads\/2023\/12\/Diseno-sin-titulo-3.jpg","contentUrl":"https:\/\/blgnoticiassantodomingo.net\/wp-content\/uploads\/2023\/12\/Diseno-sin-titulo-3.jpg","width":500,"height":500,"caption":"BLG Noticias"},"image":{"@id":"https:\/\/blgnoticiassantodomingo.net\/#\/schema\/logo\/image\/"},"sameAs":["https:\/\/web.facebook.com\/BlgNoticias\/?locale=es_LA&_rdc=1&_rdr","https:\/\/x.com\/BlgNoticias","https:\/\/www.linkedin.com\/in\/brenda-l-santana-aa846279\/"]},{"@type":"Person","@id":"https:\/\/blgnoticiassantodomingo.net\/#\/schema\/person\/e2fc21cf88acc63dbd134be981bff374","name":"Brenda Guerrero","image":{"@type":"ImageObject","inLanguage":"es","@id":"https:\/\/blgnoticiassantodomingo.net\/#\/schema\/person\/image\/","url":"https:\/\/secure.gravatar.com\/avatar\/2f7fc4c3e3655be1580cb684bfd8ab19be702ae20879da1e072021daa02f9b8b?s=96&d=wp_user_avatar&r=g","contentUrl":"https:\/\/secure.gravatar.com\/avatar\/2f7fc4c3e3655be1580cb684bfd8ab19be702ae20879da1e072021daa02f9b8b?s=96&d=wp_user_avatar&r=g","caption":"Brenda Guerrero"},"description":"Periodista","url":"https:\/\/blgnoticiassantodomingo.net\/index.php\/author\/brenda-guerrero\/"}]}},"jetpack_featured_media_url":"https:\/\/blgnoticiassantodomingo.net\/wp-content\/uploads\/2020\/01\/202001281327101.jpeg","_links":{"self":[{"href":"https:\/\/blgnoticiassantodomingo.net\/index.php\/wp-json\/wp\/v2\/posts\/5439","targetHints":{"allow":["GET"]}}],"collection":[{"href":"https:\/\/blgnoticiassantodomingo.net\/index.php\/wp-json\/wp\/v2\/posts"}],"about":[{"href":"https:\/\/blgnoticiassantodomingo.net\/index.php\/wp-json\/wp\/v2\/types\/post"}],"author":[{"embeddable":true,"href":"https:\/\/blgnoticiassantodomingo.net\/index.php\/wp-json\/wp\/v2\/users\/2"}],"replies":[{"embeddable":true,"href":"https:\/\/blgnoticiassantodomingo.net\/index.php\/wp-json\/wp\/v2\/comments?post=5439"}],"version-history":[{"count":1,"href":"https:\/\/blgnoticiassantodomingo.net\/index.php\/wp-json\/wp\/v2\/posts\/5439\/revisions"}],"predecessor-version":[{"id":5441,"href":"https:\/\/blgnoticiassantodomingo.net\/index.php\/wp-json\/wp\/v2\/posts\/5439\/revisions\/5441"}],"wp:featuredmedia":[{"embeddable":true,"href":"https:\/\/blgnoticiassantodomingo.net\/index.php\/wp-json\/wp\/v2\/media\/5440"}],"wp:attachment":[{"href":"https:\/\/blgnoticiassantodomingo.net\/index.php\/wp-json\/wp\/v2\/media?parent=5439"}],"wp:term":[{"taxonomy":"category","embeddable":true,"href":"https:\/\/blgnoticiassantodomingo.net\/index.php\/wp-json\/wp\/v2\/categories?post=5439"},{"taxonomy":"post_tag","embeddable":true,"href":"https:\/\/blgnoticiassantodomingo.net\/index.php\/wp-json\/wp\/v2\/tags?post=5439"}],"curies":[{"name":"wp","href":"https:\/\/api.w.org\/{rel}","templated":true}]}}