{"id":52759,"date":"2026-09-04T08:40:12","date_gmt":"2026-09-04T12:40:12","guid":{"rendered":"https:\/\/blgnoticiassantodomingo.net\/?p=52759"},"modified":"2026-09-04T08:40:17","modified_gmt":"2026-09-04T12:40:17","slug":"gobierno-organismos-de-socorro-y-emergencias-anuncian-para-este-martes-8-de-septiembre-simulacro-nacional-de-evacuacion","status":"publish","type":"post","link":"https:\/\/blgnoticiassantodomingo.net\/index.php\/2026\/09\/04\/gobierno-organismos-de-socorro-y-emergencias-anuncian-para-este-martes-8-de-septiembre-simulacro-nacional-de-evacuacion\/","title":{"rendered":"Gobierno, organismos de socorro y emergencias anuncian para este martes 8 de septiembre Simulacro Nacional de Evacuaci\u00f3n"},"content":{"rendered":"\n<p class=\"wp-block-paragraph\"><strong><em>Se probar\u00e1 un sistema incorporado por el actual gobierno para fortalecer el sistema de alerta de todo el pa\u00eds con una mensajer\u00eda instant\u00e1nea a cada celular en ese momento<\/em><\/strong><\/p>\n\n\n\n<p class=\"wp-block-paragraph\">Santo Domingo, RD. &#8211; El ministro administrativo de la Presidencia, Andr\u00e9s Bautista, junto a Edwin Olivares, director del Centro de Operaciones de Emergencias (COE) y Carlos Paulino, director de la Defensa Civil, anunciaron la realizaci\u00f3n del Simulacro Nacional de Evacuaci\u00f3n por Terremoto 2026, que se desarrollar\u00e1 el pr\u00f3ximo martes 8 de septiembre a las 10:00 de la ma\u00f1ana, con la participaci\u00f3n de instituciones p\u00fablicas y privadas, centros educativos, organizaciones sociales y la ciudadan\u00eda en todo el territorio nacional.<\/p>\n\n\n\n<p class=\"wp-block-paragraph\">El objetivo de estos simulacros es preparar a la poblaci\u00f3n porque \u201cdurante el evento no se puede improvisar, hay que estar preparados para lo que, esperamos en Dios, que nunca se de, pero que s\u00ed se da, podamos reaccionar con la debida habilidad, con la debida prontitud, para salvarnos la vida o la vida de un semejante\u201d, explic\u00f3 Bautista.<\/p>\n\n\n\n<p class=\"wp-block-paragraph\">La jornada se desarrolla por instrucciones del presidente Luis Abinader como parte de las acciones de preparaci\u00f3n integral que impulsa el Estado dominicano para fortalecer las capacidades de prevenci\u00f3n, respuesta y recuperaci\u00f3n ante la ocurrencia de un terremoto de gran magnitud.<\/p>\n\n\n\n<p class=\"wp-block-paragraph\">De su lado, Olivares destac\u00f3 que a las 10 de la ma\u00f1ana del pr\u00f3ximo martes sonar\u00e1n las sirenas, silbatos, altavoces y se probar\u00e1 un sistema incorporado por el actual gobierno que vendr\u00e1 a fortalecer el sistema de alerta de todo el pa\u00eds con una mensajer\u00eda instant\u00e1nea a cada celular en ese momento.<\/p>\n\n\n\n<p class=\"wp-block-paragraph\"><strong>Los terremotos no avisan<\/strong><\/p>\n\n\n\n<p class=\"wp-block-paragraph\">Asimismo, el director del COE record\u00f3 que los terremotos no avisan, y por ello, la preparaci\u00f3n, organizaci\u00f3n y el conocimiento de las medidas de autoprotecci\u00f3n son fundamentales para reducir riesgos y salvar vidas.<\/p>\n\n\n\n<pre class=\"wp-block-code\"><code>\u201cPor eso no podemos esperar a que ocurra una emergencia para aprender c\u00f3mo responder. Este simulacro representa una oportunidad para practicar, evaluar nuestras capacidades e identificar aquello que debemos mejorar antes de enfrentar un evento real\u201d, afirm\u00f3.<\/code><\/pre>\n\n\n\n<p class=\"wp-block-paragraph\">Finalmente, explic\u00f3 que durante la jornada tambi\u00e9n se pondr\u00e1n a prueba los mecanismos de activaci\u00f3n y coordinaci\u00f3n de las instituciones que integran el sistema de respuesta, debido a que ante un terremoto de gran magnitud el pa\u00eds debe estar preparado no solamente para evacuar, sino tambi\u00e9n para responder de manera organizada a las posibles consecuencias del evento.<\/p>\n","protected":false},"excerpt":{"rendered":"<p>Se probar\u00e1 un sistema incorporado por el actual gobierno para fortalecer el sistema de alerta de todo el pa\u00eds con una mensajer\u00eda instant\u00e1nea a cada celular en ese momento Santo Domingo, RD. &#8211; El ministro administrativo de la Presidencia, Andr\u00e9s Bautista, junto a Edwin Olivares, director del Centro de Operaciones de Emergencias (COE) y Carlos [&hellip;]<\/p>\n","protected":false},"author":2,"featured_media":52760,"comment_status":"open","ping_status":"open","sticky":false,"template":"","format":"standard","meta":{"footnotes":""},"categories":[9572,220],"tags":[15813,7474,11294,643,15815,15814,6226],"class_list":["post-52759","post","type-post","status-publish","format-standard","has-post-thumbnail","category-featured","category-nacionales","tag-andres-bautista","tag-carlos-paulino","tag-centro-de-operaciones-de-emergencias-coe-2","tag-coe","tag-edwin-olivares","tag-el-ministro-administrativo-de-la-presidencia","tag-simulacro-nacional-de-evacuacion"],"yoast_head":"<!-- This site is optimized with the Yoast SEO plugin v24.9 - https:\/\/yoast.com\/wordpress\/plugins\/seo\/ -->\n<title>Gobierno, organismos de socorro y emergencias anuncian para este martes 8 de septiembre Simulacro Nacional de Evacuaci\u00f3n - BLG Noticias<\/title>\n<meta name=\"robots\" content=\"index, follow, max-snippet:-1, max-image-preview:large, max-video-preview:-1\" \/>\n<link rel=\"canonical\" href=\"https:\/\/blgnoticiassantodomingo.net\/index.php\/2026\/09\/04\/gobierno-organismos-de-socorro-y-emergencias-anuncian-para-este-martes-8-de-septiembre-simulacro-nacional-de-evacuacion\/\" \/>\n<meta property=\"og:locale\" content=\"es_ES\" \/>\n<meta property=\"og:type\" content=\"article\" \/>\n<meta property=\"og:title\" content=\"Gobierno, organismos de socorro y emergencias anuncian para este martes 8 de septiembre Simulacro Nacional de Evacuaci\u00f3n - BLG Noticias\" \/>\n<meta property=\"og:description\" content=\"Se probar\u00e1 un sistema incorporado por el actual gobierno para fortalecer el sistema de alerta de todo el pa\u00eds con una mensajer\u00eda instant\u00e1nea a cada celular en ese momento Santo Domingo, RD. &#8211; El ministro administrativo de la Presidencia, Andr\u00e9s Bautista, junto a Edwin Olivares, director del Centro de Operaciones de Emergencias (COE) y Carlos [&hellip;]\" \/>\n<meta property=\"og:url\" content=\"https:\/\/blgnoticiassantodomingo.net\/index.php\/2026\/09\/04\/gobierno-organismos-de-socorro-y-emergencias-anuncian-para-este-martes-8-de-septiembre-simulacro-nacional-de-evacuacion\/\" \/>\n<meta property=\"og:site_name\" content=\"BLG Noticias\" \/>\n<meta property=\"article:publisher\" content=\"https:\/\/web.facebook.com\/BlgNoticias\/?locale=es_LA&amp;_rdc=1&amp;_rdr\" \/>\n<meta property=\"article:published_time\" content=\"2026-09-04T12:40:12+00:00\" \/>\n<meta property=\"article:modified_time\" content=\"2026-09-04T12:40:17+00:00\" \/>\n<meta property=\"og:image\" content=\"http:\/\/blgnoticiassantodomingo.net\/wp-content\/uploads\/2026\/09\/WhatsApp-Image-2026-09-03-at-5.49.56-PM.jpeg\" \/>\n\t<meta property=\"og:image:width\" content=\"1920\" \/>\n\t<meta property=\"og:image:height\" content=\"1280\" \/>\n\t<meta property=\"og:image:type\" content=\"image\/jpeg\" \/>\n<meta name=\"author\" content=\"Brenda Guerrero\" \/>\n<meta name=\"twitter:card\" content=\"summary_large_image\" \/>\n<meta name=\"twitter:creator\" content=\"@BlgNoticias\" \/>\n<meta name=\"twitter:site\" content=\"@BlgNoticias\" \/>\n<meta name=\"twitter:label1\" content=\"Escrito por\" \/>\n\t<meta name=\"twitter:data1\" content=\"Brenda Guerrero\" \/>\n\t<meta name=\"twitter:label2\" content=\"Tiempo de lectura\" \/>\n\t<meta name=\"twitter:data2\" content=\"2 minutos\" \/>\n<script type=\"application\/ld+json\" class=\"yoast-schema-graph\">{\"@context\":\"https:\/\/schema.org\",\"@graph\":[{\"@type\":\"Article\",\"@id\":\"https:\/\/blgnoticiassantodomingo.net\/index.php\/2026\/09\/04\/gobierno-organismos-de-socorro-y-emergencias-anuncian-para-este-martes-8-de-septiembre-simulacro-nacional-de-evacuacion\/#article\",\"isPartOf\":{\"@id\":\"https:\/\/blgnoticiassantodomingo.net\/index.php\/2026\/09\/04\/gobierno-organismos-de-socorro-y-emergencias-anuncian-para-este-martes-8-de-septiembre-simulacro-nacional-de-evacuacion\/\"},\"author\":{\"name\":\"Brenda Guerrero\",\"@id\":\"https:\/\/blgnoticiassantodomingo.net\/#\/schema\/person\/e2fc21cf88acc63dbd134be981bff374\"},\"headline\":\"Gobierno, organismos de socorro y emergencias anuncian para este martes 8 de septiembre Simulacro Nacional de Evacuaci\u00f3n\",\"datePublished\":\"2026-09-04T12:40:12+00:00\",\"dateModified\":\"2026-09-04T12:40:17+00:00\",\"mainEntityOfPage\":{\"@id\":\"https:\/\/blgnoticiassantodomingo.net\/index.php\/2026\/09\/04\/gobierno-organismos-de-socorro-y-emergencias-anuncian-para-este-martes-8-de-septiembre-simulacro-nacional-de-evacuacion\/\"},\"wordCount\":396,\"commentCount\":0,\"publisher\":{\"@id\":\"https:\/\/blgnoticiassantodomingo.net\/#organization\"},\"image\":{\"@id\":\"https:\/\/blgnoticiassantodomingo.net\/index.php\/2026\/09\/04\/gobierno-organismos-de-socorro-y-emergencias-anuncian-para-este-martes-8-de-septiembre-simulacro-nacional-de-evacuacion\/#primaryimage\"},\"thumbnailUrl\":\"https:\/\/blgnoticiassantodomingo.net\/wp-content\/uploads\/2026\/09\/WhatsApp-Image-2026-09-03-at-5.49.56-PM.jpeg\",\"keywords\":[\"Andr\u00e9s Bautista\",\"Carlos Paulino\",\"Centro de Operaciones de Emergencias (COE)\",\"COE\",\"Edwin Olivares\",\"El ministro administrativo de la Presidencia\",\"Simulacro Nacional de Evacuaci\u00f3n\"],\"articleSection\":[\"Featured\",\"Nacionales\"],\"inLanguage\":\"es\",\"potentialAction\":[{\"@type\":\"CommentAction\",\"name\":\"Comment\",\"target\":[\"https:\/\/blgnoticiassantodomingo.net\/index.php\/2026\/09\/04\/gobierno-organismos-de-socorro-y-emergencias-anuncian-para-este-martes-8-de-septiembre-simulacro-nacional-de-evacuacion\/#respond\"]}]},{\"@type\":\"WebPage\",\"@id\":\"https:\/\/blgnoticiassantodomingo.net\/index.php\/2026\/09\/04\/gobierno-organismos-de-socorro-y-emergencias-anuncian-para-este-martes-8-de-septiembre-simulacro-nacional-de-evacuacion\/\",\"url\":\"https:\/\/blgnoticiassantodomingo.net\/index.php\/2026\/09\/04\/gobierno-organismos-de-socorro-y-emergencias-anuncian-para-este-martes-8-de-septiembre-simulacro-nacional-de-evacuacion\/\",\"name\":\"Gobierno, organismos de socorro y emergencias anuncian para este martes 8 de septiembre Simulacro Nacional de Evacuaci\u00f3n - BLG Noticias\",\"isPartOf\":{\"@id\":\"https:\/\/blgnoticiassantodomingo.net\/#website\"},\"primaryImageOfPage\":{\"@id\":\"https:\/\/blgnoticiassantodomingo.net\/index.php\/2026\/09\/04\/gobierno-organismos-de-socorro-y-emergencias-anuncian-para-este-martes-8-de-septiembre-simulacro-nacional-de-evacuacion\/#primaryimage\"},\"image\":{\"@id\":\"https:\/\/blgnoticiassantodomingo.net\/index.php\/2026\/09\/04\/gobierno-organismos-de-socorro-y-emergencias-anuncian-para-este-martes-8-de-septiembre-simulacro-nacional-de-evacuacion\/#primaryimage\"},\"thumbnailUrl\":\"https:\/\/blgnoticiassantodomingo.net\/wp-content\/uploads\/2026\/09\/WhatsApp-Image-2026-09-03-at-5.49.56-PM.jpeg\",\"datePublished\":\"2026-09-04T12:40:12+00:00\",\"dateModified\":\"2026-09-04T12:40:17+00:00\",\"breadcrumb\":{\"@id\":\"https:\/\/blgnoticiassantodomingo.net\/index.php\/2026\/09\/04\/gobierno-organismos-de-socorro-y-emergencias-anuncian-para-este-martes-8-de-septiembre-simulacro-nacional-de-evacuacion\/#breadcrumb\"},\"inLanguage\":\"es\",\"potentialAction\":[{\"@type\":\"ReadAction\",\"target\":[\"https:\/\/blgnoticiassantodomingo.net\/index.php\/2026\/09\/04\/gobierno-organismos-de-socorro-y-emergencias-anuncian-para-este-martes-8-de-septiembre-simulacro-nacional-de-evacuacion\/\"]}]},{\"@type\":\"ImageObject\",\"inLanguage\":\"es\",\"@id\":\"https:\/\/blgnoticiassantodomingo.net\/index.php\/2026\/09\/04\/gobierno-organismos-de-socorro-y-emergencias-anuncian-para-este-martes-8-de-septiembre-simulacro-nacional-de-evacuacion\/#primaryimage\",\"url\":\"https:\/\/blgnoticiassantodomingo.net\/wp-content\/uploads\/2026\/09\/WhatsApp-Image-2026-09-03-at-5.49.56-PM.jpeg\",\"contentUrl\":\"https:\/\/blgnoticiassantodomingo.net\/wp-content\/uploads\/2026\/09\/WhatsApp-Image-2026-09-03-at-5.49.56-PM.jpeg\",\"width\":1920,\"height\":1280},{\"@type\":\"BreadcrumbList\",\"@id\":\"https:\/\/blgnoticiassantodomingo.net\/index.php\/2026\/09\/04\/gobierno-organismos-de-socorro-y-emergencias-anuncian-para-este-martes-8-de-septiembre-simulacro-nacional-de-evacuacion\/#breadcrumb\",\"itemListElement\":[{\"@type\":\"ListItem\",\"position\":1,\"name\":\"Portada\",\"item\":\"https:\/\/blgnoticiassantodomingo.net\/\"},{\"@type\":\"ListItem\",\"position\":2,\"name\":\"Gobierno, organismos de socorro y emergencias anuncian para este martes 8 de septiembre Simulacro Nacional de Evacuaci\u00f3n\"}]},{\"@type\":\"WebSite\",\"@id\":\"https:\/\/blgnoticiassantodomingo.net\/#website\",\"url\":\"https:\/\/blgnoticiassantodomingo.net\/\",\"name\":\"BLG Noticias\",\"description\":\"Esto es Noticias\",\"publisher\":{\"@id\":\"https:\/\/blgnoticiassantodomingo.net\/#organization\"},\"potentialAction\":[{\"@type\":\"SearchAction\",\"target\":{\"@type\":\"EntryPoint\",\"urlTemplate\":\"https:\/\/blgnoticiassantodomingo.net\/?s={search_term_string}\"},\"query-input\":{\"@type\":\"PropertyValueSpecification\",\"valueRequired\":true,\"valueName\":\"search_term_string\"}}],\"inLanguage\":\"es\"},{\"@type\":\"Organization\",\"@id\":\"https:\/\/blgnoticiassantodomingo.net\/#organization\",\"name\":\"BLG Noticias\",\"url\":\"https:\/\/blgnoticiassantodomingo.net\/\",\"logo\":{\"@type\":\"ImageObject\",\"inLanguage\":\"es\",\"@id\":\"https:\/\/blgnoticiassantodomingo.net\/#\/schema\/logo\/image\/\",\"url\":\"https:\/\/blgnoticiassantodomingo.net\/wp-content\/uploads\/2023\/12\/Diseno-sin-titulo-3.jpg\",\"contentUrl\":\"https:\/\/blgnoticiassantodomingo.net\/wp-content\/uploads\/2023\/12\/Diseno-sin-titulo-3.jpg\",\"width\":500,\"height\":500,\"caption\":\"BLG Noticias\"},\"image\":{\"@id\":\"https:\/\/blgnoticiassantodomingo.net\/#\/schema\/logo\/image\/\"},\"sameAs\":[\"https:\/\/web.facebook.com\/BlgNoticias\/?locale=es_LA&_rdc=1&_rdr\",\"https:\/\/x.com\/BlgNoticias\",\"https:\/\/www.linkedin.com\/in\/brenda-l-santana-aa846279\/\"]},{\"@type\":\"Person\",\"@id\":\"https:\/\/blgnoticiassantodomingo.net\/#\/schema\/person\/e2fc21cf88acc63dbd134be981bff374\",\"name\":\"Brenda Guerrero\",\"image\":{\"@type\":\"ImageObject\",\"inLanguage\":\"es\",\"@id\":\"https:\/\/blgnoticiassantodomingo.net\/#\/schema\/person\/image\/\",\"url\":\"https:\/\/secure.gravatar.com\/avatar\/2f7fc4c3e3655be1580cb684bfd8ab19be702ae20879da1e072021daa02f9b8b?s=96&d=wp_user_avatar&r=g\",\"contentUrl\":\"https:\/\/secure.gravatar.com\/avatar\/2f7fc4c3e3655be1580cb684bfd8ab19be702ae20879da1e072021daa02f9b8b?s=96&d=wp_user_avatar&r=g\",\"caption\":\"Brenda Guerrero\"},\"description\":\"Periodista\",\"url\":\"https:\/\/blgnoticiassantodomingo.net\/index.php\/author\/brenda-guerrero\/\"}]}<\/script>\n<!-- \/ Yoast SEO plugin. -->","yoast_head_json":{"title":"Gobierno, organismos de socorro y emergencias anuncian para este martes 8 de septiembre Simulacro Nacional de Evacuaci\u00f3n - BLG Noticias","robots":{"index":"index","follow":"follow","max-snippet":"max-snippet:-1","max-image-preview":"max-image-preview:large","max-video-preview":"max-video-preview:-1"},"canonical":"https:\/\/blgnoticiassantodomingo.net\/index.php\/2026\/09\/04\/gobierno-organismos-de-socorro-y-emergencias-anuncian-para-este-martes-8-de-septiembre-simulacro-nacional-de-evacuacion\/","og_locale":"es_ES","og_type":"article","og_title":"Gobierno, organismos de socorro y emergencias anuncian para este martes 8 de septiembre Simulacro Nacional de Evacuaci\u00f3n - BLG Noticias","og_description":"Se probar\u00e1 un sistema incorporado por el actual gobierno para fortalecer el sistema de alerta de todo el pa\u00eds con una mensajer\u00eda instant\u00e1nea a cada celular en ese momento Santo Domingo, RD. &#8211; El ministro administrativo de la Presidencia, Andr\u00e9s Bautista, junto a Edwin Olivares, director del Centro de Operaciones de Emergencias (COE) y Carlos [&hellip;]","og_url":"https:\/\/blgnoticiassantodomingo.net\/index.php\/2026\/09\/04\/gobierno-organismos-de-socorro-y-emergencias-anuncian-para-este-martes-8-de-septiembre-simulacro-nacional-de-evacuacion\/","og_site_name":"BLG Noticias","article_publisher":"https:\/\/web.facebook.com\/BlgNoticias\/?locale=es_LA&_rdc=1&_rdr","article_published_time":"2026-09-04T12:40:12+00:00","article_modified_time":"2026-09-04T12:40:17+00:00","og_image":[{"width":1920,"height":1280,"url":"http:\/\/blgnoticiassantodomingo.net\/wp-content\/uploads\/2026\/09\/WhatsApp-Image-2026-09-03-at-5.49.56-PM.jpeg","type":"image\/jpeg"}],"author":"Brenda Guerrero","twitter_card":"summary_large_image","twitter_creator":"@BlgNoticias","twitter_site":"@BlgNoticias","twitter_misc":{"Escrito por":"Brenda Guerrero","Tiempo de lectura":"2 minutos"},"schema":{"@context":"https:\/\/schema.org","@graph":[{"@type":"Article","@id":"https:\/\/blgnoticiassantodomingo.net\/index.php\/2026\/09\/04\/gobierno-organismos-de-socorro-y-emergencias-anuncian-para-este-martes-8-de-septiembre-simulacro-nacional-de-evacuacion\/#article","isPartOf":{"@id":"https:\/\/blgnoticiassantodomingo.net\/index.php\/2026\/09\/04\/gobierno-organismos-de-socorro-y-emergencias-anuncian-para-este-martes-8-de-septiembre-simulacro-nacional-de-evacuacion\/"},"author":{"name":"Brenda Guerrero","@id":"https:\/\/blgnoticiassantodomingo.net\/#\/schema\/person\/e2fc21cf88acc63dbd134be981bff374"},"headline":"Gobierno, organismos de socorro y emergencias anuncian para este martes 8 de septiembre Simulacro Nacional de Evacuaci\u00f3n","datePublished":"2026-09-04T12:40:12+00:00","dateModified":"2026-09-04T12:40:17+00:00","mainEntityOfPage":{"@id":"https:\/\/blgnoticiassantodomingo.net\/index.php\/2026\/09\/04\/gobierno-organismos-de-socorro-y-emergencias-anuncian-para-este-martes-8-de-septiembre-simulacro-nacional-de-evacuacion\/"},"wordCount":396,"commentCount":0,"publisher":{"@id":"https:\/\/blgnoticiassantodomingo.net\/#organization"},"image":{"@id":"https:\/\/blgnoticiassantodomingo.net\/index.php\/2026\/09\/04\/gobierno-organismos-de-socorro-y-emergencias-anuncian-para-este-martes-8-de-septiembre-simulacro-nacional-de-evacuacion\/#primaryimage"},"thumbnailUrl":"https:\/\/blgnoticiassantodomingo.net\/wp-content\/uploads\/2026\/09\/WhatsApp-Image-2026-09-03-at-5.49.56-PM.jpeg","keywords":["Andr\u00e9s Bautista","Carlos Paulino","Centro de Operaciones de Emergencias (COE)","COE","Edwin Olivares","El ministro administrativo de la Presidencia","Simulacro Nacional de Evacuaci\u00f3n"],"articleSection":["Featured","Nacionales"],"inLanguage":"es","potentialAction":[{"@type":"CommentAction","name":"Comment","target":["https:\/\/blgnoticiassantodomingo.net\/index.php\/2026\/09\/04\/gobierno-organismos-de-socorro-y-emergencias-anuncian-para-este-martes-8-de-septiembre-simulacro-nacional-de-evacuacion\/#respond"]}]},{"@type":"WebPage","@id":"https:\/\/blgnoticiassantodomingo.net\/index.php\/2026\/09\/04\/gobierno-organismos-de-socorro-y-emergencias-anuncian-para-este-martes-8-de-septiembre-simulacro-nacional-de-evacuacion\/","url":"https:\/\/blgnoticiassantodomingo.net\/index.php\/2026\/09\/04\/gobierno-organismos-de-socorro-y-emergencias-anuncian-para-este-martes-8-de-septiembre-simulacro-nacional-de-evacuacion\/","name":"Gobierno, organismos de socorro y emergencias anuncian para este martes 8 de septiembre Simulacro Nacional de Evacuaci\u00f3n - BLG Noticias","isPartOf":{"@id":"https:\/\/blgnoticiassantodomingo.net\/#website"},"primaryImageOfPage":{"@id":"https:\/\/blgnoticiassantodomingo.net\/index.php\/2026\/09\/04\/gobierno-organismos-de-socorro-y-emergencias-anuncian-para-este-martes-8-de-septiembre-simulacro-nacional-de-evacuacion\/#primaryimage"},"image":{"@id":"https:\/\/blgnoticiassantodomingo.net\/index.php\/2026\/09\/04\/gobierno-organismos-de-socorro-y-emergencias-anuncian-para-este-martes-8-de-septiembre-simulacro-nacional-de-evacuacion\/#primaryimage"},"thumbnailUrl":"https:\/\/blgnoticiassantodomingo.net\/wp-content\/uploads\/2026\/09\/WhatsApp-Image-2026-09-03-at-5.49.56-PM.jpeg","datePublished":"2026-09-04T12:40:12+00:00","dateModified":"2026-09-04T12:40:17+00:00","breadcrumb":{"@id":"https:\/\/blgnoticiassantodomingo.net\/index.php\/2026\/09\/04\/gobierno-organismos-de-socorro-y-emergencias-anuncian-para-este-martes-8-de-septiembre-simulacro-nacional-de-evacuacion\/#breadcrumb"},"inLanguage":"es","potentialAction":[{"@type":"ReadAction","target":["https:\/\/blgnoticiassantodomingo.net\/index.php\/2026\/09\/04\/gobierno-organismos-de-socorro-y-emergencias-anuncian-para-este-martes-8-de-septiembre-simulacro-nacional-de-evacuacion\/"]}]},{"@type":"ImageObject","inLanguage":"es","@id":"https:\/\/blgnoticiassantodomingo.net\/index.php\/2026\/09\/04\/gobierno-organismos-de-socorro-y-emergencias-anuncian-para-este-martes-8-de-septiembre-simulacro-nacional-de-evacuacion\/#primaryimage","url":"https:\/\/blgnoticiassantodomingo.net\/wp-content\/uploads\/2026\/09\/WhatsApp-Image-2026-09-03-at-5.49.56-PM.jpeg","contentUrl":"https:\/\/blgnoticiassantodomingo.net\/wp-content\/uploads\/2026\/09\/WhatsApp-Image-2026-09-03-at-5.49.56-PM.jpeg","width":1920,"height":1280},{"@type":"BreadcrumbList","@id":"https:\/\/blgnoticiassantodomingo.net\/index.php\/2026\/09\/04\/gobierno-organismos-de-socorro-y-emergencias-anuncian-para-este-martes-8-de-septiembre-simulacro-nacional-de-evacuacion\/#breadcrumb","itemListElement":[{"@type":"ListItem","position":1,"name":"Portada","item":"https:\/\/blgnoticiassantodomingo.net\/"},{"@type":"ListItem","position":2,"name":"Gobierno, organismos de socorro y emergencias anuncian para este martes 8 de septiembre Simulacro Nacional de Evacuaci\u00f3n"}]},{"@type":"WebSite","@id":"https:\/\/blgnoticiassantodomingo.net\/#website","url":"https:\/\/blgnoticiassantodomingo.net\/","name":"BLG Noticias","description":"Esto es Noticias","publisher":{"@id":"https:\/\/blgnoticiassantodomingo.net\/#organization"},"potentialAction":[{"@type":"SearchAction","target":{"@type":"EntryPoint","urlTemplate":"https:\/\/blgnoticiassantodomingo.net\/?s={search_term_string}"},"query-input":{"@type":"PropertyValueSpecification","valueRequired":true,"valueName":"search_term_string"}}],"inLanguage":"es"},{"@type":"Organization","@id":"https:\/\/blgnoticiassantodomingo.net\/#organization","name":"BLG Noticias","url":"https:\/\/blgnoticiassantodomingo.net\/","logo":{"@type":"ImageObject","inLanguage":"es","@id":"https:\/\/blgnoticiassantodomingo.net\/#\/schema\/logo\/image\/","url":"https:\/\/blgnoticiassantodomingo.net\/wp-content\/uploads\/2023\/12\/Diseno-sin-titulo-3.jpg","contentUrl":"https:\/\/blgnoticiassantodomingo.net\/wp-content\/uploads\/2023\/12\/Diseno-sin-titulo-3.jpg","width":500,"height":500,"caption":"BLG Noticias"},"image":{"@id":"https:\/\/blgnoticiassantodomingo.net\/#\/schema\/logo\/image\/"},"sameAs":["https:\/\/web.facebook.com\/BlgNoticias\/?locale=es_LA&_rdc=1&_rdr","https:\/\/x.com\/BlgNoticias","https:\/\/www.linkedin.com\/in\/brenda-l-santana-aa846279\/"]},{"@type":"Person","@id":"https:\/\/blgnoticiassantodomingo.net\/#\/schema\/person\/e2fc21cf88acc63dbd134be981bff374","name":"Brenda Guerrero","image":{"@type":"ImageObject","inLanguage":"es","@id":"https:\/\/blgnoticiassantodomingo.net\/#\/schema\/person\/image\/","url":"https:\/\/secure.gravatar.com\/avatar\/2f7fc4c3e3655be1580cb684bfd8ab19be702ae20879da1e072021daa02f9b8b?s=96&d=wp_user_avatar&r=g","contentUrl":"https:\/\/secure.gravatar.com\/avatar\/2f7fc4c3e3655be1580cb684bfd8ab19be702ae20879da1e072021daa02f9b8b?s=96&d=wp_user_avatar&r=g","caption":"Brenda Guerrero"},"description":"Periodista","url":"https:\/\/blgnoticiassantodomingo.net\/index.php\/author\/brenda-guerrero\/"}]}},"jetpack_featured_media_url":"https:\/\/blgnoticiassantodomingo.net\/wp-content\/uploads\/2026\/09\/WhatsApp-Image-2026-09-03-at-5.49.56-PM.jpeg","_links":{"self":[{"href":"https:\/\/blgnoticiassantodomingo.net\/index.php\/wp-json\/wp\/v2\/posts\/52759","targetHints":{"allow":["GET"]}}],"collection":[{"href":"https:\/\/blgnoticiassantodomingo.net\/index.php\/wp-json\/wp\/v2\/posts"}],"about":[{"href":"https:\/\/blgnoticiassantodomingo.net\/index.php\/wp-json\/wp\/v2\/types\/post"}],"author":[{"embeddable":true,"href":"https:\/\/blgnoticiassantodomingo.net\/index.php\/wp-json\/wp\/v2\/users\/2"}],"replies":[{"embeddable":true,"href":"https:\/\/blgnoticiassantodomingo.net\/index.php\/wp-json\/wp\/v2\/comments?post=52759"}],"version-history":[{"count":1,"href":"https:\/\/blgnoticiassantodomingo.net\/index.php\/wp-json\/wp\/v2\/posts\/52759\/revisions"}],"predecessor-version":[{"id":52761,"href":"https:\/\/blgnoticiassantodomingo.net\/index.php\/wp-json\/wp\/v2\/posts\/52759\/revisions\/52761"}],"wp:featuredmedia":[{"embeddable":true,"href":"https:\/\/blgnoticiassantodomingo.net\/index.php\/wp-json\/wp\/v2\/media\/52760"}],"wp:attachment":[{"href":"https:\/\/blgnoticiassantodomingo.net\/index.php\/wp-json\/wp\/v2\/media?parent=52759"}],"wp:term":[{"taxonomy":"category","embeddable":true,"href":"https:\/\/blgnoticiassantodomingo.net\/index.php\/wp-json\/wp\/v2\/categories?post=52759"},{"taxonomy":"post_tag","embeddable":true,"href":"https:\/\/blgnoticiassantodomingo.net\/index.php\/wp-json\/wp\/v2\/tags?post=52759"}],"curies":[{"name":"wp","href":"https:\/\/api.w.org\/{rel}","templated":true}]}}