{"id":52733,"date":"2026-09-02T13:01:21","date_gmt":"2026-09-02T17:01:21","guid":{"rendered":"https:\/\/blgnoticiassantodomingo.net\/?p=52733"},"modified":"2026-09-02T13:01:27","modified_gmt":"2026-09-02T17:01:27","slug":"sns-y-srso-capacitan-sobre-nueva-plataforma-de-administracion-del-sistema-3-1-1","status":"publish","type":"post","link":"https:\/\/blgnoticiassantodomingo.net\/index.php\/2026\/09\/02\/sns-y-srso-capacitan-sobre-nueva-plataforma-de-administracion-del-sistema-3-1-1\/","title":{"rendered":"SNS y SRSO capacitan sobre nueva plataforma de administraci\u00f3n del Sistema 3-1-1"},"content":{"rendered":"\n<p class=\"wp-block-paragraph\">Santo Domingo, RD. \u2013 El Servicio Nacional de Salud (SNS), a trav\u00e9s del Ministerio de la Presidencia (MINPRE) y su Direcci\u00f3n de Inteligencia de Datos, en coordinaci\u00f3n con el Servicio Regional de Salud Ozama (SRSO), realiz\u00f3 un taller de capacitaci\u00f3n y actualizaci\u00f3n sobre el uso de la nueva plataforma de administraci\u00f3n del Sistema Nacional de Atenci\u00f3n Ciudadana 3-1-1, dirigido a representantes de los centros de salud del Gran Santo Domingo y Monte Plata.<\/p>\n\n\n\n<p class=\"wp-block-paragraph\">La jornada, desarrollada en la sede del SRSO, tuvo como prop\u00f3sito orientar y socializar con los responsables de Acceso a la Informaci\u00f3n P\u00fablica (RAI), Atenci\u00f3n al Usuario, Planificaci\u00f3n y Desarrollo, as\u00ed como con los encargados de Comunicaciones y gestores de redes sociales de los hospitales, los aspectos fundamentales para el adecuado uso y administraci\u00f3n de la nueva herramienta tecnol\u00f3gica.<\/p>\n\n\n\n<p class=\"wp-block-paragraph\">La iniciativa forma parte de las acciones impulsadas por el Servicio Nacional de Salud, dirigido por el doctor Julio Landr\u00f3n, en coordinaci\u00f3n con el Servicio Regional de Salud Ozama, encabezado por el doctor Edisson F\u00e9liz F\u00e9liz, orientadas a fortalecer la calidad de los servicios, la gesti\u00f3n institucional y los mecanismos de atenci\u00f3n ciudadana.<\/p>\n\n\n\n<p class=\"wp-block-paragraph\">La capacitaci\u00f3n estuvo a cargo de Junior Antonio Rosa, encargado del Departamento de Administraci\u00f3n del Sistema 3-1-1 del Viceministerio de Seguimiento y Coordinaci\u00f3n Gubernamental del Ministerio de la Presidencia (MINPRE), y H\u00e9len Nicole Morales S\u00e1nchez, analista de Pol\u00edticas P\u00fablicas de la Direcci\u00f3n de Inteligencia de Datos, quienes explicaron el funcionamiento de la plataforma, sus principales caracter\u00edsticas y los procedimientos para la gesti\u00f3n de las solicitudes ciudadanas.<\/p>\n\n\n\n<figure class=\"wp-block-image size-large\"><img decoding=\"async\" width=\"1024\" height=\"683\" src=\"https:\/\/blgnoticiassantodomingo.net\/wp-content\/uploads\/2026\/09\/WhatsApp-Image-2026-08-31-at-8.12.07-PM-1024x683.jpeg\" alt=\"\" class=\"wp-image-52735\" srcset=\"https:\/\/blgnoticiassantodomingo.net\/wp-content\/uploads\/2026\/09\/WhatsApp-Image-2026-08-31-at-8.12.07-PM-1024x683.jpeg 1024w, https:\/\/blgnoticiassantodomingo.net\/wp-content\/uploads\/2026\/09\/WhatsApp-Image-2026-08-31-at-8.12.07-PM-300x200.jpeg 300w, https:\/\/blgnoticiassantodomingo.net\/wp-content\/uploads\/2026\/09\/WhatsApp-Image-2026-08-31-at-8.12.07-PM-768x512.jpeg 768w, https:\/\/blgnoticiassantodomingo.net\/wp-content\/uploads\/2026\/09\/WhatsApp-Image-2026-08-31-at-8.12.07-PM-1536x1024.jpeg 1536w, https:\/\/blgnoticiassantodomingo.net\/wp-content\/uploads\/2026\/09\/WhatsApp-Image-2026-08-31-at-8.12.07-PM-150x100.jpeg 150w, https:\/\/blgnoticiassantodomingo.net\/wp-content\/uploads\/2026\/09\/WhatsApp-Image-2026-08-31-at-8.12.07-PM-324x216.jpeg 324w, https:\/\/blgnoticiassantodomingo.net\/wp-content\/uploads\/2026\/09\/WhatsApp-Image-2026-08-31-at-8.12.07-PM-696x464.jpeg 696w, https:\/\/blgnoticiassantodomingo.net\/wp-content\/uploads\/2026\/09\/WhatsApp-Image-2026-08-31-at-8.12.07-PM-1068x712.jpeg 1068w, https:\/\/blgnoticiassantodomingo.net\/wp-content\/uploads\/2026\/09\/WhatsApp-Image-2026-08-31-at-8.12.07-PM.jpeg 1920w\" sizes=\"(max-width: 1024px) 100vw, 1024px\" \/><\/figure>\n\n\n\n<p class=\"wp-block-paragraph\">Durante el encuentro se destac\u00f3 la importancia de que los hospitales conozcan y utilicen correctamente la plataforma, como parte de las acciones dirigidas a fortalecer la gesti\u00f3n de los requerimientos de la ciudadan\u00eda y garantizar respuestas oportunas, eficientes y adecuadas a las necesidades de los usuarios de la Red P\u00fablica de Servicios de Salud.<\/p>\n\n\n\n<p class=\"wp-block-paragraph\">La actividad estuvo encabezada por la encargada de Comunicaci\u00f3n Estrat\u00e9gicas del SRSO, Ada Guzm\u00e1n, quien resalt\u00f3 la importancia de continuar fortaleciendo las competencias del personal de los centros de salud para optimizar los procesos institucionales y mejorar la atenci\u00f3n que se brinda a la ciudadan\u00eda.<\/p>\n\n\n\n<p class=\"wp-block-paragraph\">Guzm\u00e1n destac\u00f3 que la integraci\u00f3n de las diferentes \u00e1reas involucradas permitir\u00e1 fortalecer la coordinaci\u00f3n y el seguimiento de las solicitudes, adem\u00e1s de contribuir a una gesti\u00f3n m\u00e1s organizada y eficiente de los requerimientos recibidos a trav\u00e9s del Sistema 3-1-1.<\/p>\n\n\n\n<p class=\"wp-block-paragraph\">Asimismo, valor\u00f3 que la correcta implementaci\u00f3n de esta herramienta tecnol\u00f3gica contribuir\u00e1 a mejorar los mecanismos de atenci\u00f3n, seguimiento y respuesta, facilitando una gesti\u00f3n m\u00e1s efectiva de las solicitudes y requerimientos de los ciudadanos.<\/p>\n\n\n\n<p class=\"wp-block-paragraph\">Durante la capacitaci\u00f3n tambi\u00e9n estuvieron presentes Tomasina Ulloa, encargada de Acceso a la Informaci\u00f3n P\u00fablica, e Ydolidia Ortega, encargada de Planificaci\u00f3n y Desarrollo, junto a representantes de las distintas \u00e1reas de los establecimientos de salud de la Regional Ozama.<\/p>\n\n\n\n<p class=\"wp-block-paragraph\">Con este tipo de iniciativas, el SNS y el SRSO reafirman su compromiso de fortalecer la atenci\u00f3n ciudadana, promover el uso adecuado de las herramientas tecnol\u00f3gicas y continuar impulsando procesos institucionales orientados a una gesti\u00f3n p\u00fablica eficiente, organizada y centrada en la calidad de los servicios.<\/p>\n","protected":false},"excerpt":{"rendered":"<p>Santo Domingo, RD. \u2013 El Servicio Nacional de Salud (SNS), a trav\u00e9s del Ministerio de la Presidencia (MINPRE) y su Direcci\u00f3n de Inteligencia de Datos, en coordinaci\u00f3n con el Servicio Regional de Salud Ozama (SRSO), realiz\u00f3 un taller de capacitaci\u00f3n y actualizaci\u00f3n sobre el uso de la nueva plataforma de administraci\u00f3n del Sistema Nacional de [&hellip;]<\/p>\n","protected":false},"author":2,"featured_media":52734,"comment_status":"open","ping_status":"open","sticky":false,"template":"","format":"standard","meta":{"footnotes":""},"categories":[224],"tags":[15806,13308,15805,15808,15807],"class_list":["post-52733","post","type-post","status-publish","format-standard","has-post-thumbnail","category-salud","tag-direccion-de-inteligencia-de-datos","tag-el-servicio-nacional-de-salud-sns","tag-ministerio-de-la-presidencia-minpre","tag-sistema-3-1-1","tag-srso"],"yoast_head":"<!-- This site is optimized with the Yoast SEO plugin v24.9 - https:\/\/yoast.com\/wordpress\/plugins\/seo\/ -->\n<title>SNS y SRSO capacitan sobre nueva plataforma de administraci\u00f3n del Sistema 3-1-1 - BLG Noticias<\/title>\n<meta name=\"robots\" content=\"index, follow, max-snippet:-1, max-image-preview:large, max-video-preview:-1\" \/>\n<link rel=\"canonical\" href=\"https:\/\/blgnoticiassantodomingo.net\/index.php\/2026\/09\/02\/sns-y-srso-capacitan-sobre-nueva-plataforma-de-administracion-del-sistema-3-1-1\/\" \/>\n<meta property=\"og:locale\" content=\"es_ES\" \/>\n<meta property=\"og:type\" content=\"article\" \/>\n<meta property=\"og:title\" content=\"SNS y SRSO capacitan sobre nueva plataforma de administraci\u00f3n del Sistema 3-1-1 - BLG Noticias\" \/>\n<meta property=\"og:description\" content=\"Santo Domingo, RD. \u2013 El Servicio Nacional de Salud (SNS), a trav\u00e9s del Ministerio de la Presidencia (MINPRE) y su Direcci\u00f3n de Inteligencia de Datos, en coordinaci\u00f3n con el Servicio Regional de Salud Ozama (SRSO), realiz\u00f3 un taller de capacitaci\u00f3n y actualizaci\u00f3n sobre el uso de la nueva plataforma de administraci\u00f3n del Sistema Nacional de [&hellip;]\" \/>\n<meta property=\"og:url\" content=\"https:\/\/blgnoticiassantodomingo.net\/index.php\/2026\/09\/02\/sns-y-srso-capacitan-sobre-nueva-plataforma-de-administracion-del-sistema-3-1-1\/\" \/>\n<meta property=\"og:site_name\" content=\"BLG Noticias\" \/>\n<meta property=\"article:publisher\" content=\"https:\/\/web.facebook.com\/BlgNoticias\/?locale=es_LA&amp;_rdc=1&amp;_rdr\" \/>\n<meta property=\"article:published_time\" content=\"2026-09-02T17:01:21+00:00\" \/>\n<meta property=\"article:modified_time\" content=\"2026-09-02T17:01:27+00:00\" \/>\n<meta property=\"og:image\" content=\"http:\/\/blgnoticiassantodomingo.net\/wp-content\/uploads\/2026\/09\/WhatsApp-Image-2026-08-31-at-8.12.07-PM-1.jpeg\" \/>\n\t<meta property=\"og:image:width\" content=\"1920\" \/>\n\t<meta property=\"og:image:height\" content=\"1280\" \/>\n\t<meta property=\"og:image:type\" content=\"image\/jpeg\" \/>\n<meta name=\"author\" content=\"Brenda Guerrero\" \/>\n<meta name=\"twitter:card\" content=\"summary_large_image\" \/>\n<meta name=\"twitter:creator\" content=\"@BlgNoticias\" \/>\n<meta name=\"twitter:site\" content=\"@BlgNoticias\" \/>\n<meta name=\"twitter:label1\" content=\"Escrito por\" \/>\n\t<meta name=\"twitter:data1\" content=\"Brenda Guerrero\" \/>\n\t<meta name=\"twitter:label2\" content=\"Tiempo de lectura\" \/>\n\t<meta name=\"twitter:data2\" content=\"3 minutos\" \/>\n<script type=\"application\/ld+json\" class=\"yoast-schema-graph\">{\"@context\":\"https:\/\/schema.org\",\"@graph\":[{\"@type\":\"Article\",\"@id\":\"https:\/\/blgnoticiassantodomingo.net\/index.php\/2026\/09\/02\/sns-y-srso-capacitan-sobre-nueva-plataforma-de-administracion-del-sistema-3-1-1\/#article\",\"isPartOf\":{\"@id\":\"https:\/\/blgnoticiassantodomingo.net\/index.php\/2026\/09\/02\/sns-y-srso-capacitan-sobre-nueva-plataforma-de-administracion-del-sistema-3-1-1\/\"},\"author\":{\"name\":\"Brenda Guerrero\",\"@id\":\"https:\/\/blgnoticiassantodomingo.net\/#\/schema\/person\/e2fc21cf88acc63dbd134be981bff374\"},\"headline\":\"SNS y SRSO capacitan sobre nueva plataforma de administraci\u00f3n del Sistema 3-1-1\",\"datePublished\":\"2026-09-02T17:01:21+00:00\",\"dateModified\":\"2026-09-02T17:01:27+00:00\",\"mainEntityOfPage\":{\"@id\":\"https:\/\/blgnoticiassantodomingo.net\/index.php\/2026\/09\/02\/sns-y-srso-capacitan-sobre-nueva-plataforma-de-administracion-del-sistema-3-1-1\/\"},\"wordCount\":582,\"commentCount\":0,\"publisher\":{\"@id\":\"https:\/\/blgnoticiassantodomingo.net\/#organization\"},\"image\":{\"@id\":\"https:\/\/blgnoticiassantodomingo.net\/index.php\/2026\/09\/02\/sns-y-srso-capacitan-sobre-nueva-plataforma-de-administracion-del-sistema-3-1-1\/#primaryimage\"},\"thumbnailUrl\":\"https:\/\/blgnoticiassantodomingo.net\/wp-content\/uploads\/2026\/09\/WhatsApp-Image-2026-08-31-at-8.12.07-PM-1.jpeg\",\"keywords\":[\"Direcci\u00f3n de Inteligencia de Datos\",\"El Servicio Nacional de Salud (SNS)\",\"Ministerio de la Presidencia (MINPRE)\",\"Sistema 3-1-1\",\"SRSO\"],\"articleSection\":[\"Salud\"],\"inLanguage\":\"es\",\"potentialAction\":[{\"@type\":\"CommentAction\",\"name\":\"Comment\",\"target\":[\"https:\/\/blgnoticiassantodomingo.net\/index.php\/2026\/09\/02\/sns-y-srso-capacitan-sobre-nueva-plataforma-de-administracion-del-sistema-3-1-1\/#respond\"]}]},{\"@type\":\"WebPage\",\"@id\":\"https:\/\/blgnoticiassantodomingo.net\/index.php\/2026\/09\/02\/sns-y-srso-capacitan-sobre-nueva-plataforma-de-administracion-del-sistema-3-1-1\/\",\"url\":\"https:\/\/blgnoticiassantodomingo.net\/index.php\/2026\/09\/02\/sns-y-srso-capacitan-sobre-nueva-plataforma-de-administracion-del-sistema-3-1-1\/\",\"name\":\"SNS y SRSO capacitan sobre nueva plataforma de administraci\u00f3n del Sistema 3-1-1 - BLG Noticias\",\"isPartOf\":{\"@id\":\"https:\/\/blgnoticiassantodomingo.net\/#website\"},\"primaryImageOfPage\":{\"@id\":\"https:\/\/blgnoticiassantodomingo.net\/index.php\/2026\/09\/02\/sns-y-srso-capacitan-sobre-nueva-plataforma-de-administracion-del-sistema-3-1-1\/#primaryimage\"},\"image\":{\"@id\":\"https:\/\/blgnoticiassantodomingo.net\/index.php\/2026\/09\/02\/sns-y-srso-capacitan-sobre-nueva-plataforma-de-administracion-del-sistema-3-1-1\/#primaryimage\"},\"thumbnailUrl\":\"https:\/\/blgnoticiassantodomingo.net\/wp-content\/uploads\/2026\/09\/WhatsApp-Image-2026-08-31-at-8.12.07-PM-1.jpeg\",\"datePublished\":\"2026-09-02T17:01:21+00:00\",\"dateModified\":\"2026-09-02T17:01:27+00:00\",\"breadcrumb\":{\"@id\":\"https:\/\/blgnoticiassantodomingo.net\/index.php\/2026\/09\/02\/sns-y-srso-capacitan-sobre-nueva-plataforma-de-administracion-del-sistema-3-1-1\/#breadcrumb\"},\"inLanguage\":\"es\",\"potentialAction\":[{\"@type\":\"ReadAction\",\"target\":[\"https:\/\/blgnoticiassantodomingo.net\/index.php\/2026\/09\/02\/sns-y-srso-capacitan-sobre-nueva-plataforma-de-administracion-del-sistema-3-1-1\/\"]}]},{\"@type\":\"ImageObject\",\"inLanguage\":\"es\",\"@id\":\"https:\/\/blgnoticiassantodomingo.net\/index.php\/2026\/09\/02\/sns-y-srso-capacitan-sobre-nueva-plataforma-de-administracion-del-sistema-3-1-1\/#primaryimage\",\"url\":\"https:\/\/blgnoticiassantodomingo.net\/wp-content\/uploads\/2026\/09\/WhatsApp-Image-2026-08-31-at-8.12.07-PM-1.jpeg\",\"contentUrl\":\"https:\/\/blgnoticiassantodomingo.net\/wp-content\/uploads\/2026\/09\/WhatsApp-Image-2026-08-31-at-8.12.07-PM-1.jpeg\",\"width\":1920,\"height\":1280},{\"@type\":\"BreadcrumbList\",\"@id\":\"https:\/\/blgnoticiassantodomingo.net\/index.php\/2026\/09\/02\/sns-y-srso-capacitan-sobre-nueva-plataforma-de-administracion-del-sistema-3-1-1\/#breadcrumb\",\"itemListElement\":[{\"@type\":\"ListItem\",\"position\":1,\"name\":\"Portada\",\"item\":\"https:\/\/blgnoticiassantodomingo.net\/\"},{\"@type\":\"ListItem\",\"position\":2,\"name\":\"SNS y SRSO capacitan sobre nueva plataforma de administraci\u00f3n del Sistema 3-1-1\"}]},{\"@type\":\"WebSite\",\"@id\":\"https:\/\/blgnoticiassantodomingo.net\/#website\",\"url\":\"https:\/\/blgnoticiassantodomingo.net\/\",\"name\":\"BLG Noticias\",\"description\":\"Esto es Noticias\",\"publisher\":{\"@id\":\"https:\/\/blgnoticiassantodomingo.net\/#organization\"},\"potentialAction\":[{\"@type\":\"SearchAction\",\"target\":{\"@type\":\"EntryPoint\",\"urlTemplate\":\"https:\/\/blgnoticiassantodomingo.net\/?s={search_term_string}\"},\"query-input\":{\"@type\":\"PropertyValueSpecification\",\"valueRequired\":true,\"valueName\":\"search_term_string\"}}],\"inLanguage\":\"es\"},{\"@type\":\"Organization\",\"@id\":\"https:\/\/blgnoticiassantodomingo.net\/#organization\",\"name\":\"BLG Noticias\",\"url\":\"https:\/\/blgnoticiassantodomingo.net\/\",\"logo\":{\"@type\":\"ImageObject\",\"inLanguage\":\"es\",\"@id\":\"https:\/\/blgnoticiassantodomingo.net\/#\/schema\/logo\/image\/\",\"url\":\"https:\/\/blgnoticiassantodomingo.net\/wp-content\/uploads\/2023\/12\/Diseno-sin-titulo-3.jpg\",\"contentUrl\":\"https:\/\/blgnoticiassantodomingo.net\/wp-content\/uploads\/2023\/12\/Diseno-sin-titulo-3.jpg\",\"width\":500,\"height\":500,\"caption\":\"BLG Noticias\"},\"image\":{\"@id\":\"https:\/\/blgnoticiassantodomingo.net\/#\/schema\/logo\/image\/\"},\"sameAs\":[\"https:\/\/web.facebook.com\/BlgNoticias\/?locale=es_LA&_rdc=1&_rdr\",\"https:\/\/x.com\/BlgNoticias\",\"https:\/\/www.linkedin.com\/in\/brenda-l-santana-aa846279\/\"]},{\"@type\":\"Person\",\"@id\":\"https:\/\/blgnoticiassantodomingo.net\/#\/schema\/person\/e2fc21cf88acc63dbd134be981bff374\",\"name\":\"Brenda Guerrero\",\"image\":{\"@type\":\"ImageObject\",\"inLanguage\":\"es\",\"@id\":\"https:\/\/blgnoticiassantodomingo.net\/#\/schema\/person\/image\/\",\"url\":\"https:\/\/secure.gravatar.com\/avatar\/2f7fc4c3e3655be1580cb684bfd8ab19be702ae20879da1e072021daa02f9b8b?s=96&d=wp_user_avatar&r=g\",\"contentUrl\":\"https:\/\/secure.gravatar.com\/avatar\/2f7fc4c3e3655be1580cb684bfd8ab19be702ae20879da1e072021daa02f9b8b?s=96&d=wp_user_avatar&r=g\",\"caption\":\"Brenda Guerrero\"},\"description\":\"Periodista\",\"url\":\"https:\/\/blgnoticiassantodomingo.net\/index.php\/author\/brenda-guerrero\/\"}]}<\/script>\n<!-- \/ Yoast SEO plugin. -->","yoast_head_json":{"title":"SNS y SRSO capacitan sobre nueva plataforma de administraci\u00f3n del Sistema 3-1-1 - BLG Noticias","robots":{"index":"index","follow":"follow","max-snippet":"max-snippet:-1","max-image-preview":"max-image-preview:large","max-video-preview":"max-video-preview:-1"},"canonical":"https:\/\/blgnoticiassantodomingo.net\/index.php\/2026\/09\/02\/sns-y-srso-capacitan-sobre-nueva-plataforma-de-administracion-del-sistema-3-1-1\/","og_locale":"es_ES","og_type":"article","og_title":"SNS y SRSO capacitan sobre nueva plataforma de administraci\u00f3n del Sistema 3-1-1 - BLG Noticias","og_description":"Santo Domingo, RD. \u2013 El Servicio Nacional de Salud (SNS), a trav\u00e9s del Ministerio de la Presidencia (MINPRE) y su Direcci\u00f3n de Inteligencia de Datos, en coordinaci\u00f3n con el Servicio Regional de Salud Ozama (SRSO), realiz\u00f3 un taller de capacitaci\u00f3n y actualizaci\u00f3n sobre el uso de la nueva plataforma de administraci\u00f3n del Sistema Nacional de [&hellip;]","og_url":"https:\/\/blgnoticiassantodomingo.net\/index.php\/2026\/09\/02\/sns-y-srso-capacitan-sobre-nueva-plataforma-de-administracion-del-sistema-3-1-1\/","og_site_name":"BLG Noticias","article_publisher":"https:\/\/web.facebook.com\/BlgNoticias\/?locale=es_LA&_rdc=1&_rdr","article_published_time":"2026-09-02T17:01:21+00:00","article_modified_time":"2026-09-02T17:01:27+00:00","og_image":[{"width":1920,"height":1280,"url":"http:\/\/blgnoticiassantodomingo.net\/wp-content\/uploads\/2026\/09\/WhatsApp-Image-2026-08-31-at-8.12.07-PM-1.jpeg","type":"image\/jpeg"}],"author":"Brenda Guerrero","twitter_card":"summary_large_image","twitter_creator":"@BlgNoticias","twitter_site":"@BlgNoticias","twitter_misc":{"Escrito por":"Brenda Guerrero","Tiempo de lectura":"3 minutos"},"schema":{"@context":"https:\/\/schema.org","@graph":[{"@type":"Article","@id":"https:\/\/blgnoticiassantodomingo.net\/index.php\/2026\/09\/02\/sns-y-srso-capacitan-sobre-nueva-plataforma-de-administracion-del-sistema-3-1-1\/#article","isPartOf":{"@id":"https:\/\/blgnoticiassantodomingo.net\/index.php\/2026\/09\/02\/sns-y-srso-capacitan-sobre-nueva-plataforma-de-administracion-del-sistema-3-1-1\/"},"author":{"name":"Brenda Guerrero","@id":"https:\/\/blgnoticiassantodomingo.net\/#\/schema\/person\/e2fc21cf88acc63dbd134be981bff374"},"headline":"SNS y SRSO capacitan sobre nueva plataforma de administraci\u00f3n del Sistema 3-1-1","datePublished":"2026-09-02T17:01:21+00:00","dateModified":"2026-09-02T17:01:27+00:00","mainEntityOfPage":{"@id":"https:\/\/blgnoticiassantodomingo.net\/index.php\/2026\/09\/02\/sns-y-srso-capacitan-sobre-nueva-plataforma-de-administracion-del-sistema-3-1-1\/"},"wordCount":582,"commentCount":0,"publisher":{"@id":"https:\/\/blgnoticiassantodomingo.net\/#organization"},"image":{"@id":"https:\/\/blgnoticiassantodomingo.net\/index.php\/2026\/09\/02\/sns-y-srso-capacitan-sobre-nueva-plataforma-de-administracion-del-sistema-3-1-1\/#primaryimage"},"thumbnailUrl":"https:\/\/blgnoticiassantodomingo.net\/wp-content\/uploads\/2026\/09\/WhatsApp-Image-2026-08-31-at-8.12.07-PM-1.jpeg","keywords":["Direcci\u00f3n de Inteligencia de Datos","El Servicio Nacional de Salud (SNS)","Ministerio de la Presidencia (MINPRE)","Sistema 3-1-1","SRSO"],"articleSection":["Salud"],"inLanguage":"es","potentialAction":[{"@type":"CommentAction","name":"Comment","target":["https:\/\/blgnoticiassantodomingo.net\/index.php\/2026\/09\/02\/sns-y-srso-capacitan-sobre-nueva-plataforma-de-administracion-del-sistema-3-1-1\/#respond"]}]},{"@type":"WebPage","@id":"https:\/\/blgnoticiassantodomingo.net\/index.php\/2026\/09\/02\/sns-y-srso-capacitan-sobre-nueva-plataforma-de-administracion-del-sistema-3-1-1\/","url":"https:\/\/blgnoticiassantodomingo.net\/index.php\/2026\/09\/02\/sns-y-srso-capacitan-sobre-nueva-plataforma-de-administracion-del-sistema-3-1-1\/","name":"SNS y SRSO capacitan sobre nueva plataforma de administraci\u00f3n del Sistema 3-1-1 - BLG Noticias","isPartOf":{"@id":"https:\/\/blgnoticiassantodomingo.net\/#website"},"primaryImageOfPage":{"@id":"https:\/\/blgnoticiassantodomingo.net\/index.php\/2026\/09\/02\/sns-y-srso-capacitan-sobre-nueva-plataforma-de-administracion-del-sistema-3-1-1\/#primaryimage"},"image":{"@id":"https:\/\/blgnoticiassantodomingo.net\/index.php\/2026\/09\/02\/sns-y-srso-capacitan-sobre-nueva-plataforma-de-administracion-del-sistema-3-1-1\/#primaryimage"},"thumbnailUrl":"https:\/\/blgnoticiassantodomingo.net\/wp-content\/uploads\/2026\/09\/WhatsApp-Image-2026-08-31-at-8.12.07-PM-1.jpeg","datePublished":"2026-09-02T17:01:21+00:00","dateModified":"2026-09-02T17:01:27+00:00","breadcrumb":{"@id":"https:\/\/blgnoticiassantodomingo.net\/index.php\/2026\/09\/02\/sns-y-srso-capacitan-sobre-nueva-plataforma-de-administracion-del-sistema-3-1-1\/#breadcrumb"},"inLanguage":"es","potentialAction":[{"@type":"ReadAction","target":["https:\/\/blgnoticiassantodomingo.net\/index.php\/2026\/09\/02\/sns-y-srso-capacitan-sobre-nueva-plataforma-de-administracion-del-sistema-3-1-1\/"]}]},{"@type":"ImageObject","inLanguage":"es","@id":"https:\/\/blgnoticiassantodomingo.net\/index.php\/2026\/09\/02\/sns-y-srso-capacitan-sobre-nueva-plataforma-de-administracion-del-sistema-3-1-1\/#primaryimage","url":"https:\/\/blgnoticiassantodomingo.net\/wp-content\/uploads\/2026\/09\/WhatsApp-Image-2026-08-31-at-8.12.07-PM-1.jpeg","contentUrl":"https:\/\/blgnoticiassantodomingo.net\/wp-content\/uploads\/2026\/09\/WhatsApp-Image-2026-08-31-at-8.12.07-PM-1.jpeg","width":1920,"height":1280},{"@type":"BreadcrumbList","@id":"https:\/\/blgnoticiassantodomingo.net\/index.php\/2026\/09\/02\/sns-y-srso-capacitan-sobre-nueva-plataforma-de-administracion-del-sistema-3-1-1\/#breadcrumb","itemListElement":[{"@type":"ListItem","position":1,"name":"Portada","item":"https:\/\/blgnoticiassantodomingo.net\/"},{"@type":"ListItem","position":2,"name":"SNS y SRSO capacitan sobre nueva plataforma de administraci\u00f3n del Sistema 3-1-1"}]},{"@type":"WebSite","@id":"https:\/\/blgnoticiassantodomingo.net\/#website","url":"https:\/\/blgnoticiassantodomingo.net\/","name":"BLG Noticias","description":"Esto es Noticias","publisher":{"@id":"https:\/\/blgnoticiassantodomingo.net\/#organization"},"potentialAction":[{"@type":"SearchAction","target":{"@type":"EntryPoint","urlTemplate":"https:\/\/blgnoticiassantodomingo.net\/?s={search_term_string}"},"query-input":{"@type":"PropertyValueSpecification","valueRequired":true,"valueName":"search_term_string"}}],"inLanguage":"es"},{"@type":"Organization","@id":"https:\/\/blgnoticiassantodomingo.net\/#organization","name":"BLG Noticias","url":"https:\/\/blgnoticiassantodomingo.net\/","logo":{"@type":"ImageObject","inLanguage":"es","@id":"https:\/\/blgnoticiassantodomingo.net\/#\/schema\/logo\/image\/","url":"https:\/\/blgnoticiassantodomingo.net\/wp-content\/uploads\/2023\/12\/Diseno-sin-titulo-3.jpg","contentUrl":"https:\/\/blgnoticiassantodomingo.net\/wp-content\/uploads\/2023\/12\/Diseno-sin-titulo-3.jpg","width":500,"height":500,"caption":"BLG Noticias"},"image":{"@id":"https:\/\/blgnoticiassantodomingo.net\/#\/schema\/logo\/image\/"},"sameAs":["https:\/\/web.facebook.com\/BlgNoticias\/?locale=es_LA&_rdc=1&_rdr","https:\/\/x.com\/BlgNoticias","https:\/\/www.linkedin.com\/in\/brenda-l-santana-aa846279\/"]},{"@type":"Person","@id":"https:\/\/blgnoticiassantodomingo.net\/#\/schema\/person\/e2fc21cf88acc63dbd134be981bff374","name":"Brenda Guerrero","image":{"@type":"ImageObject","inLanguage":"es","@id":"https:\/\/blgnoticiassantodomingo.net\/#\/schema\/person\/image\/","url":"https:\/\/secure.gravatar.com\/avatar\/2f7fc4c3e3655be1580cb684bfd8ab19be702ae20879da1e072021daa02f9b8b?s=96&d=wp_user_avatar&r=g","contentUrl":"https:\/\/secure.gravatar.com\/avatar\/2f7fc4c3e3655be1580cb684bfd8ab19be702ae20879da1e072021daa02f9b8b?s=96&d=wp_user_avatar&r=g","caption":"Brenda Guerrero"},"description":"Periodista","url":"https:\/\/blgnoticiassantodomingo.net\/index.php\/author\/brenda-guerrero\/"}]}},"jetpack_featured_media_url":"https:\/\/blgnoticiassantodomingo.net\/wp-content\/uploads\/2026\/09\/WhatsApp-Image-2026-08-31-at-8.12.07-PM-1.jpeg","_links":{"self":[{"href":"https:\/\/blgnoticiassantodomingo.net\/index.php\/wp-json\/wp\/v2\/posts\/52733","targetHints":{"allow":["GET"]}}],"collection":[{"href":"https:\/\/blgnoticiassantodomingo.net\/index.php\/wp-json\/wp\/v2\/posts"}],"about":[{"href":"https:\/\/blgnoticiassantodomingo.net\/index.php\/wp-json\/wp\/v2\/types\/post"}],"author":[{"embeddable":true,"href":"https:\/\/blgnoticiassantodomingo.net\/index.php\/wp-json\/wp\/v2\/users\/2"}],"replies":[{"embeddable":true,"href":"https:\/\/blgnoticiassantodomingo.net\/index.php\/wp-json\/wp\/v2\/comments?post=52733"}],"version-history":[{"count":1,"href":"https:\/\/blgnoticiassantodomingo.net\/index.php\/wp-json\/wp\/v2\/posts\/52733\/revisions"}],"predecessor-version":[{"id":52736,"href":"https:\/\/blgnoticiassantodomingo.net\/index.php\/wp-json\/wp\/v2\/posts\/52733\/revisions\/52736"}],"wp:featuredmedia":[{"embeddable":true,"href":"https:\/\/blgnoticiassantodomingo.net\/index.php\/wp-json\/wp\/v2\/media\/52734"}],"wp:attachment":[{"href":"https:\/\/blgnoticiassantodomingo.net\/index.php\/wp-json\/wp\/v2\/media?parent=52733"}],"wp:term":[{"taxonomy":"category","embeddable":true,"href":"https:\/\/blgnoticiassantodomingo.net\/index.php\/wp-json\/wp\/v2\/categories?post=52733"},{"taxonomy":"post_tag","embeddable":true,"href":"https:\/\/blgnoticiassantodomingo.net\/index.php\/wp-json\/wp\/v2\/tags?post=52733"}],"curies":[{"name":"wp","href":"https:\/\/api.w.org\/{rel}","templated":true}]}}