{"id":52707,"date":"2026-09-02T10:39:50","date_gmt":"2026-09-02T14:39:50","guid":{"rendered":"https:\/\/blgnoticiassantodomingo.net\/?p=52707"},"modified":"2026-09-02T10:39:56","modified_gmt":"2026-09-02T14:39:56","slug":"inicia-la-segunda-edicion-de-aventurate-rd-en-puerto-plata","status":"publish","type":"post","link":"https:\/\/blgnoticiassantodomingo.net\/index.php\/2026\/09\/02\/inicia-la-segunda-edicion-de-aventurate-rd-en-puerto-plata\/","title":{"rendered":"Inicia la segunda edici\u00f3n de Avent\u00farate RD en Puerto Plata"},"content":{"rendered":"\n<p class=\"wp-block-paragraph\"><strong><em>La feria re\u00fane a m\u00e1s de 300 compradores nacionales e internacionales<\/em><\/strong><\/p>\n\n\n\n<p class=\"wp-block-paragraph\">Puerto Plata, Rep\u00fablica Dominicana. \u2013 Con la participaci\u00f3n de 60 expositores y 300 agentes de viajes y turoperadores, se realiza la segunda edici\u00f3n de la feria Avent\u00farate RD, que busca la promoci\u00f3n y comercializaci\u00f3n de experiencias de aventura, naturaleza y cultura de Rep\u00fablica Dominicana.<\/p>\n\n\n\n<p class=\"wp-block-paragraph\">En el evento, que se desarrolla en la Novia del Atl\u00e1ntico, desde este lunes y se extender\u00e1 hasta este jueves, participan autoridades, representantes del sector tur\u00edstico, empresarios, expositores, agentes de viajes y turoperadores.<\/p>\n\n\n\n<p class=\"wp-block-paragraph\">Jakaira Cid, CEO de Manureva y de Avent\u00farate RD, inform\u00f3 que en el c\u00f3nclave participan agentes mayoristas y minoristas procedentes de m\u00e1s de 15 pa\u00edses.<\/p>\n\n\n\n<p class=\"wp-block-paragraph\">Se\u00f1al\u00f3 que este inter\u00e9s responde a la evoluci\u00f3n de un viajero que ya no se conforma con visitar un destino, sino que busca vivirlo a trav\u00e9s de su gente, su cultura y las historias que puede llevar consigo.<\/p>\n\n\n\n<figure class=\"wp-block-image size-large\"><img decoding=\"async\" width=\"1024\" height=\"683\" src=\"https:\/\/blgnoticiassantodomingo.net\/wp-content\/uploads\/2026\/09\/Ballet-MITUR-en-Aventurate-RD-1.jpg-1024x683.jpeg\" alt=\"\" class=\"wp-image-52709\" srcset=\"https:\/\/blgnoticiassantodomingo.net\/wp-content\/uploads\/2026\/09\/Ballet-MITUR-en-Aventurate-RD-1.jpg-1024x683.jpeg 1024w, https:\/\/blgnoticiassantodomingo.net\/wp-content\/uploads\/2026\/09\/Ballet-MITUR-en-Aventurate-RD-1.jpg-300x200.jpeg 300w, https:\/\/blgnoticiassantodomingo.net\/wp-content\/uploads\/2026\/09\/Ballet-MITUR-en-Aventurate-RD-1.jpg-768x512.jpeg 768w, https:\/\/blgnoticiassantodomingo.net\/wp-content\/uploads\/2026\/09\/Ballet-MITUR-en-Aventurate-RD-1.jpg-1536x1024.jpeg 1536w, https:\/\/blgnoticiassantodomingo.net\/wp-content\/uploads\/2026\/09\/Ballet-MITUR-en-Aventurate-RD-1.jpg-150x100.jpeg 150w, https:\/\/blgnoticiassantodomingo.net\/wp-content\/uploads\/2026\/09\/Ballet-MITUR-en-Aventurate-RD-1.jpg-324x216.jpeg 324w, https:\/\/blgnoticiassantodomingo.net\/wp-content\/uploads\/2026\/09\/Ballet-MITUR-en-Aventurate-RD-1.jpg-696x464.jpeg 696w, https:\/\/blgnoticiassantodomingo.net\/wp-content\/uploads\/2026\/09\/Ballet-MITUR-en-Aventurate-RD-1.jpg-1068x712.jpeg 1068w, https:\/\/blgnoticiassantodomingo.net\/wp-content\/uploads\/2026\/09\/Ballet-MITUR-en-Aventurate-RD-1.jpg.jpeg 1920w\" sizes=\"(max-width: 1024px) 100vw, 1024px\" \/><\/figure>\n\n\n\n<p class=\"wp-block-paragraph\">Expres\u00f3 que Avent\u00farate RD es una plataforma para promover un turismo sostenible, capaz de generar oportunidades, proteger los recursos y mostrar al mundo \u00abesa otra Rep\u00fablica Dominicana\u00bb, mediante experiencias vinculadas con la gastronom\u00eda, la naturaleza y otras ofertas.<\/p>\n\n\n\n<p class=\"wp-block-paragraph\">Cid sostuvo que la innovaci\u00f3n, la tecnolog\u00eda y la inteligencia artificial abren nuevas posibilidades para conectar mercados y personalizar la oferta, pero advirti\u00f3 que ese avance debe acompa\u00f1arse de la preservaci\u00f3n de la identidad de las comunidades.<\/p>\n\n\n\n<p class=\"wp-block-paragraph\">Yira Vermenthon, directora de Iniciativas Tur\u00edsticas del Ministerio de Turismo, reafirm\u00f3 el inter\u00e9s institucional en respaldar espacios que favorezcan la diversificaci\u00f3n del producto tur\u00edstico nacional y la integraci\u00f3n de propuestas de aventura, naturaleza, cultura y comunidad.<\/p>\n\n\n\n<pre class=\"wp-block-code\"><code>\u201cEsta feria da entrada a nuevos nichos de mercado, a personas que quieren ver que podemos ofrecerles a sus clientes que han visitado Republica Dominicana por sus playas y las experiencias que han tenido y desean volver a conocer m\u00e1s\u201d, expres\u00f3 la funcionaria.<\/code><\/pre>\n\n\n\n<p class=\"wp-block-paragraph\">Carlos Rodol\u00ed, representante de AERODOM, resalt\u00f3 la importancia de la conectividad a\u00e9rea para acercar a Puerto Plata y a la diversidad de experiencias dominicanas con los mercados emisores.<\/p>\n\n\n\n<figure class=\"wp-block-image size-large\"><img decoding=\"async\" width=\"1024\" height=\"683\" src=\"https:\/\/blgnoticiassantodomingo.net\/wp-content\/uploads\/2026\/09\/IMG_2854-Ronda-de-negocios.jpg-1024x683.jpeg\" alt=\"\" class=\"wp-image-52710\" srcset=\"https:\/\/blgnoticiassantodomingo.net\/wp-content\/uploads\/2026\/09\/IMG_2854-Ronda-de-negocios.jpg-1024x683.jpeg 1024w, https:\/\/blgnoticiassantodomingo.net\/wp-content\/uploads\/2026\/09\/IMG_2854-Ronda-de-negocios.jpg-300x200.jpeg 300w, https:\/\/blgnoticiassantodomingo.net\/wp-content\/uploads\/2026\/09\/IMG_2854-Ronda-de-negocios.jpg-768x512.jpeg 768w, https:\/\/blgnoticiassantodomingo.net\/wp-content\/uploads\/2026\/09\/IMG_2854-Ronda-de-negocios.jpg-1536x1024.jpeg 1536w, https:\/\/blgnoticiassantodomingo.net\/wp-content\/uploads\/2026\/09\/IMG_2854-Ronda-de-negocios.jpg-150x100.jpeg 150w, https:\/\/blgnoticiassantodomingo.net\/wp-content\/uploads\/2026\/09\/IMG_2854-Ronda-de-negocios.jpg-324x216.jpeg 324w, https:\/\/blgnoticiassantodomingo.net\/wp-content\/uploads\/2026\/09\/IMG_2854-Ronda-de-negocios.jpg-696x464.jpeg 696w, https:\/\/blgnoticiassantodomingo.net\/wp-content\/uploads\/2026\/09\/IMG_2854-Ronda-de-negocios.jpg-1068x712.jpeg 1068w, https:\/\/blgnoticiassantodomingo.net\/wp-content\/uploads\/2026\/09\/IMG_2854-Ronda-de-negocios.jpg.jpeg 1920w\" sizes=\"(max-width: 1024px) 100vw, 1024px\" \/><\/figure>\n\n\n\n<p class=\"wp-block-paragraph\">Dijo que los turistas visitan los destino y que el aeropuerto es la puerta de entrada, pero que las experiencias, la hospitalidad de su gente, la cultura, gastronom\u00eda, la riqueza natural de cada comunidad, son las que motivan al visitante a llegar, quedarse, regresar y recomendar.<\/p>\n\n\n\n<p class=\"wp-block-paragraph\">Ricardo Felip, en representaci\u00f3n de Coral Hospitality Corp., afirm\u00f3 que la incorporaci\u00f3n del Holiday Inn Puerto Plata a su portafolio expresa la confianza de la compa\u00f1\u00eda en el destino, en el crecimiento del turismo dominicano y en la capacidad del pa\u00eds para ampliar una oferta hotelera diversa y competitiva.<\/p>\n\n\n\n<p class=\"wp-block-paragraph\">Felip agreg\u00f3 que la gesti\u00f3n hotelera debe trascender el alojamiento y contribuir con la econom\u00eda del entorno, la creaci\u00f3n de experiencias y el desarrollo del talento local.<\/p>\n\n\n\n<p class=\"wp-block-paragraph\">Anthony Gonz\u00e1lez, vicepresidente del cl\u00faster tur\u00edstico de Puerto Plata, valor\u00f3 la celebraci\u00f3n de la feria en la provincia como una oportunidad para fortalecer la articulaci\u00f3n entre los actores locales y ampliar la comercializaci\u00f3n de la oferta complementaria del destino.<\/p>\n\n\n\n<p class=\"wp-block-paragraph\">\u201cEstamos trabajando por un turismo m\u00e1s diversificado e inclusivo y con mayores oportunidades, que nos permita ampliar nuestra oferta, incorporar nuevas experiencias y mostrar las distintas maneras en que se puede vivir en Puerto Plata\u201d, indic\u00f3.<\/p>\n","protected":false},"excerpt":{"rendered":"<p>La feria re\u00fane a m\u00e1s de 300 compradores nacionales e internacionales Puerto Plata, Rep\u00fablica Dominicana. \u2013 Con la participaci\u00f3n de 60 expositores y 300 agentes de viajes y turoperadores, se realiza la segunda edici\u00f3n de la feria Avent\u00farate RD, que busca la promoci\u00f3n y comercializaci\u00f3n de experiencias de aventura, naturaleza y cultura de Rep\u00fablica Dominicana. [&hellip;]<\/p>\n","protected":false},"author":2,"featured_media":52708,"comment_status":"open","ping_status":"open","sticky":false,"template":"","format":"standard","meta":{"footnotes":""},"categories":[220],"tags":[15796,15794,2698,15795,317],"class_list":["post-52707","post","type-post","status-publish","format-standard","has-post-thumbnail","category-nacionales","tag-anthony-gonzalez","tag-aventurate-rd","tag-ceo","tag-jakaira-cid","tag-puerto-plata"],"yoast_head":"<!-- This site is optimized with the Yoast SEO plugin v24.9 - https:\/\/yoast.com\/wordpress\/plugins\/seo\/ -->\n<title>Inicia la segunda edici\u00f3n de Avent\u00farate RD en Puerto Plata - BLG Noticias<\/title>\n<meta name=\"robots\" content=\"index, follow, max-snippet:-1, max-image-preview:large, max-video-preview:-1\" \/>\n<link rel=\"canonical\" href=\"https:\/\/blgnoticiassantodomingo.net\/index.php\/2026\/09\/02\/inicia-la-segunda-edicion-de-aventurate-rd-en-puerto-plata\/\" \/>\n<meta property=\"og:locale\" content=\"es_ES\" \/>\n<meta property=\"og:type\" content=\"article\" \/>\n<meta property=\"og:title\" content=\"Inicia la segunda edici\u00f3n de Avent\u00farate RD en Puerto Plata - BLG Noticias\" \/>\n<meta property=\"og:description\" content=\"La feria re\u00fane a m\u00e1s de 300 compradores nacionales e internacionales Puerto Plata, Rep\u00fablica Dominicana. \u2013 Con la participaci\u00f3n de 60 expositores y 300 agentes de viajes y turoperadores, se realiza la segunda edici\u00f3n de la feria Avent\u00farate RD, que busca la promoci\u00f3n y comercializaci\u00f3n de experiencias de aventura, naturaleza y cultura de Rep\u00fablica Dominicana. [&hellip;]\" \/>\n<meta property=\"og:url\" content=\"https:\/\/blgnoticiassantodomingo.net\/index.php\/2026\/09\/02\/inicia-la-segunda-edicion-de-aventurate-rd-en-puerto-plata\/\" \/>\n<meta property=\"og:site_name\" content=\"BLG Noticias\" \/>\n<meta property=\"article:publisher\" content=\"https:\/\/web.facebook.com\/BlgNoticias\/?locale=es_LA&amp;_rdc=1&amp;_rdr\" \/>\n<meta property=\"article:published_time\" content=\"2026-09-02T14:39:50+00:00\" \/>\n<meta property=\"article:modified_time\" content=\"2026-09-02T14:39:56+00:00\" \/>\n<meta property=\"og:image\" content=\"http:\/\/blgnoticiassantodomingo.net\/wp-content\/uploads\/2026\/09\/Inicio-Aventurate-RD-1.jpg.jpeg\" \/>\n\t<meta property=\"og:image:width\" content=\"1920\" \/>\n\t<meta property=\"og:image:height\" content=\"1280\" \/>\n\t<meta property=\"og:image:type\" content=\"image\/jpeg\" \/>\n<meta name=\"author\" content=\"Brenda Guerrero\" \/>\n<meta name=\"twitter:card\" content=\"summary_large_image\" \/>\n<meta name=\"twitter:creator\" content=\"@BlgNoticias\" \/>\n<meta name=\"twitter:site\" content=\"@BlgNoticias\" \/>\n<meta name=\"twitter:label1\" content=\"Escrito por\" \/>\n\t<meta name=\"twitter:data1\" content=\"Brenda Guerrero\" \/>\n\t<meta name=\"twitter:label2\" content=\"Tiempo de lectura\" \/>\n\t<meta name=\"twitter:data2\" content=\"3 minutos\" \/>\n<script type=\"application\/ld+json\" class=\"yoast-schema-graph\">{\"@context\":\"https:\/\/schema.org\",\"@graph\":[{\"@type\":\"Article\",\"@id\":\"https:\/\/blgnoticiassantodomingo.net\/index.php\/2026\/09\/02\/inicia-la-segunda-edicion-de-aventurate-rd-en-puerto-plata\/#article\",\"isPartOf\":{\"@id\":\"https:\/\/blgnoticiassantodomingo.net\/index.php\/2026\/09\/02\/inicia-la-segunda-edicion-de-aventurate-rd-en-puerto-plata\/\"},\"author\":{\"name\":\"Brenda Guerrero\",\"@id\":\"https:\/\/blgnoticiassantodomingo.net\/#\/schema\/person\/e2fc21cf88acc63dbd134be981bff374\"},\"headline\":\"Inicia la segunda edici\u00f3n de Avent\u00farate RD en Puerto Plata\",\"datePublished\":\"2026-09-02T14:39:50+00:00\",\"dateModified\":\"2026-09-02T14:39:56+00:00\",\"mainEntityOfPage\":{\"@id\":\"https:\/\/blgnoticiassantodomingo.net\/index.php\/2026\/09\/02\/inicia-la-segunda-edicion-de-aventurate-rd-en-puerto-plata\/\"},\"wordCount\":541,\"commentCount\":0,\"publisher\":{\"@id\":\"https:\/\/blgnoticiassantodomingo.net\/#organization\"},\"image\":{\"@id\":\"https:\/\/blgnoticiassantodomingo.net\/index.php\/2026\/09\/02\/inicia-la-segunda-edicion-de-aventurate-rd-en-puerto-plata\/#primaryimage\"},\"thumbnailUrl\":\"https:\/\/blgnoticiassantodomingo.net\/wp-content\/uploads\/2026\/09\/Inicio-Aventurate-RD-1.jpg.jpeg\",\"keywords\":[\"Anthony Gonz\u00e1lez\",\"Avent\u00farate RD\",\"CEO\",\"Jakaira Cid\",\"Puerto Plata\"],\"articleSection\":[\"Nacionales\"],\"inLanguage\":\"es\",\"potentialAction\":[{\"@type\":\"CommentAction\",\"name\":\"Comment\",\"target\":[\"https:\/\/blgnoticiassantodomingo.net\/index.php\/2026\/09\/02\/inicia-la-segunda-edicion-de-aventurate-rd-en-puerto-plata\/#respond\"]}]},{\"@type\":\"WebPage\",\"@id\":\"https:\/\/blgnoticiassantodomingo.net\/index.php\/2026\/09\/02\/inicia-la-segunda-edicion-de-aventurate-rd-en-puerto-plata\/\",\"url\":\"https:\/\/blgnoticiassantodomingo.net\/index.php\/2026\/09\/02\/inicia-la-segunda-edicion-de-aventurate-rd-en-puerto-plata\/\",\"name\":\"Inicia la segunda edici\u00f3n de Avent\u00farate RD en Puerto Plata - BLG Noticias\",\"isPartOf\":{\"@id\":\"https:\/\/blgnoticiassantodomingo.net\/#website\"},\"primaryImageOfPage\":{\"@id\":\"https:\/\/blgnoticiassantodomingo.net\/index.php\/2026\/09\/02\/inicia-la-segunda-edicion-de-aventurate-rd-en-puerto-plata\/#primaryimage\"},\"image\":{\"@id\":\"https:\/\/blgnoticiassantodomingo.net\/index.php\/2026\/09\/02\/inicia-la-segunda-edicion-de-aventurate-rd-en-puerto-plata\/#primaryimage\"},\"thumbnailUrl\":\"https:\/\/blgnoticiassantodomingo.net\/wp-content\/uploads\/2026\/09\/Inicio-Aventurate-RD-1.jpg.jpeg\",\"datePublished\":\"2026-09-02T14:39:50+00:00\",\"dateModified\":\"2026-09-02T14:39:56+00:00\",\"breadcrumb\":{\"@id\":\"https:\/\/blgnoticiassantodomingo.net\/index.php\/2026\/09\/02\/inicia-la-segunda-edicion-de-aventurate-rd-en-puerto-plata\/#breadcrumb\"},\"inLanguage\":\"es\",\"potentialAction\":[{\"@type\":\"ReadAction\",\"target\":[\"https:\/\/blgnoticiassantodomingo.net\/index.php\/2026\/09\/02\/inicia-la-segunda-edicion-de-aventurate-rd-en-puerto-plata\/\"]}]},{\"@type\":\"ImageObject\",\"inLanguage\":\"es\",\"@id\":\"https:\/\/blgnoticiassantodomingo.net\/index.php\/2026\/09\/02\/inicia-la-segunda-edicion-de-aventurate-rd-en-puerto-plata\/#primaryimage\",\"url\":\"https:\/\/blgnoticiassantodomingo.net\/wp-content\/uploads\/2026\/09\/Inicio-Aventurate-RD-1.jpg.jpeg\",\"contentUrl\":\"https:\/\/blgnoticiassantodomingo.net\/wp-content\/uploads\/2026\/09\/Inicio-Aventurate-RD-1.jpg.jpeg\",\"width\":1920,\"height\":1280},{\"@type\":\"BreadcrumbList\",\"@id\":\"https:\/\/blgnoticiassantodomingo.net\/index.php\/2026\/09\/02\/inicia-la-segunda-edicion-de-aventurate-rd-en-puerto-plata\/#breadcrumb\",\"itemListElement\":[{\"@type\":\"ListItem\",\"position\":1,\"name\":\"Portada\",\"item\":\"https:\/\/blgnoticiassantodomingo.net\/\"},{\"@type\":\"ListItem\",\"position\":2,\"name\":\"Inicia la segunda edici\u00f3n de Avent\u00farate RD en Puerto Plata\"}]},{\"@type\":\"WebSite\",\"@id\":\"https:\/\/blgnoticiassantodomingo.net\/#website\",\"url\":\"https:\/\/blgnoticiassantodomingo.net\/\",\"name\":\"BLG Noticias\",\"description\":\"Esto es Noticias\",\"publisher\":{\"@id\":\"https:\/\/blgnoticiassantodomingo.net\/#organization\"},\"potentialAction\":[{\"@type\":\"SearchAction\",\"target\":{\"@type\":\"EntryPoint\",\"urlTemplate\":\"https:\/\/blgnoticiassantodomingo.net\/?s={search_term_string}\"},\"query-input\":{\"@type\":\"PropertyValueSpecification\",\"valueRequired\":true,\"valueName\":\"search_term_string\"}}],\"inLanguage\":\"es\"},{\"@type\":\"Organization\",\"@id\":\"https:\/\/blgnoticiassantodomingo.net\/#organization\",\"name\":\"BLG Noticias\",\"url\":\"https:\/\/blgnoticiassantodomingo.net\/\",\"logo\":{\"@type\":\"ImageObject\",\"inLanguage\":\"es\",\"@id\":\"https:\/\/blgnoticiassantodomingo.net\/#\/schema\/logo\/image\/\",\"url\":\"https:\/\/blgnoticiassantodomingo.net\/wp-content\/uploads\/2023\/12\/Diseno-sin-titulo-3.jpg\",\"contentUrl\":\"https:\/\/blgnoticiassantodomingo.net\/wp-content\/uploads\/2023\/12\/Diseno-sin-titulo-3.jpg\",\"width\":500,\"height\":500,\"caption\":\"BLG Noticias\"},\"image\":{\"@id\":\"https:\/\/blgnoticiassantodomingo.net\/#\/schema\/logo\/image\/\"},\"sameAs\":[\"https:\/\/web.facebook.com\/BlgNoticias\/?locale=es_LA&_rdc=1&_rdr\",\"https:\/\/x.com\/BlgNoticias\",\"https:\/\/www.linkedin.com\/in\/brenda-l-santana-aa846279\/\"]},{\"@type\":\"Person\",\"@id\":\"https:\/\/blgnoticiassantodomingo.net\/#\/schema\/person\/e2fc21cf88acc63dbd134be981bff374\",\"name\":\"Brenda Guerrero\",\"image\":{\"@type\":\"ImageObject\",\"inLanguage\":\"es\",\"@id\":\"https:\/\/blgnoticiassantodomingo.net\/#\/schema\/person\/image\/\",\"url\":\"https:\/\/secure.gravatar.com\/avatar\/2f7fc4c3e3655be1580cb684bfd8ab19be702ae20879da1e072021daa02f9b8b?s=96&d=wp_user_avatar&r=g\",\"contentUrl\":\"https:\/\/secure.gravatar.com\/avatar\/2f7fc4c3e3655be1580cb684bfd8ab19be702ae20879da1e072021daa02f9b8b?s=96&d=wp_user_avatar&r=g\",\"caption\":\"Brenda Guerrero\"},\"description\":\"Periodista\",\"url\":\"https:\/\/blgnoticiassantodomingo.net\/index.php\/author\/brenda-guerrero\/\"}]}<\/script>\n<!-- \/ Yoast SEO plugin. -->","yoast_head_json":{"title":"Inicia la segunda edici\u00f3n de Avent\u00farate RD en Puerto Plata - BLG Noticias","robots":{"index":"index","follow":"follow","max-snippet":"max-snippet:-1","max-image-preview":"max-image-preview:large","max-video-preview":"max-video-preview:-1"},"canonical":"https:\/\/blgnoticiassantodomingo.net\/index.php\/2026\/09\/02\/inicia-la-segunda-edicion-de-aventurate-rd-en-puerto-plata\/","og_locale":"es_ES","og_type":"article","og_title":"Inicia la segunda edici\u00f3n de Avent\u00farate RD en Puerto Plata - BLG Noticias","og_description":"La feria re\u00fane a m\u00e1s de 300 compradores nacionales e internacionales Puerto Plata, Rep\u00fablica Dominicana. \u2013 Con la participaci\u00f3n de 60 expositores y 300 agentes de viajes y turoperadores, se realiza la segunda edici\u00f3n de la feria Avent\u00farate RD, que busca la promoci\u00f3n y comercializaci\u00f3n de experiencias de aventura, naturaleza y cultura de Rep\u00fablica Dominicana. [&hellip;]","og_url":"https:\/\/blgnoticiassantodomingo.net\/index.php\/2026\/09\/02\/inicia-la-segunda-edicion-de-aventurate-rd-en-puerto-plata\/","og_site_name":"BLG Noticias","article_publisher":"https:\/\/web.facebook.com\/BlgNoticias\/?locale=es_LA&_rdc=1&_rdr","article_published_time":"2026-09-02T14:39:50+00:00","article_modified_time":"2026-09-02T14:39:56+00:00","og_image":[{"width":1920,"height":1280,"url":"http:\/\/blgnoticiassantodomingo.net\/wp-content\/uploads\/2026\/09\/Inicio-Aventurate-RD-1.jpg.jpeg","type":"image\/jpeg"}],"author":"Brenda Guerrero","twitter_card":"summary_large_image","twitter_creator":"@BlgNoticias","twitter_site":"@BlgNoticias","twitter_misc":{"Escrito por":"Brenda Guerrero","Tiempo de lectura":"3 minutos"},"schema":{"@context":"https:\/\/schema.org","@graph":[{"@type":"Article","@id":"https:\/\/blgnoticiassantodomingo.net\/index.php\/2026\/09\/02\/inicia-la-segunda-edicion-de-aventurate-rd-en-puerto-plata\/#article","isPartOf":{"@id":"https:\/\/blgnoticiassantodomingo.net\/index.php\/2026\/09\/02\/inicia-la-segunda-edicion-de-aventurate-rd-en-puerto-plata\/"},"author":{"name":"Brenda Guerrero","@id":"https:\/\/blgnoticiassantodomingo.net\/#\/schema\/person\/e2fc21cf88acc63dbd134be981bff374"},"headline":"Inicia la segunda edici\u00f3n de Avent\u00farate RD en Puerto Plata","datePublished":"2026-09-02T14:39:50+00:00","dateModified":"2026-09-02T14:39:56+00:00","mainEntityOfPage":{"@id":"https:\/\/blgnoticiassantodomingo.net\/index.php\/2026\/09\/02\/inicia-la-segunda-edicion-de-aventurate-rd-en-puerto-plata\/"},"wordCount":541,"commentCount":0,"publisher":{"@id":"https:\/\/blgnoticiassantodomingo.net\/#organization"},"image":{"@id":"https:\/\/blgnoticiassantodomingo.net\/index.php\/2026\/09\/02\/inicia-la-segunda-edicion-de-aventurate-rd-en-puerto-plata\/#primaryimage"},"thumbnailUrl":"https:\/\/blgnoticiassantodomingo.net\/wp-content\/uploads\/2026\/09\/Inicio-Aventurate-RD-1.jpg.jpeg","keywords":["Anthony Gonz\u00e1lez","Avent\u00farate RD","CEO","Jakaira Cid","Puerto Plata"],"articleSection":["Nacionales"],"inLanguage":"es","potentialAction":[{"@type":"CommentAction","name":"Comment","target":["https:\/\/blgnoticiassantodomingo.net\/index.php\/2026\/09\/02\/inicia-la-segunda-edicion-de-aventurate-rd-en-puerto-plata\/#respond"]}]},{"@type":"WebPage","@id":"https:\/\/blgnoticiassantodomingo.net\/index.php\/2026\/09\/02\/inicia-la-segunda-edicion-de-aventurate-rd-en-puerto-plata\/","url":"https:\/\/blgnoticiassantodomingo.net\/index.php\/2026\/09\/02\/inicia-la-segunda-edicion-de-aventurate-rd-en-puerto-plata\/","name":"Inicia la segunda edici\u00f3n de Avent\u00farate RD en Puerto Plata - BLG Noticias","isPartOf":{"@id":"https:\/\/blgnoticiassantodomingo.net\/#website"},"primaryImageOfPage":{"@id":"https:\/\/blgnoticiassantodomingo.net\/index.php\/2026\/09\/02\/inicia-la-segunda-edicion-de-aventurate-rd-en-puerto-plata\/#primaryimage"},"image":{"@id":"https:\/\/blgnoticiassantodomingo.net\/index.php\/2026\/09\/02\/inicia-la-segunda-edicion-de-aventurate-rd-en-puerto-plata\/#primaryimage"},"thumbnailUrl":"https:\/\/blgnoticiassantodomingo.net\/wp-content\/uploads\/2026\/09\/Inicio-Aventurate-RD-1.jpg.jpeg","datePublished":"2026-09-02T14:39:50+00:00","dateModified":"2026-09-02T14:39:56+00:00","breadcrumb":{"@id":"https:\/\/blgnoticiassantodomingo.net\/index.php\/2026\/09\/02\/inicia-la-segunda-edicion-de-aventurate-rd-en-puerto-plata\/#breadcrumb"},"inLanguage":"es","potentialAction":[{"@type":"ReadAction","target":["https:\/\/blgnoticiassantodomingo.net\/index.php\/2026\/09\/02\/inicia-la-segunda-edicion-de-aventurate-rd-en-puerto-plata\/"]}]},{"@type":"ImageObject","inLanguage":"es","@id":"https:\/\/blgnoticiassantodomingo.net\/index.php\/2026\/09\/02\/inicia-la-segunda-edicion-de-aventurate-rd-en-puerto-plata\/#primaryimage","url":"https:\/\/blgnoticiassantodomingo.net\/wp-content\/uploads\/2026\/09\/Inicio-Aventurate-RD-1.jpg.jpeg","contentUrl":"https:\/\/blgnoticiassantodomingo.net\/wp-content\/uploads\/2026\/09\/Inicio-Aventurate-RD-1.jpg.jpeg","width":1920,"height":1280},{"@type":"BreadcrumbList","@id":"https:\/\/blgnoticiassantodomingo.net\/index.php\/2026\/09\/02\/inicia-la-segunda-edicion-de-aventurate-rd-en-puerto-plata\/#breadcrumb","itemListElement":[{"@type":"ListItem","position":1,"name":"Portada","item":"https:\/\/blgnoticiassantodomingo.net\/"},{"@type":"ListItem","position":2,"name":"Inicia la segunda edici\u00f3n de Avent\u00farate RD en Puerto Plata"}]},{"@type":"WebSite","@id":"https:\/\/blgnoticiassantodomingo.net\/#website","url":"https:\/\/blgnoticiassantodomingo.net\/","name":"BLG Noticias","description":"Esto es Noticias","publisher":{"@id":"https:\/\/blgnoticiassantodomingo.net\/#organization"},"potentialAction":[{"@type":"SearchAction","target":{"@type":"EntryPoint","urlTemplate":"https:\/\/blgnoticiassantodomingo.net\/?s={search_term_string}"},"query-input":{"@type":"PropertyValueSpecification","valueRequired":true,"valueName":"search_term_string"}}],"inLanguage":"es"},{"@type":"Organization","@id":"https:\/\/blgnoticiassantodomingo.net\/#organization","name":"BLG Noticias","url":"https:\/\/blgnoticiassantodomingo.net\/","logo":{"@type":"ImageObject","inLanguage":"es","@id":"https:\/\/blgnoticiassantodomingo.net\/#\/schema\/logo\/image\/","url":"https:\/\/blgnoticiassantodomingo.net\/wp-content\/uploads\/2023\/12\/Diseno-sin-titulo-3.jpg","contentUrl":"https:\/\/blgnoticiassantodomingo.net\/wp-content\/uploads\/2023\/12\/Diseno-sin-titulo-3.jpg","width":500,"height":500,"caption":"BLG Noticias"},"image":{"@id":"https:\/\/blgnoticiassantodomingo.net\/#\/schema\/logo\/image\/"},"sameAs":["https:\/\/web.facebook.com\/BlgNoticias\/?locale=es_LA&_rdc=1&_rdr","https:\/\/x.com\/BlgNoticias","https:\/\/www.linkedin.com\/in\/brenda-l-santana-aa846279\/"]},{"@type":"Person","@id":"https:\/\/blgnoticiassantodomingo.net\/#\/schema\/person\/e2fc21cf88acc63dbd134be981bff374","name":"Brenda Guerrero","image":{"@type":"ImageObject","inLanguage":"es","@id":"https:\/\/blgnoticiassantodomingo.net\/#\/schema\/person\/image\/","url":"https:\/\/secure.gravatar.com\/avatar\/2f7fc4c3e3655be1580cb684bfd8ab19be702ae20879da1e072021daa02f9b8b?s=96&d=wp_user_avatar&r=g","contentUrl":"https:\/\/secure.gravatar.com\/avatar\/2f7fc4c3e3655be1580cb684bfd8ab19be702ae20879da1e072021daa02f9b8b?s=96&d=wp_user_avatar&r=g","caption":"Brenda Guerrero"},"description":"Periodista","url":"https:\/\/blgnoticiassantodomingo.net\/index.php\/author\/brenda-guerrero\/"}]}},"jetpack_featured_media_url":"https:\/\/blgnoticiassantodomingo.net\/wp-content\/uploads\/2026\/09\/Inicio-Aventurate-RD-1.jpg.jpeg","_links":{"self":[{"href":"https:\/\/blgnoticiassantodomingo.net\/index.php\/wp-json\/wp\/v2\/posts\/52707","targetHints":{"allow":["GET"]}}],"collection":[{"href":"https:\/\/blgnoticiassantodomingo.net\/index.php\/wp-json\/wp\/v2\/posts"}],"about":[{"href":"https:\/\/blgnoticiassantodomingo.net\/index.php\/wp-json\/wp\/v2\/types\/post"}],"author":[{"embeddable":true,"href":"https:\/\/blgnoticiassantodomingo.net\/index.php\/wp-json\/wp\/v2\/users\/2"}],"replies":[{"embeddable":true,"href":"https:\/\/blgnoticiassantodomingo.net\/index.php\/wp-json\/wp\/v2\/comments?post=52707"}],"version-history":[{"count":1,"href":"https:\/\/blgnoticiassantodomingo.net\/index.php\/wp-json\/wp\/v2\/posts\/52707\/revisions"}],"predecessor-version":[{"id":52711,"href":"https:\/\/blgnoticiassantodomingo.net\/index.php\/wp-json\/wp\/v2\/posts\/52707\/revisions\/52711"}],"wp:featuredmedia":[{"embeddable":true,"href":"https:\/\/blgnoticiassantodomingo.net\/index.php\/wp-json\/wp\/v2\/media\/52708"}],"wp:attachment":[{"href":"https:\/\/blgnoticiassantodomingo.net\/index.php\/wp-json\/wp\/v2\/media?parent=52707"}],"wp:term":[{"taxonomy":"category","embeddable":true,"href":"https:\/\/blgnoticiassantodomingo.net\/index.php\/wp-json\/wp\/v2\/categories?post=52707"},{"taxonomy":"post_tag","embeddable":true,"href":"https:\/\/blgnoticiassantodomingo.net\/index.php\/wp-json\/wp\/v2\/tags?post=52707"}],"curies":[{"name":"wp","href":"https:\/\/api.w.org\/{rel}","templated":true}]}}