{"id":52703,"date":"2026-09-02T10:28:12","date_gmt":"2026-09-02T14:28:12","guid":{"rendered":"https:\/\/blgnoticiassantodomingo.net\/?p=52703"},"modified":"2026-09-02T10:28:17","modified_gmt":"2026-09-02T14:28:17","slug":"micm-proyecta-a-rd-como-socio-confiable-para-producir-e-invertir-en-las-americas","status":"publish","type":"post","link":"https:\/\/blgnoticiassantodomingo.net\/index.php\/2026\/09\/02\/micm-proyecta-a-rd-como-socio-confiable-para-producir-e-invertir-en-las-americas\/","title":{"rendered":"MICM proyecta a RD como socio confiable para producir e invertir en Las Am\u00e9ricas"},"content":{"rendered":"\n<p class=\"wp-block-paragraph\"><strong><em>Durante el 12\u00ba Congreso Mundial de la Alianza Empresarial para el Comercio Seguro Congreso Mundial (BASC), ante autoridades gubernamentales, organismos aduaneros, expertos internacionales y empresas vinculadas a la actividad log\u00edstica.<\/em><\/strong><\/p>\n\n\n\n<p class=\"wp-block-paragraph\">Miami, EE. UU. &#8211; El viceministro de Comercio Exterior, Daniel Pe\u00f1a, del Ministerio de Industria, Comercio y Mipymes (MICM), represent\u00f3 al ministro Yayo Sanz Lovat\u00f3n, como orador principal en el 12\u00ba Congreso Mundial de la Alianza Empresarial para el Comercio Seguro (BASC, por sus siglas en ingl\u00e9s): \u201cAsegurando el Comercio, Fortaleciendo la Confianza\u201d, a donde este fue invitado por los aportes que ha producido en materia de facilitaci\u00f3n y control del comercio desde que asumi\u00f3 la Direcci\u00f3n General de Aduanas en 2020 y que contin\u00faa desde el MICM.<\/p>\n\n\n\n<p class=\"wp-block-paragraph\">All\u00ed Pe\u00f1a revalid\u00f3 que la Rep\u00fablica Dominicana tiene ya las condiciones para consolidarse como una plataforma ideal para el encadenamiento productivo y un socio confiable en Las Am\u00e9ricas sobre la base de instituciones modernas, innovaci\u00f3n, productividad y confianza.<\/p>\n\n\n\n<p class=\"wp-block-paragraph\">El evento re\u00fane a autoridades gubernamentales, organismos aduaneros, expertos internacionales y empresas vinculadas a los distintos eslabones de la cadena de suministro.<\/p>\n\n\n\n<p class=\"wp-block-paragraph\">Desde el MICM, Sanz Lovat\u00f3n contin\u00faa haciendo aportes a la regulaci\u00f3n comercial e industrial del pa\u00eds, encabezando \u00f3rganos como el Consejo Nacional de Log\u00edstica, la Mesa de Il\u00edcitos y el Consejo Interministerial de Propiedad Intelectual (CIPI).<\/p>\n\n\n\n<p class=\"wp-block-paragraph\">Pe\u00f1a destac\u00f3 que el pa\u00eds cuenta con una infraestructura f\u00edsica amplia, desarrollada y ajustada a los requerimientos de una sociedad enfocada hacia el encadenamiento productivo y comercializaci\u00f3n de bienes y servicios.<\/p>\n\n\n\n<figure class=\"wp-block-image size-large\"><img decoding=\"async\" width=\"1024\" height=\"683\" src=\"https:\/\/blgnoticiassantodomingo.net\/wp-content\/uploads\/2026\/09\/WhatsApp-Image-2026-09-02-at-9.17.51-AM-1024x683.jpeg\" alt=\"\" class=\"wp-image-52705\" srcset=\"https:\/\/blgnoticiassantodomingo.net\/wp-content\/uploads\/2026\/09\/WhatsApp-Image-2026-09-02-at-9.17.51-AM-1024x683.jpeg 1024w, https:\/\/blgnoticiassantodomingo.net\/wp-content\/uploads\/2026\/09\/WhatsApp-Image-2026-09-02-at-9.17.51-AM-300x200.jpeg 300w, https:\/\/blgnoticiassantodomingo.net\/wp-content\/uploads\/2026\/09\/WhatsApp-Image-2026-09-02-at-9.17.51-AM-767x512.jpeg 767w, https:\/\/blgnoticiassantodomingo.net\/wp-content\/uploads\/2026\/09\/WhatsApp-Image-2026-09-02-at-9.17.51-AM-150x100.jpeg 150w, https:\/\/blgnoticiassantodomingo.net\/wp-content\/uploads\/2026\/09\/WhatsApp-Image-2026-09-02-at-9.17.51-AM-324x216.jpeg 324w, https:\/\/blgnoticiassantodomingo.net\/wp-content\/uploads\/2026\/09\/WhatsApp-Image-2026-09-02-at-9.17.51-AM-695x464.jpeg 695w, https:\/\/blgnoticiassantodomingo.net\/wp-content\/uploads\/2026\/09\/WhatsApp-Image-2026-09-02-at-9.17.51-AM-1067x712.jpeg 1067w, https:\/\/blgnoticiassantodomingo.net\/wp-content\/uploads\/2026\/09\/WhatsApp-Image-2026-09-02-at-9.17.51-AM.jpeg 1280w\" sizes=\"(max-width: 1024px) 100vw, 1024px\" \/><\/figure>\n\n\n\n<pre class=\"wp-block-code\"><code>\u201cLa Rep\u00fablica Dominicana es un punto de enlace comercial entre Europa, Norteam\u00e9rica y el resto de Latinoam\u00e9rica, con estabilidad social, pol\u00edtica y econ\u00f3mica, con talento humano disponible y con un s\u00f3lido marco legal y de incentivos para la inversi\u00f3n extranjera\u201d, a\u00f1adi\u00f3.<\/code><\/pre>\n\n\n\n<p class=\"wp-block-paragraph\">Cit\u00f3 que la inversi\u00f3n extranjera directa (IED) alcanz\u00f3 los US$3,276.5 millones al cierre del primer semestre de 2026, aumentando US$233.4 millones (7.7 %) en comparaci\u00f3n con el mismo periodo del a\u00f1o anterior, lo que refleja la confianza que el pa\u00eds sigue generando en los inversionistas.<\/p>\n\n\n\n<p class=\"wp-block-paragraph\">Bajo la visi\u00f3n estrat\u00e9gica del presidente Luis Abinader, se han establecido el Gabinete Presidencial para el Desarrollo de las Exportaciones, el Plan Nacional de Fomento a las Exportaciones y herramientas como la Estrategia Nacional de Exportaci\u00f3n de Servicios Modernos. En este contexto, las exportaciones dominicanas alcanzaron un r\u00e9cord de US$9,277.0 millones durante el per\u00edodo enero-julio de 2026, lo que representa un crecimiento interanual de 12.5% y consolida el desempe\u00f1o positivo del sector exportador nacional.<\/p>\n\n\n\n<p class=\"wp-block-paragraph\">Resalt\u00f3 que el MICM fortalece un comercio basado en reglas, mediante la Mesa de Coordinaci\u00f3n contra el Comercio Il\u00edcito y Competencia Desleal, mientras el Gobierno impulsa el Consejo Interministerial y la Estrategia Nacional de Propiedad Intelectual 2030, contribuyendo a un entorno m\u00e1s seguro para competir e invertir.<\/p>\n\n\n\n<p class=\"wp-block-paragraph\"><strong>Sobre el congreso<\/strong><\/p>\n\n\n\n<p class=\"wp-block-paragraph\">Este congreso lo organiza BASC y coincide con el 30 aniversario de esta instituci\u00f3n, la cual promueve un comercio seguro en cooperaci\u00f3n con gobiernos y organismos internacionales.<\/p>\n\n\n\n<p class=\"wp-block-paragraph\">La agenda aborda seguridad de carga, amenazas transnacionales, comercio il\u00edcito, propiedad intelectual, tecnolog\u00edas avanzadas, cooperaci\u00f3n p\u00fablico-privada, facilitaci\u00f3n del comercio, seguridad fronteriza e inteligencia artificial aplicada a las cadenas de suministro.<\/p>\n\n\n\n<p class=\"wp-block-paragraph\">Entre otros, en el evento participan Ian Saunders, secretario general de la Organizaci\u00f3n Mundial de Aduanas (OMA); Susan Thomas, comisionada ejecutiva adjunta de la Oficina de Comercio de Aduanas y Protecci\u00f3n Fronteriza de Estados Unidos (CBP); Erik Moncayo, presidente internacional de World BASC Organization; Shane Campbell, subdirector ejecutivo de Seguridad de Carga y Transporte de Aduanas y Protecci\u00f3n Fronteriza de Estados Unidos (CBP); Suzanne Lemaitre, directora ejecutiva de World BASC Organization; Adi Grimberg, presidente de BASC.<\/p>\n","protected":false},"excerpt":{"rendered":"<p>Durante el 12\u00ba Congreso Mundial de la Alianza Empresarial para el Comercio Seguro Congreso Mundial (BASC), ante autoridades gubernamentales, organismos aduaneros, expertos internacionales y empresas vinculadas a la actividad log\u00edstica. Miami, EE. UU. &#8211; El viceministro de Comercio Exterior, Daniel Pe\u00f1a, del Ministerio de Industria, Comercio y Mipymes (MICM), represent\u00f3 al ministro Yayo Sanz Lovat\u00f3n, [&hellip;]<\/p>\n","protected":false},"author":2,"featured_media":52704,"comment_status":"open","ping_status":"open","sticky":false,"template":"","format":"standard","meta":{"footnotes":""},"categories":[225],"tags":[],"class_list":["post-52703","post","type-post","status-publish","format-standard","has-post-thumbnail","category-economia"],"yoast_head":"<!-- This site is optimized with the Yoast SEO plugin v24.9 - https:\/\/yoast.com\/wordpress\/plugins\/seo\/ -->\n<title>MICM proyecta a RD como socio confiable para producir e invertir en Las Am\u00e9ricas - BLG Noticias<\/title>\n<meta name=\"robots\" content=\"index, follow, max-snippet:-1, max-image-preview:large, max-video-preview:-1\" \/>\n<link rel=\"canonical\" href=\"https:\/\/blgnoticiassantodomingo.net\/index.php\/2026\/09\/02\/micm-proyecta-a-rd-como-socio-confiable-para-producir-e-invertir-en-las-americas\/\" \/>\n<meta property=\"og:locale\" content=\"es_ES\" \/>\n<meta property=\"og:type\" content=\"article\" \/>\n<meta property=\"og:title\" content=\"MICM proyecta a RD como socio confiable para producir e invertir en Las Am\u00e9ricas - BLG Noticias\" \/>\n<meta property=\"og:description\" content=\"Durante el 12\u00ba Congreso Mundial de la Alianza Empresarial para el Comercio Seguro Congreso Mundial (BASC), ante autoridades gubernamentales, organismos aduaneros, expertos internacionales y empresas vinculadas a la actividad log\u00edstica. Miami, EE. UU. &#8211; El viceministro de Comercio Exterior, Daniel Pe\u00f1a, del Ministerio de Industria, Comercio y Mipymes (MICM), represent\u00f3 al ministro Yayo Sanz Lovat\u00f3n, [&hellip;]\" \/>\n<meta property=\"og:url\" content=\"https:\/\/blgnoticiassantodomingo.net\/index.php\/2026\/09\/02\/micm-proyecta-a-rd-como-socio-confiable-para-producir-e-invertir-en-las-americas\/\" \/>\n<meta property=\"og:site_name\" content=\"BLG Noticias\" \/>\n<meta property=\"article:publisher\" content=\"https:\/\/web.facebook.com\/BlgNoticias\/?locale=es_LA&amp;_rdc=1&amp;_rdr\" \/>\n<meta property=\"article:published_time\" content=\"2026-09-02T14:28:12+00:00\" \/>\n<meta property=\"article:modified_time\" content=\"2026-09-02T14:28:17+00:00\" \/>\n<meta property=\"og:image\" content=\"http:\/\/blgnoticiassantodomingo.net\/wp-content\/uploads\/2026\/09\/WhatsApp-Image-2026-09-02-at-9.17.43-AM.jpeg\" \/>\n\t<meta property=\"og:image:width\" content=\"1280\" \/>\n\t<meta property=\"og:image:height\" content=\"854\" \/>\n\t<meta property=\"og:image:type\" content=\"image\/jpeg\" \/>\n<meta name=\"author\" content=\"Brenda Guerrero\" \/>\n<meta name=\"twitter:card\" content=\"summary_large_image\" \/>\n<meta name=\"twitter:creator\" content=\"@BlgNoticias\" \/>\n<meta name=\"twitter:site\" content=\"@BlgNoticias\" \/>\n<meta name=\"twitter:label1\" content=\"Escrito por\" \/>\n\t<meta name=\"twitter:data1\" content=\"Brenda Guerrero\" \/>\n\t<meta name=\"twitter:label2\" content=\"Tiempo de lectura\" \/>\n\t<meta name=\"twitter:data2\" content=\"3 minutos\" \/>\n<script type=\"application\/ld+json\" class=\"yoast-schema-graph\">{\"@context\":\"https:\/\/schema.org\",\"@graph\":[{\"@type\":\"Article\",\"@id\":\"https:\/\/blgnoticiassantodomingo.net\/index.php\/2026\/09\/02\/micm-proyecta-a-rd-como-socio-confiable-para-producir-e-invertir-en-las-americas\/#article\",\"isPartOf\":{\"@id\":\"https:\/\/blgnoticiassantodomingo.net\/index.php\/2026\/09\/02\/micm-proyecta-a-rd-como-socio-confiable-para-producir-e-invertir-en-las-americas\/\"},\"author\":{\"name\":\"Brenda Guerrero\",\"@id\":\"https:\/\/blgnoticiassantodomingo.net\/#\/schema\/person\/e2fc21cf88acc63dbd134be981bff374\"},\"headline\":\"MICM proyecta a RD como socio confiable para producir e invertir en Las Am\u00e9ricas\",\"datePublished\":\"2026-09-02T14:28:12+00:00\",\"dateModified\":\"2026-09-02T14:28:17+00:00\",\"mainEntityOfPage\":{\"@id\":\"https:\/\/blgnoticiassantodomingo.net\/index.php\/2026\/09\/02\/micm-proyecta-a-rd-como-socio-confiable-para-producir-e-invertir-en-las-americas\/\"},\"wordCount\":597,\"commentCount\":0,\"publisher\":{\"@id\":\"https:\/\/blgnoticiassantodomingo.net\/#organization\"},\"image\":{\"@id\":\"https:\/\/blgnoticiassantodomingo.net\/index.php\/2026\/09\/02\/micm-proyecta-a-rd-como-socio-confiable-para-producir-e-invertir-en-las-americas\/#primaryimage\"},\"thumbnailUrl\":\"https:\/\/blgnoticiassantodomingo.net\/wp-content\/uploads\/2026\/09\/WhatsApp-Image-2026-09-02-at-9.17.43-AM.jpeg\",\"articleSection\":[\"Economia\"],\"inLanguage\":\"es\",\"potentialAction\":[{\"@type\":\"CommentAction\",\"name\":\"Comment\",\"target\":[\"https:\/\/blgnoticiassantodomingo.net\/index.php\/2026\/09\/02\/micm-proyecta-a-rd-como-socio-confiable-para-producir-e-invertir-en-las-americas\/#respond\"]}]},{\"@type\":\"WebPage\",\"@id\":\"https:\/\/blgnoticiassantodomingo.net\/index.php\/2026\/09\/02\/micm-proyecta-a-rd-como-socio-confiable-para-producir-e-invertir-en-las-americas\/\",\"url\":\"https:\/\/blgnoticiassantodomingo.net\/index.php\/2026\/09\/02\/micm-proyecta-a-rd-como-socio-confiable-para-producir-e-invertir-en-las-americas\/\",\"name\":\"MICM proyecta a RD como socio confiable para producir e invertir en Las Am\u00e9ricas - BLG Noticias\",\"isPartOf\":{\"@id\":\"https:\/\/blgnoticiassantodomingo.net\/#website\"},\"primaryImageOfPage\":{\"@id\":\"https:\/\/blgnoticiassantodomingo.net\/index.php\/2026\/09\/02\/micm-proyecta-a-rd-como-socio-confiable-para-producir-e-invertir-en-las-americas\/#primaryimage\"},\"image\":{\"@id\":\"https:\/\/blgnoticiassantodomingo.net\/index.php\/2026\/09\/02\/micm-proyecta-a-rd-como-socio-confiable-para-producir-e-invertir-en-las-americas\/#primaryimage\"},\"thumbnailUrl\":\"https:\/\/blgnoticiassantodomingo.net\/wp-content\/uploads\/2026\/09\/WhatsApp-Image-2026-09-02-at-9.17.43-AM.jpeg\",\"datePublished\":\"2026-09-02T14:28:12+00:00\",\"dateModified\":\"2026-09-02T14:28:17+00:00\",\"breadcrumb\":{\"@id\":\"https:\/\/blgnoticiassantodomingo.net\/index.php\/2026\/09\/02\/micm-proyecta-a-rd-como-socio-confiable-para-producir-e-invertir-en-las-americas\/#breadcrumb\"},\"inLanguage\":\"es\",\"potentialAction\":[{\"@type\":\"ReadAction\",\"target\":[\"https:\/\/blgnoticiassantodomingo.net\/index.php\/2026\/09\/02\/micm-proyecta-a-rd-como-socio-confiable-para-producir-e-invertir-en-las-americas\/\"]}]},{\"@type\":\"ImageObject\",\"inLanguage\":\"es\",\"@id\":\"https:\/\/blgnoticiassantodomingo.net\/index.php\/2026\/09\/02\/micm-proyecta-a-rd-como-socio-confiable-para-producir-e-invertir-en-las-americas\/#primaryimage\",\"url\":\"https:\/\/blgnoticiassantodomingo.net\/wp-content\/uploads\/2026\/09\/WhatsApp-Image-2026-09-02-at-9.17.43-AM.jpeg\",\"contentUrl\":\"https:\/\/blgnoticiassantodomingo.net\/wp-content\/uploads\/2026\/09\/WhatsApp-Image-2026-09-02-at-9.17.43-AM.jpeg\",\"width\":1280,\"height\":854},{\"@type\":\"BreadcrumbList\",\"@id\":\"https:\/\/blgnoticiassantodomingo.net\/index.php\/2026\/09\/02\/micm-proyecta-a-rd-como-socio-confiable-para-producir-e-invertir-en-las-americas\/#breadcrumb\",\"itemListElement\":[{\"@type\":\"ListItem\",\"position\":1,\"name\":\"Portada\",\"item\":\"https:\/\/blgnoticiassantodomingo.net\/\"},{\"@type\":\"ListItem\",\"position\":2,\"name\":\"MICM proyecta a RD como socio confiable para producir e invertir en Las Am\u00e9ricas\"}]},{\"@type\":\"WebSite\",\"@id\":\"https:\/\/blgnoticiassantodomingo.net\/#website\",\"url\":\"https:\/\/blgnoticiassantodomingo.net\/\",\"name\":\"BLG Noticias\",\"description\":\"Esto es Noticias\",\"publisher\":{\"@id\":\"https:\/\/blgnoticiassantodomingo.net\/#organization\"},\"potentialAction\":[{\"@type\":\"SearchAction\",\"target\":{\"@type\":\"EntryPoint\",\"urlTemplate\":\"https:\/\/blgnoticiassantodomingo.net\/?s={search_term_string}\"},\"query-input\":{\"@type\":\"PropertyValueSpecification\",\"valueRequired\":true,\"valueName\":\"search_term_string\"}}],\"inLanguage\":\"es\"},{\"@type\":\"Organization\",\"@id\":\"https:\/\/blgnoticiassantodomingo.net\/#organization\",\"name\":\"BLG Noticias\",\"url\":\"https:\/\/blgnoticiassantodomingo.net\/\",\"logo\":{\"@type\":\"ImageObject\",\"inLanguage\":\"es\",\"@id\":\"https:\/\/blgnoticiassantodomingo.net\/#\/schema\/logo\/image\/\",\"url\":\"https:\/\/blgnoticiassantodomingo.net\/wp-content\/uploads\/2023\/12\/Diseno-sin-titulo-3.jpg\",\"contentUrl\":\"https:\/\/blgnoticiassantodomingo.net\/wp-content\/uploads\/2023\/12\/Diseno-sin-titulo-3.jpg\",\"width\":500,\"height\":500,\"caption\":\"BLG Noticias\"},\"image\":{\"@id\":\"https:\/\/blgnoticiassantodomingo.net\/#\/schema\/logo\/image\/\"},\"sameAs\":[\"https:\/\/web.facebook.com\/BlgNoticias\/?locale=es_LA&_rdc=1&_rdr\",\"https:\/\/x.com\/BlgNoticias\",\"https:\/\/www.linkedin.com\/in\/brenda-l-santana-aa846279\/\"]},{\"@type\":\"Person\",\"@id\":\"https:\/\/blgnoticiassantodomingo.net\/#\/schema\/person\/e2fc21cf88acc63dbd134be981bff374\",\"name\":\"Brenda Guerrero\",\"image\":{\"@type\":\"ImageObject\",\"inLanguage\":\"es\",\"@id\":\"https:\/\/blgnoticiassantodomingo.net\/#\/schema\/person\/image\/\",\"url\":\"https:\/\/secure.gravatar.com\/avatar\/2f7fc4c3e3655be1580cb684bfd8ab19be702ae20879da1e072021daa02f9b8b?s=96&d=wp_user_avatar&r=g\",\"contentUrl\":\"https:\/\/secure.gravatar.com\/avatar\/2f7fc4c3e3655be1580cb684bfd8ab19be702ae20879da1e072021daa02f9b8b?s=96&d=wp_user_avatar&r=g\",\"caption\":\"Brenda Guerrero\"},\"description\":\"Periodista\",\"url\":\"https:\/\/blgnoticiassantodomingo.net\/index.php\/author\/brenda-guerrero\/\"}]}<\/script>\n<!-- \/ Yoast SEO plugin. -->","yoast_head_json":{"title":"MICM proyecta a RD como socio confiable para producir e invertir en Las Am\u00e9ricas - BLG Noticias","robots":{"index":"index","follow":"follow","max-snippet":"max-snippet:-1","max-image-preview":"max-image-preview:large","max-video-preview":"max-video-preview:-1"},"canonical":"https:\/\/blgnoticiassantodomingo.net\/index.php\/2026\/09\/02\/micm-proyecta-a-rd-como-socio-confiable-para-producir-e-invertir-en-las-americas\/","og_locale":"es_ES","og_type":"article","og_title":"MICM proyecta a RD como socio confiable para producir e invertir en Las Am\u00e9ricas - BLG Noticias","og_description":"Durante el 12\u00ba Congreso Mundial de la Alianza Empresarial para el Comercio Seguro Congreso Mundial (BASC), ante autoridades gubernamentales, organismos aduaneros, expertos internacionales y empresas vinculadas a la actividad log\u00edstica. Miami, EE. UU. &#8211; El viceministro de Comercio Exterior, Daniel Pe\u00f1a, del Ministerio de Industria, Comercio y Mipymes (MICM), represent\u00f3 al ministro Yayo Sanz Lovat\u00f3n, [&hellip;]","og_url":"https:\/\/blgnoticiassantodomingo.net\/index.php\/2026\/09\/02\/micm-proyecta-a-rd-como-socio-confiable-para-producir-e-invertir-en-las-americas\/","og_site_name":"BLG Noticias","article_publisher":"https:\/\/web.facebook.com\/BlgNoticias\/?locale=es_LA&_rdc=1&_rdr","article_published_time":"2026-09-02T14:28:12+00:00","article_modified_time":"2026-09-02T14:28:17+00:00","og_image":[{"width":1280,"height":854,"url":"http:\/\/blgnoticiassantodomingo.net\/wp-content\/uploads\/2026\/09\/WhatsApp-Image-2026-09-02-at-9.17.43-AM.jpeg","type":"image\/jpeg"}],"author":"Brenda Guerrero","twitter_card":"summary_large_image","twitter_creator":"@BlgNoticias","twitter_site":"@BlgNoticias","twitter_misc":{"Escrito por":"Brenda Guerrero","Tiempo de lectura":"3 minutos"},"schema":{"@context":"https:\/\/schema.org","@graph":[{"@type":"Article","@id":"https:\/\/blgnoticiassantodomingo.net\/index.php\/2026\/09\/02\/micm-proyecta-a-rd-como-socio-confiable-para-producir-e-invertir-en-las-americas\/#article","isPartOf":{"@id":"https:\/\/blgnoticiassantodomingo.net\/index.php\/2026\/09\/02\/micm-proyecta-a-rd-como-socio-confiable-para-producir-e-invertir-en-las-americas\/"},"author":{"name":"Brenda Guerrero","@id":"https:\/\/blgnoticiassantodomingo.net\/#\/schema\/person\/e2fc21cf88acc63dbd134be981bff374"},"headline":"MICM proyecta a RD como socio confiable para producir e invertir en Las Am\u00e9ricas","datePublished":"2026-09-02T14:28:12+00:00","dateModified":"2026-09-02T14:28:17+00:00","mainEntityOfPage":{"@id":"https:\/\/blgnoticiassantodomingo.net\/index.php\/2026\/09\/02\/micm-proyecta-a-rd-como-socio-confiable-para-producir-e-invertir-en-las-americas\/"},"wordCount":597,"commentCount":0,"publisher":{"@id":"https:\/\/blgnoticiassantodomingo.net\/#organization"},"image":{"@id":"https:\/\/blgnoticiassantodomingo.net\/index.php\/2026\/09\/02\/micm-proyecta-a-rd-como-socio-confiable-para-producir-e-invertir-en-las-americas\/#primaryimage"},"thumbnailUrl":"https:\/\/blgnoticiassantodomingo.net\/wp-content\/uploads\/2026\/09\/WhatsApp-Image-2026-09-02-at-9.17.43-AM.jpeg","articleSection":["Economia"],"inLanguage":"es","potentialAction":[{"@type":"CommentAction","name":"Comment","target":["https:\/\/blgnoticiassantodomingo.net\/index.php\/2026\/09\/02\/micm-proyecta-a-rd-como-socio-confiable-para-producir-e-invertir-en-las-americas\/#respond"]}]},{"@type":"WebPage","@id":"https:\/\/blgnoticiassantodomingo.net\/index.php\/2026\/09\/02\/micm-proyecta-a-rd-como-socio-confiable-para-producir-e-invertir-en-las-americas\/","url":"https:\/\/blgnoticiassantodomingo.net\/index.php\/2026\/09\/02\/micm-proyecta-a-rd-como-socio-confiable-para-producir-e-invertir-en-las-americas\/","name":"MICM proyecta a RD como socio confiable para producir e invertir en Las Am\u00e9ricas - BLG Noticias","isPartOf":{"@id":"https:\/\/blgnoticiassantodomingo.net\/#website"},"primaryImageOfPage":{"@id":"https:\/\/blgnoticiassantodomingo.net\/index.php\/2026\/09\/02\/micm-proyecta-a-rd-como-socio-confiable-para-producir-e-invertir-en-las-americas\/#primaryimage"},"image":{"@id":"https:\/\/blgnoticiassantodomingo.net\/index.php\/2026\/09\/02\/micm-proyecta-a-rd-como-socio-confiable-para-producir-e-invertir-en-las-americas\/#primaryimage"},"thumbnailUrl":"https:\/\/blgnoticiassantodomingo.net\/wp-content\/uploads\/2026\/09\/WhatsApp-Image-2026-09-02-at-9.17.43-AM.jpeg","datePublished":"2026-09-02T14:28:12+00:00","dateModified":"2026-09-02T14:28:17+00:00","breadcrumb":{"@id":"https:\/\/blgnoticiassantodomingo.net\/index.php\/2026\/09\/02\/micm-proyecta-a-rd-como-socio-confiable-para-producir-e-invertir-en-las-americas\/#breadcrumb"},"inLanguage":"es","potentialAction":[{"@type":"ReadAction","target":["https:\/\/blgnoticiassantodomingo.net\/index.php\/2026\/09\/02\/micm-proyecta-a-rd-como-socio-confiable-para-producir-e-invertir-en-las-americas\/"]}]},{"@type":"ImageObject","inLanguage":"es","@id":"https:\/\/blgnoticiassantodomingo.net\/index.php\/2026\/09\/02\/micm-proyecta-a-rd-como-socio-confiable-para-producir-e-invertir-en-las-americas\/#primaryimage","url":"https:\/\/blgnoticiassantodomingo.net\/wp-content\/uploads\/2026\/09\/WhatsApp-Image-2026-09-02-at-9.17.43-AM.jpeg","contentUrl":"https:\/\/blgnoticiassantodomingo.net\/wp-content\/uploads\/2026\/09\/WhatsApp-Image-2026-09-02-at-9.17.43-AM.jpeg","width":1280,"height":854},{"@type":"BreadcrumbList","@id":"https:\/\/blgnoticiassantodomingo.net\/index.php\/2026\/09\/02\/micm-proyecta-a-rd-como-socio-confiable-para-producir-e-invertir-en-las-americas\/#breadcrumb","itemListElement":[{"@type":"ListItem","position":1,"name":"Portada","item":"https:\/\/blgnoticiassantodomingo.net\/"},{"@type":"ListItem","position":2,"name":"MICM proyecta a RD como socio confiable para producir e invertir en Las Am\u00e9ricas"}]},{"@type":"WebSite","@id":"https:\/\/blgnoticiassantodomingo.net\/#website","url":"https:\/\/blgnoticiassantodomingo.net\/","name":"BLG Noticias","description":"Esto es Noticias","publisher":{"@id":"https:\/\/blgnoticiassantodomingo.net\/#organization"},"potentialAction":[{"@type":"SearchAction","target":{"@type":"EntryPoint","urlTemplate":"https:\/\/blgnoticiassantodomingo.net\/?s={search_term_string}"},"query-input":{"@type":"PropertyValueSpecification","valueRequired":true,"valueName":"search_term_string"}}],"inLanguage":"es"},{"@type":"Organization","@id":"https:\/\/blgnoticiassantodomingo.net\/#organization","name":"BLG Noticias","url":"https:\/\/blgnoticiassantodomingo.net\/","logo":{"@type":"ImageObject","inLanguage":"es","@id":"https:\/\/blgnoticiassantodomingo.net\/#\/schema\/logo\/image\/","url":"https:\/\/blgnoticiassantodomingo.net\/wp-content\/uploads\/2023\/12\/Diseno-sin-titulo-3.jpg","contentUrl":"https:\/\/blgnoticiassantodomingo.net\/wp-content\/uploads\/2023\/12\/Diseno-sin-titulo-3.jpg","width":500,"height":500,"caption":"BLG Noticias"},"image":{"@id":"https:\/\/blgnoticiassantodomingo.net\/#\/schema\/logo\/image\/"},"sameAs":["https:\/\/web.facebook.com\/BlgNoticias\/?locale=es_LA&_rdc=1&_rdr","https:\/\/x.com\/BlgNoticias","https:\/\/www.linkedin.com\/in\/brenda-l-santana-aa846279\/"]},{"@type":"Person","@id":"https:\/\/blgnoticiassantodomingo.net\/#\/schema\/person\/e2fc21cf88acc63dbd134be981bff374","name":"Brenda Guerrero","image":{"@type":"ImageObject","inLanguage":"es","@id":"https:\/\/blgnoticiassantodomingo.net\/#\/schema\/person\/image\/","url":"https:\/\/secure.gravatar.com\/avatar\/2f7fc4c3e3655be1580cb684bfd8ab19be702ae20879da1e072021daa02f9b8b?s=96&d=wp_user_avatar&r=g","contentUrl":"https:\/\/secure.gravatar.com\/avatar\/2f7fc4c3e3655be1580cb684bfd8ab19be702ae20879da1e072021daa02f9b8b?s=96&d=wp_user_avatar&r=g","caption":"Brenda Guerrero"},"description":"Periodista","url":"https:\/\/blgnoticiassantodomingo.net\/index.php\/author\/brenda-guerrero\/"}]}},"jetpack_featured_media_url":"https:\/\/blgnoticiassantodomingo.net\/wp-content\/uploads\/2026\/09\/WhatsApp-Image-2026-09-02-at-9.17.43-AM.jpeg","_links":{"self":[{"href":"https:\/\/blgnoticiassantodomingo.net\/index.php\/wp-json\/wp\/v2\/posts\/52703","targetHints":{"allow":["GET"]}}],"collection":[{"href":"https:\/\/blgnoticiassantodomingo.net\/index.php\/wp-json\/wp\/v2\/posts"}],"about":[{"href":"https:\/\/blgnoticiassantodomingo.net\/index.php\/wp-json\/wp\/v2\/types\/post"}],"author":[{"embeddable":true,"href":"https:\/\/blgnoticiassantodomingo.net\/index.php\/wp-json\/wp\/v2\/users\/2"}],"replies":[{"embeddable":true,"href":"https:\/\/blgnoticiassantodomingo.net\/index.php\/wp-json\/wp\/v2\/comments?post=52703"}],"version-history":[{"count":1,"href":"https:\/\/blgnoticiassantodomingo.net\/index.php\/wp-json\/wp\/v2\/posts\/52703\/revisions"}],"predecessor-version":[{"id":52706,"href":"https:\/\/blgnoticiassantodomingo.net\/index.php\/wp-json\/wp\/v2\/posts\/52703\/revisions\/52706"}],"wp:featuredmedia":[{"embeddable":true,"href":"https:\/\/blgnoticiassantodomingo.net\/index.php\/wp-json\/wp\/v2\/media\/52704"}],"wp:attachment":[{"href":"https:\/\/blgnoticiassantodomingo.net\/index.php\/wp-json\/wp\/v2\/media?parent=52703"}],"wp:term":[{"taxonomy":"category","embeddable":true,"href":"https:\/\/blgnoticiassantodomingo.net\/index.php\/wp-json\/wp\/v2\/categories?post=52703"},{"taxonomy":"post_tag","embeddable":true,"href":"https:\/\/blgnoticiassantodomingo.net\/index.php\/wp-json\/wp\/v2\/tags?post=52703"}],"curies":[{"name":"wp","href":"https:\/\/api.w.org\/{rel}","templated":true}]}}