{"id":52699,"date":"2026-09-02T08:07:21","date_gmt":"2026-09-02T12:07:21","guid":{"rendered":"https:\/\/blgnoticiassantodomingo.net\/?p=52699"},"modified":"2026-09-02T08:07:26","modified_gmt":"2026-09-02T12:07:26","slug":"infotep-y-promiches-acuerdan-formar-talento-humano-para-impulsar-desarrollo-turistico-de-miches","status":"publish","type":"post","link":"https:\/\/blgnoticiassantodomingo.net\/index.php\/2026\/09\/02\/infotep-y-promiches-acuerdan-formar-talento-humano-para-impulsar-desarrollo-turistico-de-miches\/","title":{"rendered":"INFOTEP y PROMICHES acuerdan formar talento humano para impulsar desarrollo tur\u00edstico de Miches"},"content":{"rendered":"\n<p class=\"wp-block-paragraph\"><strong><em> Ambas instituciones desarrollar\u00e1n programas de formaci\u00f3n en hoteler\u00eda, gastronom\u00eda, electricidad, refrigeraci\u00f3n, mec\u00e1nica automotriz, mantenimiento, emprendimiento y \u00e1reas vinculadas a la industria 4.0<\/em><\/strong><\/p>\n\n\n\n<p class=\"wp-block-paragraph\">SANTO DOMINGO, RD. -El Instituto Nacional de Formaci\u00f3n T\u00e9cnico Profesional (INFOTEP) y la Asociaci\u00f3n de Hoteles y Turismo El Seibo-Miches (PROMICHES) suscribieron un Acuerdo Marco de Cooperaci\u00f3n Interinstitucional para fortalecer la formaci\u00f3n t\u00e9cnico profesional y la empleabilidad de los habitantes de Miches y otros municipios de la regi\u00f3n Este.<\/p>\n\n\n\n<p class=\"wp-block-paragraph\">La alianza establece las bases para desarrollar programas de formaci\u00f3n orientados a crear un banco de candidatos elegibles, debidamente capacitados para responder a las necesidades de personal de los hoteles que integran PROMICHES, en consonancia con el crecimiento que experimenta el destino tur\u00edstico.<\/p>\n\n\n\n<p class=\"wp-block-paragraph\">Durante el acto de firma, la directora general del INFOTEP, Maira Morla Pineda, destac\u00f3 que el acuerdo responde al compromiso de la instituci\u00f3n de vincular la formaci\u00f3n t\u00e9cnico profesional con las necesidades reales de los sectores productivos y con las transformaciones que experimentan los territorios.<\/p>\n\n\n\n<pre class=\"wp-block-code\"><code>\u201cEsta alianza permitir\u00e1 responder de manera oportuna y pertinente a las demandas del sector tur\u00edstico en Miches, as\u00ed como fortalecer el desarrollo de las provincias El Seibo y Hato Mayor\u201d, declar\u00f3 Morla.<\/code><\/pre>\n\n\n\n<p class=\"wp-block-paragraph\">Se\u00f1al\u00f3 que la iniciativa se inscribe en la visi\u00f3n del Gobierno del presidente Luis Abinader de consolidar a Miches como un polo tur\u00edstico con capacidad para generar empleos, atraer inversiones y ampliar las oportunidades de desarrollo para sus comunidades.<\/p>\n\n\n<div class=\"wp-block-image\">\n<figure class=\"aligncenter size-large\"><img decoding=\"async\" width=\"714\" height=\"1024\" src=\"https:\/\/blgnoticiassantodomingo.net\/wp-content\/uploads\/2026\/09\/WhatsApp-Image-2026-09-01-at-1.04.44-PM-714x1024.jpeg\" alt=\"\" class=\"wp-image-52701\" srcset=\"https:\/\/blgnoticiassantodomingo.net\/wp-content\/uploads\/2026\/09\/WhatsApp-Image-2026-09-01-at-1.04.44-PM-714x1024.jpeg 714w, https:\/\/blgnoticiassantodomingo.net\/wp-content\/uploads\/2026\/09\/WhatsApp-Image-2026-09-01-at-1.04.44-PM-209x300.jpeg 209w, https:\/\/blgnoticiassantodomingo.net\/wp-content\/uploads\/2026\/09\/WhatsApp-Image-2026-09-01-at-1.04.44-PM-767x1100.jpeg 767w, https:\/\/blgnoticiassantodomingo.net\/wp-content\/uploads\/2026\/09\/WhatsApp-Image-2026-09-01-at-1.04.44-PM-150x215.jpeg 150w, https:\/\/blgnoticiassantodomingo.net\/wp-content\/uploads\/2026\/09\/WhatsApp-Image-2026-09-01-at-1.04.44-PM-300x430.jpeg 300w, https:\/\/blgnoticiassantodomingo.net\/wp-content\/uploads\/2026\/09\/WhatsApp-Image-2026-09-01-at-1.04.44-PM-279x400.jpeg 279w, https:\/\/blgnoticiassantodomingo.net\/wp-content\/uploads\/2026\/09\/WhatsApp-Image-2026-09-01-at-1.04.44-PM-696x997.jpeg 696w, https:\/\/blgnoticiassantodomingo.net\/wp-content\/uploads\/2026\/09\/WhatsApp-Image-2026-09-01-at-1.04.44-PM.jpeg 893w\" sizes=\"(max-width: 714px) 100vw, 714px\" \/><\/figure>\n<\/div>\n\n\n<p class=\"wp-block-paragraph\">Mientras que el presidente de la Asociaci\u00f3n de Hoteles y Turismo El Seibo-Miches (PROMICHES), William Phelan, destac\u00f3 que el acuerdo con INFOTEP permitir\u00e1 vincular de manera m\u00e1s directa las necesidades de la industria tur\u00edstica con la formaci\u00f3n disponible en el territorio, mediante la identificaci\u00f3n de los perfiles y competencias que demanda el sector y la actualizaci\u00f3n de los programas formativos.<\/p>\n\n\n\n<pre class=\"wp-block-code\"><code>\u201cHoy, la actividad tur\u00edstica, hotelera e inmobiliaria de la zona representa una inversi\u00f3n superior a los 1,250 millones de d\u00f3lares, genera m\u00e1s de 6,000 empleos directos e indirectos y cuenta con unas 3,000 habitaciones hoteleras en operaci\u00f3n\u201d, resalt\u00f3 Phelan.<\/code><\/pre>\n\n\n\n<p class=\"wp-block-paragraph\">Se\u00f1al\u00f3 que esta articulaci\u00f3n contribuir\u00e1 a preparar el talento humano requerido por el crecimiento tur\u00edstico, hotelero e inmobiliario de Miches.<\/p>\n\n\n\n<p class=\"wp-block-paragraph\"><strong>Formaci\u00f3n vinculada al desarrollo de Miches<\/strong><\/p>\n\n\n\n<p class=\"wp-block-paragraph\">La oferta formativa incluir\u00e1 Hoteler\u00eda, Gastronom\u00eda, Electricidad, Refrigeraci\u00f3n, Mec\u00e1nica Automotriz, Mantenimiento, Emprendimiento y \u00e1reas vinculadas a la industria 4.0, adem\u00e1s de programas de actualizaci\u00f3n en idiomas, herramientas tecnol\u00f3gicas, gesti\u00f3n financiera, gerencia y liderazgo, calidad, redacci\u00f3n de informes t\u00e9cnicos, formulaci\u00f3n y evaluaci\u00f3n de proyectos y soluci\u00f3n de conflictos.<\/p>\n\n\n\n<p class=\"wp-block-paragraph\">La iniciativa busca que la expansi\u00f3n de la actividad tur\u00edstica en Miches est\u00e9 acompa\u00f1ada por una mayor disponibilidad de trabajadores formados en las competencias que demanda el sector, favoreciendo la incorporaci\u00f3n de residentes de la zona a las nuevas oportunidades laborales.<\/p>\n\n\n\n<p class=\"wp-block-paragraph\"><strong>Proyecci\u00f3n de una Escuela T\u00e9cnico Profesional<\/strong><\/p>\n\n\n\n<p class=\"wp-block-paragraph\">Durante la firma del acuerdo, las autoridades informaron que tambi\u00e9n eval\u00faan la implementaci\u00f3n y puesta en marcha de una Escuela T\u00e9cnico Profesional en Miches, iniciativa que permitir\u00eda ampliar de manera permanente la oferta formativa del INFOTEP en la zona y responder a las necesidades de talento humano que genera el crecimiento econ\u00f3mico y tur\u00edstico del municipio.<\/p>\n\n\n\n<p class=\"wp-block-paragraph\"><strong>Sobre PROMICHES<\/strong><\/p>\n\n\n\n<p class=\"wp-block-paragraph\">La Asociaci\u00f3n de Hoteles y Turismo El Seibo-Miches (PROMICHES) es una organizaci\u00f3n empresarial fundada en 2021 con el prop\u00f3sito de impulsar y posicionar a Miches como un destino tur\u00edstico sostenible de la Rep\u00fablica Dominicana.<\/p>\n\n\n\n<p class=\"wp-block-paragraph\">La entidad agrupa a empresas como Club Med Miches, Viva Miches by Wyndham, Zemi Miches Punta Cana, All Inclusive y Curio de Hilton, y Secrets y Dreams de Playa Esmeralda, que en conjunto representan unas 5,000 habitaciones.<\/p>\n","protected":false},"excerpt":{"rendered":"<p>Ambas instituciones desarrollar\u00e1n programas de formaci\u00f3n en hoteler\u00eda, gastronom\u00eda, electricidad, refrigeraci\u00f3n, mec\u00e1nica automotriz, mantenimiento, emprendimiento y \u00e1reas vinculadas a la industria 4.0 SANTO DOMINGO, RD. -El Instituto Nacional de Formaci\u00f3n T\u00e9cnico Profesional (INFOTEP) y la Asociaci\u00f3n de Hoteles y Turismo El Seibo-Miches (PROMICHES) suscribieron un Acuerdo Marco de Cooperaci\u00f3n Interinstitucional para fortalecer la formaci\u00f3n t\u00e9cnico [&hellip;]<\/p>\n","protected":false},"author":2,"featured_media":52700,"comment_status":"open","ping_status":"open","sticky":false,"template":"","format":"standard","meta":{"footnotes":""},"categories":[220],"tags":[15760,15759,646,15005,9306,15758],"class_list":["post-52699","post","type-post","status-publish","format-standard","has-post-thumbnail","category-nacionales","tag-asociacion-de-hoteles-y-turismo-el-seibo-miches-promiches","tag-desarrollo-turistico","tag-infotep","tag-maira-morla-pineda","tag-miches","tag-promiches"],"yoast_head":"<!-- This site is optimized with the Yoast SEO plugin v24.9 - https:\/\/yoast.com\/wordpress\/plugins\/seo\/ -->\n<title>INFOTEP y PROMICHES acuerdan formar talento humano para impulsar desarrollo tur\u00edstico de Miches - BLG Noticias<\/title>\n<meta name=\"robots\" content=\"index, follow, max-snippet:-1, max-image-preview:large, max-video-preview:-1\" \/>\n<link rel=\"canonical\" href=\"https:\/\/blgnoticiassantodomingo.net\/index.php\/2026\/09\/02\/infotep-y-promiches-acuerdan-formar-talento-humano-para-impulsar-desarrollo-turistico-de-miches\/\" \/>\n<meta property=\"og:locale\" content=\"es_ES\" \/>\n<meta property=\"og:type\" content=\"article\" \/>\n<meta property=\"og:title\" content=\"INFOTEP y PROMICHES acuerdan formar talento humano para impulsar desarrollo tur\u00edstico de Miches - BLG Noticias\" \/>\n<meta property=\"og:description\" content=\"Ambas instituciones desarrollar\u00e1n programas de formaci\u00f3n en hoteler\u00eda, gastronom\u00eda, electricidad, refrigeraci\u00f3n, mec\u00e1nica automotriz, mantenimiento, emprendimiento y \u00e1reas vinculadas a la industria 4.0 SANTO DOMINGO, RD. -El Instituto Nacional de Formaci\u00f3n T\u00e9cnico Profesional (INFOTEP) y la Asociaci\u00f3n de Hoteles y Turismo El Seibo-Miches (PROMICHES) suscribieron un Acuerdo Marco de Cooperaci\u00f3n Interinstitucional para fortalecer la formaci\u00f3n t\u00e9cnico [&hellip;]\" \/>\n<meta property=\"og:url\" content=\"https:\/\/blgnoticiassantodomingo.net\/index.php\/2026\/09\/02\/infotep-y-promiches-acuerdan-formar-talento-humano-para-impulsar-desarrollo-turistico-de-miches\/\" \/>\n<meta property=\"og:site_name\" content=\"BLG Noticias\" \/>\n<meta property=\"article:publisher\" content=\"https:\/\/web.facebook.com\/BlgNoticias\/?locale=es_LA&amp;_rdc=1&amp;_rdr\" \/>\n<meta property=\"article:published_time\" content=\"2026-09-02T12:07:21+00:00\" \/>\n<meta property=\"article:modified_time\" content=\"2026-09-02T12:07:26+00:00\" \/>\n<meta property=\"og:image\" content=\"http:\/\/blgnoticiassantodomingo.net\/wp-content\/uploads\/2026\/09\/WhatsApp-Image-2026-09-01-at-1.04.43-PM.jpeg\" \/>\n\t<meta property=\"og:image:width\" content=\"1280\" \/>\n\t<meta property=\"og:image:height\" content=\"977\" \/>\n\t<meta property=\"og:image:type\" content=\"image\/jpeg\" \/>\n<meta name=\"author\" content=\"Brenda Guerrero\" \/>\n<meta name=\"twitter:card\" content=\"summary_large_image\" \/>\n<meta name=\"twitter:creator\" content=\"@BlgNoticias\" \/>\n<meta name=\"twitter:site\" content=\"@BlgNoticias\" \/>\n<meta name=\"twitter:label1\" content=\"Escrito por\" \/>\n\t<meta name=\"twitter:data1\" content=\"Brenda Guerrero\" \/>\n\t<meta name=\"twitter:label2\" content=\"Tiempo de lectura\" \/>\n\t<meta name=\"twitter:data2\" content=\"3 minutos\" \/>\n<script type=\"application\/ld+json\" class=\"yoast-schema-graph\">{\"@context\":\"https:\/\/schema.org\",\"@graph\":[{\"@type\":\"Article\",\"@id\":\"https:\/\/blgnoticiassantodomingo.net\/index.php\/2026\/09\/02\/infotep-y-promiches-acuerdan-formar-talento-humano-para-impulsar-desarrollo-turistico-de-miches\/#article\",\"isPartOf\":{\"@id\":\"https:\/\/blgnoticiassantodomingo.net\/index.php\/2026\/09\/02\/infotep-y-promiches-acuerdan-formar-talento-humano-para-impulsar-desarrollo-turistico-de-miches\/\"},\"author\":{\"name\":\"Brenda Guerrero\",\"@id\":\"https:\/\/blgnoticiassantodomingo.net\/#\/schema\/person\/e2fc21cf88acc63dbd134be981bff374\"},\"headline\":\"INFOTEP y PROMICHES acuerdan formar talento humano para impulsar desarrollo tur\u00edstico de Miches\",\"datePublished\":\"2026-09-02T12:07:21+00:00\",\"dateModified\":\"2026-09-02T12:07:26+00:00\",\"mainEntityOfPage\":{\"@id\":\"https:\/\/blgnoticiassantodomingo.net\/index.php\/2026\/09\/02\/infotep-y-promiches-acuerdan-formar-talento-humano-para-impulsar-desarrollo-turistico-de-miches\/\"},\"wordCount\":579,\"commentCount\":0,\"publisher\":{\"@id\":\"https:\/\/blgnoticiassantodomingo.net\/#organization\"},\"image\":{\"@id\":\"https:\/\/blgnoticiassantodomingo.net\/index.php\/2026\/09\/02\/infotep-y-promiches-acuerdan-formar-talento-humano-para-impulsar-desarrollo-turistico-de-miches\/#primaryimage\"},\"thumbnailUrl\":\"https:\/\/blgnoticiassantodomingo.net\/wp-content\/uploads\/2026\/09\/WhatsApp-Image-2026-09-01-at-1.04.43-PM.jpeg\",\"keywords\":[\"Asociaci\u00f3n de Hoteles y Turismo El Seibo-Miches (PROMICHES)\",\"desarrollo tur\u00edstico\",\"Infotep\",\"Maira Morla Pineda\",\"Miches\",\"PROMICHES\"],\"articleSection\":[\"Nacionales\"],\"inLanguage\":\"es\",\"potentialAction\":[{\"@type\":\"CommentAction\",\"name\":\"Comment\",\"target\":[\"https:\/\/blgnoticiassantodomingo.net\/index.php\/2026\/09\/02\/infotep-y-promiches-acuerdan-formar-talento-humano-para-impulsar-desarrollo-turistico-de-miches\/#respond\"]}]},{\"@type\":\"WebPage\",\"@id\":\"https:\/\/blgnoticiassantodomingo.net\/index.php\/2026\/09\/02\/infotep-y-promiches-acuerdan-formar-talento-humano-para-impulsar-desarrollo-turistico-de-miches\/\",\"url\":\"https:\/\/blgnoticiassantodomingo.net\/index.php\/2026\/09\/02\/infotep-y-promiches-acuerdan-formar-talento-humano-para-impulsar-desarrollo-turistico-de-miches\/\",\"name\":\"INFOTEP y PROMICHES acuerdan formar talento humano para impulsar desarrollo tur\u00edstico de Miches - BLG Noticias\",\"isPartOf\":{\"@id\":\"https:\/\/blgnoticiassantodomingo.net\/#website\"},\"primaryImageOfPage\":{\"@id\":\"https:\/\/blgnoticiassantodomingo.net\/index.php\/2026\/09\/02\/infotep-y-promiches-acuerdan-formar-talento-humano-para-impulsar-desarrollo-turistico-de-miches\/#primaryimage\"},\"image\":{\"@id\":\"https:\/\/blgnoticiassantodomingo.net\/index.php\/2026\/09\/02\/infotep-y-promiches-acuerdan-formar-talento-humano-para-impulsar-desarrollo-turistico-de-miches\/#primaryimage\"},\"thumbnailUrl\":\"https:\/\/blgnoticiassantodomingo.net\/wp-content\/uploads\/2026\/09\/WhatsApp-Image-2026-09-01-at-1.04.43-PM.jpeg\",\"datePublished\":\"2026-09-02T12:07:21+00:00\",\"dateModified\":\"2026-09-02T12:07:26+00:00\",\"breadcrumb\":{\"@id\":\"https:\/\/blgnoticiassantodomingo.net\/index.php\/2026\/09\/02\/infotep-y-promiches-acuerdan-formar-talento-humano-para-impulsar-desarrollo-turistico-de-miches\/#breadcrumb\"},\"inLanguage\":\"es\",\"potentialAction\":[{\"@type\":\"ReadAction\",\"target\":[\"https:\/\/blgnoticiassantodomingo.net\/index.php\/2026\/09\/02\/infotep-y-promiches-acuerdan-formar-talento-humano-para-impulsar-desarrollo-turistico-de-miches\/\"]}]},{\"@type\":\"ImageObject\",\"inLanguage\":\"es\",\"@id\":\"https:\/\/blgnoticiassantodomingo.net\/index.php\/2026\/09\/02\/infotep-y-promiches-acuerdan-formar-talento-humano-para-impulsar-desarrollo-turistico-de-miches\/#primaryimage\",\"url\":\"https:\/\/blgnoticiassantodomingo.net\/wp-content\/uploads\/2026\/09\/WhatsApp-Image-2026-09-01-at-1.04.43-PM.jpeg\",\"contentUrl\":\"https:\/\/blgnoticiassantodomingo.net\/wp-content\/uploads\/2026\/09\/WhatsApp-Image-2026-09-01-at-1.04.43-PM.jpeg\",\"width\":1280,\"height\":977},{\"@type\":\"BreadcrumbList\",\"@id\":\"https:\/\/blgnoticiassantodomingo.net\/index.php\/2026\/09\/02\/infotep-y-promiches-acuerdan-formar-talento-humano-para-impulsar-desarrollo-turistico-de-miches\/#breadcrumb\",\"itemListElement\":[{\"@type\":\"ListItem\",\"position\":1,\"name\":\"Portada\",\"item\":\"https:\/\/blgnoticiassantodomingo.net\/\"},{\"@type\":\"ListItem\",\"position\":2,\"name\":\"INFOTEP y PROMICHES acuerdan formar talento humano para impulsar desarrollo tur\u00edstico de Miches\"}]},{\"@type\":\"WebSite\",\"@id\":\"https:\/\/blgnoticiassantodomingo.net\/#website\",\"url\":\"https:\/\/blgnoticiassantodomingo.net\/\",\"name\":\"BLG Noticias\",\"description\":\"Esto es Noticias\",\"publisher\":{\"@id\":\"https:\/\/blgnoticiassantodomingo.net\/#organization\"},\"potentialAction\":[{\"@type\":\"SearchAction\",\"target\":{\"@type\":\"EntryPoint\",\"urlTemplate\":\"https:\/\/blgnoticiassantodomingo.net\/?s={search_term_string}\"},\"query-input\":{\"@type\":\"PropertyValueSpecification\",\"valueRequired\":true,\"valueName\":\"search_term_string\"}}],\"inLanguage\":\"es\"},{\"@type\":\"Organization\",\"@id\":\"https:\/\/blgnoticiassantodomingo.net\/#organization\",\"name\":\"BLG Noticias\",\"url\":\"https:\/\/blgnoticiassantodomingo.net\/\",\"logo\":{\"@type\":\"ImageObject\",\"inLanguage\":\"es\",\"@id\":\"https:\/\/blgnoticiassantodomingo.net\/#\/schema\/logo\/image\/\",\"url\":\"https:\/\/blgnoticiassantodomingo.net\/wp-content\/uploads\/2023\/12\/Diseno-sin-titulo-3.jpg\",\"contentUrl\":\"https:\/\/blgnoticiassantodomingo.net\/wp-content\/uploads\/2023\/12\/Diseno-sin-titulo-3.jpg\",\"width\":500,\"height\":500,\"caption\":\"BLG Noticias\"},\"image\":{\"@id\":\"https:\/\/blgnoticiassantodomingo.net\/#\/schema\/logo\/image\/\"},\"sameAs\":[\"https:\/\/web.facebook.com\/BlgNoticias\/?locale=es_LA&_rdc=1&_rdr\",\"https:\/\/x.com\/BlgNoticias\",\"https:\/\/www.linkedin.com\/in\/brenda-l-santana-aa846279\/\"]},{\"@type\":\"Person\",\"@id\":\"https:\/\/blgnoticiassantodomingo.net\/#\/schema\/person\/e2fc21cf88acc63dbd134be981bff374\",\"name\":\"Brenda Guerrero\",\"image\":{\"@type\":\"ImageObject\",\"inLanguage\":\"es\",\"@id\":\"https:\/\/blgnoticiassantodomingo.net\/#\/schema\/person\/image\/\",\"url\":\"https:\/\/secure.gravatar.com\/avatar\/2f7fc4c3e3655be1580cb684bfd8ab19be702ae20879da1e072021daa02f9b8b?s=96&d=wp_user_avatar&r=g\",\"contentUrl\":\"https:\/\/secure.gravatar.com\/avatar\/2f7fc4c3e3655be1580cb684bfd8ab19be702ae20879da1e072021daa02f9b8b?s=96&d=wp_user_avatar&r=g\",\"caption\":\"Brenda Guerrero\"},\"description\":\"Periodista\",\"url\":\"https:\/\/blgnoticiassantodomingo.net\/index.php\/author\/brenda-guerrero\/\"}]}<\/script>\n<!-- \/ Yoast SEO plugin. -->","yoast_head_json":{"title":"INFOTEP y PROMICHES acuerdan formar talento humano para impulsar desarrollo tur\u00edstico de Miches - BLG Noticias","robots":{"index":"index","follow":"follow","max-snippet":"max-snippet:-1","max-image-preview":"max-image-preview:large","max-video-preview":"max-video-preview:-1"},"canonical":"https:\/\/blgnoticiassantodomingo.net\/index.php\/2026\/09\/02\/infotep-y-promiches-acuerdan-formar-talento-humano-para-impulsar-desarrollo-turistico-de-miches\/","og_locale":"es_ES","og_type":"article","og_title":"INFOTEP y PROMICHES acuerdan formar talento humano para impulsar desarrollo tur\u00edstico de Miches - BLG Noticias","og_description":"Ambas instituciones desarrollar\u00e1n programas de formaci\u00f3n en hoteler\u00eda, gastronom\u00eda, electricidad, refrigeraci\u00f3n, mec\u00e1nica automotriz, mantenimiento, emprendimiento y \u00e1reas vinculadas a la industria 4.0 SANTO DOMINGO, RD. -El Instituto Nacional de Formaci\u00f3n T\u00e9cnico Profesional (INFOTEP) y la Asociaci\u00f3n de Hoteles y Turismo El Seibo-Miches (PROMICHES) suscribieron un Acuerdo Marco de Cooperaci\u00f3n Interinstitucional para fortalecer la formaci\u00f3n t\u00e9cnico [&hellip;]","og_url":"https:\/\/blgnoticiassantodomingo.net\/index.php\/2026\/09\/02\/infotep-y-promiches-acuerdan-formar-talento-humano-para-impulsar-desarrollo-turistico-de-miches\/","og_site_name":"BLG Noticias","article_publisher":"https:\/\/web.facebook.com\/BlgNoticias\/?locale=es_LA&_rdc=1&_rdr","article_published_time":"2026-09-02T12:07:21+00:00","article_modified_time":"2026-09-02T12:07:26+00:00","og_image":[{"width":1280,"height":977,"url":"http:\/\/blgnoticiassantodomingo.net\/wp-content\/uploads\/2026\/09\/WhatsApp-Image-2026-09-01-at-1.04.43-PM.jpeg","type":"image\/jpeg"}],"author":"Brenda Guerrero","twitter_card":"summary_large_image","twitter_creator":"@BlgNoticias","twitter_site":"@BlgNoticias","twitter_misc":{"Escrito por":"Brenda Guerrero","Tiempo de lectura":"3 minutos"},"schema":{"@context":"https:\/\/schema.org","@graph":[{"@type":"Article","@id":"https:\/\/blgnoticiassantodomingo.net\/index.php\/2026\/09\/02\/infotep-y-promiches-acuerdan-formar-talento-humano-para-impulsar-desarrollo-turistico-de-miches\/#article","isPartOf":{"@id":"https:\/\/blgnoticiassantodomingo.net\/index.php\/2026\/09\/02\/infotep-y-promiches-acuerdan-formar-talento-humano-para-impulsar-desarrollo-turistico-de-miches\/"},"author":{"name":"Brenda Guerrero","@id":"https:\/\/blgnoticiassantodomingo.net\/#\/schema\/person\/e2fc21cf88acc63dbd134be981bff374"},"headline":"INFOTEP y PROMICHES acuerdan formar talento humano para impulsar desarrollo tur\u00edstico de Miches","datePublished":"2026-09-02T12:07:21+00:00","dateModified":"2026-09-02T12:07:26+00:00","mainEntityOfPage":{"@id":"https:\/\/blgnoticiassantodomingo.net\/index.php\/2026\/09\/02\/infotep-y-promiches-acuerdan-formar-talento-humano-para-impulsar-desarrollo-turistico-de-miches\/"},"wordCount":579,"commentCount":0,"publisher":{"@id":"https:\/\/blgnoticiassantodomingo.net\/#organization"},"image":{"@id":"https:\/\/blgnoticiassantodomingo.net\/index.php\/2026\/09\/02\/infotep-y-promiches-acuerdan-formar-talento-humano-para-impulsar-desarrollo-turistico-de-miches\/#primaryimage"},"thumbnailUrl":"https:\/\/blgnoticiassantodomingo.net\/wp-content\/uploads\/2026\/09\/WhatsApp-Image-2026-09-01-at-1.04.43-PM.jpeg","keywords":["Asociaci\u00f3n de Hoteles y Turismo El Seibo-Miches (PROMICHES)","desarrollo tur\u00edstico","Infotep","Maira Morla Pineda","Miches","PROMICHES"],"articleSection":["Nacionales"],"inLanguage":"es","potentialAction":[{"@type":"CommentAction","name":"Comment","target":["https:\/\/blgnoticiassantodomingo.net\/index.php\/2026\/09\/02\/infotep-y-promiches-acuerdan-formar-talento-humano-para-impulsar-desarrollo-turistico-de-miches\/#respond"]}]},{"@type":"WebPage","@id":"https:\/\/blgnoticiassantodomingo.net\/index.php\/2026\/09\/02\/infotep-y-promiches-acuerdan-formar-talento-humano-para-impulsar-desarrollo-turistico-de-miches\/","url":"https:\/\/blgnoticiassantodomingo.net\/index.php\/2026\/09\/02\/infotep-y-promiches-acuerdan-formar-talento-humano-para-impulsar-desarrollo-turistico-de-miches\/","name":"INFOTEP y PROMICHES acuerdan formar talento humano para impulsar desarrollo tur\u00edstico de Miches - BLG Noticias","isPartOf":{"@id":"https:\/\/blgnoticiassantodomingo.net\/#website"},"primaryImageOfPage":{"@id":"https:\/\/blgnoticiassantodomingo.net\/index.php\/2026\/09\/02\/infotep-y-promiches-acuerdan-formar-talento-humano-para-impulsar-desarrollo-turistico-de-miches\/#primaryimage"},"image":{"@id":"https:\/\/blgnoticiassantodomingo.net\/index.php\/2026\/09\/02\/infotep-y-promiches-acuerdan-formar-talento-humano-para-impulsar-desarrollo-turistico-de-miches\/#primaryimage"},"thumbnailUrl":"https:\/\/blgnoticiassantodomingo.net\/wp-content\/uploads\/2026\/09\/WhatsApp-Image-2026-09-01-at-1.04.43-PM.jpeg","datePublished":"2026-09-02T12:07:21+00:00","dateModified":"2026-09-02T12:07:26+00:00","breadcrumb":{"@id":"https:\/\/blgnoticiassantodomingo.net\/index.php\/2026\/09\/02\/infotep-y-promiches-acuerdan-formar-talento-humano-para-impulsar-desarrollo-turistico-de-miches\/#breadcrumb"},"inLanguage":"es","potentialAction":[{"@type":"ReadAction","target":["https:\/\/blgnoticiassantodomingo.net\/index.php\/2026\/09\/02\/infotep-y-promiches-acuerdan-formar-talento-humano-para-impulsar-desarrollo-turistico-de-miches\/"]}]},{"@type":"ImageObject","inLanguage":"es","@id":"https:\/\/blgnoticiassantodomingo.net\/index.php\/2026\/09\/02\/infotep-y-promiches-acuerdan-formar-talento-humano-para-impulsar-desarrollo-turistico-de-miches\/#primaryimage","url":"https:\/\/blgnoticiassantodomingo.net\/wp-content\/uploads\/2026\/09\/WhatsApp-Image-2026-09-01-at-1.04.43-PM.jpeg","contentUrl":"https:\/\/blgnoticiassantodomingo.net\/wp-content\/uploads\/2026\/09\/WhatsApp-Image-2026-09-01-at-1.04.43-PM.jpeg","width":1280,"height":977},{"@type":"BreadcrumbList","@id":"https:\/\/blgnoticiassantodomingo.net\/index.php\/2026\/09\/02\/infotep-y-promiches-acuerdan-formar-talento-humano-para-impulsar-desarrollo-turistico-de-miches\/#breadcrumb","itemListElement":[{"@type":"ListItem","position":1,"name":"Portada","item":"https:\/\/blgnoticiassantodomingo.net\/"},{"@type":"ListItem","position":2,"name":"INFOTEP y PROMICHES acuerdan formar talento humano para impulsar desarrollo tur\u00edstico de Miches"}]},{"@type":"WebSite","@id":"https:\/\/blgnoticiassantodomingo.net\/#website","url":"https:\/\/blgnoticiassantodomingo.net\/","name":"BLG Noticias","description":"Esto es Noticias","publisher":{"@id":"https:\/\/blgnoticiassantodomingo.net\/#organization"},"potentialAction":[{"@type":"SearchAction","target":{"@type":"EntryPoint","urlTemplate":"https:\/\/blgnoticiassantodomingo.net\/?s={search_term_string}"},"query-input":{"@type":"PropertyValueSpecification","valueRequired":true,"valueName":"search_term_string"}}],"inLanguage":"es"},{"@type":"Organization","@id":"https:\/\/blgnoticiassantodomingo.net\/#organization","name":"BLG Noticias","url":"https:\/\/blgnoticiassantodomingo.net\/","logo":{"@type":"ImageObject","inLanguage":"es","@id":"https:\/\/blgnoticiassantodomingo.net\/#\/schema\/logo\/image\/","url":"https:\/\/blgnoticiassantodomingo.net\/wp-content\/uploads\/2023\/12\/Diseno-sin-titulo-3.jpg","contentUrl":"https:\/\/blgnoticiassantodomingo.net\/wp-content\/uploads\/2023\/12\/Diseno-sin-titulo-3.jpg","width":500,"height":500,"caption":"BLG Noticias"},"image":{"@id":"https:\/\/blgnoticiassantodomingo.net\/#\/schema\/logo\/image\/"},"sameAs":["https:\/\/web.facebook.com\/BlgNoticias\/?locale=es_LA&_rdc=1&_rdr","https:\/\/x.com\/BlgNoticias","https:\/\/www.linkedin.com\/in\/brenda-l-santana-aa846279\/"]},{"@type":"Person","@id":"https:\/\/blgnoticiassantodomingo.net\/#\/schema\/person\/e2fc21cf88acc63dbd134be981bff374","name":"Brenda Guerrero","image":{"@type":"ImageObject","inLanguage":"es","@id":"https:\/\/blgnoticiassantodomingo.net\/#\/schema\/person\/image\/","url":"https:\/\/secure.gravatar.com\/avatar\/2f7fc4c3e3655be1580cb684bfd8ab19be702ae20879da1e072021daa02f9b8b?s=96&d=wp_user_avatar&r=g","contentUrl":"https:\/\/secure.gravatar.com\/avatar\/2f7fc4c3e3655be1580cb684bfd8ab19be702ae20879da1e072021daa02f9b8b?s=96&d=wp_user_avatar&r=g","caption":"Brenda Guerrero"},"description":"Periodista","url":"https:\/\/blgnoticiassantodomingo.net\/index.php\/author\/brenda-guerrero\/"}]}},"jetpack_featured_media_url":"https:\/\/blgnoticiassantodomingo.net\/wp-content\/uploads\/2026\/09\/WhatsApp-Image-2026-09-01-at-1.04.43-PM.jpeg","_links":{"self":[{"href":"https:\/\/blgnoticiassantodomingo.net\/index.php\/wp-json\/wp\/v2\/posts\/52699","targetHints":{"allow":["GET"]}}],"collection":[{"href":"https:\/\/blgnoticiassantodomingo.net\/index.php\/wp-json\/wp\/v2\/posts"}],"about":[{"href":"https:\/\/blgnoticiassantodomingo.net\/index.php\/wp-json\/wp\/v2\/types\/post"}],"author":[{"embeddable":true,"href":"https:\/\/blgnoticiassantodomingo.net\/index.php\/wp-json\/wp\/v2\/users\/2"}],"replies":[{"embeddable":true,"href":"https:\/\/blgnoticiassantodomingo.net\/index.php\/wp-json\/wp\/v2\/comments?post=52699"}],"version-history":[{"count":1,"href":"https:\/\/blgnoticiassantodomingo.net\/index.php\/wp-json\/wp\/v2\/posts\/52699\/revisions"}],"predecessor-version":[{"id":52702,"href":"https:\/\/blgnoticiassantodomingo.net\/index.php\/wp-json\/wp\/v2\/posts\/52699\/revisions\/52702"}],"wp:featuredmedia":[{"embeddable":true,"href":"https:\/\/blgnoticiassantodomingo.net\/index.php\/wp-json\/wp\/v2\/media\/52700"}],"wp:attachment":[{"href":"https:\/\/blgnoticiassantodomingo.net\/index.php\/wp-json\/wp\/v2\/media?parent=52699"}],"wp:term":[{"taxonomy":"category","embeddable":true,"href":"https:\/\/blgnoticiassantodomingo.net\/index.php\/wp-json\/wp\/v2\/categories?post=52699"},{"taxonomy":"post_tag","embeddable":true,"href":"https:\/\/blgnoticiassantodomingo.net\/index.php\/wp-json\/wp\/v2\/tags?post=52699"}],"curies":[{"name":"wp","href":"https:\/\/api.w.org\/{rel}","templated":true}]}}