{"id":52679,"date":"2026-09-01T09:37:28","date_gmt":"2026-09-01T13:37:28","guid":{"rendered":"https:\/\/blgnoticiassantodomingo.net\/?p=52679"},"modified":"2026-09-01T09:37:33","modified_gmt":"2026-09-01T13:37:33","slug":"infotep-certifica-a-262-colaboradores-de-la-camara-de-diputados-tras-completar-programa-de-formacion","status":"publish","type":"post","link":"https:\/\/blgnoticiassantodomingo.net\/index.php\/2026\/09\/01\/infotep-certifica-a-262-colaboradores-de-la-camara-de-diputados-tras-completar-programa-de-formacion\/","title":{"rendered":"INFOTEP certifica a 262 colaboradores de la C\u00e1mara de Diputados tras completar programa de formaci\u00f3n"},"content":{"rendered":"\n<p class=\"wp-block-paragraph\"><strong><em> El proceso gener\u00f3 aproximadamente 450 certificados y fortaleci\u00f3 competencias en tecnolog\u00eda, calidad, comunicaci\u00f3n y desarrollo organizacional<\/em><\/strong><\/p>\n\n\n\n<p class=\"wp-block-paragraph\">SANTO DOMINGO. -El Instituto Nacional de Formaci\u00f3n T\u00e9cnico Profesional (INFOTEP) certific\u00f3 a 262 colaboradores de la C\u00e1mara de Diputados que completaron el programa de fortalecimiento de competencias t\u00e9cnicas y administrativas, en un acto encabezado por la directora general del INFOTEP, Maira Morla Pineda y la vicepresidenta del hemiciclo, Dharuelly D\u2019Aza.<\/p>\n\n\n\n<p class=\"wp-block-paragraph\">Como resultado del proceso formativo, se proyecta la entrega de 450 certificados, debido a que los participantes realizaron m\u00faltiples capacitaciones, con casos de colaboradores que completaron hasta seis acciones formativas.<\/p>\n\n\n\n<pre class=\"wp-block-code\"><code>\u201cEsta graduaci\u00f3n se enmarca en el programa de fortalecimiento de competencias desarrollado por el INFOTEP en coordinaci\u00f3n con la C\u00e1mara de Diputados de la Rep\u00fablica Dominicana, abarcando una oferta formativa diversificada, orientada a impulsar la eficiencia gubernamental, la modernizaci\u00f3n tecnol\u00f3gica y la optimizaci\u00f3n de los procesos operativos e institucionales\u201d, expres\u00f3 Morla Pineda.<\/code><\/pre>\n\n\n\n<p class=\"wp-block-paragraph\">Resalt\u00f3 el nivel de participaci\u00f3n de los colaboradores y su disposici\u00f3n al aprendizaje continuo como elementos que contribuyen al mejoramiento del desempe\u00f1o profesional.<\/p>\n\n\n\n<figure class=\"wp-block-image size-large\"><img decoding=\"async\" width=\"1024\" height=\"683\" src=\"https:\/\/blgnoticiassantodomingo.net\/wp-content\/uploads\/2026\/09\/WhatsApp-Image-2026-08-31-at-1.43.30-PM-1024x683.jpeg\" alt=\"\" class=\"wp-image-52681\" srcset=\"https:\/\/blgnoticiassantodomingo.net\/wp-content\/uploads\/2026\/09\/WhatsApp-Image-2026-08-31-at-1.43.30-PM-1024x683.jpeg 1024w, https:\/\/blgnoticiassantodomingo.net\/wp-content\/uploads\/2026\/09\/WhatsApp-Image-2026-08-31-at-1.43.30-PM-300x200.jpeg 300w, https:\/\/blgnoticiassantodomingo.net\/wp-content\/uploads\/2026\/09\/WhatsApp-Image-2026-08-31-at-1.43.30-PM-767x512.jpeg 767w, https:\/\/blgnoticiassantodomingo.net\/wp-content\/uploads\/2026\/09\/WhatsApp-Image-2026-08-31-at-1.43.30-PM-150x100.jpeg 150w, https:\/\/blgnoticiassantodomingo.net\/wp-content\/uploads\/2026\/09\/WhatsApp-Image-2026-08-31-at-1.43.30-PM-324x216.jpeg 324w, https:\/\/blgnoticiassantodomingo.net\/wp-content\/uploads\/2026\/09\/WhatsApp-Image-2026-08-31-at-1.43.30-PM-695x464.jpeg 695w, https:\/\/blgnoticiassantodomingo.net\/wp-content\/uploads\/2026\/09\/WhatsApp-Image-2026-08-31-at-1.43.30-PM-1067x712.jpeg 1067w, https:\/\/blgnoticiassantodomingo.net\/wp-content\/uploads\/2026\/09\/WhatsApp-Image-2026-08-31-at-1.43.30-PM.jpeg 1280w\" sizes=\"(max-width: 1024px) 100vw, 1024px\" \/><\/figure>\n\n\n\n<pre class=\"wp-block-code\"><code>\u201cMuchos de ustedes, estimados graduandos, realizaron m\u00faltiples capacitaciones, alcanzando casos de colaboradores que recibir\u00e1n hasta seis certificados, lo que demuestra su denodado inter\u00e9s en la superaci\u00f3n personal y excelencia de desempe\u00f1o en los quehaceres que siguen elevando a este honorable hemiciclo\u201d, manifest\u00f3.\n\nEntre tanto, Dharuelly D\u2019Aza, destac\u00f3 la importancia de la formaci\u00f3n t\u00e9cnico-profesional para fortalecer las capacidades de los servidores p\u00fablicos que participaron en el programa formativo impartido por el INFOTEP.<\/code><\/pre>\n\n\n\n<p class=\"wp-block-paragraph\">Resalt\u00f3 que la capacitaci\u00f3n permanente constituye una v\u00eda para el crecimiento profesional y la adaptaci\u00f3n a las nuevas herramientas y demandas del entorno laboral.<\/p>\n\n\n\n<pre class=\"wp-block-code\"><code>\u201cUna de las mejores maneras para crecer es capacitarse, porque una persona que est\u00e1 desempe\u00f1ando una posici\u00f3n y aprende un oficio extra que le ayuda a desarrollar esa labor de manera m\u00e1s eficiente y efectiva, adapt\u00e1ndose a la modernidad, a la inteligencia artificial y a tantas otras herramientas que tenemos hoy, definitivamente podr\u00e1 crecer en las labores que desempe\u00f1a\u201d, afirm\u00f3 D\u2019Aza Caraballo.<\/code><\/pre>\n\n\n\n<p class=\"wp-block-paragraph\">El programa tuvo un alcance integral y transversal en la estructura organizativa de la C\u00e1mara de Diputados e incluy\u00f3 a directores departamentales, personal administrativo, colaboradores de libre nombramiento y remoci\u00f3n, as\u00ed como integrantes del cuerpo militar y de seguridad.<\/p>\n\n\n\n<p class=\"wp-block-paragraph\">La iniciativa, desarrollada en coordinaci\u00f3n con la C\u00e1mara de Diputados, tuvo como prop\u00f3sito contribuir al fortalecimiento del talento humano, la eficiencia gubernamental, la modernizaci\u00f3n tecnol\u00f3gica y la optimizaci\u00f3n de los procesos operativos e institucionales.<\/p>\n\n\n\n<p class=\"wp-block-paragraph\">Los participantes fueron capacitados mediante las modalidades presencial y virtual, en cuatro ejes estrat\u00e9gicos: Tecnolog\u00eda y Ofim\u00e1tica; Calidad y Operaciones; Comunicaci\u00f3n e Impacto, y Desarrollo Organizacional.<\/p>\n\n\n\n<p class=\"wp-block-paragraph\">En el \u00e1rea de Tecnolog\u00eda y Ofim\u00e1tica se impartieron formaciones sobre operaciones b\u00e1sicas de programas de oficina, Microsoft Excel y Microsoft Word, dirigidas a fortalecer la digitalizaci\u00f3n de procesos, la automatizaci\u00f3n de tareas y la estandarizaci\u00f3n de reportes e informes.<\/p>\n\n\n\n<figure class=\"wp-block-image size-large\"><img decoding=\"async\" width=\"1024\" height=\"683\" src=\"https:\/\/blgnoticiassantodomingo.net\/wp-content\/uploads\/2026\/09\/WhatsApp-Image-2026-08-31-at-1.43.31-PM-1024x683.jpeg\" alt=\"\" class=\"wp-image-52682\" srcset=\"https:\/\/blgnoticiassantodomingo.net\/wp-content\/uploads\/2026\/09\/WhatsApp-Image-2026-08-31-at-1.43.31-PM-1024x683.jpeg 1024w, https:\/\/blgnoticiassantodomingo.net\/wp-content\/uploads\/2026\/09\/WhatsApp-Image-2026-08-31-at-1.43.31-PM-300x200.jpeg 300w, https:\/\/blgnoticiassantodomingo.net\/wp-content\/uploads\/2026\/09\/WhatsApp-Image-2026-08-31-at-1.43.31-PM-767x512.jpeg 767w, https:\/\/blgnoticiassantodomingo.net\/wp-content\/uploads\/2026\/09\/WhatsApp-Image-2026-08-31-at-1.43.31-PM-150x100.jpeg 150w, https:\/\/blgnoticiassantodomingo.net\/wp-content\/uploads\/2026\/09\/WhatsApp-Image-2026-08-31-at-1.43.31-PM-324x216.jpeg 324w, https:\/\/blgnoticiassantodomingo.net\/wp-content\/uploads\/2026\/09\/WhatsApp-Image-2026-08-31-at-1.43.31-PM-695x464.jpeg 695w, https:\/\/blgnoticiassantodomingo.net\/wp-content\/uploads\/2026\/09\/WhatsApp-Image-2026-08-31-at-1.43.31-PM-1067x712.jpeg 1067w, https:\/\/blgnoticiassantodomingo.net\/wp-content\/uploads\/2026\/09\/WhatsApp-Image-2026-08-31-at-1.43.31-PM.jpeg 1280w\" sizes=\"(max-width: 1024px) 100vw, 1024px\" \/><\/figure>\n\n\n\n<p class=\"wp-block-paragraph\">El eje de Calidad y Operaciones incluy\u00f3 las t\u00e9cnicas de las 5S, buenas pr\u00e1cticas de almacenamiento y control de inventario, con \u00e9nfasis en la organizaci\u00f3n de los espacios de trabajo, el manejo de archivos y la eficiencia de los procesos log\u00edsticos internos.<\/p>\n\n\n\n<p class=\"wp-block-paragraph\">En Comunicaci\u00f3n e Impacto, los colaboradores recibieron capacitaci\u00f3n en comunicaci\u00f3n efectiva y presentaciones de alto impacto, mientras que el eje de Desarrollo Organizacional abord\u00f3 trabajo en equipo y servicio al cliente, orientados a favorecer un clima laboral colaborativo y una atenci\u00f3n de mayor calidad a usuarios internos, legisladores y ciudadan\u00eda.<\/p>\n","protected":false},"excerpt":{"rendered":"<p>El proceso gener\u00f3 aproximadamente 450 certificados y fortaleci\u00f3 competencias en tecnolog\u00eda, calidad, comunicaci\u00f3n y desarrollo organizacional SANTO DOMINGO. -El Instituto Nacional de Formaci\u00f3n T\u00e9cnico Profesional (INFOTEP) certific\u00f3 a 262 colaboradores de la C\u00e1mara de Diputados que completaron el programa de fortalecimiento de competencias t\u00e9cnicas y administrativas, en un acto encabezado por la directora general del [&hellip;]<\/p>\n","protected":false},"author":2,"featured_media":52680,"comment_status":"open","ping_status":"open","sticky":false,"template":"","format":"standard","meta":{"footnotes":""},"categories":[220],"tags":[1797,15754,646,15005],"class_list":["post-52679","post","type-post","status-publish","format-standard","has-post-thumbnail","category-nacionales","tag-camara-de-diputados-2","tag-dharuelly-daza","tag-infotep","tag-maira-morla-pineda"],"yoast_head":"<!-- This site is optimized with the Yoast SEO plugin v24.9 - https:\/\/yoast.com\/wordpress\/plugins\/seo\/ -->\n<title>INFOTEP certifica a 262 colaboradores de la C\u00e1mara de Diputados tras completar programa de formaci\u00f3n - BLG Noticias<\/title>\n<meta name=\"robots\" content=\"index, follow, max-snippet:-1, max-image-preview:large, max-video-preview:-1\" \/>\n<link rel=\"canonical\" href=\"https:\/\/blgnoticiassantodomingo.net\/index.php\/2026\/09\/01\/infotep-certifica-a-262-colaboradores-de-la-camara-de-diputados-tras-completar-programa-de-formacion\/\" \/>\n<meta property=\"og:locale\" content=\"es_ES\" \/>\n<meta property=\"og:type\" content=\"article\" \/>\n<meta property=\"og:title\" content=\"INFOTEP certifica a 262 colaboradores de la C\u00e1mara de Diputados tras completar programa de formaci\u00f3n - BLG Noticias\" \/>\n<meta property=\"og:description\" content=\"El proceso gener\u00f3 aproximadamente 450 certificados y fortaleci\u00f3 competencias en tecnolog\u00eda, calidad, comunicaci\u00f3n y desarrollo organizacional SANTO DOMINGO. -El Instituto Nacional de Formaci\u00f3n T\u00e9cnico Profesional (INFOTEP) certific\u00f3 a 262 colaboradores de la C\u00e1mara de Diputados que completaron el programa de fortalecimiento de competencias t\u00e9cnicas y administrativas, en un acto encabezado por la directora general del [&hellip;]\" \/>\n<meta property=\"og:url\" content=\"https:\/\/blgnoticiassantodomingo.net\/index.php\/2026\/09\/01\/infotep-certifica-a-262-colaboradores-de-la-camara-de-diputados-tras-completar-programa-de-formacion\/\" \/>\n<meta property=\"og:site_name\" content=\"BLG Noticias\" \/>\n<meta property=\"article:publisher\" content=\"https:\/\/web.facebook.com\/BlgNoticias\/?locale=es_LA&amp;_rdc=1&amp;_rdr\" \/>\n<meta property=\"article:published_time\" content=\"2026-09-01T13:37:28+00:00\" \/>\n<meta property=\"article:modified_time\" content=\"2026-09-01T13:37:33+00:00\" \/>\n<meta property=\"og:image\" content=\"http:\/\/blgnoticiassantodomingo.net\/wp-content\/uploads\/2026\/09\/WhatsApp-Image-2026-08-31-at-1.43.31-PM-1.jpeg\" \/>\n\t<meta property=\"og:image:width\" content=\"1280\" \/>\n\t<meta property=\"og:image:height\" content=\"854\" \/>\n\t<meta property=\"og:image:type\" content=\"image\/jpeg\" \/>\n<meta name=\"author\" content=\"Brenda Guerrero\" \/>\n<meta name=\"twitter:card\" content=\"summary_large_image\" \/>\n<meta name=\"twitter:creator\" content=\"@BlgNoticias\" \/>\n<meta name=\"twitter:site\" content=\"@BlgNoticias\" \/>\n<meta name=\"twitter:label1\" content=\"Escrito por\" \/>\n\t<meta name=\"twitter:data1\" content=\"Brenda Guerrero\" \/>\n\t<meta name=\"twitter:label2\" content=\"Tiempo de lectura\" \/>\n\t<meta name=\"twitter:data2\" content=\"3 minutos\" \/>\n<script type=\"application\/ld+json\" class=\"yoast-schema-graph\">{\"@context\":\"https:\/\/schema.org\",\"@graph\":[{\"@type\":\"Article\",\"@id\":\"https:\/\/blgnoticiassantodomingo.net\/index.php\/2026\/09\/01\/infotep-certifica-a-262-colaboradores-de-la-camara-de-diputados-tras-completar-programa-de-formacion\/#article\",\"isPartOf\":{\"@id\":\"https:\/\/blgnoticiassantodomingo.net\/index.php\/2026\/09\/01\/infotep-certifica-a-262-colaboradores-de-la-camara-de-diputados-tras-completar-programa-de-formacion\/\"},\"author\":{\"name\":\"Brenda Guerrero\",\"@id\":\"https:\/\/blgnoticiassantodomingo.net\/#\/schema\/person\/e2fc21cf88acc63dbd134be981bff374\"},\"headline\":\"INFOTEP certifica a 262 colaboradores de la C\u00e1mara de Diputados tras completar programa de formaci\u00f3n\",\"datePublished\":\"2026-09-01T13:37:28+00:00\",\"dateModified\":\"2026-09-01T13:37:33+00:00\",\"mainEntityOfPage\":{\"@id\":\"https:\/\/blgnoticiassantodomingo.net\/index.php\/2026\/09\/01\/infotep-certifica-a-262-colaboradores-de-la-camara-de-diputados-tras-completar-programa-de-formacion\/\"},\"wordCount\":428,\"commentCount\":0,\"publisher\":{\"@id\":\"https:\/\/blgnoticiassantodomingo.net\/#organization\"},\"image\":{\"@id\":\"https:\/\/blgnoticiassantodomingo.net\/index.php\/2026\/09\/01\/infotep-certifica-a-262-colaboradores-de-la-camara-de-diputados-tras-completar-programa-de-formacion\/#primaryimage\"},\"thumbnailUrl\":\"https:\/\/blgnoticiassantodomingo.net\/wp-content\/uploads\/2026\/09\/WhatsApp-Image-2026-08-31-at-1.43.31-PM-1.jpeg\",\"keywords\":[\"C\u00e1mara de diputados\",\"Dharuelly D\u2019Aza\",\"Infotep\",\"Maira Morla Pineda\"],\"articleSection\":[\"Nacionales\"],\"inLanguage\":\"es\",\"potentialAction\":[{\"@type\":\"CommentAction\",\"name\":\"Comment\",\"target\":[\"https:\/\/blgnoticiassantodomingo.net\/index.php\/2026\/09\/01\/infotep-certifica-a-262-colaboradores-de-la-camara-de-diputados-tras-completar-programa-de-formacion\/#respond\"]}]},{\"@type\":\"WebPage\",\"@id\":\"https:\/\/blgnoticiassantodomingo.net\/index.php\/2026\/09\/01\/infotep-certifica-a-262-colaboradores-de-la-camara-de-diputados-tras-completar-programa-de-formacion\/\",\"url\":\"https:\/\/blgnoticiassantodomingo.net\/index.php\/2026\/09\/01\/infotep-certifica-a-262-colaboradores-de-la-camara-de-diputados-tras-completar-programa-de-formacion\/\",\"name\":\"INFOTEP certifica a 262 colaboradores de la C\u00e1mara de Diputados tras completar programa de formaci\u00f3n - BLG Noticias\",\"isPartOf\":{\"@id\":\"https:\/\/blgnoticiassantodomingo.net\/#website\"},\"primaryImageOfPage\":{\"@id\":\"https:\/\/blgnoticiassantodomingo.net\/index.php\/2026\/09\/01\/infotep-certifica-a-262-colaboradores-de-la-camara-de-diputados-tras-completar-programa-de-formacion\/#primaryimage\"},\"image\":{\"@id\":\"https:\/\/blgnoticiassantodomingo.net\/index.php\/2026\/09\/01\/infotep-certifica-a-262-colaboradores-de-la-camara-de-diputados-tras-completar-programa-de-formacion\/#primaryimage\"},\"thumbnailUrl\":\"https:\/\/blgnoticiassantodomingo.net\/wp-content\/uploads\/2026\/09\/WhatsApp-Image-2026-08-31-at-1.43.31-PM-1.jpeg\",\"datePublished\":\"2026-09-01T13:37:28+00:00\",\"dateModified\":\"2026-09-01T13:37:33+00:00\",\"breadcrumb\":{\"@id\":\"https:\/\/blgnoticiassantodomingo.net\/index.php\/2026\/09\/01\/infotep-certifica-a-262-colaboradores-de-la-camara-de-diputados-tras-completar-programa-de-formacion\/#breadcrumb\"},\"inLanguage\":\"es\",\"potentialAction\":[{\"@type\":\"ReadAction\",\"target\":[\"https:\/\/blgnoticiassantodomingo.net\/index.php\/2026\/09\/01\/infotep-certifica-a-262-colaboradores-de-la-camara-de-diputados-tras-completar-programa-de-formacion\/\"]}]},{\"@type\":\"ImageObject\",\"inLanguage\":\"es\",\"@id\":\"https:\/\/blgnoticiassantodomingo.net\/index.php\/2026\/09\/01\/infotep-certifica-a-262-colaboradores-de-la-camara-de-diputados-tras-completar-programa-de-formacion\/#primaryimage\",\"url\":\"https:\/\/blgnoticiassantodomingo.net\/wp-content\/uploads\/2026\/09\/WhatsApp-Image-2026-08-31-at-1.43.31-PM-1.jpeg\",\"contentUrl\":\"https:\/\/blgnoticiassantodomingo.net\/wp-content\/uploads\/2026\/09\/WhatsApp-Image-2026-08-31-at-1.43.31-PM-1.jpeg\",\"width\":1280,\"height\":854},{\"@type\":\"BreadcrumbList\",\"@id\":\"https:\/\/blgnoticiassantodomingo.net\/index.php\/2026\/09\/01\/infotep-certifica-a-262-colaboradores-de-la-camara-de-diputados-tras-completar-programa-de-formacion\/#breadcrumb\",\"itemListElement\":[{\"@type\":\"ListItem\",\"position\":1,\"name\":\"Portada\",\"item\":\"https:\/\/blgnoticiassantodomingo.net\/\"},{\"@type\":\"ListItem\",\"position\":2,\"name\":\"INFOTEP certifica a 262 colaboradores de la C\u00e1mara de Diputados tras completar programa de formaci\u00f3n\"}]},{\"@type\":\"WebSite\",\"@id\":\"https:\/\/blgnoticiassantodomingo.net\/#website\",\"url\":\"https:\/\/blgnoticiassantodomingo.net\/\",\"name\":\"BLG Noticias\",\"description\":\"Esto es Noticias\",\"publisher\":{\"@id\":\"https:\/\/blgnoticiassantodomingo.net\/#organization\"},\"potentialAction\":[{\"@type\":\"SearchAction\",\"target\":{\"@type\":\"EntryPoint\",\"urlTemplate\":\"https:\/\/blgnoticiassantodomingo.net\/?s={search_term_string}\"},\"query-input\":{\"@type\":\"PropertyValueSpecification\",\"valueRequired\":true,\"valueName\":\"search_term_string\"}}],\"inLanguage\":\"es\"},{\"@type\":\"Organization\",\"@id\":\"https:\/\/blgnoticiassantodomingo.net\/#organization\",\"name\":\"BLG Noticias\",\"url\":\"https:\/\/blgnoticiassantodomingo.net\/\",\"logo\":{\"@type\":\"ImageObject\",\"inLanguage\":\"es\",\"@id\":\"https:\/\/blgnoticiassantodomingo.net\/#\/schema\/logo\/image\/\",\"url\":\"https:\/\/blgnoticiassantodomingo.net\/wp-content\/uploads\/2023\/12\/Diseno-sin-titulo-3.jpg\",\"contentUrl\":\"https:\/\/blgnoticiassantodomingo.net\/wp-content\/uploads\/2023\/12\/Diseno-sin-titulo-3.jpg\",\"width\":500,\"height\":500,\"caption\":\"BLG Noticias\"},\"image\":{\"@id\":\"https:\/\/blgnoticiassantodomingo.net\/#\/schema\/logo\/image\/\"},\"sameAs\":[\"https:\/\/web.facebook.com\/BlgNoticias\/?locale=es_LA&_rdc=1&_rdr\",\"https:\/\/x.com\/BlgNoticias\",\"https:\/\/www.linkedin.com\/in\/brenda-l-santana-aa846279\/\"]},{\"@type\":\"Person\",\"@id\":\"https:\/\/blgnoticiassantodomingo.net\/#\/schema\/person\/e2fc21cf88acc63dbd134be981bff374\",\"name\":\"Brenda Guerrero\",\"image\":{\"@type\":\"ImageObject\",\"inLanguage\":\"es\",\"@id\":\"https:\/\/blgnoticiassantodomingo.net\/#\/schema\/person\/image\/\",\"url\":\"https:\/\/secure.gravatar.com\/avatar\/2f7fc4c3e3655be1580cb684bfd8ab19be702ae20879da1e072021daa02f9b8b?s=96&d=wp_user_avatar&r=g\",\"contentUrl\":\"https:\/\/secure.gravatar.com\/avatar\/2f7fc4c3e3655be1580cb684bfd8ab19be702ae20879da1e072021daa02f9b8b?s=96&d=wp_user_avatar&r=g\",\"caption\":\"Brenda Guerrero\"},\"description\":\"Periodista\",\"url\":\"https:\/\/blgnoticiassantodomingo.net\/index.php\/author\/brenda-guerrero\/\"}]}<\/script>\n<!-- \/ Yoast SEO plugin. -->","yoast_head_json":{"title":"INFOTEP certifica a 262 colaboradores de la C\u00e1mara de Diputados tras completar programa de formaci\u00f3n - BLG Noticias","robots":{"index":"index","follow":"follow","max-snippet":"max-snippet:-1","max-image-preview":"max-image-preview:large","max-video-preview":"max-video-preview:-1"},"canonical":"https:\/\/blgnoticiassantodomingo.net\/index.php\/2026\/09\/01\/infotep-certifica-a-262-colaboradores-de-la-camara-de-diputados-tras-completar-programa-de-formacion\/","og_locale":"es_ES","og_type":"article","og_title":"INFOTEP certifica a 262 colaboradores de la C\u00e1mara de Diputados tras completar programa de formaci\u00f3n - BLG Noticias","og_description":"El proceso gener\u00f3 aproximadamente 450 certificados y fortaleci\u00f3 competencias en tecnolog\u00eda, calidad, comunicaci\u00f3n y desarrollo organizacional SANTO DOMINGO. -El Instituto Nacional de Formaci\u00f3n T\u00e9cnico Profesional (INFOTEP) certific\u00f3 a 262 colaboradores de la C\u00e1mara de Diputados que completaron el programa de fortalecimiento de competencias t\u00e9cnicas y administrativas, en un acto encabezado por la directora general del [&hellip;]","og_url":"https:\/\/blgnoticiassantodomingo.net\/index.php\/2026\/09\/01\/infotep-certifica-a-262-colaboradores-de-la-camara-de-diputados-tras-completar-programa-de-formacion\/","og_site_name":"BLG Noticias","article_publisher":"https:\/\/web.facebook.com\/BlgNoticias\/?locale=es_LA&_rdc=1&_rdr","article_published_time":"2026-09-01T13:37:28+00:00","article_modified_time":"2026-09-01T13:37:33+00:00","og_image":[{"width":1280,"height":854,"url":"http:\/\/blgnoticiassantodomingo.net\/wp-content\/uploads\/2026\/09\/WhatsApp-Image-2026-08-31-at-1.43.31-PM-1.jpeg","type":"image\/jpeg"}],"author":"Brenda Guerrero","twitter_card":"summary_large_image","twitter_creator":"@BlgNoticias","twitter_site":"@BlgNoticias","twitter_misc":{"Escrito por":"Brenda Guerrero","Tiempo de lectura":"3 minutos"},"schema":{"@context":"https:\/\/schema.org","@graph":[{"@type":"Article","@id":"https:\/\/blgnoticiassantodomingo.net\/index.php\/2026\/09\/01\/infotep-certifica-a-262-colaboradores-de-la-camara-de-diputados-tras-completar-programa-de-formacion\/#article","isPartOf":{"@id":"https:\/\/blgnoticiassantodomingo.net\/index.php\/2026\/09\/01\/infotep-certifica-a-262-colaboradores-de-la-camara-de-diputados-tras-completar-programa-de-formacion\/"},"author":{"name":"Brenda Guerrero","@id":"https:\/\/blgnoticiassantodomingo.net\/#\/schema\/person\/e2fc21cf88acc63dbd134be981bff374"},"headline":"INFOTEP certifica a 262 colaboradores de la C\u00e1mara de Diputados tras completar programa de formaci\u00f3n","datePublished":"2026-09-01T13:37:28+00:00","dateModified":"2026-09-01T13:37:33+00:00","mainEntityOfPage":{"@id":"https:\/\/blgnoticiassantodomingo.net\/index.php\/2026\/09\/01\/infotep-certifica-a-262-colaboradores-de-la-camara-de-diputados-tras-completar-programa-de-formacion\/"},"wordCount":428,"commentCount":0,"publisher":{"@id":"https:\/\/blgnoticiassantodomingo.net\/#organization"},"image":{"@id":"https:\/\/blgnoticiassantodomingo.net\/index.php\/2026\/09\/01\/infotep-certifica-a-262-colaboradores-de-la-camara-de-diputados-tras-completar-programa-de-formacion\/#primaryimage"},"thumbnailUrl":"https:\/\/blgnoticiassantodomingo.net\/wp-content\/uploads\/2026\/09\/WhatsApp-Image-2026-08-31-at-1.43.31-PM-1.jpeg","keywords":["C\u00e1mara de diputados","Dharuelly D\u2019Aza","Infotep","Maira Morla Pineda"],"articleSection":["Nacionales"],"inLanguage":"es","potentialAction":[{"@type":"CommentAction","name":"Comment","target":["https:\/\/blgnoticiassantodomingo.net\/index.php\/2026\/09\/01\/infotep-certifica-a-262-colaboradores-de-la-camara-de-diputados-tras-completar-programa-de-formacion\/#respond"]}]},{"@type":"WebPage","@id":"https:\/\/blgnoticiassantodomingo.net\/index.php\/2026\/09\/01\/infotep-certifica-a-262-colaboradores-de-la-camara-de-diputados-tras-completar-programa-de-formacion\/","url":"https:\/\/blgnoticiassantodomingo.net\/index.php\/2026\/09\/01\/infotep-certifica-a-262-colaboradores-de-la-camara-de-diputados-tras-completar-programa-de-formacion\/","name":"INFOTEP certifica a 262 colaboradores de la C\u00e1mara de Diputados tras completar programa de formaci\u00f3n - BLG Noticias","isPartOf":{"@id":"https:\/\/blgnoticiassantodomingo.net\/#website"},"primaryImageOfPage":{"@id":"https:\/\/blgnoticiassantodomingo.net\/index.php\/2026\/09\/01\/infotep-certifica-a-262-colaboradores-de-la-camara-de-diputados-tras-completar-programa-de-formacion\/#primaryimage"},"image":{"@id":"https:\/\/blgnoticiassantodomingo.net\/index.php\/2026\/09\/01\/infotep-certifica-a-262-colaboradores-de-la-camara-de-diputados-tras-completar-programa-de-formacion\/#primaryimage"},"thumbnailUrl":"https:\/\/blgnoticiassantodomingo.net\/wp-content\/uploads\/2026\/09\/WhatsApp-Image-2026-08-31-at-1.43.31-PM-1.jpeg","datePublished":"2026-09-01T13:37:28+00:00","dateModified":"2026-09-01T13:37:33+00:00","breadcrumb":{"@id":"https:\/\/blgnoticiassantodomingo.net\/index.php\/2026\/09\/01\/infotep-certifica-a-262-colaboradores-de-la-camara-de-diputados-tras-completar-programa-de-formacion\/#breadcrumb"},"inLanguage":"es","potentialAction":[{"@type":"ReadAction","target":["https:\/\/blgnoticiassantodomingo.net\/index.php\/2026\/09\/01\/infotep-certifica-a-262-colaboradores-de-la-camara-de-diputados-tras-completar-programa-de-formacion\/"]}]},{"@type":"ImageObject","inLanguage":"es","@id":"https:\/\/blgnoticiassantodomingo.net\/index.php\/2026\/09\/01\/infotep-certifica-a-262-colaboradores-de-la-camara-de-diputados-tras-completar-programa-de-formacion\/#primaryimage","url":"https:\/\/blgnoticiassantodomingo.net\/wp-content\/uploads\/2026\/09\/WhatsApp-Image-2026-08-31-at-1.43.31-PM-1.jpeg","contentUrl":"https:\/\/blgnoticiassantodomingo.net\/wp-content\/uploads\/2026\/09\/WhatsApp-Image-2026-08-31-at-1.43.31-PM-1.jpeg","width":1280,"height":854},{"@type":"BreadcrumbList","@id":"https:\/\/blgnoticiassantodomingo.net\/index.php\/2026\/09\/01\/infotep-certifica-a-262-colaboradores-de-la-camara-de-diputados-tras-completar-programa-de-formacion\/#breadcrumb","itemListElement":[{"@type":"ListItem","position":1,"name":"Portada","item":"https:\/\/blgnoticiassantodomingo.net\/"},{"@type":"ListItem","position":2,"name":"INFOTEP certifica a 262 colaboradores de la C\u00e1mara de Diputados tras completar programa de formaci\u00f3n"}]},{"@type":"WebSite","@id":"https:\/\/blgnoticiassantodomingo.net\/#website","url":"https:\/\/blgnoticiassantodomingo.net\/","name":"BLG Noticias","description":"Esto es Noticias","publisher":{"@id":"https:\/\/blgnoticiassantodomingo.net\/#organization"},"potentialAction":[{"@type":"SearchAction","target":{"@type":"EntryPoint","urlTemplate":"https:\/\/blgnoticiassantodomingo.net\/?s={search_term_string}"},"query-input":{"@type":"PropertyValueSpecification","valueRequired":true,"valueName":"search_term_string"}}],"inLanguage":"es"},{"@type":"Organization","@id":"https:\/\/blgnoticiassantodomingo.net\/#organization","name":"BLG Noticias","url":"https:\/\/blgnoticiassantodomingo.net\/","logo":{"@type":"ImageObject","inLanguage":"es","@id":"https:\/\/blgnoticiassantodomingo.net\/#\/schema\/logo\/image\/","url":"https:\/\/blgnoticiassantodomingo.net\/wp-content\/uploads\/2023\/12\/Diseno-sin-titulo-3.jpg","contentUrl":"https:\/\/blgnoticiassantodomingo.net\/wp-content\/uploads\/2023\/12\/Diseno-sin-titulo-3.jpg","width":500,"height":500,"caption":"BLG Noticias"},"image":{"@id":"https:\/\/blgnoticiassantodomingo.net\/#\/schema\/logo\/image\/"},"sameAs":["https:\/\/web.facebook.com\/BlgNoticias\/?locale=es_LA&_rdc=1&_rdr","https:\/\/x.com\/BlgNoticias","https:\/\/www.linkedin.com\/in\/brenda-l-santana-aa846279\/"]},{"@type":"Person","@id":"https:\/\/blgnoticiassantodomingo.net\/#\/schema\/person\/e2fc21cf88acc63dbd134be981bff374","name":"Brenda Guerrero","image":{"@type":"ImageObject","inLanguage":"es","@id":"https:\/\/blgnoticiassantodomingo.net\/#\/schema\/person\/image\/","url":"https:\/\/secure.gravatar.com\/avatar\/2f7fc4c3e3655be1580cb684bfd8ab19be702ae20879da1e072021daa02f9b8b?s=96&d=wp_user_avatar&r=g","contentUrl":"https:\/\/secure.gravatar.com\/avatar\/2f7fc4c3e3655be1580cb684bfd8ab19be702ae20879da1e072021daa02f9b8b?s=96&d=wp_user_avatar&r=g","caption":"Brenda Guerrero"},"description":"Periodista","url":"https:\/\/blgnoticiassantodomingo.net\/index.php\/author\/brenda-guerrero\/"}]}},"jetpack_featured_media_url":"https:\/\/blgnoticiassantodomingo.net\/wp-content\/uploads\/2026\/09\/WhatsApp-Image-2026-08-31-at-1.43.31-PM-1.jpeg","_links":{"self":[{"href":"https:\/\/blgnoticiassantodomingo.net\/index.php\/wp-json\/wp\/v2\/posts\/52679","targetHints":{"allow":["GET"]}}],"collection":[{"href":"https:\/\/blgnoticiassantodomingo.net\/index.php\/wp-json\/wp\/v2\/posts"}],"about":[{"href":"https:\/\/blgnoticiassantodomingo.net\/index.php\/wp-json\/wp\/v2\/types\/post"}],"author":[{"embeddable":true,"href":"https:\/\/blgnoticiassantodomingo.net\/index.php\/wp-json\/wp\/v2\/users\/2"}],"replies":[{"embeddable":true,"href":"https:\/\/blgnoticiassantodomingo.net\/index.php\/wp-json\/wp\/v2\/comments?post=52679"}],"version-history":[{"count":1,"href":"https:\/\/blgnoticiassantodomingo.net\/index.php\/wp-json\/wp\/v2\/posts\/52679\/revisions"}],"predecessor-version":[{"id":52684,"href":"https:\/\/blgnoticiassantodomingo.net\/index.php\/wp-json\/wp\/v2\/posts\/52679\/revisions\/52684"}],"wp:featuredmedia":[{"embeddable":true,"href":"https:\/\/blgnoticiassantodomingo.net\/index.php\/wp-json\/wp\/v2\/media\/52680"}],"wp:attachment":[{"href":"https:\/\/blgnoticiassantodomingo.net\/index.php\/wp-json\/wp\/v2\/media?parent=52679"}],"wp:term":[{"taxonomy":"category","embeddable":true,"href":"https:\/\/blgnoticiassantodomingo.net\/index.php\/wp-json\/wp\/v2\/categories?post=52679"},{"taxonomy":"post_tag","embeddable":true,"href":"https:\/\/blgnoticiassantodomingo.net\/index.php\/wp-json\/wp\/v2\/tags?post=52679"}],"curies":[{"name":"wp","href":"https:\/\/api.w.org\/{rel}","templated":true}]}}