{"id":51153,"date":"2026-04-30T09:45:02","date_gmt":"2026-04-30T13:45:02","guid":{"rendered":"https:\/\/blgnoticiassantodomingo.net\/?p=51153"},"modified":"2026-04-30T09:45:09","modified_gmt":"2026-04-30T13:45:09","slug":"carolina-inicia-segunda-fase-del-programa-sectores-iluminados-mas-seguros-en-san-carlos","status":"publish","type":"post","link":"https:\/\/blgnoticiassantodomingo.net\/index.php\/2026\/04\/30\/carolina-inicia-segunda-fase-del-programa-sectores-iluminados-mas-seguros-en-san-carlos\/","title":{"rendered":"Carolina inicia segunda fase del programa Sectores Iluminados m\u00e1s Seguros en San Carlos"},"content":{"rendered":"\n<p>Santo Domingo, DN &#8211; Carolina Mej\u00eda inici\u00f3 la segunda fase del programa Sectores Iluminados M\u00e1s Seguros, entregando 318 luminarias LED en m\u00e1s de 40 calles intervenidas del sector de San Carlos.<\/p>\n\n\n\n<p>Esta segunda etapa del programa busca instalar 10 mil luminarias para terminar de iluminar en su totalidad las v\u00edas y sectores del Distrito Nacional, para que los ciudadanos puedan transitar sinti\u00e9ndose m\u00e1s seguros y compartir en horas de la noche en los distintos espacios.<\/p>\n\n\n\n<p>\u201cSan Carlos es hoy un sector m\u00e1s iluminado y m\u00e1s seguro\u201d, dijo Mej\u00eda entre los aplausos de los asistentes. Asimismo, la ejecutiva municipal hizo un recorrido por varias viviendas y negocios de la barriada para palpar la satisfacci\u00f3n de los comunitarios.<\/p>\n\n\n\n<p>Con inmensa alegr\u00eda, los comunitarios le externaron su agradecimiento por las acciones en diferentes \u00e1reas que ha tenido la ejecutiva municipal en San Carlos durante su gesti\u00f3n.<\/p>\n\n\n\n<figure class=\"wp-block-image size-large\"><img decoding=\"async\" width=\"1024\" height=\"566\" src=\"https:\/\/blgnoticiassantodomingo.net\/wp-content\/uploads\/2026\/04\/WhatsApp-Image-2026-04-29-at-3.56.45-PM-1024x566.jpeg\" alt=\"\" class=\"wp-image-51155\" srcset=\"https:\/\/blgnoticiassantodomingo.net\/wp-content\/uploads\/2026\/04\/WhatsApp-Image-2026-04-29-at-3.56.45-PM-1024x566.jpeg 1024w, https:\/\/blgnoticiassantodomingo.net\/wp-content\/uploads\/2026\/04\/WhatsApp-Image-2026-04-29-at-3.56.45-PM-300x166.jpeg 300w, https:\/\/blgnoticiassantodomingo.net\/wp-content\/uploads\/2026\/04\/WhatsApp-Image-2026-04-29-at-3.56.45-PM-768x425.jpeg 768w, https:\/\/blgnoticiassantodomingo.net\/wp-content\/uploads\/2026\/04\/WhatsApp-Image-2026-04-29-at-3.56.45-PM-1536x850.jpeg 1536w, https:\/\/blgnoticiassantodomingo.net\/wp-content\/uploads\/2026\/04\/WhatsApp-Image-2026-04-29-at-3.56.45-PM-759x420.jpeg 759w, https:\/\/blgnoticiassantodomingo.net\/wp-content\/uploads\/2026\/04\/WhatsApp-Image-2026-04-29-at-3.56.45-PM-150x83.jpeg 150w, https:\/\/blgnoticiassantodomingo.net\/wp-content\/uploads\/2026\/04\/WhatsApp-Image-2026-04-29-at-3.56.45-PM-696x385.jpeg 696w, https:\/\/blgnoticiassantodomingo.net\/wp-content\/uploads\/2026\/04\/WhatsApp-Image-2026-04-29-at-3.56.45-PM-1068x591.jpeg 1068w, https:\/\/blgnoticiassantodomingo.net\/wp-content\/uploads\/2026\/04\/WhatsApp-Image-2026-04-29-at-3.56.45-PM.jpeg 1920w\" sizes=\"(max-width: 1024px) 100vw, 1024px\" \/><\/figure>\n\n\n\n<p>Al acto tambi\u00e9n asisti\u00f3 el coronel Diego Pesqueira, presidente del Consejo Directivo del Club Deportivo y Cultural San Carlos, quien manifest\u00f3 su gratitud porque estas luminarias entregadas por Carolina se convierten en mayor seguridad para el sector.<\/p>\n\n\n\n<p>Tambi\u00e9n dijo presente el director de Desarrollo Comunitario, Raymond Rodr\u00edguez y los regidores Giancarlo Vega, Yovany Moya, Junior \u201cNuno\u201d Castillo y Mar\u00eda Laura B\u00e1ez.<\/p>\n\n\n\n<p>La primera fase del exitoso programa concluy\u00f3 con alrededor de 10 mil luminarias LED colocadas en 23 sectores y 11 avenidas y 200 c\u00e1maras de videovigilancia monitoreadas por el Sistema de Emergencia 9-1-1.<\/p>\n\n\n\n<p>La alcaldesa ha encabezado entregas de las l\u00e1mparas LED en Los R\u00edos, Zona Universitaria, Manganagua, ensanche Luper\u00f3n, San Ger\u00f3nimo, El Milloncito, Las Praderas, El Vergel, Bella Vista, Evaristo Morales, Rosmil, El Mill\u00f3n, Piantini, ensanche Julieta, Altos de Arroyo Hondo II, El Cacique, Los Cacicazgos, Mirador Sur, Mar Azul, Miraflores, ensanche Carmelita y 30 de Mayo. Adem\u00e1s, en las avenidas Cayetano Germos\u00e9n, Monumental, Tunti C\u00e1ceres, Abraham Lincoln, N\u00fa\u00f1ez de C\u00e1ceres, entre otras.<\/p>\n\n\n\n<p>La alcald\u00eda ha llegado hasta este populoso sector de San Carlos a trav\u00e9s del programa La Alcald\u00eda Llega a Ti, d\u00e1ndole la oportunidad de que puedan expresar sus quejas y luego un operativo m\u00e9dico social fruto de esta visita.<\/p>\n","protected":false},"excerpt":{"rendered":"<p>Santo Domingo, DN &#8211; Carolina Mej\u00eda inici\u00f3 la segunda fase del programa Sectores Iluminados M\u00e1s Seguros, entregando 318 luminarias LED en m\u00e1s de 40 calles intervenidas del sector de San Carlos. Esta segunda etapa del programa busca instalar 10 mil luminarias para terminar de iluminar en su totalidad las v\u00edas y sectores del Distrito Nacional, [&hellip;]<\/p>\n","protected":false},"author":2,"featured_media":51154,"comment_status":"open","ping_status":"open","sticky":false,"template":"","format":"standard","meta":{"footnotes":""},"categories":[220],"tags":[9796,15267,3526],"class_list":{"0":"post-51153","1":"post","2":"type-post","3":"status-publish","4":"format-standard","5":"has-post-thumbnail","7":"category-nacionales","8":"tag-alcaldesa-carolina-mejia","9":"tag-programa-sectores-iluminados","10":"tag-san-carlos"},"yoast_head":"<!-- This site is optimized with the Yoast SEO plugin v24.9 - https:\/\/yoast.com\/wordpress\/plugins\/seo\/ -->\n<title>Carolina inicia segunda fase del programa Sectores Iluminados m\u00e1s Seguros en San Carlos - BLG Noticias<\/title>\n<meta name=\"robots\" content=\"index, follow, max-snippet:-1, max-image-preview:large, max-video-preview:-1\" \/>\n<link rel=\"canonical\" href=\"https:\/\/blgnoticiassantodomingo.net\/index.php\/2026\/04\/30\/carolina-inicia-segunda-fase-del-programa-sectores-iluminados-mas-seguros-en-san-carlos\/\" \/>\n<meta property=\"og:locale\" content=\"es_ES\" \/>\n<meta property=\"og:type\" content=\"article\" \/>\n<meta property=\"og:title\" content=\"Carolina inicia segunda fase del programa Sectores Iluminados m\u00e1s Seguros en San Carlos - BLG Noticias\" \/>\n<meta property=\"og:description\" content=\"Santo Domingo, DN &#8211; Carolina Mej\u00eda inici\u00f3 la segunda fase del programa Sectores Iluminados M\u00e1s Seguros, entregando 318 luminarias LED en m\u00e1s de 40 calles intervenidas del sector de San Carlos. Esta segunda etapa del programa busca instalar 10 mil luminarias para terminar de iluminar en su totalidad las v\u00edas y sectores del Distrito Nacional, [&hellip;]\" \/>\n<meta property=\"og:url\" content=\"https:\/\/blgnoticiassantodomingo.net\/index.php\/2026\/04\/30\/carolina-inicia-segunda-fase-del-programa-sectores-iluminados-mas-seguros-en-san-carlos\/\" \/>\n<meta property=\"og:site_name\" content=\"BLG Noticias\" \/>\n<meta property=\"article:publisher\" content=\"https:\/\/web.facebook.com\/BlgNoticias\/?locale=es_LA&amp;_rdc=1&amp;_rdr\" \/>\n<meta property=\"article:published_time\" content=\"2026-04-30T13:45:02+00:00\" \/>\n<meta property=\"article:modified_time\" content=\"2026-04-30T13:45:09+00:00\" \/>\n<meta property=\"og:image\" content=\"http:\/\/blgnoticiassantodomingo.net\/wp-content\/uploads\/2026\/04\/WhatsApp-Image-2026-04-29-at-3.56.44-PM.jpeg\" \/>\n\t<meta property=\"og:image:width\" content=\"1040\" \/>\n\t<meta property=\"og:image:height\" content=\"610\" \/>\n\t<meta property=\"og:image:type\" content=\"image\/jpeg\" \/>\n<meta name=\"author\" content=\"Brenda Guerrero\" \/>\n<meta name=\"twitter:card\" content=\"summary_large_image\" \/>\n<meta name=\"twitter:creator\" content=\"@BlgNoticias\" \/>\n<meta name=\"twitter:site\" content=\"@BlgNoticias\" \/>\n<meta name=\"twitter:label1\" content=\"Escrito por\" \/>\n\t<meta name=\"twitter:data1\" content=\"Brenda Guerrero\" \/>\n\t<meta name=\"twitter:label2\" content=\"Tiempo de lectura\" \/>\n\t<meta name=\"twitter:data2\" content=\"2 minutos\" \/>\n<script type=\"application\/ld+json\" class=\"yoast-schema-graph\">{\"@context\":\"https:\/\/schema.org\",\"@graph\":[{\"@type\":\"Article\",\"@id\":\"https:\/\/blgnoticiassantodomingo.net\/index.php\/2026\/04\/30\/carolina-inicia-segunda-fase-del-programa-sectores-iluminados-mas-seguros-en-san-carlos\/#article\",\"isPartOf\":{\"@id\":\"https:\/\/blgnoticiassantodomingo.net\/index.php\/2026\/04\/30\/carolina-inicia-segunda-fase-del-programa-sectores-iluminados-mas-seguros-en-san-carlos\/\"},\"author\":{\"name\":\"Brenda Guerrero\",\"@id\":\"https:\/\/blgnoticiassantodomingo.net\/#\/schema\/person\/e2fc21cf88acc63dbd134be981bff374\"},\"headline\":\"Carolina inicia segunda fase del programa Sectores Iluminados m\u00e1s Seguros en San Carlos\",\"datePublished\":\"2026-04-30T13:45:02+00:00\",\"dateModified\":\"2026-04-30T13:45:09+00:00\",\"mainEntityOfPage\":{\"@id\":\"https:\/\/blgnoticiassantodomingo.net\/index.php\/2026\/04\/30\/carolina-inicia-segunda-fase-del-programa-sectores-iluminados-mas-seguros-en-san-carlos\/\"},\"wordCount\":387,\"commentCount\":0,\"publisher\":{\"@id\":\"https:\/\/blgnoticiassantodomingo.net\/#organization\"},\"image\":{\"@id\":\"https:\/\/blgnoticiassantodomingo.net\/index.php\/2026\/04\/30\/carolina-inicia-segunda-fase-del-programa-sectores-iluminados-mas-seguros-en-san-carlos\/#primaryimage\"},\"thumbnailUrl\":\"https:\/\/blgnoticiassantodomingo.net\/wp-content\/uploads\/2026\/04\/WhatsApp-Image-2026-04-29-at-3.56.44-PM.jpeg\",\"keywords\":[\"Alcaldesa Carolina Mej\u00eda\",\"programa Sectores Iluminados\",\"San Carlos\"],\"articleSection\":[\"Nacionales\"],\"inLanguage\":\"es\",\"potentialAction\":[{\"@type\":\"CommentAction\",\"name\":\"Comment\",\"target\":[\"https:\/\/blgnoticiassantodomingo.net\/index.php\/2026\/04\/30\/carolina-inicia-segunda-fase-del-programa-sectores-iluminados-mas-seguros-en-san-carlos\/#respond\"]}]},{\"@type\":\"WebPage\",\"@id\":\"https:\/\/blgnoticiassantodomingo.net\/index.php\/2026\/04\/30\/carolina-inicia-segunda-fase-del-programa-sectores-iluminados-mas-seguros-en-san-carlos\/\",\"url\":\"https:\/\/blgnoticiassantodomingo.net\/index.php\/2026\/04\/30\/carolina-inicia-segunda-fase-del-programa-sectores-iluminados-mas-seguros-en-san-carlos\/\",\"name\":\"Carolina inicia segunda fase del programa Sectores Iluminados m\u00e1s Seguros en San Carlos - BLG Noticias\",\"isPartOf\":{\"@id\":\"https:\/\/blgnoticiassantodomingo.net\/#website\"},\"primaryImageOfPage\":{\"@id\":\"https:\/\/blgnoticiassantodomingo.net\/index.php\/2026\/04\/30\/carolina-inicia-segunda-fase-del-programa-sectores-iluminados-mas-seguros-en-san-carlos\/#primaryimage\"},\"image\":{\"@id\":\"https:\/\/blgnoticiassantodomingo.net\/index.php\/2026\/04\/30\/carolina-inicia-segunda-fase-del-programa-sectores-iluminados-mas-seguros-en-san-carlos\/#primaryimage\"},\"thumbnailUrl\":\"https:\/\/blgnoticiassantodomingo.net\/wp-content\/uploads\/2026\/04\/WhatsApp-Image-2026-04-29-at-3.56.44-PM.jpeg\",\"datePublished\":\"2026-04-30T13:45:02+00:00\",\"dateModified\":\"2026-04-30T13:45:09+00:00\",\"breadcrumb\":{\"@id\":\"https:\/\/blgnoticiassantodomingo.net\/index.php\/2026\/04\/30\/carolina-inicia-segunda-fase-del-programa-sectores-iluminados-mas-seguros-en-san-carlos\/#breadcrumb\"},\"inLanguage\":\"es\",\"potentialAction\":[{\"@type\":\"ReadAction\",\"target\":[\"https:\/\/blgnoticiassantodomingo.net\/index.php\/2026\/04\/30\/carolina-inicia-segunda-fase-del-programa-sectores-iluminados-mas-seguros-en-san-carlos\/\"]}]},{\"@type\":\"ImageObject\",\"inLanguage\":\"es\",\"@id\":\"https:\/\/blgnoticiassantodomingo.net\/index.php\/2026\/04\/30\/carolina-inicia-segunda-fase-del-programa-sectores-iluminados-mas-seguros-en-san-carlos\/#primaryimage\",\"url\":\"https:\/\/blgnoticiassantodomingo.net\/wp-content\/uploads\/2026\/04\/WhatsApp-Image-2026-04-29-at-3.56.44-PM.jpeg\",\"contentUrl\":\"https:\/\/blgnoticiassantodomingo.net\/wp-content\/uploads\/2026\/04\/WhatsApp-Image-2026-04-29-at-3.56.44-PM.jpeg\",\"width\":1040,\"height\":610},{\"@type\":\"BreadcrumbList\",\"@id\":\"https:\/\/blgnoticiassantodomingo.net\/index.php\/2026\/04\/30\/carolina-inicia-segunda-fase-del-programa-sectores-iluminados-mas-seguros-en-san-carlos\/#breadcrumb\",\"itemListElement\":[{\"@type\":\"ListItem\",\"position\":1,\"name\":\"Portada\",\"item\":\"https:\/\/blgnoticiassantodomingo.net\/\"},{\"@type\":\"ListItem\",\"position\":2,\"name\":\"Carolina inicia segunda fase del programa Sectores Iluminados m\u00e1s Seguros en San Carlos\"}]},{\"@type\":\"WebSite\",\"@id\":\"https:\/\/blgnoticiassantodomingo.net\/#website\",\"url\":\"https:\/\/blgnoticiassantodomingo.net\/\",\"name\":\"BLG Noticias\",\"description\":\"Esto es Noticias\",\"publisher\":{\"@id\":\"https:\/\/blgnoticiassantodomingo.net\/#organization\"},\"potentialAction\":[{\"@type\":\"SearchAction\",\"target\":{\"@type\":\"EntryPoint\",\"urlTemplate\":\"https:\/\/blgnoticiassantodomingo.net\/?s={search_term_string}\"},\"query-input\":{\"@type\":\"PropertyValueSpecification\",\"valueRequired\":true,\"valueName\":\"search_term_string\"}}],\"inLanguage\":\"es\"},{\"@type\":\"Organization\",\"@id\":\"https:\/\/blgnoticiassantodomingo.net\/#organization\",\"name\":\"BLG Noticias\",\"url\":\"https:\/\/blgnoticiassantodomingo.net\/\",\"logo\":{\"@type\":\"ImageObject\",\"inLanguage\":\"es\",\"@id\":\"https:\/\/blgnoticiassantodomingo.net\/#\/schema\/logo\/image\/\",\"url\":\"https:\/\/blgnoticiassantodomingo.net\/wp-content\/uploads\/2023\/12\/Diseno-sin-titulo-3.jpg\",\"contentUrl\":\"https:\/\/blgnoticiassantodomingo.net\/wp-content\/uploads\/2023\/12\/Diseno-sin-titulo-3.jpg\",\"width\":500,\"height\":500,\"caption\":\"BLG Noticias\"},\"image\":{\"@id\":\"https:\/\/blgnoticiassantodomingo.net\/#\/schema\/logo\/image\/\"},\"sameAs\":[\"https:\/\/web.facebook.com\/BlgNoticias\/?locale=es_LA&_rdc=1&_rdr\",\"https:\/\/x.com\/BlgNoticias\",\"https:\/\/www.linkedin.com\/in\/brenda-l-santana-aa846279\/\"]},{\"@type\":\"Person\",\"@id\":\"https:\/\/blgnoticiassantodomingo.net\/#\/schema\/person\/e2fc21cf88acc63dbd134be981bff374\",\"name\":\"Brenda Guerrero\",\"image\":{\"@type\":\"ImageObject\",\"inLanguage\":\"es\",\"@id\":\"https:\/\/blgnoticiassantodomingo.net\/#\/schema\/person\/image\/\",\"url\":\"https:\/\/secure.gravatar.com\/avatar\/2f7fc4c3e3655be1580cb684bfd8ab19be702ae20879da1e072021daa02f9b8b?s=96&d=wp_user_avatar&r=g\",\"contentUrl\":\"https:\/\/secure.gravatar.com\/avatar\/2f7fc4c3e3655be1580cb684bfd8ab19be702ae20879da1e072021daa02f9b8b?s=96&d=wp_user_avatar&r=g\",\"caption\":\"Brenda Guerrero\"},\"description\":\"Periodista\",\"url\":\"https:\/\/blgnoticiassantodomingo.net\/index.php\/author\/brenda-guerrero\/\"}]}<\/script>\n<!-- \/ Yoast SEO plugin. -->","yoast_head_json":{"title":"Carolina inicia segunda fase del programa Sectores Iluminados m\u00e1s Seguros en San Carlos - BLG Noticias","robots":{"index":"index","follow":"follow","max-snippet":"max-snippet:-1","max-image-preview":"max-image-preview:large","max-video-preview":"max-video-preview:-1"},"canonical":"https:\/\/blgnoticiassantodomingo.net\/index.php\/2026\/04\/30\/carolina-inicia-segunda-fase-del-programa-sectores-iluminados-mas-seguros-en-san-carlos\/","og_locale":"es_ES","og_type":"article","og_title":"Carolina inicia segunda fase del programa Sectores Iluminados m\u00e1s Seguros en San Carlos - BLG Noticias","og_description":"Santo Domingo, DN &#8211; Carolina Mej\u00eda inici\u00f3 la segunda fase del programa Sectores Iluminados M\u00e1s Seguros, entregando 318 luminarias LED en m\u00e1s de 40 calles intervenidas del sector de San Carlos. Esta segunda etapa del programa busca instalar 10 mil luminarias para terminar de iluminar en su totalidad las v\u00edas y sectores del Distrito Nacional, [&hellip;]","og_url":"https:\/\/blgnoticiassantodomingo.net\/index.php\/2026\/04\/30\/carolina-inicia-segunda-fase-del-programa-sectores-iluminados-mas-seguros-en-san-carlos\/","og_site_name":"BLG Noticias","article_publisher":"https:\/\/web.facebook.com\/BlgNoticias\/?locale=es_LA&_rdc=1&_rdr","article_published_time":"2026-04-30T13:45:02+00:00","article_modified_time":"2026-04-30T13:45:09+00:00","og_image":[{"width":1040,"height":610,"url":"http:\/\/blgnoticiassantodomingo.net\/wp-content\/uploads\/2026\/04\/WhatsApp-Image-2026-04-29-at-3.56.44-PM.jpeg","type":"image\/jpeg"}],"author":"Brenda Guerrero","twitter_card":"summary_large_image","twitter_creator":"@BlgNoticias","twitter_site":"@BlgNoticias","twitter_misc":{"Escrito por":"Brenda Guerrero","Tiempo de lectura":"2 minutos"},"schema":{"@context":"https:\/\/schema.org","@graph":[{"@type":"Article","@id":"https:\/\/blgnoticiassantodomingo.net\/index.php\/2026\/04\/30\/carolina-inicia-segunda-fase-del-programa-sectores-iluminados-mas-seguros-en-san-carlos\/#article","isPartOf":{"@id":"https:\/\/blgnoticiassantodomingo.net\/index.php\/2026\/04\/30\/carolina-inicia-segunda-fase-del-programa-sectores-iluminados-mas-seguros-en-san-carlos\/"},"author":{"name":"Brenda Guerrero","@id":"https:\/\/blgnoticiassantodomingo.net\/#\/schema\/person\/e2fc21cf88acc63dbd134be981bff374"},"headline":"Carolina inicia segunda fase del programa Sectores Iluminados m\u00e1s Seguros en San Carlos","datePublished":"2026-04-30T13:45:02+00:00","dateModified":"2026-04-30T13:45:09+00:00","mainEntityOfPage":{"@id":"https:\/\/blgnoticiassantodomingo.net\/index.php\/2026\/04\/30\/carolina-inicia-segunda-fase-del-programa-sectores-iluminados-mas-seguros-en-san-carlos\/"},"wordCount":387,"commentCount":0,"publisher":{"@id":"https:\/\/blgnoticiassantodomingo.net\/#organization"},"image":{"@id":"https:\/\/blgnoticiassantodomingo.net\/index.php\/2026\/04\/30\/carolina-inicia-segunda-fase-del-programa-sectores-iluminados-mas-seguros-en-san-carlos\/#primaryimage"},"thumbnailUrl":"https:\/\/blgnoticiassantodomingo.net\/wp-content\/uploads\/2026\/04\/WhatsApp-Image-2026-04-29-at-3.56.44-PM.jpeg","keywords":["Alcaldesa Carolina Mej\u00eda","programa Sectores Iluminados","San Carlos"],"articleSection":["Nacionales"],"inLanguage":"es","potentialAction":[{"@type":"CommentAction","name":"Comment","target":["https:\/\/blgnoticiassantodomingo.net\/index.php\/2026\/04\/30\/carolina-inicia-segunda-fase-del-programa-sectores-iluminados-mas-seguros-en-san-carlos\/#respond"]}]},{"@type":"WebPage","@id":"https:\/\/blgnoticiassantodomingo.net\/index.php\/2026\/04\/30\/carolina-inicia-segunda-fase-del-programa-sectores-iluminados-mas-seguros-en-san-carlos\/","url":"https:\/\/blgnoticiassantodomingo.net\/index.php\/2026\/04\/30\/carolina-inicia-segunda-fase-del-programa-sectores-iluminados-mas-seguros-en-san-carlos\/","name":"Carolina inicia segunda fase del programa Sectores Iluminados m\u00e1s Seguros en San Carlos - BLG Noticias","isPartOf":{"@id":"https:\/\/blgnoticiassantodomingo.net\/#website"},"primaryImageOfPage":{"@id":"https:\/\/blgnoticiassantodomingo.net\/index.php\/2026\/04\/30\/carolina-inicia-segunda-fase-del-programa-sectores-iluminados-mas-seguros-en-san-carlos\/#primaryimage"},"image":{"@id":"https:\/\/blgnoticiassantodomingo.net\/index.php\/2026\/04\/30\/carolina-inicia-segunda-fase-del-programa-sectores-iluminados-mas-seguros-en-san-carlos\/#primaryimage"},"thumbnailUrl":"https:\/\/blgnoticiassantodomingo.net\/wp-content\/uploads\/2026\/04\/WhatsApp-Image-2026-04-29-at-3.56.44-PM.jpeg","datePublished":"2026-04-30T13:45:02+00:00","dateModified":"2026-04-30T13:45:09+00:00","breadcrumb":{"@id":"https:\/\/blgnoticiassantodomingo.net\/index.php\/2026\/04\/30\/carolina-inicia-segunda-fase-del-programa-sectores-iluminados-mas-seguros-en-san-carlos\/#breadcrumb"},"inLanguage":"es","potentialAction":[{"@type":"ReadAction","target":["https:\/\/blgnoticiassantodomingo.net\/index.php\/2026\/04\/30\/carolina-inicia-segunda-fase-del-programa-sectores-iluminados-mas-seguros-en-san-carlos\/"]}]},{"@type":"ImageObject","inLanguage":"es","@id":"https:\/\/blgnoticiassantodomingo.net\/index.php\/2026\/04\/30\/carolina-inicia-segunda-fase-del-programa-sectores-iluminados-mas-seguros-en-san-carlos\/#primaryimage","url":"https:\/\/blgnoticiassantodomingo.net\/wp-content\/uploads\/2026\/04\/WhatsApp-Image-2026-04-29-at-3.56.44-PM.jpeg","contentUrl":"https:\/\/blgnoticiassantodomingo.net\/wp-content\/uploads\/2026\/04\/WhatsApp-Image-2026-04-29-at-3.56.44-PM.jpeg","width":1040,"height":610},{"@type":"BreadcrumbList","@id":"https:\/\/blgnoticiassantodomingo.net\/index.php\/2026\/04\/30\/carolina-inicia-segunda-fase-del-programa-sectores-iluminados-mas-seguros-en-san-carlos\/#breadcrumb","itemListElement":[{"@type":"ListItem","position":1,"name":"Portada","item":"https:\/\/blgnoticiassantodomingo.net\/"},{"@type":"ListItem","position":2,"name":"Carolina inicia segunda fase del programa Sectores Iluminados m\u00e1s Seguros en San Carlos"}]},{"@type":"WebSite","@id":"https:\/\/blgnoticiassantodomingo.net\/#website","url":"https:\/\/blgnoticiassantodomingo.net\/","name":"BLG Noticias","description":"Esto es Noticias","publisher":{"@id":"https:\/\/blgnoticiassantodomingo.net\/#organization"},"potentialAction":[{"@type":"SearchAction","target":{"@type":"EntryPoint","urlTemplate":"https:\/\/blgnoticiassantodomingo.net\/?s={search_term_string}"},"query-input":{"@type":"PropertyValueSpecification","valueRequired":true,"valueName":"search_term_string"}}],"inLanguage":"es"},{"@type":"Organization","@id":"https:\/\/blgnoticiassantodomingo.net\/#organization","name":"BLG Noticias","url":"https:\/\/blgnoticiassantodomingo.net\/","logo":{"@type":"ImageObject","inLanguage":"es","@id":"https:\/\/blgnoticiassantodomingo.net\/#\/schema\/logo\/image\/","url":"https:\/\/blgnoticiassantodomingo.net\/wp-content\/uploads\/2023\/12\/Diseno-sin-titulo-3.jpg","contentUrl":"https:\/\/blgnoticiassantodomingo.net\/wp-content\/uploads\/2023\/12\/Diseno-sin-titulo-3.jpg","width":500,"height":500,"caption":"BLG Noticias"},"image":{"@id":"https:\/\/blgnoticiassantodomingo.net\/#\/schema\/logo\/image\/"},"sameAs":["https:\/\/web.facebook.com\/BlgNoticias\/?locale=es_LA&_rdc=1&_rdr","https:\/\/x.com\/BlgNoticias","https:\/\/www.linkedin.com\/in\/brenda-l-santana-aa846279\/"]},{"@type":"Person","@id":"https:\/\/blgnoticiassantodomingo.net\/#\/schema\/person\/e2fc21cf88acc63dbd134be981bff374","name":"Brenda Guerrero","image":{"@type":"ImageObject","inLanguage":"es","@id":"https:\/\/blgnoticiassantodomingo.net\/#\/schema\/person\/image\/","url":"https:\/\/secure.gravatar.com\/avatar\/2f7fc4c3e3655be1580cb684bfd8ab19be702ae20879da1e072021daa02f9b8b?s=96&d=wp_user_avatar&r=g","contentUrl":"https:\/\/secure.gravatar.com\/avatar\/2f7fc4c3e3655be1580cb684bfd8ab19be702ae20879da1e072021daa02f9b8b?s=96&d=wp_user_avatar&r=g","caption":"Brenda Guerrero"},"description":"Periodista","url":"https:\/\/blgnoticiassantodomingo.net\/index.php\/author\/brenda-guerrero\/"}]}},"jetpack_featured_media_url":"https:\/\/blgnoticiassantodomingo.net\/wp-content\/uploads\/2026\/04\/WhatsApp-Image-2026-04-29-at-3.56.44-PM.jpeg","_links":{"self":[{"href":"https:\/\/blgnoticiassantodomingo.net\/index.php\/wp-json\/wp\/v2\/posts\/51153","targetHints":{"allow":["GET"]}}],"collection":[{"href":"https:\/\/blgnoticiassantodomingo.net\/index.php\/wp-json\/wp\/v2\/posts"}],"about":[{"href":"https:\/\/blgnoticiassantodomingo.net\/index.php\/wp-json\/wp\/v2\/types\/post"}],"author":[{"embeddable":true,"href":"https:\/\/blgnoticiassantodomingo.net\/index.php\/wp-json\/wp\/v2\/users\/2"}],"replies":[{"embeddable":true,"href":"https:\/\/blgnoticiassantodomingo.net\/index.php\/wp-json\/wp\/v2\/comments?post=51153"}],"version-history":[{"count":1,"href":"https:\/\/blgnoticiassantodomingo.net\/index.php\/wp-json\/wp\/v2\/posts\/51153\/revisions"}],"predecessor-version":[{"id":51156,"href":"https:\/\/blgnoticiassantodomingo.net\/index.php\/wp-json\/wp\/v2\/posts\/51153\/revisions\/51156"}],"wp:featuredmedia":[{"embeddable":true,"href":"https:\/\/blgnoticiassantodomingo.net\/index.php\/wp-json\/wp\/v2\/media\/51154"}],"wp:attachment":[{"href":"https:\/\/blgnoticiassantodomingo.net\/index.php\/wp-json\/wp\/v2\/media?parent=51153"}],"wp:term":[{"taxonomy":"category","embeddable":true,"href":"https:\/\/blgnoticiassantodomingo.net\/index.php\/wp-json\/wp\/v2\/categories?post=51153"},{"taxonomy":"post_tag","embeddable":true,"href":"https:\/\/blgnoticiassantodomingo.net\/index.php\/wp-json\/wp\/v2\/tags?post=51153"}],"curies":[{"name":"wp","href":"https:\/\/api.w.org\/{rel}","templated":true}]}}