{"id":51138,"date":"2026-04-29T10:29:27","date_gmt":"2026-04-29T14:29:27","guid":{"rendered":"https:\/\/blgnoticiassantodomingo.net\/?p=51138"},"modified":"2026-04-29T10:29:32","modified_gmt":"2026-04-29T14:29:32","slug":"pn-pone-a-disposicion-de-la-justicia-a-hombre-acusado-de-amenazar-a-su-expareja-con-arma-blanca","status":"publish","type":"post","link":"https:\/\/blgnoticiassantodomingo.net\/index.php\/2026\/04\/29\/pn-pone-a-disposicion-de-la-justicia-a-hombre-acusado-de-amenazar-a-su-expareja-con-arma-blanca\/","title":{"rendered":"PN pone a disposici\u00f3n de la justicia a hombre acusado de amenazar a su expareja con arma blanca"},"content":{"rendered":"\n<p><strong><em>El hecho fue captado en un v\u00eddeo que circula en redes sociales.<\/em><\/strong><\/p>\n\n\n\n<p>San Pedro de Macor\u00eds. \u2014 Agentes de la Polic\u00eda Nacional, adscritos a la Direcci\u00f3n Especializada de Atenci\u00f3n a la Mujer y Violencia Intrafamiliar (DEAMVI) de la Regional Sureste, arrestaron a un hombre acusado de amenazar de agresi\u00f3n a su expareja sentimental con un arma blanca, hecho que qued\u00f3 registrado en un video difundido en redes sociales.<\/p>\n\n\n\n<p>El detenido fue identificado como Jes\u00fas Bol\u00edvar Santana, alias \u201cMonkis\u201d, de 27 a\u00f1os, de nacionalidad haitiana y residente en esta ciudad.<\/p>\n\n\n\n<p>Santana era buscado mediante la orden de arresto No. 2026-AJ0030800, de fecha 17 de abril de 2026, en perjuicio de su expareja, Carolina M\u00edchel de la Cruz, de 24 a\u00f1os, tambi\u00e9n residente en San Pedro de Macor\u00eds.<\/p>\n\n\n\n<p>De acuerdo con el informe policial, el imputado se entreg\u00f3 a las autoridades a trav\u00e9s de su representante legal, en las instalaciones del DEAMVI, donde se procedi\u00f3 a ejecutar la orden de arresto.<\/p>\n\n\n\n<p>El detenido fue puesto a disposici\u00f3n del Ministerio P\u00fablico para los fines legales correspondientes.<\/p>\n","protected":false},"excerpt":{"rendered":"<p>El hecho fue captado en un v\u00eddeo que circula en redes sociales. San Pedro de Macor\u00eds. \u2014 Agentes de la Polic\u00eda Nacional, adscritos a la Direcci\u00f3n Especializada de Atenci\u00f3n a la Mujer y Violencia Intrafamiliar (DEAMVI) de la Regional Sureste, arrestaron a un hombre acusado de amenazar de agresi\u00f3n a su expareja sentimental con un [&hellip;]<\/p>\n","protected":false},"author":2,"featured_media":51139,"comment_status":"open","ping_status":"open","sticky":false,"template":"","format":"standard","meta":{"footnotes":""},"categories":[220],"tags":[15263,15264],"class_list":{"0":"post-51138","1":"post","2":"type-post","3":"status-publish","4":"format-standard","5":"has-post-thumbnail","7":"category-nacionales","8":"tag-direccion-especializada-de-atencion-a-la-mujer-y-violencia-intrafamiliar-deamvi","9":"tag-jesus-bolivar-santana"},"yoast_head":"<!-- This site is optimized with the Yoast SEO plugin v24.9 - https:\/\/yoast.com\/wordpress\/plugins\/seo\/ -->\n<title>PN pone a disposici\u00f3n de la justicia a hombre acusado de amenazar a su expareja con arma blanca - BLG Noticias<\/title>\n<meta name=\"robots\" content=\"index, follow, max-snippet:-1, max-image-preview:large, max-video-preview:-1\" \/>\n<link rel=\"canonical\" href=\"https:\/\/blgnoticiassantodomingo.net\/index.php\/2026\/04\/29\/pn-pone-a-disposicion-de-la-justicia-a-hombre-acusado-de-amenazar-a-su-expareja-con-arma-blanca\/\" \/>\n<meta property=\"og:locale\" content=\"es_ES\" \/>\n<meta property=\"og:type\" content=\"article\" \/>\n<meta property=\"og:title\" content=\"PN pone a disposici\u00f3n de la justicia a hombre acusado de amenazar a su expareja con arma blanca - BLG Noticias\" \/>\n<meta property=\"og:description\" content=\"El hecho fue captado en un v\u00eddeo que circula en redes sociales. San Pedro de Macor\u00eds. \u2014 Agentes de la Polic\u00eda Nacional, adscritos a la Direcci\u00f3n Especializada de Atenci\u00f3n a la Mujer y Violencia Intrafamiliar (DEAMVI) de la Regional Sureste, arrestaron a un hombre acusado de amenazar de agresi\u00f3n a su expareja sentimental con un [&hellip;]\" \/>\n<meta property=\"og:url\" content=\"https:\/\/blgnoticiassantodomingo.net\/index.php\/2026\/04\/29\/pn-pone-a-disposicion-de-la-justicia-a-hombre-acusado-de-amenazar-a-su-expareja-con-arma-blanca\/\" \/>\n<meta property=\"og:site_name\" content=\"BLG Noticias\" \/>\n<meta property=\"article:publisher\" content=\"https:\/\/web.facebook.com\/BlgNoticias\/?locale=es_LA&amp;_rdc=1&amp;_rdr\" \/>\n<meta property=\"article:published_time\" content=\"2026-04-29T14:29:27+00:00\" \/>\n<meta property=\"article:modified_time\" content=\"2026-04-29T14:29:32+00:00\" \/>\n<meta property=\"og:image\" content=\"http:\/\/blgnoticiassantodomingo.net\/wp-content\/uploads\/2026\/04\/WhatsApp-Image-2026-04-28-at-6.21.19-PM.jpeg\" \/>\n\t<meta property=\"og:image:width\" content=\"1016\" \/>\n\t<meta property=\"og:image:height\" content=\"1116\" \/>\n\t<meta property=\"og:image:type\" content=\"image\/jpeg\" \/>\n<meta name=\"author\" content=\"Brenda Guerrero\" \/>\n<meta name=\"twitter:card\" content=\"summary_large_image\" \/>\n<meta name=\"twitter:creator\" content=\"@BlgNoticias\" \/>\n<meta name=\"twitter:site\" content=\"@BlgNoticias\" \/>\n<meta name=\"twitter:label1\" content=\"Escrito por\" \/>\n\t<meta name=\"twitter:data1\" content=\"Brenda Guerrero\" \/>\n\t<meta name=\"twitter:label2\" content=\"Tiempo de lectura\" \/>\n\t<meta name=\"twitter:data2\" content=\"1 minuto\" \/>\n<script type=\"application\/ld+json\" class=\"yoast-schema-graph\">{\"@context\":\"https:\/\/schema.org\",\"@graph\":[{\"@type\":\"Article\",\"@id\":\"https:\/\/blgnoticiassantodomingo.net\/index.php\/2026\/04\/29\/pn-pone-a-disposicion-de-la-justicia-a-hombre-acusado-de-amenazar-a-su-expareja-con-arma-blanca\/#article\",\"isPartOf\":{\"@id\":\"https:\/\/blgnoticiassantodomingo.net\/index.php\/2026\/04\/29\/pn-pone-a-disposicion-de-la-justicia-a-hombre-acusado-de-amenazar-a-su-expareja-con-arma-blanca\/\"},\"author\":{\"name\":\"Brenda Guerrero\",\"@id\":\"https:\/\/blgnoticiassantodomingo.net\/#\/schema\/person\/e2fc21cf88acc63dbd134be981bff374\"},\"headline\":\"PN pone a disposici\u00f3n de la justicia a hombre acusado de amenazar a su expareja con arma blanca\",\"datePublished\":\"2026-04-29T14:29:27+00:00\",\"dateModified\":\"2026-04-29T14:29:32+00:00\",\"mainEntityOfPage\":{\"@id\":\"https:\/\/blgnoticiassantodomingo.net\/index.php\/2026\/04\/29\/pn-pone-a-disposicion-de-la-justicia-a-hombre-acusado-de-amenazar-a-su-expareja-con-arma-blanca\/\"},\"wordCount\":203,\"commentCount\":0,\"publisher\":{\"@id\":\"https:\/\/blgnoticiassantodomingo.net\/#organization\"},\"image\":{\"@id\":\"https:\/\/blgnoticiassantodomingo.net\/index.php\/2026\/04\/29\/pn-pone-a-disposicion-de-la-justicia-a-hombre-acusado-de-amenazar-a-su-expareja-con-arma-blanca\/#primaryimage\"},\"thumbnailUrl\":\"https:\/\/blgnoticiassantodomingo.net\/wp-content\/uploads\/2026\/04\/WhatsApp-Image-2026-04-28-at-6.21.19-PM.jpeg\",\"keywords\":[\"Direcci\u00f3n Especializada de Atenci\u00f3n a la Mujer y Violencia Intrafamiliar (DEAMVI)\",\"Jes\u00fas Bol\u00edvar Santana\"],\"articleSection\":[\"Nacionales\"],\"inLanguage\":\"es\",\"potentialAction\":[{\"@type\":\"CommentAction\",\"name\":\"Comment\",\"target\":[\"https:\/\/blgnoticiassantodomingo.net\/index.php\/2026\/04\/29\/pn-pone-a-disposicion-de-la-justicia-a-hombre-acusado-de-amenazar-a-su-expareja-con-arma-blanca\/#respond\"]}]},{\"@type\":\"WebPage\",\"@id\":\"https:\/\/blgnoticiassantodomingo.net\/index.php\/2026\/04\/29\/pn-pone-a-disposicion-de-la-justicia-a-hombre-acusado-de-amenazar-a-su-expareja-con-arma-blanca\/\",\"url\":\"https:\/\/blgnoticiassantodomingo.net\/index.php\/2026\/04\/29\/pn-pone-a-disposicion-de-la-justicia-a-hombre-acusado-de-amenazar-a-su-expareja-con-arma-blanca\/\",\"name\":\"PN pone a disposici\u00f3n de la justicia a hombre acusado de amenazar a su expareja con arma blanca - BLG Noticias\",\"isPartOf\":{\"@id\":\"https:\/\/blgnoticiassantodomingo.net\/#website\"},\"primaryImageOfPage\":{\"@id\":\"https:\/\/blgnoticiassantodomingo.net\/index.php\/2026\/04\/29\/pn-pone-a-disposicion-de-la-justicia-a-hombre-acusado-de-amenazar-a-su-expareja-con-arma-blanca\/#primaryimage\"},\"image\":{\"@id\":\"https:\/\/blgnoticiassantodomingo.net\/index.php\/2026\/04\/29\/pn-pone-a-disposicion-de-la-justicia-a-hombre-acusado-de-amenazar-a-su-expareja-con-arma-blanca\/#primaryimage\"},\"thumbnailUrl\":\"https:\/\/blgnoticiassantodomingo.net\/wp-content\/uploads\/2026\/04\/WhatsApp-Image-2026-04-28-at-6.21.19-PM.jpeg\",\"datePublished\":\"2026-04-29T14:29:27+00:00\",\"dateModified\":\"2026-04-29T14:29:32+00:00\",\"breadcrumb\":{\"@id\":\"https:\/\/blgnoticiassantodomingo.net\/index.php\/2026\/04\/29\/pn-pone-a-disposicion-de-la-justicia-a-hombre-acusado-de-amenazar-a-su-expareja-con-arma-blanca\/#breadcrumb\"},\"inLanguage\":\"es\",\"potentialAction\":[{\"@type\":\"ReadAction\",\"target\":[\"https:\/\/blgnoticiassantodomingo.net\/index.php\/2026\/04\/29\/pn-pone-a-disposicion-de-la-justicia-a-hombre-acusado-de-amenazar-a-su-expareja-con-arma-blanca\/\"]}]},{\"@type\":\"ImageObject\",\"inLanguage\":\"es\",\"@id\":\"https:\/\/blgnoticiassantodomingo.net\/index.php\/2026\/04\/29\/pn-pone-a-disposicion-de-la-justicia-a-hombre-acusado-de-amenazar-a-su-expareja-con-arma-blanca\/#primaryimage\",\"url\":\"https:\/\/blgnoticiassantodomingo.net\/wp-content\/uploads\/2026\/04\/WhatsApp-Image-2026-04-28-at-6.21.19-PM.jpeg\",\"contentUrl\":\"https:\/\/blgnoticiassantodomingo.net\/wp-content\/uploads\/2026\/04\/WhatsApp-Image-2026-04-28-at-6.21.19-PM.jpeg\",\"width\":1016,\"height\":1116},{\"@type\":\"BreadcrumbList\",\"@id\":\"https:\/\/blgnoticiassantodomingo.net\/index.php\/2026\/04\/29\/pn-pone-a-disposicion-de-la-justicia-a-hombre-acusado-de-amenazar-a-su-expareja-con-arma-blanca\/#breadcrumb\",\"itemListElement\":[{\"@type\":\"ListItem\",\"position\":1,\"name\":\"Portada\",\"item\":\"https:\/\/blgnoticiassantodomingo.net\/\"},{\"@type\":\"ListItem\",\"position\":2,\"name\":\"PN pone a disposici\u00f3n de la justicia a hombre acusado de amenazar a su expareja con arma blanca\"}]},{\"@type\":\"WebSite\",\"@id\":\"https:\/\/blgnoticiassantodomingo.net\/#website\",\"url\":\"https:\/\/blgnoticiassantodomingo.net\/\",\"name\":\"BLG Noticias\",\"description\":\"Esto es Noticias\",\"publisher\":{\"@id\":\"https:\/\/blgnoticiassantodomingo.net\/#organization\"},\"potentialAction\":[{\"@type\":\"SearchAction\",\"target\":{\"@type\":\"EntryPoint\",\"urlTemplate\":\"https:\/\/blgnoticiassantodomingo.net\/?s={search_term_string}\"},\"query-input\":{\"@type\":\"PropertyValueSpecification\",\"valueRequired\":true,\"valueName\":\"search_term_string\"}}],\"inLanguage\":\"es\"},{\"@type\":\"Organization\",\"@id\":\"https:\/\/blgnoticiassantodomingo.net\/#organization\",\"name\":\"BLG Noticias\",\"url\":\"https:\/\/blgnoticiassantodomingo.net\/\",\"logo\":{\"@type\":\"ImageObject\",\"inLanguage\":\"es\",\"@id\":\"https:\/\/blgnoticiassantodomingo.net\/#\/schema\/logo\/image\/\",\"url\":\"https:\/\/blgnoticiassantodomingo.net\/wp-content\/uploads\/2023\/12\/Diseno-sin-titulo-3.jpg\",\"contentUrl\":\"https:\/\/blgnoticiassantodomingo.net\/wp-content\/uploads\/2023\/12\/Diseno-sin-titulo-3.jpg\",\"width\":500,\"height\":500,\"caption\":\"BLG Noticias\"},\"image\":{\"@id\":\"https:\/\/blgnoticiassantodomingo.net\/#\/schema\/logo\/image\/\"},\"sameAs\":[\"https:\/\/web.facebook.com\/BlgNoticias\/?locale=es_LA&_rdc=1&_rdr\",\"https:\/\/x.com\/BlgNoticias\",\"https:\/\/www.linkedin.com\/in\/brenda-l-santana-aa846279\/\"]},{\"@type\":\"Person\",\"@id\":\"https:\/\/blgnoticiassantodomingo.net\/#\/schema\/person\/e2fc21cf88acc63dbd134be981bff374\",\"name\":\"Brenda Guerrero\",\"image\":{\"@type\":\"ImageObject\",\"inLanguage\":\"es\",\"@id\":\"https:\/\/blgnoticiassantodomingo.net\/#\/schema\/person\/image\/\",\"url\":\"https:\/\/secure.gravatar.com\/avatar\/2f7fc4c3e3655be1580cb684bfd8ab19be702ae20879da1e072021daa02f9b8b?s=96&d=wp_user_avatar&r=g\",\"contentUrl\":\"https:\/\/secure.gravatar.com\/avatar\/2f7fc4c3e3655be1580cb684bfd8ab19be702ae20879da1e072021daa02f9b8b?s=96&d=wp_user_avatar&r=g\",\"caption\":\"Brenda Guerrero\"},\"description\":\"Periodista\",\"url\":\"https:\/\/blgnoticiassantodomingo.net\/index.php\/author\/brenda-guerrero\/\"}]}<\/script>\n<!-- \/ Yoast SEO plugin. -->","yoast_head_json":{"title":"PN pone a disposici\u00f3n de la justicia a hombre acusado de amenazar a su expareja con arma blanca - BLG Noticias","robots":{"index":"index","follow":"follow","max-snippet":"max-snippet:-1","max-image-preview":"max-image-preview:large","max-video-preview":"max-video-preview:-1"},"canonical":"https:\/\/blgnoticiassantodomingo.net\/index.php\/2026\/04\/29\/pn-pone-a-disposicion-de-la-justicia-a-hombre-acusado-de-amenazar-a-su-expareja-con-arma-blanca\/","og_locale":"es_ES","og_type":"article","og_title":"PN pone a disposici\u00f3n de la justicia a hombre acusado de amenazar a su expareja con arma blanca - BLG Noticias","og_description":"El hecho fue captado en un v\u00eddeo que circula en redes sociales. San Pedro de Macor\u00eds. \u2014 Agentes de la Polic\u00eda Nacional, adscritos a la Direcci\u00f3n Especializada de Atenci\u00f3n a la Mujer y Violencia Intrafamiliar (DEAMVI) de la Regional Sureste, arrestaron a un hombre acusado de amenazar de agresi\u00f3n a su expareja sentimental con un [&hellip;]","og_url":"https:\/\/blgnoticiassantodomingo.net\/index.php\/2026\/04\/29\/pn-pone-a-disposicion-de-la-justicia-a-hombre-acusado-de-amenazar-a-su-expareja-con-arma-blanca\/","og_site_name":"BLG Noticias","article_publisher":"https:\/\/web.facebook.com\/BlgNoticias\/?locale=es_LA&_rdc=1&_rdr","article_published_time":"2026-04-29T14:29:27+00:00","article_modified_time":"2026-04-29T14:29:32+00:00","og_image":[{"width":1016,"height":1116,"url":"http:\/\/blgnoticiassantodomingo.net\/wp-content\/uploads\/2026\/04\/WhatsApp-Image-2026-04-28-at-6.21.19-PM.jpeg","type":"image\/jpeg"}],"author":"Brenda Guerrero","twitter_card":"summary_large_image","twitter_creator":"@BlgNoticias","twitter_site":"@BlgNoticias","twitter_misc":{"Escrito por":"Brenda Guerrero","Tiempo de lectura":"1 minuto"},"schema":{"@context":"https:\/\/schema.org","@graph":[{"@type":"Article","@id":"https:\/\/blgnoticiassantodomingo.net\/index.php\/2026\/04\/29\/pn-pone-a-disposicion-de-la-justicia-a-hombre-acusado-de-amenazar-a-su-expareja-con-arma-blanca\/#article","isPartOf":{"@id":"https:\/\/blgnoticiassantodomingo.net\/index.php\/2026\/04\/29\/pn-pone-a-disposicion-de-la-justicia-a-hombre-acusado-de-amenazar-a-su-expareja-con-arma-blanca\/"},"author":{"name":"Brenda Guerrero","@id":"https:\/\/blgnoticiassantodomingo.net\/#\/schema\/person\/e2fc21cf88acc63dbd134be981bff374"},"headline":"PN pone a disposici\u00f3n de la justicia a hombre acusado de amenazar a su expareja con arma blanca","datePublished":"2026-04-29T14:29:27+00:00","dateModified":"2026-04-29T14:29:32+00:00","mainEntityOfPage":{"@id":"https:\/\/blgnoticiassantodomingo.net\/index.php\/2026\/04\/29\/pn-pone-a-disposicion-de-la-justicia-a-hombre-acusado-de-amenazar-a-su-expareja-con-arma-blanca\/"},"wordCount":203,"commentCount":0,"publisher":{"@id":"https:\/\/blgnoticiassantodomingo.net\/#organization"},"image":{"@id":"https:\/\/blgnoticiassantodomingo.net\/index.php\/2026\/04\/29\/pn-pone-a-disposicion-de-la-justicia-a-hombre-acusado-de-amenazar-a-su-expareja-con-arma-blanca\/#primaryimage"},"thumbnailUrl":"https:\/\/blgnoticiassantodomingo.net\/wp-content\/uploads\/2026\/04\/WhatsApp-Image-2026-04-28-at-6.21.19-PM.jpeg","keywords":["Direcci\u00f3n Especializada de Atenci\u00f3n a la Mujer y Violencia Intrafamiliar (DEAMVI)","Jes\u00fas Bol\u00edvar Santana"],"articleSection":["Nacionales"],"inLanguage":"es","potentialAction":[{"@type":"CommentAction","name":"Comment","target":["https:\/\/blgnoticiassantodomingo.net\/index.php\/2026\/04\/29\/pn-pone-a-disposicion-de-la-justicia-a-hombre-acusado-de-amenazar-a-su-expareja-con-arma-blanca\/#respond"]}]},{"@type":"WebPage","@id":"https:\/\/blgnoticiassantodomingo.net\/index.php\/2026\/04\/29\/pn-pone-a-disposicion-de-la-justicia-a-hombre-acusado-de-amenazar-a-su-expareja-con-arma-blanca\/","url":"https:\/\/blgnoticiassantodomingo.net\/index.php\/2026\/04\/29\/pn-pone-a-disposicion-de-la-justicia-a-hombre-acusado-de-amenazar-a-su-expareja-con-arma-blanca\/","name":"PN pone a disposici\u00f3n de la justicia a hombre acusado de amenazar a su expareja con arma blanca - BLG Noticias","isPartOf":{"@id":"https:\/\/blgnoticiassantodomingo.net\/#website"},"primaryImageOfPage":{"@id":"https:\/\/blgnoticiassantodomingo.net\/index.php\/2026\/04\/29\/pn-pone-a-disposicion-de-la-justicia-a-hombre-acusado-de-amenazar-a-su-expareja-con-arma-blanca\/#primaryimage"},"image":{"@id":"https:\/\/blgnoticiassantodomingo.net\/index.php\/2026\/04\/29\/pn-pone-a-disposicion-de-la-justicia-a-hombre-acusado-de-amenazar-a-su-expareja-con-arma-blanca\/#primaryimage"},"thumbnailUrl":"https:\/\/blgnoticiassantodomingo.net\/wp-content\/uploads\/2026\/04\/WhatsApp-Image-2026-04-28-at-6.21.19-PM.jpeg","datePublished":"2026-04-29T14:29:27+00:00","dateModified":"2026-04-29T14:29:32+00:00","breadcrumb":{"@id":"https:\/\/blgnoticiassantodomingo.net\/index.php\/2026\/04\/29\/pn-pone-a-disposicion-de-la-justicia-a-hombre-acusado-de-amenazar-a-su-expareja-con-arma-blanca\/#breadcrumb"},"inLanguage":"es","potentialAction":[{"@type":"ReadAction","target":["https:\/\/blgnoticiassantodomingo.net\/index.php\/2026\/04\/29\/pn-pone-a-disposicion-de-la-justicia-a-hombre-acusado-de-amenazar-a-su-expareja-con-arma-blanca\/"]}]},{"@type":"ImageObject","inLanguage":"es","@id":"https:\/\/blgnoticiassantodomingo.net\/index.php\/2026\/04\/29\/pn-pone-a-disposicion-de-la-justicia-a-hombre-acusado-de-amenazar-a-su-expareja-con-arma-blanca\/#primaryimage","url":"https:\/\/blgnoticiassantodomingo.net\/wp-content\/uploads\/2026\/04\/WhatsApp-Image-2026-04-28-at-6.21.19-PM.jpeg","contentUrl":"https:\/\/blgnoticiassantodomingo.net\/wp-content\/uploads\/2026\/04\/WhatsApp-Image-2026-04-28-at-6.21.19-PM.jpeg","width":1016,"height":1116},{"@type":"BreadcrumbList","@id":"https:\/\/blgnoticiassantodomingo.net\/index.php\/2026\/04\/29\/pn-pone-a-disposicion-de-la-justicia-a-hombre-acusado-de-amenazar-a-su-expareja-con-arma-blanca\/#breadcrumb","itemListElement":[{"@type":"ListItem","position":1,"name":"Portada","item":"https:\/\/blgnoticiassantodomingo.net\/"},{"@type":"ListItem","position":2,"name":"PN pone a disposici\u00f3n de la justicia a hombre acusado de amenazar a su expareja con arma blanca"}]},{"@type":"WebSite","@id":"https:\/\/blgnoticiassantodomingo.net\/#website","url":"https:\/\/blgnoticiassantodomingo.net\/","name":"BLG Noticias","description":"Esto es Noticias","publisher":{"@id":"https:\/\/blgnoticiassantodomingo.net\/#organization"},"potentialAction":[{"@type":"SearchAction","target":{"@type":"EntryPoint","urlTemplate":"https:\/\/blgnoticiassantodomingo.net\/?s={search_term_string}"},"query-input":{"@type":"PropertyValueSpecification","valueRequired":true,"valueName":"search_term_string"}}],"inLanguage":"es"},{"@type":"Organization","@id":"https:\/\/blgnoticiassantodomingo.net\/#organization","name":"BLG Noticias","url":"https:\/\/blgnoticiassantodomingo.net\/","logo":{"@type":"ImageObject","inLanguage":"es","@id":"https:\/\/blgnoticiassantodomingo.net\/#\/schema\/logo\/image\/","url":"https:\/\/blgnoticiassantodomingo.net\/wp-content\/uploads\/2023\/12\/Diseno-sin-titulo-3.jpg","contentUrl":"https:\/\/blgnoticiassantodomingo.net\/wp-content\/uploads\/2023\/12\/Diseno-sin-titulo-3.jpg","width":500,"height":500,"caption":"BLG Noticias"},"image":{"@id":"https:\/\/blgnoticiassantodomingo.net\/#\/schema\/logo\/image\/"},"sameAs":["https:\/\/web.facebook.com\/BlgNoticias\/?locale=es_LA&_rdc=1&_rdr","https:\/\/x.com\/BlgNoticias","https:\/\/www.linkedin.com\/in\/brenda-l-santana-aa846279\/"]},{"@type":"Person","@id":"https:\/\/blgnoticiassantodomingo.net\/#\/schema\/person\/e2fc21cf88acc63dbd134be981bff374","name":"Brenda Guerrero","image":{"@type":"ImageObject","inLanguage":"es","@id":"https:\/\/blgnoticiassantodomingo.net\/#\/schema\/person\/image\/","url":"https:\/\/secure.gravatar.com\/avatar\/2f7fc4c3e3655be1580cb684bfd8ab19be702ae20879da1e072021daa02f9b8b?s=96&d=wp_user_avatar&r=g","contentUrl":"https:\/\/secure.gravatar.com\/avatar\/2f7fc4c3e3655be1580cb684bfd8ab19be702ae20879da1e072021daa02f9b8b?s=96&d=wp_user_avatar&r=g","caption":"Brenda Guerrero"},"description":"Periodista","url":"https:\/\/blgnoticiassantodomingo.net\/index.php\/author\/brenda-guerrero\/"}]}},"jetpack_featured_media_url":"https:\/\/blgnoticiassantodomingo.net\/wp-content\/uploads\/2026\/04\/WhatsApp-Image-2026-04-28-at-6.21.19-PM.jpeg","_links":{"self":[{"href":"https:\/\/blgnoticiassantodomingo.net\/index.php\/wp-json\/wp\/v2\/posts\/51138","targetHints":{"allow":["GET"]}}],"collection":[{"href":"https:\/\/blgnoticiassantodomingo.net\/index.php\/wp-json\/wp\/v2\/posts"}],"about":[{"href":"https:\/\/blgnoticiassantodomingo.net\/index.php\/wp-json\/wp\/v2\/types\/post"}],"author":[{"embeddable":true,"href":"https:\/\/blgnoticiassantodomingo.net\/index.php\/wp-json\/wp\/v2\/users\/2"}],"replies":[{"embeddable":true,"href":"https:\/\/blgnoticiassantodomingo.net\/index.php\/wp-json\/wp\/v2\/comments?post=51138"}],"version-history":[{"count":1,"href":"https:\/\/blgnoticiassantodomingo.net\/index.php\/wp-json\/wp\/v2\/posts\/51138\/revisions"}],"predecessor-version":[{"id":51140,"href":"https:\/\/blgnoticiassantodomingo.net\/index.php\/wp-json\/wp\/v2\/posts\/51138\/revisions\/51140"}],"wp:featuredmedia":[{"embeddable":true,"href":"https:\/\/blgnoticiassantodomingo.net\/index.php\/wp-json\/wp\/v2\/media\/51139"}],"wp:attachment":[{"href":"https:\/\/blgnoticiassantodomingo.net\/index.php\/wp-json\/wp\/v2\/media?parent=51138"}],"wp:term":[{"taxonomy":"category","embeddable":true,"href":"https:\/\/blgnoticiassantodomingo.net\/index.php\/wp-json\/wp\/v2\/categories?post=51138"},{"taxonomy":"post_tag","embeddable":true,"href":"https:\/\/blgnoticiassantodomingo.net\/index.php\/wp-json\/wp\/v2\/tags?post=51138"}],"curies":[{"name":"wp","href":"https:\/\/api.w.org\/{rel}","templated":true}]}}