{"id":51126,"date":"2026-04-28T15:58:56","date_gmt":"2026-04-28T19:58:56","guid":{"rendered":"https:\/\/blgnoticiassantodomingo.net\/?p=51126"},"modified":"2026-04-28T15:59:01","modified_gmt":"2026-04-28T19:59:01","slug":"ministerio-de-trabajo-promueve-entornos-psicosociales-saludables-en-el-ambito-laboral","status":"publish","type":"post","link":"https:\/\/blgnoticiassantodomingo.net\/index.php\/2026\/04\/28\/ministerio-de-trabajo-promueve-entornos-psicosociales-saludables-en-el-ambito-laboral\/","title":{"rendered":"Ministerio de Trabajo promueve entornos psicosociales saludables en el \u00e1mbito laboral"},"content":{"rendered":"\n<p><strong>Santo Domingo.-<\/strong> El Ministerio de Trabajo present\u00f3 este martes la conferencia <strong>\u201cEntornos de Trabajo Psicosociales Saludables\u201d<\/strong> en el marco de la actividades por la conmemoraci\u00f3n del D\u00eda Mundial de la Seguridad y la Salud en el Trabajo.<\/p>\n\n\n\n<p>El espacio abord\u00f3 la relevancia de promover ambientes laborales sanos, enfocados en el bienestar integral de los trabajadores y el fortalecimiento de la productividad en el sector.<\/p>\n\n\n\n<p>En su ponencia, el ministro de Trabajo, Eddy Olivares, indic\u00f3 que cuando la salud mental se ve afectada en el entorno laboral, constituye la peor agresi\u00f3n para un trabajador.<\/p>\n\n\n\n<p>Conden\u00f3 los maltratos, el acoso y otras formas de violencia en el trabajo. \u201cEn el Ministerio de Trabajo estamos preparados para atender los reclamos sobre este tipo de situaciones y as\u00ed fortalecer los entornos psicosociales saludables\u201d, afirm\u00f3 Olivares.<\/p>\n\n\n\n<p>Subray\u00f3 que cuando un trabajador sufre alg\u00fan maltrato o enfrenta situaciones de inseguridad, esto repercute en todos sus compa\u00f1eros.<\/p>\n\n\n\n<p>Inform\u00f3 que pr\u00f3ximamente se presentar\u00e1 una reforma integral de los botiquines, incorporando equipos de \u00faltima generaci\u00f3n, por ser una herramienta esencial para salvaguardar la vida en el trabajo.<\/p>\n\n\n\n<p>En ese sentido, Olivares anunci\u00f3 que convoc\u00f3 al Consejo Nacional de Seguridad y Salud Ocupacional (CONSSO), \u00f3rgano rector y consultivo del Estado dominicano en materia de seguridad y salud en el trabajo, para reformar las normativas sobre este derecho fundamental de los trabajadores, al tiempo que adelant\u00f3 que ese organismo ya adapt\u00f3 al siglo XXI la resoluci\u00f3n sobre botiquines, la cual presentar\u00e1 al pa\u00eds la pr\u00f3xima semana.<\/p>\n\n\n\n<p>De su lado, Franklin Marte Bueno, viceministro de Seguridad y Salud en el Trabajo, manifest\u00f3 que los ambientes laborales sanos constituyen una condici\u00f3n clave para el desarrollo sostenible de las organizaciones.<\/p>\n\n\n\n<pre class=\"wp-block-code\"><code>\u201cEsta es una tarea compartida entre el Estado, los trabajadores y los empleadores\u201d, apunt\u00f3.<\/code><\/pre>\n\n\n\n<p>En el encuentro, cinco charlas fueron dictadas sobre los riesgos en los entornos laborales: \u201cMetalurgia y Manufactura\u201d, \u201cFactores de Riesgos Psicosociales\u201d, \u201cConstrucci\u00f3n\u201d; \u201cSector Servicios\u201d; y \u201cSeguridad Vial Laboral\u201d.&nbsp;<\/p>\n\n\n\n<p>Asimismo, se present\u00f3 la ponencia \u201cImplementaci\u00f3n de Estrategias y Abordaje de los Factores de Riesgo Psicosocial en Manufactura de Alta Tecnolog\u00eda\u201d.<\/p>\n\n\n\n<p>En el acto, coordinado por la Direcci\u00f3n General de Higiene y Seguridad Industrial (DGHS), Olivares recibi\u00f3 el manual Seguridad y Salud Laboral para Empresas y Construcciones de parte del autor, Jaime Oscar Gonz\u00e1lez.<\/p>\n\n\n\n<p>Acompa\u00f1aron al ministro, los viceministros Leonardo Manuel Gil, de Empleo; Domingo Santana Castillo, de Regulaci\u00f3n del Trabajo, Angel Mora, jefe de Gabinete, entre otros colaboradores.<\/p>\n","protected":false},"excerpt":{"rendered":"<p>Santo Domingo.- El Ministerio de Trabajo present\u00f3 este martes la conferencia \u201cEntornos de Trabajo Psicosociales Saludables\u201d en el marco de la actividades por la conmemoraci\u00f3n del D\u00eda Mundial de la Seguridad y la Salud en el Trabajo. El espacio abord\u00f3 la relevancia de promover ambientes laborales sanos, enfocados en el bienestar integral de los trabajadores [&hellip;]<\/p>\n","protected":false},"author":2,"featured_media":51127,"comment_status":"open","ping_status":"open","sticky":false,"template":"","format":"standard","meta":{"footnotes":""},"categories":[220],"tags":[15260,1335,313],"class_list":{"0":"post-51126","1":"post","2":"type-post","3":"status-publish","4":"format-standard","5":"has-post-thumbnail","7":"category-nacionales","8":"tag-dia-mundial-de-la-seguridad-y-la-salud-en-el-trabajo","9":"tag-eddy-olivares","10":"tag-ministerio-de-trabajo"},"yoast_head":"<!-- This site is optimized with the Yoast SEO plugin v24.9 - https:\/\/yoast.com\/wordpress\/plugins\/seo\/ -->\n<title>Ministerio de Trabajo promueve entornos psicosociales saludables en el \u00e1mbito laboral - BLG Noticias<\/title>\n<meta name=\"robots\" content=\"index, follow, max-snippet:-1, max-image-preview:large, max-video-preview:-1\" \/>\n<link rel=\"canonical\" href=\"https:\/\/blgnoticiassantodomingo.net\/index.php\/2026\/04\/28\/ministerio-de-trabajo-promueve-entornos-psicosociales-saludables-en-el-ambito-laboral\/\" \/>\n<meta property=\"og:locale\" content=\"es_ES\" \/>\n<meta property=\"og:type\" content=\"article\" \/>\n<meta property=\"og:title\" content=\"Ministerio de Trabajo promueve entornos psicosociales saludables en el \u00e1mbito laboral - BLG Noticias\" \/>\n<meta property=\"og:description\" content=\"Santo Domingo.- El Ministerio de Trabajo present\u00f3 este martes la conferencia \u201cEntornos de Trabajo Psicosociales Saludables\u201d en el marco de la actividades por la conmemoraci\u00f3n del D\u00eda Mundial de la Seguridad y la Salud en el Trabajo. El espacio abord\u00f3 la relevancia de promover ambientes laborales sanos, enfocados en el bienestar integral de los trabajadores [&hellip;]\" \/>\n<meta property=\"og:url\" content=\"https:\/\/blgnoticiassantodomingo.net\/index.php\/2026\/04\/28\/ministerio-de-trabajo-promueve-entornos-psicosociales-saludables-en-el-ambito-laboral\/\" \/>\n<meta property=\"og:site_name\" content=\"BLG Noticias\" \/>\n<meta property=\"article:publisher\" content=\"https:\/\/web.facebook.com\/BlgNoticias\/?locale=es_LA&amp;_rdc=1&amp;_rdr\" \/>\n<meta property=\"article:published_time\" content=\"2026-04-28T19:58:56+00:00\" \/>\n<meta property=\"article:modified_time\" content=\"2026-04-28T19:59:01+00:00\" \/>\n<meta property=\"og:image\" content=\"http:\/\/blgnoticiassantodomingo.net\/wp-content\/uploads\/2026\/04\/Screenshot_48.jpg\" \/>\n\t<meta property=\"og:image:width\" content=\"1240\" \/>\n\t<meta property=\"og:image:height\" content=\"824\" \/>\n\t<meta property=\"og:image:type\" content=\"image\/jpeg\" \/>\n<meta name=\"author\" content=\"Brenda Guerrero\" \/>\n<meta name=\"twitter:card\" content=\"summary_large_image\" \/>\n<meta name=\"twitter:creator\" content=\"@BlgNoticias\" \/>\n<meta name=\"twitter:site\" content=\"@BlgNoticias\" \/>\n<meta name=\"twitter:label1\" content=\"Escrito por\" \/>\n\t<meta name=\"twitter:data1\" content=\"Brenda Guerrero\" \/>\n\t<meta name=\"twitter:label2\" content=\"Tiempo de lectura\" \/>\n\t<meta name=\"twitter:data2\" content=\"2 minutos\" \/>\n<script type=\"application\/ld+json\" class=\"yoast-schema-graph\">{\"@context\":\"https:\/\/schema.org\",\"@graph\":[{\"@type\":\"Article\",\"@id\":\"https:\/\/blgnoticiassantodomingo.net\/index.php\/2026\/04\/28\/ministerio-de-trabajo-promueve-entornos-psicosociales-saludables-en-el-ambito-laboral\/#article\",\"isPartOf\":{\"@id\":\"https:\/\/blgnoticiassantodomingo.net\/index.php\/2026\/04\/28\/ministerio-de-trabajo-promueve-entornos-psicosociales-saludables-en-el-ambito-laboral\/\"},\"author\":{\"name\":\"Brenda Guerrero\",\"@id\":\"https:\/\/blgnoticiassantodomingo.net\/#\/schema\/person\/e2fc21cf88acc63dbd134be981bff374\"},\"headline\":\"Ministerio de Trabajo promueve entornos psicosociales saludables en el \u00e1mbito laboral\",\"datePublished\":\"2026-04-28T19:58:56+00:00\",\"dateModified\":\"2026-04-28T19:59:01+00:00\",\"mainEntityOfPage\":{\"@id\":\"https:\/\/blgnoticiassantodomingo.net\/index.php\/2026\/04\/28\/ministerio-de-trabajo-promueve-entornos-psicosociales-saludables-en-el-ambito-laboral\/\"},\"wordCount\":414,\"commentCount\":0,\"publisher\":{\"@id\":\"https:\/\/blgnoticiassantodomingo.net\/#organization\"},\"image\":{\"@id\":\"https:\/\/blgnoticiassantodomingo.net\/index.php\/2026\/04\/28\/ministerio-de-trabajo-promueve-entornos-psicosociales-saludables-en-el-ambito-laboral\/#primaryimage\"},\"thumbnailUrl\":\"https:\/\/blgnoticiassantodomingo.net\/wp-content\/uploads\/2026\/04\/Screenshot_48.jpg\",\"keywords\":[\"D\u00eda Mundial de la Seguridad y la Salud en el Trabajo\",\"Eddy Olivares\",\"Ministerio de Trabajo\"],\"articleSection\":[\"Nacionales\"],\"inLanguage\":\"es\",\"potentialAction\":[{\"@type\":\"CommentAction\",\"name\":\"Comment\",\"target\":[\"https:\/\/blgnoticiassantodomingo.net\/index.php\/2026\/04\/28\/ministerio-de-trabajo-promueve-entornos-psicosociales-saludables-en-el-ambito-laboral\/#respond\"]}]},{\"@type\":\"WebPage\",\"@id\":\"https:\/\/blgnoticiassantodomingo.net\/index.php\/2026\/04\/28\/ministerio-de-trabajo-promueve-entornos-psicosociales-saludables-en-el-ambito-laboral\/\",\"url\":\"https:\/\/blgnoticiassantodomingo.net\/index.php\/2026\/04\/28\/ministerio-de-trabajo-promueve-entornos-psicosociales-saludables-en-el-ambito-laboral\/\",\"name\":\"Ministerio de Trabajo promueve entornos psicosociales saludables en el \u00e1mbito laboral - BLG Noticias\",\"isPartOf\":{\"@id\":\"https:\/\/blgnoticiassantodomingo.net\/#website\"},\"primaryImageOfPage\":{\"@id\":\"https:\/\/blgnoticiassantodomingo.net\/index.php\/2026\/04\/28\/ministerio-de-trabajo-promueve-entornos-psicosociales-saludables-en-el-ambito-laboral\/#primaryimage\"},\"image\":{\"@id\":\"https:\/\/blgnoticiassantodomingo.net\/index.php\/2026\/04\/28\/ministerio-de-trabajo-promueve-entornos-psicosociales-saludables-en-el-ambito-laboral\/#primaryimage\"},\"thumbnailUrl\":\"https:\/\/blgnoticiassantodomingo.net\/wp-content\/uploads\/2026\/04\/Screenshot_48.jpg\",\"datePublished\":\"2026-04-28T19:58:56+00:00\",\"dateModified\":\"2026-04-28T19:59:01+00:00\",\"breadcrumb\":{\"@id\":\"https:\/\/blgnoticiassantodomingo.net\/index.php\/2026\/04\/28\/ministerio-de-trabajo-promueve-entornos-psicosociales-saludables-en-el-ambito-laboral\/#breadcrumb\"},\"inLanguage\":\"es\",\"potentialAction\":[{\"@type\":\"ReadAction\",\"target\":[\"https:\/\/blgnoticiassantodomingo.net\/index.php\/2026\/04\/28\/ministerio-de-trabajo-promueve-entornos-psicosociales-saludables-en-el-ambito-laboral\/\"]}]},{\"@type\":\"ImageObject\",\"inLanguage\":\"es\",\"@id\":\"https:\/\/blgnoticiassantodomingo.net\/index.php\/2026\/04\/28\/ministerio-de-trabajo-promueve-entornos-psicosociales-saludables-en-el-ambito-laboral\/#primaryimage\",\"url\":\"https:\/\/blgnoticiassantodomingo.net\/wp-content\/uploads\/2026\/04\/Screenshot_48.jpg\",\"contentUrl\":\"https:\/\/blgnoticiassantodomingo.net\/wp-content\/uploads\/2026\/04\/Screenshot_48.jpg\",\"width\":1240,\"height\":824},{\"@type\":\"BreadcrumbList\",\"@id\":\"https:\/\/blgnoticiassantodomingo.net\/index.php\/2026\/04\/28\/ministerio-de-trabajo-promueve-entornos-psicosociales-saludables-en-el-ambito-laboral\/#breadcrumb\",\"itemListElement\":[{\"@type\":\"ListItem\",\"position\":1,\"name\":\"Portada\",\"item\":\"https:\/\/blgnoticiassantodomingo.net\/\"},{\"@type\":\"ListItem\",\"position\":2,\"name\":\"Ministerio de Trabajo promueve entornos psicosociales saludables en el \u00e1mbito laboral\"}]},{\"@type\":\"WebSite\",\"@id\":\"https:\/\/blgnoticiassantodomingo.net\/#website\",\"url\":\"https:\/\/blgnoticiassantodomingo.net\/\",\"name\":\"BLG Noticias\",\"description\":\"Esto es Noticias\",\"publisher\":{\"@id\":\"https:\/\/blgnoticiassantodomingo.net\/#organization\"},\"potentialAction\":[{\"@type\":\"SearchAction\",\"target\":{\"@type\":\"EntryPoint\",\"urlTemplate\":\"https:\/\/blgnoticiassantodomingo.net\/?s={search_term_string}\"},\"query-input\":{\"@type\":\"PropertyValueSpecification\",\"valueRequired\":true,\"valueName\":\"search_term_string\"}}],\"inLanguage\":\"es\"},{\"@type\":\"Organization\",\"@id\":\"https:\/\/blgnoticiassantodomingo.net\/#organization\",\"name\":\"BLG Noticias\",\"url\":\"https:\/\/blgnoticiassantodomingo.net\/\",\"logo\":{\"@type\":\"ImageObject\",\"inLanguage\":\"es\",\"@id\":\"https:\/\/blgnoticiassantodomingo.net\/#\/schema\/logo\/image\/\",\"url\":\"https:\/\/blgnoticiassantodomingo.net\/wp-content\/uploads\/2023\/12\/Diseno-sin-titulo-3.jpg\",\"contentUrl\":\"https:\/\/blgnoticiassantodomingo.net\/wp-content\/uploads\/2023\/12\/Diseno-sin-titulo-3.jpg\",\"width\":500,\"height\":500,\"caption\":\"BLG Noticias\"},\"image\":{\"@id\":\"https:\/\/blgnoticiassantodomingo.net\/#\/schema\/logo\/image\/\"},\"sameAs\":[\"https:\/\/web.facebook.com\/BlgNoticias\/?locale=es_LA&_rdc=1&_rdr\",\"https:\/\/x.com\/BlgNoticias\",\"https:\/\/www.linkedin.com\/in\/brenda-l-santana-aa846279\/\"]},{\"@type\":\"Person\",\"@id\":\"https:\/\/blgnoticiassantodomingo.net\/#\/schema\/person\/e2fc21cf88acc63dbd134be981bff374\",\"name\":\"Brenda Guerrero\",\"image\":{\"@type\":\"ImageObject\",\"inLanguage\":\"es\",\"@id\":\"https:\/\/blgnoticiassantodomingo.net\/#\/schema\/person\/image\/\",\"url\":\"https:\/\/secure.gravatar.com\/avatar\/2f7fc4c3e3655be1580cb684bfd8ab19be702ae20879da1e072021daa02f9b8b?s=96&d=wp_user_avatar&r=g\",\"contentUrl\":\"https:\/\/secure.gravatar.com\/avatar\/2f7fc4c3e3655be1580cb684bfd8ab19be702ae20879da1e072021daa02f9b8b?s=96&d=wp_user_avatar&r=g\",\"caption\":\"Brenda Guerrero\"},\"description\":\"Periodista\",\"url\":\"https:\/\/blgnoticiassantodomingo.net\/index.php\/author\/brenda-guerrero\/\"}]}<\/script>\n<!-- \/ Yoast SEO plugin. -->","yoast_head_json":{"title":"Ministerio de Trabajo promueve entornos psicosociales saludables en el \u00e1mbito laboral - BLG Noticias","robots":{"index":"index","follow":"follow","max-snippet":"max-snippet:-1","max-image-preview":"max-image-preview:large","max-video-preview":"max-video-preview:-1"},"canonical":"https:\/\/blgnoticiassantodomingo.net\/index.php\/2026\/04\/28\/ministerio-de-trabajo-promueve-entornos-psicosociales-saludables-en-el-ambito-laboral\/","og_locale":"es_ES","og_type":"article","og_title":"Ministerio de Trabajo promueve entornos psicosociales saludables en el \u00e1mbito laboral - BLG Noticias","og_description":"Santo Domingo.- El Ministerio de Trabajo present\u00f3 este martes la conferencia \u201cEntornos de Trabajo Psicosociales Saludables\u201d en el marco de la actividades por la conmemoraci\u00f3n del D\u00eda Mundial de la Seguridad y la Salud en el Trabajo. El espacio abord\u00f3 la relevancia de promover ambientes laborales sanos, enfocados en el bienestar integral de los trabajadores [&hellip;]","og_url":"https:\/\/blgnoticiassantodomingo.net\/index.php\/2026\/04\/28\/ministerio-de-trabajo-promueve-entornos-psicosociales-saludables-en-el-ambito-laboral\/","og_site_name":"BLG Noticias","article_publisher":"https:\/\/web.facebook.com\/BlgNoticias\/?locale=es_LA&_rdc=1&_rdr","article_published_time":"2026-04-28T19:58:56+00:00","article_modified_time":"2026-04-28T19:59:01+00:00","og_image":[{"width":1240,"height":824,"url":"http:\/\/blgnoticiassantodomingo.net\/wp-content\/uploads\/2026\/04\/Screenshot_48.jpg","type":"image\/jpeg"}],"author":"Brenda Guerrero","twitter_card":"summary_large_image","twitter_creator":"@BlgNoticias","twitter_site":"@BlgNoticias","twitter_misc":{"Escrito por":"Brenda Guerrero","Tiempo de lectura":"2 minutos"},"schema":{"@context":"https:\/\/schema.org","@graph":[{"@type":"Article","@id":"https:\/\/blgnoticiassantodomingo.net\/index.php\/2026\/04\/28\/ministerio-de-trabajo-promueve-entornos-psicosociales-saludables-en-el-ambito-laboral\/#article","isPartOf":{"@id":"https:\/\/blgnoticiassantodomingo.net\/index.php\/2026\/04\/28\/ministerio-de-trabajo-promueve-entornos-psicosociales-saludables-en-el-ambito-laboral\/"},"author":{"name":"Brenda Guerrero","@id":"https:\/\/blgnoticiassantodomingo.net\/#\/schema\/person\/e2fc21cf88acc63dbd134be981bff374"},"headline":"Ministerio de Trabajo promueve entornos psicosociales saludables en el \u00e1mbito laboral","datePublished":"2026-04-28T19:58:56+00:00","dateModified":"2026-04-28T19:59:01+00:00","mainEntityOfPage":{"@id":"https:\/\/blgnoticiassantodomingo.net\/index.php\/2026\/04\/28\/ministerio-de-trabajo-promueve-entornos-psicosociales-saludables-en-el-ambito-laboral\/"},"wordCount":414,"commentCount":0,"publisher":{"@id":"https:\/\/blgnoticiassantodomingo.net\/#organization"},"image":{"@id":"https:\/\/blgnoticiassantodomingo.net\/index.php\/2026\/04\/28\/ministerio-de-trabajo-promueve-entornos-psicosociales-saludables-en-el-ambito-laboral\/#primaryimage"},"thumbnailUrl":"https:\/\/blgnoticiassantodomingo.net\/wp-content\/uploads\/2026\/04\/Screenshot_48.jpg","keywords":["D\u00eda Mundial de la Seguridad y la Salud en el Trabajo","Eddy Olivares","Ministerio de Trabajo"],"articleSection":["Nacionales"],"inLanguage":"es","potentialAction":[{"@type":"CommentAction","name":"Comment","target":["https:\/\/blgnoticiassantodomingo.net\/index.php\/2026\/04\/28\/ministerio-de-trabajo-promueve-entornos-psicosociales-saludables-en-el-ambito-laboral\/#respond"]}]},{"@type":"WebPage","@id":"https:\/\/blgnoticiassantodomingo.net\/index.php\/2026\/04\/28\/ministerio-de-trabajo-promueve-entornos-psicosociales-saludables-en-el-ambito-laboral\/","url":"https:\/\/blgnoticiassantodomingo.net\/index.php\/2026\/04\/28\/ministerio-de-trabajo-promueve-entornos-psicosociales-saludables-en-el-ambito-laboral\/","name":"Ministerio de Trabajo promueve entornos psicosociales saludables en el \u00e1mbito laboral - BLG Noticias","isPartOf":{"@id":"https:\/\/blgnoticiassantodomingo.net\/#website"},"primaryImageOfPage":{"@id":"https:\/\/blgnoticiassantodomingo.net\/index.php\/2026\/04\/28\/ministerio-de-trabajo-promueve-entornos-psicosociales-saludables-en-el-ambito-laboral\/#primaryimage"},"image":{"@id":"https:\/\/blgnoticiassantodomingo.net\/index.php\/2026\/04\/28\/ministerio-de-trabajo-promueve-entornos-psicosociales-saludables-en-el-ambito-laboral\/#primaryimage"},"thumbnailUrl":"https:\/\/blgnoticiassantodomingo.net\/wp-content\/uploads\/2026\/04\/Screenshot_48.jpg","datePublished":"2026-04-28T19:58:56+00:00","dateModified":"2026-04-28T19:59:01+00:00","breadcrumb":{"@id":"https:\/\/blgnoticiassantodomingo.net\/index.php\/2026\/04\/28\/ministerio-de-trabajo-promueve-entornos-psicosociales-saludables-en-el-ambito-laboral\/#breadcrumb"},"inLanguage":"es","potentialAction":[{"@type":"ReadAction","target":["https:\/\/blgnoticiassantodomingo.net\/index.php\/2026\/04\/28\/ministerio-de-trabajo-promueve-entornos-psicosociales-saludables-en-el-ambito-laboral\/"]}]},{"@type":"ImageObject","inLanguage":"es","@id":"https:\/\/blgnoticiassantodomingo.net\/index.php\/2026\/04\/28\/ministerio-de-trabajo-promueve-entornos-psicosociales-saludables-en-el-ambito-laboral\/#primaryimage","url":"https:\/\/blgnoticiassantodomingo.net\/wp-content\/uploads\/2026\/04\/Screenshot_48.jpg","contentUrl":"https:\/\/blgnoticiassantodomingo.net\/wp-content\/uploads\/2026\/04\/Screenshot_48.jpg","width":1240,"height":824},{"@type":"BreadcrumbList","@id":"https:\/\/blgnoticiassantodomingo.net\/index.php\/2026\/04\/28\/ministerio-de-trabajo-promueve-entornos-psicosociales-saludables-en-el-ambito-laboral\/#breadcrumb","itemListElement":[{"@type":"ListItem","position":1,"name":"Portada","item":"https:\/\/blgnoticiassantodomingo.net\/"},{"@type":"ListItem","position":2,"name":"Ministerio de Trabajo promueve entornos psicosociales saludables en el \u00e1mbito laboral"}]},{"@type":"WebSite","@id":"https:\/\/blgnoticiassantodomingo.net\/#website","url":"https:\/\/blgnoticiassantodomingo.net\/","name":"BLG Noticias","description":"Esto es Noticias","publisher":{"@id":"https:\/\/blgnoticiassantodomingo.net\/#organization"},"potentialAction":[{"@type":"SearchAction","target":{"@type":"EntryPoint","urlTemplate":"https:\/\/blgnoticiassantodomingo.net\/?s={search_term_string}"},"query-input":{"@type":"PropertyValueSpecification","valueRequired":true,"valueName":"search_term_string"}}],"inLanguage":"es"},{"@type":"Organization","@id":"https:\/\/blgnoticiassantodomingo.net\/#organization","name":"BLG Noticias","url":"https:\/\/blgnoticiassantodomingo.net\/","logo":{"@type":"ImageObject","inLanguage":"es","@id":"https:\/\/blgnoticiassantodomingo.net\/#\/schema\/logo\/image\/","url":"https:\/\/blgnoticiassantodomingo.net\/wp-content\/uploads\/2023\/12\/Diseno-sin-titulo-3.jpg","contentUrl":"https:\/\/blgnoticiassantodomingo.net\/wp-content\/uploads\/2023\/12\/Diseno-sin-titulo-3.jpg","width":500,"height":500,"caption":"BLG Noticias"},"image":{"@id":"https:\/\/blgnoticiassantodomingo.net\/#\/schema\/logo\/image\/"},"sameAs":["https:\/\/web.facebook.com\/BlgNoticias\/?locale=es_LA&_rdc=1&_rdr","https:\/\/x.com\/BlgNoticias","https:\/\/www.linkedin.com\/in\/brenda-l-santana-aa846279\/"]},{"@type":"Person","@id":"https:\/\/blgnoticiassantodomingo.net\/#\/schema\/person\/e2fc21cf88acc63dbd134be981bff374","name":"Brenda Guerrero","image":{"@type":"ImageObject","inLanguage":"es","@id":"https:\/\/blgnoticiassantodomingo.net\/#\/schema\/person\/image\/","url":"https:\/\/secure.gravatar.com\/avatar\/2f7fc4c3e3655be1580cb684bfd8ab19be702ae20879da1e072021daa02f9b8b?s=96&d=wp_user_avatar&r=g","contentUrl":"https:\/\/secure.gravatar.com\/avatar\/2f7fc4c3e3655be1580cb684bfd8ab19be702ae20879da1e072021daa02f9b8b?s=96&d=wp_user_avatar&r=g","caption":"Brenda Guerrero"},"description":"Periodista","url":"https:\/\/blgnoticiassantodomingo.net\/index.php\/author\/brenda-guerrero\/"}]}},"jetpack_featured_media_url":"https:\/\/blgnoticiassantodomingo.net\/wp-content\/uploads\/2026\/04\/Screenshot_48.jpg","_links":{"self":[{"href":"https:\/\/blgnoticiassantodomingo.net\/index.php\/wp-json\/wp\/v2\/posts\/51126","targetHints":{"allow":["GET"]}}],"collection":[{"href":"https:\/\/blgnoticiassantodomingo.net\/index.php\/wp-json\/wp\/v2\/posts"}],"about":[{"href":"https:\/\/blgnoticiassantodomingo.net\/index.php\/wp-json\/wp\/v2\/types\/post"}],"author":[{"embeddable":true,"href":"https:\/\/blgnoticiassantodomingo.net\/index.php\/wp-json\/wp\/v2\/users\/2"}],"replies":[{"embeddable":true,"href":"https:\/\/blgnoticiassantodomingo.net\/index.php\/wp-json\/wp\/v2\/comments?post=51126"}],"version-history":[{"count":1,"href":"https:\/\/blgnoticiassantodomingo.net\/index.php\/wp-json\/wp\/v2\/posts\/51126\/revisions"}],"predecessor-version":[{"id":51128,"href":"https:\/\/blgnoticiassantodomingo.net\/index.php\/wp-json\/wp\/v2\/posts\/51126\/revisions\/51128"}],"wp:featuredmedia":[{"embeddable":true,"href":"https:\/\/blgnoticiassantodomingo.net\/index.php\/wp-json\/wp\/v2\/media\/51127"}],"wp:attachment":[{"href":"https:\/\/blgnoticiassantodomingo.net\/index.php\/wp-json\/wp\/v2\/media?parent=51126"}],"wp:term":[{"taxonomy":"category","embeddable":true,"href":"https:\/\/blgnoticiassantodomingo.net\/index.php\/wp-json\/wp\/v2\/categories?post=51126"},{"taxonomy":"post_tag","embeddable":true,"href":"https:\/\/blgnoticiassantodomingo.net\/index.php\/wp-json\/wp\/v2\/tags?post=51126"}],"curies":[{"name":"wp","href":"https:\/\/api.w.org\/{rel}","templated":true}]}}