{"id":51113,"date":"2026-04-28T15:38:50","date_gmt":"2026-04-28T19:38:50","guid":{"rendered":"https:\/\/blgnoticiassantodomingo.net\/?p=51113"},"modified":"2026-04-28T15:38:56","modified_gmt":"2026-04-28T19:38:56","slug":"presidente-abinader-encabeza-reunion-de-seguimiento-al-plan-de-seguridad-ciudadana-13","status":"publish","type":"post","link":"https:\/\/blgnoticiassantodomingo.net\/index.php\/2026\/04\/28\/presidente-abinader-encabeza-reunion-de-seguimiento-al-plan-de-seguridad-ciudadana-13\/","title":{"rendered":"Presidente Abinader encabeza reuni\u00f3n de seguimiento al Plan de Seguridad Ciudadana"},"content":{"rendered":"\n<p>Santo Domingo.\u2013 El presidente Luis Abinader se encuentra presidiendo en estos momentos la reuni\u00f3n de seguimiento al Plan de Seguridad Ciudadana, con el prop\u00f3sito de fortalecer las estrategias que se implementan en todo el pa\u00eds para garantizar mayor protecci\u00f3n y tranquilidad a la poblaci\u00f3n.<\/p>\n\n\n\n<p>La sesi\u00f3n de trabajo se est\u00e1 llevando a cabo en el Sal\u00f3n del Club de Oficiales del Palacio de la Polic\u00eda Nacional. En ella se eval\u00faan las tareas cumplidas hasta la fecha, los resultados alcanzados y las nuevas disposiciones que ser\u00e1n adoptadas para continuar elevando los niveles de seguridad en beneficio de los dominicanos.<\/p>\n\n\n\n<p>En compa\u00f1\u00eda del mandatario se encuentran, los ministros, de Defensa, teniente general Carlos Antonio Fern\u00e1ndez Onofre; de Interior y Polic\u00eda, Faride Raful; el comandante general de la Fuerza A\u00e9rea de Rep\u00fablica Dominicana, mayor general piloto Floreal Tarcicio Su\u00e1rez Mart\u00ednez; los directores de la Polic\u00eda Nacional, mayor general, Andr\u00e9s Modesto Cruz Cruz; de Migraci\u00f3n, vicealmirante Luis Rafael Lee Ballester; el presidente de la Direcci\u00f3n Nacional de Control de Drogas (DNCD), vicealmirante Jos\u00e9 Manuel Cabrera Ulloa; la Procuradora General de la Rep\u00fablica, Yeni Berenice Reynoso; el viceministro de la Presidencia para Proyectos Especiales y Coordinaci\u00f3n de Seguridad, Roger G. Pujols; el comisionado ejecutivo para la Reforma Policial, Luis Ernesto Garc\u00eda Hern\u00e1ndez y la presidenta de la Comisi\u00f3n T\u00e9cnica para la Reforma del Sistema Educativo de la Polic\u00eda Nacional,\u00a0maestra Mu-Kien Adriana Sang Ben.\u00a0<\/p>\n\n\n\n<figure class=\"wp-block-image size-large\"><img decoding=\"async\" width=\"1024\" height=\"683\" src=\"https:\/\/blgnoticiassantodomingo.net\/wp-content\/uploads\/2026\/04\/WhatsApp-Image-2026-04-28-at-9.43.12-AM-1024x683.jpeg\" alt=\"\" class=\"wp-image-51115\" srcset=\"https:\/\/blgnoticiassantodomingo.net\/wp-content\/uploads\/2026\/04\/WhatsApp-Image-2026-04-28-at-9.43.12-AM-1024x683.jpeg 1024w, https:\/\/blgnoticiassantodomingo.net\/wp-content\/uploads\/2026\/04\/WhatsApp-Image-2026-04-28-at-9.43.12-AM-300x200.jpeg 300w, https:\/\/blgnoticiassantodomingo.net\/wp-content\/uploads\/2026\/04\/WhatsApp-Image-2026-04-28-at-9.43.12-AM-768x512.jpeg 768w, https:\/\/blgnoticiassantodomingo.net\/wp-content\/uploads\/2026\/04\/WhatsApp-Image-2026-04-28-at-9.43.12-AM-630x420.jpeg 630w, https:\/\/blgnoticiassantodomingo.net\/wp-content\/uploads\/2026\/04\/WhatsApp-Image-2026-04-28-at-9.43.12-AM-150x100.jpeg 150w, https:\/\/blgnoticiassantodomingo.net\/wp-content\/uploads\/2026\/04\/WhatsApp-Image-2026-04-28-at-9.43.12-AM-696x464.jpeg 696w, https:\/\/blgnoticiassantodomingo.net\/wp-content\/uploads\/2026\/04\/WhatsApp-Image-2026-04-28-at-9.43.12-AM-1068x713.jpeg 1068w, https:\/\/blgnoticiassantodomingo.net\/wp-content\/uploads\/2026\/04\/WhatsApp-Image-2026-04-28-at-9.43.12-AM.jpeg 1280w\" sizes=\"(max-width: 1024px) 100vw, 1024px\" \/><\/figure>\n\n\n\n<p>Tambi\u00e9n se encuentran presentes, el presidente del Consejo Nacional de Drogas, Alejandro de Jes\u00fas Abreu; el director de la Comisi\u00f3n Militar y Policial, coronel Jorge Rivera L\u00f3pez; el director de la Direcci\u00f3n General de Seguridad de Tr\u00e1nsito y Transporte Terrestre (Digesett), general Pascual Cruz M\u00e9ndez; el director de la Polic\u00eda de Turismo (Politur), general Minoru Matsunaga; el director del Sistema Nacional de Atenci\u00f3n a Emergencias 911, coronel piloto Randolfo Rijo.<\/p>\n\n\n\n<p>Adem\u00e1s, participan el director de la Polic\u00eda Escolar, general Francisco Osoria de la Cruz; el director de Prisiones, Roberto Santana, y de la Direcci\u00f3n Nacional de Ni\u00f1os, Ni\u00f1as, Adolescentes y Familia&nbsp;(Dinnaf), Olga Din\u00e1 Llaver\u00edas.<\/p>\n\n\n\n<p>Forman parte de la reuni\u00f3n una comisi\u00f3n de fiscales integrada por la de San Crist\u00f3bal, Ramona Santana; de La Vega, Aura Luz Garc\u00eda; de Mar\u00eda Trinidad S\u00e1nchez, Juan Antonio Mateo Cipri\u00e1n; de La Altagracia, Claudia Garrido; de San Pedro de Macor\u00eds, Suleyka Mateo, y de Duarte, Smaily Yamel Rodr\u00edguez.<\/p>\n\n\n\n<p>Tambi\u00e9n, los fiscales titulares de Santo Domingo Este, Milc\u00edades Guzm\u00e1n; de Santo Domingo Oeste, Eduard L\u00f3pez; de Valverde, V\u00edctor Mej\u00eda; de Hermanas Mirabal, Zoila Agustina Rodr\u00edguez Ynfante; de Barahona, Wellington Matos Espinal; de Peravia, \u00c1ngel Dar\u00edo Tejeda Fabal; de Dajab\u00f3n, Yeisin Alc\u00e1ntara; de Espaillat, Yorelbin Rivas, y de La Romana, Kevin Santana.<\/p>\n","protected":false},"excerpt":{"rendered":"<p>Santo Domingo.\u2013 El presidente Luis Abinader se encuentra presidiendo en estos momentos la reuni\u00f3n de seguimiento al Plan de Seguridad Ciudadana, con el prop\u00f3sito de fortalecer las estrategias que se implementan en todo el pa\u00eds para garantizar mayor protecci\u00f3n y tranquilidad a la poblaci\u00f3n. La sesi\u00f3n de trabajo se est\u00e1 llevando a cabo en el [&hellip;]<\/p>\n","protected":false},"author":2,"featured_media":51114,"comment_status":"open","ping_status":"open","sticky":false,"template":"","format":"standard","meta":{"footnotes":""},"categories":[9572,220],"tags":[3214,6285],"class_list":{"0":"post-51113","1":"post","2":"type-post","3":"status-publish","4":"format-standard","5":"has-post-thumbnail","7":"category-featured","8":"category-nacionales","9":"tag-plan-de-seguridad-ciudadana","10":"tag-presidente-abinader"},"yoast_head":"<!-- This site is optimized with the Yoast SEO plugin v24.9 - https:\/\/yoast.com\/wordpress\/plugins\/seo\/ -->\n<title>Presidente Abinader encabeza reuni\u00f3n de seguimiento al Plan de Seguridad Ciudadana - BLG Noticias<\/title>\n<meta name=\"robots\" content=\"index, follow, max-snippet:-1, max-image-preview:large, max-video-preview:-1\" \/>\n<link rel=\"canonical\" href=\"https:\/\/blgnoticiassantodomingo.net\/index.php\/2026\/04\/28\/presidente-abinader-encabeza-reunion-de-seguimiento-al-plan-de-seguridad-ciudadana-13\/\" \/>\n<meta property=\"og:locale\" content=\"es_ES\" \/>\n<meta property=\"og:type\" content=\"article\" \/>\n<meta property=\"og:title\" content=\"Presidente Abinader encabeza reuni\u00f3n de seguimiento al Plan de Seguridad Ciudadana - BLG Noticias\" \/>\n<meta property=\"og:description\" content=\"Santo Domingo.\u2013 El presidente Luis Abinader se encuentra presidiendo en estos momentos la reuni\u00f3n de seguimiento al Plan de Seguridad Ciudadana, con el prop\u00f3sito de fortalecer las estrategias que se implementan en todo el pa\u00eds para garantizar mayor protecci\u00f3n y tranquilidad a la poblaci\u00f3n. La sesi\u00f3n de trabajo se est\u00e1 llevando a cabo en el [&hellip;]\" \/>\n<meta property=\"og:url\" content=\"https:\/\/blgnoticiassantodomingo.net\/index.php\/2026\/04\/28\/presidente-abinader-encabeza-reunion-de-seguimiento-al-plan-de-seguridad-ciudadana-13\/\" \/>\n<meta property=\"og:site_name\" content=\"BLG Noticias\" \/>\n<meta property=\"article:publisher\" content=\"https:\/\/web.facebook.com\/BlgNoticias\/?locale=es_LA&amp;_rdc=1&amp;_rdr\" \/>\n<meta property=\"article:published_time\" content=\"2026-04-28T19:38:50+00:00\" \/>\n<meta property=\"article:modified_time\" content=\"2026-04-28T19:38:56+00:00\" \/>\n<meta property=\"og:image\" content=\"http:\/\/blgnoticiassantodomingo.net\/wp-content\/uploads\/2026\/04\/WhatsApp-Image-2026-04-28-at-9.43.11-AM.jpeg\" \/>\n\t<meta property=\"og:image:width\" content=\"1280\" \/>\n\t<meta property=\"og:image:height\" content=\"854\" \/>\n\t<meta property=\"og:image:type\" content=\"image\/jpeg\" \/>\n<meta name=\"author\" content=\"Brenda Guerrero\" \/>\n<meta name=\"twitter:card\" content=\"summary_large_image\" \/>\n<meta name=\"twitter:creator\" content=\"@BlgNoticias\" \/>\n<meta name=\"twitter:site\" content=\"@BlgNoticias\" \/>\n<meta name=\"twitter:label1\" content=\"Escrito por\" \/>\n\t<meta name=\"twitter:data1\" content=\"Brenda Guerrero\" \/>\n\t<meta name=\"twitter:label2\" content=\"Tiempo de lectura\" \/>\n\t<meta name=\"twitter:data2\" content=\"3 minutos\" \/>\n<script type=\"application\/ld+json\" class=\"yoast-schema-graph\">{\"@context\":\"https:\/\/schema.org\",\"@graph\":[{\"@type\":\"Article\",\"@id\":\"https:\/\/blgnoticiassantodomingo.net\/index.php\/2026\/04\/28\/presidente-abinader-encabeza-reunion-de-seguimiento-al-plan-de-seguridad-ciudadana-13\/#article\",\"isPartOf\":{\"@id\":\"https:\/\/blgnoticiassantodomingo.net\/index.php\/2026\/04\/28\/presidente-abinader-encabeza-reunion-de-seguimiento-al-plan-de-seguridad-ciudadana-13\/\"},\"author\":{\"name\":\"Brenda Guerrero\",\"@id\":\"https:\/\/blgnoticiassantodomingo.net\/#\/schema\/person\/e2fc21cf88acc63dbd134be981bff374\"},\"headline\":\"Presidente Abinader encabeza reuni\u00f3n de seguimiento al Plan de Seguridad Ciudadana\",\"datePublished\":\"2026-04-28T19:38:50+00:00\",\"dateModified\":\"2026-04-28T19:38:56+00:00\",\"mainEntityOfPage\":{\"@id\":\"https:\/\/blgnoticiassantodomingo.net\/index.php\/2026\/04\/28\/presidente-abinader-encabeza-reunion-de-seguimiento-al-plan-de-seguridad-ciudadana-13\/\"},\"wordCount\":509,\"commentCount\":0,\"publisher\":{\"@id\":\"https:\/\/blgnoticiassantodomingo.net\/#organization\"},\"image\":{\"@id\":\"https:\/\/blgnoticiassantodomingo.net\/index.php\/2026\/04\/28\/presidente-abinader-encabeza-reunion-de-seguimiento-al-plan-de-seguridad-ciudadana-13\/#primaryimage\"},\"thumbnailUrl\":\"https:\/\/blgnoticiassantodomingo.net\/wp-content\/uploads\/2026\/04\/WhatsApp-Image-2026-04-28-at-9.43.11-AM.jpeg\",\"keywords\":[\"Plan de Seguridad Ciudadana\",\"Presidente Abinader\"],\"articleSection\":[\"Featured\",\"Nacionales\"],\"inLanguage\":\"es\",\"potentialAction\":[{\"@type\":\"CommentAction\",\"name\":\"Comment\",\"target\":[\"https:\/\/blgnoticiassantodomingo.net\/index.php\/2026\/04\/28\/presidente-abinader-encabeza-reunion-de-seguimiento-al-plan-de-seguridad-ciudadana-13\/#respond\"]}]},{\"@type\":\"WebPage\",\"@id\":\"https:\/\/blgnoticiassantodomingo.net\/index.php\/2026\/04\/28\/presidente-abinader-encabeza-reunion-de-seguimiento-al-plan-de-seguridad-ciudadana-13\/\",\"url\":\"https:\/\/blgnoticiassantodomingo.net\/index.php\/2026\/04\/28\/presidente-abinader-encabeza-reunion-de-seguimiento-al-plan-de-seguridad-ciudadana-13\/\",\"name\":\"Presidente Abinader encabeza reuni\u00f3n de seguimiento al Plan de Seguridad Ciudadana - BLG Noticias\",\"isPartOf\":{\"@id\":\"https:\/\/blgnoticiassantodomingo.net\/#website\"},\"primaryImageOfPage\":{\"@id\":\"https:\/\/blgnoticiassantodomingo.net\/index.php\/2026\/04\/28\/presidente-abinader-encabeza-reunion-de-seguimiento-al-plan-de-seguridad-ciudadana-13\/#primaryimage\"},\"image\":{\"@id\":\"https:\/\/blgnoticiassantodomingo.net\/index.php\/2026\/04\/28\/presidente-abinader-encabeza-reunion-de-seguimiento-al-plan-de-seguridad-ciudadana-13\/#primaryimage\"},\"thumbnailUrl\":\"https:\/\/blgnoticiassantodomingo.net\/wp-content\/uploads\/2026\/04\/WhatsApp-Image-2026-04-28-at-9.43.11-AM.jpeg\",\"datePublished\":\"2026-04-28T19:38:50+00:00\",\"dateModified\":\"2026-04-28T19:38:56+00:00\",\"breadcrumb\":{\"@id\":\"https:\/\/blgnoticiassantodomingo.net\/index.php\/2026\/04\/28\/presidente-abinader-encabeza-reunion-de-seguimiento-al-plan-de-seguridad-ciudadana-13\/#breadcrumb\"},\"inLanguage\":\"es\",\"potentialAction\":[{\"@type\":\"ReadAction\",\"target\":[\"https:\/\/blgnoticiassantodomingo.net\/index.php\/2026\/04\/28\/presidente-abinader-encabeza-reunion-de-seguimiento-al-plan-de-seguridad-ciudadana-13\/\"]}]},{\"@type\":\"ImageObject\",\"inLanguage\":\"es\",\"@id\":\"https:\/\/blgnoticiassantodomingo.net\/index.php\/2026\/04\/28\/presidente-abinader-encabeza-reunion-de-seguimiento-al-plan-de-seguridad-ciudadana-13\/#primaryimage\",\"url\":\"https:\/\/blgnoticiassantodomingo.net\/wp-content\/uploads\/2026\/04\/WhatsApp-Image-2026-04-28-at-9.43.11-AM.jpeg\",\"contentUrl\":\"https:\/\/blgnoticiassantodomingo.net\/wp-content\/uploads\/2026\/04\/WhatsApp-Image-2026-04-28-at-9.43.11-AM.jpeg\",\"width\":1280,\"height\":854},{\"@type\":\"BreadcrumbList\",\"@id\":\"https:\/\/blgnoticiassantodomingo.net\/index.php\/2026\/04\/28\/presidente-abinader-encabeza-reunion-de-seguimiento-al-plan-de-seguridad-ciudadana-13\/#breadcrumb\",\"itemListElement\":[{\"@type\":\"ListItem\",\"position\":1,\"name\":\"Portada\",\"item\":\"https:\/\/blgnoticiassantodomingo.net\/\"},{\"@type\":\"ListItem\",\"position\":2,\"name\":\"Presidente Abinader encabeza reuni\u00f3n de seguimiento al Plan de Seguridad Ciudadana\"}]},{\"@type\":\"WebSite\",\"@id\":\"https:\/\/blgnoticiassantodomingo.net\/#website\",\"url\":\"https:\/\/blgnoticiassantodomingo.net\/\",\"name\":\"BLG Noticias\",\"description\":\"Esto es Noticias\",\"publisher\":{\"@id\":\"https:\/\/blgnoticiassantodomingo.net\/#organization\"},\"potentialAction\":[{\"@type\":\"SearchAction\",\"target\":{\"@type\":\"EntryPoint\",\"urlTemplate\":\"https:\/\/blgnoticiassantodomingo.net\/?s={search_term_string}\"},\"query-input\":{\"@type\":\"PropertyValueSpecification\",\"valueRequired\":true,\"valueName\":\"search_term_string\"}}],\"inLanguage\":\"es\"},{\"@type\":\"Organization\",\"@id\":\"https:\/\/blgnoticiassantodomingo.net\/#organization\",\"name\":\"BLG Noticias\",\"url\":\"https:\/\/blgnoticiassantodomingo.net\/\",\"logo\":{\"@type\":\"ImageObject\",\"inLanguage\":\"es\",\"@id\":\"https:\/\/blgnoticiassantodomingo.net\/#\/schema\/logo\/image\/\",\"url\":\"https:\/\/blgnoticiassantodomingo.net\/wp-content\/uploads\/2023\/12\/Diseno-sin-titulo-3.jpg\",\"contentUrl\":\"https:\/\/blgnoticiassantodomingo.net\/wp-content\/uploads\/2023\/12\/Diseno-sin-titulo-3.jpg\",\"width\":500,\"height\":500,\"caption\":\"BLG Noticias\"},\"image\":{\"@id\":\"https:\/\/blgnoticiassantodomingo.net\/#\/schema\/logo\/image\/\"},\"sameAs\":[\"https:\/\/web.facebook.com\/BlgNoticias\/?locale=es_LA&_rdc=1&_rdr\",\"https:\/\/x.com\/BlgNoticias\",\"https:\/\/www.linkedin.com\/in\/brenda-l-santana-aa846279\/\"]},{\"@type\":\"Person\",\"@id\":\"https:\/\/blgnoticiassantodomingo.net\/#\/schema\/person\/e2fc21cf88acc63dbd134be981bff374\",\"name\":\"Brenda Guerrero\",\"image\":{\"@type\":\"ImageObject\",\"inLanguage\":\"es\",\"@id\":\"https:\/\/blgnoticiassantodomingo.net\/#\/schema\/person\/image\/\",\"url\":\"https:\/\/secure.gravatar.com\/avatar\/2f7fc4c3e3655be1580cb684bfd8ab19be702ae20879da1e072021daa02f9b8b?s=96&d=wp_user_avatar&r=g\",\"contentUrl\":\"https:\/\/secure.gravatar.com\/avatar\/2f7fc4c3e3655be1580cb684bfd8ab19be702ae20879da1e072021daa02f9b8b?s=96&d=wp_user_avatar&r=g\",\"caption\":\"Brenda Guerrero\"},\"description\":\"Periodista\",\"url\":\"https:\/\/blgnoticiassantodomingo.net\/index.php\/author\/brenda-guerrero\/\"}]}<\/script>\n<!-- \/ Yoast SEO plugin. -->","yoast_head_json":{"title":"Presidente Abinader encabeza reuni\u00f3n de seguimiento al Plan de Seguridad Ciudadana - BLG Noticias","robots":{"index":"index","follow":"follow","max-snippet":"max-snippet:-1","max-image-preview":"max-image-preview:large","max-video-preview":"max-video-preview:-1"},"canonical":"https:\/\/blgnoticiassantodomingo.net\/index.php\/2026\/04\/28\/presidente-abinader-encabeza-reunion-de-seguimiento-al-plan-de-seguridad-ciudadana-13\/","og_locale":"es_ES","og_type":"article","og_title":"Presidente Abinader encabeza reuni\u00f3n de seguimiento al Plan de Seguridad Ciudadana - BLG Noticias","og_description":"Santo Domingo.\u2013 El presidente Luis Abinader se encuentra presidiendo en estos momentos la reuni\u00f3n de seguimiento al Plan de Seguridad Ciudadana, con el prop\u00f3sito de fortalecer las estrategias que se implementan en todo el pa\u00eds para garantizar mayor protecci\u00f3n y tranquilidad a la poblaci\u00f3n. La sesi\u00f3n de trabajo se est\u00e1 llevando a cabo en el [&hellip;]","og_url":"https:\/\/blgnoticiassantodomingo.net\/index.php\/2026\/04\/28\/presidente-abinader-encabeza-reunion-de-seguimiento-al-plan-de-seguridad-ciudadana-13\/","og_site_name":"BLG Noticias","article_publisher":"https:\/\/web.facebook.com\/BlgNoticias\/?locale=es_LA&_rdc=1&_rdr","article_published_time":"2026-04-28T19:38:50+00:00","article_modified_time":"2026-04-28T19:38:56+00:00","og_image":[{"width":1280,"height":854,"url":"http:\/\/blgnoticiassantodomingo.net\/wp-content\/uploads\/2026\/04\/WhatsApp-Image-2026-04-28-at-9.43.11-AM.jpeg","type":"image\/jpeg"}],"author":"Brenda Guerrero","twitter_card":"summary_large_image","twitter_creator":"@BlgNoticias","twitter_site":"@BlgNoticias","twitter_misc":{"Escrito por":"Brenda Guerrero","Tiempo de lectura":"3 minutos"},"schema":{"@context":"https:\/\/schema.org","@graph":[{"@type":"Article","@id":"https:\/\/blgnoticiassantodomingo.net\/index.php\/2026\/04\/28\/presidente-abinader-encabeza-reunion-de-seguimiento-al-plan-de-seguridad-ciudadana-13\/#article","isPartOf":{"@id":"https:\/\/blgnoticiassantodomingo.net\/index.php\/2026\/04\/28\/presidente-abinader-encabeza-reunion-de-seguimiento-al-plan-de-seguridad-ciudadana-13\/"},"author":{"name":"Brenda Guerrero","@id":"https:\/\/blgnoticiassantodomingo.net\/#\/schema\/person\/e2fc21cf88acc63dbd134be981bff374"},"headline":"Presidente Abinader encabeza reuni\u00f3n de seguimiento al Plan de Seguridad Ciudadana","datePublished":"2026-04-28T19:38:50+00:00","dateModified":"2026-04-28T19:38:56+00:00","mainEntityOfPage":{"@id":"https:\/\/blgnoticiassantodomingo.net\/index.php\/2026\/04\/28\/presidente-abinader-encabeza-reunion-de-seguimiento-al-plan-de-seguridad-ciudadana-13\/"},"wordCount":509,"commentCount":0,"publisher":{"@id":"https:\/\/blgnoticiassantodomingo.net\/#organization"},"image":{"@id":"https:\/\/blgnoticiassantodomingo.net\/index.php\/2026\/04\/28\/presidente-abinader-encabeza-reunion-de-seguimiento-al-plan-de-seguridad-ciudadana-13\/#primaryimage"},"thumbnailUrl":"https:\/\/blgnoticiassantodomingo.net\/wp-content\/uploads\/2026\/04\/WhatsApp-Image-2026-04-28-at-9.43.11-AM.jpeg","keywords":["Plan de Seguridad Ciudadana","Presidente Abinader"],"articleSection":["Featured","Nacionales"],"inLanguage":"es","potentialAction":[{"@type":"CommentAction","name":"Comment","target":["https:\/\/blgnoticiassantodomingo.net\/index.php\/2026\/04\/28\/presidente-abinader-encabeza-reunion-de-seguimiento-al-plan-de-seguridad-ciudadana-13\/#respond"]}]},{"@type":"WebPage","@id":"https:\/\/blgnoticiassantodomingo.net\/index.php\/2026\/04\/28\/presidente-abinader-encabeza-reunion-de-seguimiento-al-plan-de-seguridad-ciudadana-13\/","url":"https:\/\/blgnoticiassantodomingo.net\/index.php\/2026\/04\/28\/presidente-abinader-encabeza-reunion-de-seguimiento-al-plan-de-seguridad-ciudadana-13\/","name":"Presidente Abinader encabeza reuni\u00f3n de seguimiento al Plan de Seguridad Ciudadana - BLG Noticias","isPartOf":{"@id":"https:\/\/blgnoticiassantodomingo.net\/#website"},"primaryImageOfPage":{"@id":"https:\/\/blgnoticiassantodomingo.net\/index.php\/2026\/04\/28\/presidente-abinader-encabeza-reunion-de-seguimiento-al-plan-de-seguridad-ciudadana-13\/#primaryimage"},"image":{"@id":"https:\/\/blgnoticiassantodomingo.net\/index.php\/2026\/04\/28\/presidente-abinader-encabeza-reunion-de-seguimiento-al-plan-de-seguridad-ciudadana-13\/#primaryimage"},"thumbnailUrl":"https:\/\/blgnoticiassantodomingo.net\/wp-content\/uploads\/2026\/04\/WhatsApp-Image-2026-04-28-at-9.43.11-AM.jpeg","datePublished":"2026-04-28T19:38:50+00:00","dateModified":"2026-04-28T19:38:56+00:00","breadcrumb":{"@id":"https:\/\/blgnoticiassantodomingo.net\/index.php\/2026\/04\/28\/presidente-abinader-encabeza-reunion-de-seguimiento-al-plan-de-seguridad-ciudadana-13\/#breadcrumb"},"inLanguage":"es","potentialAction":[{"@type":"ReadAction","target":["https:\/\/blgnoticiassantodomingo.net\/index.php\/2026\/04\/28\/presidente-abinader-encabeza-reunion-de-seguimiento-al-plan-de-seguridad-ciudadana-13\/"]}]},{"@type":"ImageObject","inLanguage":"es","@id":"https:\/\/blgnoticiassantodomingo.net\/index.php\/2026\/04\/28\/presidente-abinader-encabeza-reunion-de-seguimiento-al-plan-de-seguridad-ciudadana-13\/#primaryimage","url":"https:\/\/blgnoticiassantodomingo.net\/wp-content\/uploads\/2026\/04\/WhatsApp-Image-2026-04-28-at-9.43.11-AM.jpeg","contentUrl":"https:\/\/blgnoticiassantodomingo.net\/wp-content\/uploads\/2026\/04\/WhatsApp-Image-2026-04-28-at-9.43.11-AM.jpeg","width":1280,"height":854},{"@type":"BreadcrumbList","@id":"https:\/\/blgnoticiassantodomingo.net\/index.php\/2026\/04\/28\/presidente-abinader-encabeza-reunion-de-seguimiento-al-plan-de-seguridad-ciudadana-13\/#breadcrumb","itemListElement":[{"@type":"ListItem","position":1,"name":"Portada","item":"https:\/\/blgnoticiassantodomingo.net\/"},{"@type":"ListItem","position":2,"name":"Presidente Abinader encabeza reuni\u00f3n de seguimiento al Plan de Seguridad Ciudadana"}]},{"@type":"WebSite","@id":"https:\/\/blgnoticiassantodomingo.net\/#website","url":"https:\/\/blgnoticiassantodomingo.net\/","name":"BLG Noticias","description":"Esto es Noticias","publisher":{"@id":"https:\/\/blgnoticiassantodomingo.net\/#organization"},"potentialAction":[{"@type":"SearchAction","target":{"@type":"EntryPoint","urlTemplate":"https:\/\/blgnoticiassantodomingo.net\/?s={search_term_string}"},"query-input":{"@type":"PropertyValueSpecification","valueRequired":true,"valueName":"search_term_string"}}],"inLanguage":"es"},{"@type":"Organization","@id":"https:\/\/blgnoticiassantodomingo.net\/#organization","name":"BLG Noticias","url":"https:\/\/blgnoticiassantodomingo.net\/","logo":{"@type":"ImageObject","inLanguage":"es","@id":"https:\/\/blgnoticiassantodomingo.net\/#\/schema\/logo\/image\/","url":"https:\/\/blgnoticiassantodomingo.net\/wp-content\/uploads\/2023\/12\/Diseno-sin-titulo-3.jpg","contentUrl":"https:\/\/blgnoticiassantodomingo.net\/wp-content\/uploads\/2023\/12\/Diseno-sin-titulo-3.jpg","width":500,"height":500,"caption":"BLG Noticias"},"image":{"@id":"https:\/\/blgnoticiassantodomingo.net\/#\/schema\/logo\/image\/"},"sameAs":["https:\/\/web.facebook.com\/BlgNoticias\/?locale=es_LA&_rdc=1&_rdr","https:\/\/x.com\/BlgNoticias","https:\/\/www.linkedin.com\/in\/brenda-l-santana-aa846279\/"]},{"@type":"Person","@id":"https:\/\/blgnoticiassantodomingo.net\/#\/schema\/person\/e2fc21cf88acc63dbd134be981bff374","name":"Brenda Guerrero","image":{"@type":"ImageObject","inLanguage":"es","@id":"https:\/\/blgnoticiassantodomingo.net\/#\/schema\/person\/image\/","url":"https:\/\/secure.gravatar.com\/avatar\/2f7fc4c3e3655be1580cb684bfd8ab19be702ae20879da1e072021daa02f9b8b?s=96&d=wp_user_avatar&r=g","contentUrl":"https:\/\/secure.gravatar.com\/avatar\/2f7fc4c3e3655be1580cb684bfd8ab19be702ae20879da1e072021daa02f9b8b?s=96&d=wp_user_avatar&r=g","caption":"Brenda Guerrero"},"description":"Periodista","url":"https:\/\/blgnoticiassantodomingo.net\/index.php\/author\/brenda-guerrero\/"}]}},"jetpack_featured_media_url":"https:\/\/blgnoticiassantodomingo.net\/wp-content\/uploads\/2026\/04\/WhatsApp-Image-2026-04-28-at-9.43.11-AM.jpeg","_links":{"self":[{"href":"https:\/\/blgnoticiassantodomingo.net\/index.php\/wp-json\/wp\/v2\/posts\/51113","targetHints":{"allow":["GET"]}}],"collection":[{"href":"https:\/\/blgnoticiassantodomingo.net\/index.php\/wp-json\/wp\/v2\/posts"}],"about":[{"href":"https:\/\/blgnoticiassantodomingo.net\/index.php\/wp-json\/wp\/v2\/types\/post"}],"author":[{"embeddable":true,"href":"https:\/\/blgnoticiassantodomingo.net\/index.php\/wp-json\/wp\/v2\/users\/2"}],"replies":[{"embeddable":true,"href":"https:\/\/blgnoticiassantodomingo.net\/index.php\/wp-json\/wp\/v2\/comments?post=51113"}],"version-history":[{"count":1,"href":"https:\/\/blgnoticiassantodomingo.net\/index.php\/wp-json\/wp\/v2\/posts\/51113\/revisions"}],"predecessor-version":[{"id":51116,"href":"https:\/\/blgnoticiassantodomingo.net\/index.php\/wp-json\/wp\/v2\/posts\/51113\/revisions\/51116"}],"wp:featuredmedia":[{"embeddable":true,"href":"https:\/\/blgnoticiassantodomingo.net\/index.php\/wp-json\/wp\/v2\/media\/51114"}],"wp:attachment":[{"href":"https:\/\/blgnoticiassantodomingo.net\/index.php\/wp-json\/wp\/v2\/media?parent=51113"}],"wp:term":[{"taxonomy":"category","embeddable":true,"href":"https:\/\/blgnoticiassantodomingo.net\/index.php\/wp-json\/wp\/v2\/categories?post=51113"},{"taxonomy":"post_tag","embeddable":true,"href":"https:\/\/blgnoticiassantodomingo.net\/index.php\/wp-json\/wp\/v2\/tags?post=51113"}],"curies":[{"name":"wp","href":"https:\/\/api.w.org\/{rel}","templated":true}]}}