{"id":51101,"date":"2026-04-28T15:09:42","date_gmt":"2026-04-28T19:09:42","guid":{"rendered":"https:\/\/blgnoticiassantodomingo.net\/?p=51101"},"modified":"2026-04-28T15:09:49","modified_gmt":"2026-04-28T19:09:49","slug":"senador-ricardo-de-los-santos-anuncia-llegada-inmediata-de-ayudas-a-zonas-afectadas-por-ventarron-en-sanchez-ramirez","status":"publish","type":"post","link":"https:\/\/blgnoticiassantodomingo.net\/index.php\/2026\/04\/28\/senador-ricardo-de-los-santos-anuncia-llegada-inmediata-de-ayudas-a-zonas-afectadas-por-ventarron-en-sanchez-ramirez\/","title":{"rendered":"Senador Ricardo de los Santos anuncia llegada inmediata de ayudas a zonas afectadas por ventarr\u00f3n en S\u00e1nchez Ram\u00edrez"},"content":{"rendered":"\n<p>Sanchez Ram\u00edrez &#8211; El senador por la provincia S\u00e1nchez Ram\u00edrez, Ricardo De los Santos, inform\u00f3 que desde este martes comenzar\u00e1 a llegar el apoyo necesario a las zonas impactadas por los recientes fen\u00f3menos atmosf\u00e9ricos en esa demarcaci\u00f3n.<\/p>\n\n\n\n<p><br>Explic\u00f3 que ha dado seguimiento de cerca a la situaci\u00f3n en coordinaci\u00f3n directa con las autoridades competentes, para ofrecer asistencia inmediata a las familias afectadas.<\/p>\n\n\n\n<p><br>A trav\u00e9s de un comunicado, expres\u00f3 que ha sostenido conversaciones con el director de la Direcci\u00f3n de Asistencia Social y Alimentaci\u00f3n Comunitaria (DASAC), Edgar F\u00e9liz, quien garantiz\u00f3 que desde hoy comenzar\u00e1 a llegar ayuda en las diferentes zonas impactadas.<\/p>\n\n\n\n<pre class=\"wp-block-code\"><code>\n\u201cExpresamos nuestra profunda preocupaci\u00f3n por la situaci\u00f3n que atraviesan nuestros compueblanos. Les aseguramos que no est\u00e1n solos, y estamos trabajando para canalizar respuestas oportunas y atender cada situaci\u00f3n con la responsabilidad que amerita\u201d, expres\u00f3 el legislador.<\/code><\/pre>\n\n\n\n<p><br>Ricardo De los Santos reafirm\u00f3 su compromiso con las comunidades de S\u00e1nchez Ram\u00edrez, destacando que continuar\u00e1 gestionando soluciones r\u00e1pidas y efectivas junto a las instituciones correspondientes para mitigar los efectos provocados por estos eventos atmosf\u00e9ricos.<\/p>\n\n\n\n<p><br>Asimismo, dijo que se mantendr\u00e1 atento a la evoluci\u00f3n de los acontecimientos, fortaleciendo la coordinaci\u00f3n interinstitucional para garantizar respuestas oportunas y acompa\u00f1amiento permanente a la poblaci\u00f3n.<\/p>\n\n\n\n<p><br>La provincia S\u00e1nchez Ram\u00edrez fue afectada la tarde del lunes por fuertes vientos que derribaron \u00e1rboles, vallas publicitarias y postes del tendido el\u00e9ctrico en un tramo de la carretera que conecta a Cotu\u00ed, Villa La Mata y Fantino, as\u00ed como la comunidad de Angelina<br>Los da\u00f1os provocados por las condiciones climatol\u00f3gicas bloquearon durante varias horas el tr\u00e1nsito vehicular hacia La Vega y San Francisco de Macor\u00eds y generaron largos taponamientos debido a la ca\u00edda de \u00e1rboles y postes de las redes el\u00e9ctricas sobre el pavimento de la v\u00eda que enlaza a S\u00e1nchez Ram\u00edrez con comunidades cercanas.<\/p>\n\n\n\n<p><br>Brigadas de Edenorte, junto a unidades del Cuerpo de Bomberos y la Defensa Civil, acudieron a las zonas afectadas, donde realizan labores de emergencia para restablecer el suministro el\u00e9ctrico y normalizar el flujo vehicular.<\/p>\n","protected":false},"excerpt":{"rendered":"<p>Sanchez Ram\u00edrez &#8211; El senador por la provincia S\u00e1nchez Ram\u00edrez, Ricardo De los Santos, inform\u00f3 que desde este martes comenzar\u00e1 a llegar el apoyo necesario a las zonas impactadas por los recientes fen\u00f3menos atmosf\u00e9ricos en esa demarcaci\u00f3n. Explic\u00f3 que ha dado seguimiento de cerca a la situaci\u00f3n en coordinaci\u00f3n directa con las autoridades competentes, para [&hellip;]<\/p>\n","protected":false},"author":2,"featured_media":51102,"comment_status":"open","ping_status":"open","sticky":false,"template":"","format":"standard","meta":{"footnotes":""},"categories":[220],"tags":[3616,13296,12520],"class_list":{"0":"post-51101","1":"post","2":"type-post","3":"status-publish","4":"format-standard","5":"has-post-thumbnail","7":"category-nacionales","8":"tag-ricardo-de-los-santos","9":"tag-sanchez-ramirez-2","10":"tag-senador-ricardo-de-los-santos"},"yoast_head":"<!-- This site is optimized with the Yoast SEO plugin v24.9 - https:\/\/yoast.com\/wordpress\/plugins\/seo\/ -->\n<title>Senador Ricardo de los Santos anuncia llegada inmediata de ayudas a zonas afectadas por ventarr\u00f3n en S\u00e1nchez Ram\u00edrez - BLG Noticias<\/title>\n<meta name=\"robots\" content=\"index, follow, max-snippet:-1, max-image-preview:large, max-video-preview:-1\" \/>\n<link rel=\"canonical\" href=\"https:\/\/blgnoticiassantodomingo.net\/index.php\/2026\/04\/28\/senador-ricardo-de-los-santos-anuncia-llegada-inmediata-de-ayudas-a-zonas-afectadas-por-ventarron-en-sanchez-ramirez\/\" \/>\n<meta property=\"og:locale\" content=\"es_ES\" \/>\n<meta property=\"og:type\" content=\"article\" \/>\n<meta property=\"og:title\" content=\"Senador Ricardo de los Santos anuncia llegada inmediata de ayudas a zonas afectadas por ventarr\u00f3n en S\u00e1nchez Ram\u00edrez - BLG Noticias\" \/>\n<meta property=\"og:description\" content=\"Sanchez Ram\u00edrez &#8211; El senador por la provincia S\u00e1nchez Ram\u00edrez, Ricardo De los Santos, inform\u00f3 que desde este martes comenzar\u00e1 a llegar el apoyo necesario a las zonas impactadas por los recientes fen\u00f3menos atmosf\u00e9ricos en esa demarcaci\u00f3n. Explic\u00f3 que ha dado seguimiento de cerca a la situaci\u00f3n en coordinaci\u00f3n directa con las autoridades competentes, para [&hellip;]\" \/>\n<meta property=\"og:url\" content=\"https:\/\/blgnoticiassantodomingo.net\/index.php\/2026\/04\/28\/senador-ricardo-de-los-santos-anuncia-llegada-inmediata-de-ayudas-a-zonas-afectadas-por-ventarron-en-sanchez-ramirez\/\" \/>\n<meta property=\"og:site_name\" content=\"BLG Noticias\" \/>\n<meta property=\"article:publisher\" content=\"https:\/\/web.facebook.com\/BlgNoticias\/?locale=es_LA&amp;_rdc=1&amp;_rdr\" \/>\n<meta property=\"article:published_time\" content=\"2026-04-28T19:09:42+00:00\" \/>\n<meta property=\"article:modified_time\" content=\"2026-04-28T19:09:49+00:00\" \/>\n<meta property=\"og:image\" content=\"http:\/\/blgnoticiassantodomingo.net\/wp-content\/uploads\/2026\/04\/Screenshot_47.jpg\" \/>\n\t<meta property=\"og:image:width\" content=\"684\" \/>\n\t<meta property=\"og:image:height\" content=\"482\" \/>\n\t<meta property=\"og:image:type\" content=\"image\/jpeg\" \/>\n<meta name=\"author\" content=\"Brenda Guerrero\" \/>\n<meta name=\"twitter:card\" content=\"summary_large_image\" \/>\n<meta name=\"twitter:creator\" content=\"@BlgNoticias\" \/>\n<meta name=\"twitter:site\" content=\"@BlgNoticias\" \/>\n<meta name=\"twitter:label1\" content=\"Escrito por\" \/>\n\t<meta name=\"twitter:data1\" content=\"Brenda Guerrero\" \/>\n\t<meta name=\"twitter:label2\" content=\"Tiempo de lectura\" \/>\n\t<meta name=\"twitter:data2\" content=\"2 minutos\" \/>\n<script type=\"application\/ld+json\" class=\"yoast-schema-graph\">{\"@context\":\"https:\/\/schema.org\",\"@graph\":[{\"@type\":\"Article\",\"@id\":\"https:\/\/blgnoticiassantodomingo.net\/index.php\/2026\/04\/28\/senador-ricardo-de-los-santos-anuncia-llegada-inmediata-de-ayudas-a-zonas-afectadas-por-ventarron-en-sanchez-ramirez\/#article\",\"isPartOf\":{\"@id\":\"https:\/\/blgnoticiassantodomingo.net\/index.php\/2026\/04\/28\/senador-ricardo-de-los-santos-anuncia-llegada-inmediata-de-ayudas-a-zonas-afectadas-por-ventarron-en-sanchez-ramirez\/\"},\"author\":{\"name\":\"Brenda Guerrero\",\"@id\":\"https:\/\/blgnoticiassantodomingo.net\/#\/schema\/person\/e2fc21cf88acc63dbd134be981bff374\"},\"headline\":\"Senador Ricardo de los Santos anuncia llegada inmediata de ayudas a zonas afectadas por ventarr\u00f3n en S\u00e1nchez Ram\u00edrez\",\"datePublished\":\"2026-04-28T19:09:42+00:00\",\"dateModified\":\"2026-04-28T19:09:49+00:00\",\"mainEntityOfPage\":{\"@id\":\"https:\/\/blgnoticiassantodomingo.net\/index.php\/2026\/04\/28\/senador-ricardo-de-los-santos-anuncia-llegada-inmediata-de-ayudas-a-zonas-afectadas-por-ventarron-en-sanchez-ramirez\/\"},\"wordCount\":345,\"commentCount\":0,\"publisher\":{\"@id\":\"https:\/\/blgnoticiassantodomingo.net\/#organization\"},\"image\":{\"@id\":\"https:\/\/blgnoticiassantodomingo.net\/index.php\/2026\/04\/28\/senador-ricardo-de-los-santos-anuncia-llegada-inmediata-de-ayudas-a-zonas-afectadas-por-ventarron-en-sanchez-ramirez\/#primaryimage\"},\"thumbnailUrl\":\"https:\/\/blgnoticiassantodomingo.net\/wp-content\/uploads\/2026\/04\/Screenshot_47.jpg\",\"keywords\":[\"Ricardo De los Santos\",\"S\u00e1nchez Ram\u00edrez\",\"Senador Ricardo de los Santos\"],\"articleSection\":[\"Nacionales\"],\"inLanguage\":\"es\",\"potentialAction\":[{\"@type\":\"CommentAction\",\"name\":\"Comment\",\"target\":[\"https:\/\/blgnoticiassantodomingo.net\/index.php\/2026\/04\/28\/senador-ricardo-de-los-santos-anuncia-llegada-inmediata-de-ayudas-a-zonas-afectadas-por-ventarron-en-sanchez-ramirez\/#respond\"]}]},{\"@type\":\"WebPage\",\"@id\":\"https:\/\/blgnoticiassantodomingo.net\/index.php\/2026\/04\/28\/senador-ricardo-de-los-santos-anuncia-llegada-inmediata-de-ayudas-a-zonas-afectadas-por-ventarron-en-sanchez-ramirez\/\",\"url\":\"https:\/\/blgnoticiassantodomingo.net\/index.php\/2026\/04\/28\/senador-ricardo-de-los-santos-anuncia-llegada-inmediata-de-ayudas-a-zonas-afectadas-por-ventarron-en-sanchez-ramirez\/\",\"name\":\"Senador Ricardo de los Santos anuncia llegada inmediata de ayudas a zonas afectadas por ventarr\u00f3n en S\u00e1nchez Ram\u00edrez - BLG Noticias\",\"isPartOf\":{\"@id\":\"https:\/\/blgnoticiassantodomingo.net\/#website\"},\"primaryImageOfPage\":{\"@id\":\"https:\/\/blgnoticiassantodomingo.net\/index.php\/2026\/04\/28\/senador-ricardo-de-los-santos-anuncia-llegada-inmediata-de-ayudas-a-zonas-afectadas-por-ventarron-en-sanchez-ramirez\/#primaryimage\"},\"image\":{\"@id\":\"https:\/\/blgnoticiassantodomingo.net\/index.php\/2026\/04\/28\/senador-ricardo-de-los-santos-anuncia-llegada-inmediata-de-ayudas-a-zonas-afectadas-por-ventarron-en-sanchez-ramirez\/#primaryimage\"},\"thumbnailUrl\":\"https:\/\/blgnoticiassantodomingo.net\/wp-content\/uploads\/2026\/04\/Screenshot_47.jpg\",\"datePublished\":\"2026-04-28T19:09:42+00:00\",\"dateModified\":\"2026-04-28T19:09:49+00:00\",\"breadcrumb\":{\"@id\":\"https:\/\/blgnoticiassantodomingo.net\/index.php\/2026\/04\/28\/senador-ricardo-de-los-santos-anuncia-llegada-inmediata-de-ayudas-a-zonas-afectadas-por-ventarron-en-sanchez-ramirez\/#breadcrumb\"},\"inLanguage\":\"es\",\"potentialAction\":[{\"@type\":\"ReadAction\",\"target\":[\"https:\/\/blgnoticiassantodomingo.net\/index.php\/2026\/04\/28\/senador-ricardo-de-los-santos-anuncia-llegada-inmediata-de-ayudas-a-zonas-afectadas-por-ventarron-en-sanchez-ramirez\/\"]}]},{\"@type\":\"ImageObject\",\"inLanguage\":\"es\",\"@id\":\"https:\/\/blgnoticiassantodomingo.net\/index.php\/2026\/04\/28\/senador-ricardo-de-los-santos-anuncia-llegada-inmediata-de-ayudas-a-zonas-afectadas-por-ventarron-en-sanchez-ramirez\/#primaryimage\",\"url\":\"https:\/\/blgnoticiassantodomingo.net\/wp-content\/uploads\/2026\/04\/Screenshot_47.jpg\",\"contentUrl\":\"https:\/\/blgnoticiassantodomingo.net\/wp-content\/uploads\/2026\/04\/Screenshot_47.jpg\",\"width\":684,\"height\":482},{\"@type\":\"BreadcrumbList\",\"@id\":\"https:\/\/blgnoticiassantodomingo.net\/index.php\/2026\/04\/28\/senador-ricardo-de-los-santos-anuncia-llegada-inmediata-de-ayudas-a-zonas-afectadas-por-ventarron-en-sanchez-ramirez\/#breadcrumb\",\"itemListElement\":[{\"@type\":\"ListItem\",\"position\":1,\"name\":\"Portada\",\"item\":\"https:\/\/blgnoticiassantodomingo.net\/\"},{\"@type\":\"ListItem\",\"position\":2,\"name\":\"Senador Ricardo de los Santos anuncia llegada inmediata de ayudas a zonas afectadas por ventarr\u00f3n en S\u00e1nchez Ram\u00edrez\"}]},{\"@type\":\"WebSite\",\"@id\":\"https:\/\/blgnoticiassantodomingo.net\/#website\",\"url\":\"https:\/\/blgnoticiassantodomingo.net\/\",\"name\":\"BLG Noticias\",\"description\":\"Esto es Noticias\",\"publisher\":{\"@id\":\"https:\/\/blgnoticiassantodomingo.net\/#organization\"},\"potentialAction\":[{\"@type\":\"SearchAction\",\"target\":{\"@type\":\"EntryPoint\",\"urlTemplate\":\"https:\/\/blgnoticiassantodomingo.net\/?s={search_term_string}\"},\"query-input\":{\"@type\":\"PropertyValueSpecification\",\"valueRequired\":true,\"valueName\":\"search_term_string\"}}],\"inLanguage\":\"es\"},{\"@type\":\"Organization\",\"@id\":\"https:\/\/blgnoticiassantodomingo.net\/#organization\",\"name\":\"BLG Noticias\",\"url\":\"https:\/\/blgnoticiassantodomingo.net\/\",\"logo\":{\"@type\":\"ImageObject\",\"inLanguage\":\"es\",\"@id\":\"https:\/\/blgnoticiassantodomingo.net\/#\/schema\/logo\/image\/\",\"url\":\"https:\/\/blgnoticiassantodomingo.net\/wp-content\/uploads\/2023\/12\/Diseno-sin-titulo-3.jpg\",\"contentUrl\":\"https:\/\/blgnoticiassantodomingo.net\/wp-content\/uploads\/2023\/12\/Diseno-sin-titulo-3.jpg\",\"width\":500,\"height\":500,\"caption\":\"BLG Noticias\"},\"image\":{\"@id\":\"https:\/\/blgnoticiassantodomingo.net\/#\/schema\/logo\/image\/\"},\"sameAs\":[\"https:\/\/web.facebook.com\/BlgNoticias\/?locale=es_LA&_rdc=1&_rdr\",\"https:\/\/x.com\/BlgNoticias\",\"https:\/\/www.linkedin.com\/in\/brenda-l-santana-aa846279\/\"]},{\"@type\":\"Person\",\"@id\":\"https:\/\/blgnoticiassantodomingo.net\/#\/schema\/person\/e2fc21cf88acc63dbd134be981bff374\",\"name\":\"Brenda Guerrero\",\"image\":{\"@type\":\"ImageObject\",\"inLanguage\":\"es\",\"@id\":\"https:\/\/blgnoticiassantodomingo.net\/#\/schema\/person\/image\/\",\"url\":\"https:\/\/secure.gravatar.com\/avatar\/2f7fc4c3e3655be1580cb684bfd8ab19be702ae20879da1e072021daa02f9b8b?s=96&d=wp_user_avatar&r=g\",\"contentUrl\":\"https:\/\/secure.gravatar.com\/avatar\/2f7fc4c3e3655be1580cb684bfd8ab19be702ae20879da1e072021daa02f9b8b?s=96&d=wp_user_avatar&r=g\",\"caption\":\"Brenda Guerrero\"},\"description\":\"Periodista\",\"url\":\"https:\/\/blgnoticiassantodomingo.net\/index.php\/author\/brenda-guerrero\/\"}]}<\/script>\n<!-- \/ Yoast SEO plugin. -->","yoast_head_json":{"title":"Senador Ricardo de los Santos anuncia llegada inmediata de ayudas a zonas afectadas por ventarr\u00f3n en S\u00e1nchez Ram\u00edrez - BLG Noticias","robots":{"index":"index","follow":"follow","max-snippet":"max-snippet:-1","max-image-preview":"max-image-preview:large","max-video-preview":"max-video-preview:-1"},"canonical":"https:\/\/blgnoticiassantodomingo.net\/index.php\/2026\/04\/28\/senador-ricardo-de-los-santos-anuncia-llegada-inmediata-de-ayudas-a-zonas-afectadas-por-ventarron-en-sanchez-ramirez\/","og_locale":"es_ES","og_type":"article","og_title":"Senador Ricardo de los Santos anuncia llegada inmediata de ayudas a zonas afectadas por ventarr\u00f3n en S\u00e1nchez Ram\u00edrez - BLG Noticias","og_description":"Sanchez Ram\u00edrez &#8211; El senador por la provincia S\u00e1nchez Ram\u00edrez, Ricardo De los Santos, inform\u00f3 que desde este martes comenzar\u00e1 a llegar el apoyo necesario a las zonas impactadas por los recientes fen\u00f3menos atmosf\u00e9ricos en esa demarcaci\u00f3n. Explic\u00f3 que ha dado seguimiento de cerca a la situaci\u00f3n en coordinaci\u00f3n directa con las autoridades competentes, para [&hellip;]","og_url":"https:\/\/blgnoticiassantodomingo.net\/index.php\/2026\/04\/28\/senador-ricardo-de-los-santos-anuncia-llegada-inmediata-de-ayudas-a-zonas-afectadas-por-ventarron-en-sanchez-ramirez\/","og_site_name":"BLG Noticias","article_publisher":"https:\/\/web.facebook.com\/BlgNoticias\/?locale=es_LA&_rdc=1&_rdr","article_published_time":"2026-04-28T19:09:42+00:00","article_modified_time":"2026-04-28T19:09:49+00:00","og_image":[{"width":684,"height":482,"url":"http:\/\/blgnoticiassantodomingo.net\/wp-content\/uploads\/2026\/04\/Screenshot_47.jpg","type":"image\/jpeg"}],"author":"Brenda Guerrero","twitter_card":"summary_large_image","twitter_creator":"@BlgNoticias","twitter_site":"@BlgNoticias","twitter_misc":{"Escrito por":"Brenda Guerrero","Tiempo de lectura":"2 minutos"},"schema":{"@context":"https:\/\/schema.org","@graph":[{"@type":"Article","@id":"https:\/\/blgnoticiassantodomingo.net\/index.php\/2026\/04\/28\/senador-ricardo-de-los-santos-anuncia-llegada-inmediata-de-ayudas-a-zonas-afectadas-por-ventarron-en-sanchez-ramirez\/#article","isPartOf":{"@id":"https:\/\/blgnoticiassantodomingo.net\/index.php\/2026\/04\/28\/senador-ricardo-de-los-santos-anuncia-llegada-inmediata-de-ayudas-a-zonas-afectadas-por-ventarron-en-sanchez-ramirez\/"},"author":{"name":"Brenda Guerrero","@id":"https:\/\/blgnoticiassantodomingo.net\/#\/schema\/person\/e2fc21cf88acc63dbd134be981bff374"},"headline":"Senador Ricardo de los Santos anuncia llegada inmediata de ayudas a zonas afectadas por ventarr\u00f3n en S\u00e1nchez Ram\u00edrez","datePublished":"2026-04-28T19:09:42+00:00","dateModified":"2026-04-28T19:09:49+00:00","mainEntityOfPage":{"@id":"https:\/\/blgnoticiassantodomingo.net\/index.php\/2026\/04\/28\/senador-ricardo-de-los-santos-anuncia-llegada-inmediata-de-ayudas-a-zonas-afectadas-por-ventarron-en-sanchez-ramirez\/"},"wordCount":345,"commentCount":0,"publisher":{"@id":"https:\/\/blgnoticiassantodomingo.net\/#organization"},"image":{"@id":"https:\/\/blgnoticiassantodomingo.net\/index.php\/2026\/04\/28\/senador-ricardo-de-los-santos-anuncia-llegada-inmediata-de-ayudas-a-zonas-afectadas-por-ventarron-en-sanchez-ramirez\/#primaryimage"},"thumbnailUrl":"https:\/\/blgnoticiassantodomingo.net\/wp-content\/uploads\/2026\/04\/Screenshot_47.jpg","keywords":["Ricardo De los Santos","S\u00e1nchez Ram\u00edrez","Senador Ricardo de los Santos"],"articleSection":["Nacionales"],"inLanguage":"es","potentialAction":[{"@type":"CommentAction","name":"Comment","target":["https:\/\/blgnoticiassantodomingo.net\/index.php\/2026\/04\/28\/senador-ricardo-de-los-santos-anuncia-llegada-inmediata-de-ayudas-a-zonas-afectadas-por-ventarron-en-sanchez-ramirez\/#respond"]}]},{"@type":"WebPage","@id":"https:\/\/blgnoticiassantodomingo.net\/index.php\/2026\/04\/28\/senador-ricardo-de-los-santos-anuncia-llegada-inmediata-de-ayudas-a-zonas-afectadas-por-ventarron-en-sanchez-ramirez\/","url":"https:\/\/blgnoticiassantodomingo.net\/index.php\/2026\/04\/28\/senador-ricardo-de-los-santos-anuncia-llegada-inmediata-de-ayudas-a-zonas-afectadas-por-ventarron-en-sanchez-ramirez\/","name":"Senador Ricardo de los Santos anuncia llegada inmediata de ayudas a zonas afectadas por ventarr\u00f3n en S\u00e1nchez Ram\u00edrez - BLG Noticias","isPartOf":{"@id":"https:\/\/blgnoticiassantodomingo.net\/#website"},"primaryImageOfPage":{"@id":"https:\/\/blgnoticiassantodomingo.net\/index.php\/2026\/04\/28\/senador-ricardo-de-los-santos-anuncia-llegada-inmediata-de-ayudas-a-zonas-afectadas-por-ventarron-en-sanchez-ramirez\/#primaryimage"},"image":{"@id":"https:\/\/blgnoticiassantodomingo.net\/index.php\/2026\/04\/28\/senador-ricardo-de-los-santos-anuncia-llegada-inmediata-de-ayudas-a-zonas-afectadas-por-ventarron-en-sanchez-ramirez\/#primaryimage"},"thumbnailUrl":"https:\/\/blgnoticiassantodomingo.net\/wp-content\/uploads\/2026\/04\/Screenshot_47.jpg","datePublished":"2026-04-28T19:09:42+00:00","dateModified":"2026-04-28T19:09:49+00:00","breadcrumb":{"@id":"https:\/\/blgnoticiassantodomingo.net\/index.php\/2026\/04\/28\/senador-ricardo-de-los-santos-anuncia-llegada-inmediata-de-ayudas-a-zonas-afectadas-por-ventarron-en-sanchez-ramirez\/#breadcrumb"},"inLanguage":"es","potentialAction":[{"@type":"ReadAction","target":["https:\/\/blgnoticiassantodomingo.net\/index.php\/2026\/04\/28\/senador-ricardo-de-los-santos-anuncia-llegada-inmediata-de-ayudas-a-zonas-afectadas-por-ventarron-en-sanchez-ramirez\/"]}]},{"@type":"ImageObject","inLanguage":"es","@id":"https:\/\/blgnoticiassantodomingo.net\/index.php\/2026\/04\/28\/senador-ricardo-de-los-santos-anuncia-llegada-inmediata-de-ayudas-a-zonas-afectadas-por-ventarron-en-sanchez-ramirez\/#primaryimage","url":"https:\/\/blgnoticiassantodomingo.net\/wp-content\/uploads\/2026\/04\/Screenshot_47.jpg","contentUrl":"https:\/\/blgnoticiassantodomingo.net\/wp-content\/uploads\/2026\/04\/Screenshot_47.jpg","width":684,"height":482},{"@type":"BreadcrumbList","@id":"https:\/\/blgnoticiassantodomingo.net\/index.php\/2026\/04\/28\/senador-ricardo-de-los-santos-anuncia-llegada-inmediata-de-ayudas-a-zonas-afectadas-por-ventarron-en-sanchez-ramirez\/#breadcrumb","itemListElement":[{"@type":"ListItem","position":1,"name":"Portada","item":"https:\/\/blgnoticiassantodomingo.net\/"},{"@type":"ListItem","position":2,"name":"Senador Ricardo de los Santos anuncia llegada inmediata de ayudas a zonas afectadas por ventarr\u00f3n en S\u00e1nchez Ram\u00edrez"}]},{"@type":"WebSite","@id":"https:\/\/blgnoticiassantodomingo.net\/#website","url":"https:\/\/blgnoticiassantodomingo.net\/","name":"BLG Noticias","description":"Esto es Noticias","publisher":{"@id":"https:\/\/blgnoticiassantodomingo.net\/#organization"},"potentialAction":[{"@type":"SearchAction","target":{"@type":"EntryPoint","urlTemplate":"https:\/\/blgnoticiassantodomingo.net\/?s={search_term_string}"},"query-input":{"@type":"PropertyValueSpecification","valueRequired":true,"valueName":"search_term_string"}}],"inLanguage":"es"},{"@type":"Organization","@id":"https:\/\/blgnoticiassantodomingo.net\/#organization","name":"BLG Noticias","url":"https:\/\/blgnoticiassantodomingo.net\/","logo":{"@type":"ImageObject","inLanguage":"es","@id":"https:\/\/blgnoticiassantodomingo.net\/#\/schema\/logo\/image\/","url":"https:\/\/blgnoticiassantodomingo.net\/wp-content\/uploads\/2023\/12\/Diseno-sin-titulo-3.jpg","contentUrl":"https:\/\/blgnoticiassantodomingo.net\/wp-content\/uploads\/2023\/12\/Diseno-sin-titulo-3.jpg","width":500,"height":500,"caption":"BLG Noticias"},"image":{"@id":"https:\/\/blgnoticiassantodomingo.net\/#\/schema\/logo\/image\/"},"sameAs":["https:\/\/web.facebook.com\/BlgNoticias\/?locale=es_LA&_rdc=1&_rdr","https:\/\/x.com\/BlgNoticias","https:\/\/www.linkedin.com\/in\/brenda-l-santana-aa846279\/"]},{"@type":"Person","@id":"https:\/\/blgnoticiassantodomingo.net\/#\/schema\/person\/e2fc21cf88acc63dbd134be981bff374","name":"Brenda Guerrero","image":{"@type":"ImageObject","inLanguage":"es","@id":"https:\/\/blgnoticiassantodomingo.net\/#\/schema\/person\/image\/","url":"https:\/\/secure.gravatar.com\/avatar\/2f7fc4c3e3655be1580cb684bfd8ab19be702ae20879da1e072021daa02f9b8b?s=96&d=wp_user_avatar&r=g","contentUrl":"https:\/\/secure.gravatar.com\/avatar\/2f7fc4c3e3655be1580cb684bfd8ab19be702ae20879da1e072021daa02f9b8b?s=96&d=wp_user_avatar&r=g","caption":"Brenda Guerrero"},"description":"Periodista","url":"https:\/\/blgnoticiassantodomingo.net\/index.php\/author\/brenda-guerrero\/"}]}},"jetpack_featured_media_url":"https:\/\/blgnoticiassantodomingo.net\/wp-content\/uploads\/2026\/04\/Screenshot_47.jpg","_links":{"self":[{"href":"https:\/\/blgnoticiassantodomingo.net\/index.php\/wp-json\/wp\/v2\/posts\/51101","targetHints":{"allow":["GET"]}}],"collection":[{"href":"https:\/\/blgnoticiassantodomingo.net\/index.php\/wp-json\/wp\/v2\/posts"}],"about":[{"href":"https:\/\/blgnoticiassantodomingo.net\/index.php\/wp-json\/wp\/v2\/types\/post"}],"author":[{"embeddable":true,"href":"https:\/\/blgnoticiassantodomingo.net\/index.php\/wp-json\/wp\/v2\/users\/2"}],"replies":[{"embeddable":true,"href":"https:\/\/blgnoticiassantodomingo.net\/index.php\/wp-json\/wp\/v2\/comments?post=51101"}],"version-history":[{"count":1,"href":"https:\/\/blgnoticiassantodomingo.net\/index.php\/wp-json\/wp\/v2\/posts\/51101\/revisions"}],"predecessor-version":[{"id":51103,"href":"https:\/\/blgnoticiassantodomingo.net\/index.php\/wp-json\/wp\/v2\/posts\/51101\/revisions\/51103"}],"wp:featuredmedia":[{"embeddable":true,"href":"https:\/\/blgnoticiassantodomingo.net\/index.php\/wp-json\/wp\/v2\/media\/51102"}],"wp:attachment":[{"href":"https:\/\/blgnoticiassantodomingo.net\/index.php\/wp-json\/wp\/v2\/media?parent=51101"}],"wp:term":[{"taxonomy":"category","embeddable":true,"href":"https:\/\/blgnoticiassantodomingo.net\/index.php\/wp-json\/wp\/v2\/categories?post=51101"},{"taxonomy":"post_tag","embeddable":true,"href":"https:\/\/blgnoticiassantodomingo.net\/index.php\/wp-json\/wp\/v2\/tags?post=51101"}],"curies":[{"name":"wp","href":"https:\/\/api.w.org\/{rel}","templated":true}]}}