{"id":51094,"date":"2026-04-28T11:54:41","date_gmt":"2026-04-28T15:54:41","guid":{"rendered":"https:\/\/blgnoticiassantodomingo.net\/?p=51094"},"modified":"2026-04-28T11:54:47","modified_gmt":"2026-04-28T15:54:47","slug":"ministro-rafael-santos-badia-aboga-por-una-transformacion-educativa-alineada-con-las-demandas-del-mercado-laboral","status":"publish","type":"post","link":"https:\/\/blgnoticiassantodomingo.net\/index.php\/2026\/04\/28\/ministro-rafael-santos-badia-aboga-por-una-transformacion-educativa-alineada-con-las-demandas-del-mercado-laboral\/","title":{"rendered":"Ministro Rafael Santos Bad\u00eda aboga por una transformaci\u00f3n educativa alineada con las demandas del mercado laboral"},"content":{"rendered":"\n<p><strong><em>El titular del MESCyT plante\u00f3 la necesidad de un modelo formativo m\u00e1s flexible y conectado con el sector productivo<\/em><\/strong><\/p>\n\n\n\n<p>Punta Cana, La Altagracia. \u2013 En un escenario global marcado por la acelerada transformaci\u00f3n del mundo del trabajo, la automatizaci\u00f3n y la necesidad de competencias cada vez m\u00e1s especializadas, el ministro de Educaci\u00f3n Superior, Ciencia y Tecnolog\u00eda (MESCyT), Rafael Santos Bad\u00eda, llam\u00f3 a impulsar una reforma profunda del sistema educativo dominicano que responda de manera efectiva a las demandas actuales y futuras del mercado laboral.<\/p>\n\n\n\n<p>Durante su participaci\u00f3n en el Foro de L\u00edderes de la Asamblea General de WorldSkills Punta Cana 2026, el funcionario inst\u00f3 a orientar la formaci\u00f3n acad\u00e9mica hacia la calidad, la pertinencia y la eficiencia, como parte de una visi\u00f3n estrat\u00e9gica de pa\u00eds con miras al a\u00f1o 2036.<\/p>\n\n\n\n<p>Santos Bad\u00eda advirti\u00f3 que la Rep\u00fablica Dominicana debe replantear su modelo educativo para enfrentar los cambios acelerados que experimenta el mundo del trabajo, se\u00f1alando que el sistema actual no logra responder de manera adecuada a la diversidad de talentos ni a las necesidades reales del sector productivo.<\/p>\n\n\n\n<figure class=\"wp-block-image size-large\"><img decoding=\"async\" width=\"1024\" height=\"768\" src=\"https:\/\/blgnoticiassantodomingo.net\/wp-content\/uploads\/2026\/04\/WhatsApp-Image-2026-04-28-at-10.13.58-AM-1-1024x768.jpeg\" alt=\"\" class=\"wp-image-51096\" srcset=\"https:\/\/blgnoticiassantodomingo.net\/wp-content\/uploads\/2026\/04\/WhatsApp-Image-2026-04-28-at-10.13.58-AM-1-1024x768.jpeg 1024w, https:\/\/blgnoticiassantodomingo.net\/wp-content\/uploads\/2026\/04\/WhatsApp-Image-2026-04-28-at-10.13.58-AM-1-300x225.jpeg 300w, https:\/\/blgnoticiassantodomingo.net\/wp-content\/uploads\/2026\/04\/WhatsApp-Image-2026-04-28-at-10.13.58-AM-1-768x576.jpeg 768w, https:\/\/blgnoticiassantodomingo.net\/wp-content\/uploads\/2026\/04\/WhatsApp-Image-2026-04-28-at-10.13.58-AM-1-1536x1152.jpeg 1536w, https:\/\/blgnoticiassantodomingo.net\/wp-content\/uploads\/2026\/04\/WhatsApp-Image-2026-04-28-at-10.13.58-AM-1-560x420.jpeg 560w, https:\/\/blgnoticiassantodomingo.net\/wp-content\/uploads\/2026\/04\/WhatsApp-Image-2026-04-28-at-10.13.58-AM-1-80x60.jpeg 80w, https:\/\/blgnoticiassantodomingo.net\/wp-content\/uploads\/2026\/04\/WhatsApp-Image-2026-04-28-at-10.13.58-AM-1-150x113.jpeg 150w, https:\/\/blgnoticiassantodomingo.net\/wp-content\/uploads\/2026\/04\/WhatsApp-Image-2026-04-28-at-10.13.58-AM-1-696x522.jpeg 696w, https:\/\/blgnoticiassantodomingo.net\/wp-content\/uploads\/2026\/04\/WhatsApp-Image-2026-04-28-at-10.13.58-AM-1-1068x801.jpeg 1068w, https:\/\/blgnoticiassantodomingo.net\/wp-content\/uploads\/2026\/04\/WhatsApp-Image-2026-04-28-at-10.13.58-AM-1.jpeg 1600w\" sizes=\"(max-width: 1024px) 100vw, 1024px\" \/><\/figure>\n\n\n\n<pre class=\"wp-block-code\"><code>\u201cUrge conectar la universidad cl\u00e1sica con las necesidades concretas de la sociedad y del sector productivo. El modelo educativo actual, basado en la uniformidad, mismos contenidos, ritmos y metodolog\u00edas para todos no responde a la diversidad de talentos ni a las demandas del mercado laboral\u201d, afirm\u00f3 ante delegados internacionales vinculados al \u00e1mbito educativo y productivo.<\/code><\/pre>\n\n\n\n<p>En ese contexto, el ministro propuso avanzar hacia un sistema m\u00e1s flexible e inclusivo, capaz de integrar diversas trayectorias formativas, tales como la formaci\u00f3n t\u00e9cnico-profesional, la educaci\u00f3n dual y el aprendizaje continuo a lo largo de la vida, como herramientas clave para mejorar la empleabilidad y la competitividad del capital humano.<\/p>\n\n\n\n<p>Santos Bad\u00eda subray\u00f3 que esta transformaci\u00f3n permitir\u00eda que los j\u00f3venes dominicanos no solo accedan a empleos de calidad, sino que tambi\u00e9n desarrollen capacidades para adaptarse, innovar y liderar en entornos laborales din\u00e1micos y en constante evoluci\u00f3n.<\/p>\n\n\n\n<p>Asimismo, destac\u00f3 la importancia de fortalecer las alianzas entre el Estado, el sector educativo, el sector productivo y la sociedad civil, como base fundamental para enfrentar los retos presentes y futuros del desarrollo econ\u00f3mico y social del pa\u00eds.<\/p>\n\n\n\n<p><strong>Sobre WorldSkills<\/strong><\/p>\n\n\n\n<p>WorldSkills Am\u00e9ricas es una organizaci\u00f3n internacional que agrupa a 25 pa\u00edses de la regi\u00f3n con el objetivo de promover el desarrollo de habilidades t\u00e9cnicas y profesionales. A trav\u00e9s de sus encuentros y competencias, impulsa la cooperaci\u00f3n internacional, el intercambio de buenas pr\u00e1cticas y la formulaci\u00f3n de estrategias orientadas al fortalecimiento de la formaci\u00f3n t\u00e9cnico-profesional a nivel global.<\/p>\n","protected":false},"excerpt":{"rendered":"<p>El titular del MESCyT plante\u00f3 la necesidad de un modelo formativo m\u00e1s flexible y conectado con el sector productivo Punta Cana, La Altagracia. \u2013 En un escenario global marcado por la acelerada transformaci\u00f3n del mundo del trabajo, la automatizaci\u00f3n y la necesidad de competencias cada vez m\u00e1s especializadas, el ministro de Educaci\u00f3n Superior, Ciencia y [&hellip;]<\/p>\n","protected":false},"author":2,"featured_media":51095,"comment_status":"open","ping_status":"open","sticky":false,"template":"","format":"standard","meta":{"footnotes":""},"categories":[220],"tags":[2818,15253,4047,15254],"class_list":{"0":"post-51094","1":"post","2":"type-post","3":"status-publish","4":"format-standard","5":"has-post-thumbnail","7":"category-nacionales","8":"tag-mescyt","9":"tag-ministro-rafael-santos-badia","10":"tag-rafael-santos-badia","11":"tag-worldskills"},"yoast_head":"<!-- This site is optimized with the Yoast SEO plugin v24.9 - https:\/\/yoast.com\/wordpress\/plugins\/seo\/ -->\n<title>Ministro Rafael Santos Bad\u00eda aboga por una transformaci\u00f3n educativa alineada con las demandas del mercado laboral - BLG Noticias<\/title>\n<meta name=\"robots\" content=\"index, follow, max-snippet:-1, max-image-preview:large, max-video-preview:-1\" \/>\n<link rel=\"canonical\" href=\"https:\/\/blgnoticiassantodomingo.net\/index.php\/2026\/04\/28\/ministro-rafael-santos-badia-aboga-por-una-transformacion-educativa-alineada-con-las-demandas-del-mercado-laboral\/\" \/>\n<meta property=\"og:locale\" content=\"es_ES\" \/>\n<meta property=\"og:type\" content=\"article\" \/>\n<meta property=\"og:title\" content=\"Ministro Rafael Santos Bad\u00eda aboga por una transformaci\u00f3n educativa alineada con las demandas del mercado laboral - BLG Noticias\" \/>\n<meta property=\"og:description\" content=\"El titular del MESCyT plante\u00f3 la necesidad de un modelo formativo m\u00e1s flexible y conectado con el sector productivo Punta Cana, La Altagracia. \u2013 En un escenario global marcado por la acelerada transformaci\u00f3n del mundo del trabajo, la automatizaci\u00f3n y la necesidad de competencias cada vez m\u00e1s especializadas, el ministro de Educaci\u00f3n Superior, Ciencia y [&hellip;]\" \/>\n<meta property=\"og:url\" content=\"https:\/\/blgnoticiassantodomingo.net\/index.php\/2026\/04\/28\/ministro-rafael-santos-badia-aboga-por-una-transformacion-educativa-alineada-con-las-demandas-del-mercado-laboral\/\" \/>\n<meta property=\"og:site_name\" content=\"BLG Noticias\" \/>\n<meta property=\"article:publisher\" content=\"https:\/\/web.facebook.com\/BlgNoticias\/?locale=es_LA&amp;_rdc=1&amp;_rdr\" \/>\n<meta property=\"article:published_time\" content=\"2026-04-28T15:54:41+00:00\" \/>\n<meta property=\"article:modified_time\" content=\"2026-04-28T15:54:47+00:00\" \/>\n<meta property=\"og:image\" content=\"http:\/\/blgnoticiassantodomingo.net\/wp-content\/uploads\/2026\/04\/WhatsApp-Image-2026-04-28-at-10.13.58-AM.jpeg\" \/>\n\t<meta property=\"og:image:width\" content=\"1600\" \/>\n\t<meta property=\"og:image:height\" content=\"1200\" \/>\n\t<meta property=\"og:image:type\" content=\"image\/jpeg\" \/>\n<meta name=\"author\" content=\"Brenda Guerrero\" \/>\n<meta name=\"twitter:card\" content=\"summary_large_image\" \/>\n<meta name=\"twitter:creator\" content=\"@BlgNoticias\" \/>\n<meta name=\"twitter:site\" content=\"@BlgNoticias\" \/>\n<meta name=\"twitter:label1\" content=\"Escrito por\" \/>\n\t<meta name=\"twitter:data1\" content=\"Brenda Guerrero\" \/>\n\t<meta name=\"twitter:label2\" content=\"Tiempo de lectura\" \/>\n\t<meta name=\"twitter:data2\" content=\"3 minutos\" \/>\n<script type=\"application\/ld+json\" class=\"yoast-schema-graph\">{\"@context\":\"https:\/\/schema.org\",\"@graph\":[{\"@type\":\"Article\",\"@id\":\"https:\/\/blgnoticiassantodomingo.net\/index.php\/2026\/04\/28\/ministro-rafael-santos-badia-aboga-por-una-transformacion-educativa-alineada-con-las-demandas-del-mercado-laboral\/#article\",\"isPartOf\":{\"@id\":\"https:\/\/blgnoticiassantodomingo.net\/index.php\/2026\/04\/28\/ministro-rafael-santos-badia-aboga-por-una-transformacion-educativa-alineada-con-las-demandas-del-mercado-laboral\/\"},\"author\":{\"name\":\"Brenda Guerrero\",\"@id\":\"https:\/\/blgnoticiassantodomingo.net\/#\/schema\/person\/e2fc21cf88acc63dbd134be981bff374\"},\"headline\":\"Ministro Rafael Santos Bad\u00eda aboga por una transformaci\u00f3n educativa alineada con las demandas del mercado laboral\",\"datePublished\":\"2026-04-28T15:54:41+00:00\",\"dateModified\":\"2026-04-28T15:54:47+00:00\",\"mainEntityOfPage\":{\"@id\":\"https:\/\/blgnoticiassantodomingo.net\/index.php\/2026\/04\/28\/ministro-rafael-santos-badia-aboga-por-una-transformacion-educativa-alineada-con-las-demandas-del-mercado-laboral\/\"},\"wordCount\":417,\"commentCount\":0,\"publisher\":{\"@id\":\"https:\/\/blgnoticiassantodomingo.net\/#organization\"},\"image\":{\"@id\":\"https:\/\/blgnoticiassantodomingo.net\/index.php\/2026\/04\/28\/ministro-rafael-santos-badia-aboga-por-una-transformacion-educativa-alineada-con-las-demandas-del-mercado-laboral\/#primaryimage\"},\"thumbnailUrl\":\"https:\/\/blgnoticiassantodomingo.net\/wp-content\/uploads\/2026\/04\/WhatsApp-Image-2026-04-28-at-10.13.58-AM.jpeg\",\"keywords\":[\"MESCYT\",\"Ministro Rafael Santos Bad\u00eda\",\"Rafael Santos Bad\u00eda\",\"WorldSkills\"],\"articleSection\":[\"Nacionales\"],\"inLanguage\":\"es\",\"potentialAction\":[{\"@type\":\"CommentAction\",\"name\":\"Comment\",\"target\":[\"https:\/\/blgnoticiassantodomingo.net\/index.php\/2026\/04\/28\/ministro-rafael-santos-badia-aboga-por-una-transformacion-educativa-alineada-con-las-demandas-del-mercado-laboral\/#respond\"]}]},{\"@type\":\"WebPage\",\"@id\":\"https:\/\/blgnoticiassantodomingo.net\/index.php\/2026\/04\/28\/ministro-rafael-santos-badia-aboga-por-una-transformacion-educativa-alineada-con-las-demandas-del-mercado-laboral\/\",\"url\":\"https:\/\/blgnoticiassantodomingo.net\/index.php\/2026\/04\/28\/ministro-rafael-santos-badia-aboga-por-una-transformacion-educativa-alineada-con-las-demandas-del-mercado-laboral\/\",\"name\":\"Ministro Rafael Santos Bad\u00eda aboga por una transformaci\u00f3n educativa alineada con las demandas del mercado laboral - BLG Noticias\",\"isPartOf\":{\"@id\":\"https:\/\/blgnoticiassantodomingo.net\/#website\"},\"primaryImageOfPage\":{\"@id\":\"https:\/\/blgnoticiassantodomingo.net\/index.php\/2026\/04\/28\/ministro-rafael-santos-badia-aboga-por-una-transformacion-educativa-alineada-con-las-demandas-del-mercado-laboral\/#primaryimage\"},\"image\":{\"@id\":\"https:\/\/blgnoticiassantodomingo.net\/index.php\/2026\/04\/28\/ministro-rafael-santos-badia-aboga-por-una-transformacion-educativa-alineada-con-las-demandas-del-mercado-laboral\/#primaryimage\"},\"thumbnailUrl\":\"https:\/\/blgnoticiassantodomingo.net\/wp-content\/uploads\/2026\/04\/WhatsApp-Image-2026-04-28-at-10.13.58-AM.jpeg\",\"datePublished\":\"2026-04-28T15:54:41+00:00\",\"dateModified\":\"2026-04-28T15:54:47+00:00\",\"breadcrumb\":{\"@id\":\"https:\/\/blgnoticiassantodomingo.net\/index.php\/2026\/04\/28\/ministro-rafael-santos-badia-aboga-por-una-transformacion-educativa-alineada-con-las-demandas-del-mercado-laboral\/#breadcrumb\"},\"inLanguage\":\"es\",\"potentialAction\":[{\"@type\":\"ReadAction\",\"target\":[\"https:\/\/blgnoticiassantodomingo.net\/index.php\/2026\/04\/28\/ministro-rafael-santos-badia-aboga-por-una-transformacion-educativa-alineada-con-las-demandas-del-mercado-laboral\/\"]}]},{\"@type\":\"ImageObject\",\"inLanguage\":\"es\",\"@id\":\"https:\/\/blgnoticiassantodomingo.net\/index.php\/2026\/04\/28\/ministro-rafael-santos-badia-aboga-por-una-transformacion-educativa-alineada-con-las-demandas-del-mercado-laboral\/#primaryimage\",\"url\":\"https:\/\/blgnoticiassantodomingo.net\/wp-content\/uploads\/2026\/04\/WhatsApp-Image-2026-04-28-at-10.13.58-AM.jpeg\",\"contentUrl\":\"https:\/\/blgnoticiassantodomingo.net\/wp-content\/uploads\/2026\/04\/WhatsApp-Image-2026-04-28-at-10.13.58-AM.jpeg\",\"width\":1600,\"height\":1200},{\"@type\":\"BreadcrumbList\",\"@id\":\"https:\/\/blgnoticiassantodomingo.net\/index.php\/2026\/04\/28\/ministro-rafael-santos-badia-aboga-por-una-transformacion-educativa-alineada-con-las-demandas-del-mercado-laboral\/#breadcrumb\",\"itemListElement\":[{\"@type\":\"ListItem\",\"position\":1,\"name\":\"Portada\",\"item\":\"https:\/\/blgnoticiassantodomingo.net\/\"},{\"@type\":\"ListItem\",\"position\":2,\"name\":\"Ministro Rafael Santos Bad\u00eda aboga por una transformaci\u00f3n educativa alineada con las demandas del mercado laboral\"}]},{\"@type\":\"WebSite\",\"@id\":\"https:\/\/blgnoticiassantodomingo.net\/#website\",\"url\":\"https:\/\/blgnoticiassantodomingo.net\/\",\"name\":\"BLG Noticias\",\"description\":\"Esto es Noticias\",\"publisher\":{\"@id\":\"https:\/\/blgnoticiassantodomingo.net\/#organization\"},\"potentialAction\":[{\"@type\":\"SearchAction\",\"target\":{\"@type\":\"EntryPoint\",\"urlTemplate\":\"https:\/\/blgnoticiassantodomingo.net\/?s={search_term_string}\"},\"query-input\":{\"@type\":\"PropertyValueSpecification\",\"valueRequired\":true,\"valueName\":\"search_term_string\"}}],\"inLanguage\":\"es\"},{\"@type\":\"Organization\",\"@id\":\"https:\/\/blgnoticiassantodomingo.net\/#organization\",\"name\":\"BLG Noticias\",\"url\":\"https:\/\/blgnoticiassantodomingo.net\/\",\"logo\":{\"@type\":\"ImageObject\",\"inLanguage\":\"es\",\"@id\":\"https:\/\/blgnoticiassantodomingo.net\/#\/schema\/logo\/image\/\",\"url\":\"https:\/\/blgnoticiassantodomingo.net\/wp-content\/uploads\/2023\/12\/Diseno-sin-titulo-3.jpg\",\"contentUrl\":\"https:\/\/blgnoticiassantodomingo.net\/wp-content\/uploads\/2023\/12\/Diseno-sin-titulo-3.jpg\",\"width\":500,\"height\":500,\"caption\":\"BLG Noticias\"},\"image\":{\"@id\":\"https:\/\/blgnoticiassantodomingo.net\/#\/schema\/logo\/image\/\"},\"sameAs\":[\"https:\/\/web.facebook.com\/BlgNoticias\/?locale=es_LA&_rdc=1&_rdr\",\"https:\/\/x.com\/BlgNoticias\",\"https:\/\/www.linkedin.com\/in\/brenda-l-santana-aa846279\/\"]},{\"@type\":\"Person\",\"@id\":\"https:\/\/blgnoticiassantodomingo.net\/#\/schema\/person\/e2fc21cf88acc63dbd134be981bff374\",\"name\":\"Brenda Guerrero\",\"image\":{\"@type\":\"ImageObject\",\"inLanguage\":\"es\",\"@id\":\"https:\/\/blgnoticiassantodomingo.net\/#\/schema\/person\/image\/\",\"url\":\"https:\/\/secure.gravatar.com\/avatar\/2f7fc4c3e3655be1580cb684bfd8ab19be702ae20879da1e072021daa02f9b8b?s=96&d=wp_user_avatar&r=g\",\"contentUrl\":\"https:\/\/secure.gravatar.com\/avatar\/2f7fc4c3e3655be1580cb684bfd8ab19be702ae20879da1e072021daa02f9b8b?s=96&d=wp_user_avatar&r=g\",\"caption\":\"Brenda Guerrero\"},\"description\":\"Periodista\",\"url\":\"https:\/\/blgnoticiassantodomingo.net\/index.php\/author\/brenda-guerrero\/\"}]}<\/script>\n<!-- \/ Yoast SEO plugin. -->","yoast_head_json":{"title":"Ministro Rafael Santos Bad\u00eda aboga por una transformaci\u00f3n educativa alineada con las demandas del mercado laboral - BLG Noticias","robots":{"index":"index","follow":"follow","max-snippet":"max-snippet:-1","max-image-preview":"max-image-preview:large","max-video-preview":"max-video-preview:-1"},"canonical":"https:\/\/blgnoticiassantodomingo.net\/index.php\/2026\/04\/28\/ministro-rafael-santos-badia-aboga-por-una-transformacion-educativa-alineada-con-las-demandas-del-mercado-laboral\/","og_locale":"es_ES","og_type":"article","og_title":"Ministro Rafael Santos Bad\u00eda aboga por una transformaci\u00f3n educativa alineada con las demandas del mercado laboral - BLG Noticias","og_description":"El titular del MESCyT plante\u00f3 la necesidad de un modelo formativo m\u00e1s flexible y conectado con el sector productivo Punta Cana, La Altagracia. \u2013 En un escenario global marcado por la acelerada transformaci\u00f3n del mundo del trabajo, la automatizaci\u00f3n y la necesidad de competencias cada vez m\u00e1s especializadas, el ministro de Educaci\u00f3n Superior, Ciencia y [&hellip;]","og_url":"https:\/\/blgnoticiassantodomingo.net\/index.php\/2026\/04\/28\/ministro-rafael-santos-badia-aboga-por-una-transformacion-educativa-alineada-con-las-demandas-del-mercado-laboral\/","og_site_name":"BLG Noticias","article_publisher":"https:\/\/web.facebook.com\/BlgNoticias\/?locale=es_LA&_rdc=1&_rdr","article_published_time":"2026-04-28T15:54:41+00:00","article_modified_time":"2026-04-28T15:54:47+00:00","og_image":[{"width":1600,"height":1200,"url":"http:\/\/blgnoticiassantodomingo.net\/wp-content\/uploads\/2026\/04\/WhatsApp-Image-2026-04-28-at-10.13.58-AM.jpeg","type":"image\/jpeg"}],"author":"Brenda Guerrero","twitter_card":"summary_large_image","twitter_creator":"@BlgNoticias","twitter_site":"@BlgNoticias","twitter_misc":{"Escrito por":"Brenda Guerrero","Tiempo de lectura":"3 minutos"},"schema":{"@context":"https:\/\/schema.org","@graph":[{"@type":"Article","@id":"https:\/\/blgnoticiassantodomingo.net\/index.php\/2026\/04\/28\/ministro-rafael-santos-badia-aboga-por-una-transformacion-educativa-alineada-con-las-demandas-del-mercado-laboral\/#article","isPartOf":{"@id":"https:\/\/blgnoticiassantodomingo.net\/index.php\/2026\/04\/28\/ministro-rafael-santos-badia-aboga-por-una-transformacion-educativa-alineada-con-las-demandas-del-mercado-laboral\/"},"author":{"name":"Brenda Guerrero","@id":"https:\/\/blgnoticiassantodomingo.net\/#\/schema\/person\/e2fc21cf88acc63dbd134be981bff374"},"headline":"Ministro Rafael Santos Bad\u00eda aboga por una transformaci\u00f3n educativa alineada con las demandas del mercado laboral","datePublished":"2026-04-28T15:54:41+00:00","dateModified":"2026-04-28T15:54:47+00:00","mainEntityOfPage":{"@id":"https:\/\/blgnoticiassantodomingo.net\/index.php\/2026\/04\/28\/ministro-rafael-santos-badia-aboga-por-una-transformacion-educativa-alineada-con-las-demandas-del-mercado-laboral\/"},"wordCount":417,"commentCount":0,"publisher":{"@id":"https:\/\/blgnoticiassantodomingo.net\/#organization"},"image":{"@id":"https:\/\/blgnoticiassantodomingo.net\/index.php\/2026\/04\/28\/ministro-rafael-santos-badia-aboga-por-una-transformacion-educativa-alineada-con-las-demandas-del-mercado-laboral\/#primaryimage"},"thumbnailUrl":"https:\/\/blgnoticiassantodomingo.net\/wp-content\/uploads\/2026\/04\/WhatsApp-Image-2026-04-28-at-10.13.58-AM.jpeg","keywords":["MESCYT","Ministro Rafael Santos Bad\u00eda","Rafael Santos Bad\u00eda","WorldSkills"],"articleSection":["Nacionales"],"inLanguage":"es","potentialAction":[{"@type":"CommentAction","name":"Comment","target":["https:\/\/blgnoticiassantodomingo.net\/index.php\/2026\/04\/28\/ministro-rafael-santos-badia-aboga-por-una-transformacion-educativa-alineada-con-las-demandas-del-mercado-laboral\/#respond"]}]},{"@type":"WebPage","@id":"https:\/\/blgnoticiassantodomingo.net\/index.php\/2026\/04\/28\/ministro-rafael-santos-badia-aboga-por-una-transformacion-educativa-alineada-con-las-demandas-del-mercado-laboral\/","url":"https:\/\/blgnoticiassantodomingo.net\/index.php\/2026\/04\/28\/ministro-rafael-santos-badia-aboga-por-una-transformacion-educativa-alineada-con-las-demandas-del-mercado-laboral\/","name":"Ministro Rafael Santos Bad\u00eda aboga por una transformaci\u00f3n educativa alineada con las demandas del mercado laboral - BLG Noticias","isPartOf":{"@id":"https:\/\/blgnoticiassantodomingo.net\/#website"},"primaryImageOfPage":{"@id":"https:\/\/blgnoticiassantodomingo.net\/index.php\/2026\/04\/28\/ministro-rafael-santos-badia-aboga-por-una-transformacion-educativa-alineada-con-las-demandas-del-mercado-laboral\/#primaryimage"},"image":{"@id":"https:\/\/blgnoticiassantodomingo.net\/index.php\/2026\/04\/28\/ministro-rafael-santos-badia-aboga-por-una-transformacion-educativa-alineada-con-las-demandas-del-mercado-laboral\/#primaryimage"},"thumbnailUrl":"https:\/\/blgnoticiassantodomingo.net\/wp-content\/uploads\/2026\/04\/WhatsApp-Image-2026-04-28-at-10.13.58-AM.jpeg","datePublished":"2026-04-28T15:54:41+00:00","dateModified":"2026-04-28T15:54:47+00:00","breadcrumb":{"@id":"https:\/\/blgnoticiassantodomingo.net\/index.php\/2026\/04\/28\/ministro-rafael-santos-badia-aboga-por-una-transformacion-educativa-alineada-con-las-demandas-del-mercado-laboral\/#breadcrumb"},"inLanguage":"es","potentialAction":[{"@type":"ReadAction","target":["https:\/\/blgnoticiassantodomingo.net\/index.php\/2026\/04\/28\/ministro-rafael-santos-badia-aboga-por-una-transformacion-educativa-alineada-con-las-demandas-del-mercado-laboral\/"]}]},{"@type":"ImageObject","inLanguage":"es","@id":"https:\/\/blgnoticiassantodomingo.net\/index.php\/2026\/04\/28\/ministro-rafael-santos-badia-aboga-por-una-transformacion-educativa-alineada-con-las-demandas-del-mercado-laboral\/#primaryimage","url":"https:\/\/blgnoticiassantodomingo.net\/wp-content\/uploads\/2026\/04\/WhatsApp-Image-2026-04-28-at-10.13.58-AM.jpeg","contentUrl":"https:\/\/blgnoticiassantodomingo.net\/wp-content\/uploads\/2026\/04\/WhatsApp-Image-2026-04-28-at-10.13.58-AM.jpeg","width":1600,"height":1200},{"@type":"BreadcrumbList","@id":"https:\/\/blgnoticiassantodomingo.net\/index.php\/2026\/04\/28\/ministro-rafael-santos-badia-aboga-por-una-transformacion-educativa-alineada-con-las-demandas-del-mercado-laboral\/#breadcrumb","itemListElement":[{"@type":"ListItem","position":1,"name":"Portada","item":"https:\/\/blgnoticiassantodomingo.net\/"},{"@type":"ListItem","position":2,"name":"Ministro Rafael Santos Bad\u00eda aboga por una transformaci\u00f3n educativa alineada con las demandas del mercado laboral"}]},{"@type":"WebSite","@id":"https:\/\/blgnoticiassantodomingo.net\/#website","url":"https:\/\/blgnoticiassantodomingo.net\/","name":"BLG Noticias","description":"Esto es Noticias","publisher":{"@id":"https:\/\/blgnoticiassantodomingo.net\/#organization"},"potentialAction":[{"@type":"SearchAction","target":{"@type":"EntryPoint","urlTemplate":"https:\/\/blgnoticiassantodomingo.net\/?s={search_term_string}"},"query-input":{"@type":"PropertyValueSpecification","valueRequired":true,"valueName":"search_term_string"}}],"inLanguage":"es"},{"@type":"Organization","@id":"https:\/\/blgnoticiassantodomingo.net\/#organization","name":"BLG Noticias","url":"https:\/\/blgnoticiassantodomingo.net\/","logo":{"@type":"ImageObject","inLanguage":"es","@id":"https:\/\/blgnoticiassantodomingo.net\/#\/schema\/logo\/image\/","url":"https:\/\/blgnoticiassantodomingo.net\/wp-content\/uploads\/2023\/12\/Diseno-sin-titulo-3.jpg","contentUrl":"https:\/\/blgnoticiassantodomingo.net\/wp-content\/uploads\/2023\/12\/Diseno-sin-titulo-3.jpg","width":500,"height":500,"caption":"BLG Noticias"},"image":{"@id":"https:\/\/blgnoticiassantodomingo.net\/#\/schema\/logo\/image\/"},"sameAs":["https:\/\/web.facebook.com\/BlgNoticias\/?locale=es_LA&_rdc=1&_rdr","https:\/\/x.com\/BlgNoticias","https:\/\/www.linkedin.com\/in\/brenda-l-santana-aa846279\/"]},{"@type":"Person","@id":"https:\/\/blgnoticiassantodomingo.net\/#\/schema\/person\/e2fc21cf88acc63dbd134be981bff374","name":"Brenda Guerrero","image":{"@type":"ImageObject","inLanguage":"es","@id":"https:\/\/blgnoticiassantodomingo.net\/#\/schema\/person\/image\/","url":"https:\/\/secure.gravatar.com\/avatar\/2f7fc4c3e3655be1580cb684bfd8ab19be702ae20879da1e072021daa02f9b8b?s=96&d=wp_user_avatar&r=g","contentUrl":"https:\/\/secure.gravatar.com\/avatar\/2f7fc4c3e3655be1580cb684bfd8ab19be702ae20879da1e072021daa02f9b8b?s=96&d=wp_user_avatar&r=g","caption":"Brenda Guerrero"},"description":"Periodista","url":"https:\/\/blgnoticiassantodomingo.net\/index.php\/author\/brenda-guerrero\/"}]}},"jetpack_featured_media_url":"https:\/\/blgnoticiassantodomingo.net\/wp-content\/uploads\/2026\/04\/WhatsApp-Image-2026-04-28-at-10.13.58-AM.jpeg","_links":{"self":[{"href":"https:\/\/blgnoticiassantodomingo.net\/index.php\/wp-json\/wp\/v2\/posts\/51094","targetHints":{"allow":["GET"]}}],"collection":[{"href":"https:\/\/blgnoticiassantodomingo.net\/index.php\/wp-json\/wp\/v2\/posts"}],"about":[{"href":"https:\/\/blgnoticiassantodomingo.net\/index.php\/wp-json\/wp\/v2\/types\/post"}],"author":[{"embeddable":true,"href":"https:\/\/blgnoticiassantodomingo.net\/index.php\/wp-json\/wp\/v2\/users\/2"}],"replies":[{"embeddable":true,"href":"https:\/\/blgnoticiassantodomingo.net\/index.php\/wp-json\/wp\/v2\/comments?post=51094"}],"version-history":[{"count":1,"href":"https:\/\/blgnoticiassantodomingo.net\/index.php\/wp-json\/wp\/v2\/posts\/51094\/revisions"}],"predecessor-version":[{"id":51097,"href":"https:\/\/blgnoticiassantodomingo.net\/index.php\/wp-json\/wp\/v2\/posts\/51094\/revisions\/51097"}],"wp:featuredmedia":[{"embeddable":true,"href":"https:\/\/blgnoticiassantodomingo.net\/index.php\/wp-json\/wp\/v2\/media\/51095"}],"wp:attachment":[{"href":"https:\/\/blgnoticiassantodomingo.net\/index.php\/wp-json\/wp\/v2\/media?parent=51094"}],"wp:term":[{"taxonomy":"category","embeddable":true,"href":"https:\/\/blgnoticiassantodomingo.net\/index.php\/wp-json\/wp\/v2\/categories?post=51094"},{"taxonomy":"post_tag","embeddable":true,"href":"https:\/\/blgnoticiassantodomingo.net\/index.php\/wp-json\/wp\/v2\/tags?post=51094"}],"curies":[{"name":"wp","href":"https:\/\/api.w.org\/{rel}","templated":true}]}}