{"id":51072,"date":"2026-04-28T09:43:16","date_gmt":"2026-04-28T13:43:16","guid":{"rendered":"https:\/\/blgnoticiassantodomingo.net\/?p=51072"},"modified":"2026-04-28T09:43:22","modified_gmt":"2026-04-28T13:43:22","slug":"presidente-abinader-crea-comision-para-la-coordinacion-y-direccion-del-plan-san-juan-y-designa-su-director-ejecutivo","status":"publish","type":"post","link":"https:\/\/blgnoticiassantodomingo.net\/index.php\/2026\/04\/28\/presidente-abinader-crea-comision-para-la-coordinacion-y-direccion-del-plan-san-juan-y-designa-su-director-ejecutivo\/","title":{"rendered":"Presidente Abinader crea Comisi\u00f3n para la Coordinaci\u00f3n y Direcci\u00f3n del Plan San Juan y designa su director ejecutivo"},"content":{"rendered":"\n<p>Santo\u00a0Domingo.-\u00a0<strong>El presidente Luis\u00a0Abinader<\/strong>\u00a0emiti\u00f3 los\u00a0<strong>Decretos\u00a0<\/strong><a href=\"https:\/\/presidencia.gob.do\/decretos\/236-26\"><strong>236-26<\/strong><\/a><strong>\u00a0y\u00a0<\/strong><a href=\"https:\/\/presidencia.gob.do\/decretos\/285-26\"><strong>285-26<\/strong><\/a><strong>,<\/strong>\u00a0que tienen el prop\u00f3sito de dar continuidad a las\u00a0<strong>acciones para el desarrollo integral<\/strong>\u00a0en los \u00e1mbitos\u00a0<strong>econ\u00f3mico y social<\/strong>\u00a0de los residentes y comunidades de la\u00a0<strong>provincia San Juan.<\/strong>\u00a0<\/p>\n\n\n\n<p>Tras haberse creado el&nbsp;<strong>Plan para el Desarrollo Econ\u00f3mico de la provincia San Juan<\/strong>&nbsp;(Plan San Juan) en 2022, en los nuevos decretos se dispone la creaci\u00f3n de una&nbsp;<strong>Comisi\u00f3n para la Coordinaci\u00f3n y Direcci\u00f3n de este,<\/strong>&nbsp;y se designa a su director ejecutivo, cargo que ser\u00e1 desempe\u00f1ado por el se\u00f1or<strong>&nbsp;Carlos&nbsp;<\/strong><strong>Alessandry<\/strong><strong>&nbsp;Roa&nbsp;<\/strong><strong>Howley<\/strong>.&nbsp;<\/p>\n\n\n\n<p>Se recuerda que el Plan San Juan tiene como prop\u00f3sito fundamental&nbsp;<strong>transformar la econom\u00eda de la regi\u00f3n<\/strong>, promoviendo su&nbsp;<strong>desarrollo sostenible<\/strong>&nbsp;y maximizando el uso de sus recursos.&nbsp;<\/p>\n\n\n\n<p>La&nbsp;<strong>Comisi\u00f3n para la Coordinaci\u00f3n y Direcci\u00f3n del Plan San Juan<\/strong>&nbsp;queda integrada por el obispo de la Di\u00f3cesis de San Juan, quien lo presidir\u00e1; el Ministerio Administrativo de la Presidencia; el Ministerio de Agricultura; el Banco Agr\u00edcola de la Rep\u00fablica Dominicana; el Ministerio de Medio Ambiente y Recursos Naturales; el Instituto Nacional de Recursos Hidr\u00e1ulicos; el Instituto del Tabaco y la Junta Agroempresarial Dominicana.&nbsp;<\/p>\n\n\n\n<p>Asimismo, por la Gobernaci\u00f3n Provincial; un representante de la Asociaci\u00f3n de Desarrollo de la Provincia de San Juan; un representante de la Asociaci\u00f3n de Productores Agr\u00edcolas de la Provincia de San Juan; un representante de la Asociaci\u00f3n de Ganaderos; un representante de la Asociaci\u00f3n de Productores de Tabaco; el alcalde del Municipio Cabecera, m\u00e1s un representante elegido entre los dem\u00e1s municipios; la Confederaci\u00f3n Nacional de Productores Agropecuarios (Confenagro) y el director ejecutivo del Plan San Juan, quien fungir\u00e1 como secretario, con voz, pero sin voto.&nbsp;<\/p>\n\n\n\n<p><strong>Funciones del Plan San Juan<\/strong>&nbsp;<\/p>\n\n\n\n<p>La Comisi\u00f3n del Plan San Juan asume la responsabilidad de liderar la transformaci\u00f3n econ\u00f3mica regional mediante la aprobaci\u00f3n estrat\u00e9gica de&nbsp;<strong>proyectos de infraestructura y acuerdos interinstitucionales,<\/strong>&nbsp;asegurando siempre el cumplimiento de las&nbsp;<strong>normativas de contrataciones p\u00fablicas<\/strong>. Su labor se centra en diversificar la matriz productiva y coordinar la&nbsp;<strong>ejecuci\u00f3n de obras cr\u00edticas<\/strong>, tales como sistemas de riego, centros de acopio y naves en zonas francas, fundamentales para el sost\u00e9n de la actividad econ\u00f3mica local.&nbsp;<\/p>\n\n\n\n<p>Asimismo, este \u00f3rgano act\u00faa como un articulador entre los sectores p\u00fablico y privado para facilitar&nbsp;<strong>encadenamientos que generen empleo<\/strong>&nbsp;y fortalezcan el&nbsp;<strong>capital humano regional.<\/strong>&nbsp;A trav\u00e9s de la canalizaci\u00f3n de capital semilla y asistencia t\u00e9cnica, la Comisi\u00f3n apoya directamente a&nbsp;<strong>emprendimientos y peque\u00f1os productores<\/strong>, fomentando su integraci\u00f3n en cooperativas y cl\u00fasteres. Finalmente, su gesti\u00f3n se consolida mediante la promoci\u00f3n de&nbsp;<strong>alianzas comerciales estrat\u00e9gicas<\/strong>&nbsp;y la rendici\u00f3n peri\u00f3dica de informes de avance ante la&nbsp;<strong>Presidencia de la Rep\u00fablica.<\/strong>&nbsp;<\/p>\n\n\n\n<p><strong>Direcci\u00f3n Ejecutiva<\/strong>&nbsp;<\/p>\n\n\n\n<p>Mientras, la Direcci\u00f3n Ejecutiva de la Comisi\u00f3n del Plan San Juan tendr\u00e1 como responsabilidad realizar las coordinaciones t\u00e9cnicas de lugar a fin de que los proyectos aprobados por la Comisi\u00f3n del Plan San Juan se ejecuten dentro del cronograma acordado;&nbsp;<strong>administrar los fondos asignados<\/strong>&nbsp;a la ejecuci\u00f3n de las acciones y actividades aprobadas por la Comisi\u00f3n del Plan San Juan; coordinar la formulaci\u00f3n de pol\u00edticas derivadas de la Comisi\u00f3n del Plan San Juan, as\u00ed como la definici\u00f3n y ejecuci\u00f3n de las&nbsp;<strong>iniciativas, programas y proyectos<\/strong>&nbsp;que se consideren necesarios para alcanzar los resultados esperados.&nbsp;<\/p>\n\n\n\n<p>De igual forma, deber\u00e1 coordinar&nbsp;<strong>la asistencia t\u00e9cnica, financiamiento, manejo post cosecha y comercializaci\u00f3n<\/strong>&nbsp;que se ejecutar\u00e1n en cada una de las fincas intervenidas; realizar y mantener un registro georreferenciado de cada una de las unidades productivas intervenidas; supervisar la&nbsp;<strong>ejecuci\u00f3n y cumplimiento<\/strong>&nbsp;de las tareas planificadas en el marco del Plan y mantener&nbsp;<strong>registros contables de los gastos realizados<\/strong>&nbsp;en el marco del Plan.&nbsp;<\/p>\n\n\n\n<p>Finalmente, debe, adem\u00e1s, contratar las personas f\u00edsicas y jur\u00eddicas que se requieran para el cumplimiento de sus funciones y las tareas que les sean encomendadas, conforme a lo&nbsp;<strong>estipulado por las leyes correspondientes<\/strong>; supervisar el buen uso de los equipos de transporte y maquinarias de trabajo asignadas a la ejecuci\u00f3n del Plan y&nbsp;<strong>rendir informes trimestrales&nbsp;<\/strong>a la&nbsp;Comisi\u00f3n del Plan San Juan sobre el avance en su implementaci\u00f3n.&nbsp;<\/p>\n","protected":false},"excerpt":{"rendered":"<p>Santo\u00a0Domingo.-\u00a0El presidente Luis\u00a0Abinader\u00a0emiti\u00f3 los\u00a0Decretos\u00a0236-26\u00a0y\u00a0285-26,\u00a0que tienen el prop\u00f3sito de dar continuidad a las\u00a0acciones para el desarrollo integral\u00a0en los \u00e1mbitos\u00a0econ\u00f3mico y social\u00a0de los residentes y comunidades de la\u00a0provincia San Juan.\u00a0 Tras haberse creado el&nbsp;Plan para el Desarrollo Econ\u00f3mico de la provincia San Juan&nbsp;(Plan San Juan) en 2022, en los nuevos decretos se dispone la creaci\u00f3n de una&nbsp;Comisi\u00f3n [&hellip;]<\/p>\n","protected":false},"author":2,"featured_media":37766,"comment_status":"open","ping_status":"open","sticky":false,"template":"","format":"standard","meta":{"footnotes":""},"categories":[220],"tags":[6285,15248],"class_list":{"0":"post-51072","1":"post","2":"type-post","3":"status-publish","4":"format-standard","5":"has-post-thumbnail","7":"category-nacionales","8":"tag-presidente-abinader","9":"tag-provincia-san-juan"},"yoast_head":"<!-- This site is optimized with the Yoast SEO plugin v24.9 - https:\/\/yoast.com\/wordpress\/plugins\/seo\/ -->\n<title>Presidente Abinader crea Comisi\u00f3n para la Coordinaci\u00f3n y Direcci\u00f3n del Plan San Juan y designa su director ejecutivo - BLG Noticias<\/title>\n<meta name=\"robots\" content=\"index, follow, max-snippet:-1, max-image-preview:large, max-video-preview:-1\" \/>\n<link rel=\"canonical\" href=\"https:\/\/blgnoticiassantodomingo.net\/index.php\/2026\/04\/28\/presidente-abinader-crea-comision-para-la-coordinacion-y-direccion-del-plan-san-juan-y-designa-su-director-ejecutivo\/\" \/>\n<meta property=\"og:locale\" content=\"es_ES\" \/>\n<meta property=\"og:type\" content=\"article\" \/>\n<meta property=\"og:title\" content=\"Presidente Abinader crea Comisi\u00f3n para la Coordinaci\u00f3n y Direcci\u00f3n del Plan San Juan y designa su director ejecutivo - BLG Noticias\" \/>\n<meta property=\"og:description\" content=\"Santo\u00a0Domingo.-\u00a0El presidente Luis\u00a0Abinader\u00a0emiti\u00f3 los\u00a0Decretos\u00a0236-26\u00a0y\u00a0285-26,\u00a0que tienen el prop\u00f3sito de dar continuidad a las\u00a0acciones para el desarrollo integral\u00a0en los \u00e1mbitos\u00a0econ\u00f3mico y social\u00a0de los residentes y comunidades de la\u00a0provincia San Juan.\u00a0 Tras haberse creado el&nbsp;Plan para el Desarrollo Econ\u00f3mico de la provincia San Juan&nbsp;(Plan San Juan) en 2022, en los nuevos decretos se dispone la creaci\u00f3n de una&nbsp;Comisi\u00f3n [&hellip;]\" \/>\n<meta property=\"og:url\" content=\"https:\/\/blgnoticiassantodomingo.net\/index.php\/2026\/04\/28\/presidente-abinader-crea-comision-para-la-coordinacion-y-direccion-del-plan-san-juan-y-designa-su-director-ejecutivo\/\" \/>\n<meta property=\"og:site_name\" content=\"BLG Noticias\" \/>\n<meta property=\"article:publisher\" content=\"https:\/\/web.facebook.com\/BlgNoticias\/?locale=es_LA&amp;_rdc=1&amp;_rdr\" \/>\n<meta property=\"article:published_time\" content=\"2026-04-28T13:43:16+00:00\" \/>\n<meta property=\"article:modified_time\" content=\"2026-04-28T13:43:22+00:00\" \/>\n<meta property=\"og:image\" content=\"http:\/\/blgnoticiassantodomingo.net\/wp-content\/uploads\/2024\/01\/Palacio-Nacional-2.jpg\" \/>\n\t<meta property=\"og:image:width\" content=\"1300\" \/>\n\t<meta property=\"og:image:height\" content=\"731\" \/>\n\t<meta property=\"og:image:type\" content=\"image\/jpeg\" \/>\n<meta name=\"author\" content=\"Brenda Guerrero\" \/>\n<meta name=\"twitter:card\" content=\"summary_large_image\" \/>\n<meta name=\"twitter:creator\" content=\"@BlgNoticias\" \/>\n<meta name=\"twitter:site\" content=\"@BlgNoticias\" \/>\n<meta name=\"twitter:label1\" content=\"Escrito por\" \/>\n\t<meta name=\"twitter:data1\" content=\"Brenda Guerrero\" \/>\n\t<meta name=\"twitter:label2\" content=\"Tiempo de lectura\" \/>\n\t<meta name=\"twitter:data2\" content=\"4 minutos\" \/>\n<script type=\"application\/ld+json\" class=\"yoast-schema-graph\">{\"@context\":\"https:\/\/schema.org\",\"@graph\":[{\"@type\":\"Article\",\"@id\":\"https:\/\/blgnoticiassantodomingo.net\/index.php\/2026\/04\/28\/presidente-abinader-crea-comision-para-la-coordinacion-y-direccion-del-plan-san-juan-y-designa-su-director-ejecutivo\/#article\",\"isPartOf\":{\"@id\":\"https:\/\/blgnoticiassantodomingo.net\/index.php\/2026\/04\/28\/presidente-abinader-crea-comision-para-la-coordinacion-y-direccion-del-plan-san-juan-y-designa-su-director-ejecutivo\/\"},\"author\":{\"name\":\"Brenda Guerrero\",\"@id\":\"https:\/\/blgnoticiassantodomingo.net\/#\/schema\/person\/e2fc21cf88acc63dbd134be981bff374\"},\"headline\":\"Presidente Abinader crea Comisi\u00f3n para la Coordinaci\u00f3n y Direcci\u00f3n del Plan San Juan y designa su director ejecutivo\",\"datePublished\":\"2026-04-28T13:43:16+00:00\",\"dateModified\":\"2026-04-28T13:43:22+00:00\",\"mainEntityOfPage\":{\"@id\":\"https:\/\/blgnoticiassantodomingo.net\/index.php\/2026\/04\/28\/presidente-abinader-crea-comision-para-la-coordinacion-y-direccion-del-plan-san-juan-y-designa-su-director-ejecutivo\/\"},\"wordCount\":808,\"commentCount\":0,\"publisher\":{\"@id\":\"https:\/\/blgnoticiassantodomingo.net\/#organization\"},\"image\":{\"@id\":\"https:\/\/blgnoticiassantodomingo.net\/index.php\/2026\/04\/28\/presidente-abinader-crea-comision-para-la-coordinacion-y-direccion-del-plan-san-juan-y-designa-su-director-ejecutivo\/#primaryimage\"},\"thumbnailUrl\":\"https:\/\/blgnoticiassantodomingo.net\/wp-content\/uploads\/2024\/01\/Palacio-Nacional-2.jpg\",\"keywords\":[\"Presidente Abinader\",\"provincia San Juan\"],\"articleSection\":[\"Nacionales\"],\"inLanguage\":\"es\",\"potentialAction\":[{\"@type\":\"CommentAction\",\"name\":\"Comment\",\"target\":[\"https:\/\/blgnoticiassantodomingo.net\/index.php\/2026\/04\/28\/presidente-abinader-crea-comision-para-la-coordinacion-y-direccion-del-plan-san-juan-y-designa-su-director-ejecutivo\/#respond\"]}]},{\"@type\":\"WebPage\",\"@id\":\"https:\/\/blgnoticiassantodomingo.net\/index.php\/2026\/04\/28\/presidente-abinader-crea-comision-para-la-coordinacion-y-direccion-del-plan-san-juan-y-designa-su-director-ejecutivo\/\",\"url\":\"https:\/\/blgnoticiassantodomingo.net\/index.php\/2026\/04\/28\/presidente-abinader-crea-comision-para-la-coordinacion-y-direccion-del-plan-san-juan-y-designa-su-director-ejecutivo\/\",\"name\":\"Presidente Abinader crea Comisi\u00f3n para la Coordinaci\u00f3n y Direcci\u00f3n del Plan San Juan y designa su director ejecutivo - BLG Noticias\",\"isPartOf\":{\"@id\":\"https:\/\/blgnoticiassantodomingo.net\/#website\"},\"primaryImageOfPage\":{\"@id\":\"https:\/\/blgnoticiassantodomingo.net\/index.php\/2026\/04\/28\/presidente-abinader-crea-comision-para-la-coordinacion-y-direccion-del-plan-san-juan-y-designa-su-director-ejecutivo\/#primaryimage\"},\"image\":{\"@id\":\"https:\/\/blgnoticiassantodomingo.net\/index.php\/2026\/04\/28\/presidente-abinader-crea-comision-para-la-coordinacion-y-direccion-del-plan-san-juan-y-designa-su-director-ejecutivo\/#primaryimage\"},\"thumbnailUrl\":\"https:\/\/blgnoticiassantodomingo.net\/wp-content\/uploads\/2024\/01\/Palacio-Nacional-2.jpg\",\"datePublished\":\"2026-04-28T13:43:16+00:00\",\"dateModified\":\"2026-04-28T13:43:22+00:00\",\"breadcrumb\":{\"@id\":\"https:\/\/blgnoticiassantodomingo.net\/index.php\/2026\/04\/28\/presidente-abinader-crea-comision-para-la-coordinacion-y-direccion-del-plan-san-juan-y-designa-su-director-ejecutivo\/#breadcrumb\"},\"inLanguage\":\"es\",\"potentialAction\":[{\"@type\":\"ReadAction\",\"target\":[\"https:\/\/blgnoticiassantodomingo.net\/index.php\/2026\/04\/28\/presidente-abinader-crea-comision-para-la-coordinacion-y-direccion-del-plan-san-juan-y-designa-su-director-ejecutivo\/\"]}]},{\"@type\":\"ImageObject\",\"inLanguage\":\"es\",\"@id\":\"https:\/\/blgnoticiassantodomingo.net\/index.php\/2026\/04\/28\/presidente-abinader-crea-comision-para-la-coordinacion-y-direccion-del-plan-san-juan-y-designa-su-director-ejecutivo\/#primaryimage\",\"url\":\"https:\/\/blgnoticiassantodomingo.net\/wp-content\/uploads\/2024\/01\/Palacio-Nacional-2.jpg\",\"contentUrl\":\"https:\/\/blgnoticiassantodomingo.net\/wp-content\/uploads\/2024\/01\/Palacio-Nacional-2.jpg\",\"width\":1300,\"height\":731},{\"@type\":\"BreadcrumbList\",\"@id\":\"https:\/\/blgnoticiassantodomingo.net\/index.php\/2026\/04\/28\/presidente-abinader-crea-comision-para-la-coordinacion-y-direccion-del-plan-san-juan-y-designa-su-director-ejecutivo\/#breadcrumb\",\"itemListElement\":[{\"@type\":\"ListItem\",\"position\":1,\"name\":\"Portada\",\"item\":\"https:\/\/blgnoticiassantodomingo.net\/\"},{\"@type\":\"ListItem\",\"position\":2,\"name\":\"Presidente Abinader crea Comisi\u00f3n para la Coordinaci\u00f3n y Direcci\u00f3n del Plan San Juan y designa su director ejecutivo\"}]},{\"@type\":\"WebSite\",\"@id\":\"https:\/\/blgnoticiassantodomingo.net\/#website\",\"url\":\"https:\/\/blgnoticiassantodomingo.net\/\",\"name\":\"BLG Noticias\",\"description\":\"Esto es Noticias\",\"publisher\":{\"@id\":\"https:\/\/blgnoticiassantodomingo.net\/#organization\"},\"potentialAction\":[{\"@type\":\"SearchAction\",\"target\":{\"@type\":\"EntryPoint\",\"urlTemplate\":\"https:\/\/blgnoticiassantodomingo.net\/?s={search_term_string}\"},\"query-input\":{\"@type\":\"PropertyValueSpecification\",\"valueRequired\":true,\"valueName\":\"search_term_string\"}}],\"inLanguage\":\"es\"},{\"@type\":\"Organization\",\"@id\":\"https:\/\/blgnoticiassantodomingo.net\/#organization\",\"name\":\"BLG Noticias\",\"url\":\"https:\/\/blgnoticiassantodomingo.net\/\",\"logo\":{\"@type\":\"ImageObject\",\"inLanguage\":\"es\",\"@id\":\"https:\/\/blgnoticiassantodomingo.net\/#\/schema\/logo\/image\/\",\"url\":\"https:\/\/blgnoticiassantodomingo.net\/wp-content\/uploads\/2023\/12\/Diseno-sin-titulo-3.jpg\",\"contentUrl\":\"https:\/\/blgnoticiassantodomingo.net\/wp-content\/uploads\/2023\/12\/Diseno-sin-titulo-3.jpg\",\"width\":500,\"height\":500,\"caption\":\"BLG Noticias\"},\"image\":{\"@id\":\"https:\/\/blgnoticiassantodomingo.net\/#\/schema\/logo\/image\/\"},\"sameAs\":[\"https:\/\/web.facebook.com\/BlgNoticias\/?locale=es_LA&_rdc=1&_rdr\",\"https:\/\/x.com\/BlgNoticias\",\"https:\/\/www.linkedin.com\/in\/brenda-l-santana-aa846279\/\"]},{\"@type\":\"Person\",\"@id\":\"https:\/\/blgnoticiassantodomingo.net\/#\/schema\/person\/e2fc21cf88acc63dbd134be981bff374\",\"name\":\"Brenda Guerrero\",\"image\":{\"@type\":\"ImageObject\",\"inLanguage\":\"es\",\"@id\":\"https:\/\/blgnoticiassantodomingo.net\/#\/schema\/person\/image\/\",\"url\":\"https:\/\/secure.gravatar.com\/avatar\/2f7fc4c3e3655be1580cb684bfd8ab19be702ae20879da1e072021daa02f9b8b?s=96&d=wp_user_avatar&r=g\",\"contentUrl\":\"https:\/\/secure.gravatar.com\/avatar\/2f7fc4c3e3655be1580cb684bfd8ab19be702ae20879da1e072021daa02f9b8b?s=96&d=wp_user_avatar&r=g\",\"caption\":\"Brenda Guerrero\"},\"description\":\"Periodista\",\"url\":\"https:\/\/blgnoticiassantodomingo.net\/index.php\/author\/brenda-guerrero\/\"}]}<\/script>\n<!-- \/ Yoast SEO plugin. -->","yoast_head_json":{"title":"Presidente Abinader crea Comisi\u00f3n para la Coordinaci\u00f3n y Direcci\u00f3n del Plan San Juan y designa su director ejecutivo - BLG Noticias","robots":{"index":"index","follow":"follow","max-snippet":"max-snippet:-1","max-image-preview":"max-image-preview:large","max-video-preview":"max-video-preview:-1"},"canonical":"https:\/\/blgnoticiassantodomingo.net\/index.php\/2026\/04\/28\/presidente-abinader-crea-comision-para-la-coordinacion-y-direccion-del-plan-san-juan-y-designa-su-director-ejecutivo\/","og_locale":"es_ES","og_type":"article","og_title":"Presidente Abinader crea Comisi\u00f3n para la Coordinaci\u00f3n y Direcci\u00f3n del Plan San Juan y designa su director ejecutivo - BLG Noticias","og_description":"Santo\u00a0Domingo.-\u00a0El presidente Luis\u00a0Abinader\u00a0emiti\u00f3 los\u00a0Decretos\u00a0236-26\u00a0y\u00a0285-26,\u00a0que tienen el prop\u00f3sito de dar continuidad a las\u00a0acciones para el desarrollo integral\u00a0en los \u00e1mbitos\u00a0econ\u00f3mico y social\u00a0de los residentes y comunidades de la\u00a0provincia San Juan.\u00a0 Tras haberse creado el&nbsp;Plan para el Desarrollo Econ\u00f3mico de la provincia San Juan&nbsp;(Plan San Juan) en 2022, en los nuevos decretos se dispone la creaci\u00f3n de una&nbsp;Comisi\u00f3n [&hellip;]","og_url":"https:\/\/blgnoticiassantodomingo.net\/index.php\/2026\/04\/28\/presidente-abinader-crea-comision-para-la-coordinacion-y-direccion-del-plan-san-juan-y-designa-su-director-ejecutivo\/","og_site_name":"BLG Noticias","article_publisher":"https:\/\/web.facebook.com\/BlgNoticias\/?locale=es_LA&_rdc=1&_rdr","article_published_time":"2026-04-28T13:43:16+00:00","article_modified_time":"2026-04-28T13:43:22+00:00","og_image":[{"width":1300,"height":731,"url":"http:\/\/blgnoticiassantodomingo.net\/wp-content\/uploads\/2024\/01\/Palacio-Nacional-2.jpg","type":"image\/jpeg"}],"author":"Brenda Guerrero","twitter_card":"summary_large_image","twitter_creator":"@BlgNoticias","twitter_site":"@BlgNoticias","twitter_misc":{"Escrito por":"Brenda Guerrero","Tiempo de lectura":"4 minutos"},"schema":{"@context":"https:\/\/schema.org","@graph":[{"@type":"Article","@id":"https:\/\/blgnoticiassantodomingo.net\/index.php\/2026\/04\/28\/presidente-abinader-crea-comision-para-la-coordinacion-y-direccion-del-plan-san-juan-y-designa-su-director-ejecutivo\/#article","isPartOf":{"@id":"https:\/\/blgnoticiassantodomingo.net\/index.php\/2026\/04\/28\/presidente-abinader-crea-comision-para-la-coordinacion-y-direccion-del-plan-san-juan-y-designa-su-director-ejecutivo\/"},"author":{"name":"Brenda Guerrero","@id":"https:\/\/blgnoticiassantodomingo.net\/#\/schema\/person\/e2fc21cf88acc63dbd134be981bff374"},"headline":"Presidente Abinader crea Comisi\u00f3n para la Coordinaci\u00f3n y Direcci\u00f3n del Plan San Juan y designa su director ejecutivo","datePublished":"2026-04-28T13:43:16+00:00","dateModified":"2026-04-28T13:43:22+00:00","mainEntityOfPage":{"@id":"https:\/\/blgnoticiassantodomingo.net\/index.php\/2026\/04\/28\/presidente-abinader-crea-comision-para-la-coordinacion-y-direccion-del-plan-san-juan-y-designa-su-director-ejecutivo\/"},"wordCount":808,"commentCount":0,"publisher":{"@id":"https:\/\/blgnoticiassantodomingo.net\/#organization"},"image":{"@id":"https:\/\/blgnoticiassantodomingo.net\/index.php\/2026\/04\/28\/presidente-abinader-crea-comision-para-la-coordinacion-y-direccion-del-plan-san-juan-y-designa-su-director-ejecutivo\/#primaryimage"},"thumbnailUrl":"https:\/\/blgnoticiassantodomingo.net\/wp-content\/uploads\/2024\/01\/Palacio-Nacional-2.jpg","keywords":["Presidente Abinader","provincia San Juan"],"articleSection":["Nacionales"],"inLanguage":"es","potentialAction":[{"@type":"CommentAction","name":"Comment","target":["https:\/\/blgnoticiassantodomingo.net\/index.php\/2026\/04\/28\/presidente-abinader-crea-comision-para-la-coordinacion-y-direccion-del-plan-san-juan-y-designa-su-director-ejecutivo\/#respond"]}]},{"@type":"WebPage","@id":"https:\/\/blgnoticiassantodomingo.net\/index.php\/2026\/04\/28\/presidente-abinader-crea-comision-para-la-coordinacion-y-direccion-del-plan-san-juan-y-designa-su-director-ejecutivo\/","url":"https:\/\/blgnoticiassantodomingo.net\/index.php\/2026\/04\/28\/presidente-abinader-crea-comision-para-la-coordinacion-y-direccion-del-plan-san-juan-y-designa-su-director-ejecutivo\/","name":"Presidente Abinader crea Comisi\u00f3n para la Coordinaci\u00f3n y Direcci\u00f3n del Plan San Juan y designa su director ejecutivo - BLG Noticias","isPartOf":{"@id":"https:\/\/blgnoticiassantodomingo.net\/#website"},"primaryImageOfPage":{"@id":"https:\/\/blgnoticiassantodomingo.net\/index.php\/2026\/04\/28\/presidente-abinader-crea-comision-para-la-coordinacion-y-direccion-del-plan-san-juan-y-designa-su-director-ejecutivo\/#primaryimage"},"image":{"@id":"https:\/\/blgnoticiassantodomingo.net\/index.php\/2026\/04\/28\/presidente-abinader-crea-comision-para-la-coordinacion-y-direccion-del-plan-san-juan-y-designa-su-director-ejecutivo\/#primaryimage"},"thumbnailUrl":"https:\/\/blgnoticiassantodomingo.net\/wp-content\/uploads\/2024\/01\/Palacio-Nacional-2.jpg","datePublished":"2026-04-28T13:43:16+00:00","dateModified":"2026-04-28T13:43:22+00:00","breadcrumb":{"@id":"https:\/\/blgnoticiassantodomingo.net\/index.php\/2026\/04\/28\/presidente-abinader-crea-comision-para-la-coordinacion-y-direccion-del-plan-san-juan-y-designa-su-director-ejecutivo\/#breadcrumb"},"inLanguage":"es","potentialAction":[{"@type":"ReadAction","target":["https:\/\/blgnoticiassantodomingo.net\/index.php\/2026\/04\/28\/presidente-abinader-crea-comision-para-la-coordinacion-y-direccion-del-plan-san-juan-y-designa-su-director-ejecutivo\/"]}]},{"@type":"ImageObject","inLanguage":"es","@id":"https:\/\/blgnoticiassantodomingo.net\/index.php\/2026\/04\/28\/presidente-abinader-crea-comision-para-la-coordinacion-y-direccion-del-plan-san-juan-y-designa-su-director-ejecutivo\/#primaryimage","url":"https:\/\/blgnoticiassantodomingo.net\/wp-content\/uploads\/2024\/01\/Palacio-Nacional-2.jpg","contentUrl":"https:\/\/blgnoticiassantodomingo.net\/wp-content\/uploads\/2024\/01\/Palacio-Nacional-2.jpg","width":1300,"height":731},{"@type":"BreadcrumbList","@id":"https:\/\/blgnoticiassantodomingo.net\/index.php\/2026\/04\/28\/presidente-abinader-crea-comision-para-la-coordinacion-y-direccion-del-plan-san-juan-y-designa-su-director-ejecutivo\/#breadcrumb","itemListElement":[{"@type":"ListItem","position":1,"name":"Portada","item":"https:\/\/blgnoticiassantodomingo.net\/"},{"@type":"ListItem","position":2,"name":"Presidente Abinader crea Comisi\u00f3n para la Coordinaci\u00f3n y Direcci\u00f3n del Plan San Juan y designa su director ejecutivo"}]},{"@type":"WebSite","@id":"https:\/\/blgnoticiassantodomingo.net\/#website","url":"https:\/\/blgnoticiassantodomingo.net\/","name":"BLG Noticias","description":"Esto es Noticias","publisher":{"@id":"https:\/\/blgnoticiassantodomingo.net\/#organization"},"potentialAction":[{"@type":"SearchAction","target":{"@type":"EntryPoint","urlTemplate":"https:\/\/blgnoticiassantodomingo.net\/?s={search_term_string}"},"query-input":{"@type":"PropertyValueSpecification","valueRequired":true,"valueName":"search_term_string"}}],"inLanguage":"es"},{"@type":"Organization","@id":"https:\/\/blgnoticiassantodomingo.net\/#organization","name":"BLG Noticias","url":"https:\/\/blgnoticiassantodomingo.net\/","logo":{"@type":"ImageObject","inLanguage":"es","@id":"https:\/\/blgnoticiassantodomingo.net\/#\/schema\/logo\/image\/","url":"https:\/\/blgnoticiassantodomingo.net\/wp-content\/uploads\/2023\/12\/Diseno-sin-titulo-3.jpg","contentUrl":"https:\/\/blgnoticiassantodomingo.net\/wp-content\/uploads\/2023\/12\/Diseno-sin-titulo-3.jpg","width":500,"height":500,"caption":"BLG Noticias"},"image":{"@id":"https:\/\/blgnoticiassantodomingo.net\/#\/schema\/logo\/image\/"},"sameAs":["https:\/\/web.facebook.com\/BlgNoticias\/?locale=es_LA&_rdc=1&_rdr","https:\/\/x.com\/BlgNoticias","https:\/\/www.linkedin.com\/in\/brenda-l-santana-aa846279\/"]},{"@type":"Person","@id":"https:\/\/blgnoticiassantodomingo.net\/#\/schema\/person\/e2fc21cf88acc63dbd134be981bff374","name":"Brenda Guerrero","image":{"@type":"ImageObject","inLanguage":"es","@id":"https:\/\/blgnoticiassantodomingo.net\/#\/schema\/person\/image\/","url":"https:\/\/secure.gravatar.com\/avatar\/2f7fc4c3e3655be1580cb684bfd8ab19be702ae20879da1e072021daa02f9b8b?s=96&d=wp_user_avatar&r=g","contentUrl":"https:\/\/secure.gravatar.com\/avatar\/2f7fc4c3e3655be1580cb684bfd8ab19be702ae20879da1e072021daa02f9b8b?s=96&d=wp_user_avatar&r=g","caption":"Brenda Guerrero"},"description":"Periodista","url":"https:\/\/blgnoticiassantodomingo.net\/index.php\/author\/brenda-guerrero\/"}]}},"jetpack_featured_media_url":"https:\/\/blgnoticiassantodomingo.net\/wp-content\/uploads\/2024\/01\/Palacio-Nacional-2.jpg","_links":{"self":[{"href":"https:\/\/blgnoticiassantodomingo.net\/index.php\/wp-json\/wp\/v2\/posts\/51072","targetHints":{"allow":["GET"]}}],"collection":[{"href":"https:\/\/blgnoticiassantodomingo.net\/index.php\/wp-json\/wp\/v2\/posts"}],"about":[{"href":"https:\/\/blgnoticiassantodomingo.net\/index.php\/wp-json\/wp\/v2\/types\/post"}],"author":[{"embeddable":true,"href":"https:\/\/blgnoticiassantodomingo.net\/index.php\/wp-json\/wp\/v2\/users\/2"}],"replies":[{"embeddable":true,"href":"https:\/\/blgnoticiassantodomingo.net\/index.php\/wp-json\/wp\/v2\/comments?post=51072"}],"version-history":[{"count":1,"href":"https:\/\/blgnoticiassantodomingo.net\/index.php\/wp-json\/wp\/v2\/posts\/51072\/revisions"}],"predecessor-version":[{"id":51073,"href":"https:\/\/blgnoticiassantodomingo.net\/index.php\/wp-json\/wp\/v2\/posts\/51072\/revisions\/51073"}],"wp:featuredmedia":[{"embeddable":true,"href":"https:\/\/blgnoticiassantodomingo.net\/index.php\/wp-json\/wp\/v2\/media\/37766"}],"wp:attachment":[{"href":"https:\/\/blgnoticiassantodomingo.net\/index.php\/wp-json\/wp\/v2\/media?parent=51072"}],"wp:term":[{"taxonomy":"category","embeddable":true,"href":"https:\/\/blgnoticiassantodomingo.net\/index.php\/wp-json\/wp\/v2\/categories?post=51072"},{"taxonomy":"post_tag","embeddable":true,"href":"https:\/\/blgnoticiassantodomingo.net\/index.php\/wp-json\/wp\/v2\/tags?post=51072"}],"curies":[{"name":"wp","href":"https:\/\/api.w.org\/{rel}","templated":true}]}}