{"id":51043,"date":"2026-04-27T15:40:57","date_gmt":"2026-04-27T19:40:57","guid":{"rendered":"https:\/\/blgnoticiassantodomingo.net\/?p=51043"},"modified":"2026-04-27T15:41:03","modified_gmt":"2026-04-27T19:41:03","slug":"gobierno-y-conape-amplian-cobertura-social-con-nuevo-hogar-de-dia-en-samana","status":"publish","type":"post","link":"https:\/\/blgnoticiassantodomingo.net\/index.php\/2026\/04\/27\/gobierno-y-conape-amplian-cobertura-social-con-nuevo-hogar-de-dia-en-samana\/","title":{"rendered":"Gobierno y CONAPE ampl\u00edan cobertura social con nuevo Hogar de D\u00eda en Saman\u00e1"},"content":{"rendered":"\n<p><em><strong>Con este centro, se eleva a 39 el n\u00famero de Hogares de D\u00eda en funcionamiento a nivel nacional.<\/strong><\/em><\/p>\n\n\n\n<p>Saman\u00e1, Rep\u00fablica Dominicana. \u2013 El Gobierno dominicano y el Consejo Nacional de la Persona Envejeciente, encabezado por su director ejecutivo, doctor Demetrio Vicente, dejaron en funcionamiento el Hogar de D\u00eda CONAPE Saman\u00e1 Do\u00f1a Ni\u00f1a, en esta provincia, un espacio dise\u00f1ado para brindar atenci\u00f3n integral y promover el envejecimiento activo de las personas adultas mayores.<\/p>\n\n\n\n<p>Este nuevo centro tiene como objetivo ofrecer un entorno seguro y digno que contribuya a mejorar la calidad de vida de 100 adultos mayores, priorizando a aquellos en condiciones de vulnerabilidad socioecon\u00f3mica y con alg\u00fan nivel de dependencia, sin separarlos de su entorno familiar.<\/p>\n\n\n\n<p>Durante el acto, el doctor Vicente destac\u00f3 el compromiso del CONAPE de continuar ampliando la cobertura de servicios a nivel nacional, garantizando atenci\u00f3n digna, inclusi\u00f3n social y bienestar para la poblaci\u00f3n adulta mayor.<\/p>\n\n\n\n<p>Asimismo, valor\u00f3 la importancia de este tipo de iniciativas que fortalecen el sistema de protecci\u00f3n social en el pa\u00eds.<\/p>\n\n\n\n<p>Este hogar ofrecer\u00e1 asistencia m\u00e9dica, fisioterapia, rehabilitaci\u00f3n, alimentaci\u00f3n, apoyo psicol\u00f3gico y actividades recreativas, fomentando la autonom\u00eda, la integraci\u00f3n social y el bienestar f\u00edsico y emocional de sus usuarios.<\/p>\n\n\n\n<figure class=\"wp-block-image size-large\"><img decoding=\"async\" width=\"1024\" height=\"682\" src=\"https:\/\/blgnoticiassantodomingo.net\/wp-content\/uploads\/2026\/04\/WhatsApp-Image-2026-04-27-at-9.11.47-AM-1024x682.jpeg\" alt=\"\" class=\"wp-image-51045\" srcset=\"https:\/\/blgnoticiassantodomingo.net\/wp-content\/uploads\/2026\/04\/WhatsApp-Image-2026-04-27-at-9.11.47-AM-1024x682.jpeg 1024w, https:\/\/blgnoticiassantodomingo.net\/wp-content\/uploads\/2026\/04\/WhatsApp-Image-2026-04-27-at-9.11.47-AM-300x200.jpeg 300w, https:\/\/blgnoticiassantodomingo.net\/wp-content\/uploads\/2026\/04\/WhatsApp-Image-2026-04-27-at-9.11.47-AM-768x512.jpeg 768w, https:\/\/blgnoticiassantodomingo.net\/wp-content\/uploads\/2026\/04\/WhatsApp-Image-2026-04-27-at-9.11.47-AM-630x420.jpeg 630w, https:\/\/blgnoticiassantodomingo.net\/wp-content\/uploads\/2026\/04\/WhatsApp-Image-2026-04-27-at-9.11.47-AM-150x100.jpeg 150w, https:\/\/blgnoticiassantodomingo.net\/wp-content\/uploads\/2026\/04\/WhatsApp-Image-2026-04-27-at-9.11.47-AM-696x464.jpeg 696w, https:\/\/blgnoticiassantodomingo.net\/wp-content\/uploads\/2026\/04\/WhatsApp-Image-2026-04-27-at-9.11.47-AM-1068x712.jpeg 1068w, https:\/\/blgnoticiassantodomingo.net\/wp-content\/uploads\/2026\/04\/WhatsApp-Image-2026-04-27-at-9.11.47-AM.jpeg 1280w\" sizes=\"(max-width: 1024px) 100vw, 1024px\" \/><\/figure>\n\n\n\n<p>El centro funcionar\u00e1 en horario de 8:00 de la ma\u00f1ana a 4:00 de la tarde, permitiendo que los adultos mayores reciban atenci\u00f3n durante el d\u00eda y permanezcan en sus hogares junto a sus familias, contribuyendo as\u00ed a prevenir el abandono y la institucionalizaci\u00f3n permanente. El hogar est\u00e1 ubicado en la calle San Juan, esquina Crist\u00f3bal Col\u00f3n, n\u00famero 10, provincia Saman\u00e1.<\/p>\n\n\n\n<p>La apertura de este espacio forma parte del modelo de atenci\u00f3n social impulsado por el presidente Luis Abinader a trav\u00e9s del CONAPE, en cumplimiento de la Ley No. 352-98, orientada a garantizar la protecci\u00f3n integral de las personas adultas mayores y promover un envejecimiento activo, digno y participativo.<\/p>\n\n\n\n<p>Este proyecto cont\u00f3 con una inversi\u00f3n destinada a la adecuaci\u00f3n de la infraestructura y fue fortalecido con apoyo de aliados estrat\u00e9gicos del sector privado, como la Administradora de Fondos de Pensiones, AFP Popular, cuya contribuci\u00f3n permiti\u00f3 el equipamiento integral del centro, reafirmando el valor de la articulaci\u00f3n interinstitucional para el desarrollo de iniciativas sociales.<\/p>\n\n\n\n<p>Durante el acto de apertura del hogar, se hizo entrega de una placa de reconocimiento a la Administradora de Fondos de Pensiones, AFP Popular, recibida por las se\u00f1oras Adela B\u00e1ez y Noris Rojas, en representaci\u00f3n de la entidad.<\/p>\n\n\n\n<figure class=\"wp-block-image size-large\"><img decoding=\"async\" width=\"1024\" height=\"682\" src=\"https:\/\/blgnoticiassantodomingo.net\/wp-content\/uploads\/2026\/04\/WhatsApp-Image-2026-04-27-at-9.11.47-AM-1-1024x682.jpeg\" alt=\"\" class=\"wp-image-51047\" srcset=\"https:\/\/blgnoticiassantodomingo.net\/wp-content\/uploads\/2026\/04\/WhatsApp-Image-2026-04-27-at-9.11.47-AM-1-1024x682.jpeg 1024w, https:\/\/blgnoticiassantodomingo.net\/wp-content\/uploads\/2026\/04\/WhatsApp-Image-2026-04-27-at-9.11.47-AM-1-300x200.jpeg 300w, https:\/\/blgnoticiassantodomingo.net\/wp-content\/uploads\/2026\/04\/WhatsApp-Image-2026-04-27-at-9.11.47-AM-1-768x512.jpeg 768w, https:\/\/blgnoticiassantodomingo.net\/wp-content\/uploads\/2026\/04\/WhatsApp-Image-2026-04-27-at-9.11.47-AM-1-630x420.jpeg 630w, https:\/\/blgnoticiassantodomingo.net\/wp-content\/uploads\/2026\/04\/WhatsApp-Image-2026-04-27-at-9.11.47-AM-1-150x100.jpeg 150w, https:\/\/blgnoticiassantodomingo.net\/wp-content\/uploads\/2026\/04\/WhatsApp-Image-2026-04-27-at-9.11.47-AM-1-696x464.jpeg 696w, https:\/\/blgnoticiassantodomingo.net\/wp-content\/uploads\/2026\/04\/WhatsApp-Image-2026-04-27-at-9.11.47-AM-1-1068x712.jpeg 1068w, https:\/\/blgnoticiassantodomingo.net\/wp-content\/uploads\/2026\/04\/WhatsApp-Image-2026-04-27-at-9.11.47-AM-1.jpeg 1280w\" sizes=\"(max-width: 1024px) 100vw, 1024px\" \/><\/figure>\n\n\n\n<p>Durante la actividad se desarroll\u00f3 una agenda que incluy\u00f3 la presentaci\u00f3n t\u00e9cnica del centro, un video institucional, palabras de autoridades y adultos mayores, as\u00ed como el corte de cinta inaugural y un recorrido por las instalaciones.<\/p>\n\n\n\n<p>El acto cont\u00f3 con la presencia de decenas de adultos mayores de distintas comunidades de la provincia, as\u00ed como de autoridades provinciales y municipales, entre ellas el senador Pedro Catrain; el alcalde del municipio de S\u00e1nchez, Ynocencio de Jes\u00fas Chav\u00e1n; el alcalde de Saman\u00e1, Nelson N\u00fa\u00f1ez, quien ofreci\u00f3 las palabras de bienvenida, el diputado Cecilio Garc\u00eda, as\u00ed como servidores p\u00fablicos y coordinadores provinciales del CONAPE, entre otros.<\/p>\n\n\n\n<p>Con la puesta en funcionamiento del Hogar de D\u00eda del CONAPE en Saman\u00e1 Do\u00f1a Ni\u00f1a, la instituci\u00f3n ampl\u00eda su red de atenci\u00f3n y honra el legado de una mujer que en vida se distingui\u00f3 por su trabajo constante, su gran coraz\u00f3n y su profundo sentido de servicio a los dem\u00e1s. Este espacio se erige como un s\u00edmbolo de cuidado, dignidad y respeto hacia las personas adultas mayores, reafirmando el compromiso del Estado de garantizar una vejez activa, protegida y con calidad de vida en todo el territorio nacional.<\/p>\n\n\n\n<p>El hogar fue bendecido por el sacerdote Ronaldo Galv\u00e1n.<\/p>\n","protected":false},"excerpt":{"rendered":"<p>Con este centro, se eleva a 39 el n\u00famero de Hogares de D\u00eda en funcionamiento a nivel nacional. Saman\u00e1, Rep\u00fablica Dominicana. \u2013 El Gobierno dominicano y el Consejo Nacional de la Persona Envejeciente, encabezado por su director ejecutivo, doctor Demetrio Vicente, dejaron en funcionamiento el Hogar de D\u00eda CONAPE Saman\u00e1 Do\u00f1a Ni\u00f1a, en esta provincia, [&hellip;]<\/p>\n","protected":false},"author":2,"featured_media":51044,"comment_status":"open","ping_status":"open","sticky":false,"template":"","format":"standard","meta":{"footnotes":""},"categories":[220],"tags":[15234,13210,1300,8697,15233],"class_list":{"0":"post-51043","1":"post","2":"type-post","3":"status-publish","4":"format-standard","5":"has-post-thumbnail","7":"category-nacionales","8":"tag-administradora-de-fondos-de-pensiones","9":"tag-afp-popular","10":"tag-conape","11":"tag-consejo-nacional-de-la-persona-envejeciente-2","12":"tag-doctor-demetrio-vicente"},"yoast_head":"<!-- This site is optimized with the Yoast SEO plugin v24.9 - https:\/\/yoast.com\/wordpress\/plugins\/seo\/ -->\n<title>Gobierno y CONAPE ampl\u00edan cobertura social con nuevo Hogar de D\u00eda en Saman\u00e1 - BLG Noticias<\/title>\n<meta name=\"robots\" content=\"index, follow, max-snippet:-1, max-image-preview:large, max-video-preview:-1\" \/>\n<link rel=\"canonical\" href=\"https:\/\/blgnoticiassantodomingo.net\/index.php\/2026\/04\/27\/gobierno-y-conape-amplian-cobertura-social-con-nuevo-hogar-de-dia-en-samana\/\" \/>\n<meta property=\"og:locale\" content=\"es_ES\" \/>\n<meta property=\"og:type\" content=\"article\" \/>\n<meta property=\"og:title\" content=\"Gobierno y CONAPE ampl\u00edan cobertura social con nuevo Hogar de D\u00eda en Saman\u00e1 - BLG Noticias\" \/>\n<meta property=\"og:description\" content=\"Con este centro, se eleva a 39 el n\u00famero de Hogares de D\u00eda en funcionamiento a nivel nacional. Saman\u00e1, Rep\u00fablica Dominicana. \u2013 El Gobierno dominicano y el Consejo Nacional de la Persona Envejeciente, encabezado por su director ejecutivo, doctor Demetrio Vicente, dejaron en funcionamiento el Hogar de D\u00eda CONAPE Saman\u00e1 Do\u00f1a Ni\u00f1a, en esta provincia, [&hellip;]\" \/>\n<meta property=\"og:url\" content=\"https:\/\/blgnoticiassantodomingo.net\/index.php\/2026\/04\/27\/gobierno-y-conape-amplian-cobertura-social-con-nuevo-hogar-de-dia-en-samana\/\" \/>\n<meta property=\"og:site_name\" content=\"BLG Noticias\" \/>\n<meta property=\"article:publisher\" content=\"https:\/\/web.facebook.com\/BlgNoticias\/?locale=es_LA&amp;_rdc=1&amp;_rdr\" \/>\n<meta property=\"article:published_time\" content=\"2026-04-27T19:40:57+00:00\" \/>\n<meta property=\"article:modified_time\" content=\"2026-04-27T19:41:03+00:00\" \/>\n<meta property=\"og:image\" content=\"http:\/\/blgnoticiassantodomingo.net\/wp-content\/uploads\/2026\/04\/WhatsApp-Image-2026-04-27-at-9.11.46-AM.jpeg\" \/>\n\t<meta property=\"og:image:width\" content=\"1280\" \/>\n\t<meta property=\"og:image:height\" content=\"853\" \/>\n\t<meta property=\"og:image:type\" content=\"image\/jpeg\" \/>\n<meta name=\"author\" content=\"Brenda Guerrero\" \/>\n<meta name=\"twitter:card\" content=\"summary_large_image\" \/>\n<meta name=\"twitter:creator\" content=\"@BlgNoticias\" \/>\n<meta name=\"twitter:site\" content=\"@BlgNoticias\" \/>\n<meta name=\"twitter:label1\" content=\"Escrito por\" \/>\n\t<meta name=\"twitter:data1\" content=\"Brenda Guerrero\" \/>\n\t<meta name=\"twitter:label2\" content=\"Tiempo de lectura\" \/>\n\t<meta name=\"twitter:data2\" content=\"4 minutos\" \/>\n<script type=\"application\/ld+json\" class=\"yoast-schema-graph\">{\"@context\":\"https:\/\/schema.org\",\"@graph\":[{\"@type\":\"Article\",\"@id\":\"https:\/\/blgnoticiassantodomingo.net\/index.php\/2026\/04\/27\/gobierno-y-conape-amplian-cobertura-social-con-nuevo-hogar-de-dia-en-samana\/#article\",\"isPartOf\":{\"@id\":\"https:\/\/blgnoticiassantodomingo.net\/index.php\/2026\/04\/27\/gobierno-y-conape-amplian-cobertura-social-con-nuevo-hogar-de-dia-en-samana\/\"},\"author\":{\"name\":\"Brenda Guerrero\",\"@id\":\"https:\/\/blgnoticiassantodomingo.net\/#\/schema\/person\/e2fc21cf88acc63dbd134be981bff374\"},\"headline\":\"Gobierno y CONAPE ampl\u00edan cobertura social con nuevo Hogar de D\u00eda en Saman\u00e1\",\"datePublished\":\"2026-04-27T19:40:57+00:00\",\"dateModified\":\"2026-04-27T19:41:03+00:00\",\"mainEntityOfPage\":{\"@id\":\"https:\/\/blgnoticiassantodomingo.net\/index.php\/2026\/04\/27\/gobierno-y-conape-amplian-cobertura-social-con-nuevo-hogar-de-dia-en-samana\/\"},\"wordCount\":663,\"commentCount\":0,\"publisher\":{\"@id\":\"https:\/\/blgnoticiassantodomingo.net\/#organization\"},\"image\":{\"@id\":\"https:\/\/blgnoticiassantodomingo.net\/index.php\/2026\/04\/27\/gobierno-y-conape-amplian-cobertura-social-con-nuevo-hogar-de-dia-en-samana\/#primaryimage\"},\"thumbnailUrl\":\"https:\/\/blgnoticiassantodomingo.net\/wp-content\/uploads\/2026\/04\/WhatsApp-Image-2026-04-27-at-9.11.46-AM.jpeg\",\"keywords\":[\"Administradora de Fondos de Pensiones\",\"AFP Popular\",\"Conape\",\"Consejo Nacional de la Persona Envejeciente\",\"doctor Demetrio Vicente\"],\"articleSection\":[\"Nacionales\"],\"inLanguage\":\"es\",\"potentialAction\":[{\"@type\":\"CommentAction\",\"name\":\"Comment\",\"target\":[\"https:\/\/blgnoticiassantodomingo.net\/index.php\/2026\/04\/27\/gobierno-y-conape-amplian-cobertura-social-con-nuevo-hogar-de-dia-en-samana\/#respond\"]}]},{\"@type\":\"WebPage\",\"@id\":\"https:\/\/blgnoticiassantodomingo.net\/index.php\/2026\/04\/27\/gobierno-y-conape-amplian-cobertura-social-con-nuevo-hogar-de-dia-en-samana\/\",\"url\":\"https:\/\/blgnoticiassantodomingo.net\/index.php\/2026\/04\/27\/gobierno-y-conape-amplian-cobertura-social-con-nuevo-hogar-de-dia-en-samana\/\",\"name\":\"Gobierno y CONAPE ampl\u00edan cobertura social con nuevo Hogar de D\u00eda en Saman\u00e1 - BLG Noticias\",\"isPartOf\":{\"@id\":\"https:\/\/blgnoticiassantodomingo.net\/#website\"},\"primaryImageOfPage\":{\"@id\":\"https:\/\/blgnoticiassantodomingo.net\/index.php\/2026\/04\/27\/gobierno-y-conape-amplian-cobertura-social-con-nuevo-hogar-de-dia-en-samana\/#primaryimage\"},\"image\":{\"@id\":\"https:\/\/blgnoticiassantodomingo.net\/index.php\/2026\/04\/27\/gobierno-y-conape-amplian-cobertura-social-con-nuevo-hogar-de-dia-en-samana\/#primaryimage\"},\"thumbnailUrl\":\"https:\/\/blgnoticiassantodomingo.net\/wp-content\/uploads\/2026\/04\/WhatsApp-Image-2026-04-27-at-9.11.46-AM.jpeg\",\"datePublished\":\"2026-04-27T19:40:57+00:00\",\"dateModified\":\"2026-04-27T19:41:03+00:00\",\"breadcrumb\":{\"@id\":\"https:\/\/blgnoticiassantodomingo.net\/index.php\/2026\/04\/27\/gobierno-y-conape-amplian-cobertura-social-con-nuevo-hogar-de-dia-en-samana\/#breadcrumb\"},\"inLanguage\":\"es\",\"potentialAction\":[{\"@type\":\"ReadAction\",\"target\":[\"https:\/\/blgnoticiassantodomingo.net\/index.php\/2026\/04\/27\/gobierno-y-conape-amplian-cobertura-social-con-nuevo-hogar-de-dia-en-samana\/\"]}]},{\"@type\":\"ImageObject\",\"inLanguage\":\"es\",\"@id\":\"https:\/\/blgnoticiassantodomingo.net\/index.php\/2026\/04\/27\/gobierno-y-conape-amplian-cobertura-social-con-nuevo-hogar-de-dia-en-samana\/#primaryimage\",\"url\":\"https:\/\/blgnoticiassantodomingo.net\/wp-content\/uploads\/2026\/04\/WhatsApp-Image-2026-04-27-at-9.11.46-AM.jpeg\",\"contentUrl\":\"https:\/\/blgnoticiassantodomingo.net\/wp-content\/uploads\/2026\/04\/WhatsApp-Image-2026-04-27-at-9.11.46-AM.jpeg\",\"width\":1280,\"height\":853},{\"@type\":\"BreadcrumbList\",\"@id\":\"https:\/\/blgnoticiassantodomingo.net\/index.php\/2026\/04\/27\/gobierno-y-conape-amplian-cobertura-social-con-nuevo-hogar-de-dia-en-samana\/#breadcrumb\",\"itemListElement\":[{\"@type\":\"ListItem\",\"position\":1,\"name\":\"Portada\",\"item\":\"https:\/\/blgnoticiassantodomingo.net\/\"},{\"@type\":\"ListItem\",\"position\":2,\"name\":\"Gobierno y CONAPE ampl\u00edan cobertura social con nuevo Hogar de D\u00eda en Saman\u00e1\"}]},{\"@type\":\"WebSite\",\"@id\":\"https:\/\/blgnoticiassantodomingo.net\/#website\",\"url\":\"https:\/\/blgnoticiassantodomingo.net\/\",\"name\":\"BLG Noticias\",\"description\":\"Esto es Noticias\",\"publisher\":{\"@id\":\"https:\/\/blgnoticiassantodomingo.net\/#organization\"},\"potentialAction\":[{\"@type\":\"SearchAction\",\"target\":{\"@type\":\"EntryPoint\",\"urlTemplate\":\"https:\/\/blgnoticiassantodomingo.net\/?s={search_term_string}\"},\"query-input\":{\"@type\":\"PropertyValueSpecification\",\"valueRequired\":true,\"valueName\":\"search_term_string\"}}],\"inLanguage\":\"es\"},{\"@type\":\"Organization\",\"@id\":\"https:\/\/blgnoticiassantodomingo.net\/#organization\",\"name\":\"BLG Noticias\",\"url\":\"https:\/\/blgnoticiassantodomingo.net\/\",\"logo\":{\"@type\":\"ImageObject\",\"inLanguage\":\"es\",\"@id\":\"https:\/\/blgnoticiassantodomingo.net\/#\/schema\/logo\/image\/\",\"url\":\"https:\/\/blgnoticiassantodomingo.net\/wp-content\/uploads\/2023\/12\/Diseno-sin-titulo-3.jpg\",\"contentUrl\":\"https:\/\/blgnoticiassantodomingo.net\/wp-content\/uploads\/2023\/12\/Diseno-sin-titulo-3.jpg\",\"width\":500,\"height\":500,\"caption\":\"BLG Noticias\"},\"image\":{\"@id\":\"https:\/\/blgnoticiassantodomingo.net\/#\/schema\/logo\/image\/\"},\"sameAs\":[\"https:\/\/web.facebook.com\/BlgNoticias\/?locale=es_LA&_rdc=1&_rdr\",\"https:\/\/x.com\/BlgNoticias\",\"https:\/\/www.linkedin.com\/in\/brenda-l-santana-aa846279\/\"]},{\"@type\":\"Person\",\"@id\":\"https:\/\/blgnoticiassantodomingo.net\/#\/schema\/person\/e2fc21cf88acc63dbd134be981bff374\",\"name\":\"Brenda Guerrero\",\"image\":{\"@type\":\"ImageObject\",\"inLanguage\":\"es\",\"@id\":\"https:\/\/blgnoticiassantodomingo.net\/#\/schema\/person\/image\/\",\"url\":\"https:\/\/secure.gravatar.com\/avatar\/2f7fc4c3e3655be1580cb684bfd8ab19be702ae20879da1e072021daa02f9b8b?s=96&d=wp_user_avatar&r=g\",\"contentUrl\":\"https:\/\/secure.gravatar.com\/avatar\/2f7fc4c3e3655be1580cb684bfd8ab19be702ae20879da1e072021daa02f9b8b?s=96&d=wp_user_avatar&r=g\",\"caption\":\"Brenda Guerrero\"},\"description\":\"Periodista\",\"url\":\"https:\/\/blgnoticiassantodomingo.net\/index.php\/author\/brenda-guerrero\/\"}]}<\/script>\n<!-- \/ Yoast SEO plugin. -->","yoast_head_json":{"title":"Gobierno y CONAPE ampl\u00edan cobertura social con nuevo Hogar de D\u00eda en Saman\u00e1 - BLG Noticias","robots":{"index":"index","follow":"follow","max-snippet":"max-snippet:-1","max-image-preview":"max-image-preview:large","max-video-preview":"max-video-preview:-1"},"canonical":"https:\/\/blgnoticiassantodomingo.net\/index.php\/2026\/04\/27\/gobierno-y-conape-amplian-cobertura-social-con-nuevo-hogar-de-dia-en-samana\/","og_locale":"es_ES","og_type":"article","og_title":"Gobierno y CONAPE ampl\u00edan cobertura social con nuevo Hogar de D\u00eda en Saman\u00e1 - BLG Noticias","og_description":"Con este centro, se eleva a 39 el n\u00famero de Hogares de D\u00eda en funcionamiento a nivel nacional. Saman\u00e1, Rep\u00fablica Dominicana. \u2013 El Gobierno dominicano y el Consejo Nacional de la Persona Envejeciente, encabezado por su director ejecutivo, doctor Demetrio Vicente, dejaron en funcionamiento el Hogar de D\u00eda CONAPE Saman\u00e1 Do\u00f1a Ni\u00f1a, en esta provincia, [&hellip;]","og_url":"https:\/\/blgnoticiassantodomingo.net\/index.php\/2026\/04\/27\/gobierno-y-conape-amplian-cobertura-social-con-nuevo-hogar-de-dia-en-samana\/","og_site_name":"BLG Noticias","article_publisher":"https:\/\/web.facebook.com\/BlgNoticias\/?locale=es_LA&_rdc=1&_rdr","article_published_time":"2026-04-27T19:40:57+00:00","article_modified_time":"2026-04-27T19:41:03+00:00","og_image":[{"width":1280,"height":853,"url":"http:\/\/blgnoticiassantodomingo.net\/wp-content\/uploads\/2026\/04\/WhatsApp-Image-2026-04-27-at-9.11.46-AM.jpeg","type":"image\/jpeg"}],"author":"Brenda Guerrero","twitter_card":"summary_large_image","twitter_creator":"@BlgNoticias","twitter_site":"@BlgNoticias","twitter_misc":{"Escrito por":"Brenda Guerrero","Tiempo de lectura":"4 minutos"},"schema":{"@context":"https:\/\/schema.org","@graph":[{"@type":"Article","@id":"https:\/\/blgnoticiassantodomingo.net\/index.php\/2026\/04\/27\/gobierno-y-conape-amplian-cobertura-social-con-nuevo-hogar-de-dia-en-samana\/#article","isPartOf":{"@id":"https:\/\/blgnoticiassantodomingo.net\/index.php\/2026\/04\/27\/gobierno-y-conape-amplian-cobertura-social-con-nuevo-hogar-de-dia-en-samana\/"},"author":{"name":"Brenda Guerrero","@id":"https:\/\/blgnoticiassantodomingo.net\/#\/schema\/person\/e2fc21cf88acc63dbd134be981bff374"},"headline":"Gobierno y CONAPE ampl\u00edan cobertura social con nuevo Hogar de D\u00eda en Saman\u00e1","datePublished":"2026-04-27T19:40:57+00:00","dateModified":"2026-04-27T19:41:03+00:00","mainEntityOfPage":{"@id":"https:\/\/blgnoticiassantodomingo.net\/index.php\/2026\/04\/27\/gobierno-y-conape-amplian-cobertura-social-con-nuevo-hogar-de-dia-en-samana\/"},"wordCount":663,"commentCount":0,"publisher":{"@id":"https:\/\/blgnoticiassantodomingo.net\/#organization"},"image":{"@id":"https:\/\/blgnoticiassantodomingo.net\/index.php\/2026\/04\/27\/gobierno-y-conape-amplian-cobertura-social-con-nuevo-hogar-de-dia-en-samana\/#primaryimage"},"thumbnailUrl":"https:\/\/blgnoticiassantodomingo.net\/wp-content\/uploads\/2026\/04\/WhatsApp-Image-2026-04-27-at-9.11.46-AM.jpeg","keywords":["Administradora de Fondos de Pensiones","AFP Popular","Conape","Consejo Nacional de la Persona Envejeciente","doctor Demetrio Vicente"],"articleSection":["Nacionales"],"inLanguage":"es","potentialAction":[{"@type":"CommentAction","name":"Comment","target":["https:\/\/blgnoticiassantodomingo.net\/index.php\/2026\/04\/27\/gobierno-y-conape-amplian-cobertura-social-con-nuevo-hogar-de-dia-en-samana\/#respond"]}]},{"@type":"WebPage","@id":"https:\/\/blgnoticiassantodomingo.net\/index.php\/2026\/04\/27\/gobierno-y-conape-amplian-cobertura-social-con-nuevo-hogar-de-dia-en-samana\/","url":"https:\/\/blgnoticiassantodomingo.net\/index.php\/2026\/04\/27\/gobierno-y-conape-amplian-cobertura-social-con-nuevo-hogar-de-dia-en-samana\/","name":"Gobierno y CONAPE ampl\u00edan cobertura social con nuevo Hogar de D\u00eda en Saman\u00e1 - BLG Noticias","isPartOf":{"@id":"https:\/\/blgnoticiassantodomingo.net\/#website"},"primaryImageOfPage":{"@id":"https:\/\/blgnoticiassantodomingo.net\/index.php\/2026\/04\/27\/gobierno-y-conape-amplian-cobertura-social-con-nuevo-hogar-de-dia-en-samana\/#primaryimage"},"image":{"@id":"https:\/\/blgnoticiassantodomingo.net\/index.php\/2026\/04\/27\/gobierno-y-conape-amplian-cobertura-social-con-nuevo-hogar-de-dia-en-samana\/#primaryimage"},"thumbnailUrl":"https:\/\/blgnoticiassantodomingo.net\/wp-content\/uploads\/2026\/04\/WhatsApp-Image-2026-04-27-at-9.11.46-AM.jpeg","datePublished":"2026-04-27T19:40:57+00:00","dateModified":"2026-04-27T19:41:03+00:00","breadcrumb":{"@id":"https:\/\/blgnoticiassantodomingo.net\/index.php\/2026\/04\/27\/gobierno-y-conape-amplian-cobertura-social-con-nuevo-hogar-de-dia-en-samana\/#breadcrumb"},"inLanguage":"es","potentialAction":[{"@type":"ReadAction","target":["https:\/\/blgnoticiassantodomingo.net\/index.php\/2026\/04\/27\/gobierno-y-conape-amplian-cobertura-social-con-nuevo-hogar-de-dia-en-samana\/"]}]},{"@type":"ImageObject","inLanguage":"es","@id":"https:\/\/blgnoticiassantodomingo.net\/index.php\/2026\/04\/27\/gobierno-y-conape-amplian-cobertura-social-con-nuevo-hogar-de-dia-en-samana\/#primaryimage","url":"https:\/\/blgnoticiassantodomingo.net\/wp-content\/uploads\/2026\/04\/WhatsApp-Image-2026-04-27-at-9.11.46-AM.jpeg","contentUrl":"https:\/\/blgnoticiassantodomingo.net\/wp-content\/uploads\/2026\/04\/WhatsApp-Image-2026-04-27-at-9.11.46-AM.jpeg","width":1280,"height":853},{"@type":"BreadcrumbList","@id":"https:\/\/blgnoticiassantodomingo.net\/index.php\/2026\/04\/27\/gobierno-y-conape-amplian-cobertura-social-con-nuevo-hogar-de-dia-en-samana\/#breadcrumb","itemListElement":[{"@type":"ListItem","position":1,"name":"Portada","item":"https:\/\/blgnoticiassantodomingo.net\/"},{"@type":"ListItem","position":2,"name":"Gobierno y CONAPE ampl\u00edan cobertura social con nuevo Hogar de D\u00eda en Saman\u00e1"}]},{"@type":"WebSite","@id":"https:\/\/blgnoticiassantodomingo.net\/#website","url":"https:\/\/blgnoticiassantodomingo.net\/","name":"BLG Noticias","description":"Esto es Noticias","publisher":{"@id":"https:\/\/blgnoticiassantodomingo.net\/#organization"},"potentialAction":[{"@type":"SearchAction","target":{"@type":"EntryPoint","urlTemplate":"https:\/\/blgnoticiassantodomingo.net\/?s={search_term_string}"},"query-input":{"@type":"PropertyValueSpecification","valueRequired":true,"valueName":"search_term_string"}}],"inLanguage":"es"},{"@type":"Organization","@id":"https:\/\/blgnoticiassantodomingo.net\/#organization","name":"BLG Noticias","url":"https:\/\/blgnoticiassantodomingo.net\/","logo":{"@type":"ImageObject","inLanguage":"es","@id":"https:\/\/blgnoticiassantodomingo.net\/#\/schema\/logo\/image\/","url":"https:\/\/blgnoticiassantodomingo.net\/wp-content\/uploads\/2023\/12\/Diseno-sin-titulo-3.jpg","contentUrl":"https:\/\/blgnoticiassantodomingo.net\/wp-content\/uploads\/2023\/12\/Diseno-sin-titulo-3.jpg","width":500,"height":500,"caption":"BLG Noticias"},"image":{"@id":"https:\/\/blgnoticiassantodomingo.net\/#\/schema\/logo\/image\/"},"sameAs":["https:\/\/web.facebook.com\/BlgNoticias\/?locale=es_LA&_rdc=1&_rdr","https:\/\/x.com\/BlgNoticias","https:\/\/www.linkedin.com\/in\/brenda-l-santana-aa846279\/"]},{"@type":"Person","@id":"https:\/\/blgnoticiassantodomingo.net\/#\/schema\/person\/e2fc21cf88acc63dbd134be981bff374","name":"Brenda Guerrero","image":{"@type":"ImageObject","inLanguage":"es","@id":"https:\/\/blgnoticiassantodomingo.net\/#\/schema\/person\/image\/","url":"https:\/\/secure.gravatar.com\/avatar\/2f7fc4c3e3655be1580cb684bfd8ab19be702ae20879da1e072021daa02f9b8b?s=96&d=wp_user_avatar&r=g","contentUrl":"https:\/\/secure.gravatar.com\/avatar\/2f7fc4c3e3655be1580cb684bfd8ab19be702ae20879da1e072021daa02f9b8b?s=96&d=wp_user_avatar&r=g","caption":"Brenda Guerrero"},"description":"Periodista","url":"https:\/\/blgnoticiassantodomingo.net\/index.php\/author\/brenda-guerrero\/"}]}},"jetpack_featured_media_url":"https:\/\/blgnoticiassantodomingo.net\/wp-content\/uploads\/2026\/04\/WhatsApp-Image-2026-04-27-at-9.11.46-AM.jpeg","_links":{"self":[{"href":"https:\/\/blgnoticiassantodomingo.net\/index.php\/wp-json\/wp\/v2\/posts\/51043","targetHints":{"allow":["GET"]}}],"collection":[{"href":"https:\/\/blgnoticiassantodomingo.net\/index.php\/wp-json\/wp\/v2\/posts"}],"about":[{"href":"https:\/\/blgnoticiassantodomingo.net\/index.php\/wp-json\/wp\/v2\/types\/post"}],"author":[{"embeddable":true,"href":"https:\/\/blgnoticiassantodomingo.net\/index.php\/wp-json\/wp\/v2\/users\/2"}],"replies":[{"embeddable":true,"href":"https:\/\/blgnoticiassantodomingo.net\/index.php\/wp-json\/wp\/v2\/comments?post=51043"}],"version-history":[{"count":1,"href":"https:\/\/blgnoticiassantodomingo.net\/index.php\/wp-json\/wp\/v2\/posts\/51043\/revisions"}],"predecessor-version":[{"id":51048,"href":"https:\/\/blgnoticiassantodomingo.net\/index.php\/wp-json\/wp\/v2\/posts\/51043\/revisions\/51048"}],"wp:featuredmedia":[{"embeddable":true,"href":"https:\/\/blgnoticiassantodomingo.net\/index.php\/wp-json\/wp\/v2\/media\/51044"}],"wp:attachment":[{"href":"https:\/\/blgnoticiassantodomingo.net\/index.php\/wp-json\/wp\/v2\/media?parent=51043"}],"wp:term":[{"taxonomy":"category","embeddable":true,"href":"https:\/\/blgnoticiassantodomingo.net\/index.php\/wp-json\/wp\/v2\/categories?post=51043"},{"taxonomy":"post_tag","embeddable":true,"href":"https:\/\/blgnoticiassantodomingo.net\/index.php\/wp-json\/wp\/v2\/tags?post=51043"}],"curies":[{"name":"wp","href":"https:\/\/api.w.org\/{rel}","templated":true}]}}