{"id":51028,"date":"2026-04-27T15:15:04","date_gmt":"2026-04-27T19:15:04","guid":{"rendered":"https:\/\/blgnoticiassantodomingo.net\/?p=51028"},"modified":"2026-04-27T15:15:09","modified_gmt":"2026-04-27T19:15:09","slug":"prision-preventiva-para-padre-de-nina-hallada-sin-vida-en-una-canada-de-los-girasoles","status":"publish","type":"post","link":"https:\/\/blgnoticiassantodomingo.net\/index.php\/2026\/04\/27\/prision-preventiva-para-padre-de-nina-hallada-sin-vida-en-una-canada-de-los-girasoles\/","title":{"rendered":"Prisi\u00f3n preventiva para padre de ni\u00f1a hallada sin vida en una ca\u00f1ada de Los Girasoles"},"content":{"rendered":"\n<p>SANTO DOMINGO (Rep\u00fablica Dominicana).- A solicitud del Ministerio P\u00fablico, una jueza del Distrito Nacional impuso tres meses de prisi\u00f3n preventiva a un hombre imputado de causarle la muerte a una hija de un a\u00f1o de edad, cuyo cuerpo fue hallado en una ca\u00f1ada del sector Los Girasoles.<\/p>\n\n\n\n<p><br>Rosi Alfredo Mota Almonte (El Loc\u00f3n Brake o Freddy) deber\u00e1 cumplir la medida en el Centro de Correcci\u00f3n y Rehabilitaci\u00f3n (CCR-XXVII).<\/p>\n\n\n\n<p><br>El Ministerio P\u00fablico imputa a Mota Almonte por la muerte de la ni\u00f1a encontrada sin vida, el 21 de abril de 2026, a causa de asfixia por sofocaci\u00f3n.<\/p>\n\n\n\n<p><br>De acuerdo con la investigaci\u00f3n realizada por la procuradora fiscal Topacio Suero Sierra, adscrita al Departamento de Cr\u00edmenes y Delitos contra la Persona (Homicidios) del Distrito Nacional, el hecho ocurri\u00f3 en horas de la ma\u00f1ana, cuando el imputado, tras llegar a su residencia, procedi\u00f3 a asfixiar a la ni\u00f1a.<\/p>\n\n\n\n<p><br>Posteriormente, introdujo el cuerpo sin vida en un bulto, lo sac\u00f3 de la vivienda y lo lanz\u00f3 a una ca\u00f1ada cercana.<\/p>\n\n\n\n<p><br>M\u00e1s adelante, el imputado regres\u00f3 a la comunidad e inform\u00f3 a vecinos que la ni\u00f1a estaba desaparecida, lo que provoc\u00f3 que residentes del sector iniciaran una amplia b\u00fasqueda. Horas despu\u00e9s, el cuerpo fue encontrado dentro del referido bulto en la ca\u00f1ada, dando aviso de inmediato a las autoridades.<\/p>\n\n\n\n<p><br>El Ministerio P\u00fablico, en conjunto con agentes de la Polic\u00eda Nacional, realiz\u00f3 el levantamiento del cuerpo, el cual fue enviado al Instituto Nacional de Ciencias Forenses (Inacif) para los fines correspondientes.<\/p>\n\n\n\n<p><br>La jueza Lissa Veras, La Oficina Judicial de Servicios de Atenci\u00f3n Permanente del Distrito Nacional, dispuso la revisi\u00f3n de la medida al imputado para el viernes 17 de julio del 2026.<br>Mota Almonte fue arrestado el pasado 23 de abril de 2026, mediante la orden judicial n\u00fam. 2026-AJ0032323, emitida por la Oficina Judicial de Servicios de Atenci\u00f3n Permanente del Distrito Nacional.<\/p>\n\n\n\n<p><br>El Ministerio P\u00fablico ha calificado jur\u00eddicamente los hechos como violaci\u00f3n a los art\u00edculos 295 y 304-II del C\u00f3digo Penal Dominicano, as\u00ed como a los art\u00edculos 3, 12, 13, 462 y 463 de la Ley 136-03 que crea el C\u00f3digo para la Protecci\u00f3n y los Derechos Fundamentales de Ni\u00f1os, Ni\u00f1as y Adolescentes.<\/p>\n","protected":false},"excerpt":{"rendered":"<p>SANTO DOMINGO (Rep\u00fablica Dominicana).- A solicitud del Ministerio P\u00fablico, una jueza del Distrito Nacional impuso tres meses de prisi\u00f3n preventiva a un hombre imputado de causarle la muerte a una hija de un a\u00f1o de edad, cuyo cuerpo fue hallado en una ca\u00f1ada del sector Los Girasoles. Rosi Alfredo Mota Almonte (El Loc\u00f3n Brake o [&hellip;]<\/p>\n","protected":false},"author":2,"featured_media":36613,"comment_status":"open","ping_status":"open","sticky":false,"template":"","format":"standard","meta":{"footnotes":""},"categories":[220],"tags":[8605],"class_list":{"0":"post-51028","1":"post","2":"type-post","3":"status-publish","4":"format-standard","5":"has-post-thumbnail","7":"category-nacionales","8":"tag-los-girasoles"},"yoast_head":"<!-- This site is optimized with the Yoast SEO plugin v24.9 - https:\/\/yoast.com\/wordpress\/plugins\/seo\/ -->\n<title>Prisi\u00f3n preventiva para padre de ni\u00f1a hallada sin vida en una ca\u00f1ada de Los Girasoles - BLG Noticias<\/title>\n<meta name=\"robots\" content=\"index, follow, max-snippet:-1, max-image-preview:large, max-video-preview:-1\" \/>\n<link rel=\"canonical\" href=\"https:\/\/blgnoticiassantodomingo.net\/index.php\/2026\/04\/27\/prision-preventiva-para-padre-de-nina-hallada-sin-vida-en-una-canada-de-los-girasoles\/\" \/>\n<meta property=\"og:locale\" content=\"es_ES\" \/>\n<meta property=\"og:type\" content=\"article\" \/>\n<meta property=\"og:title\" content=\"Prisi\u00f3n preventiva para padre de ni\u00f1a hallada sin vida en una ca\u00f1ada de Los Girasoles - BLG Noticias\" \/>\n<meta property=\"og:description\" content=\"SANTO DOMINGO (Rep\u00fablica Dominicana).- A solicitud del Ministerio P\u00fablico, una jueza del Distrito Nacional impuso tres meses de prisi\u00f3n preventiva a un hombre imputado de causarle la muerte a una hija de un a\u00f1o de edad, cuyo cuerpo fue hallado en una ca\u00f1ada del sector Los Girasoles. Rosi Alfredo Mota Almonte (El Loc\u00f3n Brake o [&hellip;]\" \/>\n<meta property=\"og:url\" content=\"https:\/\/blgnoticiassantodomingo.net\/index.php\/2026\/04\/27\/prision-preventiva-para-padre-de-nina-hallada-sin-vida-en-una-canada-de-los-girasoles\/\" \/>\n<meta property=\"og:site_name\" content=\"BLG Noticias\" \/>\n<meta property=\"article:publisher\" content=\"https:\/\/web.facebook.com\/BlgNoticias\/?locale=es_LA&amp;_rdc=1&amp;_rdr\" \/>\n<meta property=\"article:published_time\" content=\"2026-04-27T19:15:04+00:00\" \/>\n<meta property=\"article:modified_time\" content=\"2026-04-27T19:15:09+00:00\" \/>\n<meta property=\"og:image\" content=\"http:\/\/blgnoticiassantodomingo.net\/wp-content\/uploads\/2023\/10\/Screenshot_4-5.png\" \/>\n\t<meta property=\"og:image:width\" content=\"799\" \/>\n\t<meta property=\"og:image:height\" content=\"431\" \/>\n\t<meta property=\"og:image:type\" content=\"image\/png\" \/>\n<meta name=\"author\" content=\"Brenda Guerrero\" \/>\n<meta name=\"twitter:card\" content=\"summary_large_image\" \/>\n<meta name=\"twitter:creator\" content=\"@BlgNoticias\" \/>\n<meta name=\"twitter:site\" content=\"@BlgNoticias\" \/>\n<meta name=\"twitter:label1\" content=\"Escrito por\" \/>\n\t<meta name=\"twitter:data1\" content=\"Brenda Guerrero\" \/>\n\t<meta name=\"twitter:label2\" content=\"Tiempo de lectura\" \/>\n\t<meta name=\"twitter:data2\" content=\"2 minutos\" \/>\n<script type=\"application\/ld+json\" class=\"yoast-schema-graph\">{\"@context\":\"https:\/\/schema.org\",\"@graph\":[{\"@type\":\"Article\",\"@id\":\"https:\/\/blgnoticiassantodomingo.net\/index.php\/2026\/04\/27\/prision-preventiva-para-padre-de-nina-hallada-sin-vida-en-una-canada-de-los-girasoles\/#article\",\"isPartOf\":{\"@id\":\"https:\/\/blgnoticiassantodomingo.net\/index.php\/2026\/04\/27\/prision-preventiva-para-padre-de-nina-hallada-sin-vida-en-una-canada-de-los-girasoles\/\"},\"author\":{\"name\":\"Brenda Guerrero\",\"@id\":\"https:\/\/blgnoticiassantodomingo.net\/#\/schema\/person\/e2fc21cf88acc63dbd134be981bff374\"},\"headline\":\"Prisi\u00f3n preventiva para padre de ni\u00f1a hallada sin vida en una ca\u00f1ada de Los Girasoles\",\"datePublished\":\"2026-04-27T19:15:04+00:00\",\"dateModified\":\"2026-04-27T19:15:09+00:00\",\"mainEntityOfPage\":{\"@id\":\"https:\/\/blgnoticiassantodomingo.net\/index.php\/2026\/04\/27\/prision-preventiva-para-padre-de-nina-hallada-sin-vida-en-una-canada-de-los-girasoles\/\"},\"wordCount\":401,\"commentCount\":0,\"publisher\":{\"@id\":\"https:\/\/blgnoticiassantodomingo.net\/#organization\"},\"image\":{\"@id\":\"https:\/\/blgnoticiassantodomingo.net\/index.php\/2026\/04\/27\/prision-preventiva-para-padre-de-nina-hallada-sin-vida-en-una-canada-de-los-girasoles\/#primaryimage\"},\"thumbnailUrl\":\"https:\/\/blgnoticiassantodomingo.net\/wp-content\/uploads\/2023\/10\/Screenshot_4-5.png\",\"keywords\":[\"Los Girasoles\"],\"articleSection\":[\"Nacionales\"],\"inLanguage\":\"es\",\"potentialAction\":[{\"@type\":\"CommentAction\",\"name\":\"Comment\",\"target\":[\"https:\/\/blgnoticiassantodomingo.net\/index.php\/2026\/04\/27\/prision-preventiva-para-padre-de-nina-hallada-sin-vida-en-una-canada-de-los-girasoles\/#respond\"]}]},{\"@type\":\"WebPage\",\"@id\":\"https:\/\/blgnoticiassantodomingo.net\/index.php\/2026\/04\/27\/prision-preventiva-para-padre-de-nina-hallada-sin-vida-en-una-canada-de-los-girasoles\/\",\"url\":\"https:\/\/blgnoticiassantodomingo.net\/index.php\/2026\/04\/27\/prision-preventiva-para-padre-de-nina-hallada-sin-vida-en-una-canada-de-los-girasoles\/\",\"name\":\"Prisi\u00f3n preventiva para padre de ni\u00f1a hallada sin vida en una ca\u00f1ada de Los Girasoles - BLG Noticias\",\"isPartOf\":{\"@id\":\"https:\/\/blgnoticiassantodomingo.net\/#website\"},\"primaryImageOfPage\":{\"@id\":\"https:\/\/blgnoticiassantodomingo.net\/index.php\/2026\/04\/27\/prision-preventiva-para-padre-de-nina-hallada-sin-vida-en-una-canada-de-los-girasoles\/#primaryimage\"},\"image\":{\"@id\":\"https:\/\/blgnoticiassantodomingo.net\/index.php\/2026\/04\/27\/prision-preventiva-para-padre-de-nina-hallada-sin-vida-en-una-canada-de-los-girasoles\/#primaryimage\"},\"thumbnailUrl\":\"https:\/\/blgnoticiassantodomingo.net\/wp-content\/uploads\/2023\/10\/Screenshot_4-5.png\",\"datePublished\":\"2026-04-27T19:15:04+00:00\",\"dateModified\":\"2026-04-27T19:15:09+00:00\",\"breadcrumb\":{\"@id\":\"https:\/\/blgnoticiassantodomingo.net\/index.php\/2026\/04\/27\/prision-preventiva-para-padre-de-nina-hallada-sin-vida-en-una-canada-de-los-girasoles\/#breadcrumb\"},\"inLanguage\":\"es\",\"potentialAction\":[{\"@type\":\"ReadAction\",\"target\":[\"https:\/\/blgnoticiassantodomingo.net\/index.php\/2026\/04\/27\/prision-preventiva-para-padre-de-nina-hallada-sin-vida-en-una-canada-de-los-girasoles\/\"]}]},{\"@type\":\"ImageObject\",\"inLanguage\":\"es\",\"@id\":\"https:\/\/blgnoticiassantodomingo.net\/index.php\/2026\/04\/27\/prision-preventiva-para-padre-de-nina-hallada-sin-vida-en-una-canada-de-los-girasoles\/#primaryimage\",\"url\":\"https:\/\/blgnoticiassantodomingo.net\/wp-content\/uploads\/2023\/10\/Screenshot_4-5.png\",\"contentUrl\":\"https:\/\/blgnoticiassantodomingo.net\/wp-content\/uploads\/2023\/10\/Screenshot_4-5.png\",\"width\":799,\"height\":431},{\"@type\":\"BreadcrumbList\",\"@id\":\"https:\/\/blgnoticiassantodomingo.net\/index.php\/2026\/04\/27\/prision-preventiva-para-padre-de-nina-hallada-sin-vida-en-una-canada-de-los-girasoles\/#breadcrumb\",\"itemListElement\":[{\"@type\":\"ListItem\",\"position\":1,\"name\":\"Portada\",\"item\":\"https:\/\/blgnoticiassantodomingo.net\/\"},{\"@type\":\"ListItem\",\"position\":2,\"name\":\"Prisi\u00f3n preventiva para padre de ni\u00f1a hallada sin vida en una ca\u00f1ada de Los Girasoles\"}]},{\"@type\":\"WebSite\",\"@id\":\"https:\/\/blgnoticiassantodomingo.net\/#website\",\"url\":\"https:\/\/blgnoticiassantodomingo.net\/\",\"name\":\"BLG Noticias\",\"description\":\"Esto es Noticias\",\"publisher\":{\"@id\":\"https:\/\/blgnoticiassantodomingo.net\/#organization\"},\"potentialAction\":[{\"@type\":\"SearchAction\",\"target\":{\"@type\":\"EntryPoint\",\"urlTemplate\":\"https:\/\/blgnoticiassantodomingo.net\/?s={search_term_string}\"},\"query-input\":{\"@type\":\"PropertyValueSpecification\",\"valueRequired\":true,\"valueName\":\"search_term_string\"}}],\"inLanguage\":\"es\"},{\"@type\":\"Organization\",\"@id\":\"https:\/\/blgnoticiassantodomingo.net\/#organization\",\"name\":\"BLG Noticias\",\"url\":\"https:\/\/blgnoticiassantodomingo.net\/\",\"logo\":{\"@type\":\"ImageObject\",\"inLanguage\":\"es\",\"@id\":\"https:\/\/blgnoticiassantodomingo.net\/#\/schema\/logo\/image\/\",\"url\":\"https:\/\/blgnoticiassantodomingo.net\/wp-content\/uploads\/2023\/12\/Diseno-sin-titulo-3.jpg\",\"contentUrl\":\"https:\/\/blgnoticiassantodomingo.net\/wp-content\/uploads\/2023\/12\/Diseno-sin-titulo-3.jpg\",\"width\":500,\"height\":500,\"caption\":\"BLG Noticias\"},\"image\":{\"@id\":\"https:\/\/blgnoticiassantodomingo.net\/#\/schema\/logo\/image\/\"},\"sameAs\":[\"https:\/\/web.facebook.com\/BlgNoticias\/?locale=es_LA&_rdc=1&_rdr\",\"https:\/\/x.com\/BlgNoticias\",\"https:\/\/www.linkedin.com\/in\/brenda-l-santana-aa846279\/\"]},{\"@type\":\"Person\",\"@id\":\"https:\/\/blgnoticiassantodomingo.net\/#\/schema\/person\/e2fc21cf88acc63dbd134be981bff374\",\"name\":\"Brenda Guerrero\",\"image\":{\"@type\":\"ImageObject\",\"inLanguage\":\"es\",\"@id\":\"https:\/\/blgnoticiassantodomingo.net\/#\/schema\/person\/image\/\",\"url\":\"https:\/\/secure.gravatar.com\/avatar\/2f7fc4c3e3655be1580cb684bfd8ab19be702ae20879da1e072021daa02f9b8b?s=96&d=wp_user_avatar&r=g\",\"contentUrl\":\"https:\/\/secure.gravatar.com\/avatar\/2f7fc4c3e3655be1580cb684bfd8ab19be702ae20879da1e072021daa02f9b8b?s=96&d=wp_user_avatar&r=g\",\"caption\":\"Brenda Guerrero\"},\"description\":\"Periodista\",\"url\":\"https:\/\/blgnoticiassantodomingo.net\/index.php\/author\/brenda-guerrero\/\"}]}<\/script>\n<!-- \/ Yoast SEO plugin. -->","yoast_head_json":{"title":"Prisi\u00f3n preventiva para padre de ni\u00f1a hallada sin vida en una ca\u00f1ada de Los Girasoles - BLG Noticias","robots":{"index":"index","follow":"follow","max-snippet":"max-snippet:-1","max-image-preview":"max-image-preview:large","max-video-preview":"max-video-preview:-1"},"canonical":"https:\/\/blgnoticiassantodomingo.net\/index.php\/2026\/04\/27\/prision-preventiva-para-padre-de-nina-hallada-sin-vida-en-una-canada-de-los-girasoles\/","og_locale":"es_ES","og_type":"article","og_title":"Prisi\u00f3n preventiva para padre de ni\u00f1a hallada sin vida en una ca\u00f1ada de Los Girasoles - BLG Noticias","og_description":"SANTO DOMINGO (Rep\u00fablica Dominicana).- A solicitud del Ministerio P\u00fablico, una jueza del Distrito Nacional impuso tres meses de prisi\u00f3n preventiva a un hombre imputado de causarle la muerte a una hija de un a\u00f1o de edad, cuyo cuerpo fue hallado en una ca\u00f1ada del sector Los Girasoles. Rosi Alfredo Mota Almonte (El Loc\u00f3n Brake o [&hellip;]","og_url":"https:\/\/blgnoticiassantodomingo.net\/index.php\/2026\/04\/27\/prision-preventiva-para-padre-de-nina-hallada-sin-vida-en-una-canada-de-los-girasoles\/","og_site_name":"BLG Noticias","article_publisher":"https:\/\/web.facebook.com\/BlgNoticias\/?locale=es_LA&_rdc=1&_rdr","article_published_time":"2026-04-27T19:15:04+00:00","article_modified_time":"2026-04-27T19:15:09+00:00","og_image":[{"width":799,"height":431,"url":"http:\/\/blgnoticiassantodomingo.net\/wp-content\/uploads\/2023\/10\/Screenshot_4-5.png","type":"image\/png"}],"author":"Brenda Guerrero","twitter_card":"summary_large_image","twitter_creator":"@BlgNoticias","twitter_site":"@BlgNoticias","twitter_misc":{"Escrito por":"Brenda Guerrero","Tiempo de lectura":"2 minutos"},"schema":{"@context":"https:\/\/schema.org","@graph":[{"@type":"Article","@id":"https:\/\/blgnoticiassantodomingo.net\/index.php\/2026\/04\/27\/prision-preventiva-para-padre-de-nina-hallada-sin-vida-en-una-canada-de-los-girasoles\/#article","isPartOf":{"@id":"https:\/\/blgnoticiassantodomingo.net\/index.php\/2026\/04\/27\/prision-preventiva-para-padre-de-nina-hallada-sin-vida-en-una-canada-de-los-girasoles\/"},"author":{"name":"Brenda Guerrero","@id":"https:\/\/blgnoticiassantodomingo.net\/#\/schema\/person\/e2fc21cf88acc63dbd134be981bff374"},"headline":"Prisi\u00f3n preventiva para padre de ni\u00f1a hallada sin vida en una ca\u00f1ada de Los Girasoles","datePublished":"2026-04-27T19:15:04+00:00","dateModified":"2026-04-27T19:15:09+00:00","mainEntityOfPage":{"@id":"https:\/\/blgnoticiassantodomingo.net\/index.php\/2026\/04\/27\/prision-preventiva-para-padre-de-nina-hallada-sin-vida-en-una-canada-de-los-girasoles\/"},"wordCount":401,"commentCount":0,"publisher":{"@id":"https:\/\/blgnoticiassantodomingo.net\/#organization"},"image":{"@id":"https:\/\/blgnoticiassantodomingo.net\/index.php\/2026\/04\/27\/prision-preventiva-para-padre-de-nina-hallada-sin-vida-en-una-canada-de-los-girasoles\/#primaryimage"},"thumbnailUrl":"https:\/\/blgnoticiassantodomingo.net\/wp-content\/uploads\/2023\/10\/Screenshot_4-5.png","keywords":["Los Girasoles"],"articleSection":["Nacionales"],"inLanguage":"es","potentialAction":[{"@type":"CommentAction","name":"Comment","target":["https:\/\/blgnoticiassantodomingo.net\/index.php\/2026\/04\/27\/prision-preventiva-para-padre-de-nina-hallada-sin-vida-en-una-canada-de-los-girasoles\/#respond"]}]},{"@type":"WebPage","@id":"https:\/\/blgnoticiassantodomingo.net\/index.php\/2026\/04\/27\/prision-preventiva-para-padre-de-nina-hallada-sin-vida-en-una-canada-de-los-girasoles\/","url":"https:\/\/blgnoticiassantodomingo.net\/index.php\/2026\/04\/27\/prision-preventiva-para-padre-de-nina-hallada-sin-vida-en-una-canada-de-los-girasoles\/","name":"Prisi\u00f3n preventiva para padre de ni\u00f1a hallada sin vida en una ca\u00f1ada de Los Girasoles - BLG Noticias","isPartOf":{"@id":"https:\/\/blgnoticiassantodomingo.net\/#website"},"primaryImageOfPage":{"@id":"https:\/\/blgnoticiassantodomingo.net\/index.php\/2026\/04\/27\/prision-preventiva-para-padre-de-nina-hallada-sin-vida-en-una-canada-de-los-girasoles\/#primaryimage"},"image":{"@id":"https:\/\/blgnoticiassantodomingo.net\/index.php\/2026\/04\/27\/prision-preventiva-para-padre-de-nina-hallada-sin-vida-en-una-canada-de-los-girasoles\/#primaryimage"},"thumbnailUrl":"https:\/\/blgnoticiassantodomingo.net\/wp-content\/uploads\/2023\/10\/Screenshot_4-5.png","datePublished":"2026-04-27T19:15:04+00:00","dateModified":"2026-04-27T19:15:09+00:00","breadcrumb":{"@id":"https:\/\/blgnoticiassantodomingo.net\/index.php\/2026\/04\/27\/prision-preventiva-para-padre-de-nina-hallada-sin-vida-en-una-canada-de-los-girasoles\/#breadcrumb"},"inLanguage":"es","potentialAction":[{"@type":"ReadAction","target":["https:\/\/blgnoticiassantodomingo.net\/index.php\/2026\/04\/27\/prision-preventiva-para-padre-de-nina-hallada-sin-vida-en-una-canada-de-los-girasoles\/"]}]},{"@type":"ImageObject","inLanguage":"es","@id":"https:\/\/blgnoticiassantodomingo.net\/index.php\/2026\/04\/27\/prision-preventiva-para-padre-de-nina-hallada-sin-vida-en-una-canada-de-los-girasoles\/#primaryimage","url":"https:\/\/blgnoticiassantodomingo.net\/wp-content\/uploads\/2023\/10\/Screenshot_4-5.png","contentUrl":"https:\/\/blgnoticiassantodomingo.net\/wp-content\/uploads\/2023\/10\/Screenshot_4-5.png","width":799,"height":431},{"@type":"BreadcrumbList","@id":"https:\/\/blgnoticiassantodomingo.net\/index.php\/2026\/04\/27\/prision-preventiva-para-padre-de-nina-hallada-sin-vida-en-una-canada-de-los-girasoles\/#breadcrumb","itemListElement":[{"@type":"ListItem","position":1,"name":"Portada","item":"https:\/\/blgnoticiassantodomingo.net\/"},{"@type":"ListItem","position":2,"name":"Prisi\u00f3n preventiva para padre de ni\u00f1a hallada sin vida en una ca\u00f1ada de Los Girasoles"}]},{"@type":"WebSite","@id":"https:\/\/blgnoticiassantodomingo.net\/#website","url":"https:\/\/blgnoticiassantodomingo.net\/","name":"BLG Noticias","description":"Esto es Noticias","publisher":{"@id":"https:\/\/blgnoticiassantodomingo.net\/#organization"},"potentialAction":[{"@type":"SearchAction","target":{"@type":"EntryPoint","urlTemplate":"https:\/\/blgnoticiassantodomingo.net\/?s={search_term_string}"},"query-input":{"@type":"PropertyValueSpecification","valueRequired":true,"valueName":"search_term_string"}}],"inLanguage":"es"},{"@type":"Organization","@id":"https:\/\/blgnoticiassantodomingo.net\/#organization","name":"BLG Noticias","url":"https:\/\/blgnoticiassantodomingo.net\/","logo":{"@type":"ImageObject","inLanguage":"es","@id":"https:\/\/blgnoticiassantodomingo.net\/#\/schema\/logo\/image\/","url":"https:\/\/blgnoticiassantodomingo.net\/wp-content\/uploads\/2023\/12\/Diseno-sin-titulo-3.jpg","contentUrl":"https:\/\/blgnoticiassantodomingo.net\/wp-content\/uploads\/2023\/12\/Diseno-sin-titulo-3.jpg","width":500,"height":500,"caption":"BLG Noticias"},"image":{"@id":"https:\/\/blgnoticiassantodomingo.net\/#\/schema\/logo\/image\/"},"sameAs":["https:\/\/web.facebook.com\/BlgNoticias\/?locale=es_LA&_rdc=1&_rdr","https:\/\/x.com\/BlgNoticias","https:\/\/www.linkedin.com\/in\/brenda-l-santana-aa846279\/"]},{"@type":"Person","@id":"https:\/\/blgnoticiassantodomingo.net\/#\/schema\/person\/e2fc21cf88acc63dbd134be981bff374","name":"Brenda Guerrero","image":{"@type":"ImageObject","inLanguage":"es","@id":"https:\/\/blgnoticiassantodomingo.net\/#\/schema\/person\/image\/","url":"https:\/\/secure.gravatar.com\/avatar\/2f7fc4c3e3655be1580cb684bfd8ab19be702ae20879da1e072021daa02f9b8b?s=96&d=wp_user_avatar&r=g","contentUrl":"https:\/\/secure.gravatar.com\/avatar\/2f7fc4c3e3655be1580cb684bfd8ab19be702ae20879da1e072021daa02f9b8b?s=96&d=wp_user_avatar&r=g","caption":"Brenda Guerrero"},"description":"Periodista","url":"https:\/\/blgnoticiassantodomingo.net\/index.php\/author\/brenda-guerrero\/"}]}},"jetpack_featured_media_url":"https:\/\/blgnoticiassantodomingo.net\/wp-content\/uploads\/2023\/10\/Screenshot_4-5.png","_links":{"self":[{"href":"https:\/\/blgnoticiassantodomingo.net\/index.php\/wp-json\/wp\/v2\/posts\/51028","targetHints":{"allow":["GET"]}}],"collection":[{"href":"https:\/\/blgnoticiassantodomingo.net\/index.php\/wp-json\/wp\/v2\/posts"}],"about":[{"href":"https:\/\/blgnoticiassantodomingo.net\/index.php\/wp-json\/wp\/v2\/types\/post"}],"author":[{"embeddable":true,"href":"https:\/\/blgnoticiassantodomingo.net\/index.php\/wp-json\/wp\/v2\/users\/2"}],"replies":[{"embeddable":true,"href":"https:\/\/blgnoticiassantodomingo.net\/index.php\/wp-json\/wp\/v2\/comments?post=51028"}],"version-history":[{"count":1,"href":"https:\/\/blgnoticiassantodomingo.net\/index.php\/wp-json\/wp\/v2\/posts\/51028\/revisions"}],"predecessor-version":[{"id":51029,"href":"https:\/\/blgnoticiassantodomingo.net\/index.php\/wp-json\/wp\/v2\/posts\/51028\/revisions\/51029"}],"wp:featuredmedia":[{"embeddable":true,"href":"https:\/\/blgnoticiassantodomingo.net\/index.php\/wp-json\/wp\/v2\/media\/36613"}],"wp:attachment":[{"href":"https:\/\/blgnoticiassantodomingo.net\/index.php\/wp-json\/wp\/v2\/media?parent=51028"}],"wp:term":[{"taxonomy":"category","embeddable":true,"href":"https:\/\/blgnoticiassantodomingo.net\/index.php\/wp-json\/wp\/v2\/categories?post=51028"},{"taxonomy":"post_tag","embeddable":true,"href":"https:\/\/blgnoticiassantodomingo.net\/index.php\/wp-json\/wp\/v2\/tags?post=51028"}],"curies":[{"name":"wp","href":"https:\/\/api.w.org\/{rel}","templated":true}]}}