{"id":51019,"date":"2026-04-27T12:52:56","date_gmt":"2026-04-27T16:52:56","guid":{"rendered":"https:\/\/blgnoticiassantodomingo.net\/?p=51019"},"modified":"2026-04-27T12:53:01","modified_gmt":"2026-04-27T16:53:01","slug":"hector-acosta-el-torito-lanza-el-merengue-inedito-la-mas-dura","status":"publish","type":"post","link":"https:\/\/blgnoticiassantodomingo.net\/index.php\/2026\/04\/27\/hector-acosta-el-torito-lanza-el-merengue-inedito-la-mas-dura\/","title":{"rendered":"H\u00e9ctor Acosta (El Torito) lanza el merengue in\u00e9dito \u201cLa M\u00e1s Dura\u201d."},"content":{"rendered":"\n<p><strong><em>Adem\u00e1s viraliza el eslogan \u2018At\u00e1jenla que me Debe\u2019<br><\/em><\/strong><\/p>\n\n\n\n<p>Santo Domingo, RD. ADC\u00a0<strong>-El galardonado Merengue y Merenguero del a\u00f1o en \u201cPremios Soberano\u201d, H\u00e9ctor Acosta (El Torito) estrena su primer tema del 2026, se trata de un bailable, jocoso y contagioso merengue titulado \u201cLa M\u00e1s Dura\u201d el que de inmediato genera seguidilla.<\/strong><\/p>\n\n\n\n<p><strong>El mambero Nelson de la Olla es el responsable de la composici\u00f3n y producci\u00f3n musical del \u00e9xito en potencia \u201cLa M\u00e1s Dura\u201d, cuyo lanzamiento cont\u00f3 con una estrategia simult\u00e1nea e internacional a trav\u00e9s de importantes medios tradicionales y plataformas digitales.<\/strong><\/p>\n\n\n\n<p><strong>En algunas propuestas de su exitosa carrera art\u00edstica el int\u00e9rprete de \u201cSe Puede\u201d, ha logrado viralizar una gran variedad de famosos eslogan como \u201ctoritooo , recojan , vamo al swing,&nbsp; que el merengue qu\u00e9 , se muriooo\u201d , entre otros, a ellos hoy se le suma el \u2018At\u00e1jenla que me debe\u2019 y es que El Torito es \u00fanico.<\/strong><\/p>\n\n\n\n<p><strong>\u201cEsa mujer es fuego, candela en la cintura, de todas las mujeres es la que est\u00e1 m\u00e1s dura\u201d, se trata de una estrofa del tema que sin lugar a dudas y a juzgar por las reacciones pos-lanzamiento promete convertirse en el potencial \u201cMerengue del A\u00f1o\u201d.<\/strong><\/p>\n\n\n\n<p><strong>El video no oficial de \u201cLa M\u00e1s Dura\u201d, se origin\u00f3 de manera espont\u00e1nea en \u201cEl Parque Bar\u201d de Santiago, gracias a los j\u00f3venes que componen el \u201cEvento de Baile Ei sitio\u201d,&nbsp;im\u00e1genes&nbsp;gracias al comunicador Archy Dominguez.<\/strong><\/p>\n\n\n\n<p>La M\u00e1s Dura\u201d, estar\u00e1 aterrizando de manera presencial el s\u00e1bado 23 de mayo en el \u2018Coca-Cola Music Hall\u2019 de Puerto Rico donde H\u00e9ctor Acosta ofrecer\u00e1 su concierto \u201cEl Regreso\u201d.<\/p>\n\n\n\n<figure class=\"wp-block-embed is-type-video is-provider-youtube wp-block-embed-youtube wp-embed-aspect-16-9 wp-has-aspect-ratio\"><div class=\"wp-block-embed__wrapper\">\n<iframe loading=\"lazy\" title=\"El Torito - La M\u00e1s Dura 2026\" width=\"696\" height=\"392\" src=\"https:\/\/www.youtube.com\/embed\/5N3D4rnqBTo?feature=oembed\" frameborder=\"0\" allow=\"accelerometer; autoplay; clipboard-write; encrypted-media; gyroscope; picture-in-picture; web-share\" referrerpolicy=\"strict-origin-when-cross-origin\" allowfullscreen><\/iframe>\n<\/div><\/figure>\n","protected":false},"excerpt":{"rendered":"<p>Adem\u00e1s viraliza el eslogan \u2018At\u00e1jenla que me Debe\u2019 Santo Domingo, RD. ADC\u00a0-El galardonado Merengue y Merenguero del a\u00f1o en \u201cPremios Soberano\u201d, H\u00e9ctor Acosta (El Torito) estrena su primer tema del 2026, se trata de un bailable, jocoso y contagioso merengue titulado \u201cLa M\u00e1s Dura\u201d el que de inmediato genera seguidilla. El mambero Nelson de la [&hellip;]<\/p>\n","protected":false},"author":2,"featured_media":51020,"comment_status":"open","ping_status":"open","sticky":false,"template":"","format":"standard","meta":{"footnotes":""},"categories":[222],"tags":[3146,3440,15226],"class_list":{"0":"post-51019","1":"post","2":"type-post","3":"status-publish","4":"format-standard","5":"has-post-thumbnail","7":"category-arte-y-espectaculos","8":"tag-el-torito","9":"tag-hector-acosta","10":"tag-la-mas-dura"},"yoast_head":"<!-- This site is optimized with the Yoast SEO plugin v24.9 - https:\/\/yoast.com\/wordpress\/plugins\/seo\/ -->\n<title>H\u00e9ctor Acosta (El Torito) lanza el merengue in\u00e9dito \u201cLa M\u00e1s Dura\u201d. - BLG Noticias<\/title>\n<meta name=\"robots\" content=\"index, follow, max-snippet:-1, max-image-preview:large, max-video-preview:-1\" \/>\n<link rel=\"canonical\" href=\"https:\/\/blgnoticiassantodomingo.net\/index.php\/2026\/04\/27\/hector-acosta-el-torito-lanza-el-merengue-inedito-la-mas-dura\/\" \/>\n<meta property=\"og:locale\" content=\"es_ES\" \/>\n<meta property=\"og:type\" content=\"article\" \/>\n<meta property=\"og:title\" content=\"H\u00e9ctor Acosta (El Torito) lanza el merengue in\u00e9dito \u201cLa M\u00e1s Dura\u201d. - BLG Noticias\" \/>\n<meta property=\"og:description\" content=\"Adem\u00e1s viraliza el eslogan \u2018At\u00e1jenla que me Debe\u2019 Santo Domingo, RD. ADC\u00a0-El galardonado Merengue y Merenguero del a\u00f1o en \u201cPremios Soberano\u201d, H\u00e9ctor Acosta (El Torito) estrena su primer tema del 2026, se trata de un bailable, jocoso y contagioso merengue titulado \u201cLa M\u00e1s Dura\u201d el que de inmediato genera seguidilla. El mambero Nelson de la [&hellip;]\" \/>\n<meta property=\"og:url\" content=\"https:\/\/blgnoticiassantodomingo.net\/index.php\/2026\/04\/27\/hector-acosta-el-torito-lanza-el-merengue-inedito-la-mas-dura\/\" \/>\n<meta property=\"og:site_name\" content=\"BLG Noticias\" \/>\n<meta property=\"article:publisher\" content=\"https:\/\/web.facebook.com\/BlgNoticias\/?locale=es_LA&amp;_rdc=1&amp;_rdr\" \/>\n<meta property=\"article:published_time\" content=\"2026-04-27T16:52:56+00:00\" \/>\n<meta property=\"article:modified_time\" content=\"2026-04-27T16:53:01+00:00\" \/>\n<meta property=\"og:image\" content=\"http:\/\/blgnoticiassantodomingo.net\/wp-content\/uploads\/2026\/04\/El-Torito-La-Mas-Dura.jpg\" \/>\n\t<meta property=\"og:image:width\" content=\"1254\" \/>\n\t<meta property=\"og:image:height\" content=\"1254\" \/>\n\t<meta property=\"og:image:type\" content=\"image\/jpeg\" \/>\n<meta name=\"author\" content=\"Brenda Guerrero\" \/>\n<meta name=\"twitter:card\" content=\"summary_large_image\" \/>\n<meta name=\"twitter:creator\" content=\"@BlgNoticias\" \/>\n<meta name=\"twitter:site\" content=\"@BlgNoticias\" \/>\n<meta name=\"twitter:label1\" content=\"Escrito por\" \/>\n\t<meta name=\"twitter:data1\" content=\"Brenda Guerrero\" \/>\n\t<meta name=\"twitter:label2\" content=\"Tiempo de lectura\" \/>\n\t<meta name=\"twitter:data2\" content=\"2 minutos\" \/>\n<script type=\"application\/ld+json\" class=\"yoast-schema-graph\">{\"@context\":\"https:\/\/schema.org\",\"@graph\":[{\"@type\":\"Article\",\"@id\":\"https:\/\/blgnoticiassantodomingo.net\/index.php\/2026\/04\/27\/hector-acosta-el-torito-lanza-el-merengue-inedito-la-mas-dura\/#article\",\"isPartOf\":{\"@id\":\"https:\/\/blgnoticiassantodomingo.net\/index.php\/2026\/04\/27\/hector-acosta-el-torito-lanza-el-merengue-inedito-la-mas-dura\/\"},\"author\":{\"name\":\"Brenda Guerrero\",\"@id\":\"https:\/\/blgnoticiassantodomingo.net\/#\/schema\/person\/e2fc21cf88acc63dbd134be981bff374\"},\"headline\":\"H\u00e9ctor Acosta (El Torito) lanza el merengue in\u00e9dito \u201cLa M\u00e1s Dura\u201d.\",\"datePublished\":\"2026-04-27T16:52:56+00:00\",\"dateModified\":\"2026-04-27T16:53:01+00:00\",\"mainEntityOfPage\":{\"@id\":\"https:\/\/blgnoticiassantodomingo.net\/index.php\/2026\/04\/27\/hector-acosta-el-torito-lanza-el-merengue-inedito-la-mas-dura\/\"},\"wordCount\":304,\"commentCount\":0,\"publisher\":{\"@id\":\"https:\/\/blgnoticiassantodomingo.net\/#organization\"},\"image\":{\"@id\":\"https:\/\/blgnoticiassantodomingo.net\/index.php\/2026\/04\/27\/hector-acosta-el-torito-lanza-el-merengue-inedito-la-mas-dura\/#primaryimage\"},\"thumbnailUrl\":\"https:\/\/blgnoticiassantodomingo.net\/wp-content\/uploads\/2026\/04\/El-Torito-La-Mas-Dura.jpg\",\"keywords\":[\"El Torito\",\"H\u00e9ctor Acosta\",\"La M\u00e1s Dura\"],\"articleSection\":[\"Arte y Espectaculos\"],\"inLanguage\":\"es\",\"potentialAction\":[{\"@type\":\"CommentAction\",\"name\":\"Comment\",\"target\":[\"https:\/\/blgnoticiassantodomingo.net\/index.php\/2026\/04\/27\/hector-acosta-el-torito-lanza-el-merengue-inedito-la-mas-dura\/#respond\"]}]},{\"@type\":\"WebPage\",\"@id\":\"https:\/\/blgnoticiassantodomingo.net\/index.php\/2026\/04\/27\/hector-acosta-el-torito-lanza-el-merengue-inedito-la-mas-dura\/\",\"url\":\"https:\/\/blgnoticiassantodomingo.net\/index.php\/2026\/04\/27\/hector-acosta-el-torito-lanza-el-merengue-inedito-la-mas-dura\/\",\"name\":\"H\u00e9ctor Acosta (El Torito) lanza el merengue in\u00e9dito \u201cLa M\u00e1s Dura\u201d. - BLG Noticias\",\"isPartOf\":{\"@id\":\"https:\/\/blgnoticiassantodomingo.net\/#website\"},\"primaryImageOfPage\":{\"@id\":\"https:\/\/blgnoticiassantodomingo.net\/index.php\/2026\/04\/27\/hector-acosta-el-torito-lanza-el-merengue-inedito-la-mas-dura\/#primaryimage\"},\"image\":{\"@id\":\"https:\/\/blgnoticiassantodomingo.net\/index.php\/2026\/04\/27\/hector-acosta-el-torito-lanza-el-merengue-inedito-la-mas-dura\/#primaryimage\"},\"thumbnailUrl\":\"https:\/\/blgnoticiassantodomingo.net\/wp-content\/uploads\/2026\/04\/El-Torito-La-Mas-Dura.jpg\",\"datePublished\":\"2026-04-27T16:52:56+00:00\",\"dateModified\":\"2026-04-27T16:53:01+00:00\",\"breadcrumb\":{\"@id\":\"https:\/\/blgnoticiassantodomingo.net\/index.php\/2026\/04\/27\/hector-acosta-el-torito-lanza-el-merengue-inedito-la-mas-dura\/#breadcrumb\"},\"inLanguage\":\"es\",\"potentialAction\":[{\"@type\":\"ReadAction\",\"target\":[\"https:\/\/blgnoticiassantodomingo.net\/index.php\/2026\/04\/27\/hector-acosta-el-torito-lanza-el-merengue-inedito-la-mas-dura\/\"]}]},{\"@type\":\"ImageObject\",\"inLanguage\":\"es\",\"@id\":\"https:\/\/blgnoticiassantodomingo.net\/index.php\/2026\/04\/27\/hector-acosta-el-torito-lanza-el-merengue-inedito-la-mas-dura\/#primaryimage\",\"url\":\"https:\/\/blgnoticiassantodomingo.net\/wp-content\/uploads\/2026\/04\/El-Torito-La-Mas-Dura.jpg\",\"contentUrl\":\"https:\/\/blgnoticiassantodomingo.net\/wp-content\/uploads\/2026\/04\/El-Torito-La-Mas-Dura.jpg\",\"width\":1254,\"height\":1254},{\"@type\":\"BreadcrumbList\",\"@id\":\"https:\/\/blgnoticiassantodomingo.net\/index.php\/2026\/04\/27\/hector-acosta-el-torito-lanza-el-merengue-inedito-la-mas-dura\/#breadcrumb\",\"itemListElement\":[{\"@type\":\"ListItem\",\"position\":1,\"name\":\"Portada\",\"item\":\"https:\/\/blgnoticiassantodomingo.net\/\"},{\"@type\":\"ListItem\",\"position\":2,\"name\":\"H\u00e9ctor Acosta (El Torito) lanza el merengue in\u00e9dito \u201cLa M\u00e1s Dura\u201d.\"}]},{\"@type\":\"WebSite\",\"@id\":\"https:\/\/blgnoticiassantodomingo.net\/#website\",\"url\":\"https:\/\/blgnoticiassantodomingo.net\/\",\"name\":\"BLG Noticias\",\"description\":\"Esto es Noticias\",\"publisher\":{\"@id\":\"https:\/\/blgnoticiassantodomingo.net\/#organization\"},\"potentialAction\":[{\"@type\":\"SearchAction\",\"target\":{\"@type\":\"EntryPoint\",\"urlTemplate\":\"https:\/\/blgnoticiassantodomingo.net\/?s={search_term_string}\"},\"query-input\":{\"@type\":\"PropertyValueSpecification\",\"valueRequired\":true,\"valueName\":\"search_term_string\"}}],\"inLanguage\":\"es\"},{\"@type\":\"Organization\",\"@id\":\"https:\/\/blgnoticiassantodomingo.net\/#organization\",\"name\":\"BLG Noticias\",\"url\":\"https:\/\/blgnoticiassantodomingo.net\/\",\"logo\":{\"@type\":\"ImageObject\",\"inLanguage\":\"es\",\"@id\":\"https:\/\/blgnoticiassantodomingo.net\/#\/schema\/logo\/image\/\",\"url\":\"https:\/\/blgnoticiassantodomingo.net\/wp-content\/uploads\/2023\/12\/Diseno-sin-titulo-3.jpg\",\"contentUrl\":\"https:\/\/blgnoticiassantodomingo.net\/wp-content\/uploads\/2023\/12\/Diseno-sin-titulo-3.jpg\",\"width\":500,\"height\":500,\"caption\":\"BLG Noticias\"},\"image\":{\"@id\":\"https:\/\/blgnoticiassantodomingo.net\/#\/schema\/logo\/image\/\"},\"sameAs\":[\"https:\/\/web.facebook.com\/BlgNoticias\/?locale=es_LA&_rdc=1&_rdr\",\"https:\/\/x.com\/BlgNoticias\",\"https:\/\/www.linkedin.com\/in\/brenda-l-santana-aa846279\/\"]},{\"@type\":\"Person\",\"@id\":\"https:\/\/blgnoticiassantodomingo.net\/#\/schema\/person\/e2fc21cf88acc63dbd134be981bff374\",\"name\":\"Brenda Guerrero\",\"image\":{\"@type\":\"ImageObject\",\"inLanguage\":\"es\",\"@id\":\"https:\/\/blgnoticiassantodomingo.net\/#\/schema\/person\/image\/\",\"url\":\"https:\/\/secure.gravatar.com\/avatar\/2f7fc4c3e3655be1580cb684bfd8ab19be702ae20879da1e072021daa02f9b8b?s=96&d=wp_user_avatar&r=g\",\"contentUrl\":\"https:\/\/secure.gravatar.com\/avatar\/2f7fc4c3e3655be1580cb684bfd8ab19be702ae20879da1e072021daa02f9b8b?s=96&d=wp_user_avatar&r=g\",\"caption\":\"Brenda Guerrero\"},\"description\":\"Periodista\",\"url\":\"https:\/\/blgnoticiassantodomingo.net\/index.php\/author\/brenda-guerrero\/\"}]}<\/script>\n<!-- \/ Yoast SEO plugin. -->","yoast_head_json":{"title":"H\u00e9ctor Acosta (El Torito) lanza el merengue in\u00e9dito \u201cLa M\u00e1s Dura\u201d. - BLG Noticias","robots":{"index":"index","follow":"follow","max-snippet":"max-snippet:-1","max-image-preview":"max-image-preview:large","max-video-preview":"max-video-preview:-1"},"canonical":"https:\/\/blgnoticiassantodomingo.net\/index.php\/2026\/04\/27\/hector-acosta-el-torito-lanza-el-merengue-inedito-la-mas-dura\/","og_locale":"es_ES","og_type":"article","og_title":"H\u00e9ctor Acosta (El Torito) lanza el merengue in\u00e9dito \u201cLa M\u00e1s Dura\u201d. - BLG Noticias","og_description":"Adem\u00e1s viraliza el eslogan \u2018At\u00e1jenla que me Debe\u2019 Santo Domingo, RD. ADC\u00a0-El galardonado Merengue y Merenguero del a\u00f1o en \u201cPremios Soberano\u201d, H\u00e9ctor Acosta (El Torito) estrena su primer tema del 2026, se trata de un bailable, jocoso y contagioso merengue titulado \u201cLa M\u00e1s Dura\u201d el que de inmediato genera seguidilla. El mambero Nelson de la [&hellip;]","og_url":"https:\/\/blgnoticiassantodomingo.net\/index.php\/2026\/04\/27\/hector-acosta-el-torito-lanza-el-merengue-inedito-la-mas-dura\/","og_site_name":"BLG Noticias","article_publisher":"https:\/\/web.facebook.com\/BlgNoticias\/?locale=es_LA&_rdc=1&_rdr","article_published_time":"2026-04-27T16:52:56+00:00","article_modified_time":"2026-04-27T16:53:01+00:00","og_image":[{"width":1254,"height":1254,"url":"http:\/\/blgnoticiassantodomingo.net\/wp-content\/uploads\/2026\/04\/El-Torito-La-Mas-Dura.jpg","type":"image\/jpeg"}],"author":"Brenda Guerrero","twitter_card":"summary_large_image","twitter_creator":"@BlgNoticias","twitter_site":"@BlgNoticias","twitter_misc":{"Escrito por":"Brenda Guerrero","Tiempo de lectura":"2 minutos"},"schema":{"@context":"https:\/\/schema.org","@graph":[{"@type":"Article","@id":"https:\/\/blgnoticiassantodomingo.net\/index.php\/2026\/04\/27\/hector-acosta-el-torito-lanza-el-merengue-inedito-la-mas-dura\/#article","isPartOf":{"@id":"https:\/\/blgnoticiassantodomingo.net\/index.php\/2026\/04\/27\/hector-acosta-el-torito-lanza-el-merengue-inedito-la-mas-dura\/"},"author":{"name":"Brenda Guerrero","@id":"https:\/\/blgnoticiassantodomingo.net\/#\/schema\/person\/e2fc21cf88acc63dbd134be981bff374"},"headline":"H\u00e9ctor Acosta (El Torito) lanza el merengue in\u00e9dito \u201cLa M\u00e1s Dura\u201d.","datePublished":"2026-04-27T16:52:56+00:00","dateModified":"2026-04-27T16:53:01+00:00","mainEntityOfPage":{"@id":"https:\/\/blgnoticiassantodomingo.net\/index.php\/2026\/04\/27\/hector-acosta-el-torito-lanza-el-merengue-inedito-la-mas-dura\/"},"wordCount":304,"commentCount":0,"publisher":{"@id":"https:\/\/blgnoticiassantodomingo.net\/#organization"},"image":{"@id":"https:\/\/blgnoticiassantodomingo.net\/index.php\/2026\/04\/27\/hector-acosta-el-torito-lanza-el-merengue-inedito-la-mas-dura\/#primaryimage"},"thumbnailUrl":"https:\/\/blgnoticiassantodomingo.net\/wp-content\/uploads\/2026\/04\/El-Torito-La-Mas-Dura.jpg","keywords":["El Torito","H\u00e9ctor Acosta","La M\u00e1s Dura"],"articleSection":["Arte y Espectaculos"],"inLanguage":"es","potentialAction":[{"@type":"CommentAction","name":"Comment","target":["https:\/\/blgnoticiassantodomingo.net\/index.php\/2026\/04\/27\/hector-acosta-el-torito-lanza-el-merengue-inedito-la-mas-dura\/#respond"]}]},{"@type":"WebPage","@id":"https:\/\/blgnoticiassantodomingo.net\/index.php\/2026\/04\/27\/hector-acosta-el-torito-lanza-el-merengue-inedito-la-mas-dura\/","url":"https:\/\/blgnoticiassantodomingo.net\/index.php\/2026\/04\/27\/hector-acosta-el-torito-lanza-el-merengue-inedito-la-mas-dura\/","name":"H\u00e9ctor Acosta (El Torito) lanza el merengue in\u00e9dito \u201cLa M\u00e1s Dura\u201d. - BLG Noticias","isPartOf":{"@id":"https:\/\/blgnoticiassantodomingo.net\/#website"},"primaryImageOfPage":{"@id":"https:\/\/blgnoticiassantodomingo.net\/index.php\/2026\/04\/27\/hector-acosta-el-torito-lanza-el-merengue-inedito-la-mas-dura\/#primaryimage"},"image":{"@id":"https:\/\/blgnoticiassantodomingo.net\/index.php\/2026\/04\/27\/hector-acosta-el-torito-lanza-el-merengue-inedito-la-mas-dura\/#primaryimage"},"thumbnailUrl":"https:\/\/blgnoticiassantodomingo.net\/wp-content\/uploads\/2026\/04\/El-Torito-La-Mas-Dura.jpg","datePublished":"2026-04-27T16:52:56+00:00","dateModified":"2026-04-27T16:53:01+00:00","breadcrumb":{"@id":"https:\/\/blgnoticiassantodomingo.net\/index.php\/2026\/04\/27\/hector-acosta-el-torito-lanza-el-merengue-inedito-la-mas-dura\/#breadcrumb"},"inLanguage":"es","potentialAction":[{"@type":"ReadAction","target":["https:\/\/blgnoticiassantodomingo.net\/index.php\/2026\/04\/27\/hector-acosta-el-torito-lanza-el-merengue-inedito-la-mas-dura\/"]}]},{"@type":"ImageObject","inLanguage":"es","@id":"https:\/\/blgnoticiassantodomingo.net\/index.php\/2026\/04\/27\/hector-acosta-el-torito-lanza-el-merengue-inedito-la-mas-dura\/#primaryimage","url":"https:\/\/blgnoticiassantodomingo.net\/wp-content\/uploads\/2026\/04\/El-Torito-La-Mas-Dura.jpg","contentUrl":"https:\/\/blgnoticiassantodomingo.net\/wp-content\/uploads\/2026\/04\/El-Torito-La-Mas-Dura.jpg","width":1254,"height":1254},{"@type":"BreadcrumbList","@id":"https:\/\/blgnoticiassantodomingo.net\/index.php\/2026\/04\/27\/hector-acosta-el-torito-lanza-el-merengue-inedito-la-mas-dura\/#breadcrumb","itemListElement":[{"@type":"ListItem","position":1,"name":"Portada","item":"https:\/\/blgnoticiassantodomingo.net\/"},{"@type":"ListItem","position":2,"name":"H\u00e9ctor Acosta (El Torito) lanza el merengue in\u00e9dito \u201cLa M\u00e1s Dura\u201d."}]},{"@type":"WebSite","@id":"https:\/\/blgnoticiassantodomingo.net\/#website","url":"https:\/\/blgnoticiassantodomingo.net\/","name":"BLG Noticias","description":"Esto es Noticias","publisher":{"@id":"https:\/\/blgnoticiassantodomingo.net\/#organization"},"potentialAction":[{"@type":"SearchAction","target":{"@type":"EntryPoint","urlTemplate":"https:\/\/blgnoticiassantodomingo.net\/?s={search_term_string}"},"query-input":{"@type":"PropertyValueSpecification","valueRequired":true,"valueName":"search_term_string"}}],"inLanguage":"es"},{"@type":"Organization","@id":"https:\/\/blgnoticiassantodomingo.net\/#organization","name":"BLG Noticias","url":"https:\/\/blgnoticiassantodomingo.net\/","logo":{"@type":"ImageObject","inLanguage":"es","@id":"https:\/\/blgnoticiassantodomingo.net\/#\/schema\/logo\/image\/","url":"https:\/\/blgnoticiassantodomingo.net\/wp-content\/uploads\/2023\/12\/Diseno-sin-titulo-3.jpg","contentUrl":"https:\/\/blgnoticiassantodomingo.net\/wp-content\/uploads\/2023\/12\/Diseno-sin-titulo-3.jpg","width":500,"height":500,"caption":"BLG Noticias"},"image":{"@id":"https:\/\/blgnoticiassantodomingo.net\/#\/schema\/logo\/image\/"},"sameAs":["https:\/\/web.facebook.com\/BlgNoticias\/?locale=es_LA&_rdc=1&_rdr","https:\/\/x.com\/BlgNoticias","https:\/\/www.linkedin.com\/in\/brenda-l-santana-aa846279\/"]},{"@type":"Person","@id":"https:\/\/blgnoticiassantodomingo.net\/#\/schema\/person\/e2fc21cf88acc63dbd134be981bff374","name":"Brenda Guerrero","image":{"@type":"ImageObject","inLanguage":"es","@id":"https:\/\/blgnoticiassantodomingo.net\/#\/schema\/person\/image\/","url":"https:\/\/secure.gravatar.com\/avatar\/2f7fc4c3e3655be1580cb684bfd8ab19be702ae20879da1e072021daa02f9b8b?s=96&d=wp_user_avatar&r=g","contentUrl":"https:\/\/secure.gravatar.com\/avatar\/2f7fc4c3e3655be1580cb684bfd8ab19be702ae20879da1e072021daa02f9b8b?s=96&d=wp_user_avatar&r=g","caption":"Brenda Guerrero"},"description":"Periodista","url":"https:\/\/blgnoticiassantodomingo.net\/index.php\/author\/brenda-guerrero\/"}]}},"jetpack_featured_media_url":"https:\/\/blgnoticiassantodomingo.net\/wp-content\/uploads\/2026\/04\/El-Torito-La-Mas-Dura.jpg","_links":{"self":[{"href":"https:\/\/blgnoticiassantodomingo.net\/index.php\/wp-json\/wp\/v2\/posts\/51019","targetHints":{"allow":["GET"]}}],"collection":[{"href":"https:\/\/blgnoticiassantodomingo.net\/index.php\/wp-json\/wp\/v2\/posts"}],"about":[{"href":"https:\/\/blgnoticiassantodomingo.net\/index.php\/wp-json\/wp\/v2\/types\/post"}],"author":[{"embeddable":true,"href":"https:\/\/blgnoticiassantodomingo.net\/index.php\/wp-json\/wp\/v2\/users\/2"}],"replies":[{"embeddable":true,"href":"https:\/\/blgnoticiassantodomingo.net\/index.php\/wp-json\/wp\/v2\/comments?post=51019"}],"version-history":[{"count":1,"href":"https:\/\/blgnoticiassantodomingo.net\/index.php\/wp-json\/wp\/v2\/posts\/51019\/revisions"}],"predecessor-version":[{"id":51021,"href":"https:\/\/blgnoticiassantodomingo.net\/index.php\/wp-json\/wp\/v2\/posts\/51019\/revisions\/51021"}],"wp:featuredmedia":[{"embeddable":true,"href":"https:\/\/blgnoticiassantodomingo.net\/index.php\/wp-json\/wp\/v2\/media\/51020"}],"wp:attachment":[{"href":"https:\/\/blgnoticiassantodomingo.net\/index.php\/wp-json\/wp\/v2\/media?parent=51019"}],"wp:term":[{"taxonomy":"category","embeddable":true,"href":"https:\/\/blgnoticiassantodomingo.net\/index.php\/wp-json\/wp\/v2\/categories?post=51019"},{"taxonomy":"post_tag","embeddable":true,"href":"https:\/\/blgnoticiassantodomingo.net\/index.php\/wp-json\/wp\/v2\/tags?post=51019"}],"curies":[{"name":"wp","href":"https:\/\/api.w.org\/{rel}","templated":true}]}}