{"id":51014,"date":"2026-04-27T12:44:04","date_gmt":"2026-04-27T16:44:04","guid":{"rendered":"https:\/\/blgnoticiassantodomingo.net\/?p=51014"},"modified":"2026-04-27T12:44:09","modified_gmt":"2026-04-27T16:44:09","slug":"senado-reconoce-en-santiago-a-destacadas-figuras-del-arte-y-la-cultura-de-la-region-del-cibao","status":"publish","type":"post","link":"https:\/\/blgnoticiassantodomingo.net\/index.php\/2026\/04\/27\/senado-reconoce-en-santiago-a-destacadas-figuras-del-arte-y-la-cultura-de-la-region-del-cibao\/","title":{"rendered":"Senado reconoce en Santiago a destacadas figuras del arte y la cultura de la regi\u00f3n del Cibao"},"content":{"rendered":"\n<p>\u00a0<br>\u00a0<br><strong>Por Elvis Castro Hern\u00e1ndez<\/strong><\/p>\n\n\n\n<p>SANTIAGO. &#8211; En una noche memorable, el Senado de la Rep\u00fablica en coordinaci\u00f3n con el Ministerio de Cultura, rindi\u00f3 tributo a destacadas figuras del arte y la cultura de la regi\u00f3n norte del pa\u00eds, durante la Gala de reconocimientos<strong> \u201cRa\u00edces vivas de la cultura del Cibao\u201d,<\/strong> evento que fue celebrado en Santiago de los Caballeros en el marco de la Feria Regional del Libro y la Cultura Cibao 2026.<br>\u00a0<br>El acto de reconocimiento se llev\u00f3 a cabo en la sala La Restauraci\u00f3n del Gran Teatro del Cibao, con el objetivo de valorar, visibilizar y legitimar el aporte de las personalidades que han fortalecido desde sus provincias la identidad de la Rep\u00fablica Dominicana.<br>\u00a0<br>Las palabras centrales estuvieron a cargo del presidente del Senado, Ricardo de los Santos, quien manifest\u00f3 su alegr\u00eda y satisfacci\u00f3n de ser participe de un \u201cmomento hist\u00f3rico en el cual se reconoce con dignidad el talento, la formaci\u00f3n y la entrega de tantos artistas valiosos que con esfuerzo han contribuido a dinamizar, robustecer y exaltar atrav\u00e9s del arte, la identidad del pa\u00eds\u201d.<br>\u00a0<br>\u00abGracias por el esfuerzo y el trabajo tesonero de cada uno de ustedes y por servir de buen ejemplo a las presentes y futuras generaciones. Como expres\u00f3 Pedro Henr\u00edquez Ure\u00f1a: solo la cultura salva a los pueblos\u00bb, dijo el legislador.<\/p>\n\n\n\n<figure class=\"wp-block-image size-large\"><img decoding=\"async\" width=\"682\" height=\"1024\" src=\"https:\/\/blgnoticiassantodomingo.net\/wp-content\/uploads\/2026\/04\/WhatsApp-Image-2026-04-25-at-10.16.36-AM-682x1024.jpeg\" alt=\"\" class=\"wp-image-51016\" srcset=\"https:\/\/blgnoticiassantodomingo.net\/wp-content\/uploads\/2026\/04\/WhatsApp-Image-2026-04-25-at-10.16.36-AM-682x1024.jpeg 682w, https:\/\/blgnoticiassantodomingo.net\/wp-content\/uploads\/2026\/04\/WhatsApp-Image-2026-04-25-at-10.16.36-AM-200x300.jpeg 200w, https:\/\/blgnoticiassantodomingo.net\/wp-content\/uploads\/2026\/04\/WhatsApp-Image-2026-04-25-at-10.16.36-AM-768x1154.jpeg 768w, https:\/\/blgnoticiassantodomingo.net\/wp-content\/uploads\/2026\/04\/WhatsApp-Image-2026-04-25-at-10.16.36-AM-280x420.jpeg 280w, https:\/\/blgnoticiassantodomingo.net\/wp-content\/uploads\/2026\/04\/WhatsApp-Image-2026-04-25-at-10.16.36-AM-150x225.jpeg 150w, https:\/\/blgnoticiassantodomingo.net\/wp-content\/uploads\/2026\/04\/WhatsApp-Image-2026-04-25-at-10.16.36-AM-300x451.jpeg 300w, https:\/\/blgnoticiassantodomingo.net\/wp-content\/uploads\/2026\/04\/WhatsApp-Image-2026-04-25-at-10.16.36-AM-696x1046.jpeg 696w, https:\/\/blgnoticiassantodomingo.net\/wp-content\/uploads\/2026\/04\/WhatsApp-Image-2026-04-25-at-10.16.36-AM.jpeg 852w\" sizes=\"(max-width: 682px) 100vw, 682px\" \/><\/figure>\n\n\n\n<p>En tanto que el ministro de Cultura, Roberto \u00c1ngel Salcedo, reconoci\u00f3 el esp\u00edritu, \u00a0la buena actitud y la mejor intenci\u00f3n que demostr\u00f3 el presidente del Senado, Ricardo de los Santos al momento de proponerle que el \u00f3rgano legislativo formara parte de la Feria Regional del Libro y la Cultura Cibao 2026, con la realizaci\u00f3n de la Gala de reconocimientos Ra\u00edces Vivas de la Cultura del Cibao.<br>\u00a0<br>\u00abSi hoy tenemos la oportunidad de reconocer a estas figuras prominentes de la cultura y el arte nacional y en espec\u00edfico de la regi\u00f3n del Cibao, se debe a la determinaci\u00f3n de Ricardo de los Santos y el cuerpo legislativo que honra a la Rep\u00fablica Dominicana\u00bb, se\u00f1al\u00f3 el funcionario.<br>\u00a0<br>Al respecto, el presidente de la Comisi\u00f3n de Cultura de la C\u00e1mara Alta, senador Carlos G\u00f3mez, subray\u00f3 que con estos reconocimientos los nombres de estos artistas quedan escritos en la memoria institucional de la naci\u00f3n, \u00abaunque sus legados ya est\u00e1n estampados en la memoria y el coraz\u00f3n del pueblo dominicano\u00bb.<br>\u00a0<br>\u00abAnte sus familiares, amigos y allegados, queremos decirles: gracias por persistir, gracias por imaginar, gracias por crear mundos donde otros solo vieron l\u00edmites, muchas felicidades\u00bb, dijo el senador Carlos G\u00f3mez.<\/p>\n\n\n\n<p><br>\u00a0Entre las figuras que fueron reconocidas est\u00e1 Juan Francisco de Jes\u00fas V\u00e1squez Acosta (Juampa), por su destacada trayectoria de m\u00e1s de cuatro d\u00e9cadas y sus valiosos aportes a la preservaci\u00f3n de la memoria hist\u00f3rica del arte y la cultura dominicana a trav\u00e9s del folklore nacional y el carnaval dominicano.<\/p>\n\n\n\n<figure class=\"wp-block-image size-large\"><img decoding=\"async\" width=\"1024\" height=\"681\" src=\"https:\/\/blgnoticiassantodomingo.net\/wp-content\/uploads\/2026\/04\/WhatsApp-Image-2026-04-25-at-10.16.35-AM-1024x681.jpeg\" alt=\"\" class=\"wp-image-51017\" srcset=\"https:\/\/blgnoticiassantodomingo.net\/wp-content\/uploads\/2026\/04\/WhatsApp-Image-2026-04-25-at-10.16.35-AM-1024x681.jpeg 1024w, https:\/\/blgnoticiassantodomingo.net\/wp-content\/uploads\/2026\/04\/WhatsApp-Image-2026-04-25-at-10.16.35-AM-300x200.jpeg 300w, https:\/\/blgnoticiassantodomingo.net\/wp-content\/uploads\/2026\/04\/WhatsApp-Image-2026-04-25-at-10.16.35-AM-768x511.jpeg 768w, https:\/\/blgnoticiassantodomingo.net\/wp-content\/uploads\/2026\/04\/WhatsApp-Image-2026-04-25-at-10.16.35-AM-1536x1021.jpeg 1536w, https:\/\/blgnoticiassantodomingo.net\/wp-content\/uploads\/2026\/04\/WhatsApp-Image-2026-04-25-at-10.16.35-AM-632x420.jpeg 632w, https:\/\/blgnoticiassantodomingo.net\/wp-content\/uploads\/2026\/04\/WhatsApp-Image-2026-04-25-at-10.16.35-AM-150x100.jpeg 150w, https:\/\/blgnoticiassantodomingo.net\/wp-content\/uploads\/2026\/04\/WhatsApp-Image-2026-04-25-at-10.16.35-AM-696x463.jpeg 696w, https:\/\/blgnoticiassantodomingo.net\/wp-content\/uploads\/2026\/04\/WhatsApp-Image-2026-04-25-at-10.16.35-AM-1068x710.jpeg 1068w, https:\/\/blgnoticiassantodomingo.net\/wp-content\/uploads\/2026\/04\/WhatsApp-Image-2026-04-25-at-10.16.35-AM.jpeg 1600w\" sizes=\"(max-width: 1024px) 100vw, 1024px\" \/><\/figure>\n\n\n\n<p>Juampa, oriundo de Cotu\u00ed, provincia S\u00e1nchez Ramirez, es un destacado gestor y animador cultural, quien confecciona disfraces de carnaval introduciendo elementos que fomentan la identidad nacional, con los cuales ha representado al pa\u00eds a nivel internacional.<br>&nbsp;<br>La C\u00e1mara Alta tambi\u00e9n reconoci\u00f3 al pintor y escultor de la provincia Santiago, Jacinto Dom\u00ednguez, por su trayectoria y sus aportes a la cultura, quien a trav\u00e9s de sus obras alude a los &nbsp;paisajes locales.<\/p>\n\n\n\n<p>De igual forma recibi\u00f3 lauros el pintor y escultor Hugo Antonio Mata Ure\u00f1a, de Espaillat, por su invaluable aporte a la conservaci\u00f3n de la memoria hist\u00f3rica del arte dominicano a trav\u00e9s de sus pinturas.<br>Por su &nbsp;expresi\u00f3n r\u00fastica y su alineaci\u00f3n con el campo ha sido reconocido como \u00abel padre del costumbrismo moderno\u00bb y \u201cel poeta de los atardeceres\u201d.<br>&nbsp;<br>Adem\u00e1s, fue reconocida la destacada escritora dominicana Elda Ramos, de la provincia Hermanas Mirabal, por su destacada trayectoria literaria y educativa, y sus valiosos aportes a la promoci\u00f3n de la cultura, la literatura dominicana y la investigaci\u00f3n hist\u00f3rica.<\/p>\n\n\n\n<p>Asimismo, fue distinguido el acordeonista, Krency Garc\u00eda (El Prodigio), por su trayectoria y sus aportes a la m\u00fasica t\u00edpica de la Rep\u00fablica Dominicana en favor de la cultura y la identidad nacional. El artista, nativo de Cabrera, provincia Mar\u00eda Trinidad S\u00e1nchez, se ha consagrado como uno de los cantantes m\u00e1s relevantes del g\u00e9nero y es reconocido por ser el pionero en la fusi\u00f3n del merengue t\u00edpico con g\u00e9neros como el jazz.<\/p>\n\n\n\n<p>Otras personalidades reconocidas fueron &nbsp;Dustin Mu\u00f1oz (filosofo, pintor y escultor) de Dajab\u00f3n; Jos\u00e9 Lantigua Cruz &#8211; Bule (artesano, educador y gestor cultural), de La Vega; Facundo Pe\u00f1a (M\u00fasico y compositor de merengue t\u00edpico), de Puerto Plata.<br>&nbsp;<br>Tambi\u00e9n Francisco Jos\u00e9 Mercado Tapia (gestor cultural comunitario), de Monse\u00f1or Nouel; Juan Jos\u00e9 De la Esperanza Col\u00f3n Rodr\u00edguez (Saxofonista, arreglista, escritor e investigador musical), de Valverde; y Manuel Dionicio Peralta Est\u00e9vez (Escultor pict\u00f3rico), de Santiago Rodr\u00edguez.<\/p>\n\n\n\n<p>Previo al evento, mientras los asistentes disfrutaban de un concierto que fue ofrecido por la Orquesta Metropolitana de Santiago, pintores profesionales se apostaron en la explanada frontal del Gran Teatro del Cibao, d\u00f3nde crearon obras de arte con retratos de las figuras homenajeadas.<\/p>\n\n\n\n<p>La Feria Regional del Libro y la Cultura Cibao 2026, que se lleva a cabo del 20 al 26 de abril en el Gran Teatro del Cibao y sus jardines, es un evento organizado por el Ministerio de Cultura y tiene como eje central la integraci\u00f3n cultural y la descentralizaci\u00f3n de las actividades art\u00edsticas en el pa\u00eds, para conectar a las 14 provincias de la regi\u00f3n Norte.<br>\u00a0<br>Adem\u00e1s de Ricardo de los Santos, presidente del Senado, y Carlos G\u00f3mez, estuvieron en la actividad los senadores Daniel Rivera, Odalis Rodr\u00edguez, Antonio Marte, Manuel Mar\u00eda Rodr\u00edguez, Ginnette Bournigal de Jim\u00e9nez, Franklin Romero, H\u00e9ctor Acosta, Alexis Victoria, Mar\u00eda Mercedes Ortiz, y Ram\u00f3n Rogelio Genao.<br>\u00a0<br>Tambi\u00e9n Rosa Mar\u00eda Santos, gobernadora de Santiago; Luisa de la Mota, gobernadora de la Vega; gestores culturales, funcionarios del gobierno, \u00a0y otras autoridades civiles y militares.<br>\u00a0<br><\/p>\n","protected":false},"excerpt":{"rendered":"<p>\u00a0\u00a0Por Elvis Castro Hern\u00e1ndez SANTIAGO. &#8211; En una noche memorable, el Senado de la Rep\u00fablica en coordinaci\u00f3n con el Ministerio de Cultura, rindi\u00f3 tributo a destacadas figuras del arte y la cultura de la regi\u00f3n norte del pa\u00eds, durante la Gala de reconocimientos \u201cRa\u00edces vivas de la cultura del Cibao\u201d, evento que fue celebrado en [&hellip;]<\/p>\n","protected":false},"author":2,"featured_media":51015,"comment_status":"open","ping_status":"open","sticky":false,"template":"","format":"standard","meta":{"footnotes":""},"categories":[220],"tags":[11401,15224,15225,1845,558],"class_list":{"0":"post-51014","1":"post","2":"type-post","3":"status-publish","4":"format-standard","5":"has-post-thumbnail","7":"category-nacionales","8":"tag-el-senado-de-la-republica","9":"tag-feria-regional-del-libro-y-la-cultura-cibao-2026","10":"tag-la-sala-la-restauracion-del-gran-teatro-del-cibao","11":"tag-ministerio-de-cultura","12":"tag-santiago"},"yoast_head":"<!-- This site is optimized with the Yoast SEO plugin v24.9 - https:\/\/yoast.com\/wordpress\/plugins\/seo\/ -->\n<title>Senado reconoce en Santiago a destacadas figuras del arte y la cultura de la regi\u00f3n del Cibao - BLG Noticias<\/title>\n<meta name=\"robots\" content=\"index, follow, max-snippet:-1, max-image-preview:large, max-video-preview:-1\" \/>\n<link rel=\"canonical\" href=\"https:\/\/blgnoticiassantodomingo.net\/index.php\/2026\/04\/27\/senado-reconoce-en-santiago-a-destacadas-figuras-del-arte-y-la-cultura-de-la-region-del-cibao\/\" \/>\n<meta property=\"og:locale\" content=\"es_ES\" \/>\n<meta property=\"og:type\" content=\"article\" \/>\n<meta property=\"og:title\" content=\"Senado reconoce en Santiago a destacadas figuras del arte y la cultura de la regi\u00f3n del Cibao - BLG Noticias\" \/>\n<meta property=\"og:description\" content=\"\u00a0\u00a0Por Elvis Castro Hern\u00e1ndez SANTIAGO. &#8211; En una noche memorable, el Senado de la Rep\u00fablica en coordinaci\u00f3n con el Ministerio de Cultura, rindi\u00f3 tributo a destacadas figuras del arte y la cultura de la regi\u00f3n norte del pa\u00eds, durante la Gala de reconocimientos \u201cRa\u00edces vivas de la cultura del Cibao\u201d, evento que fue celebrado en [&hellip;]\" \/>\n<meta property=\"og:url\" content=\"https:\/\/blgnoticiassantodomingo.net\/index.php\/2026\/04\/27\/senado-reconoce-en-santiago-a-destacadas-figuras-del-arte-y-la-cultura-de-la-region-del-cibao\/\" \/>\n<meta property=\"og:site_name\" content=\"BLG Noticias\" \/>\n<meta property=\"article:publisher\" content=\"https:\/\/web.facebook.com\/BlgNoticias\/?locale=es_LA&amp;_rdc=1&amp;_rdr\" \/>\n<meta property=\"article:published_time\" content=\"2026-04-27T16:44:04+00:00\" \/>\n<meta property=\"article:modified_time\" content=\"2026-04-27T16:44:09+00:00\" \/>\n<meta property=\"og:image\" content=\"http:\/\/blgnoticiassantodomingo.net\/wp-content\/uploads\/2026\/04\/WhatsApp-Image-2026-04-25-at-10.16.34-AM.jpeg\" \/>\n\t<meta property=\"og:image:width\" content=\"1600\" \/>\n\t<meta property=\"og:image:height\" content=\"1064\" \/>\n\t<meta property=\"og:image:type\" content=\"image\/jpeg\" \/>\n<meta name=\"author\" content=\"Brenda Guerrero\" \/>\n<meta name=\"twitter:card\" content=\"summary_large_image\" \/>\n<meta name=\"twitter:creator\" content=\"@BlgNoticias\" \/>\n<meta name=\"twitter:site\" content=\"@BlgNoticias\" \/>\n<meta name=\"twitter:label1\" content=\"Escrito por\" \/>\n\t<meta name=\"twitter:data1\" content=\"Brenda Guerrero\" \/>\n\t<meta name=\"twitter:label2\" content=\"Tiempo de lectura\" \/>\n\t<meta name=\"twitter:data2\" content=\"5 minutos\" \/>\n<script type=\"application\/ld+json\" class=\"yoast-schema-graph\">{\"@context\":\"https:\/\/schema.org\",\"@graph\":[{\"@type\":\"Article\",\"@id\":\"https:\/\/blgnoticiassantodomingo.net\/index.php\/2026\/04\/27\/senado-reconoce-en-santiago-a-destacadas-figuras-del-arte-y-la-cultura-de-la-region-del-cibao\/#article\",\"isPartOf\":{\"@id\":\"https:\/\/blgnoticiassantodomingo.net\/index.php\/2026\/04\/27\/senado-reconoce-en-santiago-a-destacadas-figuras-del-arte-y-la-cultura-de-la-region-del-cibao\/\"},\"author\":{\"name\":\"Brenda Guerrero\",\"@id\":\"https:\/\/blgnoticiassantodomingo.net\/#\/schema\/person\/e2fc21cf88acc63dbd134be981bff374\"},\"headline\":\"Senado reconoce en Santiago a destacadas figuras del arte y la cultura de la regi\u00f3n del Cibao\",\"datePublished\":\"2026-04-27T16:44:04+00:00\",\"dateModified\":\"2026-04-27T16:44:09+00:00\",\"mainEntityOfPage\":{\"@id\":\"https:\/\/blgnoticiassantodomingo.net\/index.php\/2026\/04\/27\/senado-reconoce-en-santiago-a-destacadas-figuras-del-arte-y-la-cultura-de-la-region-del-cibao\/\"},\"wordCount\":1068,\"commentCount\":0,\"publisher\":{\"@id\":\"https:\/\/blgnoticiassantodomingo.net\/#organization\"},\"image\":{\"@id\":\"https:\/\/blgnoticiassantodomingo.net\/index.php\/2026\/04\/27\/senado-reconoce-en-santiago-a-destacadas-figuras-del-arte-y-la-cultura-de-la-region-del-cibao\/#primaryimage\"},\"thumbnailUrl\":\"https:\/\/blgnoticiassantodomingo.net\/wp-content\/uploads\/2026\/04\/WhatsApp-Image-2026-04-25-at-10.16.34-AM.jpeg\",\"keywords\":[\"El Senado de la Rep\u00fablica\",\"Feria Regional del Libro y la Cultura Cibao 2026\",\"la sala La Restauraci\u00f3n del Gran Teatro del Cibao\",\"Ministerio de Cultura\",\"Santiago\"],\"articleSection\":[\"Nacionales\"],\"inLanguage\":\"es\",\"potentialAction\":[{\"@type\":\"CommentAction\",\"name\":\"Comment\",\"target\":[\"https:\/\/blgnoticiassantodomingo.net\/index.php\/2026\/04\/27\/senado-reconoce-en-santiago-a-destacadas-figuras-del-arte-y-la-cultura-de-la-region-del-cibao\/#respond\"]}]},{\"@type\":\"WebPage\",\"@id\":\"https:\/\/blgnoticiassantodomingo.net\/index.php\/2026\/04\/27\/senado-reconoce-en-santiago-a-destacadas-figuras-del-arte-y-la-cultura-de-la-region-del-cibao\/\",\"url\":\"https:\/\/blgnoticiassantodomingo.net\/index.php\/2026\/04\/27\/senado-reconoce-en-santiago-a-destacadas-figuras-del-arte-y-la-cultura-de-la-region-del-cibao\/\",\"name\":\"Senado reconoce en Santiago a destacadas figuras del arte y la cultura de la regi\u00f3n del Cibao - BLG Noticias\",\"isPartOf\":{\"@id\":\"https:\/\/blgnoticiassantodomingo.net\/#website\"},\"primaryImageOfPage\":{\"@id\":\"https:\/\/blgnoticiassantodomingo.net\/index.php\/2026\/04\/27\/senado-reconoce-en-santiago-a-destacadas-figuras-del-arte-y-la-cultura-de-la-region-del-cibao\/#primaryimage\"},\"image\":{\"@id\":\"https:\/\/blgnoticiassantodomingo.net\/index.php\/2026\/04\/27\/senado-reconoce-en-santiago-a-destacadas-figuras-del-arte-y-la-cultura-de-la-region-del-cibao\/#primaryimage\"},\"thumbnailUrl\":\"https:\/\/blgnoticiassantodomingo.net\/wp-content\/uploads\/2026\/04\/WhatsApp-Image-2026-04-25-at-10.16.34-AM.jpeg\",\"datePublished\":\"2026-04-27T16:44:04+00:00\",\"dateModified\":\"2026-04-27T16:44:09+00:00\",\"breadcrumb\":{\"@id\":\"https:\/\/blgnoticiassantodomingo.net\/index.php\/2026\/04\/27\/senado-reconoce-en-santiago-a-destacadas-figuras-del-arte-y-la-cultura-de-la-region-del-cibao\/#breadcrumb\"},\"inLanguage\":\"es\",\"potentialAction\":[{\"@type\":\"ReadAction\",\"target\":[\"https:\/\/blgnoticiassantodomingo.net\/index.php\/2026\/04\/27\/senado-reconoce-en-santiago-a-destacadas-figuras-del-arte-y-la-cultura-de-la-region-del-cibao\/\"]}]},{\"@type\":\"ImageObject\",\"inLanguage\":\"es\",\"@id\":\"https:\/\/blgnoticiassantodomingo.net\/index.php\/2026\/04\/27\/senado-reconoce-en-santiago-a-destacadas-figuras-del-arte-y-la-cultura-de-la-region-del-cibao\/#primaryimage\",\"url\":\"https:\/\/blgnoticiassantodomingo.net\/wp-content\/uploads\/2026\/04\/WhatsApp-Image-2026-04-25-at-10.16.34-AM.jpeg\",\"contentUrl\":\"https:\/\/blgnoticiassantodomingo.net\/wp-content\/uploads\/2026\/04\/WhatsApp-Image-2026-04-25-at-10.16.34-AM.jpeg\",\"width\":1600,\"height\":1064},{\"@type\":\"BreadcrumbList\",\"@id\":\"https:\/\/blgnoticiassantodomingo.net\/index.php\/2026\/04\/27\/senado-reconoce-en-santiago-a-destacadas-figuras-del-arte-y-la-cultura-de-la-region-del-cibao\/#breadcrumb\",\"itemListElement\":[{\"@type\":\"ListItem\",\"position\":1,\"name\":\"Portada\",\"item\":\"https:\/\/blgnoticiassantodomingo.net\/\"},{\"@type\":\"ListItem\",\"position\":2,\"name\":\"Senado reconoce en Santiago a destacadas figuras del arte y la cultura de la regi\u00f3n del Cibao\"}]},{\"@type\":\"WebSite\",\"@id\":\"https:\/\/blgnoticiassantodomingo.net\/#website\",\"url\":\"https:\/\/blgnoticiassantodomingo.net\/\",\"name\":\"BLG Noticias\",\"description\":\"Esto es Noticias\",\"publisher\":{\"@id\":\"https:\/\/blgnoticiassantodomingo.net\/#organization\"},\"potentialAction\":[{\"@type\":\"SearchAction\",\"target\":{\"@type\":\"EntryPoint\",\"urlTemplate\":\"https:\/\/blgnoticiassantodomingo.net\/?s={search_term_string}\"},\"query-input\":{\"@type\":\"PropertyValueSpecification\",\"valueRequired\":true,\"valueName\":\"search_term_string\"}}],\"inLanguage\":\"es\"},{\"@type\":\"Organization\",\"@id\":\"https:\/\/blgnoticiassantodomingo.net\/#organization\",\"name\":\"BLG Noticias\",\"url\":\"https:\/\/blgnoticiassantodomingo.net\/\",\"logo\":{\"@type\":\"ImageObject\",\"inLanguage\":\"es\",\"@id\":\"https:\/\/blgnoticiassantodomingo.net\/#\/schema\/logo\/image\/\",\"url\":\"https:\/\/blgnoticiassantodomingo.net\/wp-content\/uploads\/2023\/12\/Diseno-sin-titulo-3.jpg\",\"contentUrl\":\"https:\/\/blgnoticiassantodomingo.net\/wp-content\/uploads\/2023\/12\/Diseno-sin-titulo-3.jpg\",\"width\":500,\"height\":500,\"caption\":\"BLG Noticias\"},\"image\":{\"@id\":\"https:\/\/blgnoticiassantodomingo.net\/#\/schema\/logo\/image\/\"},\"sameAs\":[\"https:\/\/web.facebook.com\/BlgNoticias\/?locale=es_LA&_rdc=1&_rdr\",\"https:\/\/x.com\/BlgNoticias\",\"https:\/\/www.linkedin.com\/in\/brenda-l-santana-aa846279\/\"]},{\"@type\":\"Person\",\"@id\":\"https:\/\/blgnoticiassantodomingo.net\/#\/schema\/person\/e2fc21cf88acc63dbd134be981bff374\",\"name\":\"Brenda Guerrero\",\"image\":{\"@type\":\"ImageObject\",\"inLanguage\":\"es\",\"@id\":\"https:\/\/blgnoticiassantodomingo.net\/#\/schema\/person\/image\/\",\"url\":\"https:\/\/secure.gravatar.com\/avatar\/2f7fc4c3e3655be1580cb684bfd8ab19be702ae20879da1e072021daa02f9b8b?s=96&d=wp_user_avatar&r=g\",\"contentUrl\":\"https:\/\/secure.gravatar.com\/avatar\/2f7fc4c3e3655be1580cb684bfd8ab19be702ae20879da1e072021daa02f9b8b?s=96&d=wp_user_avatar&r=g\",\"caption\":\"Brenda Guerrero\"},\"description\":\"Periodista\",\"url\":\"https:\/\/blgnoticiassantodomingo.net\/index.php\/author\/brenda-guerrero\/\"}]}<\/script>\n<!-- \/ Yoast SEO plugin. -->","yoast_head_json":{"title":"Senado reconoce en Santiago a destacadas figuras del arte y la cultura de la regi\u00f3n del Cibao - BLG Noticias","robots":{"index":"index","follow":"follow","max-snippet":"max-snippet:-1","max-image-preview":"max-image-preview:large","max-video-preview":"max-video-preview:-1"},"canonical":"https:\/\/blgnoticiassantodomingo.net\/index.php\/2026\/04\/27\/senado-reconoce-en-santiago-a-destacadas-figuras-del-arte-y-la-cultura-de-la-region-del-cibao\/","og_locale":"es_ES","og_type":"article","og_title":"Senado reconoce en Santiago a destacadas figuras del arte y la cultura de la regi\u00f3n del Cibao - BLG Noticias","og_description":"\u00a0\u00a0Por Elvis Castro Hern\u00e1ndez SANTIAGO. &#8211; En una noche memorable, el Senado de la Rep\u00fablica en coordinaci\u00f3n con el Ministerio de Cultura, rindi\u00f3 tributo a destacadas figuras del arte y la cultura de la regi\u00f3n norte del pa\u00eds, durante la Gala de reconocimientos \u201cRa\u00edces vivas de la cultura del Cibao\u201d, evento que fue celebrado en [&hellip;]","og_url":"https:\/\/blgnoticiassantodomingo.net\/index.php\/2026\/04\/27\/senado-reconoce-en-santiago-a-destacadas-figuras-del-arte-y-la-cultura-de-la-region-del-cibao\/","og_site_name":"BLG Noticias","article_publisher":"https:\/\/web.facebook.com\/BlgNoticias\/?locale=es_LA&_rdc=1&_rdr","article_published_time":"2026-04-27T16:44:04+00:00","article_modified_time":"2026-04-27T16:44:09+00:00","og_image":[{"width":1600,"height":1064,"url":"http:\/\/blgnoticiassantodomingo.net\/wp-content\/uploads\/2026\/04\/WhatsApp-Image-2026-04-25-at-10.16.34-AM.jpeg","type":"image\/jpeg"}],"author":"Brenda Guerrero","twitter_card":"summary_large_image","twitter_creator":"@BlgNoticias","twitter_site":"@BlgNoticias","twitter_misc":{"Escrito por":"Brenda Guerrero","Tiempo de lectura":"5 minutos"},"schema":{"@context":"https:\/\/schema.org","@graph":[{"@type":"Article","@id":"https:\/\/blgnoticiassantodomingo.net\/index.php\/2026\/04\/27\/senado-reconoce-en-santiago-a-destacadas-figuras-del-arte-y-la-cultura-de-la-region-del-cibao\/#article","isPartOf":{"@id":"https:\/\/blgnoticiassantodomingo.net\/index.php\/2026\/04\/27\/senado-reconoce-en-santiago-a-destacadas-figuras-del-arte-y-la-cultura-de-la-region-del-cibao\/"},"author":{"name":"Brenda Guerrero","@id":"https:\/\/blgnoticiassantodomingo.net\/#\/schema\/person\/e2fc21cf88acc63dbd134be981bff374"},"headline":"Senado reconoce en Santiago a destacadas figuras del arte y la cultura de la regi\u00f3n del Cibao","datePublished":"2026-04-27T16:44:04+00:00","dateModified":"2026-04-27T16:44:09+00:00","mainEntityOfPage":{"@id":"https:\/\/blgnoticiassantodomingo.net\/index.php\/2026\/04\/27\/senado-reconoce-en-santiago-a-destacadas-figuras-del-arte-y-la-cultura-de-la-region-del-cibao\/"},"wordCount":1068,"commentCount":0,"publisher":{"@id":"https:\/\/blgnoticiassantodomingo.net\/#organization"},"image":{"@id":"https:\/\/blgnoticiassantodomingo.net\/index.php\/2026\/04\/27\/senado-reconoce-en-santiago-a-destacadas-figuras-del-arte-y-la-cultura-de-la-region-del-cibao\/#primaryimage"},"thumbnailUrl":"https:\/\/blgnoticiassantodomingo.net\/wp-content\/uploads\/2026\/04\/WhatsApp-Image-2026-04-25-at-10.16.34-AM.jpeg","keywords":["El Senado de la Rep\u00fablica","Feria Regional del Libro y la Cultura Cibao 2026","la sala La Restauraci\u00f3n del Gran Teatro del Cibao","Ministerio de Cultura","Santiago"],"articleSection":["Nacionales"],"inLanguage":"es","potentialAction":[{"@type":"CommentAction","name":"Comment","target":["https:\/\/blgnoticiassantodomingo.net\/index.php\/2026\/04\/27\/senado-reconoce-en-santiago-a-destacadas-figuras-del-arte-y-la-cultura-de-la-region-del-cibao\/#respond"]}]},{"@type":"WebPage","@id":"https:\/\/blgnoticiassantodomingo.net\/index.php\/2026\/04\/27\/senado-reconoce-en-santiago-a-destacadas-figuras-del-arte-y-la-cultura-de-la-region-del-cibao\/","url":"https:\/\/blgnoticiassantodomingo.net\/index.php\/2026\/04\/27\/senado-reconoce-en-santiago-a-destacadas-figuras-del-arte-y-la-cultura-de-la-region-del-cibao\/","name":"Senado reconoce en Santiago a destacadas figuras del arte y la cultura de la regi\u00f3n del Cibao - BLG Noticias","isPartOf":{"@id":"https:\/\/blgnoticiassantodomingo.net\/#website"},"primaryImageOfPage":{"@id":"https:\/\/blgnoticiassantodomingo.net\/index.php\/2026\/04\/27\/senado-reconoce-en-santiago-a-destacadas-figuras-del-arte-y-la-cultura-de-la-region-del-cibao\/#primaryimage"},"image":{"@id":"https:\/\/blgnoticiassantodomingo.net\/index.php\/2026\/04\/27\/senado-reconoce-en-santiago-a-destacadas-figuras-del-arte-y-la-cultura-de-la-region-del-cibao\/#primaryimage"},"thumbnailUrl":"https:\/\/blgnoticiassantodomingo.net\/wp-content\/uploads\/2026\/04\/WhatsApp-Image-2026-04-25-at-10.16.34-AM.jpeg","datePublished":"2026-04-27T16:44:04+00:00","dateModified":"2026-04-27T16:44:09+00:00","breadcrumb":{"@id":"https:\/\/blgnoticiassantodomingo.net\/index.php\/2026\/04\/27\/senado-reconoce-en-santiago-a-destacadas-figuras-del-arte-y-la-cultura-de-la-region-del-cibao\/#breadcrumb"},"inLanguage":"es","potentialAction":[{"@type":"ReadAction","target":["https:\/\/blgnoticiassantodomingo.net\/index.php\/2026\/04\/27\/senado-reconoce-en-santiago-a-destacadas-figuras-del-arte-y-la-cultura-de-la-region-del-cibao\/"]}]},{"@type":"ImageObject","inLanguage":"es","@id":"https:\/\/blgnoticiassantodomingo.net\/index.php\/2026\/04\/27\/senado-reconoce-en-santiago-a-destacadas-figuras-del-arte-y-la-cultura-de-la-region-del-cibao\/#primaryimage","url":"https:\/\/blgnoticiassantodomingo.net\/wp-content\/uploads\/2026\/04\/WhatsApp-Image-2026-04-25-at-10.16.34-AM.jpeg","contentUrl":"https:\/\/blgnoticiassantodomingo.net\/wp-content\/uploads\/2026\/04\/WhatsApp-Image-2026-04-25-at-10.16.34-AM.jpeg","width":1600,"height":1064},{"@type":"BreadcrumbList","@id":"https:\/\/blgnoticiassantodomingo.net\/index.php\/2026\/04\/27\/senado-reconoce-en-santiago-a-destacadas-figuras-del-arte-y-la-cultura-de-la-region-del-cibao\/#breadcrumb","itemListElement":[{"@type":"ListItem","position":1,"name":"Portada","item":"https:\/\/blgnoticiassantodomingo.net\/"},{"@type":"ListItem","position":2,"name":"Senado reconoce en Santiago a destacadas figuras del arte y la cultura de la regi\u00f3n del Cibao"}]},{"@type":"WebSite","@id":"https:\/\/blgnoticiassantodomingo.net\/#website","url":"https:\/\/blgnoticiassantodomingo.net\/","name":"BLG Noticias","description":"Esto es Noticias","publisher":{"@id":"https:\/\/blgnoticiassantodomingo.net\/#organization"},"potentialAction":[{"@type":"SearchAction","target":{"@type":"EntryPoint","urlTemplate":"https:\/\/blgnoticiassantodomingo.net\/?s={search_term_string}"},"query-input":{"@type":"PropertyValueSpecification","valueRequired":true,"valueName":"search_term_string"}}],"inLanguage":"es"},{"@type":"Organization","@id":"https:\/\/blgnoticiassantodomingo.net\/#organization","name":"BLG Noticias","url":"https:\/\/blgnoticiassantodomingo.net\/","logo":{"@type":"ImageObject","inLanguage":"es","@id":"https:\/\/blgnoticiassantodomingo.net\/#\/schema\/logo\/image\/","url":"https:\/\/blgnoticiassantodomingo.net\/wp-content\/uploads\/2023\/12\/Diseno-sin-titulo-3.jpg","contentUrl":"https:\/\/blgnoticiassantodomingo.net\/wp-content\/uploads\/2023\/12\/Diseno-sin-titulo-3.jpg","width":500,"height":500,"caption":"BLG Noticias"},"image":{"@id":"https:\/\/blgnoticiassantodomingo.net\/#\/schema\/logo\/image\/"},"sameAs":["https:\/\/web.facebook.com\/BlgNoticias\/?locale=es_LA&_rdc=1&_rdr","https:\/\/x.com\/BlgNoticias","https:\/\/www.linkedin.com\/in\/brenda-l-santana-aa846279\/"]},{"@type":"Person","@id":"https:\/\/blgnoticiassantodomingo.net\/#\/schema\/person\/e2fc21cf88acc63dbd134be981bff374","name":"Brenda Guerrero","image":{"@type":"ImageObject","inLanguage":"es","@id":"https:\/\/blgnoticiassantodomingo.net\/#\/schema\/person\/image\/","url":"https:\/\/secure.gravatar.com\/avatar\/2f7fc4c3e3655be1580cb684bfd8ab19be702ae20879da1e072021daa02f9b8b?s=96&d=wp_user_avatar&r=g","contentUrl":"https:\/\/secure.gravatar.com\/avatar\/2f7fc4c3e3655be1580cb684bfd8ab19be702ae20879da1e072021daa02f9b8b?s=96&d=wp_user_avatar&r=g","caption":"Brenda Guerrero"},"description":"Periodista","url":"https:\/\/blgnoticiassantodomingo.net\/index.php\/author\/brenda-guerrero\/"}]}},"jetpack_featured_media_url":"https:\/\/blgnoticiassantodomingo.net\/wp-content\/uploads\/2026\/04\/WhatsApp-Image-2026-04-25-at-10.16.34-AM.jpeg","_links":{"self":[{"href":"https:\/\/blgnoticiassantodomingo.net\/index.php\/wp-json\/wp\/v2\/posts\/51014","targetHints":{"allow":["GET"]}}],"collection":[{"href":"https:\/\/blgnoticiassantodomingo.net\/index.php\/wp-json\/wp\/v2\/posts"}],"about":[{"href":"https:\/\/blgnoticiassantodomingo.net\/index.php\/wp-json\/wp\/v2\/types\/post"}],"author":[{"embeddable":true,"href":"https:\/\/blgnoticiassantodomingo.net\/index.php\/wp-json\/wp\/v2\/users\/2"}],"replies":[{"embeddable":true,"href":"https:\/\/blgnoticiassantodomingo.net\/index.php\/wp-json\/wp\/v2\/comments?post=51014"}],"version-history":[{"count":1,"href":"https:\/\/blgnoticiassantodomingo.net\/index.php\/wp-json\/wp\/v2\/posts\/51014\/revisions"}],"predecessor-version":[{"id":51018,"href":"https:\/\/blgnoticiassantodomingo.net\/index.php\/wp-json\/wp\/v2\/posts\/51014\/revisions\/51018"}],"wp:featuredmedia":[{"embeddable":true,"href":"https:\/\/blgnoticiassantodomingo.net\/index.php\/wp-json\/wp\/v2\/media\/51015"}],"wp:attachment":[{"href":"https:\/\/blgnoticiassantodomingo.net\/index.php\/wp-json\/wp\/v2\/media?parent=51014"}],"wp:term":[{"taxonomy":"category","embeddable":true,"href":"https:\/\/blgnoticiassantodomingo.net\/index.php\/wp-json\/wp\/v2\/categories?post=51014"},{"taxonomy":"post_tag","embeddable":true,"href":"https:\/\/blgnoticiassantodomingo.net\/index.php\/wp-json\/wp\/v2\/tags?post=51014"}],"curies":[{"name":"wp","href":"https:\/\/api.w.org\/{rel}","templated":true}]}}