{"id":51001,"date":"2026-04-27T09:24:41","date_gmt":"2026-04-27T13:24:41","guid":{"rendered":"https:\/\/blgnoticiassantodomingo.net\/?p=51001"},"modified":"2026-04-27T09:25:46","modified_gmt":"2026-04-27T13:25:46","slug":"siempre-juan-gabriel-homenaje-a-las-madres-en-el-centro-cultural-chacao","status":"publish","type":"post","link":"https:\/\/blgnoticiassantodomingo.net\/index.php\/2026\/04\/27\/siempre-juan-gabriel-homenaje-a-las-madres-en-el-centro-cultural-chacao\/","title":{"rendered":"Siempre Juan Gabriel Homenaje a las Madres en el Centro Cultural Chacao"},"content":{"rendered":"\n<p><strong><em>El dia de las madres, y por una \u00fanica funci\u00f3n, el reconocido int\u00e9rprete Ricardo De Castro ofrece un espect\u00e1culo donde rendir\u00e1 homenaje musical al Divo de Ju\u00e1rez<\/em><\/strong><\/p>\n\n\n\n<p>En el D\u00eda de las Madres vuelve el show que, durante varias temporadas, ha hecho al p\u00fablico citadino revivir la experiencia de ver en directo al Divo de Ju\u00e1rez:&nbsp;<strong><em>Siempre Juan Gabriel<\/em>.<\/strong><\/p>\n\n\n\n<p>El pr\u00f3ximo domingo&nbsp; 10 de mayo, a las 11:30 a.m., la Sala Teatro del Centro Cultural Chacao&nbsp; resonar\u00e1 con la m\u00fasica del recordado astro de la canci\u00f3n, cuando<strong>&nbsp;Ricardo De Castro<\/strong>&nbsp;acompa\u00f1ado de su mariachi y banda rindan un sentido homenaje al cantautor mexicano m\u00e1s importante de los \u00faltimos 50 a\u00f1os.<\/p>\n\n\n\n<figure class=\"wp-block-image size-full\"><img decoding=\"async\" width=\"750\" height=\"480\" src=\"https:\/\/blgnoticiassantodomingo.net\/wp-content\/uploads\/2026\/04\/image16-1.jpeg\" alt=\"\" class=\"wp-image-51003\" srcset=\"https:\/\/blgnoticiassantodomingo.net\/wp-content\/uploads\/2026\/04\/image16-1.jpeg 750w, https:\/\/blgnoticiassantodomingo.net\/wp-content\/uploads\/2026\/04\/image16-1-300x192.jpeg 300w, https:\/\/blgnoticiassantodomingo.net\/wp-content\/uploads\/2026\/04\/image16-1-656x420.jpeg 656w, https:\/\/blgnoticiassantodomingo.net\/wp-content\/uploads\/2026\/04\/image16-1-150x96.jpeg 150w, https:\/\/blgnoticiassantodomingo.net\/wp-content\/uploads\/2026\/04\/image16-1-696x445.jpeg 696w\" sizes=\"(max-width: 750px) 100vw, 750px\" \/><figcaption class=\"wp-element-caption\">Screenshot<\/figcaption><\/figure>\n\n\n\n<p>Reconocido en toda Iberoam\u00e9rica por este maravilloso show, en el que recuerda al Divo de Ju\u00e1rez en escena,<strong>&nbsp;De Castro<\/strong>&nbsp;recrear\u00e1 un espect\u00e1culo de esta singular estrella internacional. Imitador autorizado por el propio Juan Gabriel, el cantante de origen colombiano se vestir\u00e1 de mariachi para entonar un repertorio con los temas m\u00e1s famosos del cantante y compositor mexicano nacido en Par\u00e1cuaro, Michoac\u00e1n; acompa\u00f1ado de una banda en vivo.<\/p>\n\n\n\n<p>Cabe recordar que el astro de la canci\u00f3n falleci\u00f3 el 28 de agosto de 2016 en Santa M\u00f3nica,<\/p>\n\n\n\n<p>California, EEUU; conmoviendo a millones de seguidores en todo el mundo que, desde entonces, han hecho sonar muchos de los casi 2 mil temas que el artista compuso e interpret\u00f3 a lo largo de su carrera, marcando la historia musical de su tierra natal y de todo el continente con ventas que, de acuerdo a la Academia Latina de la Grabaci\u00f3n, superan los 100 millones de discos.<\/p>\n\n\n\n<figure class=\"wp-block-image size-full\"><img decoding=\"async\" width=\"750\" height=\"493\" src=\"https:\/\/blgnoticiassantodomingo.net\/wp-content\/uploads\/2026\/04\/image10.jpeg\" alt=\"\" class=\"wp-image-51004\" srcset=\"https:\/\/blgnoticiassantodomingo.net\/wp-content\/uploads\/2026\/04\/image10.jpeg 750w, https:\/\/blgnoticiassantodomingo.net\/wp-content\/uploads\/2026\/04\/image10-300x197.jpeg 300w, https:\/\/blgnoticiassantodomingo.net\/wp-content\/uploads\/2026\/04\/image10-639x420.jpeg 639w, https:\/\/blgnoticiassantodomingo.net\/wp-content\/uploads\/2026\/04\/image10-150x99.jpeg 150w, https:\/\/blgnoticiassantodomingo.net\/wp-content\/uploads\/2026\/04\/image10-696x458.jpeg 696w\" sizes=\"(max-width: 750px) 100vw, 750px\" \/><figcaption class=\"wp-element-caption\">Screenshot<\/figcaption><\/figure>\n\n\n\n<p>Las entradas para&nbsp;<strong><em>Siempre Juan Gabriel<\/em><\/strong>, est\u00e1n a la venta a trav\u00e9s de las p\u00e1ginas&nbsp;<a href=\"http:\/\/www.liveri.com.ve\/\" target=\"_blank\" rel=\"noreferrer noopener\">www.liveri.com.ve<\/a>&nbsp;en las taquillas del Teatro, en Cinex M\u00e1s informaci\u00f3n en las cuentas de&nbsp;&nbsp; Instagram @mitributoajuangabriel, @cculturalchacao y&nbsp; @<a href=\"http:\/\/liveri.ve\/\" target=\"_blank\" rel=\"noreferrer noopener\">liveri.ve<\/a>&nbsp;&nbsp;<\/p>\n","protected":false},"excerpt":{"rendered":"<p>El dia de las madres, y por una \u00fanica funci\u00f3n, el reconocido int\u00e9rprete Ricardo De Castro ofrece un espect\u00e1culo donde rendir\u00e1 homenaje musical al Divo de Ju\u00e1rez En el D\u00eda de las Madres vuelve el show que, durante varias temporadas, ha hecho al p\u00fablico citadino revivir la experiencia de ver en directo al Divo de [&hellip;]<\/p>\n","protected":false},"author":2,"featured_media":51002,"comment_status":"open","ping_status":"open","sticky":false,"template":"","format":"standard","meta":{"footnotes":""},"categories":[220],"tags":[15219,15220,15221],"class_list":{"0":"post-51001","1":"post","2":"type-post","3":"status-publish","4":"format-standard","5":"has-post-thumbnail","7":"category-nacionales","8":"tag-la-sala-teatro-del-centro-cultural-chacao","9":"tag-ricardo-de-castro","10":"tag-siempre-juan-gabriel"},"yoast_head":"<!-- This site is optimized with the Yoast SEO plugin v24.9 - https:\/\/yoast.com\/wordpress\/plugins\/seo\/ -->\n<title>Siempre Juan Gabriel Homenaje a las Madres en el Centro Cultural Chacao - BLG Noticias<\/title>\n<meta name=\"robots\" content=\"index, follow, max-snippet:-1, max-image-preview:large, max-video-preview:-1\" \/>\n<link rel=\"canonical\" href=\"https:\/\/blgnoticiassantodomingo.net\/index.php\/2026\/04\/27\/siempre-juan-gabriel-homenaje-a-las-madres-en-el-centro-cultural-chacao\/\" \/>\n<meta property=\"og:locale\" content=\"es_ES\" \/>\n<meta property=\"og:type\" content=\"article\" \/>\n<meta property=\"og:title\" content=\"Siempre Juan Gabriel Homenaje a las Madres en el Centro Cultural Chacao - BLG Noticias\" \/>\n<meta property=\"og:description\" content=\"El dia de las madres, y por una \u00fanica funci\u00f3n, el reconocido int\u00e9rprete Ricardo De Castro ofrece un espect\u00e1culo donde rendir\u00e1 homenaje musical al Divo de Ju\u00e1rez En el D\u00eda de las Madres vuelve el show que, durante varias temporadas, ha hecho al p\u00fablico citadino revivir la experiencia de ver en directo al Divo de [&hellip;]\" \/>\n<meta property=\"og:url\" content=\"https:\/\/blgnoticiassantodomingo.net\/index.php\/2026\/04\/27\/siempre-juan-gabriel-homenaje-a-las-madres-en-el-centro-cultural-chacao\/\" \/>\n<meta property=\"og:site_name\" content=\"BLG Noticias\" \/>\n<meta property=\"article:publisher\" content=\"https:\/\/web.facebook.com\/BlgNoticias\/?locale=es_LA&amp;_rdc=1&amp;_rdr\" \/>\n<meta property=\"article:published_time\" content=\"2026-04-27T13:24:41+00:00\" \/>\n<meta property=\"article:modified_time\" content=\"2026-04-27T13:25:46+00:00\" \/>\n<meta property=\"og:image\" content=\"http:\/\/blgnoticiassantodomingo.net\/wp-content\/uploads\/2026\/04\/unnamed-1.jpg\" \/>\n\t<meta property=\"og:image:width\" content=\"1920\" \/>\n\t<meta property=\"og:image:height\" content=\"1080\" \/>\n\t<meta property=\"og:image:type\" content=\"image\/jpeg\" \/>\n<meta name=\"author\" content=\"Brenda Guerrero\" \/>\n<meta name=\"twitter:card\" content=\"summary_large_image\" \/>\n<meta name=\"twitter:creator\" content=\"@BlgNoticias\" \/>\n<meta name=\"twitter:site\" content=\"@BlgNoticias\" \/>\n<meta name=\"twitter:label1\" content=\"Escrito por\" \/>\n\t<meta name=\"twitter:data1\" content=\"Brenda Guerrero\" \/>\n\t<meta name=\"twitter:label2\" content=\"Tiempo de lectura\" \/>\n\t<meta name=\"twitter:data2\" content=\"2 minutos\" \/>\n<script type=\"application\/ld+json\" class=\"yoast-schema-graph\">{\"@context\":\"https:\/\/schema.org\",\"@graph\":[{\"@type\":\"Article\",\"@id\":\"https:\/\/blgnoticiassantodomingo.net\/index.php\/2026\/04\/27\/siempre-juan-gabriel-homenaje-a-las-madres-en-el-centro-cultural-chacao\/#article\",\"isPartOf\":{\"@id\":\"https:\/\/blgnoticiassantodomingo.net\/index.php\/2026\/04\/27\/siempre-juan-gabriel-homenaje-a-las-madres-en-el-centro-cultural-chacao\/\"},\"author\":{\"name\":\"Brenda Guerrero\",\"@id\":\"https:\/\/blgnoticiassantodomingo.net\/#\/schema\/person\/e2fc21cf88acc63dbd134be981bff374\"},\"headline\":\"Siempre Juan Gabriel Homenaje a las Madres en el Centro Cultural Chacao\",\"datePublished\":\"2026-04-27T13:24:41+00:00\",\"dateModified\":\"2026-04-27T13:25:46+00:00\",\"mainEntityOfPage\":{\"@id\":\"https:\/\/blgnoticiassantodomingo.net\/index.php\/2026\/04\/27\/siempre-juan-gabriel-homenaje-a-las-madres-en-el-centro-cultural-chacao\/\"},\"wordCount\":352,\"commentCount\":0,\"publisher\":{\"@id\":\"https:\/\/blgnoticiassantodomingo.net\/#organization\"},\"image\":{\"@id\":\"https:\/\/blgnoticiassantodomingo.net\/index.php\/2026\/04\/27\/siempre-juan-gabriel-homenaje-a-las-madres-en-el-centro-cultural-chacao\/#primaryimage\"},\"thumbnailUrl\":\"https:\/\/blgnoticiassantodomingo.net\/wp-content\/uploads\/2026\/04\/unnamed-1.jpg\",\"keywords\":[\"la Sala Teatro del Centro Cultural Chacao\",\"Ricardo De Castro\",\"Siempre Juan Gabriel\"],\"articleSection\":[\"Nacionales\"],\"inLanguage\":\"es\",\"potentialAction\":[{\"@type\":\"CommentAction\",\"name\":\"Comment\",\"target\":[\"https:\/\/blgnoticiassantodomingo.net\/index.php\/2026\/04\/27\/siempre-juan-gabriel-homenaje-a-las-madres-en-el-centro-cultural-chacao\/#respond\"]}]},{\"@type\":\"WebPage\",\"@id\":\"https:\/\/blgnoticiassantodomingo.net\/index.php\/2026\/04\/27\/siempre-juan-gabriel-homenaje-a-las-madres-en-el-centro-cultural-chacao\/\",\"url\":\"https:\/\/blgnoticiassantodomingo.net\/index.php\/2026\/04\/27\/siempre-juan-gabriel-homenaje-a-las-madres-en-el-centro-cultural-chacao\/\",\"name\":\"Siempre Juan Gabriel Homenaje a las Madres en el Centro Cultural Chacao - BLG Noticias\",\"isPartOf\":{\"@id\":\"https:\/\/blgnoticiassantodomingo.net\/#website\"},\"primaryImageOfPage\":{\"@id\":\"https:\/\/blgnoticiassantodomingo.net\/index.php\/2026\/04\/27\/siempre-juan-gabriel-homenaje-a-las-madres-en-el-centro-cultural-chacao\/#primaryimage\"},\"image\":{\"@id\":\"https:\/\/blgnoticiassantodomingo.net\/index.php\/2026\/04\/27\/siempre-juan-gabriel-homenaje-a-las-madres-en-el-centro-cultural-chacao\/#primaryimage\"},\"thumbnailUrl\":\"https:\/\/blgnoticiassantodomingo.net\/wp-content\/uploads\/2026\/04\/unnamed-1.jpg\",\"datePublished\":\"2026-04-27T13:24:41+00:00\",\"dateModified\":\"2026-04-27T13:25:46+00:00\",\"breadcrumb\":{\"@id\":\"https:\/\/blgnoticiassantodomingo.net\/index.php\/2026\/04\/27\/siempre-juan-gabriel-homenaje-a-las-madres-en-el-centro-cultural-chacao\/#breadcrumb\"},\"inLanguage\":\"es\",\"potentialAction\":[{\"@type\":\"ReadAction\",\"target\":[\"https:\/\/blgnoticiassantodomingo.net\/index.php\/2026\/04\/27\/siempre-juan-gabriel-homenaje-a-las-madres-en-el-centro-cultural-chacao\/\"]}]},{\"@type\":\"ImageObject\",\"inLanguage\":\"es\",\"@id\":\"https:\/\/blgnoticiassantodomingo.net\/index.php\/2026\/04\/27\/siempre-juan-gabriel-homenaje-a-las-madres-en-el-centro-cultural-chacao\/#primaryimage\",\"url\":\"https:\/\/blgnoticiassantodomingo.net\/wp-content\/uploads\/2026\/04\/unnamed-1.jpg\",\"contentUrl\":\"https:\/\/blgnoticiassantodomingo.net\/wp-content\/uploads\/2026\/04\/unnamed-1.jpg\",\"width\":1920,\"height\":1080},{\"@type\":\"BreadcrumbList\",\"@id\":\"https:\/\/blgnoticiassantodomingo.net\/index.php\/2026\/04\/27\/siempre-juan-gabriel-homenaje-a-las-madres-en-el-centro-cultural-chacao\/#breadcrumb\",\"itemListElement\":[{\"@type\":\"ListItem\",\"position\":1,\"name\":\"Portada\",\"item\":\"https:\/\/blgnoticiassantodomingo.net\/\"},{\"@type\":\"ListItem\",\"position\":2,\"name\":\"Siempre Juan Gabriel Homenaje a las Madres en el Centro Cultural Chacao\"}]},{\"@type\":\"WebSite\",\"@id\":\"https:\/\/blgnoticiassantodomingo.net\/#website\",\"url\":\"https:\/\/blgnoticiassantodomingo.net\/\",\"name\":\"BLG Noticias\",\"description\":\"Esto es Noticias\",\"publisher\":{\"@id\":\"https:\/\/blgnoticiassantodomingo.net\/#organization\"},\"potentialAction\":[{\"@type\":\"SearchAction\",\"target\":{\"@type\":\"EntryPoint\",\"urlTemplate\":\"https:\/\/blgnoticiassantodomingo.net\/?s={search_term_string}\"},\"query-input\":{\"@type\":\"PropertyValueSpecification\",\"valueRequired\":true,\"valueName\":\"search_term_string\"}}],\"inLanguage\":\"es\"},{\"@type\":\"Organization\",\"@id\":\"https:\/\/blgnoticiassantodomingo.net\/#organization\",\"name\":\"BLG Noticias\",\"url\":\"https:\/\/blgnoticiassantodomingo.net\/\",\"logo\":{\"@type\":\"ImageObject\",\"inLanguage\":\"es\",\"@id\":\"https:\/\/blgnoticiassantodomingo.net\/#\/schema\/logo\/image\/\",\"url\":\"https:\/\/blgnoticiassantodomingo.net\/wp-content\/uploads\/2023\/12\/Diseno-sin-titulo-3.jpg\",\"contentUrl\":\"https:\/\/blgnoticiassantodomingo.net\/wp-content\/uploads\/2023\/12\/Diseno-sin-titulo-3.jpg\",\"width\":500,\"height\":500,\"caption\":\"BLG Noticias\"},\"image\":{\"@id\":\"https:\/\/blgnoticiassantodomingo.net\/#\/schema\/logo\/image\/\"},\"sameAs\":[\"https:\/\/web.facebook.com\/BlgNoticias\/?locale=es_LA&_rdc=1&_rdr\",\"https:\/\/x.com\/BlgNoticias\",\"https:\/\/www.linkedin.com\/in\/brenda-l-santana-aa846279\/\"]},{\"@type\":\"Person\",\"@id\":\"https:\/\/blgnoticiassantodomingo.net\/#\/schema\/person\/e2fc21cf88acc63dbd134be981bff374\",\"name\":\"Brenda Guerrero\",\"image\":{\"@type\":\"ImageObject\",\"inLanguage\":\"es\",\"@id\":\"https:\/\/blgnoticiassantodomingo.net\/#\/schema\/person\/image\/\",\"url\":\"https:\/\/secure.gravatar.com\/avatar\/2f7fc4c3e3655be1580cb684bfd8ab19be702ae20879da1e072021daa02f9b8b?s=96&d=wp_user_avatar&r=g\",\"contentUrl\":\"https:\/\/secure.gravatar.com\/avatar\/2f7fc4c3e3655be1580cb684bfd8ab19be702ae20879da1e072021daa02f9b8b?s=96&d=wp_user_avatar&r=g\",\"caption\":\"Brenda Guerrero\"},\"description\":\"Periodista\",\"url\":\"https:\/\/blgnoticiassantodomingo.net\/index.php\/author\/brenda-guerrero\/\"}]}<\/script>\n<!-- \/ Yoast SEO plugin. -->","yoast_head_json":{"title":"Siempre Juan Gabriel Homenaje a las Madres en el Centro Cultural Chacao - BLG Noticias","robots":{"index":"index","follow":"follow","max-snippet":"max-snippet:-1","max-image-preview":"max-image-preview:large","max-video-preview":"max-video-preview:-1"},"canonical":"https:\/\/blgnoticiassantodomingo.net\/index.php\/2026\/04\/27\/siempre-juan-gabriel-homenaje-a-las-madres-en-el-centro-cultural-chacao\/","og_locale":"es_ES","og_type":"article","og_title":"Siempre Juan Gabriel Homenaje a las Madres en el Centro Cultural Chacao - BLG Noticias","og_description":"El dia de las madres, y por una \u00fanica funci\u00f3n, el reconocido int\u00e9rprete Ricardo De Castro ofrece un espect\u00e1culo donde rendir\u00e1 homenaje musical al Divo de Ju\u00e1rez En el D\u00eda de las Madres vuelve el show que, durante varias temporadas, ha hecho al p\u00fablico citadino revivir la experiencia de ver en directo al Divo de [&hellip;]","og_url":"https:\/\/blgnoticiassantodomingo.net\/index.php\/2026\/04\/27\/siempre-juan-gabriel-homenaje-a-las-madres-en-el-centro-cultural-chacao\/","og_site_name":"BLG Noticias","article_publisher":"https:\/\/web.facebook.com\/BlgNoticias\/?locale=es_LA&_rdc=1&_rdr","article_published_time":"2026-04-27T13:24:41+00:00","article_modified_time":"2026-04-27T13:25:46+00:00","og_image":[{"width":1920,"height":1080,"url":"http:\/\/blgnoticiassantodomingo.net\/wp-content\/uploads\/2026\/04\/unnamed-1.jpg","type":"image\/jpeg"}],"author":"Brenda Guerrero","twitter_card":"summary_large_image","twitter_creator":"@BlgNoticias","twitter_site":"@BlgNoticias","twitter_misc":{"Escrito por":"Brenda Guerrero","Tiempo de lectura":"2 minutos"},"schema":{"@context":"https:\/\/schema.org","@graph":[{"@type":"Article","@id":"https:\/\/blgnoticiassantodomingo.net\/index.php\/2026\/04\/27\/siempre-juan-gabriel-homenaje-a-las-madres-en-el-centro-cultural-chacao\/#article","isPartOf":{"@id":"https:\/\/blgnoticiassantodomingo.net\/index.php\/2026\/04\/27\/siempre-juan-gabriel-homenaje-a-las-madres-en-el-centro-cultural-chacao\/"},"author":{"name":"Brenda Guerrero","@id":"https:\/\/blgnoticiassantodomingo.net\/#\/schema\/person\/e2fc21cf88acc63dbd134be981bff374"},"headline":"Siempre Juan Gabriel Homenaje a las Madres en el Centro Cultural Chacao","datePublished":"2026-04-27T13:24:41+00:00","dateModified":"2026-04-27T13:25:46+00:00","mainEntityOfPage":{"@id":"https:\/\/blgnoticiassantodomingo.net\/index.php\/2026\/04\/27\/siempre-juan-gabriel-homenaje-a-las-madres-en-el-centro-cultural-chacao\/"},"wordCount":352,"commentCount":0,"publisher":{"@id":"https:\/\/blgnoticiassantodomingo.net\/#organization"},"image":{"@id":"https:\/\/blgnoticiassantodomingo.net\/index.php\/2026\/04\/27\/siempre-juan-gabriel-homenaje-a-las-madres-en-el-centro-cultural-chacao\/#primaryimage"},"thumbnailUrl":"https:\/\/blgnoticiassantodomingo.net\/wp-content\/uploads\/2026\/04\/unnamed-1.jpg","keywords":["la Sala Teatro del Centro Cultural Chacao","Ricardo De Castro","Siempre Juan Gabriel"],"articleSection":["Nacionales"],"inLanguage":"es","potentialAction":[{"@type":"CommentAction","name":"Comment","target":["https:\/\/blgnoticiassantodomingo.net\/index.php\/2026\/04\/27\/siempre-juan-gabriel-homenaje-a-las-madres-en-el-centro-cultural-chacao\/#respond"]}]},{"@type":"WebPage","@id":"https:\/\/blgnoticiassantodomingo.net\/index.php\/2026\/04\/27\/siempre-juan-gabriel-homenaje-a-las-madres-en-el-centro-cultural-chacao\/","url":"https:\/\/blgnoticiassantodomingo.net\/index.php\/2026\/04\/27\/siempre-juan-gabriel-homenaje-a-las-madres-en-el-centro-cultural-chacao\/","name":"Siempre Juan Gabriel Homenaje a las Madres en el Centro Cultural Chacao - BLG Noticias","isPartOf":{"@id":"https:\/\/blgnoticiassantodomingo.net\/#website"},"primaryImageOfPage":{"@id":"https:\/\/blgnoticiassantodomingo.net\/index.php\/2026\/04\/27\/siempre-juan-gabriel-homenaje-a-las-madres-en-el-centro-cultural-chacao\/#primaryimage"},"image":{"@id":"https:\/\/blgnoticiassantodomingo.net\/index.php\/2026\/04\/27\/siempre-juan-gabriel-homenaje-a-las-madres-en-el-centro-cultural-chacao\/#primaryimage"},"thumbnailUrl":"https:\/\/blgnoticiassantodomingo.net\/wp-content\/uploads\/2026\/04\/unnamed-1.jpg","datePublished":"2026-04-27T13:24:41+00:00","dateModified":"2026-04-27T13:25:46+00:00","breadcrumb":{"@id":"https:\/\/blgnoticiassantodomingo.net\/index.php\/2026\/04\/27\/siempre-juan-gabriel-homenaje-a-las-madres-en-el-centro-cultural-chacao\/#breadcrumb"},"inLanguage":"es","potentialAction":[{"@type":"ReadAction","target":["https:\/\/blgnoticiassantodomingo.net\/index.php\/2026\/04\/27\/siempre-juan-gabriel-homenaje-a-las-madres-en-el-centro-cultural-chacao\/"]}]},{"@type":"ImageObject","inLanguage":"es","@id":"https:\/\/blgnoticiassantodomingo.net\/index.php\/2026\/04\/27\/siempre-juan-gabriel-homenaje-a-las-madres-en-el-centro-cultural-chacao\/#primaryimage","url":"https:\/\/blgnoticiassantodomingo.net\/wp-content\/uploads\/2026\/04\/unnamed-1.jpg","contentUrl":"https:\/\/blgnoticiassantodomingo.net\/wp-content\/uploads\/2026\/04\/unnamed-1.jpg","width":1920,"height":1080},{"@type":"BreadcrumbList","@id":"https:\/\/blgnoticiassantodomingo.net\/index.php\/2026\/04\/27\/siempre-juan-gabriel-homenaje-a-las-madres-en-el-centro-cultural-chacao\/#breadcrumb","itemListElement":[{"@type":"ListItem","position":1,"name":"Portada","item":"https:\/\/blgnoticiassantodomingo.net\/"},{"@type":"ListItem","position":2,"name":"Siempre Juan Gabriel Homenaje a las Madres en el Centro Cultural Chacao"}]},{"@type":"WebSite","@id":"https:\/\/blgnoticiassantodomingo.net\/#website","url":"https:\/\/blgnoticiassantodomingo.net\/","name":"BLG Noticias","description":"Esto es Noticias","publisher":{"@id":"https:\/\/blgnoticiassantodomingo.net\/#organization"},"potentialAction":[{"@type":"SearchAction","target":{"@type":"EntryPoint","urlTemplate":"https:\/\/blgnoticiassantodomingo.net\/?s={search_term_string}"},"query-input":{"@type":"PropertyValueSpecification","valueRequired":true,"valueName":"search_term_string"}}],"inLanguage":"es"},{"@type":"Organization","@id":"https:\/\/blgnoticiassantodomingo.net\/#organization","name":"BLG Noticias","url":"https:\/\/blgnoticiassantodomingo.net\/","logo":{"@type":"ImageObject","inLanguage":"es","@id":"https:\/\/blgnoticiassantodomingo.net\/#\/schema\/logo\/image\/","url":"https:\/\/blgnoticiassantodomingo.net\/wp-content\/uploads\/2023\/12\/Diseno-sin-titulo-3.jpg","contentUrl":"https:\/\/blgnoticiassantodomingo.net\/wp-content\/uploads\/2023\/12\/Diseno-sin-titulo-3.jpg","width":500,"height":500,"caption":"BLG Noticias"},"image":{"@id":"https:\/\/blgnoticiassantodomingo.net\/#\/schema\/logo\/image\/"},"sameAs":["https:\/\/web.facebook.com\/BlgNoticias\/?locale=es_LA&_rdc=1&_rdr","https:\/\/x.com\/BlgNoticias","https:\/\/www.linkedin.com\/in\/brenda-l-santana-aa846279\/"]},{"@type":"Person","@id":"https:\/\/blgnoticiassantodomingo.net\/#\/schema\/person\/e2fc21cf88acc63dbd134be981bff374","name":"Brenda Guerrero","image":{"@type":"ImageObject","inLanguage":"es","@id":"https:\/\/blgnoticiassantodomingo.net\/#\/schema\/person\/image\/","url":"https:\/\/secure.gravatar.com\/avatar\/2f7fc4c3e3655be1580cb684bfd8ab19be702ae20879da1e072021daa02f9b8b?s=96&d=wp_user_avatar&r=g","contentUrl":"https:\/\/secure.gravatar.com\/avatar\/2f7fc4c3e3655be1580cb684bfd8ab19be702ae20879da1e072021daa02f9b8b?s=96&d=wp_user_avatar&r=g","caption":"Brenda Guerrero"},"description":"Periodista","url":"https:\/\/blgnoticiassantodomingo.net\/index.php\/author\/brenda-guerrero\/"}]}},"jetpack_featured_media_url":"https:\/\/blgnoticiassantodomingo.net\/wp-content\/uploads\/2026\/04\/unnamed-1.jpg","_links":{"self":[{"href":"https:\/\/blgnoticiassantodomingo.net\/index.php\/wp-json\/wp\/v2\/posts\/51001","targetHints":{"allow":["GET"]}}],"collection":[{"href":"https:\/\/blgnoticiassantodomingo.net\/index.php\/wp-json\/wp\/v2\/posts"}],"about":[{"href":"https:\/\/blgnoticiassantodomingo.net\/index.php\/wp-json\/wp\/v2\/types\/post"}],"author":[{"embeddable":true,"href":"https:\/\/blgnoticiassantodomingo.net\/index.php\/wp-json\/wp\/v2\/users\/2"}],"replies":[{"embeddable":true,"href":"https:\/\/blgnoticiassantodomingo.net\/index.php\/wp-json\/wp\/v2\/comments?post=51001"}],"version-history":[{"count":1,"href":"https:\/\/blgnoticiassantodomingo.net\/index.php\/wp-json\/wp\/v2\/posts\/51001\/revisions"}],"predecessor-version":[{"id":51005,"href":"https:\/\/blgnoticiassantodomingo.net\/index.php\/wp-json\/wp\/v2\/posts\/51001\/revisions\/51005"}],"wp:featuredmedia":[{"embeddable":true,"href":"https:\/\/blgnoticiassantodomingo.net\/index.php\/wp-json\/wp\/v2\/media\/51002"}],"wp:attachment":[{"href":"https:\/\/blgnoticiassantodomingo.net\/index.php\/wp-json\/wp\/v2\/media?parent=51001"}],"wp:term":[{"taxonomy":"category","embeddable":true,"href":"https:\/\/blgnoticiassantodomingo.net\/index.php\/wp-json\/wp\/v2\/categories?post=51001"},{"taxonomy":"post_tag","embeddable":true,"href":"https:\/\/blgnoticiassantodomingo.net\/index.php\/wp-json\/wp\/v2\/tags?post=51001"}],"curies":[{"name":"wp","href":"https:\/\/api.w.org\/{rel}","templated":true}]}}