{"id":50430,"date":"2026-03-20T11:13:11","date_gmt":"2026-03-20T15:13:11","guid":{"rendered":"https:\/\/blgnoticiassantodomingo.net\/?p=50430"},"modified":"2026-03-20T11:13:17","modified_gmt":"2026-03-20T15:13:17","slug":"infotep-destaca-crecimiento-de-su-programa-de-formacion-virtual-en-el-dia-mundial-del-aprendizaje-digital","status":"publish","type":"post","link":"https:\/\/blgnoticiassantodomingo.net\/index.php\/2026\/03\/20\/infotep-destaca-crecimiento-de-su-programa-de-formacion-virtual-en-el-dia-mundial-del-aprendizaje-digital\/","title":{"rendered":"Infotep destaca crecimiento de su programa de formaci\u00f3n virtual en el D\u00eda Mundial del Aprendizaje Digital"},"content":{"rendered":"\n<h3 class=\"wp-block-heading\">La instituci\u00f3n supera las metas en modalidad virtual, con m\u00e1s de 34,000 participantes capacitados en 2025 y una creciente oferta digital accesible en todo el pa\u00eds.gital accesible en todo el pa\u00eds.<br><br><\/h3>\n\n\n\n<p>Santo Domingo.- Por la ocasi\u00f3n del&nbsp;<strong>D\u00eda Mundial del Aprendizaje Digital<\/strong>, el Instituto Nacional de Formaci\u00f3n T\u00e9cnico Profesional&nbsp;<strong>(Infotep)<\/strong>&nbsp;destac\u00f3 el crecimiento y el impacto de su&nbsp;<strong>oferta de capacitaci\u00f3n virtual<\/strong>&nbsp;como una herramienta clave para&nbsp;<strong>democratizar<\/strong>&nbsp;el acceso a la&nbsp;<strong>formaci\u00f3n t\u00e9cnica<\/strong>&nbsp;y profesional en la Rep\u00fablica Dominicana.<\/p>\n\n\n\n<p>A trav\u00e9s de su plataforma&nbsp;<strong>Infotep Virtual<\/strong>&nbsp;(infotepvirtual.com), la instituci\u00f3n ha consolidado un&nbsp;<strong>modelo de capacitaci\u00f3n flexible e innovador&nbsp;<\/strong>que permite a miles de personas formarse desde cualquier lugar,&nbsp;<strong>eliminando barreras geogr\u00e1ficas y de tiempo<\/strong>, para contribuir de manera directa al&nbsp;<strong>cierre de la brecha digital.<\/strong><\/p>\n\n\n\n<p>La directora general del Infotep,&nbsp;<strong>Maira Morla Pineda<\/strong>, resalt\u00f3 que la formaci\u00f3n virtual constituye un pilar fundamental en la&nbsp;<strong>transformaci\u00f3n del modelo de capacitaci\u00f3n<\/strong>.<\/p>\n\n\n\n<pre class=\"wp-block-code\"><code><em>\u201cEstamos llevando la formaci\u00f3n t\u00e9cnico-profesional a cada rinc\u00f3n del pa\u00eds y en muchos lugares en el extranjero donde viven dominicanos, mediante herramientas digitales que permiten mayor acceso, flexibilidad y calidad. La virtualidad no solo ampl\u00eda oportunidades, sino que fortalece las competencias que demanda la econom\u00eda actual\u201d,<\/em>&nbsp;expres\u00f3.<\/code><\/pre>\n\n\n\n<p>De acuerdo con la&nbsp;<strong>Memoria Institucional 2025<\/strong>, el Infotep registr\u00f3 un total de<strong>&nbsp;1,027,791 participantes en acciones formativas a nivel nacional.<\/strong><\/p>\n\n\n\n<p>En ese contexto, la modalidad virtual evidenci\u00f3 un desempe\u00f1o destacado, con&nbsp;<strong>41,976 participantes capacitados durante 2024 y 2025<\/strong>, superando significativamente la meta establecida.<\/p>\n\n\n\n<p>Asimismo, se desarrollaron&nbsp;<strong>1,168 acciones formativas en modalidad virtual<\/strong>, consolidando esta&nbsp;<strong>estrategia<\/strong>&nbsp;como una de las&nbsp;<strong>de mayor crecimiento<\/strong>&nbsp;dentro del sistema de formaci\u00f3n t\u00e9cnico-profesional.<\/p>\n\n\n\n<p>El Infotep ha fortalecido su ecosistema digital mediante la implementaci\u00f3n de&nbsp;<strong>recursos interactivos, metodolog\u00edas innovadoras y acompa\u00f1amiento docente en entornos virtuales<\/strong>, garantizando una experiencia de aprendizaje efectiva y alineada con los&nbsp;<strong>est\u00e1ndares internacionales<\/strong>.<\/p>\n\n\n\n<p>Asimismo, la instituci\u00f3n ha impulsado el acceso a contenidos digitales a trav\u00e9s de su&nbsp;<strong>biblioteca virtual<\/strong>, que dispone de m\u00e1s de 180 materiales formativos, integrando herramientas de&nbsp;<strong>accesibilidad<\/strong>&nbsp;que favorecen&nbsp;<strong>la inclusi\u00f3n y el aprendizaje aut\u00f3nomo.<\/strong><\/p>\n\n\n\n<p>Tambi\u00e9n el&nbsp;<strong>Observatorio de la Formaci\u00f3n T\u00e9cnico Profesional,&nbsp;<\/strong>herramienta concebida como un&nbsp;<strong>mecanismo confiable de consulta<\/strong>&nbsp;para comunicadores, investigadores y tomadores de decisiones, la cual facilita el acceso a&nbsp;<strong>informaci\u00f3n validada<\/strong>&nbsp;sobre sectores econ\u00f3micos, ocupaciones y niveles de empleabilidad.<\/p>\n\n\n\n<p>Con estas acciones, el Infotep reafirma su&nbsp;<strong>compromiso de seguir ampliando su oferta de formaci\u00f3n virtual<\/strong>, integrando nuevas tecnolog\u00edas y contribuyendo al desarrollo de un&nbsp;<strong>capital humano m\u00e1s competitivo<\/strong>, en un entorno cada vez m\u00e1s digital e interconectado.<\/p>\n\n\n\n<p><strong>Ofertas virtuales m\u00e1s demandadas<\/strong><\/p>\n\n\n\n<p>La oferta de Infotep Virtual abarca una diversidad de programas orientados a responder a las&nbsp;<strong>demandas actuales del mercado laboral<\/strong>, especialmente en \u00e1reas vinculadas a la transformaci\u00f3n digital.<\/p>\n\n\n\n<p>Entre las capacitaciones m\u00e1s destacadas se encuentran las relacionadas con&nbsp;<strong>tecnolog\u00edas de la informaci\u00f3n,<\/strong>&nbsp;como ofim\u00e1tica, manejo de herramientas digitales, soporte t\u00e9cnico, programaci\u00f3n b\u00e1sica y desarrollo de habilidades digitales.<\/p>\n\n\n\n<p>Asimismo, se incluyen programas en gesti\u00f3n empresarial, emprendimiento, contabilidad b\u00e1sica, administraci\u00f3n, servicio al cliente y comercio, dise\u00f1ados para fortalecer la&nbsp;<strong>productividad y competitividad de los participantes.<\/strong><\/p>\n\n\n\n<p>De igual manera, la plataforma ofrece formaci\u00f3n en&nbsp;<strong>idiomas, habilidades blandas y competencias transversales<\/strong>, tales como comunicaci\u00f3n efectiva, liderazgo, trabajo en equipo y desarrollo personal, fundamentales en entornos laborales modernos.<\/p>\n\n\n\n<p>Esta variedad de opciones formativas permite a los participantes acceder a capacitaci\u00f3n integral, flexible y adaptada a sus necesidades, consolidando a la&nbsp;<strong>modalidad virtual&nbsp;<\/strong>como una&nbsp;<strong>alternativa clave para ampliar oportunidades de inserci\u00f3n laboral y crecimiento profesional.<\/strong><\/p>\n\n\n\n<p><strong>D\u00eda del Aprendizaje Digital<\/strong><\/p>\n\n\n\n<p>El D\u00eda Mundial del Aprendizaje Digital se celebra&nbsp;<strong>cada 19 de marzo<\/strong>, proclamado por la&nbsp;<strong>Unesco<\/strong>&nbsp;para destacar el&nbsp;<strong>papel de la tecnolog\u00eda en la transformaci\u00f3n educativa<\/strong>, fomentando la innovaci\u00f3n, el acceso equitativo al conocimiento y el cierre de la brecha digital. Esta fecha promueve el uso seguro y efectivo de herramientas tecnol\u00f3gicas en el \u00e1mbito educativo.<\/p>\n","protected":false},"excerpt":{"rendered":"<p>La instituci\u00f3n supera las metas en modalidad virtual, con m\u00e1s de 34,000 participantes capacitados en 2025 y una creciente oferta digital accesible en todo el pa\u00eds.gital accesible en todo el pa\u00eds. Santo Domingo.- Por la ocasi\u00f3n del&nbsp;D\u00eda Mundial del Aprendizaje Digital, el Instituto Nacional de Formaci\u00f3n T\u00e9cnico Profesional&nbsp;(Infotep)&nbsp;destac\u00f3 el crecimiento y el impacto de su&nbsp;oferta [&hellip;]<\/p>\n","protected":false},"author":2,"featured_media":50431,"comment_status":"open","ping_status":"open","sticky":false,"template":"","format":"standard","meta":{"footnotes":""},"categories":[220],"tags":[15035,15034,646,15005],"class_list":{"0":"post-50430","1":"post","2":"type-post","3":"status-publish","4":"format-standard","5":"has-post-thumbnail","7":"category-nacionales","8":"tag-dia-mundial-del-aprendizaje-digital","9":"tag-formacion-virtual","10":"tag-infotep","11":"tag-maira-morla-pineda"},"yoast_head":"<!-- This site is optimized with the Yoast SEO plugin v24.9 - https:\/\/yoast.com\/wordpress\/plugins\/seo\/ -->\n<title>Infotep destaca crecimiento de su programa de formaci\u00f3n virtual en el D\u00eda Mundial del Aprendizaje Digital - BLG Noticias<\/title>\n<meta name=\"robots\" content=\"index, follow, max-snippet:-1, max-image-preview:large, max-video-preview:-1\" \/>\n<link rel=\"canonical\" href=\"https:\/\/blgnoticiassantodomingo.net\/index.php\/2026\/03\/20\/infotep-destaca-crecimiento-de-su-programa-de-formacion-virtual-en-el-dia-mundial-del-aprendizaje-digital\/\" \/>\n<meta property=\"og:locale\" content=\"es_ES\" \/>\n<meta property=\"og:type\" content=\"article\" \/>\n<meta property=\"og:title\" content=\"Infotep destaca crecimiento de su programa de formaci\u00f3n virtual en el D\u00eda Mundial del Aprendizaje Digital - BLG Noticias\" \/>\n<meta property=\"og:description\" content=\"La instituci\u00f3n supera las metas en modalidad virtual, con m\u00e1s de 34,000 participantes capacitados en 2025 y una creciente oferta digital accesible en todo el pa\u00eds.gital accesible en todo el pa\u00eds. Santo Domingo.- Por la ocasi\u00f3n del&nbsp;D\u00eda Mundial del Aprendizaje Digital, el Instituto Nacional de Formaci\u00f3n T\u00e9cnico Profesional&nbsp;(Infotep)&nbsp;destac\u00f3 el crecimiento y el impacto de su&nbsp;oferta [&hellip;]\" \/>\n<meta property=\"og:url\" content=\"https:\/\/blgnoticiassantodomingo.net\/index.php\/2026\/03\/20\/infotep-destaca-crecimiento-de-su-programa-de-formacion-virtual-en-el-dia-mundial-del-aprendizaje-digital\/\" \/>\n<meta property=\"og:site_name\" content=\"BLG Noticias\" \/>\n<meta property=\"article:publisher\" content=\"https:\/\/web.facebook.com\/BlgNoticias\/?locale=es_LA&amp;_rdc=1&amp;_rdr\" \/>\n<meta property=\"article:published_time\" content=\"2026-03-20T15:13:11+00:00\" \/>\n<meta property=\"article:modified_time\" content=\"2026-03-20T15:13:17+00:00\" \/>\n<meta property=\"og:image\" content=\"http:\/\/blgnoticiassantodomingo.net\/wp-content\/uploads\/2026\/03\/Participante-del-INFOTEP-haciendo-uso-de-aprendisaje-digital.jpeg\" \/>\n\t<meta property=\"og:image:width\" content=\"1300\" \/>\n\t<meta property=\"og:image:height\" content=\"731\" \/>\n\t<meta property=\"og:image:type\" content=\"image\/jpeg\" \/>\n<meta name=\"author\" content=\"Brenda Guerrero\" \/>\n<meta name=\"twitter:card\" content=\"summary_large_image\" \/>\n<meta name=\"twitter:creator\" content=\"@BlgNoticias\" \/>\n<meta name=\"twitter:site\" content=\"@BlgNoticias\" \/>\n<meta name=\"twitter:label1\" content=\"Escrito por\" \/>\n\t<meta name=\"twitter:data1\" content=\"Brenda Guerrero\" \/>\n\t<meta name=\"twitter:label2\" content=\"Tiempo de lectura\" \/>\n\t<meta name=\"twitter:data2\" content=\"3 minutos\" \/>\n<script type=\"application\/ld+json\" class=\"yoast-schema-graph\">{\"@context\":\"https:\/\/schema.org\",\"@graph\":[{\"@type\":\"Article\",\"@id\":\"https:\/\/blgnoticiassantodomingo.net\/index.php\/2026\/03\/20\/infotep-destaca-crecimiento-de-su-programa-de-formacion-virtual-en-el-dia-mundial-del-aprendizaje-digital\/#article\",\"isPartOf\":{\"@id\":\"https:\/\/blgnoticiassantodomingo.net\/index.php\/2026\/03\/20\/infotep-destaca-crecimiento-de-su-programa-de-formacion-virtual-en-el-dia-mundial-del-aprendizaje-digital\/\"},\"author\":{\"name\":\"Brenda Guerrero\",\"@id\":\"https:\/\/blgnoticiassantodomingo.net\/#\/schema\/person\/e2fc21cf88acc63dbd134be981bff374\"},\"headline\":\"Infotep destaca crecimiento de su programa de formaci\u00f3n virtual en el D\u00eda Mundial del Aprendizaje Digital\",\"datePublished\":\"2026-03-20T15:13:11+00:00\",\"dateModified\":\"2026-03-20T15:13:17+00:00\",\"mainEntityOfPage\":{\"@id\":\"https:\/\/blgnoticiassantodomingo.net\/index.php\/2026\/03\/20\/infotep-destaca-crecimiento-de-su-programa-de-formacion-virtual-en-el-dia-mundial-del-aprendizaje-digital\/\"},\"wordCount\":705,\"commentCount\":0,\"publisher\":{\"@id\":\"https:\/\/blgnoticiassantodomingo.net\/#organization\"},\"image\":{\"@id\":\"https:\/\/blgnoticiassantodomingo.net\/index.php\/2026\/03\/20\/infotep-destaca-crecimiento-de-su-programa-de-formacion-virtual-en-el-dia-mundial-del-aprendizaje-digital\/#primaryimage\"},\"thumbnailUrl\":\"https:\/\/blgnoticiassantodomingo.net\/wp-content\/uploads\/2026\/03\/Participante-del-INFOTEP-haciendo-uso-de-aprendisaje-digital.jpeg\",\"keywords\":[\"D\u00eda Mundial del Aprendizaje Digital\",\"formaci\u00f3n virtual\",\"Infotep\",\"Maira Morla Pineda\"],\"articleSection\":[\"Nacionales\"],\"inLanguage\":\"es\",\"potentialAction\":[{\"@type\":\"CommentAction\",\"name\":\"Comment\",\"target\":[\"https:\/\/blgnoticiassantodomingo.net\/index.php\/2026\/03\/20\/infotep-destaca-crecimiento-de-su-programa-de-formacion-virtual-en-el-dia-mundial-del-aprendizaje-digital\/#respond\"]}]},{\"@type\":\"WebPage\",\"@id\":\"https:\/\/blgnoticiassantodomingo.net\/index.php\/2026\/03\/20\/infotep-destaca-crecimiento-de-su-programa-de-formacion-virtual-en-el-dia-mundial-del-aprendizaje-digital\/\",\"url\":\"https:\/\/blgnoticiassantodomingo.net\/index.php\/2026\/03\/20\/infotep-destaca-crecimiento-de-su-programa-de-formacion-virtual-en-el-dia-mundial-del-aprendizaje-digital\/\",\"name\":\"Infotep destaca crecimiento de su programa de formaci\u00f3n virtual en el D\u00eda Mundial del Aprendizaje Digital - BLG Noticias\",\"isPartOf\":{\"@id\":\"https:\/\/blgnoticiassantodomingo.net\/#website\"},\"primaryImageOfPage\":{\"@id\":\"https:\/\/blgnoticiassantodomingo.net\/index.php\/2026\/03\/20\/infotep-destaca-crecimiento-de-su-programa-de-formacion-virtual-en-el-dia-mundial-del-aprendizaje-digital\/#primaryimage\"},\"image\":{\"@id\":\"https:\/\/blgnoticiassantodomingo.net\/index.php\/2026\/03\/20\/infotep-destaca-crecimiento-de-su-programa-de-formacion-virtual-en-el-dia-mundial-del-aprendizaje-digital\/#primaryimage\"},\"thumbnailUrl\":\"https:\/\/blgnoticiassantodomingo.net\/wp-content\/uploads\/2026\/03\/Participante-del-INFOTEP-haciendo-uso-de-aprendisaje-digital.jpeg\",\"datePublished\":\"2026-03-20T15:13:11+00:00\",\"dateModified\":\"2026-03-20T15:13:17+00:00\",\"breadcrumb\":{\"@id\":\"https:\/\/blgnoticiassantodomingo.net\/index.php\/2026\/03\/20\/infotep-destaca-crecimiento-de-su-programa-de-formacion-virtual-en-el-dia-mundial-del-aprendizaje-digital\/#breadcrumb\"},\"inLanguage\":\"es\",\"potentialAction\":[{\"@type\":\"ReadAction\",\"target\":[\"https:\/\/blgnoticiassantodomingo.net\/index.php\/2026\/03\/20\/infotep-destaca-crecimiento-de-su-programa-de-formacion-virtual-en-el-dia-mundial-del-aprendizaje-digital\/\"]}]},{\"@type\":\"ImageObject\",\"inLanguage\":\"es\",\"@id\":\"https:\/\/blgnoticiassantodomingo.net\/index.php\/2026\/03\/20\/infotep-destaca-crecimiento-de-su-programa-de-formacion-virtual-en-el-dia-mundial-del-aprendizaje-digital\/#primaryimage\",\"url\":\"https:\/\/blgnoticiassantodomingo.net\/wp-content\/uploads\/2026\/03\/Participante-del-INFOTEP-haciendo-uso-de-aprendisaje-digital.jpeg\",\"contentUrl\":\"https:\/\/blgnoticiassantodomingo.net\/wp-content\/uploads\/2026\/03\/Participante-del-INFOTEP-haciendo-uso-de-aprendisaje-digital.jpeg\",\"width\":1300,\"height\":731},{\"@type\":\"BreadcrumbList\",\"@id\":\"https:\/\/blgnoticiassantodomingo.net\/index.php\/2026\/03\/20\/infotep-destaca-crecimiento-de-su-programa-de-formacion-virtual-en-el-dia-mundial-del-aprendizaje-digital\/#breadcrumb\",\"itemListElement\":[{\"@type\":\"ListItem\",\"position\":1,\"name\":\"Portada\",\"item\":\"https:\/\/blgnoticiassantodomingo.net\/\"},{\"@type\":\"ListItem\",\"position\":2,\"name\":\"Infotep destaca crecimiento de su programa de formaci\u00f3n virtual en el D\u00eda Mundial del Aprendizaje Digital\"}]},{\"@type\":\"WebSite\",\"@id\":\"https:\/\/blgnoticiassantodomingo.net\/#website\",\"url\":\"https:\/\/blgnoticiassantodomingo.net\/\",\"name\":\"BLG Noticias\",\"description\":\"Esto es Noticias\",\"publisher\":{\"@id\":\"https:\/\/blgnoticiassantodomingo.net\/#organization\"},\"potentialAction\":[{\"@type\":\"SearchAction\",\"target\":{\"@type\":\"EntryPoint\",\"urlTemplate\":\"https:\/\/blgnoticiassantodomingo.net\/?s={search_term_string}\"},\"query-input\":{\"@type\":\"PropertyValueSpecification\",\"valueRequired\":true,\"valueName\":\"search_term_string\"}}],\"inLanguage\":\"es\"},{\"@type\":\"Organization\",\"@id\":\"https:\/\/blgnoticiassantodomingo.net\/#organization\",\"name\":\"BLG Noticias\",\"url\":\"https:\/\/blgnoticiassantodomingo.net\/\",\"logo\":{\"@type\":\"ImageObject\",\"inLanguage\":\"es\",\"@id\":\"https:\/\/blgnoticiassantodomingo.net\/#\/schema\/logo\/image\/\",\"url\":\"https:\/\/blgnoticiassantodomingo.net\/wp-content\/uploads\/2023\/12\/Diseno-sin-titulo-3.jpg\",\"contentUrl\":\"https:\/\/blgnoticiassantodomingo.net\/wp-content\/uploads\/2023\/12\/Diseno-sin-titulo-3.jpg\",\"width\":500,\"height\":500,\"caption\":\"BLG Noticias\"},\"image\":{\"@id\":\"https:\/\/blgnoticiassantodomingo.net\/#\/schema\/logo\/image\/\"},\"sameAs\":[\"https:\/\/web.facebook.com\/BlgNoticias\/?locale=es_LA&_rdc=1&_rdr\",\"https:\/\/x.com\/BlgNoticias\",\"https:\/\/www.linkedin.com\/in\/brenda-l-santana-aa846279\/\"]},{\"@type\":\"Person\",\"@id\":\"https:\/\/blgnoticiassantodomingo.net\/#\/schema\/person\/e2fc21cf88acc63dbd134be981bff374\",\"name\":\"Brenda Guerrero\",\"image\":{\"@type\":\"ImageObject\",\"inLanguage\":\"es\",\"@id\":\"https:\/\/blgnoticiassantodomingo.net\/#\/schema\/person\/image\/\",\"url\":\"https:\/\/secure.gravatar.com\/avatar\/2f7fc4c3e3655be1580cb684bfd8ab19be702ae20879da1e072021daa02f9b8b?s=96&d=wp_user_avatar&r=g\",\"contentUrl\":\"https:\/\/secure.gravatar.com\/avatar\/2f7fc4c3e3655be1580cb684bfd8ab19be702ae20879da1e072021daa02f9b8b?s=96&d=wp_user_avatar&r=g\",\"caption\":\"Brenda Guerrero\"},\"description\":\"Periodista\",\"url\":\"https:\/\/blgnoticiassantodomingo.net\/index.php\/author\/brenda-guerrero\/\"}]}<\/script>\n<!-- \/ Yoast SEO plugin. -->","yoast_head_json":{"title":"Infotep destaca crecimiento de su programa de formaci\u00f3n virtual en el D\u00eda Mundial del Aprendizaje Digital - BLG Noticias","robots":{"index":"index","follow":"follow","max-snippet":"max-snippet:-1","max-image-preview":"max-image-preview:large","max-video-preview":"max-video-preview:-1"},"canonical":"https:\/\/blgnoticiassantodomingo.net\/index.php\/2026\/03\/20\/infotep-destaca-crecimiento-de-su-programa-de-formacion-virtual-en-el-dia-mundial-del-aprendizaje-digital\/","og_locale":"es_ES","og_type":"article","og_title":"Infotep destaca crecimiento de su programa de formaci\u00f3n virtual en el D\u00eda Mundial del Aprendizaje Digital - BLG Noticias","og_description":"La instituci\u00f3n supera las metas en modalidad virtual, con m\u00e1s de 34,000 participantes capacitados en 2025 y una creciente oferta digital accesible en todo el pa\u00eds.gital accesible en todo el pa\u00eds. Santo Domingo.- Por la ocasi\u00f3n del&nbsp;D\u00eda Mundial del Aprendizaje Digital, el Instituto Nacional de Formaci\u00f3n T\u00e9cnico Profesional&nbsp;(Infotep)&nbsp;destac\u00f3 el crecimiento y el impacto de su&nbsp;oferta [&hellip;]","og_url":"https:\/\/blgnoticiassantodomingo.net\/index.php\/2026\/03\/20\/infotep-destaca-crecimiento-de-su-programa-de-formacion-virtual-en-el-dia-mundial-del-aprendizaje-digital\/","og_site_name":"BLG Noticias","article_publisher":"https:\/\/web.facebook.com\/BlgNoticias\/?locale=es_LA&_rdc=1&_rdr","article_published_time":"2026-03-20T15:13:11+00:00","article_modified_time":"2026-03-20T15:13:17+00:00","og_image":[{"width":1300,"height":731,"url":"http:\/\/blgnoticiassantodomingo.net\/wp-content\/uploads\/2026\/03\/Participante-del-INFOTEP-haciendo-uso-de-aprendisaje-digital.jpeg","type":"image\/jpeg"}],"author":"Brenda Guerrero","twitter_card":"summary_large_image","twitter_creator":"@BlgNoticias","twitter_site":"@BlgNoticias","twitter_misc":{"Escrito por":"Brenda Guerrero","Tiempo de lectura":"3 minutos"},"schema":{"@context":"https:\/\/schema.org","@graph":[{"@type":"Article","@id":"https:\/\/blgnoticiassantodomingo.net\/index.php\/2026\/03\/20\/infotep-destaca-crecimiento-de-su-programa-de-formacion-virtual-en-el-dia-mundial-del-aprendizaje-digital\/#article","isPartOf":{"@id":"https:\/\/blgnoticiassantodomingo.net\/index.php\/2026\/03\/20\/infotep-destaca-crecimiento-de-su-programa-de-formacion-virtual-en-el-dia-mundial-del-aprendizaje-digital\/"},"author":{"name":"Brenda Guerrero","@id":"https:\/\/blgnoticiassantodomingo.net\/#\/schema\/person\/e2fc21cf88acc63dbd134be981bff374"},"headline":"Infotep destaca crecimiento de su programa de formaci\u00f3n virtual en el D\u00eda Mundial del Aprendizaje Digital","datePublished":"2026-03-20T15:13:11+00:00","dateModified":"2026-03-20T15:13:17+00:00","mainEntityOfPage":{"@id":"https:\/\/blgnoticiassantodomingo.net\/index.php\/2026\/03\/20\/infotep-destaca-crecimiento-de-su-programa-de-formacion-virtual-en-el-dia-mundial-del-aprendizaje-digital\/"},"wordCount":705,"commentCount":0,"publisher":{"@id":"https:\/\/blgnoticiassantodomingo.net\/#organization"},"image":{"@id":"https:\/\/blgnoticiassantodomingo.net\/index.php\/2026\/03\/20\/infotep-destaca-crecimiento-de-su-programa-de-formacion-virtual-en-el-dia-mundial-del-aprendizaje-digital\/#primaryimage"},"thumbnailUrl":"https:\/\/blgnoticiassantodomingo.net\/wp-content\/uploads\/2026\/03\/Participante-del-INFOTEP-haciendo-uso-de-aprendisaje-digital.jpeg","keywords":["D\u00eda Mundial del Aprendizaje Digital","formaci\u00f3n virtual","Infotep","Maira Morla Pineda"],"articleSection":["Nacionales"],"inLanguage":"es","potentialAction":[{"@type":"CommentAction","name":"Comment","target":["https:\/\/blgnoticiassantodomingo.net\/index.php\/2026\/03\/20\/infotep-destaca-crecimiento-de-su-programa-de-formacion-virtual-en-el-dia-mundial-del-aprendizaje-digital\/#respond"]}]},{"@type":"WebPage","@id":"https:\/\/blgnoticiassantodomingo.net\/index.php\/2026\/03\/20\/infotep-destaca-crecimiento-de-su-programa-de-formacion-virtual-en-el-dia-mundial-del-aprendizaje-digital\/","url":"https:\/\/blgnoticiassantodomingo.net\/index.php\/2026\/03\/20\/infotep-destaca-crecimiento-de-su-programa-de-formacion-virtual-en-el-dia-mundial-del-aprendizaje-digital\/","name":"Infotep destaca crecimiento de su programa de formaci\u00f3n virtual en el D\u00eda Mundial del Aprendizaje Digital - BLG Noticias","isPartOf":{"@id":"https:\/\/blgnoticiassantodomingo.net\/#website"},"primaryImageOfPage":{"@id":"https:\/\/blgnoticiassantodomingo.net\/index.php\/2026\/03\/20\/infotep-destaca-crecimiento-de-su-programa-de-formacion-virtual-en-el-dia-mundial-del-aprendizaje-digital\/#primaryimage"},"image":{"@id":"https:\/\/blgnoticiassantodomingo.net\/index.php\/2026\/03\/20\/infotep-destaca-crecimiento-de-su-programa-de-formacion-virtual-en-el-dia-mundial-del-aprendizaje-digital\/#primaryimage"},"thumbnailUrl":"https:\/\/blgnoticiassantodomingo.net\/wp-content\/uploads\/2026\/03\/Participante-del-INFOTEP-haciendo-uso-de-aprendisaje-digital.jpeg","datePublished":"2026-03-20T15:13:11+00:00","dateModified":"2026-03-20T15:13:17+00:00","breadcrumb":{"@id":"https:\/\/blgnoticiassantodomingo.net\/index.php\/2026\/03\/20\/infotep-destaca-crecimiento-de-su-programa-de-formacion-virtual-en-el-dia-mundial-del-aprendizaje-digital\/#breadcrumb"},"inLanguage":"es","potentialAction":[{"@type":"ReadAction","target":["https:\/\/blgnoticiassantodomingo.net\/index.php\/2026\/03\/20\/infotep-destaca-crecimiento-de-su-programa-de-formacion-virtual-en-el-dia-mundial-del-aprendizaje-digital\/"]}]},{"@type":"ImageObject","inLanguage":"es","@id":"https:\/\/blgnoticiassantodomingo.net\/index.php\/2026\/03\/20\/infotep-destaca-crecimiento-de-su-programa-de-formacion-virtual-en-el-dia-mundial-del-aprendizaje-digital\/#primaryimage","url":"https:\/\/blgnoticiassantodomingo.net\/wp-content\/uploads\/2026\/03\/Participante-del-INFOTEP-haciendo-uso-de-aprendisaje-digital.jpeg","contentUrl":"https:\/\/blgnoticiassantodomingo.net\/wp-content\/uploads\/2026\/03\/Participante-del-INFOTEP-haciendo-uso-de-aprendisaje-digital.jpeg","width":1300,"height":731},{"@type":"BreadcrumbList","@id":"https:\/\/blgnoticiassantodomingo.net\/index.php\/2026\/03\/20\/infotep-destaca-crecimiento-de-su-programa-de-formacion-virtual-en-el-dia-mundial-del-aprendizaje-digital\/#breadcrumb","itemListElement":[{"@type":"ListItem","position":1,"name":"Portada","item":"https:\/\/blgnoticiassantodomingo.net\/"},{"@type":"ListItem","position":2,"name":"Infotep destaca crecimiento de su programa de formaci\u00f3n virtual en el D\u00eda Mundial del Aprendizaje Digital"}]},{"@type":"WebSite","@id":"https:\/\/blgnoticiassantodomingo.net\/#website","url":"https:\/\/blgnoticiassantodomingo.net\/","name":"BLG Noticias","description":"Esto es Noticias","publisher":{"@id":"https:\/\/blgnoticiassantodomingo.net\/#organization"},"potentialAction":[{"@type":"SearchAction","target":{"@type":"EntryPoint","urlTemplate":"https:\/\/blgnoticiassantodomingo.net\/?s={search_term_string}"},"query-input":{"@type":"PropertyValueSpecification","valueRequired":true,"valueName":"search_term_string"}}],"inLanguage":"es"},{"@type":"Organization","@id":"https:\/\/blgnoticiassantodomingo.net\/#organization","name":"BLG Noticias","url":"https:\/\/blgnoticiassantodomingo.net\/","logo":{"@type":"ImageObject","inLanguage":"es","@id":"https:\/\/blgnoticiassantodomingo.net\/#\/schema\/logo\/image\/","url":"https:\/\/blgnoticiassantodomingo.net\/wp-content\/uploads\/2023\/12\/Diseno-sin-titulo-3.jpg","contentUrl":"https:\/\/blgnoticiassantodomingo.net\/wp-content\/uploads\/2023\/12\/Diseno-sin-titulo-3.jpg","width":500,"height":500,"caption":"BLG Noticias"},"image":{"@id":"https:\/\/blgnoticiassantodomingo.net\/#\/schema\/logo\/image\/"},"sameAs":["https:\/\/web.facebook.com\/BlgNoticias\/?locale=es_LA&_rdc=1&_rdr","https:\/\/x.com\/BlgNoticias","https:\/\/www.linkedin.com\/in\/brenda-l-santana-aa846279\/"]},{"@type":"Person","@id":"https:\/\/blgnoticiassantodomingo.net\/#\/schema\/person\/e2fc21cf88acc63dbd134be981bff374","name":"Brenda Guerrero","image":{"@type":"ImageObject","inLanguage":"es","@id":"https:\/\/blgnoticiassantodomingo.net\/#\/schema\/person\/image\/","url":"https:\/\/secure.gravatar.com\/avatar\/2f7fc4c3e3655be1580cb684bfd8ab19be702ae20879da1e072021daa02f9b8b?s=96&d=wp_user_avatar&r=g","contentUrl":"https:\/\/secure.gravatar.com\/avatar\/2f7fc4c3e3655be1580cb684bfd8ab19be702ae20879da1e072021daa02f9b8b?s=96&d=wp_user_avatar&r=g","caption":"Brenda Guerrero"},"description":"Periodista","url":"https:\/\/blgnoticiassantodomingo.net\/index.php\/author\/brenda-guerrero\/"}]}},"jetpack_featured_media_url":"https:\/\/blgnoticiassantodomingo.net\/wp-content\/uploads\/2026\/03\/Participante-del-INFOTEP-haciendo-uso-de-aprendisaje-digital.jpeg","_links":{"self":[{"href":"https:\/\/blgnoticiassantodomingo.net\/index.php\/wp-json\/wp\/v2\/posts\/50430","targetHints":{"allow":["GET"]}}],"collection":[{"href":"https:\/\/blgnoticiassantodomingo.net\/index.php\/wp-json\/wp\/v2\/posts"}],"about":[{"href":"https:\/\/blgnoticiassantodomingo.net\/index.php\/wp-json\/wp\/v2\/types\/post"}],"author":[{"embeddable":true,"href":"https:\/\/blgnoticiassantodomingo.net\/index.php\/wp-json\/wp\/v2\/users\/2"}],"replies":[{"embeddable":true,"href":"https:\/\/blgnoticiassantodomingo.net\/index.php\/wp-json\/wp\/v2\/comments?post=50430"}],"version-history":[{"count":1,"href":"https:\/\/blgnoticiassantodomingo.net\/index.php\/wp-json\/wp\/v2\/posts\/50430\/revisions"}],"predecessor-version":[{"id":50432,"href":"https:\/\/blgnoticiassantodomingo.net\/index.php\/wp-json\/wp\/v2\/posts\/50430\/revisions\/50432"}],"wp:featuredmedia":[{"embeddable":true,"href":"https:\/\/blgnoticiassantodomingo.net\/index.php\/wp-json\/wp\/v2\/media\/50431"}],"wp:attachment":[{"href":"https:\/\/blgnoticiassantodomingo.net\/index.php\/wp-json\/wp\/v2\/media?parent=50430"}],"wp:term":[{"taxonomy":"category","embeddable":true,"href":"https:\/\/blgnoticiassantodomingo.net\/index.php\/wp-json\/wp\/v2\/categories?post=50430"},{"taxonomy":"post_tag","embeddable":true,"href":"https:\/\/blgnoticiassantodomingo.net\/index.php\/wp-json\/wp\/v2\/tags?post=50430"}],"curies":[{"name":"wp","href":"https:\/\/api.w.org\/{rel}","templated":true}]}}