{"id":49985,"date":"2026-03-02T14:35:04","date_gmt":"2026-03-02T18:35:04","guid":{"rendered":"https:\/\/blgnoticiassantodomingo.net\/?p=49985"},"modified":"2026-03-02T14:35:11","modified_gmt":"2026-03-02T18:35:11","slug":"mitur-se-reune-con-el-banco-mundial-y-presento-plan-estrategico-para-el-desarrollo-turistico-de-pedernales-y-la-region-enriquillo","status":"publish","type":"post","link":"https:\/\/blgnoticiassantodomingo.net\/index.php\/2026\/03\/02\/mitur-se-reune-con-el-banco-mundial-y-presento-plan-estrategico-para-el-desarrollo-turistico-de-pedernales-y-la-region-enriquillo\/","title":{"rendered":"MITUR se re\u00fane con el Banco Mundial y present\u00f3 plan estrat\u00e9gico para el desarrollo tur\u00edstico de Pedernales y la regi\u00f3n Enriquillo"},"content":{"rendered":"\n<p>Santo Domingo, RD. El viceministro de Cooperaci\u00f3n Internacional del Mitur y director ejecutivo de la Comisi\u00f3n presidencial para el desarrollo tur\u00edstico de Pedernales, Carlos Peguero, realiz\u00f3 una reuni\u00f3n con representantes del Banco Mundial integrada por especialistas del Banco Internacional de Reconstrucci\u00f3n y Fomento (BIRF) y de la Corporaci\u00f3n Financiera Internacional (IFC), en la cual se present\u00f3 el plan integral de la provincia Pedernales y la regi\u00f3n Enriquillo.<\/p>\n\n\n\n<p>Este encuentro refuerza la colaboraci\u00f3n entre el Gobierno dominicano y el Banco Mundial, en el marco de una misi\u00f3n que busca impulsar el desarrollo tur\u00edstico de Cabo Rojo como motor econ\u00f3mico e inclusivo para la regi\u00f3n Enriquillo.<\/p>\n\n\n\n<p>La misi\u00f3n se enmarca en el trabajo colaborativo del Banco Mundial para apoyar el destino tur\u00edstico Cabo Rojo y busca iniciar una asistencia t\u00e9cnica no reembolsable orientada a identificar las inversiones necesarias para que el destino se consolide como un referente de desarrollo regional.<\/p>\n\n\n\n<figure class=\"wp-block-image size-large\"><img decoding=\"async\" width=\"1024\" height=\"683\" src=\"https:\/\/blgnoticiassantodomingo.net\/wp-content\/uploads\/2026\/03\/WhatsApp-Image-2026-03-01-at-12.16.18-PM-1024x683.jpeg\" alt=\"\" class=\"wp-image-49987\" srcset=\"https:\/\/blgnoticiassantodomingo.net\/wp-content\/uploads\/2026\/03\/WhatsApp-Image-2026-03-01-at-12.16.18-PM-1024x683.jpeg 1024w, https:\/\/blgnoticiassantodomingo.net\/wp-content\/uploads\/2026\/03\/WhatsApp-Image-2026-03-01-at-12.16.18-PM-300x200.jpeg 300w, https:\/\/blgnoticiassantodomingo.net\/wp-content\/uploads\/2026\/03\/WhatsApp-Image-2026-03-01-at-12.16.18-PM-768x512.jpeg 768w, https:\/\/blgnoticiassantodomingo.net\/wp-content\/uploads\/2026\/03\/WhatsApp-Image-2026-03-01-at-12.16.18-PM-1536x1024.jpeg 1536w, https:\/\/blgnoticiassantodomingo.net\/wp-content\/uploads\/2026\/03\/WhatsApp-Image-2026-03-01-at-12.16.18-PM-630x420.jpeg 630w, https:\/\/blgnoticiassantodomingo.net\/wp-content\/uploads\/2026\/03\/WhatsApp-Image-2026-03-01-at-12.16.18-PM-150x100.jpeg 150w, https:\/\/blgnoticiassantodomingo.net\/wp-content\/uploads\/2026\/03\/WhatsApp-Image-2026-03-01-at-12.16.18-PM-696x464.jpeg 696w, https:\/\/blgnoticiassantodomingo.net\/wp-content\/uploads\/2026\/03\/WhatsApp-Image-2026-03-01-at-12.16.18-PM-1068x712.jpeg 1068w, https:\/\/blgnoticiassantodomingo.net\/wp-content\/uploads\/2026\/03\/WhatsApp-Image-2026-03-01-at-12.16.18-PM.jpeg 1600w\" sizes=\"(max-width: 1024px) 100vw, 1024px\" \/><\/figure>\n\n\n\n<p>La visita oficial se desarroll\u00f3 con la participaci\u00f3n de especialistas del Banco Internacional de Reconstrucci\u00f3n y Fomento (BIRF) y de la Corporaci\u00f3n Financiera Internacional (IFC).<\/p>\n\n\n\n<p>En el curso del encuentro, el viceministro Peguero, present\u00f3 el plan integral para Pedernales y la regi\u00f3n Enriquillo, estructurado en dos ejes estrat\u00e9gicos, la inversi\u00f3n a trav\u00e9s del Fideicomiso Pro-Pedernales y la implementaci\u00f3n de pol\u00edticas p\u00fablicas orientadas a la sostenibilidad y el bienestar social.<\/p>\n\n\n\n<p>Adem\u00e1s, destac\u00f3 que el proyecto prioriza la mejora de los servicios b\u00e1sicos, el fortalecimiento del capital humano y la generaci\u00f3n de oportunidades para las comunidades locales.<\/p>\n\n\n\n<pre class=\"wp-block-code\"><code>\u201cEn su primera etapa, Cabo Rojo contempla la construcci\u00f3n de aproximadamente 4,700 habitaciones hoteleras, lo que generar\u00e1 empleos directos e indirectos y dinamizar\u00e1 la econom\u00eda del sur\u201d, puntualiz\u00f3 Peguero.<\/code><\/pre>\n\n\n\n<p>Durante la misi\u00f3n, la delegaci\u00f3n del Banco Mundial realizar\u00e1 visitas de campo y sostendr\u00e1 reuniones con autoridades y actores clave de los sectores turismo, planificaci\u00f3n y desarrollo regional.<\/p>\n\n\n\n<p>Los especialistas trabajar\u00e1n junto al Gobierno dominicano para consolidar a Cabo Rojo como un destino tur\u00edstico de alto nivel y como catalizador del desarrollo econ\u00f3mico y social en la regi\u00f3n Enriquillo.<\/p>\n","protected":false},"excerpt":{"rendered":"<p>Santo Domingo, RD. El viceministro de Cooperaci\u00f3n Internacional del Mitur y director ejecutivo de la Comisi\u00f3n presidencial para el desarrollo tur\u00edstico de Pedernales, Carlos Peguero, realiz\u00f3 una reuni\u00f3n con representantes del Banco Mundial integrada por especialistas del Banco Internacional de Reconstrucci\u00f3n y Fomento (BIRF) y de la Corporaci\u00f3n Financiera Internacional (IFC), en la cual se [&hellip;]<\/p>\n","protected":false},"author":2,"featured_media":49986,"comment_status":"open","ping_status":"open","sticky":false,"template":"","format":"standard","meta":{"footnotes":""},"categories":[14562],"tags":[14860,830,14859,2415],"class_list":{"0":"post-49985","1":"post","2":"type-post","3":"status-publish","4":"format-standard","5":"has-post-thumbnail","7":"category-turismo","8":"tag-banco-internacional-de-reconstruccion-y-fomento-birf","9":"tag-banco-mundial","10":"tag-carlos-peguero","11":"tag-mitur"},"yoast_head":"<!-- This site is optimized with the Yoast SEO plugin v24.9 - https:\/\/yoast.com\/wordpress\/plugins\/seo\/ -->\n<title>MITUR se re\u00fane con el Banco Mundial y present\u00f3 plan estrat\u00e9gico para el desarrollo tur\u00edstico de Pedernales y la regi\u00f3n Enriquillo - BLG Noticias<\/title>\n<meta name=\"robots\" content=\"index, follow, max-snippet:-1, max-image-preview:large, max-video-preview:-1\" \/>\n<link rel=\"canonical\" href=\"https:\/\/blgnoticiassantodomingo.net\/index.php\/2026\/03\/02\/mitur-se-reune-con-el-banco-mundial-y-presento-plan-estrategico-para-el-desarrollo-turistico-de-pedernales-y-la-region-enriquillo\/\" \/>\n<meta property=\"og:locale\" content=\"es_ES\" \/>\n<meta property=\"og:type\" content=\"article\" \/>\n<meta property=\"og:title\" content=\"MITUR se re\u00fane con el Banco Mundial y present\u00f3 plan estrat\u00e9gico para el desarrollo tur\u00edstico de Pedernales y la regi\u00f3n Enriquillo - BLG Noticias\" \/>\n<meta property=\"og:description\" content=\"Santo Domingo, RD. El viceministro de Cooperaci\u00f3n Internacional del Mitur y director ejecutivo de la Comisi\u00f3n presidencial para el desarrollo tur\u00edstico de Pedernales, Carlos Peguero, realiz\u00f3 una reuni\u00f3n con representantes del Banco Mundial integrada por especialistas del Banco Internacional de Reconstrucci\u00f3n y Fomento (BIRF) y de la Corporaci\u00f3n Financiera Internacional (IFC), en la cual se [&hellip;]\" \/>\n<meta property=\"og:url\" content=\"https:\/\/blgnoticiassantodomingo.net\/index.php\/2026\/03\/02\/mitur-se-reune-con-el-banco-mundial-y-presento-plan-estrategico-para-el-desarrollo-turistico-de-pedernales-y-la-region-enriquillo\/\" \/>\n<meta property=\"og:site_name\" content=\"BLG Noticias\" \/>\n<meta property=\"article:publisher\" content=\"https:\/\/web.facebook.com\/BlgNoticias\/?locale=es_LA&amp;_rdc=1&amp;_rdr\" \/>\n<meta property=\"article:published_time\" content=\"2026-03-02T18:35:04+00:00\" \/>\n<meta property=\"article:modified_time\" content=\"2026-03-02T18:35:11+00:00\" \/>\n<meta property=\"og:image\" content=\"http:\/\/blgnoticiassantodomingo.net\/wp-content\/uploads\/2026\/03\/WhatsApp-Image-2026-03-01-at-12.16.19-PM.jpeg\" \/>\n\t<meta property=\"og:image:width\" content=\"1600\" \/>\n\t<meta property=\"og:image:height\" content=\"1034\" \/>\n\t<meta property=\"og:image:type\" content=\"image\/jpeg\" \/>\n<meta name=\"author\" content=\"Brenda Guerrero\" \/>\n<meta name=\"twitter:card\" content=\"summary_large_image\" \/>\n<meta name=\"twitter:creator\" content=\"@BlgNoticias\" \/>\n<meta name=\"twitter:site\" content=\"@BlgNoticias\" \/>\n<meta name=\"twitter:label1\" content=\"Escrito por\" \/>\n\t<meta name=\"twitter:data1\" content=\"Brenda Guerrero\" \/>\n\t<meta name=\"twitter:label2\" content=\"Tiempo de lectura\" \/>\n\t<meta name=\"twitter:data2\" content=\"2 minutos\" \/>\n<script type=\"application\/ld+json\" class=\"yoast-schema-graph\">{\"@context\":\"https:\/\/schema.org\",\"@graph\":[{\"@type\":\"Article\",\"@id\":\"https:\/\/blgnoticiassantodomingo.net\/index.php\/2026\/03\/02\/mitur-se-reune-con-el-banco-mundial-y-presento-plan-estrategico-para-el-desarrollo-turistico-de-pedernales-y-la-region-enriquillo\/#article\",\"isPartOf\":{\"@id\":\"https:\/\/blgnoticiassantodomingo.net\/index.php\/2026\/03\/02\/mitur-se-reune-con-el-banco-mundial-y-presento-plan-estrategico-para-el-desarrollo-turistico-de-pedernales-y-la-region-enriquillo\/\"},\"author\":{\"name\":\"Brenda Guerrero\",\"@id\":\"https:\/\/blgnoticiassantodomingo.net\/#\/schema\/person\/e2fc21cf88acc63dbd134be981bff374\"},\"headline\":\"MITUR se re\u00fane con el Banco Mundial y present\u00f3 plan estrat\u00e9gico para el desarrollo tur\u00edstico de Pedernales y la regi\u00f3n Enriquillo\",\"datePublished\":\"2026-03-02T18:35:04+00:00\",\"dateModified\":\"2026-03-02T18:35:11+00:00\",\"mainEntityOfPage\":{\"@id\":\"https:\/\/blgnoticiassantodomingo.net\/index.php\/2026\/03\/02\/mitur-se-reune-con-el-banco-mundial-y-presento-plan-estrategico-para-el-desarrollo-turistico-de-pedernales-y-la-region-enriquillo\/\"},\"wordCount\":362,\"commentCount\":0,\"publisher\":{\"@id\":\"https:\/\/blgnoticiassantodomingo.net\/#organization\"},\"image\":{\"@id\":\"https:\/\/blgnoticiassantodomingo.net\/index.php\/2026\/03\/02\/mitur-se-reune-con-el-banco-mundial-y-presento-plan-estrategico-para-el-desarrollo-turistico-de-pedernales-y-la-region-enriquillo\/#primaryimage\"},\"thumbnailUrl\":\"https:\/\/blgnoticiassantodomingo.net\/wp-content\/uploads\/2026\/03\/WhatsApp-Image-2026-03-01-at-12.16.19-PM.jpeg\",\"keywords\":[\"Banco Internacional de Reconstrucci\u00f3n y Fomento (BIRF)\",\"Banco Mundial\",\"Carlos Peguero\",\"mitur\"],\"articleSection\":[\"Turismo\"],\"inLanguage\":\"es\",\"potentialAction\":[{\"@type\":\"CommentAction\",\"name\":\"Comment\",\"target\":[\"https:\/\/blgnoticiassantodomingo.net\/index.php\/2026\/03\/02\/mitur-se-reune-con-el-banco-mundial-y-presento-plan-estrategico-para-el-desarrollo-turistico-de-pedernales-y-la-region-enriquillo\/#respond\"]}]},{\"@type\":\"WebPage\",\"@id\":\"https:\/\/blgnoticiassantodomingo.net\/index.php\/2026\/03\/02\/mitur-se-reune-con-el-banco-mundial-y-presento-plan-estrategico-para-el-desarrollo-turistico-de-pedernales-y-la-region-enriquillo\/\",\"url\":\"https:\/\/blgnoticiassantodomingo.net\/index.php\/2026\/03\/02\/mitur-se-reune-con-el-banco-mundial-y-presento-plan-estrategico-para-el-desarrollo-turistico-de-pedernales-y-la-region-enriquillo\/\",\"name\":\"MITUR se re\u00fane con el Banco Mundial y present\u00f3 plan estrat\u00e9gico para el desarrollo tur\u00edstico de Pedernales y la regi\u00f3n Enriquillo - BLG Noticias\",\"isPartOf\":{\"@id\":\"https:\/\/blgnoticiassantodomingo.net\/#website\"},\"primaryImageOfPage\":{\"@id\":\"https:\/\/blgnoticiassantodomingo.net\/index.php\/2026\/03\/02\/mitur-se-reune-con-el-banco-mundial-y-presento-plan-estrategico-para-el-desarrollo-turistico-de-pedernales-y-la-region-enriquillo\/#primaryimage\"},\"image\":{\"@id\":\"https:\/\/blgnoticiassantodomingo.net\/index.php\/2026\/03\/02\/mitur-se-reune-con-el-banco-mundial-y-presento-plan-estrategico-para-el-desarrollo-turistico-de-pedernales-y-la-region-enriquillo\/#primaryimage\"},\"thumbnailUrl\":\"https:\/\/blgnoticiassantodomingo.net\/wp-content\/uploads\/2026\/03\/WhatsApp-Image-2026-03-01-at-12.16.19-PM.jpeg\",\"datePublished\":\"2026-03-02T18:35:04+00:00\",\"dateModified\":\"2026-03-02T18:35:11+00:00\",\"breadcrumb\":{\"@id\":\"https:\/\/blgnoticiassantodomingo.net\/index.php\/2026\/03\/02\/mitur-se-reune-con-el-banco-mundial-y-presento-plan-estrategico-para-el-desarrollo-turistico-de-pedernales-y-la-region-enriquillo\/#breadcrumb\"},\"inLanguage\":\"es\",\"potentialAction\":[{\"@type\":\"ReadAction\",\"target\":[\"https:\/\/blgnoticiassantodomingo.net\/index.php\/2026\/03\/02\/mitur-se-reune-con-el-banco-mundial-y-presento-plan-estrategico-para-el-desarrollo-turistico-de-pedernales-y-la-region-enriquillo\/\"]}]},{\"@type\":\"ImageObject\",\"inLanguage\":\"es\",\"@id\":\"https:\/\/blgnoticiassantodomingo.net\/index.php\/2026\/03\/02\/mitur-se-reune-con-el-banco-mundial-y-presento-plan-estrategico-para-el-desarrollo-turistico-de-pedernales-y-la-region-enriquillo\/#primaryimage\",\"url\":\"https:\/\/blgnoticiassantodomingo.net\/wp-content\/uploads\/2026\/03\/WhatsApp-Image-2026-03-01-at-12.16.19-PM.jpeg\",\"contentUrl\":\"https:\/\/blgnoticiassantodomingo.net\/wp-content\/uploads\/2026\/03\/WhatsApp-Image-2026-03-01-at-12.16.19-PM.jpeg\",\"width\":1600,\"height\":1034},{\"@type\":\"BreadcrumbList\",\"@id\":\"https:\/\/blgnoticiassantodomingo.net\/index.php\/2026\/03\/02\/mitur-se-reune-con-el-banco-mundial-y-presento-plan-estrategico-para-el-desarrollo-turistico-de-pedernales-y-la-region-enriquillo\/#breadcrumb\",\"itemListElement\":[{\"@type\":\"ListItem\",\"position\":1,\"name\":\"Portada\",\"item\":\"https:\/\/blgnoticiassantodomingo.net\/\"},{\"@type\":\"ListItem\",\"position\":2,\"name\":\"MITUR se re\u00fane con el Banco Mundial y present\u00f3 plan estrat\u00e9gico para el desarrollo tur\u00edstico de Pedernales y la regi\u00f3n Enriquillo\"}]},{\"@type\":\"WebSite\",\"@id\":\"https:\/\/blgnoticiassantodomingo.net\/#website\",\"url\":\"https:\/\/blgnoticiassantodomingo.net\/\",\"name\":\"BLG Noticias\",\"description\":\"Esto es Noticias\",\"publisher\":{\"@id\":\"https:\/\/blgnoticiassantodomingo.net\/#organization\"},\"potentialAction\":[{\"@type\":\"SearchAction\",\"target\":{\"@type\":\"EntryPoint\",\"urlTemplate\":\"https:\/\/blgnoticiassantodomingo.net\/?s={search_term_string}\"},\"query-input\":{\"@type\":\"PropertyValueSpecification\",\"valueRequired\":true,\"valueName\":\"search_term_string\"}}],\"inLanguage\":\"es\"},{\"@type\":\"Organization\",\"@id\":\"https:\/\/blgnoticiassantodomingo.net\/#organization\",\"name\":\"BLG Noticias\",\"url\":\"https:\/\/blgnoticiassantodomingo.net\/\",\"logo\":{\"@type\":\"ImageObject\",\"inLanguage\":\"es\",\"@id\":\"https:\/\/blgnoticiassantodomingo.net\/#\/schema\/logo\/image\/\",\"url\":\"https:\/\/blgnoticiassantodomingo.net\/wp-content\/uploads\/2023\/12\/Diseno-sin-titulo-3.jpg\",\"contentUrl\":\"https:\/\/blgnoticiassantodomingo.net\/wp-content\/uploads\/2023\/12\/Diseno-sin-titulo-3.jpg\",\"width\":500,\"height\":500,\"caption\":\"BLG Noticias\"},\"image\":{\"@id\":\"https:\/\/blgnoticiassantodomingo.net\/#\/schema\/logo\/image\/\"},\"sameAs\":[\"https:\/\/web.facebook.com\/BlgNoticias\/?locale=es_LA&_rdc=1&_rdr\",\"https:\/\/x.com\/BlgNoticias\",\"https:\/\/www.linkedin.com\/in\/brenda-l-santana-aa846279\/\"]},{\"@type\":\"Person\",\"@id\":\"https:\/\/blgnoticiassantodomingo.net\/#\/schema\/person\/e2fc21cf88acc63dbd134be981bff374\",\"name\":\"Brenda Guerrero\",\"image\":{\"@type\":\"ImageObject\",\"inLanguage\":\"es\",\"@id\":\"https:\/\/blgnoticiassantodomingo.net\/#\/schema\/person\/image\/\",\"url\":\"https:\/\/secure.gravatar.com\/avatar\/2f7fc4c3e3655be1580cb684bfd8ab19be702ae20879da1e072021daa02f9b8b?s=96&d=wp_user_avatar&r=g\",\"contentUrl\":\"https:\/\/secure.gravatar.com\/avatar\/2f7fc4c3e3655be1580cb684bfd8ab19be702ae20879da1e072021daa02f9b8b?s=96&d=wp_user_avatar&r=g\",\"caption\":\"Brenda Guerrero\"},\"description\":\"Periodista\",\"url\":\"https:\/\/blgnoticiassantodomingo.net\/index.php\/author\/brenda-guerrero\/\"}]}<\/script>\n<!-- \/ Yoast SEO plugin. -->","yoast_head_json":{"title":"MITUR se re\u00fane con el Banco Mundial y present\u00f3 plan estrat\u00e9gico para el desarrollo tur\u00edstico de Pedernales y la regi\u00f3n Enriquillo - BLG Noticias","robots":{"index":"index","follow":"follow","max-snippet":"max-snippet:-1","max-image-preview":"max-image-preview:large","max-video-preview":"max-video-preview:-1"},"canonical":"https:\/\/blgnoticiassantodomingo.net\/index.php\/2026\/03\/02\/mitur-se-reune-con-el-banco-mundial-y-presento-plan-estrategico-para-el-desarrollo-turistico-de-pedernales-y-la-region-enriquillo\/","og_locale":"es_ES","og_type":"article","og_title":"MITUR se re\u00fane con el Banco Mundial y present\u00f3 plan estrat\u00e9gico para el desarrollo tur\u00edstico de Pedernales y la regi\u00f3n Enriquillo - BLG Noticias","og_description":"Santo Domingo, RD. El viceministro de Cooperaci\u00f3n Internacional del Mitur y director ejecutivo de la Comisi\u00f3n presidencial para el desarrollo tur\u00edstico de Pedernales, Carlos Peguero, realiz\u00f3 una reuni\u00f3n con representantes del Banco Mundial integrada por especialistas del Banco Internacional de Reconstrucci\u00f3n y Fomento (BIRF) y de la Corporaci\u00f3n Financiera Internacional (IFC), en la cual se [&hellip;]","og_url":"https:\/\/blgnoticiassantodomingo.net\/index.php\/2026\/03\/02\/mitur-se-reune-con-el-banco-mundial-y-presento-plan-estrategico-para-el-desarrollo-turistico-de-pedernales-y-la-region-enriquillo\/","og_site_name":"BLG Noticias","article_publisher":"https:\/\/web.facebook.com\/BlgNoticias\/?locale=es_LA&_rdc=1&_rdr","article_published_time":"2026-03-02T18:35:04+00:00","article_modified_time":"2026-03-02T18:35:11+00:00","og_image":[{"width":1600,"height":1034,"url":"http:\/\/blgnoticiassantodomingo.net\/wp-content\/uploads\/2026\/03\/WhatsApp-Image-2026-03-01-at-12.16.19-PM.jpeg","type":"image\/jpeg"}],"author":"Brenda Guerrero","twitter_card":"summary_large_image","twitter_creator":"@BlgNoticias","twitter_site":"@BlgNoticias","twitter_misc":{"Escrito por":"Brenda Guerrero","Tiempo de lectura":"2 minutos"},"schema":{"@context":"https:\/\/schema.org","@graph":[{"@type":"Article","@id":"https:\/\/blgnoticiassantodomingo.net\/index.php\/2026\/03\/02\/mitur-se-reune-con-el-banco-mundial-y-presento-plan-estrategico-para-el-desarrollo-turistico-de-pedernales-y-la-region-enriquillo\/#article","isPartOf":{"@id":"https:\/\/blgnoticiassantodomingo.net\/index.php\/2026\/03\/02\/mitur-se-reune-con-el-banco-mundial-y-presento-plan-estrategico-para-el-desarrollo-turistico-de-pedernales-y-la-region-enriquillo\/"},"author":{"name":"Brenda Guerrero","@id":"https:\/\/blgnoticiassantodomingo.net\/#\/schema\/person\/e2fc21cf88acc63dbd134be981bff374"},"headline":"MITUR se re\u00fane con el Banco Mundial y present\u00f3 plan estrat\u00e9gico para el desarrollo tur\u00edstico de Pedernales y la regi\u00f3n Enriquillo","datePublished":"2026-03-02T18:35:04+00:00","dateModified":"2026-03-02T18:35:11+00:00","mainEntityOfPage":{"@id":"https:\/\/blgnoticiassantodomingo.net\/index.php\/2026\/03\/02\/mitur-se-reune-con-el-banco-mundial-y-presento-plan-estrategico-para-el-desarrollo-turistico-de-pedernales-y-la-region-enriquillo\/"},"wordCount":362,"commentCount":0,"publisher":{"@id":"https:\/\/blgnoticiassantodomingo.net\/#organization"},"image":{"@id":"https:\/\/blgnoticiassantodomingo.net\/index.php\/2026\/03\/02\/mitur-se-reune-con-el-banco-mundial-y-presento-plan-estrategico-para-el-desarrollo-turistico-de-pedernales-y-la-region-enriquillo\/#primaryimage"},"thumbnailUrl":"https:\/\/blgnoticiassantodomingo.net\/wp-content\/uploads\/2026\/03\/WhatsApp-Image-2026-03-01-at-12.16.19-PM.jpeg","keywords":["Banco Internacional de Reconstrucci\u00f3n y Fomento (BIRF)","Banco Mundial","Carlos Peguero","mitur"],"articleSection":["Turismo"],"inLanguage":"es","potentialAction":[{"@type":"CommentAction","name":"Comment","target":["https:\/\/blgnoticiassantodomingo.net\/index.php\/2026\/03\/02\/mitur-se-reune-con-el-banco-mundial-y-presento-plan-estrategico-para-el-desarrollo-turistico-de-pedernales-y-la-region-enriquillo\/#respond"]}]},{"@type":"WebPage","@id":"https:\/\/blgnoticiassantodomingo.net\/index.php\/2026\/03\/02\/mitur-se-reune-con-el-banco-mundial-y-presento-plan-estrategico-para-el-desarrollo-turistico-de-pedernales-y-la-region-enriquillo\/","url":"https:\/\/blgnoticiassantodomingo.net\/index.php\/2026\/03\/02\/mitur-se-reune-con-el-banco-mundial-y-presento-plan-estrategico-para-el-desarrollo-turistico-de-pedernales-y-la-region-enriquillo\/","name":"MITUR se re\u00fane con el Banco Mundial y present\u00f3 plan estrat\u00e9gico para el desarrollo tur\u00edstico de Pedernales y la regi\u00f3n Enriquillo - BLG Noticias","isPartOf":{"@id":"https:\/\/blgnoticiassantodomingo.net\/#website"},"primaryImageOfPage":{"@id":"https:\/\/blgnoticiassantodomingo.net\/index.php\/2026\/03\/02\/mitur-se-reune-con-el-banco-mundial-y-presento-plan-estrategico-para-el-desarrollo-turistico-de-pedernales-y-la-region-enriquillo\/#primaryimage"},"image":{"@id":"https:\/\/blgnoticiassantodomingo.net\/index.php\/2026\/03\/02\/mitur-se-reune-con-el-banco-mundial-y-presento-plan-estrategico-para-el-desarrollo-turistico-de-pedernales-y-la-region-enriquillo\/#primaryimage"},"thumbnailUrl":"https:\/\/blgnoticiassantodomingo.net\/wp-content\/uploads\/2026\/03\/WhatsApp-Image-2026-03-01-at-12.16.19-PM.jpeg","datePublished":"2026-03-02T18:35:04+00:00","dateModified":"2026-03-02T18:35:11+00:00","breadcrumb":{"@id":"https:\/\/blgnoticiassantodomingo.net\/index.php\/2026\/03\/02\/mitur-se-reune-con-el-banco-mundial-y-presento-plan-estrategico-para-el-desarrollo-turistico-de-pedernales-y-la-region-enriquillo\/#breadcrumb"},"inLanguage":"es","potentialAction":[{"@type":"ReadAction","target":["https:\/\/blgnoticiassantodomingo.net\/index.php\/2026\/03\/02\/mitur-se-reune-con-el-banco-mundial-y-presento-plan-estrategico-para-el-desarrollo-turistico-de-pedernales-y-la-region-enriquillo\/"]}]},{"@type":"ImageObject","inLanguage":"es","@id":"https:\/\/blgnoticiassantodomingo.net\/index.php\/2026\/03\/02\/mitur-se-reune-con-el-banco-mundial-y-presento-plan-estrategico-para-el-desarrollo-turistico-de-pedernales-y-la-region-enriquillo\/#primaryimage","url":"https:\/\/blgnoticiassantodomingo.net\/wp-content\/uploads\/2026\/03\/WhatsApp-Image-2026-03-01-at-12.16.19-PM.jpeg","contentUrl":"https:\/\/blgnoticiassantodomingo.net\/wp-content\/uploads\/2026\/03\/WhatsApp-Image-2026-03-01-at-12.16.19-PM.jpeg","width":1600,"height":1034},{"@type":"BreadcrumbList","@id":"https:\/\/blgnoticiassantodomingo.net\/index.php\/2026\/03\/02\/mitur-se-reune-con-el-banco-mundial-y-presento-plan-estrategico-para-el-desarrollo-turistico-de-pedernales-y-la-region-enriquillo\/#breadcrumb","itemListElement":[{"@type":"ListItem","position":1,"name":"Portada","item":"https:\/\/blgnoticiassantodomingo.net\/"},{"@type":"ListItem","position":2,"name":"MITUR se re\u00fane con el Banco Mundial y present\u00f3 plan estrat\u00e9gico para el desarrollo tur\u00edstico de Pedernales y la regi\u00f3n Enriquillo"}]},{"@type":"WebSite","@id":"https:\/\/blgnoticiassantodomingo.net\/#website","url":"https:\/\/blgnoticiassantodomingo.net\/","name":"BLG Noticias","description":"Esto es Noticias","publisher":{"@id":"https:\/\/blgnoticiassantodomingo.net\/#organization"},"potentialAction":[{"@type":"SearchAction","target":{"@type":"EntryPoint","urlTemplate":"https:\/\/blgnoticiassantodomingo.net\/?s={search_term_string}"},"query-input":{"@type":"PropertyValueSpecification","valueRequired":true,"valueName":"search_term_string"}}],"inLanguage":"es"},{"@type":"Organization","@id":"https:\/\/blgnoticiassantodomingo.net\/#organization","name":"BLG Noticias","url":"https:\/\/blgnoticiassantodomingo.net\/","logo":{"@type":"ImageObject","inLanguage":"es","@id":"https:\/\/blgnoticiassantodomingo.net\/#\/schema\/logo\/image\/","url":"https:\/\/blgnoticiassantodomingo.net\/wp-content\/uploads\/2023\/12\/Diseno-sin-titulo-3.jpg","contentUrl":"https:\/\/blgnoticiassantodomingo.net\/wp-content\/uploads\/2023\/12\/Diseno-sin-titulo-3.jpg","width":500,"height":500,"caption":"BLG Noticias"},"image":{"@id":"https:\/\/blgnoticiassantodomingo.net\/#\/schema\/logo\/image\/"},"sameAs":["https:\/\/web.facebook.com\/BlgNoticias\/?locale=es_LA&_rdc=1&_rdr","https:\/\/x.com\/BlgNoticias","https:\/\/www.linkedin.com\/in\/brenda-l-santana-aa846279\/"]},{"@type":"Person","@id":"https:\/\/blgnoticiassantodomingo.net\/#\/schema\/person\/e2fc21cf88acc63dbd134be981bff374","name":"Brenda Guerrero","image":{"@type":"ImageObject","inLanguage":"es","@id":"https:\/\/blgnoticiassantodomingo.net\/#\/schema\/person\/image\/","url":"https:\/\/secure.gravatar.com\/avatar\/2f7fc4c3e3655be1580cb684bfd8ab19be702ae20879da1e072021daa02f9b8b?s=96&d=wp_user_avatar&r=g","contentUrl":"https:\/\/secure.gravatar.com\/avatar\/2f7fc4c3e3655be1580cb684bfd8ab19be702ae20879da1e072021daa02f9b8b?s=96&d=wp_user_avatar&r=g","caption":"Brenda Guerrero"},"description":"Periodista","url":"https:\/\/blgnoticiassantodomingo.net\/index.php\/author\/brenda-guerrero\/"}]}},"jetpack_featured_media_url":"https:\/\/blgnoticiassantodomingo.net\/wp-content\/uploads\/2026\/03\/WhatsApp-Image-2026-03-01-at-12.16.19-PM.jpeg","_links":{"self":[{"href":"https:\/\/blgnoticiassantodomingo.net\/index.php\/wp-json\/wp\/v2\/posts\/49985","targetHints":{"allow":["GET"]}}],"collection":[{"href":"https:\/\/blgnoticiassantodomingo.net\/index.php\/wp-json\/wp\/v2\/posts"}],"about":[{"href":"https:\/\/blgnoticiassantodomingo.net\/index.php\/wp-json\/wp\/v2\/types\/post"}],"author":[{"embeddable":true,"href":"https:\/\/blgnoticiassantodomingo.net\/index.php\/wp-json\/wp\/v2\/users\/2"}],"replies":[{"embeddable":true,"href":"https:\/\/blgnoticiassantodomingo.net\/index.php\/wp-json\/wp\/v2\/comments?post=49985"}],"version-history":[{"count":1,"href":"https:\/\/blgnoticiassantodomingo.net\/index.php\/wp-json\/wp\/v2\/posts\/49985\/revisions"}],"predecessor-version":[{"id":49988,"href":"https:\/\/blgnoticiassantodomingo.net\/index.php\/wp-json\/wp\/v2\/posts\/49985\/revisions\/49988"}],"wp:featuredmedia":[{"embeddable":true,"href":"https:\/\/blgnoticiassantodomingo.net\/index.php\/wp-json\/wp\/v2\/media\/49986"}],"wp:attachment":[{"href":"https:\/\/blgnoticiassantodomingo.net\/index.php\/wp-json\/wp\/v2\/media?parent=49985"}],"wp:term":[{"taxonomy":"category","embeddable":true,"href":"https:\/\/blgnoticiassantodomingo.net\/index.php\/wp-json\/wp\/v2\/categories?post=49985"},{"taxonomy":"post_tag","embeddable":true,"href":"https:\/\/blgnoticiassantodomingo.net\/index.php\/wp-json\/wp\/v2\/tags?post=49985"}],"curies":[{"name":"wp","href":"https:\/\/api.w.org\/{rel}","templated":true}]}}