{"id":48711,"date":"2025-10-27T12:59:57","date_gmt":"2025-10-27T16:59:57","guid":{"rendered":"https:\/\/blgnoticiassantodomingo.net\/?p=48711"},"modified":"2025-10-27T13:00:39","modified_gmt":"2025-10-27T17:00:39","slug":"presidente-de-guatemala-denuncia-intento-de-golpe-de-estado-por-parte-de-la-fiscal-general-y-un-juez","status":"publish","type":"post","link":"https:\/\/blgnoticiassantodomingo.net\/index.php\/2025\/10\/27\/presidente-de-guatemala-denuncia-intento-de-golpe-de-estado-por-parte-de-la-fiscal-general-y-un-juez\/","title":{"rendered":"Presidente de Guatemala denuncia intento de golpe de Estado por parte de la fiscal general y un juez"},"content":{"rendered":"\n<p>CIUDAD DE GUATEMALA (AP) \u2014 El presidente guatemalteco Bernardo Ar\u00e9valo denunci\u00f3 el domingo que la fiscal general Consuelo Porras y el juez Fredy Orellana est\u00e1n instigando un golpe de Estado.<\/p>\n\n\n\n<p>En una conferencia de prensa en la que lo acompa\u00f1\u00f3 su gabinete de trabajo, el mandatario se\u00f1al\u00f3 que la fiscal intenta perpetuar la impunidad en el poder mediante diferentes acciones de \u00edndole legal.<\/p>\n\n\n\n<pre class=\"wp-block-code\"><code>\u201cHacemos un llamado a la comunidad internacional a no desviar su atenci\u00f3n del golpe que se pretende llevar a cabo ahora mismo en Guatemala\u201d, manifest\u00f3.<\/code><\/pre>\n\n\n\n<p>Ar\u00e9valo denunci\u00f3 que las acciones que se toman contra el gobierno son una embestida judicial, al crear condiciones para corromper la elecci\u00f3n de \u00f3rganos judiciales para 2026.<\/p>\n\n\n\n<div class=\"wp-block-columns is-layout-flex wp-container-core-columns-is-layout-9d6595d7 wp-block-columns-is-layout-flex\">\n<div class=\"wp-block-column is-layout-flow wp-block-column-is-layout-flow\" style=\"flex-basis:100%\">\n<p>\u201cEst\u00e1n tan decididos a hundir al pa\u00eds que terminaron por declararle la guerra al pueblo de Guatemala; quer\u00edan destruir la libertad y la democracia\u201d, lament\u00f3. \u201cQuieren enterrar desde ya unas elecciones libres, transparentes y justas para el 2027\u201d.<\/p>\n<\/div>\n<\/div>\n\n\n\n<p>Estas declaraciones responden a las acciones llevadas a cabo el viernes por Orellana, quien pidi\u00f3 la anulaci\u00f3n total del partido pol\u00edtico Movimiento Semilla \u2014al que pertenece Ar\u00e9valo\u2014, acci\u00f3n que busca declarar vacantes los puestos de presidente, vicepresidente, 23 diputaciones y una alcald\u00eda.<\/p>\n\n\n\n<p>Orellana emiti\u00f3 esta resoluci\u00f3n por solicitud de los fiscales del Ministerio P\u00fablico, al considerar que tienen argumentos suficientes para demostrar anomal\u00edas en el proceso de creaci\u00f3n del partido pol\u00edtico durante su constituci\u00f3n.<\/p>\n\n\n\n<p>Ar\u00e9valo hizo un llamado al pueblo guatemalteco, se\u00f1alando a Porras y Orellana como las caras visibles de una alianza criminal, y nombr\u00e1ndolos enemigos del pa\u00eds.<\/p>\n\n\n\n<blockquote class=\"wp-block-quote is-layout-flow wp-block-quote-is-layout-flow\">\n<p>\u201cSon los obst\u00e1culos principales a la lucha contra la corrupci\u00f3n, como lo reconoce la sociedad guatemalteca y el mundo, que los ha declarado proscritos\u201d, agreg\u00f3 el mandatario.<\/p>\n<\/blockquote>\n\n\n\n<p>Ar\u00e9valo tambi\u00e9n explic\u00f3 que se solicit\u00f3 la celebraci\u00f3n de una sesi\u00f3n extraordinaria en Naciones Unidas para exponer ante el mundo las graves amenazas a la Constituci\u00f3n y la democracia perpetradas por Porras y Orellana.<\/p>\n\n\n\n<p>\u201cNuestra voz debe escucharse con fuerza. No al golpe, no a la corrupci\u00f3n, s\u00ed a la democracia, s\u00ed a la libertad, s\u00ed al respeto a la voluntad soberana del pueblo de Guatemala\u201d, expres\u00f3.<\/p>\n\n\n\n<p>\u201cNo podemos permitir que un juez como Fredy Orellana siga atentando contra la decisi\u00f3n popular expresada en las urnas; su conducta es una amenaza directa a nuestra democracia. Hago un llamado a la Corte Suprema de Justicia para que conforme a la ley proceda a su inmediata destituci\u00f3n\u201d, a\u00f1adi\u00f3 el presidente guatemalteco, y dijo que esas acciones constituyen un nuevo intento de golpe de Estado.<\/p>\n\n\n\n<p>Ante las acciones anunciadas por Orellana el viernes, la diputada Andrea Reyes, del Movimiento Semilla, present\u00f3 una ejecutoria buscando que la Corte de Constitucionalidad aplique una resoluci\u00f3n de 2023, en la que se garantizaron los resultados y la toma de posesi\u00f3n de los candidatos electos, por lo que se espera que el Congreso de la Rep\u00fablica de Guatemala se abstenga de cualquier acci\u00f3n que pueda poner en riesgo las elecciones generales.<\/p>\n\n\n\n<p>Orellana ha sido una figura cuestionada. Su inclusi\u00f3n en la lista Engel del Departamento de Estado estadounidense lo se\u00f1ala como un actor corrupto y antidemocr\u00e1tico. Algunos pa\u00edses de la Uni\u00f3n Europea tambi\u00e9n lo han sancionado por las mismas razones, ya que sus acciones han causado preocupaci\u00f3n en casos judiciales de impacto para Guatemala.<\/p>\n\n\n\n<p>El juez ha beneficiado a exfuncionarios procesados por corrupci\u00f3n, y es tambi\u00e9n el que maneja el caso contra el Movimiento Semilla. Adem\u00e1s ha tenido un papel fundamental en el caso del periodista Jos\u00e9 Rub\u00e9n Zamora, detenido bajo su autorizaci\u00f3n.<\/p>\n\n\n\n<p>Fue tambi\u00e9n Orellana el que firm\u00f3 las \u00f3rdenes de captura contra los exfiscales anticorrupci\u00f3n Juan Francisco Sandoval y Virginia Laparra. Ambos se encuentran exiliados debido a la persecuci\u00f3n, que muchos consideran tiene matices pol\u00edticos.<\/p>\n","protected":false},"excerpt":{"rendered":"<p>CIUDAD DE GUATEMALA (AP) \u2014 El presidente guatemalteco Bernardo Ar\u00e9valo denunci\u00f3 el domingo que la fiscal general Consuelo Porras y el juez Fredy Orellana est\u00e1n instigando un golpe de Estado. En una conferencia de prensa en la que lo acompa\u00f1\u00f3 su gabinete de trabajo, el mandatario se\u00f1al\u00f3 que la fiscal intenta perpetuar la impunidad en [&hellip;]<\/p>\n","protected":false},"author":2,"featured_media":48712,"comment_status":"open","ping_status":"open","sticky":false,"template":"","format":"standard","meta":{"footnotes":""},"categories":[221],"tags":[7989,2321,14306],"class_list":{"0":"post-48711","1":"post","2":"type-post","3":"status-publish","4":"format-standard","5":"has-post-thumbnail","7":"category-internacionales","8":"tag-bernardo-arevalo","9":"tag-guatemala","10":"tag-presidente-de-guatemala"},"yoast_head":"<!-- This site is optimized with the Yoast SEO plugin v24.9 - https:\/\/yoast.com\/wordpress\/plugins\/seo\/ -->\n<title>Presidente de Guatemala denuncia intento de golpe de Estado por parte de la fiscal general y un juez - BLG Noticias<\/title>\n<meta name=\"robots\" content=\"index, follow, max-snippet:-1, max-image-preview:large, max-video-preview:-1\" \/>\n<link rel=\"canonical\" href=\"https:\/\/blgnoticiassantodomingo.net\/index.php\/2025\/10\/27\/presidente-de-guatemala-denuncia-intento-de-golpe-de-estado-por-parte-de-la-fiscal-general-y-un-juez\/\" \/>\n<meta property=\"og:locale\" content=\"es_ES\" \/>\n<meta property=\"og:type\" content=\"article\" \/>\n<meta property=\"og:title\" content=\"Presidente de Guatemala denuncia intento de golpe de Estado por parte de la fiscal general y un juez - BLG Noticias\" \/>\n<meta property=\"og:description\" content=\"CIUDAD DE GUATEMALA (AP) \u2014 El presidente guatemalteco Bernardo Ar\u00e9valo denunci\u00f3 el domingo que la fiscal general Consuelo Porras y el juez Fredy Orellana est\u00e1n instigando un golpe de Estado. En una conferencia de prensa en la que lo acompa\u00f1\u00f3 su gabinete de trabajo, el mandatario se\u00f1al\u00f3 que la fiscal intenta perpetuar la impunidad en [&hellip;]\" \/>\n<meta property=\"og:url\" content=\"https:\/\/blgnoticiassantodomingo.net\/index.php\/2025\/10\/27\/presidente-de-guatemala-denuncia-intento-de-golpe-de-estado-por-parte-de-la-fiscal-general-y-un-juez\/\" \/>\n<meta property=\"og:site_name\" content=\"BLG Noticias\" \/>\n<meta property=\"article:publisher\" content=\"https:\/\/web.facebook.com\/BlgNoticias\/?locale=es_LA&amp;_rdc=1&amp;_rdr\" \/>\n<meta property=\"article:published_time\" content=\"2025-10-27T16:59:57+00:00\" \/>\n<meta property=\"article:modified_time\" content=\"2025-10-27T17:00:39+00:00\" \/>\n<meta property=\"og:image\" content=\"http:\/\/blgnoticiassantodomingo.net\/wp-content\/uploads\/2025\/10\/Screenshot_9.jpg\" \/>\n\t<meta property=\"og:image:width\" content=\"980\" \/>\n\t<meta property=\"og:image:height\" content=\"651\" \/>\n\t<meta property=\"og:image:type\" content=\"image\/jpeg\" \/>\n<meta name=\"author\" content=\"Brenda Guerrero\" \/>\n<meta name=\"twitter:card\" content=\"summary_large_image\" \/>\n<meta name=\"twitter:creator\" content=\"@BlgNoticias\" \/>\n<meta name=\"twitter:site\" content=\"@BlgNoticias\" \/>\n<meta name=\"twitter:label1\" content=\"Escrito por\" \/>\n\t<meta name=\"twitter:data1\" content=\"Brenda Guerrero\" \/>\n\t<meta name=\"twitter:label2\" content=\"Tiempo de lectura\" \/>\n\t<meta name=\"twitter:data2\" content=\"3 minutos\" \/>\n<script type=\"application\/ld+json\" class=\"yoast-schema-graph\">{\"@context\":\"https:\/\/schema.org\",\"@graph\":[{\"@type\":\"Article\",\"@id\":\"https:\/\/blgnoticiassantodomingo.net\/index.php\/2025\/10\/27\/presidente-de-guatemala-denuncia-intento-de-golpe-de-estado-por-parte-de-la-fiscal-general-y-un-juez\/#article\",\"isPartOf\":{\"@id\":\"https:\/\/blgnoticiassantodomingo.net\/index.php\/2025\/10\/27\/presidente-de-guatemala-denuncia-intento-de-golpe-de-estado-por-parte-de-la-fiscal-general-y-un-juez\/\"},\"author\":{\"name\":\"Brenda Guerrero\",\"@id\":\"https:\/\/blgnoticiassantodomingo.net\/#\/schema\/person\/e2fc21cf88acc63dbd134be981bff374\"},\"headline\":\"Presidente de Guatemala denuncia intento de golpe de Estado por parte de la fiscal general y un juez\",\"datePublished\":\"2025-10-27T16:59:57+00:00\",\"dateModified\":\"2025-10-27T17:00:39+00:00\",\"mainEntityOfPage\":{\"@id\":\"https:\/\/blgnoticiassantodomingo.net\/index.php\/2025\/10\/27\/presidente-de-guatemala-denuncia-intento-de-golpe-de-estado-por-parte-de-la-fiscal-general-y-un-juez\/\"},\"wordCount\":650,\"commentCount\":0,\"publisher\":{\"@id\":\"https:\/\/blgnoticiassantodomingo.net\/#organization\"},\"image\":{\"@id\":\"https:\/\/blgnoticiassantodomingo.net\/index.php\/2025\/10\/27\/presidente-de-guatemala-denuncia-intento-de-golpe-de-estado-por-parte-de-la-fiscal-general-y-un-juez\/#primaryimage\"},\"thumbnailUrl\":\"https:\/\/blgnoticiassantodomingo.net\/wp-content\/uploads\/2025\/10\/Screenshot_9.jpg\",\"keywords\":[\"Bernardo Ar\u00e9valo\",\"Guatemala\",\"Presidente de Guatemala\"],\"articleSection\":[\"Internacionales\"],\"inLanguage\":\"es\",\"potentialAction\":[{\"@type\":\"CommentAction\",\"name\":\"Comment\",\"target\":[\"https:\/\/blgnoticiassantodomingo.net\/index.php\/2025\/10\/27\/presidente-de-guatemala-denuncia-intento-de-golpe-de-estado-por-parte-de-la-fiscal-general-y-un-juez\/#respond\"]}]},{\"@type\":\"WebPage\",\"@id\":\"https:\/\/blgnoticiassantodomingo.net\/index.php\/2025\/10\/27\/presidente-de-guatemala-denuncia-intento-de-golpe-de-estado-por-parte-de-la-fiscal-general-y-un-juez\/\",\"url\":\"https:\/\/blgnoticiassantodomingo.net\/index.php\/2025\/10\/27\/presidente-de-guatemala-denuncia-intento-de-golpe-de-estado-por-parte-de-la-fiscal-general-y-un-juez\/\",\"name\":\"Presidente de Guatemala denuncia intento de golpe de Estado por parte de la fiscal general y un juez - BLG Noticias\",\"isPartOf\":{\"@id\":\"https:\/\/blgnoticiassantodomingo.net\/#website\"},\"primaryImageOfPage\":{\"@id\":\"https:\/\/blgnoticiassantodomingo.net\/index.php\/2025\/10\/27\/presidente-de-guatemala-denuncia-intento-de-golpe-de-estado-por-parte-de-la-fiscal-general-y-un-juez\/#primaryimage\"},\"image\":{\"@id\":\"https:\/\/blgnoticiassantodomingo.net\/index.php\/2025\/10\/27\/presidente-de-guatemala-denuncia-intento-de-golpe-de-estado-por-parte-de-la-fiscal-general-y-un-juez\/#primaryimage\"},\"thumbnailUrl\":\"https:\/\/blgnoticiassantodomingo.net\/wp-content\/uploads\/2025\/10\/Screenshot_9.jpg\",\"datePublished\":\"2025-10-27T16:59:57+00:00\",\"dateModified\":\"2025-10-27T17:00:39+00:00\",\"breadcrumb\":{\"@id\":\"https:\/\/blgnoticiassantodomingo.net\/index.php\/2025\/10\/27\/presidente-de-guatemala-denuncia-intento-de-golpe-de-estado-por-parte-de-la-fiscal-general-y-un-juez\/#breadcrumb\"},\"inLanguage\":\"es\",\"potentialAction\":[{\"@type\":\"ReadAction\",\"target\":[\"https:\/\/blgnoticiassantodomingo.net\/index.php\/2025\/10\/27\/presidente-de-guatemala-denuncia-intento-de-golpe-de-estado-por-parte-de-la-fiscal-general-y-un-juez\/\"]}]},{\"@type\":\"ImageObject\",\"inLanguage\":\"es\",\"@id\":\"https:\/\/blgnoticiassantodomingo.net\/index.php\/2025\/10\/27\/presidente-de-guatemala-denuncia-intento-de-golpe-de-estado-por-parte-de-la-fiscal-general-y-un-juez\/#primaryimage\",\"url\":\"https:\/\/blgnoticiassantodomingo.net\/wp-content\/uploads\/2025\/10\/Screenshot_9.jpg\",\"contentUrl\":\"https:\/\/blgnoticiassantodomingo.net\/wp-content\/uploads\/2025\/10\/Screenshot_9.jpg\",\"width\":980,\"height\":651},{\"@type\":\"BreadcrumbList\",\"@id\":\"https:\/\/blgnoticiassantodomingo.net\/index.php\/2025\/10\/27\/presidente-de-guatemala-denuncia-intento-de-golpe-de-estado-por-parte-de-la-fiscal-general-y-un-juez\/#breadcrumb\",\"itemListElement\":[{\"@type\":\"ListItem\",\"position\":1,\"name\":\"Portada\",\"item\":\"https:\/\/blgnoticiassantodomingo.net\/\"},{\"@type\":\"ListItem\",\"position\":2,\"name\":\"Presidente de Guatemala denuncia intento de golpe de Estado por parte de la fiscal general y un juez\"}]},{\"@type\":\"WebSite\",\"@id\":\"https:\/\/blgnoticiassantodomingo.net\/#website\",\"url\":\"https:\/\/blgnoticiassantodomingo.net\/\",\"name\":\"BLG Noticias\",\"description\":\"Esto es Noticias\",\"publisher\":{\"@id\":\"https:\/\/blgnoticiassantodomingo.net\/#organization\"},\"potentialAction\":[{\"@type\":\"SearchAction\",\"target\":{\"@type\":\"EntryPoint\",\"urlTemplate\":\"https:\/\/blgnoticiassantodomingo.net\/?s={search_term_string}\"},\"query-input\":{\"@type\":\"PropertyValueSpecification\",\"valueRequired\":true,\"valueName\":\"search_term_string\"}}],\"inLanguage\":\"es\"},{\"@type\":\"Organization\",\"@id\":\"https:\/\/blgnoticiassantodomingo.net\/#organization\",\"name\":\"BLG Noticias\",\"url\":\"https:\/\/blgnoticiassantodomingo.net\/\",\"logo\":{\"@type\":\"ImageObject\",\"inLanguage\":\"es\",\"@id\":\"https:\/\/blgnoticiassantodomingo.net\/#\/schema\/logo\/image\/\",\"url\":\"https:\/\/blgnoticiassantodomingo.net\/wp-content\/uploads\/2023\/12\/Diseno-sin-titulo-3.jpg\",\"contentUrl\":\"https:\/\/blgnoticiassantodomingo.net\/wp-content\/uploads\/2023\/12\/Diseno-sin-titulo-3.jpg\",\"width\":500,\"height\":500,\"caption\":\"BLG Noticias\"},\"image\":{\"@id\":\"https:\/\/blgnoticiassantodomingo.net\/#\/schema\/logo\/image\/\"},\"sameAs\":[\"https:\/\/web.facebook.com\/BlgNoticias\/?locale=es_LA&_rdc=1&_rdr\",\"https:\/\/x.com\/BlgNoticias\",\"https:\/\/www.linkedin.com\/in\/brenda-l-santana-aa846279\/\"]},{\"@type\":\"Person\",\"@id\":\"https:\/\/blgnoticiassantodomingo.net\/#\/schema\/person\/e2fc21cf88acc63dbd134be981bff374\",\"name\":\"Brenda Guerrero\",\"image\":{\"@type\":\"ImageObject\",\"inLanguage\":\"es\",\"@id\":\"https:\/\/blgnoticiassantodomingo.net\/#\/schema\/person\/image\/\",\"url\":\"https:\/\/secure.gravatar.com\/avatar\/2f7fc4c3e3655be1580cb684bfd8ab19be702ae20879da1e072021daa02f9b8b?s=96&d=wp_user_avatar&r=g\",\"contentUrl\":\"https:\/\/secure.gravatar.com\/avatar\/2f7fc4c3e3655be1580cb684bfd8ab19be702ae20879da1e072021daa02f9b8b?s=96&d=wp_user_avatar&r=g\",\"caption\":\"Brenda Guerrero\"},\"description\":\"Periodista\",\"url\":\"https:\/\/blgnoticiassantodomingo.net\/index.php\/author\/brenda-guerrero\/\"}]}<\/script>\n<!-- \/ Yoast SEO plugin. -->","yoast_head_json":{"title":"Presidente de Guatemala denuncia intento de golpe de Estado por parte de la fiscal general y un juez - BLG Noticias","robots":{"index":"index","follow":"follow","max-snippet":"max-snippet:-1","max-image-preview":"max-image-preview:large","max-video-preview":"max-video-preview:-1"},"canonical":"https:\/\/blgnoticiassantodomingo.net\/index.php\/2025\/10\/27\/presidente-de-guatemala-denuncia-intento-de-golpe-de-estado-por-parte-de-la-fiscal-general-y-un-juez\/","og_locale":"es_ES","og_type":"article","og_title":"Presidente de Guatemala denuncia intento de golpe de Estado por parte de la fiscal general y un juez - BLG Noticias","og_description":"CIUDAD DE GUATEMALA (AP) \u2014 El presidente guatemalteco Bernardo Ar\u00e9valo denunci\u00f3 el domingo que la fiscal general Consuelo Porras y el juez Fredy Orellana est\u00e1n instigando un golpe de Estado. En una conferencia de prensa en la que lo acompa\u00f1\u00f3 su gabinete de trabajo, el mandatario se\u00f1al\u00f3 que la fiscal intenta perpetuar la impunidad en [&hellip;]","og_url":"https:\/\/blgnoticiassantodomingo.net\/index.php\/2025\/10\/27\/presidente-de-guatemala-denuncia-intento-de-golpe-de-estado-por-parte-de-la-fiscal-general-y-un-juez\/","og_site_name":"BLG Noticias","article_publisher":"https:\/\/web.facebook.com\/BlgNoticias\/?locale=es_LA&_rdc=1&_rdr","article_published_time":"2025-10-27T16:59:57+00:00","article_modified_time":"2025-10-27T17:00:39+00:00","og_image":[{"width":980,"height":651,"url":"http:\/\/blgnoticiassantodomingo.net\/wp-content\/uploads\/2025\/10\/Screenshot_9.jpg","type":"image\/jpeg"}],"author":"Brenda Guerrero","twitter_card":"summary_large_image","twitter_creator":"@BlgNoticias","twitter_site":"@BlgNoticias","twitter_misc":{"Escrito por":"Brenda Guerrero","Tiempo de lectura":"3 minutos"},"schema":{"@context":"https:\/\/schema.org","@graph":[{"@type":"Article","@id":"https:\/\/blgnoticiassantodomingo.net\/index.php\/2025\/10\/27\/presidente-de-guatemala-denuncia-intento-de-golpe-de-estado-por-parte-de-la-fiscal-general-y-un-juez\/#article","isPartOf":{"@id":"https:\/\/blgnoticiassantodomingo.net\/index.php\/2025\/10\/27\/presidente-de-guatemala-denuncia-intento-de-golpe-de-estado-por-parte-de-la-fiscal-general-y-un-juez\/"},"author":{"name":"Brenda Guerrero","@id":"https:\/\/blgnoticiassantodomingo.net\/#\/schema\/person\/e2fc21cf88acc63dbd134be981bff374"},"headline":"Presidente de Guatemala denuncia intento de golpe de Estado por parte de la fiscal general y un juez","datePublished":"2025-10-27T16:59:57+00:00","dateModified":"2025-10-27T17:00:39+00:00","mainEntityOfPage":{"@id":"https:\/\/blgnoticiassantodomingo.net\/index.php\/2025\/10\/27\/presidente-de-guatemala-denuncia-intento-de-golpe-de-estado-por-parte-de-la-fiscal-general-y-un-juez\/"},"wordCount":650,"commentCount":0,"publisher":{"@id":"https:\/\/blgnoticiassantodomingo.net\/#organization"},"image":{"@id":"https:\/\/blgnoticiassantodomingo.net\/index.php\/2025\/10\/27\/presidente-de-guatemala-denuncia-intento-de-golpe-de-estado-por-parte-de-la-fiscal-general-y-un-juez\/#primaryimage"},"thumbnailUrl":"https:\/\/blgnoticiassantodomingo.net\/wp-content\/uploads\/2025\/10\/Screenshot_9.jpg","keywords":["Bernardo Ar\u00e9valo","Guatemala","Presidente de Guatemala"],"articleSection":["Internacionales"],"inLanguage":"es","potentialAction":[{"@type":"CommentAction","name":"Comment","target":["https:\/\/blgnoticiassantodomingo.net\/index.php\/2025\/10\/27\/presidente-de-guatemala-denuncia-intento-de-golpe-de-estado-por-parte-de-la-fiscal-general-y-un-juez\/#respond"]}]},{"@type":"WebPage","@id":"https:\/\/blgnoticiassantodomingo.net\/index.php\/2025\/10\/27\/presidente-de-guatemala-denuncia-intento-de-golpe-de-estado-por-parte-de-la-fiscal-general-y-un-juez\/","url":"https:\/\/blgnoticiassantodomingo.net\/index.php\/2025\/10\/27\/presidente-de-guatemala-denuncia-intento-de-golpe-de-estado-por-parte-de-la-fiscal-general-y-un-juez\/","name":"Presidente de Guatemala denuncia intento de golpe de Estado por parte de la fiscal general y un juez - BLG Noticias","isPartOf":{"@id":"https:\/\/blgnoticiassantodomingo.net\/#website"},"primaryImageOfPage":{"@id":"https:\/\/blgnoticiassantodomingo.net\/index.php\/2025\/10\/27\/presidente-de-guatemala-denuncia-intento-de-golpe-de-estado-por-parte-de-la-fiscal-general-y-un-juez\/#primaryimage"},"image":{"@id":"https:\/\/blgnoticiassantodomingo.net\/index.php\/2025\/10\/27\/presidente-de-guatemala-denuncia-intento-de-golpe-de-estado-por-parte-de-la-fiscal-general-y-un-juez\/#primaryimage"},"thumbnailUrl":"https:\/\/blgnoticiassantodomingo.net\/wp-content\/uploads\/2025\/10\/Screenshot_9.jpg","datePublished":"2025-10-27T16:59:57+00:00","dateModified":"2025-10-27T17:00:39+00:00","breadcrumb":{"@id":"https:\/\/blgnoticiassantodomingo.net\/index.php\/2025\/10\/27\/presidente-de-guatemala-denuncia-intento-de-golpe-de-estado-por-parte-de-la-fiscal-general-y-un-juez\/#breadcrumb"},"inLanguage":"es","potentialAction":[{"@type":"ReadAction","target":["https:\/\/blgnoticiassantodomingo.net\/index.php\/2025\/10\/27\/presidente-de-guatemala-denuncia-intento-de-golpe-de-estado-por-parte-de-la-fiscal-general-y-un-juez\/"]}]},{"@type":"ImageObject","inLanguage":"es","@id":"https:\/\/blgnoticiassantodomingo.net\/index.php\/2025\/10\/27\/presidente-de-guatemala-denuncia-intento-de-golpe-de-estado-por-parte-de-la-fiscal-general-y-un-juez\/#primaryimage","url":"https:\/\/blgnoticiassantodomingo.net\/wp-content\/uploads\/2025\/10\/Screenshot_9.jpg","contentUrl":"https:\/\/blgnoticiassantodomingo.net\/wp-content\/uploads\/2025\/10\/Screenshot_9.jpg","width":980,"height":651},{"@type":"BreadcrumbList","@id":"https:\/\/blgnoticiassantodomingo.net\/index.php\/2025\/10\/27\/presidente-de-guatemala-denuncia-intento-de-golpe-de-estado-por-parte-de-la-fiscal-general-y-un-juez\/#breadcrumb","itemListElement":[{"@type":"ListItem","position":1,"name":"Portada","item":"https:\/\/blgnoticiassantodomingo.net\/"},{"@type":"ListItem","position":2,"name":"Presidente de Guatemala denuncia intento de golpe de Estado por parte de la fiscal general y un juez"}]},{"@type":"WebSite","@id":"https:\/\/blgnoticiassantodomingo.net\/#website","url":"https:\/\/blgnoticiassantodomingo.net\/","name":"BLG Noticias","description":"Esto es Noticias","publisher":{"@id":"https:\/\/blgnoticiassantodomingo.net\/#organization"},"potentialAction":[{"@type":"SearchAction","target":{"@type":"EntryPoint","urlTemplate":"https:\/\/blgnoticiassantodomingo.net\/?s={search_term_string}"},"query-input":{"@type":"PropertyValueSpecification","valueRequired":true,"valueName":"search_term_string"}}],"inLanguage":"es"},{"@type":"Organization","@id":"https:\/\/blgnoticiassantodomingo.net\/#organization","name":"BLG Noticias","url":"https:\/\/blgnoticiassantodomingo.net\/","logo":{"@type":"ImageObject","inLanguage":"es","@id":"https:\/\/blgnoticiassantodomingo.net\/#\/schema\/logo\/image\/","url":"https:\/\/blgnoticiassantodomingo.net\/wp-content\/uploads\/2023\/12\/Diseno-sin-titulo-3.jpg","contentUrl":"https:\/\/blgnoticiassantodomingo.net\/wp-content\/uploads\/2023\/12\/Diseno-sin-titulo-3.jpg","width":500,"height":500,"caption":"BLG Noticias"},"image":{"@id":"https:\/\/blgnoticiassantodomingo.net\/#\/schema\/logo\/image\/"},"sameAs":["https:\/\/web.facebook.com\/BlgNoticias\/?locale=es_LA&_rdc=1&_rdr","https:\/\/x.com\/BlgNoticias","https:\/\/www.linkedin.com\/in\/brenda-l-santana-aa846279\/"]},{"@type":"Person","@id":"https:\/\/blgnoticiassantodomingo.net\/#\/schema\/person\/e2fc21cf88acc63dbd134be981bff374","name":"Brenda Guerrero","image":{"@type":"ImageObject","inLanguage":"es","@id":"https:\/\/blgnoticiassantodomingo.net\/#\/schema\/person\/image\/","url":"https:\/\/secure.gravatar.com\/avatar\/2f7fc4c3e3655be1580cb684bfd8ab19be702ae20879da1e072021daa02f9b8b?s=96&d=wp_user_avatar&r=g","contentUrl":"https:\/\/secure.gravatar.com\/avatar\/2f7fc4c3e3655be1580cb684bfd8ab19be702ae20879da1e072021daa02f9b8b?s=96&d=wp_user_avatar&r=g","caption":"Brenda Guerrero"},"description":"Periodista","url":"https:\/\/blgnoticiassantodomingo.net\/index.php\/author\/brenda-guerrero\/"}]}},"jetpack_featured_media_url":"https:\/\/blgnoticiassantodomingo.net\/wp-content\/uploads\/2025\/10\/Screenshot_9.jpg","_links":{"self":[{"href":"https:\/\/blgnoticiassantodomingo.net\/index.php\/wp-json\/wp\/v2\/posts\/48711","targetHints":{"allow":["GET"]}}],"collection":[{"href":"https:\/\/blgnoticiassantodomingo.net\/index.php\/wp-json\/wp\/v2\/posts"}],"about":[{"href":"https:\/\/blgnoticiassantodomingo.net\/index.php\/wp-json\/wp\/v2\/types\/post"}],"author":[{"embeddable":true,"href":"https:\/\/blgnoticiassantodomingo.net\/index.php\/wp-json\/wp\/v2\/users\/2"}],"replies":[{"embeddable":true,"href":"https:\/\/blgnoticiassantodomingo.net\/index.php\/wp-json\/wp\/v2\/comments?post=48711"}],"version-history":[{"count":1,"href":"https:\/\/blgnoticiassantodomingo.net\/index.php\/wp-json\/wp\/v2\/posts\/48711\/revisions"}],"predecessor-version":[{"id":48713,"href":"https:\/\/blgnoticiassantodomingo.net\/index.php\/wp-json\/wp\/v2\/posts\/48711\/revisions\/48713"}],"wp:featuredmedia":[{"embeddable":true,"href":"https:\/\/blgnoticiassantodomingo.net\/index.php\/wp-json\/wp\/v2\/media\/48712"}],"wp:attachment":[{"href":"https:\/\/blgnoticiassantodomingo.net\/index.php\/wp-json\/wp\/v2\/media?parent=48711"}],"wp:term":[{"taxonomy":"category","embeddable":true,"href":"https:\/\/blgnoticiassantodomingo.net\/index.php\/wp-json\/wp\/v2\/categories?post=48711"},{"taxonomy":"post_tag","embeddable":true,"href":"https:\/\/blgnoticiassantodomingo.net\/index.php\/wp-json\/wp\/v2\/tags?post=48711"}],"curies":[{"name":"wp","href":"https:\/\/api.w.org\/{rel}","templated":true}]}}