{"id":47878,"date":"2025-07-10T11:33:21","date_gmt":"2025-07-10T15:33:21","guid":{"rendered":"https:\/\/blgnoticiassantodomingo.net\/?p=47878"},"modified":"2025-07-10T11:33:25","modified_gmt":"2025-07-10T15:33:25","slug":"presidente-abinader-advierte-que-funcionarios-no-podran-hacer-campana-o-tendran-que-renunciar","status":"publish","type":"post","link":"https:\/\/blgnoticiassantodomingo.net\/index.php\/2025\/07\/10\/presidente-abinader-advierte-que-funcionarios-no-podran-hacer-campana-o-tendran-que-renunciar\/","title":{"rendered":"Presidente Abinader advierte que funcionarios no podr\u00e1n hacer campa\u00f1a o tendr\u00e1n que renunciar"},"content":{"rendered":"\n<p><strong><em>Mandatario desautoriza campa\u00f1a desde el gobierno relacionados con el proceso interno del PRM<\/em><\/strong><\/p>\n\n\n\n<p>Manzanillo, Montecristi.- El presidente Luis Abinader advirti\u00f3 este mi\u00e9rcoles a todos los funcionarios del gobierno que no podr\u00e1n hacer campa\u00f1a desde sus cargos p\u00fablicos relacionados con los procesos internos del Partido Revolucionario Moderno (PRM).<\/p>\n\n\n\n<blockquote class=\"wp-block-quote is-layout-flow wp-block-quote-is-layout-flow\">\n<p>\u00abUstedes saben que hemos sido democr\u00e1ticos y tolerantes para todo el que quiera tener aspiraciones, sin embargo, ayer dijimos muy claro que el proselitismo y la campa\u00f1a desde las oficinas p\u00fablicas no pueden ser\u00bb, declar\u00f3 el mandatario.<\/p>\n<\/blockquote>\n\n\n\n<p>Esas declaraciones fueron ofrecidas por el mandatario durante su periplo por la provincia de Montecristi mientras inauguraba diferentes obras.<\/p>\n\n\n\n<p>El jefe de Estado manifest\u00f3 que ha sido claro de que desautoriza ese tipo de actividades.<\/p>\n\n\n\n<div class=\"wp-block-columns is-layout-flex wp-container-core-columns-is-layout-9d6595d7 wp-block-columns-is-layout-flex\">\n<div class=\"wp-block-column is-layout-flow wp-block-column-is-layout-flow\" style=\"flex-basis:100%\">\n<p>\u00abEl que quiera hacer campa\u00f1a y proselitismo tendr\u00e1 que salir del gobierno\u00bb, afirm\u00f3 el mandatario.<\/p>\n<\/div>\n<\/div>\n\n\n\n<p>El jefe de Estado dijo que actualmente lo que que se debe hacer, es seguir solucionando los problemas de la gente, de las comunidades y las instituciones.<\/p>\n\n\n\n<div class=\"wp-block-columns is-layout-flex wp-container-core-columns-is-layout-9d6595d7 wp-block-columns-is-layout-flex\">\n<div class=\"wp-block-column is-layout-flow wp-block-column-is-layout-flow\" style=\"flex-basis:100%\">\n<p>\u00abNo puede haber campa\u00f1a desde ninguna oficina p\u00fablica\u00bb, sentenci\u00f3 el gobernante.<\/p>\n<\/div>\n<\/div>\n","protected":false},"excerpt":{"rendered":"<p>Mandatario desautoriza campa\u00f1a desde el gobierno relacionados con el proceso interno del PRM Manzanillo, Montecristi.- El presidente Luis Abinader advirti\u00f3 este mi\u00e9rcoles a todos los funcionarios del gobierno que no podr\u00e1n hacer campa\u00f1a desde sus cargos p\u00fablicos relacionados con los procesos internos del Partido Revolucionario Moderno (PRM). \u00abUstedes saben que hemos sido democr\u00e1ticos y tolerantes [&hellip;]<\/p>\n","protected":false},"author":2,"featured_media":47879,"comment_status":"open","ping_status":"open","sticky":false,"template":"","format":"standard","meta":{"footnotes":""},"categories":[9572,220],"tags":[],"class_list":{"0":"post-47878","1":"post","2":"type-post","3":"status-publish","4":"format-standard","5":"has-post-thumbnail","7":"category-featured","8":"category-nacionales"},"yoast_head":"<!-- This site is optimized with the Yoast SEO plugin v24.9 - https:\/\/yoast.com\/wordpress\/plugins\/seo\/ -->\n<title>Presidente Abinader advierte que funcionarios no podr\u00e1n hacer campa\u00f1a o tendr\u00e1n que renunciar - BLG Noticias<\/title>\n<meta name=\"robots\" content=\"index, follow, max-snippet:-1, max-image-preview:large, max-video-preview:-1\" \/>\n<link rel=\"canonical\" href=\"https:\/\/blgnoticiassantodomingo.net\/index.php\/2025\/07\/10\/presidente-abinader-advierte-que-funcionarios-no-podran-hacer-campana-o-tendran-que-renunciar\/\" \/>\n<meta property=\"og:locale\" content=\"es_ES\" \/>\n<meta property=\"og:type\" content=\"article\" \/>\n<meta property=\"og:title\" content=\"Presidente Abinader advierte que funcionarios no podr\u00e1n hacer campa\u00f1a o tendr\u00e1n que renunciar - BLG Noticias\" \/>\n<meta property=\"og:description\" content=\"Mandatario desautoriza campa\u00f1a desde el gobierno relacionados con el proceso interno del PRM Manzanillo, Montecristi.- El presidente Luis Abinader advirti\u00f3 este mi\u00e9rcoles a todos los funcionarios del gobierno que no podr\u00e1n hacer campa\u00f1a desde sus cargos p\u00fablicos relacionados con los procesos internos del Partido Revolucionario Moderno (PRM). \u00abUstedes saben que hemos sido democr\u00e1ticos y tolerantes [&hellip;]\" \/>\n<meta property=\"og:url\" content=\"https:\/\/blgnoticiassantodomingo.net\/index.php\/2025\/07\/10\/presidente-abinader-advierte-que-funcionarios-no-podran-hacer-campana-o-tendran-que-renunciar\/\" \/>\n<meta property=\"og:site_name\" content=\"BLG Noticias\" \/>\n<meta property=\"article:publisher\" content=\"https:\/\/web.facebook.com\/BlgNoticias\/?locale=es_LA&amp;_rdc=1&amp;_rdr\" \/>\n<meta property=\"article:published_time\" content=\"2025-07-10T15:33:21+00:00\" \/>\n<meta property=\"article:modified_time\" content=\"2025-07-10T15:33:25+00:00\" \/>\n<meta property=\"og:image\" content=\"http:\/\/blgnoticiassantodomingo.net\/wp-content\/uploads\/2025\/07\/WhatsApp-Image-2025-07-09-at-3.18.10-PM.jpeg\" \/>\n\t<meta property=\"og:image:width\" content=\"1920\" \/>\n\t<meta property=\"og:image:height\" content=\"1280\" \/>\n\t<meta property=\"og:image:type\" content=\"image\/jpeg\" \/>\n<meta name=\"author\" content=\"Brenda Guerrero\" \/>\n<meta name=\"twitter:card\" content=\"summary_large_image\" \/>\n<meta name=\"twitter:creator\" content=\"@BlgNoticias\" \/>\n<meta name=\"twitter:site\" content=\"@BlgNoticias\" \/>\n<meta name=\"twitter:label1\" content=\"Escrito por\" \/>\n\t<meta name=\"twitter:data1\" content=\"Brenda Guerrero\" \/>\n\t<meta name=\"twitter:label2\" content=\"Tiempo de lectura\" \/>\n\t<meta name=\"twitter:data2\" content=\"1 minuto\" \/>\n<script type=\"application\/ld+json\" class=\"yoast-schema-graph\">{\"@context\":\"https:\/\/schema.org\",\"@graph\":[{\"@type\":\"Article\",\"@id\":\"https:\/\/blgnoticiassantodomingo.net\/index.php\/2025\/07\/10\/presidente-abinader-advierte-que-funcionarios-no-podran-hacer-campana-o-tendran-que-renunciar\/#article\",\"isPartOf\":{\"@id\":\"https:\/\/blgnoticiassantodomingo.net\/index.php\/2025\/07\/10\/presidente-abinader-advierte-que-funcionarios-no-podran-hacer-campana-o-tendran-que-renunciar\/\"},\"author\":{\"name\":\"Brenda Guerrero\",\"@id\":\"https:\/\/blgnoticiassantodomingo.net\/#\/schema\/person\/e2fc21cf88acc63dbd134be981bff374\"},\"headline\":\"Presidente Abinader advierte que funcionarios no podr\u00e1n hacer campa\u00f1a o tendr\u00e1n que renunciar\",\"datePublished\":\"2025-07-10T15:33:21+00:00\",\"dateModified\":\"2025-07-10T15:33:25+00:00\",\"mainEntityOfPage\":{\"@id\":\"https:\/\/blgnoticiassantodomingo.net\/index.php\/2025\/07\/10\/presidente-abinader-advierte-que-funcionarios-no-podran-hacer-campana-o-tendran-que-renunciar\/\"},\"wordCount\":200,\"commentCount\":0,\"publisher\":{\"@id\":\"https:\/\/blgnoticiassantodomingo.net\/#organization\"},\"image\":{\"@id\":\"https:\/\/blgnoticiassantodomingo.net\/index.php\/2025\/07\/10\/presidente-abinader-advierte-que-funcionarios-no-podran-hacer-campana-o-tendran-que-renunciar\/#primaryimage\"},\"thumbnailUrl\":\"https:\/\/blgnoticiassantodomingo.net\/wp-content\/uploads\/2025\/07\/WhatsApp-Image-2025-07-09-at-3.18.10-PM.jpeg\",\"articleSection\":[\"Featured\",\"Nacionales\"],\"inLanguage\":\"es\",\"potentialAction\":[{\"@type\":\"CommentAction\",\"name\":\"Comment\",\"target\":[\"https:\/\/blgnoticiassantodomingo.net\/index.php\/2025\/07\/10\/presidente-abinader-advierte-que-funcionarios-no-podran-hacer-campana-o-tendran-que-renunciar\/#respond\"]}]},{\"@type\":\"WebPage\",\"@id\":\"https:\/\/blgnoticiassantodomingo.net\/index.php\/2025\/07\/10\/presidente-abinader-advierte-que-funcionarios-no-podran-hacer-campana-o-tendran-que-renunciar\/\",\"url\":\"https:\/\/blgnoticiassantodomingo.net\/index.php\/2025\/07\/10\/presidente-abinader-advierte-que-funcionarios-no-podran-hacer-campana-o-tendran-que-renunciar\/\",\"name\":\"Presidente Abinader advierte que funcionarios no podr\u00e1n hacer campa\u00f1a o tendr\u00e1n que renunciar - BLG Noticias\",\"isPartOf\":{\"@id\":\"https:\/\/blgnoticiassantodomingo.net\/#website\"},\"primaryImageOfPage\":{\"@id\":\"https:\/\/blgnoticiassantodomingo.net\/index.php\/2025\/07\/10\/presidente-abinader-advierte-que-funcionarios-no-podran-hacer-campana-o-tendran-que-renunciar\/#primaryimage\"},\"image\":{\"@id\":\"https:\/\/blgnoticiassantodomingo.net\/index.php\/2025\/07\/10\/presidente-abinader-advierte-que-funcionarios-no-podran-hacer-campana-o-tendran-que-renunciar\/#primaryimage\"},\"thumbnailUrl\":\"https:\/\/blgnoticiassantodomingo.net\/wp-content\/uploads\/2025\/07\/WhatsApp-Image-2025-07-09-at-3.18.10-PM.jpeg\",\"datePublished\":\"2025-07-10T15:33:21+00:00\",\"dateModified\":\"2025-07-10T15:33:25+00:00\",\"breadcrumb\":{\"@id\":\"https:\/\/blgnoticiassantodomingo.net\/index.php\/2025\/07\/10\/presidente-abinader-advierte-que-funcionarios-no-podran-hacer-campana-o-tendran-que-renunciar\/#breadcrumb\"},\"inLanguage\":\"es\",\"potentialAction\":[{\"@type\":\"ReadAction\",\"target\":[\"https:\/\/blgnoticiassantodomingo.net\/index.php\/2025\/07\/10\/presidente-abinader-advierte-que-funcionarios-no-podran-hacer-campana-o-tendran-que-renunciar\/\"]}]},{\"@type\":\"ImageObject\",\"inLanguage\":\"es\",\"@id\":\"https:\/\/blgnoticiassantodomingo.net\/index.php\/2025\/07\/10\/presidente-abinader-advierte-que-funcionarios-no-podran-hacer-campana-o-tendran-que-renunciar\/#primaryimage\",\"url\":\"https:\/\/blgnoticiassantodomingo.net\/wp-content\/uploads\/2025\/07\/WhatsApp-Image-2025-07-09-at-3.18.10-PM.jpeg\",\"contentUrl\":\"https:\/\/blgnoticiassantodomingo.net\/wp-content\/uploads\/2025\/07\/WhatsApp-Image-2025-07-09-at-3.18.10-PM.jpeg\",\"width\":1920,\"height\":1280},{\"@type\":\"BreadcrumbList\",\"@id\":\"https:\/\/blgnoticiassantodomingo.net\/index.php\/2025\/07\/10\/presidente-abinader-advierte-que-funcionarios-no-podran-hacer-campana-o-tendran-que-renunciar\/#breadcrumb\",\"itemListElement\":[{\"@type\":\"ListItem\",\"position\":1,\"name\":\"Portada\",\"item\":\"https:\/\/blgnoticiassantodomingo.net\/\"},{\"@type\":\"ListItem\",\"position\":2,\"name\":\"Presidente Abinader advierte que funcionarios no podr\u00e1n hacer campa\u00f1a o tendr\u00e1n que renunciar\"}]},{\"@type\":\"WebSite\",\"@id\":\"https:\/\/blgnoticiassantodomingo.net\/#website\",\"url\":\"https:\/\/blgnoticiassantodomingo.net\/\",\"name\":\"BLG Noticias\",\"description\":\"Esto es Noticias\",\"publisher\":{\"@id\":\"https:\/\/blgnoticiassantodomingo.net\/#organization\"},\"potentialAction\":[{\"@type\":\"SearchAction\",\"target\":{\"@type\":\"EntryPoint\",\"urlTemplate\":\"https:\/\/blgnoticiassantodomingo.net\/?s={search_term_string}\"},\"query-input\":{\"@type\":\"PropertyValueSpecification\",\"valueRequired\":true,\"valueName\":\"search_term_string\"}}],\"inLanguage\":\"es\"},{\"@type\":\"Organization\",\"@id\":\"https:\/\/blgnoticiassantodomingo.net\/#organization\",\"name\":\"BLG Noticias\",\"url\":\"https:\/\/blgnoticiassantodomingo.net\/\",\"logo\":{\"@type\":\"ImageObject\",\"inLanguage\":\"es\",\"@id\":\"https:\/\/blgnoticiassantodomingo.net\/#\/schema\/logo\/image\/\",\"url\":\"https:\/\/blgnoticiassantodomingo.net\/wp-content\/uploads\/2023\/12\/Diseno-sin-titulo-3.jpg\",\"contentUrl\":\"https:\/\/blgnoticiassantodomingo.net\/wp-content\/uploads\/2023\/12\/Diseno-sin-titulo-3.jpg\",\"width\":500,\"height\":500,\"caption\":\"BLG Noticias\"},\"image\":{\"@id\":\"https:\/\/blgnoticiassantodomingo.net\/#\/schema\/logo\/image\/\"},\"sameAs\":[\"https:\/\/web.facebook.com\/BlgNoticias\/?locale=es_LA&_rdc=1&_rdr\",\"https:\/\/x.com\/BlgNoticias\",\"https:\/\/www.linkedin.com\/in\/brenda-l-santana-aa846279\/\"]},{\"@type\":\"Person\",\"@id\":\"https:\/\/blgnoticiassantodomingo.net\/#\/schema\/person\/e2fc21cf88acc63dbd134be981bff374\",\"name\":\"Brenda Guerrero\",\"image\":{\"@type\":\"ImageObject\",\"inLanguage\":\"es\",\"@id\":\"https:\/\/blgnoticiassantodomingo.net\/#\/schema\/person\/image\/\",\"url\":\"https:\/\/secure.gravatar.com\/avatar\/2f7fc4c3e3655be1580cb684bfd8ab19be702ae20879da1e072021daa02f9b8b?s=96&d=wp_user_avatar&r=g\",\"contentUrl\":\"https:\/\/secure.gravatar.com\/avatar\/2f7fc4c3e3655be1580cb684bfd8ab19be702ae20879da1e072021daa02f9b8b?s=96&d=wp_user_avatar&r=g\",\"caption\":\"Brenda Guerrero\"},\"description\":\"Periodista\",\"url\":\"https:\/\/blgnoticiassantodomingo.net\/index.php\/author\/brenda-guerrero\/\"}]}<\/script>\n<!-- \/ Yoast SEO plugin. -->","yoast_head_json":{"title":"Presidente Abinader advierte que funcionarios no podr\u00e1n hacer campa\u00f1a o tendr\u00e1n que renunciar - BLG Noticias","robots":{"index":"index","follow":"follow","max-snippet":"max-snippet:-1","max-image-preview":"max-image-preview:large","max-video-preview":"max-video-preview:-1"},"canonical":"https:\/\/blgnoticiassantodomingo.net\/index.php\/2025\/07\/10\/presidente-abinader-advierte-que-funcionarios-no-podran-hacer-campana-o-tendran-que-renunciar\/","og_locale":"es_ES","og_type":"article","og_title":"Presidente Abinader advierte que funcionarios no podr\u00e1n hacer campa\u00f1a o tendr\u00e1n que renunciar - BLG Noticias","og_description":"Mandatario desautoriza campa\u00f1a desde el gobierno relacionados con el proceso interno del PRM Manzanillo, Montecristi.- El presidente Luis Abinader advirti\u00f3 este mi\u00e9rcoles a todos los funcionarios del gobierno que no podr\u00e1n hacer campa\u00f1a desde sus cargos p\u00fablicos relacionados con los procesos internos del Partido Revolucionario Moderno (PRM). \u00abUstedes saben que hemos sido democr\u00e1ticos y tolerantes [&hellip;]","og_url":"https:\/\/blgnoticiassantodomingo.net\/index.php\/2025\/07\/10\/presidente-abinader-advierte-que-funcionarios-no-podran-hacer-campana-o-tendran-que-renunciar\/","og_site_name":"BLG Noticias","article_publisher":"https:\/\/web.facebook.com\/BlgNoticias\/?locale=es_LA&_rdc=1&_rdr","article_published_time":"2025-07-10T15:33:21+00:00","article_modified_time":"2025-07-10T15:33:25+00:00","og_image":[{"width":1920,"height":1280,"url":"http:\/\/blgnoticiassantodomingo.net\/wp-content\/uploads\/2025\/07\/WhatsApp-Image-2025-07-09-at-3.18.10-PM.jpeg","type":"image\/jpeg"}],"author":"Brenda Guerrero","twitter_card":"summary_large_image","twitter_creator":"@BlgNoticias","twitter_site":"@BlgNoticias","twitter_misc":{"Escrito por":"Brenda Guerrero","Tiempo de lectura":"1 minuto"},"schema":{"@context":"https:\/\/schema.org","@graph":[{"@type":"Article","@id":"https:\/\/blgnoticiassantodomingo.net\/index.php\/2025\/07\/10\/presidente-abinader-advierte-que-funcionarios-no-podran-hacer-campana-o-tendran-que-renunciar\/#article","isPartOf":{"@id":"https:\/\/blgnoticiassantodomingo.net\/index.php\/2025\/07\/10\/presidente-abinader-advierte-que-funcionarios-no-podran-hacer-campana-o-tendran-que-renunciar\/"},"author":{"name":"Brenda Guerrero","@id":"https:\/\/blgnoticiassantodomingo.net\/#\/schema\/person\/e2fc21cf88acc63dbd134be981bff374"},"headline":"Presidente Abinader advierte que funcionarios no podr\u00e1n hacer campa\u00f1a o tendr\u00e1n que renunciar","datePublished":"2025-07-10T15:33:21+00:00","dateModified":"2025-07-10T15:33:25+00:00","mainEntityOfPage":{"@id":"https:\/\/blgnoticiassantodomingo.net\/index.php\/2025\/07\/10\/presidente-abinader-advierte-que-funcionarios-no-podran-hacer-campana-o-tendran-que-renunciar\/"},"wordCount":200,"commentCount":0,"publisher":{"@id":"https:\/\/blgnoticiassantodomingo.net\/#organization"},"image":{"@id":"https:\/\/blgnoticiassantodomingo.net\/index.php\/2025\/07\/10\/presidente-abinader-advierte-que-funcionarios-no-podran-hacer-campana-o-tendran-que-renunciar\/#primaryimage"},"thumbnailUrl":"https:\/\/blgnoticiassantodomingo.net\/wp-content\/uploads\/2025\/07\/WhatsApp-Image-2025-07-09-at-3.18.10-PM.jpeg","articleSection":["Featured","Nacionales"],"inLanguage":"es","potentialAction":[{"@type":"CommentAction","name":"Comment","target":["https:\/\/blgnoticiassantodomingo.net\/index.php\/2025\/07\/10\/presidente-abinader-advierte-que-funcionarios-no-podran-hacer-campana-o-tendran-que-renunciar\/#respond"]}]},{"@type":"WebPage","@id":"https:\/\/blgnoticiassantodomingo.net\/index.php\/2025\/07\/10\/presidente-abinader-advierte-que-funcionarios-no-podran-hacer-campana-o-tendran-que-renunciar\/","url":"https:\/\/blgnoticiassantodomingo.net\/index.php\/2025\/07\/10\/presidente-abinader-advierte-que-funcionarios-no-podran-hacer-campana-o-tendran-que-renunciar\/","name":"Presidente Abinader advierte que funcionarios no podr\u00e1n hacer campa\u00f1a o tendr\u00e1n que renunciar - BLG Noticias","isPartOf":{"@id":"https:\/\/blgnoticiassantodomingo.net\/#website"},"primaryImageOfPage":{"@id":"https:\/\/blgnoticiassantodomingo.net\/index.php\/2025\/07\/10\/presidente-abinader-advierte-que-funcionarios-no-podran-hacer-campana-o-tendran-que-renunciar\/#primaryimage"},"image":{"@id":"https:\/\/blgnoticiassantodomingo.net\/index.php\/2025\/07\/10\/presidente-abinader-advierte-que-funcionarios-no-podran-hacer-campana-o-tendran-que-renunciar\/#primaryimage"},"thumbnailUrl":"https:\/\/blgnoticiassantodomingo.net\/wp-content\/uploads\/2025\/07\/WhatsApp-Image-2025-07-09-at-3.18.10-PM.jpeg","datePublished":"2025-07-10T15:33:21+00:00","dateModified":"2025-07-10T15:33:25+00:00","breadcrumb":{"@id":"https:\/\/blgnoticiassantodomingo.net\/index.php\/2025\/07\/10\/presidente-abinader-advierte-que-funcionarios-no-podran-hacer-campana-o-tendran-que-renunciar\/#breadcrumb"},"inLanguage":"es","potentialAction":[{"@type":"ReadAction","target":["https:\/\/blgnoticiassantodomingo.net\/index.php\/2025\/07\/10\/presidente-abinader-advierte-que-funcionarios-no-podran-hacer-campana-o-tendran-que-renunciar\/"]}]},{"@type":"ImageObject","inLanguage":"es","@id":"https:\/\/blgnoticiassantodomingo.net\/index.php\/2025\/07\/10\/presidente-abinader-advierte-que-funcionarios-no-podran-hacer-campana-o-tendran-que-renunciar\/#primaryimage","url":"https:\/\/blgnoticiassantodomingo.net\/wp-content\/uploads\/2025\/07\/WhatsApp-Image-2025-07-09-at-3.18.10-PM.jpeg","contentUrl":"https:\/\/blgnoticiassantodomingo.net\/wp-content\/uploads\/2025\/07\/WhatsApp-Image-2025-07-09-at-3.18.10-PM.jpeg","width":1920,"height":1280},{"@type":"BreadcrumbList","@id":"https:\/\/blgnoticiassantodomingo.net\/index.php\/2025\/07\/10\/presidente-abinader-advierte-que-funcionarios-no-podran-hacer-campana-o-tendran-que-renunciar\/#breadcrumb","itemListElement":[{"@type":"ListItem","position":1,"name":"Portada","item":"https:\/\/blgnoticiassantodomingo.net\/"},{"@type":"ListItem","position":2,"name":"Presidente Abinader advierte que funcionarios no podr\u00e1n hacer campa\u00f1a o tendr\u00e1n que renunciar"}]},{"@type":"WebSite","@id":"https:\/\/blgnoticiassantodomingo.net\/#website","url":"https:\/\/blgnoticiassantodomingo.net\/","name":"BLG Noticias","description":"Esto es Noticias","publisher":{"@id":"https:\/\/blgnoticiassantodomingo.net\/#organization"},"potentialAction":[{"@type":"SearchAction","target":{"@type":"EntryPoint","urlTemplate":"https:\/\/blgnoticiassantodomingo.net\/?s={search_term_string}"},"query-input":{"@type":"PropertyValueSpecification","valueRequired":true,"valueName":"search_term_string"}}],"inLanguage":"es"},{"@type":"Organization","@id":"https:\/\/blgnoticiassantodomingo.net\/#organization","name":"BLG Noticias","url":"https:\/\/blgnoticiassantodomingo.net\/","logo":{"@type":"ImageObject","inLanguage":"es","@id":"https:\/\/blgnoticiassantodomingo.net\/#\/schema\/logo\/image\/","url":"https:\/\/blgnoticiassantodomingo.net\/wp-content\/uploads\/2023\/12\/Diseno-sin-titulo-3.jpg","contentUrl":"https:\/\/blgnoticiassantodomingo.net\/wp-content\/uploads\/2023\/12\/Diseno-sin-titulo-3.jpg","width":500,"height":500,"caption":"BLG Noticias"},"image":{"@id":"https:\/\/blgnoticiassantodomingo.net\/#\/schema\/logo\/image\/"},"sameAs":["https:\/\/web.facebook.com\/BlgNoticias\/?locale=es_LA&_rdc=1&_rdr","https:\/\/x.com\/BlgNoticias","https:\/\/www.linkedin.com\/in\/brenda-l-santana-aa846279\/"]},{"@type":"Person","@id":"https:\/\/blgnoticiassantodomingo.net\/#\/schema\/person\/e2fc21cf88acc63dbd134be981bff374","name":"Brenda Guerrero","image":{"@type":"ImageObject","inLanguage":"es","@id":"https:\/\/blgnoticiassantodomingo.net\/#\/schema\/person\/image\/","url":"https:\/\/secure.gravatar.com\/avatar\/2f7fc4c3e3655be1580cb684bfd8ab19be702ae20879da1e072021daa02f9b8b?s=96&d=wp_user_avatar&r=g","contentUrl":"https:\/\/secure.gravatar.com\/avatar\/2f7fc4c3e3655be1580cb684bfd8ab19be702ae20879da1e072021daa02f9b8b?s=96&d=wp_user_avatar&r=g","caption":"Brenda Guerrero"},"description":"Periodista","url":"https:\/\/blgnoticiassantodomingo.net\/index.php\/author\/brenda-guerrero\/"}]}},"jetpack_featured_media_url":"https:\/\/blgnoticiassantodomingo.net\/wp-content\/uploads\/2025\/07\/WhatsApp-Image-2025-07-09-at-3.18.10-PM.jpeg","_links":{"self":[{"href":"https:\/\/blgnoticiassantodomingo.net\/index.php\/wp-json\/wp\/v2\/posts\/47878","targetHints":{"allow":["GET"]}}],"collection":[{"href":"https:\/\/blgnoticiassantodomingo.net\/index.php\/wp-json\/wp\/v2\/posts"}],"about":[{"href":"https:\/\/blgnoticiassantodomingo.net\/index.php\/wp-json\/wp\/v2\/types\/post"}],"author":[{"embeddable":true,"href":"https:\/\/blgnoticiassantodomingo.net\/index.php\/wp-json\/wp\/v2\/users\/2"}],"replies":[{"embeddable":true,"href":"https:\/\/blgnoticiassantodomingo.net\/index.php\/wp-json\/wp\/v2\/comments?post=47878"}],"version-history":[{"count":1,"href":"https:\/\/blgnoticiassantodomingo.net\/index.php\/wp-json\/wp\/v2\/posts\/47878\/revisions"}],"predecessor-version":[{"id":47880,"href":"https:\/\/blgnoticiassantodomingo.net\/index.php\/wp-json\/wp\/v2\/posts\/47878\/revisions\/47880"}],"wp:featuredmedia":[{"embeddable":true,"href":"https:\/\/blgnoticiassantodomingo.net\/index.php\/wp-json\/wp\/v2\/media\/47879"}],"wp:attachment":[{"href":"https:\/\/blgnoticiassantodomingo.net\/index.php\/wp-json\/wp\/v2\/media?parent=47878"}],"wp:term":[{"taxonomy":"category","embeddable":true,"href":"https:\/\/blgnoticiassantodomingo.net\/index.php\/wp-json\/wp\/v2\/categories?post=47878"},{"taxonomy":"post_tag","embeddable":true,"href":"https:\/\/blgnoticiassantodomingo.net\/index.php\/wp-json\/wp\/v2\/tags?post=47878"}],"curies":[{"name":"wp","href":"https:\/\/api.w.org\/{rel}","templated":true}]}}