{"id":47759,"date":"2025-05-06T11:56:50","date_gmt":"2025-05-06T15:56:50","guid":{"rendered":"https:\/\/blgnoticiassantodomingo.net\/?p=47759"},"modified":"2025-05-06T11:56:54","modified_gmt":"2025-05-06T15:56:54","slug":"indocal-certificara-la-calidad-de-los-medidores-electricos-en-el-pais","status":"publish","type":"post","link":"https:\/\/blgnoticiassantodomingo.net\/index.php\/2025\/05\/06\/indocal-certificara-la-calidad-de-los-medidores-electricos-en-el-pais\/","title":{"rendered":"Indocal certificar\u00e1 la calidad de los medidores el\u00e9ctricos en el pa\u00eds"},"content":{"rendered":"\n<p><strong><em>El proyecto busca certificar tanto los medidores que ingresen al pa\u00eds como los que ya existen<\/em><\/strong><\/p>\n\n\n\n<p>Santo Domingo.- El director general del Instituto Dominicano para la Calidad (Indocal), el ingeniero N\u00e9stor Matos, anunci\u00f3 que la instituci\u00f3n pondr\u00e1 en marcha un nuevo proyecto de certificaci\u00f3n de la metrolog\u00eda de todos los medidores el\u00e9ctricos que se utilizan en el pa\u00eds con el objetivo de garantizarle a la poblaci\u00f3n calidad y precisi\u00f3n en el servicio.<\/p>\n\n\n\n<pre class=\"wp-block-code\"><code>\"Estamos trabajando arduamente para poner en funcionamiento este servicio en el corto plazo. La poblaci\u00f3n podr\u00e1 tener la tranquilidad de que estos dispositivos estar\u00e1n midiendo de manera justa y precisa la energ\u00eda que consumen\", se\u00f1al\u00f3 Matos.<\/code><\/pre>\n\n\n\n<p>&nbsp;Al ser entrevistado por el periodista Jos\u00e9 Miguel Garc\u00eda, en el programa \u00abLa Entr3vista\u00bb, que se difunde todos los domingos a las 8:00 de la noche por el canal 16, el funcionario afirm\u00f3 que esta iniciativa representa un paso significativo en el fortalecimiento del sistema el\u00e9ctrico nacional y en la protecci\u00f3n de los derechos de los consumidores.<\/p>\n\n\n\n<p>El director general del INDOCAL, N\u00e9stor Matos, explic\u00f3 que el proyecto contempla no solo certificar los medidores el\u00e9ctricos que ingresen al pa\u00eds, sino tambi\u00e9n comenzar\u00e1 a certificar los ya instalados.<\/p>\n\n\n\n<p>Matos afirm\u00f3 que actualmente, cuando una de las Empresas Distribuidoras de Electricidad (EDES) detecta una anomal\u00eda en un medidor, es INDOCAL el organismo encargado de realizar un peritaje t\u00e9cnico para determinar si el equipo est\u00e1 funcionando correctamente.<\/p>\n\n\n\n<p>Esta iniciativa forma parte de un proyecto estrat\u00e9gico que busca fortalecer la confianza de la poblaci\u00f3n en la medici\u00f3n del consumo el\u00e9ctrico.<\/p>\n\n\n\n<p><strong>Atribuciones del INDOCAL<\/strong><\/p>\n\n\n\n<p>El Indocal es la autoridad nacional en tres temas fundamentales: la normalizaci\u00f3n; crear normas o est\u00e1ndares para la din\u00e1mica productiva nacional; la metrolog\u00eda, que es la ciencia que estudia las medidas y hace que la instituci\u00f3n sea la responsable de velar por el buen funcionamiento metrol\u00f3gicamente de todos los dispositivos que se usan en el comercio. Por \u00faltimo, tambi\u00e9n se encarga de la evaluaci\u00f3n de la conformidad, es decir, garantizar que empresas, productos y personas cumplan con est\u00e1ndares de calidad y obtengan la certificaci\u00f3n tras un examen o auditor\u00eda aplicado por el Indocal.<\/p>\n\n\n\n<p><em>Los tres sellos en estaciones de combustible<\/em><\/p>\n\n\n\n<p>El titular del Indocal se\u00f1al\u00f3 que se realizan verificaciones metrol\u00f3gicas en todas las estaciones de combustible nacionales, tanto de l\u00edquido como de gas, m\u00ednimo dos veces al a\u00f1o de manera sorpresiva para asegurar que los dispensadores est\u00e9n perfectamente calibrados y asegurar que el ciudadano recibe exactamente por lo que est\u00e1 pagando. Resalt\u00f3 que cuando el Indocal hace una verificaci\u00f3n a un establecimiento, coloca uno de tres tipos de sellos: azul, rojo y amarillo, dependiendo de la calidad ratificada.<\/p>\n\n\n\n<p>El azul indica que la verificaci\u00f3n fue correcta y que el dispensador de combustible es apto para uso. El sello rojo significa que esa estaci\u00f3n no puede distribuir combustible con ese dispensador porque no est\u00e1 debidamente calibrado, hasta que un reparador p\u00fablico garantizado por el Indocal realice la correcta calibraci\u00f3n y le retire el sello rojo, colocando uno de color amarillo. El sello de color amarillo significa que todav\u00eda el dispensador no puede usarse para la venta de combustible, sino que est\u00e1 a la espera de que el Indocal acuda a la estaci\u00f3n de combustible para garantizar que est\u00e1 funcionando correctamente y finalmente se le coloque un sello azul.<\/p>\n\n\n\n<pre class=\"wp-block-code\"><code>\u201cA la ciudadan\u00eda en sentido general, les instamos a que cada vez que usted vaya a echar combustible l\u00edquido o gas, verifique que el dispensador que est\u00e9n usando tenga colocado el sello azul del Indocal, que le indica que est\u00e1 funcionando correctamente y que le est\u00e1 dispensando o echando exactamente la cantidad que usted est\u00e1 pagando\u201d, explic\u00f3 el Ing. N\u00e9stor Matos.<\/code><\/pre>\n\n\n\n<p><em><strong>Las Nordom<\/strong><\/em><\/p>\n\n\n\n<p>La instituci\u00f3n encargada de velar por la calidad en la Rep\u00fablica Dominicana cuenta con m\u00e1s de 1,000 Normas Dominicanas (Nordom) que cada a\u00f1o van en aumento. Las Nordom son normas o est\u00e1ndares que les permiten a los sectores de la econom\u00eda nacional estandarizar sus servicios, bienes o productos en sentido general, garantizando que a la ciudadan\u00eda lleguen productos de calidad.<\/p>\n\n\n\n<p>Las Nordom no solamente regulan y producen mejores productos o servicios, adem\u00e1s crean un entorno m\u00e1s competitivo entre las empresas, pues al contribuir con la mejora de calidad de los productos, se fideliza con el cliente y se accede m\u00e1s f\u00e1cilmente a los mercados internacionales con la exportaci\u00f3n.<\/p>\n\n\n\n<p>Matos se\u00f1al\u00f3 que para este a\u00f1o se a\u00f1adir\u00e1n nuevas Nordom al cat\u00e1logo en busca de maximizar la calidad nacional.<\/p>\n\n\n\n<p><em><strong>Normas ISO<\/strong><\/em><\/p>\n\n\n\n<p>Las normas ISO son un conjunto de est\u00e1ndares con reconocimiento internacional, creadas para ayudar a las empresas a establecer niveles de homogeneidad en relaci\u00f3n con la gesti\u00f3n, prestaci\u00f3n de servicios y desarrollo de productos en la industria.<\/p>\n\n\n\n<p>El Indocal maneja un amplio n\u00famero de certificaciones, siendo las m\u00e1s reconocidas las normas ISO. Entre estas normas hay de car\u00e1cter general, pero otras van enfocadas hacia sectores espec\u00edficos.<\/p>\n\n\n\n<p>Para su obtenci\u00f3n, las empresas deben demostrar ante el Indocal, mediante un examen minucioso, que cumplen con un n\u00famero de est\u00e1ndares, por lo que el papel que juega la instituci\u00f3n representa una se\u00f1al de confianza a la ciudadan\u00eda sobre un servicio o producto. Luego de que se emite la certificaci\u00f3n, el Indocal realiza posteriormente auditor\u00edas de vigilancia para garantizar que se sigue cumpliendo con los est\u00e1ndares de calidad.<\/p>\n\n\n\n<p><strong>Premio Indocal a la Calidad*<\/strong><\/p>\n\n\n\n<p>El Premio Indocal a la Calidad se realizar\u00e1 en noviembre y reconocer\u00e1 instituciones p\u00fablicas y privadas por la aplicaci\u00f3n de ejes fundamentales de la calidad. Las inscripciones se pueden realizar en la p\u00e1gina web del Indocal con fecha l\u00edmite hasta mediados de a\u00f1o.<\/p>\n\n\n\n<p><em>Invita a consumir la calidad que garantiza el Indocal<\/em><\/p>\n\n\n\n<pre class=\"wp-block-code\"><code>\u201cAl pueblo dominicano les decimos que seguiremos siendo sus aliados, seguiremos trabajando cada d\u00eda m\u00e1s por crear bienes y servicios de calidad para los ciudadanos, de impactar a la industria nacional con el tema de normalizaci\u00f3n, metrolog\u00eda y evaluaci\u00f3n de la conformidad, para que cada d\u00eda m\u00e1s les lleguen a los ciudadanos productos de bienes y servicios\u201d, concluy\u00f3 instando a \u201cconsumir productos que cuenten con el sello de calidad del Indocal\u201d.<\/code><\/pre>\n","protected":false},"excerpt":{"rendered":"<p>El proyecto busca certificar tanto los medidores que ingresen al pa\u00eds como los que ya existen Santo Domingo.- El director general del Instituto Dominicano para la Calidad (Indocal), el ingeniero N\u00e9stor Matos, anunci\u00f3 que la instituci\u00f3n pondr\u00e1 en marcha un nuevo proyecto de certificaci\u00f3n de la metrolog\u00eda de todos los medidores el\u00e9ctricos que se utilizan [&hellip;]<\/p>\n","protected":false},"author":2,"featured_media":47760,"comment_status":"open","ping_status":"open","sticky":false,"template":"","format":"standard","meta":{"footnotes":""},"categories":[220],"tags":[6805,13868,13870,13871,13869,8660],"class_list":{"0":"post-47759","1":"post","2":"type-post","3":"status-publish","4":"format-standard","5":"has-post-thumbnail","7":"category-nacionales","8":"tag-indocal","9":"tag-instituto-dominicano-para-la-calidad","10":"tag-las-nordom","11":"tag-medidores-electricos","12":"tag-nestor-matos","13":"tag-normas-iso"},"yoast_head":"<!-- This site is optimized with the Yoast SEO plugin v24.9 - https:\/\/yoast.com\/wordpress\/plugins\/seo\/ -->\n<title>Indocal certificar\u00e1 la calidad de los medidores el\u00e9ctricos en el pa\u00eds - BLG Noticias<\/title>\n<meta name=\"robots\" content=\"index, follow, max-snippet:-1, max-image-preview:large, max-video-preview:-1\" \/>\n<link rel=\"canonical\" href=\"https:\/\/blgnoticiassantodomingo.net\/index.php\/2025\/05\/06\/indocal-certificara-la-calidad-de-los-medidores-electricos-en-el-pais\/\" \/>\n<meta property=\"og:locale\" content=\"es_ES\" \/>\n<meta property=\"og:type\" content=\"article\" \/>\n<meta property=\"og:title\" content=\"Indocal certificar\u00e1 la calidad de los medidores el\u00e9ctricos en el pa\u00eds - BLG Noticias\" \/>\n<meta property=\"og:description\" content=\"El proyecto busca certificar tanto los medidores que ingresen al pa\u00eds como los que ya existen Santo Domingo.- El director general del Instituto Dominicano para la Calidad (Indocal), el ingeniero N\u00e9stor Matos, anunci\u00f3 que la instituci\u00f3n pondr\u00e1 en marcha un nuevo proyecto de certificaci\u00f3n de la metrolog\u00eda de todos los medidores el\u00e9ctricos que se utilizan [&hellip;]\" \/>\n<meta property=\"og:url\" content=\"https:\/\/blgnoticiassantodomingo.net\/index.php\/2025\/05\/06\/indocal-certificara-la-calidad-de-los-medidores-electricos-en-el-pais\/\" \/>\n<meta property=\"og:site_name\" content=\"BLG Noticias\" \/>\n<meta property=\"article:publisher\" content=\"https:\/\/web.facebook.com\/BlgNoticias\/?locale=es_LA&amp;_rdc=1&amp;_rdr\" \/>\n<meta property=\"article:published_time\" content=\"2025-05-06T15:56:50+00:00\" \/>\n<meta property=\"article:modified_time\" content=\"2025-05-06T15:56:54+00:00\" \/>\n<meta property=\"og:image\" content=\"http:\/\/blgnoticiassantodomingo.net\/wp-content\/uploads\/2025\/05\/WhatsApp-Image-2025-05-05-at-2.47.18-PM.jpeg\" \/>\n\t<meta property=\"og:image:width\" content=\"1920\" \/>\n\t<meta property=\"og:image:height\" content=\"1277\" \/>\n\t<meta property=\"og:image:type\" content=\"image\/jpeg\" \/>\n<meta name=\"author\" content=\"Brenda Guerrero\" \/>\n<meta name=\"twitter:card\" content=\"summary_large_image\" \/>\n<meta name=\"twitter:creator\" content=\"@BlgNoticias\" \/>\n<meta name=\"twitter:site\" content=\"@BlgNoticias\" \/>\n<meta name=\"twitter:label1\" content=\"Escrito por\" \/>\n\t<meta name=\"twitter:data1\" content=\"Brenda Guerrero\" \/>\n\t<meta name=\"twitter:label2\" content=\"Tiempo de lectura\" \/>\n\t<meta name=\"twitter:data2\" content=\"5 minutos\" \/>\n<script type=\"application\/ld+json\" class=\"yoast-schema-graph\">{\"@context\":\"https:\/\/schema.org\",\"@graph\":[{\"@type\":\"Article\",\"@id\":\"https:\/\/blgnoticiassantodomingo.net\/index.php\/2025\/05\/06\/indocal-certificara-la-calidad-de-los-medidores-electricos-en-el-pais\/#article\",\"isPartOf\":{\"@id\":\"https:\/\/blgnoticiassantodomingo.net\/index.php\/2025\/05\/06\/indocal-certificara-la-calidad-de-los-medidores-electricos-en-el-pais\/\"},\"author\":{\"name\":\"Brenda Guerrero\",\"@id\":\"https:\/\/blgnoticiassantodomingo.net\/#\/schema\/person\/e2fc21cf88acc63dbd134be981bff374\"},\"headline\":\"Indocal certificar\u00e1 la calidad de los medidores el\u00e9ctricos en el pa\u00eds\",\"datePublished\":\"2025-05-06T15:56:50+00:00\",\"dateModified\":\"2025-05-06T15:56:54+00:00\",\"mainEntityOfPage\":{\"@id\":\"https:\/\/blgnoticiassantodomingo.net\/index.php\/2025\/05\/06\/indocal-certificara-la-calidad-de-los-medidores-electricos-en-el-pais\/\"},\"wordCount\":928,\"commentCount\":0,\"publisher\":{\"@id\":\"https:\/\/blgnoticiassantodomingo.net\/#organization\"},\"image\":{\"@id\":\"https:\/\/blgnoticiassantodomingo.net\/index.php\/2025\/05\/06\/indocal-certificara-la-calidad-de-los-medidores-electricos-en-el-pais\/#primaryimage\"},\"thumbnailUrl\":\"https:\/\/blgnoticiassantodomingo.net\/wp-content\/uploads\/2025\/05\/WhatsApp-Image-2025-05-05-at-2.47.18-PM.jpeg\",\"keywords\":[\"INDOCAL\",\"Instituto Dominicano para la Calidad\",\"Las Nordom\",\"medidores el\u00e9ctricos\",\"N\u00e9stor Matos\",\"Normas ISO\"],\"articleSection\":[\"Nacionales\"],\"inLanguage\":\"es\",\"potentialAction\":[{\"@type\":\"CommentAction\",\"name\":\"Comment\",\"target\":[\"https:\/\/blgnoticiassantodomingo.net\/index.php\/2025\/05\/06\/indocal-certificara-la-calidad-de-los-medidores-electricos-en-el-pais\/#respond\"]}]},{\"@type\":\"WebPage\",\"@id\":\"https:\/\/blgnoticiassantodomingo.net\/index.php\/2025\/05\/06\/indocal-certificara-la-calidad-de-los-medidores-electricos-en-el-pais\/\",\"url\":\"https:\/\/blgnoticiassantodomingo.net\/index.php\/2025\/05\/06\/indocal-certificara-la-calidad-de-los-medidores-electricos-en-el-pais\/\",\"name\":\"Indocal certificar\u00e1 la calidad de los medidores el\u00e9ctricos en el pa\u00eds - BLG Noticias\",\"isPartOf\":{\"@id\":\"https:\/\/blgnoticiassantodomingo.net\/#website\"},\"primaryImageOfPage\":{\"@id\":\"https:\/\/blgnoticiassantodomingo.net\/index.php\/2025\/05\/06\/indocal-certificara-la-calidad-de-los-medidores-electricos-en-el-pais\/#primaryimage\"},\"image\":{\"@id\":\"https:\/\/blgnoticiassantodomingo.net\/index.php\/2025\/05\/06\/indocal-certificara-la-calidad-de-los-medidores-electricos-en-el-pais\/#primaryimage\"},\"thumbnailUrl\":\"https:\/\/blgnoticiassantodomingo.net\/wp-content\/uploads\/2025\/05\/WhatsApp-Image-2025-05-05-at-2.47.18-PM.jpeg\",\"datePublished\":\"2025-05-06T15:56:50+00:00\",\"dateModified\":\"2025-05-06T15:56:54+00:00\",\"breadcrumb\":{\"@id\":\"https:\/\/blgnoticiassantodomingo.net\/index.php\/2025\/05\/06\/indocal-certificara-la-calidad-de-los-medidores-electricos-en-el-pais\/#breadcrumb\"},\"inLanguage\":\"es\",\"potentialAction\":[{\"@type\":\"ReadAction\",\"target\":[\"https:\/\/blgnoticiassantodomingo.net\/index.php\/2025\/05\/06\/indocal-certificara-la-calidad-de-los-medidores-electricos-en-el-pais\/\"]}]},{\"@type\":\"ImageObject\",\"inLanguage\":\"es\",\"@id\":\"https:\/\/blgnoticiassantodomingo.net\/index.php\/2025\/05\/06\/indocal-certificara-la-calidad-de-los-medidores-electricos-en-el-pais\/#primaryimage\",\"url\":\"https:\/\/blgnoticiassantodomingo.net\/wp-content\/uploads\/2025\/05\/WhatsApp-Image-2025-05-05-at-2.47.18-PM.jpeg\",\"contentUrl\":\"https:\/\/blgnoticiassantodomingo.net\/wp-content\/uploads\/2025\/05\/WhatsApp-Image-2025-05-05-at-2.47.18-PM.jpeg\",\"width\":1920,\"height\":1277},{\"@type\":\"BreadcrumbList\",\"@id\":\"https:\/\/blgnoticiassantodomingo.net\/index.php\/2025\/05\/06\/indocal-certificara-la-calidad-de-los-medidores-electricos-en-el-pais\/#breadcrumb\",\"itemListElement\":[{\"@type\":\"ListItem\",\"position\":1,\"name\":\"Portada\",\"item\":\"https:\/\/blgnoticiassantodomingo.net\/\"},{\"@type\":\"ListItem\",\"position\":2,\"name\":\"Indocal certificar\u00e1 la calidad de los medidores el\u00e9ctricos en el pa\u00eds\"}]},{\"@type\":\"WebSite\",\"@id\":\"https:\/\/blgnoticiassantodomingo.net\/#website\",\"url\":\"https:\/\/blgnoticiassantodomingo.net\/\",\"name\":\"BLG Noticias\",\"description\":\"Esto es Noticias\",\"publisher\":{\"@id\":\"https:\/\/blgnoticiassantodomingo.net\/#organization\"},\"potentialAction\":[{\"@type\":\"SearchAction\",\"target\":{\"@type\":\"EntryPoint\",\"urlTemplate\":\"https:\/\/blgnoticiassantodomingo.net\/?s={search_term_string}\"},\"query-input\":{\"@type\":\"PropertyValueSpecification\",\"valueRequired\":true,\"valueName\":\"search_term_string\"}}],\"inLanguage\":\"es\"},{\"@type\":\"Organization\",\"@id\":\"https:\/\/blgnoticiassantodomingo.net\/#organization\",\"name\":\"BLG Noticias\",\"url\":\"https:\/\/blgnoticiassantodomingo.net\/\",\"logo\":{\"@type\":\"ImageObject\",\"inLanguage\":\"es\",\"@id\":\"https:\/\/blgnoticiassantodomingo.net\/#\/schema\/logo\/image\/\",\"url\":\"https:\/\/blgnoticiassantodomingo.net\/wp-content\/uploads\/2023\/12\/Diseno-sin-titulo-3.jpg\",\"contentUrl\":\"https:\/\/blgnoticiassantodomingo.net\/wp-content\/uploads\/2023\/12\/Diseno-sin-titulo-3.jpg\",\"width\":500,\"height\":500,\"caption\":\"BLG Noticias\"},\"image\":{\"@id\":\"https:\/\/blgnoticiassantodomingo.net\/#\/schema\/logo\/image\/\"},\"sameAs\":[\"https:\/\/web.facebook.com\/BlgNoticias\/?locale=es_LA&_rdc=1&_rdr\",\"https:\/\/x.com\/BlgNoticias\",\"https:\/\/www.linkedin.com\/in\/brenda-l-santana-aa846279\/\"]},{\"@type\":\"Person\",\"@id\":\"https:\/\/blgnoticiassantodomingo.net\/#\/schema\/person\/e2fc21cf88acc63dbd134be981bff374\",\"name\":\"Brenda Guerrero\",\"image\":{\"@type\":\"ImageObject\",\"inLanguage\":\"es\",\"@id\":\"https:\/\/blgnoticiassantodomingo.net\/#\/schema\/person\/image\/\",\"url\":\"https:\/\/secure.gravatar.com\/avatar\/2f7fc4c3e3655be1580cb684bfd8ab19be702ae20879da1e072021daa02f9b8b?s=96&d=wp_user_avatar&r=g\",\"contentUrl\":\"https:\/\/secure.gravatar.com\/avatar\/2f7fc4c3e3655be1580cb684bfd8ab19be702ae20879da1e072021daa02f9b8b?s=96&d=wp_user_avatar&r=g\",\"caption\":\"Brenda Guerrero\"},\"description\":\"Periodista\",\"url\":\"https:\/\/blgnoticiassantodomingo.net\/index.php\/author\/brenda-guerrero\/\"}]}<\/script>\n<!-- \/ Yoast SEO plugin. -->","yoast_head_json":{"title":"Indocal certificar\u00e1 la calidad de los medidores el\u00e9ctricos en el pa\u00eds - BLG Noticias","robots":{"index":"index","follow":"follow","max-snippet":"max-snippet:-1","max-image-preview":"max-image-preview:large","max-video-preview":"max-video-preview:-1"},"canonical":"https:\/\/blgnoticiassantodomingo.net\/index.php\/2025\/05\/06\/indocal-certificara-la-calidad-de-los-medidores-electricos-en-el-pais\/","og_locale":"es_ES","og_type":"article","og_title":"Indocal certificar\u00e1 la calidad de los medidores el\u00e9ctricos en el pa\u00eds - BLG Noticias","og_description":"El proyecto busca certificar tanto los medidores que ingresen al pa\u00eds como los que ya existen Santo Domingo.- El director general del Instituto Dominicano para la Calidad (Indocal), el ingeniero N\u00e9stor Matos, anunci\u00f3 que la instituci\u00f3n pondr\u00e1 en marcha un nuevo proyecto de certificaci\u00f3n de la metrolog\u00eda de todos los medidores el\u00e9ctricos que se utilizan [&hellip;]","og_url":"https:\/\/blgnoticiassantodomingo.net\/index.php\/2025\/05\/06\/indocal-certificara-la-calidad-de-los-medidores-electricos-en-el-pais\/","og_site_name":"BLG Noticias","article_publisher":"https:\/\/web.facebook.com\/BlgNoticias\/?locale=es_LA&_rdc=1&_rdr","article_published_time":"2025-05-06T15:56:50+00:00","article_modified_time":"2025-05-06T15:56:54+00:00","og_image":[{"width":1920,"height":1277,"url":"http:\/\/blgnoticiassantodomingo.net\/wp-content\/uploads\/2025\/05\/WhatsApp-Image-2025-05-05-at-2.47.18-PM.jpeg","type":"image\/jpeg"}],"author":"Brenda Guerrero","twitter_card":"summary_large_image","twitter_creator":"@BlgNoticias","twitter_site":"@BlgNoticias","twitter_misc":{"Escrito por":"Brenda Guerrero","Tiempo de lectura":"5 minutos"},"schema":{"@context":"https:\/\/schema.org","@graph":[{"@type":"Article","@id":"https:\/\/blgnoticiassantodomingo.net\/index.php\/2025\/05\/06\/indocal-certificara-la-calidad-de-los-medidores-electricos-en-el-pais\/#article","isPartOf":{"@id":"https:\/\/blgnoticiassantodomingo.net\/index.php\/2025\/05\/06\/indocal-certificara-la-calidad-de-los-medidores-electricos-en-el-pais\/"},"author":{"name":"Brenda Guerrero","@id":"https:\/\/blgnoticiassantodomingo.net\/#\/schema\/person\/e2fc21cf88acc63dbd134be981bff374"},"headline":"Indocal certificar\u00e1 la calidad de los medidores el\u00e9ctricos en el pa\u00eds","datePublished":"2025-05-06T15:56:50+00:00","dateModified":"2025-05-06T15:56:54+00:00","mainEntityOfPage":{"@id":"https:\/\/blgnoticiassantodomingo.net\/index.php\/2025\/05\/06\/indocal-certificara-la-calidad-de-los-medidores-electricos-en-el-pais\/"},"wordCount":928,"commentCount":0,"publisher":{"@id":"https:\/\/blgnoticiassantodomingo.net\/#organization"},"image":{"@id":"https:\/\/blgnoticiassantodomingo.net\/index.php\/2025\/05\/06\/indocal-certificara-la-calidad-de-los-medidores-electricos-en-el-pais\/#primaryimage"},"thumbnailUrl":"https:\/\/blgnoticiassantodomingo.net\/wp-content\/uploads\/2025\/05\/WhatsApp-Image-2025-05-05-at-2.47.18-PM.jpeg","keywords":["INDOCAL","Instituto Dominicano para la Calidad","Las Nordom","medidores el\u00e9ctricos","N\u00e9stor Matos","Normas ISO"],"articleSection":["Nacionales"],"inLanguage":"es","potentialAction":[{"@type":"CommentAction","name":"Comment","target":["https:\/\/blgnoticiassantodomingo.net\/index.php\/2025\/05\/06\/indocal-certificara-la-calidad-de-los-medidores-electricos-en-el-pais\/#respond"]}]},{"@type":"WebPage","@id":"https:\/\/blgnoticiassantodomingo.net\/index.php\/2025\/05\/06\/indocal-certificara-la-calidad-de-los-medidores-electricos-en-el-pais\/","url":"https:\/\/blgnoticiassantodomingo.net\/index.php\/2025\/05\/06\/indocal-certificara-la-calidad-de-los-medidores-electricos-en-el-pais\/","name":"Indocal certificar\u00e1 la calidad de los medidores el\u00e9ctricos en el pa\u00eds - BLG Noticias","isPartOf":{"@id":"https:\/\/blgnoticiassantodomingo.net\/#website"},"primaryImageOfPage":{"@id":"https:\/\/blgnoticiassantodomingo.net\/index.php\/2025\/05\/06\/indocal-certificara-la-calidad-de-los-medidores-electricos-en-el-pais\/#primaryimage"},"image":{"@id":"https:\/\/blgnoticiassantodomingo.net\/index.php\/2025\/05\/06\/indocal-certificara-la-calidad-de-los-medidores-electricos-en-el-pais\/#primaryimage"},"thumbnailUrl":"https:\/\/blgnoticiassantodomingo.net\/wp-content\/uploads\/2025\/05\/WhatsApp-Image-2025-05-05-at-2.47.18-PM.jpeg","datePublished":"2025-05-06T15:56:50+00:00","dateModified":"2025-05-06T15:56:54+00:00","breadcrumb":{"@id":"https:\/\/blgnoticiassantodomingo.net\/index.php\/2025\/05\/06\/indocal-certificara-la-calidad-de-los-medidores-electricos-en-el-pais\/#breadcrumb"},"inLanguage":"es","potentialAction":[{"@type":"ReadAction","target":["https:\/\/blgnoticiassantodomingo.net\/index.php\/2025\/05\/06\/indocal-certificara-la-calidad-de-los-medidores-electricos-en-el-pais\/"]}]},{"@type":"ImageObject","inLanguage":"es","@id":"https:\/\/blgnoticiassantodomingo.net\/index.php\/2025\/05\/06\/indocal-certificara-la-calidad-de-los-medidores-electricos-en-el-pais\/#primaryimage","url":"https:\/\/blgnoticiassantodomingo.net\/wp-content\/uploads\/2025\/05\/WhatsApp-Image-2025-05-05-at-2.47.18-PM.jpeg","contentUrl":"https:\/\/blgnoticiassantodomingo.net\/wp-content\/uploads\/2025\/05\/WhatsApp-Image-2025-05-05-at-2.47.18-PM.jpeg","width":1920,"height":1277},{"@type":"BreadcrumbList","@id":"https:\/\/blgnoticiassantodomingo.net\/index.php\/2025\/05\/06\/indocal-certificara-la-calidad-de-los-medidores-electricos-en-el-pais\/#breadcrumb","itemListElement":[{"@type":"ListItem","position":1,"name":"Portada","item":"https:\/\/blgnoticiassantodomingo.net\/"},{"@type":"ListItem","position":2,"name":"Indocal certificar\u00e1 la calidad de los medidores el\u00e9ctricos en el pa\u00eds"}]},{"@type":"WebSite","@id":"https:\/\/blgnoticiassantodomingo.net\/#website","url":"https:\/\/blgnoticiassantodomingo.net\/","name":"BLG Noticias","description":"Esto es Noticias","publisher":{"@id":"https:\/\/blgnoticiassantodomingo.net\/#organization"},"potentialAction":[{"@type":"SearchAction","target":{"@type":"EntryPoint","urlTemplate":"https:\/\/blgnoticiassantodomingo.net\/?s={search_term_string}"},"query-input":{"@type":"PropertyValueSpecification","valueRequired":true,"valueName":"search_term_string"}}],"inLanguage":"es"},{"@type":"Organization","@id":"https:\/\/blgnoticiassantodomingo.net\/#organization","name":"BLG Noticias","url":"https:\/\/blgnoticiassantodomingo.net\/","logo":{"@type":"ImageObject","inLanguage":"es","@id":"https:\/\/blgnoticiassantodomingo.net\/#\/schema\/logo\/image\/","url":"https:\/\/blgnoticiassantodomingo.net\/wp-content\/uploads\/2023\/12\/Diseno-sin-titulo-3.jpg","contentUrl":"https:\/\/blgnoticiassantodomingo.net\/wp-content\/uploads\/2023\/12\/Diseno-sin-titulo-3.jpg","width":500,"height":500,"caption":"BLG Noticias"},"image":{"@id":"https:\/\/blgnoticiassantodomingo.net\/#\/schema\/logo\/image\/"},"sameAs":["https:\/\/web.facebook.com\/BlgNoticias\/?locale=es_LA&_rdc=1&_rdr","https:\/\/x.com\/BlgNoticias","https:\/\/www.linkedin.com\/in\/brenda-l-santana-aa846279\/"]},{"@type":"Person","@id":"https:\/\/blgnoticiassantodomingo.net\/#\/schema\/person\/e2fc21cf88acc63dbd134be981bff374","name":"Brenda Guerrero","image":{"@type":"ImageObject","inLanguage":"es","@id":"https:\/\/blgnoticiassantodomingo.net\/#\/schema\/person\/image\/","url":"https:\/\/secure.gravatar.com\/avatar\/2f7fc4c3e3655be1580cb684bfd8ab19be702ae20879da1e072021daa02f9b8b?s=96&d=wp_user_avatar&r=g","contentUrl":"https:\/\/secure.gravatar.com\/avatar\/2f7fc4c3e3655be1580cb684bfd8ab19be702ae20879da1e072021daa02f9b8b?s=96&d=wp_user_avatar&r=g","caption":"Brenda Guerrero"},"description":"Periodista","url":"https:\/\/blgnoticiassantodomingo.net\/index.php\/author\/brenda-guerrero\/"}]}},"jetpack_featured_media_url":"https:\/\/blgnoticiassantodomingo.net\/wp-content\/uploads\/2025\/05\/WhatsApp-Image-2025-05-05-at-2.47.18-PM.jpeg","_links":{"self":[{"href":"https:\/\/blgnoticiassantodomingo.net\/index.php\/wp-json\/wp\/v2\/posts\/47759","targetHints":{"allow":["GET"]}}],"collection":[{"href":"https:\/\/blgnoticiassantodomingo.net\/index.php\/wp-json\/wp\/v2\/posts"}],"about":[{"href":"https:\/\/blgnoticiassantodomingo.net\/index.php\/wp-json\/wp\/v2\/types\/post"}],"author":[{"embeddable":true,"href":"https:\/\/blgnoticiassantodomingo.net\/index.php\/wp-json\/wp\/v2\/users\/2"}],"replies":[{"embeddable":true,"href":"https:\/\/blgnoticiassantodomingo.net\/index.php\/wp-json\/wp\/v2\/comments?post=47759"}],"version-history":[{"count":1,"href":"https:\/\/blgnoticiassantodomingo.net\/index.php\/wp-json\/wp\/v2\/posts\/47759\/revisions"}],"predecessor-version":[{"id":47761,"href":"https:\/\/blgnoticiassantodomingo.net\/index.php\/wp-json\/wp\/v2\/posts\/47759\/revisions\/47761"}],"wp:featuredmedia":[{"embeddable":true,"href":"https:\/\/blgnoticiassantodomingo.net\/index.php\/wp-json\/wp\/v2\/media\/47760"}],"wp:attachment":[{"href":"https:\/\/blgnoticiassantodomingo.net\/index.php\/wp-json\/wp\/v2\/media?parent=47759"}],"wp:term":[{"taxonomy":"category","embeddable":true,"href":"https:\/\/blgnoticiassantodomingo.net\/index.php\/wp-json\/wp\/v2\/categories?post=47759"},{"taxonomy":"post_tag","embeddable":true,"href":"https:\/\/blgnoticiassantodomingo.net\/index.php\/wp-json\/wp\/v2\/tags?post=47759"}],"curies":[{"name":"wp","href":"https:\/\/api.w.org\/{rel}","templated":true}]}}