{"id":47431,"date":"2025-04-01T12:06:12","date_gmt":"2025-04-01T16:06:12","guid":{"rendered":"https:\/\/blgnoticiassantodomingo.net\/?p=47431"},"modified":"2025-04-01T12:06:16","modified_gmt":"2025-04-01T16:06:16","slug":"carolina-mejia-continua-plan-de-arbolado-urbano-con-plantacion-de-arboles-endemicos","status":"publish","type":"post","link":"https:\/\/blgnoticiassantodomingo.net\/index.php\/2025\/04\/01\/carolina-mejia-continua-plan-de-arbolado-urbano-con-plantacion-de-arboles-endemicos\/","title":{"rendered":"Carolina Mej\u00eda contin\u00faa Plan de Arbolado Urbano con plantaci\u00f3n de \u00e1rboles end\u00e9micos"},"content":{"rendered":"\n<p><strong>Inmobiliaria Reservas y Medio Ambiente acompa\u00f1aron al cabildo<\/strong><\/p>\n\n\n\n<p>Santo Domingo, DN \u2013 Carolina Mej\u00eda, en colaboraci\u00f3n con Inmobiliaria Reservas, el Ministerio de Medio Ambiente y la Comunidad de Vida Cristiana (CVX), encabez\u00f3 una jornada de plantaci\u00f3n de 80 \u00e1rboles en las aceras reci\u00e9n construidas en el sector Serrall\u00e9s.<\/p>\n\n\n\n<p>La iniciativa se enmarca dentro del Plan de Arbolado junto al programa Siembra tu Frente, a trav\u00e9s del que en esta jornada se plantaron 70 aceitunos o roblillos (Ekmanianthe longifolia) y 10 avellanos criollos (cordia sebestena l.).<\/p>\n\n\n\n<p>Con estas dos especies end\u00e9micas que forman parte del Plan de Arbolado Urbano, se distribuyeron los \u00e1rboles en las calles Padre Fantino Falco, Luis Escoto G\u00f3mez, Agust\u00edn Lara, Jos\u00e9 Amado Soler y Pablo Casals.<\/p>\n\n\n\n<figure class=\"wp-block-image size-large\"><img decoding=\"async\" width=\"1024\" height=\"683\" src=\"https:\/\/blgnoticiassantodomingo.net\/wp-content\/uploads\/2025\/04\/WhatsApp-Image-2025-03-31-at-11.19.50-AM-1024x683.jpeg\" alt=\"\" class=\"wp-image-47433\" srcset=\"https:\/\/blgnoticiassantodomingo.net\/wp-content\/uploads\/2025\/04\/WhatsApp-Image-2025-03-31-at-11.19.50-AM-1024x683.jpeg 1024w, https:\/\/blgnoticiassantodomingo.net\/wp-content\/uploads\/2025\/04\/WhatsApp-Image-2025-03-31-at-11.19.50-AM-300x200.jpeg 300w, https:\/\/blgnoticiassantodomingo.net\/wp-content\/uploads\/2025\/04\/WhatsApp-Image-2025-03-31-at-11.19.50-AM-768x512.jpeg 768w, https:\/\/blgnoticiassantodomingo.net\/wp-content\/uploads\/2025\/04\/WhatsApp-Image-2025-03-31-at-11.19.50-AM-1536x1024.jpeg 1536w, https:\/\/blgnoticiassantodomingo.net\/wp-content\/uploads\/2025\/04\/WhatsApp-Image-2025-03-31-at-11.19.50-AM-630x420.jpeg 630w, https:\/\/blgnoticiassantodomingo.net\/wp-content\/uploads\/2025\/04\/WhatsApp-Image-2025-03-31-at-11.19.50-AM-150x100.jpeg 150w, https:\/\/blgnoticiassantodomingo.net\/wp-content\/uploads\/2025\/04\/WhatsApp-Image-2025-03-31-at-11.19.50-AM-696x464.jpeg 696w, https:\/\/blgnoticiassantodomingo.net\/wp-content\/uploads\/2025\/04\/WhatsApp-Image-2025-03-31-at-11.19.50-AM-1068x712.jpeg 1068w, https:\/\/blgnoticiassantodomingo.net\/wp-content\/uploads\/2025\/04\/WhatsApp-Image-2025-03-31-at-11.19.50-AM.jpeg 1920w\" sizes=\"(max-width: 1024px) 100vw, 1024px\" \/><\/figure>\n\n\n\n<p>La alcaldesa Carolina Mej\u00eda valor\u00f3 la participaci\u00f3n de ni\u00f1os en la plantaci\u00f3n, con lo que se busca crear conciencia en los m\u00e1s peque\u00f1os sobre el cuidado de la ciudad.<\/p>\n\n\n\n<pre class=\"wp-block-code\"><code>\u201cSeguir haciendo conciencia de la importancia que tiene arborizar adecuadamente nuestra ciudad y seg\u00fan lo establece el Plan de Arbolado del Distrito Nacional con las especies end\u00e9micas que nosotros utilizamos para poder tambi\u00e9n garantizar su preservaci\u00f3n\u201d, indic\u00f3 Mej\u00eda.<\/code><\/pre>\n\n\n\n<p>Al hablar en representaci\u00f3n de la Comunidad de Vida Cristiana (CVX), M\u00f3nica Arbaje agradeci\u00f3 el apoyo que Siembra tu Ciudad, a trav\u00e9s de Siembra tu Frente, destac\u00f3 a las autoridades aliadas y al liderazgo comunitario que han dado el respaldo para tener una Santo Domingo m\u00e1s arborizado.<\/p>\n\n\n\n<pre class=\"wp-block-code\"><code>\u201cCon esto queremos concientizar nosotros como ciudadanos para dejar de ser habitantes y aportar. La idea es que todos podamos sembrar nuestro frente, nuestro balc\u00f3n. Necesitamos cuidar el medioambiente, nuestra casa com\u00fan, es un llamado no solo de la iglesia a trav\u00e9s del papa Francisco, sino de toda la sociedad\u201d, sostuvo.<\/code><\/pre>\n\n\n\n<p>Las reci\u00e9n construidas aceras y contenes de Serrall\u00e9s forman parte de un ambicioso plan que el cabildo capitale\u00f1o se encuentra desarrollando para impactar a 21 sectores, a trav\u00e9s del cual contempla entregar 43,555.53 metros cuadrados de aceras y 20,743.56 metros lineales de contenes en las tres circunscripciones del Distrito Nacional.<\/p>\n\n\n\n<p>Otras autoridades presentes en la jornada fueron el presidente de Inmobiliaria Reservas, Rafael Madera Rodr\u00edguez; la directora de Partici\u00f3n Social del Ministerio de Medio Ambiente, Mar\u00eda del Carmen Vargas; el regidor Jorge Feliz Pacheco; la directora de Innovaci\u00f3n y Proyectos Especiales, Yolanda de la Rosa; la directora de Gesti\u00f3n Ambiental, Milagros Mercedes; el coordinador t\u00e9cnico de Gesti\u00f3n Ambiental, Francisco Metz; y el director de Comunicaciones, Alfredo Garc\u00eda.<\/p>\n","protected":false},"excerpt":{"rendered":"<p>Inmobiliaria Reservas y Medio Ambiente acompa\u00f1aron al cabildo Santo Domingo, DN \u2013 Carolina Mej\u00eda, en colaboraci\u00f3n con Inmobiliaria Reservas, el Ministerio de Medio Ambiente y la Comunidad de Vida Cristiana (CVX), encabez\u00f3 una jornada de plantaci\u00f3n de 80 \u00e1rboles en las aceras reci\u00e9n construidas en el sector Serrall\u00e9s. La iniciativa se enmarca dentro del Plan [&hellip;]<\/p>\n","protected":false},"author":2,"featured_media":47432,"comment_status":"open","ping_status":"open","sticky":false,"template":"","format":"standard","meta":{"footnotes":""},"categories":[220],"tags":[1855,13735],"class_list":{"0":"post-47431","1":"post","2":"type-post","3":"status-publish","4":"format-standard","5":"has-post-thumbnail","7":"category-nacionales","8":"tag-carolina-mejia-2","9":"tag-inmobiliaria-reservas"},"yoast_head":"<!-- This site is optimized with the Yoast SEO plugin v24.9 - https:\/\/yoast.com\/wordpress\/plugins\/seo\/ -->\n<title>Carolina Mej\u00eda contin\u00faa Plan de Arbolado Urbano con plantaci\u00f3n de \u00e1rboles end\u00e9micos - BLG Noticias<\/title>\n<meta name=\"robots\" content=\"index, follow, max-snippet:-1, max-image-preview:large, max-video-preview:-1\" \/>\n<link rel=\"canonical\" href=\"https:\/\/blgnoticiassantodomingo.net\/index.php\/2025\/04\/01\/carolina-mejia-continua-plan-de-arbolado-urbano-con-plantacion-de-arboles-endemicos\/\" \/>\n<meta property=\"og:locale\" content=\"es_ES\" \/>\n<meta property=\"og:type\" content=\"article\" \/>\n<meta property=\"og:title\" content=\"Carolina Mej\u00eda contin\u00faa Plan de Arbolado Urbano con plantaci\u00f3n de \u00e1rboles end\u00e9micos - BLG Noticias\" \/>\n<meta property=\"og:description\" content=\"Inmobiliaria Reservas y Medio Ambiente acompa\u00f1aron al cabildo Santo Domingo, DN \u2013 Carolina Mej\u00eda, en colaboraci\u00f3n con Inmobiliaria Reservas, el Ministerio de Medio Ambiente y la Comunidad de Vida Cristiana (CVX), encabez\u00f3 una jornada de plantaci\u00f3n de 80 \u00e1rboles en las aceras reci\u00e9n construidas en el sector Serrall\u00e9s. La iniciativa se enmarca dentro del Plan [&hellip;]\" \/>\n<meta property=\"og:url\" content=\"https:\/\/blgnoticiassantodomingo.net\/index.php\/2025\/04\/01\/carolina-mejia-continua-plan-de-arbolado-urbano-con-plantacion-de-arboles-endemicos\/\" \/>\n<meta property=\"og:site_name\" content=\"BLG Noticias\" \/>\n<meta property=\"article:publisher\" content=\"https:\/\/web.facebook.com\/BlgNoticias\/?locale=es_LA&amp;_rdc=1&amp;_rdr\" \/>\n<meta property=\"article:published_time\" content=\"2025-04-01T16:06:12+00:00\" \/>\n<meta property=\"article:modified_time\" content=\"2025-04-01T16:06:16+00:00\" \/>\n<meta property=\"og:image\" content=\"http:\/\/blgnoticiassantodomingo.net\/wp-content\/uploads\/2025\/04\/WhatsApp-Image-2025-03-31-at-11.19.49-AM.jpeg\" \/>\n\t<meta property=\"og:image:width\" content=\"1920\" \/>\n\t<meta property=\"og:image:height\" content=\"1280\" \/>\n\t<meta property=\"og:image:type\" content=\"image\/jpeg\" \/>\n<meta name=\"author\" content=\"Brenda Guerrero\" \/>\n<meta name=\"twitter:card\" content=\"summary_large_image\" \/>\n<meta name=\"twitter:creator\" content=\"@BlgNoticias\" \/>\n<meta name=\"twitter:site\" content=\"@BlgNoticias\" \/>\n<meta name=\"twitter:label1\" content=\"Escrito por\" \/>\n\t<meta name=\"twitter:data1\" content=\"Brenda Guerrero\" \/>\n\t<meta name=\"twitter:label2\" content=\"Tiempo de lectura\" \/>\n\t<meta name=\"twitter:data2\" content=\"2 minutos\" \/>\n<script type=\"application\/ld+json\" class=\"yoast-schema-graph\">{\"@context\":\"https:\/\/schema.org\",\"@graph\":[{\"@type\":\"Article\",\"@id\":\"https:\/\/blgnoticiassantodomingo.net\/index.php\/2025\/04\/01\/carolina-mejia-continua-plan-de-arbolado-urbano-con-plantacion-de-arboles-endemicos\/#article\",\"isPartOf\":{\"@id\":\"https:\/\/blgnoticiassantodomingo.net\/index.php\/2025\/04\/01\/carolina-mejia-continua-plan-de-arbolado-urbano-con-plantacion-de-arboles-endemicos\/\"},\"author\":{\"name\":\"Brenda Guerrero\",\"@id\":\"https:\/\/blgnoticiassantodomingo.net\/#\/schema\/person\/e2fc21cf88acc63dbd134be981bff374\"},\"headline\":\"Carolina Mej\u00eda contin\u00faa Plan de Arbolado Urbano con plantaci\u00f3n de \u00e1rboles end\u00e9micos\",\"datePublished\":\"2025-04-01T16:06:12+00:00\",\"dateModified\":\"2025-04-01T16:06:16+00:00\",\"mainEntityOfPage\":{\"@id\":\"https:\/\/blgnoticiassantodomingo.net\/index.php\/2025\/04\/01\/carolina-mejia-continua-plan-de-arbolado-urbano-con-plantacion-de-arboles-endemicos\/\"},\"wordCount\":353,\"commentCount\":0,\"publisher\":{\"@id\":\"https:\/\/blgnoticiassantodomingo.net\/#organization\"},\"image\":{\"@id\":\"https:\/\/blgnoticiassantodomingo.net\/index.php\/2025\/04\/01\/carolina-mejia-continua-plan-de-arbolado-urbano-con-plantacion-de-arboles-endemicos\/#primaryimage\"},\"thumbnailUrl\":\"https:\/\/blgnoticiassantodomingo.net\/wp-content\/uploads\/2025\/04\/WhatsApp-Image-2025-03-31-at-11.19.49-AM.jpeg\",\"keywords\":[\"Carolina Mej\u00eda\",\"Inmobiliaria Reservas\"],\"articleSection\":[\"Nacionales\"],\"inLanguage\":\"es\",\"potentialAction\":[{\"@type\":\"CommentAction\",\"name\":\"Comment\",\"target\":[\"https:\/\/blgnoticiassantodomingo.net\/index.php\/2025\/04\/01\/carolina-mejia-continua-plan-de-arbolado-urbano-con-plantacion-de-arboles-endemicos\/#respond\"]}]},{\"@type\":\"WebPage\",\"@id\":\"https:\/\/blgnoticiassantodomingo.net\/index.php\/2025\/04\/01\/carolina-mejia-continua-plan-de-arbolado-urbano-con-plantacion-de-arboles-endemicos\/\",\"url\":\"https:\/\/blgnoticiassantodomingo.net\/index.php\/2025\/04\/01\/carolina-mejia-continua-plan-de-arbolado-urbano-con-plantacion-de-arboles-endemicos\/\",\"name\":\"Carolina Mej\u00eda contin\u00faa Plan de Arbolado Urbano con plantaci\u00f3n de \u00e1rboles end\u00e9micos - BLG Noticias\",\"isPartOf\":{\"@id\":\"https:\/\/blgnoticiassantodomingo.net\/#website\"},\"primaryImageOfPage\":{\"@id\":\"https:\/\/blgnoticiassantodomingo.net\/index.php\/2025\/04\/01\/carolina-mejia-continua-plan-de-arbolado-urbano-con-plantacion-de-arboles-endemicos\/#primaryimage\"},\"image\":{\"@id\":\"https:\/\/blgnoticiassantodomingo.net\/index.php\/2025\/04\/01\/carolina-mejia-continua-plan-de-arbolado-urbano-con-plantacion-de-arboles-endemicos\/#primaryimage\"},\"thumbnailUrl\":\"https:\/\/blgnoticiassantodomingo.net\/wp-content\/uploads\/2025\/04\/WhatsApp-Image-2025-03-31-at-11.19.49-AM.jpeg\",\"datePublished\":\"2025-04-01T16:06:12+00:00\",\"dateModified\":\"2025-04-01T16:06:16+00:00\",\"breadcrumb\":{\"@id\":\"https:\/\/blgnoticiassantodomingo.net\/index.php\/2025\/04\/01\/carolina-mejia-continua-plan-de-arbolado-urbano-con-plantacion-de-arboles-endemicos\/#breadcrumb\"},\"inLanguage\":\"es\",\"potentialAction\":[{\"@type\":\"ReadAction\",\"target\":[\"https:\/\/blgnoticiassantodomingo.net\/index.php\/2025\/04\/01\/carolina-mejia-continua-plan-de-arbolado-urbano-con-plantacion-de-arboles-endemicos\/\"]}]},{\"@type\":\"ImageObject\",\"inLanguage\":\"es\",\"@id\":\"https:\/\/blgnoticiassantodomingo.net\/index.php\/2025\/04\/01\/carolina-mejia-continua-plan-de-arbolado-urbano-con-plantacion-de-arboles-endemicos\/#primaryimage\",\"url\":\"https:\/\/blgnoticiassantodomingo.net\/wp-content\/uploads\/2025\/04\/WhatsApp-Image-2025-03-31-at-11.19.49-AM.jpeg\",\"contentUrl\":\"https:\/\/blgnoticiassantodomingo.net\/wp-content\/uploads\/2025\/04\/WhatsApp-Image-2025-03-31-at-11.19.49-AM.jpeg\",\"width\":1920,\"height\":1280},{\"@type\":\"BreadcrumbList\",\"@id\":\"https:\/\/blgnoticiassantodomingo.net\/index.php\/2025\/04\/01\/carolina-mejia-continua-plan-de-arbolado-urbano-con-plantacion-de-arboles-endemicos\/#breadcrumb\",\"itemListElement\":[{\"@type\":\"ListItem\",\"position\":1,\"name\":\"Portada\",\"item\":\"https:\/\/blgnoticiassantodomingo.net\/\"},{\"@type\":\"ListItem\",\"position\":2,\"name\":\"Carolina Mej\u00eda contin\u00faa Plan de Arbolado Urbano con plantaci\u00f3n de \u00e1rboles end\u00e9micos\"}]},{\"@type\":\"WebSite\",\"@id\":\"https:\/\/blgnoticiassantodomingo.net\/#website\",\"url\":\"https:\/\/blgnoticiassantodomingo.net\/\",\"name\":\"BLG Noticias\",\"description\":\"Esto es Noticias\",\"publisher\":{\"@id\":\"https:\/\/blgnoticiassantodomingo.net\/#organization\"},\"potentialAction\":[{\"@type\":\"SearchAction\",\"target\":{\"@type\":\"EntryPoint\",\"urlTemplate\":\"https:\/\/blgnoticiassantodomingo.net\/?s={search_term_string}\"},\"query-input\":{\"@type\":\"PropertyValueSpecification\",\"valueRequired\":true,\"valueName\":\"search_term_string\"}}],\"inLanguage\":\"es\"},{\"@type\":\"Organization\",\"@id\":\"https:\/\/blgnoticiassantodomingo.net\/#organization\",\"name\":\"BLG Noticias\",\"url\":\"https:\/\/blgnoticiassantodomingo.net\/\",\"logo\":{\"@type\":\"ImageObject\",\"inLanguage\":\"es\",\"@id\":\"https:\/\/blgnoticiassantodomingo.net\/#\/schema\/logo\/image\/\",\"url\":\"https:\/\/blgnoticiassantodomingo.net\/wp-content\/uploads\/2023\/12\/Diseno-sin-titulo-3.jpg\",\"contentUrl\":\"https:\/\/blgnoticiassantodomingo.net\/wp-content\/uploads\/2023\/12\/Diseno-sin-titulo-3.jpg\",\"width\":500,\"height\":500,\"caption\":\"BLG Noticias\"},\"image\":{\"@id\":\"https:\/\/blgnoticiassantodomingo.net\/#\/schema\/logo\/image\/\"},\"sameAs\":[\"https:\/\/web.facebook.com\/BlgNoticias\/?locale=es_LA&_rdc=1&_rdr\",\"https:\/\/x.com\/BlgNoticias\",\"https:\/\/www.linkedin.com\/in\/brenda-l-santana-aa846279\/\"]},{\"@type\":\"Person\",\"@id\":\"https:\/\/blgnoticiassantodomingo.net\/#\/schema\/person\/e2fc21cf88acc63dbd134be981bff374\",\"name\":\"Brenda Guerrero\",\"image\":{\"@type\":\"ImageObject\",\"inLanguage\":\"es\",\"@id\":\"https:\/\/blgnoticiassantodomingo.net\/#\/schema\/person\/image\/\",\"url\":\"https:\/\/secure.gravatar.com\/avatar\/2f7fc4c3e3655be1580cb684bfd8ab19be702ae20879da1e072021daa02f9b8b?s=96&d=wp_user_avatar&r=g\",\"contentUrl\":\"https:\/\/secure.gravatar.com\/avatar\/2f7fc4c3e3655be1580cb684bfd8ab19be702ae20879da1e072021daa02f9b8b?s=96&d=wp_user_avatar&r=g\",\"caption\":\"Brenda Guerrero\"},\"description\":\"Periodista\",\"url\":\"https:\/\/blgnoticiassantodomingo.net\/index.php\/author\/brenda-guerrero\/\"}]}<\/script>\n<!-- \/ Yoast SEO plugin. -->","yoast_head_json":{"title":"Carolina Mej\u00eda contin\u00faa Plan de Arbolado Urbano con plantaci\u00f3n de \u00e1rboles end\u00e9micos - BLG Noticias","robots":{"index":"index","follow":"follow","max-snippet":"max-snippet:-1","max-image-preview":"max-image-preview:large","max-video-preview":"max-video-preview:-1"},"canonical":"https:\/\/blgnoticiassantodomingo.net\/index.php\/2025\/04\/01\/carolina-mejia-continua-plan-de-arbolado-urbano-con-plantacion-de-arboles-endemicos\/","og_locale":"es_ES","og_type":"article","og_title":"Carolina Mej\u00eda contin\u00faa Plan de Arbolado Urbano con plantaci\u00f3n de \u00e1rboles end\u00e9micos - BLG Noticias","og_description":"Inmobiliaria Reservas y Medio Ambiente acompa\u00f1aron al cabildo Santo Domingo, DN \u2013 Carolina Mej\u00eda, en colaboraci\u00f3n con Inmobiliaria Reservas, el Ministerio de Medio Ambiente y la Comunidad de Vida Cristiana (CVX), encabez\u00f3 una jornada de plantaci\u00f3n de 80 \u00e1rboles en las aceras reci\u00e9n construidas en el sector Serrall\u00e9s. La iniciativa se enmarca dentro del Plan [&hellip;]","og_url":"https:\/\/blgnoticiassantodomingo.net\/index.php\/2025\/04\/01\/carolina-mejia-continua-plan-de-arbolado-urbano-con-plantacion-de-arboles-endemicos\/","og_site_name":"BLG Noticias","article_publisher":"https:\/\/web.facebook.com\/BlgNoticias\/?locale=es_LA&_rdc=1&_rdr","article_published_time":"2025-04-01T16:06:12+00:00","article_modified_time":"2025-04-01T16:06:16+00:00","og_image":[{"width":1920,"height":1280,"url":"http:\/\/blgnoticiassantodomingo.net\/wp-content\/uploads\/2025\/04\/WhatsApp-Image-2025-03-31-at-11.19.49-AM.jpeg","type":"image\/jpeg"}],"author":"Brenda Guerrero","twitter_card":"summary_large_image","twitter_creator":"@BlgNoticias","twitter_site":"@BlgNoticias","twitter_misc":{"Escrito por":"Brenda Guerrero","Tiempo de lectura":"2 minutos"},"schema":{"@context":"https:\/\/schema.org","@graph":[{"@type":"Article","@id":"https:\/\/blgnoticiassantodomingo.net\/index.php\/2025\/04\/01\/carolina-mejia-continua-plan-de-arbolado-urbano-con-plantacion-de-arboles-endemicos\/#article","isPartOf":{"@id":"https:\/\/blgnoticiassantodomingo.net\/index.php\/2025\/04\/01\/carolina-mejia-continua-plan-de-arbolado-urbano-con-plantacion-de-arboles-endemicos\/"},"author":{"name":"Brenda Guerrero","@id":"https:\/\/blgnoticiassantodomingo.net\/#\/schema\/person\/e2fc21cf88acc63dbd134be981bff374"},"headline":"Carolina Mej\u00eda contin\u00faa Plan de Arbolado Urbano con plantaci\u00f3n de \u00e1rboles end\u00e9micos","datePublished":"2025-04-01T16:06:12+00:00","dateModified":"2025-04-01T16:06:16+00:00","mainEntityOfPage":{"@id":"https:\/\/blgnoticiassantodomingo.net\/index.php\/2025\/04\/01\/carolina-mejia-continua-plan-de-arbolado-urbano-con-plantacion-de-arboles-endemicos\/"},"wordCount":353,"commentCount":0,"publisher":{"@id":"https:\/\/blgnoticiassantodomingo.net\/#organization"},"image":{"@id":"https:\/\/blgnoticiassantodomingo.net\/index.php\/2025\/04\/01\/carolina-mejia-continua-plan-de-arbolado-urbano-con-plantacion-de-arboles-endemicos\/#primaryimage"},"thumbnailUrl":"https:\/\/blgnoticiassantodomingo.net\/wp-content\/uploads\/2025\/04\/WhatsApp-Image-2025-03-31-at-11.19.49-AM.jpeg","keywords":["Carolina Mej\u00eda","Inmobiliaria Reservas"],"articleSection":["Nacionales"],"inLanguage":"es","potentialAction":[{"@type":"CommentAction","name":"Comment","target":["https:\/\/blgnoticiassantodomingo.net\/index.php\/2025\/04\/01\/carolina-mejia-continua-plan-de-arbolado-urbano-con-plantacion-de-arboles-endemicos\/#respond"]}]},{"@type":"WebPage","@id":"https:\/\/blgnoticiassantodomingo.net\/index.php\/2025\/04\/01\/carolina-mejia-continua-plan-de-arbolado-urbano-con-plantacion-de-arboles-endemicos\/","url":"https:\/\/blgnoticiassantodomingo.net\/index.php\/2025\/04\/01\/carolina-mejia-continua-plan-de-arbolado-urbano-con-plantacion-de-arboles-endemicos\/","name":"Carolina Mej\u00eda contin\u00faa Plan de Arbolado Urbano con plantaci\u00f3n de \u00e1rboles end\u00e9micos - BLG Noticias","isPartOf":{"@id":"https:\/\/blgnoticiassantodomingo.net\/#website"},"primaryImageOfPage":{"@id":"https:\/\/blgnoticiassantodomingo.net\/index.php\/2025\/04\/01\/carolina-mejia-continua-plan-de-arbolado-urbano-con-plantacion-de-arboles-endemicos\/#primaryimage"},"image":{"@id":"https:\/\/blgnoticiassantodomingo.net\/index.php\/2025\/04\/01\/carolina-mejia-continua-plan-de-arbolado-urbano-con-plantacion-de-arboles-endemicos\/#primaryimage"},"thumbnailUrl":"https:\/\/blgnoticiassantodomingo.net\/wp-content\/uploads\/2025\/04\/WhatsApp-Image-2025-03-31-at-11.19.49-AM.jpeg","datePublished":"2025-04-01T16:06:12+00:00","dateModified":"2025-04-01T16:06:16+00:00","breadcrumb":{"@id":"https:\/\/blgnoticiassantodomingo.net\/index.php\/2025\/04\/01\/carolina-mejia-continua-plan-de-arbolado-urbano-con-plantacion-de-arboles-endemicos\/#breadcrumb"},"inLanguage":"es","potentialAction":[{"@type":"ReadAction","target":["https:\/\/blgnoticiassantodomingo.net\/index.php\/2025\/04\/01\/carolina-mejia-continua-plan-de-arbolado-urbano-con-plantacion-de-arboles-endemicos\/"]}]},{"@type":"ImageObject","inLanguage":"es","@id":"https:\/\/blgnoticiassantodomingo.net\/index.php\/2025\/04\/01\/carolina-mejia-continua-plan-de-arbolado-urbano-con-plantacion-de-arboles-endemicos\/#primaryimage","url":"https:\/\/blgnoticiassantodomingo.net\/wp-content\/uploads\/2025\/04\/WhatsApp-Image-2025-03-31-at-11.19.49-AM.jpeg","contentUrl":"https:\/\/blgnoticiassantodomingo.net\/wp-content\/uploads\/2025\/04\/WhatsApp-Image-2025-03-31-at-11.19.49-AM.jpeg","width":1920,"height":1280},{"@type":"BreadcrumbList","@id":"https:\/\/blgnoticiassantodomingo.net\/index.php\/2025\/04\/01\/carolina-mejia-continua-plan-de-arbolado-urbano-con-plantacion-de-arboles-endemicos\/#breadcrumb","itemListElement":[{"@type":"ListItem","position":1,"name":"Portada","item":"https:\/\/blgnoticiassantodomingo.net\/"},{"@type":"ListItem","position":2,"name":"Carolina Mej\u00eda contin\u00faa Plan de Arbolado Urbano con plantaci\u00f3n de \u00e1rboles end\u00e9micos"}]},{"@type":"WebSite","@id":"https:\/\/blgnoticiassantodomingo.net\/#website","url":"https:\/\/blgnoticiassantodomingo.net\/","name":"BLG Noticias","description":"Esto es Noticias","publisher":{"@id":"https:\/\/blgnoticiassantodomingo.net\/#organization"},"potentialAction":[{"@type":"SearchAction","target":{"@type":"EntryPoint","urlTemplate":"https:\/\/blgnoticiassantodomingo.net\/?s={search_term_string}"},"query-input":{"@type":"PropertyValueSpecification","valueRequired":true,"valueName":"search_term_string"}}],"inLanguage":"es"},{"@type":"Organization","@id":"https:\/\/blgnoticiassantodomingo.net\/#organization","name":"BLG Noticias","url":"https:\/\/blgnoticiassantodomingo.net\/","logo":{"@type":"ImageObject","inLanguage":"es","@id":"https:\/\/blgnoticiassantodomingo.net\/#\/schema\/logo\/image\/","url":"https:\/\/blgnoticiassantodomingo.net\/wp-content\/uploads\/2023\/12\/Diseno-sin-titulo-3.jpg","contentUrl":"https:\/\/blgnoticiassantodomingo.net\/wp-content\/uploads\/2023\/12\/Diseno-sin-titulo-3.jpg","width":500,"height":500,"caption":"BLG Noticias"},"image":{"@id":"https:\/\/blgnoticiassantodomingo.net\/#\/schema\/logo\/image\/"},"sameAs":["https:\/\/web.facebook.com\/BlgNoticias\/?locale=es_LA&_rdc=1&_rdr","https:\/\/x.com\/BlgNoticias","https:\/\/www.linkedin.com\/in\/brenda-l-santana-aa846279\/"]},{"@type":"Person","@id":"https:\/\/blgnoticiassantodomingo.net\/#\/schema\/person\/e2fc21cf88acc63dbd134be981bff374","name":"Brenda Guerrero","image":{"@type":"ImageObject","inLanguage":"es","@id":"https:\/\/blgnoticiassantodomingo.net\/#\/schema\/person\/image\/","url":"https:\/\/secure.gravatar.com\/avatar\/2f7fc4c3e3655be1580cb684bfd8ab19be702ae20879da1e072021daa02f9b8b?s=96&d=wp_user_avatar&r=g","contentUrl":"https:\/\/secure.gravatar.com\/avatar\/2f7fc4c3e3655be1580cb684bfd8ab19be702ae20879da1e072021daa02f9b8b?s=96&d=wp_user_avatar&r=g","caption":"Brenda Guerrero"},"description":"Periodista","url":"https:\/\/blgnoticiassantodomingo.net\/index.php\/author\/brenda-guerrero\/"}]}},"jetpack_featured_media_url":"https:\/\/blgnoticiassantodomingo.net\/wp-content\/uploads\/2025\/04\/WhatsApp-Image-2025-03-31-at-11.19.49-AM.jpeg","_links":{"self":[{"href":"https:\/\/blgnoticiassantodomingo.net\/index.php\/wp-json\/wp\/v2\/posts\/47431","targetHints":{"allow":["GET"]}}],"collection":[{"href":"https:\/\/blgnoticiassantodomingo.net\/index.php\/wp-json\/wp\/v2\/posts"}],"about":[{"href":"https:\/\/blgnoticiassantodomingo.net\/index.php\/wp-json\/wp\/v2\/types\/post"}],"author":[{"embeddable":true,"href":"https:\/\/blgnoticiassantodomingo.net\/index.php\/wp-json\/wp\/v2\/users\/2"}],"replies":[{"embeddable":true,"href":"https:\/\/blgnoticiassantodomingo.net\/index.php\/wp-json\/wp\/v2\/comments?post=47431"}],"version-history":[{"count":1,"href":"https:\/\/blgnoticiassantodomingo.net\/index.php\/wp-json\/wp\/v2\/posts\/47431\/revisions"}],"predecessor-version":[{"id":47434,"href":"https:\/\/blgnoticiassantodomingo.net\/index.php\/wp-json\/wp\/v2\/posts\/47431\/revisions\/47434"}],"wp:featuredmedia":[{"embeddable":true,"href":"https:\/\/blgnoticiassantodomingo.net\/index.php\/wp-json\/wp\/v2\/media\/47432"}],"wp:attachment":[{"href":"https:\/\/blgnoticiassantodomingo.net\/index.php\/wp-json\/wp\/v2\/media?parent=47431"}],"wp:term":[{"taxonomy":"category","embeddable":true,"href":"https:\/\/blgnoticiassantodomingo.net\/index.php\/wp-json\/wp\/v2\/categories?post=47431"},{"taxonomy":"post_tag","embeddable":true,"href":"https:\/\/blgnoticiassantodomingo.net\/index.php\/wp-json\/wp\/v2\/tags?post=47431"}],"curies":[{"name":"wp","href":"https:\/\/api.w.org\/{rel}","templated":true}]}}