{"id":4713,"date":"2020-01-14T11:40:33","date_gmt":"2020-01-14T11:40:33","guid":{"rendered":"http:\/\/blgnoticiassantodomingo.net\/?p=4713"},"modified":"2020-01-14T11:40:35","modified_gmt":"2020-01-14T11:40:35","slug":"comision-bicameral-avanza-estudio-de-proyecto-ley-de-comercio-maritimo","status":"publish","type":"post","link":"https:\/\/blgnoticiassantodomingo.net\/index.php\/2020\/01\/14\/comision-bicameral-avanza-estudio-de-proyecto-ley-de-comercio-maritimo\/","title":{"rendered":"Comisi\u00f3n Bicameral avanza estudio de proyecto Ley de Comercio Mar\u00edtimo"},"content":{"rendered":"\n<p><strong>Santo Domingo.-<\/strong>&nbsp;&nbsp;La Comisi\u00f3n Bicameral que estudia el Proyecto de Ley de Comercio Mar\u00edtimo se reuni\u00f3 este lunes para avanzar en el conocimiento de la iniciativa que tiene por objeto regular, dentro del territorio dominicano, los hechos y relaciones jur\u00eddicas relativas a las naves mar\u00edtimas nacionales y extranjeras, as\u00ed como aquellos que surgen del transporte y dem\u00e1s actividades mar\u00edtimas.&nbsp;<\/p>\n\n\n\n<p>El presidente de la comisi\u00f3n, el senador Charlie Mariotti, destac\u00f3 que en la actualidad todas las normas que existen en el pa\u00eds en esa materia est\u00e1n sueltas y \u201cnuestros marcos legales no se corresponden con las demandas de un mundo globalizado y el comercio internacional\u201d.&nbsp;<\/p>\n\n\n\n<p>Resalt\u00f3 que los diferentes sectores p\u00fablicos y empresariales que discuten el proyecto han arribado a acuerdos necesarios, y que el marco legal en estudio actualizar\u00e1 al pa\u00eds \u201cen un \u00e1rea tan sensible y en momentos en que hay una demanda en nuestro para incrementar nuestras exportaciones, importaciones y nuestra calidad de isla y Estado archipel\u00e1gico\u201d.<\/p>\n\n\n\n<p>Al responder preguntas de los periodistas que cubren el Senado de la Rep\u00fablica, el senador Mariotti destac\u00f3 que la comisi\u00f3n estar\u00e1 aprovechando la convocatoria a Legislatura Extraordinaria previendo cerrar el estudio el pr\u00f3ximo d\u00eda 23 para rendir informe favorable en la semana siguiente cuando sea convocada la legislatura ordinaria.<\/p>\n\n\n\n<p>El quinto considerando del proyecto establece que \u201cla Rep\u00fablica Dominicana tiene numerosas ventajas comparativas y competitivas derivadas de su posici\u00f3n geogr\u00e1fica y su condici\u00f3n de Estado ribere\u00f1o y archipel\u00e1gico, por lo que se debe dotar de un marco jur\u00eddico que le permita aprovechar estas ventajas y a la vez responder a la realidad de un mundo globalizado y de un comercio internacional cada vez m\u00e1s acelerado\u201d.&nbsp;<\/p>\n\n\n\n<p>Lament\u00f3 que en el pa\u00eds se hayan desperdiciado oportunidades extraordinarias de cara a nuestro potencial en funci\u00f3n de las facilidades portuarias. Tampoco se tiene un registro de naves, dejando el Estado dominicano de percibir importantes recursos. \u201cRequerir\u00e1 de mucha voluntad de parte del Estado para hacer el pa\u00eds atractivo para todas las naves que est\u00e1n en el mundo\u201d.&nbsp;<\/p>\n\n\n\n<p>De su lado, el abogado Guillermo Valera, &nbsp;se\u00f1al\u00f3 que con la aprobaci\u00f3n del proyecto se generar\u00e1n nuevas oportunidades de trabajo, al incrementarse el comercio mar\u00edtimo ya que pondr\u00e1 al pa\u00eds de frente al mar, \u201cel desarrollo de esta normativa es el inicio de un gran trabajo para poder aprovechar el mar\u201d.&nbsp;<\/p>\n\n\n\n<p>Participaron en la reuni\u00f3n de la comisi\u00f3n bicameral que estudia el Proyecto de Ley de Comercio Mar\u00edtimo representantes de la Direcci\u00f3n General de Aduanas (DGA), de la Autoridad Portuaria Dominicana, de la Armada de la Rep\u00fablica Dominicana, de la Asociaci\u00f3n de Navieros de Rep\u00fablica Dominicana (ANRD), de la Consejo Nacional de la Empresa Privada (CONEP), de la Asociaci\u00f3n de Industrias de la Rep\u00fablica Dominicana (AIRD), de la C\u00e1mara Americana de Comercio (AMCHAMRD), del Ministerio de Industria, Comercio y Mipymes, de Ferdinand Herrera Consultores y World Caucedo, de la Fundaci\u00f3n Tito Mella y de la Liga Naval Dominicana.<\/p>\n","protected":false},"excerpt":{"rendered":"<p>Santo Domingo.-&nbsp;&nbsp;La Comisi\u00f3n Bicameral que estudia el Proyecto de Ley de Comercio Mar\u00edtimo se reuni\u00f3 este lunes para avanzar en el conocimiento de la iniciativa que tiene por objeto regular, dentro del territorio dominicano, los hechos y relaciones jur\u00eddicas relativas a las naves mar\u00edtimas nacionales y extranjeras, as\u00ed como aquellos que surgen del transporte y [&hellip;]<\/p>\n","protected":false},"author":2,"featured_media":4715,"comment_status":"open","ping_status":"open","sticky":false,"template":"","format":"standard","meta":{"footnotes":""},"categories":[220],"tags":[761,294],"class_list":{"0":"post-4713","1":"post","2":"type-post","3":"status-publish","4":"format-standard","5":"has-post-thumbnail","7":"category-nacionales","8":"tag-comercio-maritimo","9":"tag-senado-de-la-republica"},"yoast_head":"<!-- This site is optimized with the Yoast SEO plugin v24.9 - https:\/\/yoast.com\/wordpress\/plugins\/seo\/ -->\n<title>Comisi\u00f3n Bicameral avanza estudio de proyecto Ley de Comercio Mar\u00edtimo - BLG Noticias<\/title>\n<meta name=\"robots\" content=\"index, follow, max-snippet:-1, max-image-preview:large, max-video-preview:-1\" \/>\n<link rel=\"canonical\" href=\"https:\/\/blgnoticiassantodomingo.net\/index.php\/2020\/01\/14\/comision-bicameral-avanza-estudio-de-proyecto-ley-de-comercio-maritimo\/\" \/>\n<meta property=\"og:locale\" content=\"es_ES\" \/>\n<meta property=\"og:type\" content=\"article\" \/>\n<meta property=\"og:title\" content=\"Comisi\u00f3n Bicameral avanza estudio de proyecto Ley de Comercio Mar\u00edtimo - BLG Noticias\" \/>\n<meta property=\"og:description\" content=\"Santo Domingo.-&nbsp;&nbsp;La Comisi\u00f3n Bicameral que estudia el Proyecto de Ley de Comercio Mar\u00edtimo se reuni\u00f3 este lunes para avanzar en el conocimiento de la iniciativa que tiene por objeto regular, dentro del territorio dominicano, los hechos y relaciones jur\u00eddicas relativas a las naves mar\u00edtimas nacionales y extranjeras, as\u00ed como aquellos que surgen del transporte y [&hellip;]\" \/>\n<meta property=\"og:url\" content=\"https:\/\/blgnoticiassantodomingo.net\/index.php\/2020\/01\/14\/comision-bicameral-avanza-estudio-de-proyecto-ley-de-comercio-maritimo\/\" \/>\n<meta property=\"og:site_name\" content=\"BLG Noticias\" \/>\n<meta property=\"article:publisher\" content=\"https:\/\/web.facebook.com\/BlgNoticias\/?locale=es_LA&amp;_rdc=1&amp;_rdr\" \/>\n<meta property=\"article:published_time\" content=\"2020-01-14T11:40:33+00:00\" \/>\n<meta property=\"article:modified_time\" content=\"2020-01-14T11:40:35+00:00\" \/>\n<meta property=\"og:image\" content=\"https:\/\/blgnoticiassantodomingo.net\/wp-content\/uploads\/2020\/01\/396457B0-9CBE-4C89-A01E-0CF7695FA46F.jpeg\" \/>\n\t<meta property=\"og:image:width\" content=\"1242\" \/>\n\t<meta property=\"og:image:height\" content=\"813\" \/>\n\t<meta property=\"og:image:type\" content=\"image\/jpeg\" \/>\n<meta name=\"author\" content=\"Brenda Guerrero\" \/>\n<meta name=\"twitter:card\" content=\"summary_large_image\" \/>\n<meta name=\"twitter:creator\" content=\"@BlgNoticias\" \/>\n<meta name=\"twitter:site\" content=\"@BlgNoticias\" \/>\n<meta name=\"twitter:label1\" content=\"Escrito por\" \/>\n\t<meta name=\"twitter:data1\" content=\"Brenda Guerrero\" \/>\n\t<meta name=\"twitter:label2\" content=\"Tiempo de lectura\" \/>\n\t<meta name=\"twitter:data2\" content=\"3 minutos\" \/>\n<script type=\"application\/ld+json\" class=\"yoast-schema-graph\">{\"@context\":\"https:\/\/schema.org\",\"@graph\":[{\"@type\":\"Article\",\"@id\":\"https:\/\/blgnoticiassantodomingo.net\/index.php\/2020\/01\/14\/comision-bicameral-avanza-estudio-de-proyecto-ley-de-comercio-maritimo\/#article\",\"isPartOf\":{\"@id\":\"https:\/\/blgnoticiassantodomingo.net\/index.php\/2020\/01\/14\/comision-bicameral-avanza-estudio-de-proyecto-ley-de-comercio-maritimo\/\"},\"author\":{\"name\":\"Brenda Guerrero\",\"@id\":\"https:\/\/blgnoticiassantodomingo.net\/#\/schema\/person\/e2fc21cf88acc63dbd134be981bff374\"},\"headline\":\"Comisi\u00f3n Bicameral avanza estudio de proyecto Ley de Comercio Mar\u00edtimo\",\"datePublished\":\"2020-01-14T11:40:33+00:00\",\"dateModified\":\"2020-01-14T11:40:35+00:00\",\"mainEntityOfPage\":{\"@id\":\"https:\/\/blgnoticiassantodomingo.net\/index.php\/2020\/01\/14\/comision-bicameral-avanza-estudio-de-proyecto-ley-de-comercio-maritimo\/\"},\"wordCount\":544,\"commentCount\":0,\"publisher\":{\"@id\":\"https:\/\/blgnoticiassantodomingo.net\/#organization\"},\"image\":{\"@id\":\"https:\/\/blgnoticiassantodomingo.net\/index.php\/2020\/01\/14\/comision-bicameral-avanza-estudio-de-proyecto-ley-de-comercio-maritimo\/#primaryimage\"},\"thumbnailUrl\":\"https:\/\/blgnoticiassantodomingo.net\/wp-content\/uploads\/2020\/01\/396457B0-9CBE-4C89-A01E-0CF7695FA46F.jpeg\",\"keywords\":[\"Comercio Maritimo\",\"Senado de la Republica\"],\"articleSection\":[\"Nacionales\"],\"inLanguage\":\"es\",\"potentialAction\":[{\"@type\":\"CommentAction\",\"name\":\"Comment\",\"target\":[\"https:\/\/blgnoticiassantodomingo.net\/index.php\/2020\/01\/14\/comision-bicameral-avanza-estudio-de-proyecto-ley-de-comercio-maritimo\/#respond\"]}]},{\"@type\":\"WebPage\",\"@id\":\"https:\/\/blgnoticiassantodomingo.net\/index.php\/2020\/01\/14\/comision-bicameral-avanza-estudio-de-proyecto-ley-de-comercio-maritimo\/\",\"url\":\"https:\/\/blgnoticiassantodomingo.net\/index.php\/2020\/01\/14\/comision-bicameral-avanza-estudio-de-proyecto-ley-de-comercio-maritimo\/\",\"name\":\"Comisi\u00f3n Bicameral avanza estudio de proyecto Ley de Comercio Mar\u00edtimo - BLG Noticias\",\"isPartOf\":{\"@id\":\"https:\/\/blgnoticiassantodomingo.net\/#website\"},\"primaryImageOfPage\":{\"@id\":\"https:\/\/blgnoticiassantodomingo.net\/index.php\/2020\/01\/14\/comision-bicameral-avanza-estudio-de-proyecto-ley-de-comercio-maritimo\/#primaryimage\"},\"image\":{\"@id\":\"https:\/\/blgnoticiassantodomingo.net\/index.php\/2020\/01\/14\/comision-bicameral-avanza-estudio-de-proyecto-ley-de-comercio-maritimo\/#primaryimage\"},\"thumbnailUrl\":\"https:\/\/blgnoticiassantodomingo.net\/wp-content\/uploads\/2020\/01\/396457B0-9CBE-4C89-A01E-0CF7695FA46F.jpeg\",\"datePublished\":\"2020-01-14T11:40:33+00:00\",\"dateModified\":\"2020-01-14T11:40:35+00:00\",\"breadcrumb\":{\"@id\":\"https:\/\/blgnoticiassantodomingo.net\/index.php\/2020\/01\/14\/comision-bicameral-avanza-estudio-de-proyecto-ley-de-comercio-maritimo\/#breadcrumb\"},\"inLanguage\":\"es\",\"potentialAction\":[{\"@type\":\"ReadAction\",\"target\":[\"https:\/\/blgnoticiassantodomingo.net\/index.php\/2020\/01\/14\/comision-bicameral-avanza-estudio-de-proyecto-ley-de-comercio-maritimo\/\"]}]},{\"@type\":\"ImageObject\",\"inLanguage\":\"es\",\"@id\":\"https:\/\/blgnoticiassantodomingo.net\/index.php\/2020\/01\/14\/comision-bicameral-avanza-estudio-de-proyecto-ley-de-comercio-maritimo\/#primaryimage\",\"url\":\"https:\/\/blgnoticiassantodomingo.net\/wp-content\/uploads\/2020\/01\/396457B0-9CBE-4C89-A01E-0CF7695FA46F.jpeg\",\"contentUrl\":\"https:\/\/blgnoticiassantodomingo.net\/wp-content\/uploads\/2020\/01\/396457B0-9CBE-4C89-A01E-0CF7695FA46F.jpeg\",\"width\":1242,\"height\":813},{\"@type\":\"BreadcrumbList\",\"@id\":\"https:\/\/blgnoticiassantodomingo.net\/index.php\/2020\/01\/14\/comision-bicameral-avanza-estudio-de-proyecto-ley-de-comercio-maritimo\/#breadcrumb\",\"itemListElement\":[{\"@type\":\"ListItem\",\"position\":1,\"name\":\"Portada\",\"item\":\"https:\/\/blgnoticiassantodomingo.net\/\"},{\"@type\":\"ListItem\",\"position\":2,\"name\":\"Comisi\u00f3n Bicameral avanza estudio de proyecto Ley de Comercio Mar\u00edtimo\"}]},{\"@type\":\"WebSite\",\"@id\":\"https:\/\/blgnoticiassantodomingo.net\/#website\",\"url\":\"https:\/\/blgnoticiassantodomingo.net\/\",\"name\":\"BLG Noticias\",\"description\":\"Esto es Noticias\",\"publisher\":{\"@id\":\"https:\/\/blgnoticiassantodomingo.net\/#organization\"},\"potentialAction\":[{\"@type\":\"SearchAction\",\"target\":{\"@type\":\"EntryPoint\",\"urlTemplate\":\"https:\/\/blgnoticiassantodomingo.net\/?s={search_term_string}\"},\"query-input\":{\"@type\":\"PropertyValueSpecification\",\"valueRequired\":true,\"valueName\":\"search_term_string\"}}],\"inLanguage\":\"es\"},{\"@type\":\"Organization\",\"@id\":\"https:\/\/blgnoticiassantodomingo.net\/#organization\",\"name\":\"BLG Noticias\",\"url\":\"https:\/\/blgnoticiassantodomingo.net\/\",\"logo\":{\"@type\":\"ImageObject\",\"inLanguage\":\"es\",\"@id\":\"https:\/\/blgnoticiassantodomingo.net\/#\/schema\/logo\/image\/\",\"url\":\"https:\/\/blgnoticiassantodomingo.net\/wp-content\/uploads\/2023\/12\/Diseno-sin-titulo-3.jpg\",\"contentUrl\":\"https:\/\/blgnoticiassantodomingo.net\/wp-content\/uploads\/2023\/12\/Diseno-sin-titulo-3.jpg\",\"width\":500,\"height\":500,\"caption\":\"BLG Noticias\"},\"image\":{\"@id\":\"https:\/\/blgnoticiassantodomingo.net\/#\/schema\/logo\/image\/\"},\"sameAs\":[\"https:\/\/web.facebook.com\/BlgNoticias\/?locale=es_LA&_rdc=1&_rdr\",\"https:\/\/x.com\/BlgNoticias\",\"https:\/\/www.linkedin.com\/in\/brenda-l-santana-aa846279\/\"]},{\"@type\":\"Person\",\"@id\":\"https:\/\/blgnoticiassantodomingo.net\/#\/schema\/person\/e2fc21cf88acc63dbd134be981bff374\",\"name\":\"Brenda Guerrero\",\"image\":{\"@type\":\"ImageObject\",\"inLanguage\":\"es\",\"@id\":\"https:\/\/blgnoticiassantodomingo.net\/#\/schema\/person\/image\/\",\"url\":\"https:\/\/secure.gravatar.com\/avatar\/2f7fc4c3e3655be1580cb684bfd8ab19be702ae20879da1e072021daa02f9b8b?s=96&d=wp_user_avatar&r=g\",\"contentUrl\":\"https:\/\/secure.gravatar.com\/avatar\/2f7fc4c3e3655be1580cb684bfd8ab19be702ae20879da1e072021daa02f9b8b?s=96&d=wp_user_avatar&r=g\",\"caption\":\"Brenda Guerrero\"},\"description\":\"Periodista\",\"url\":\"https:\/\/blgnoticiassantodomingo.net\/index.php\/author\/brenda-guerrero\/\"}]}<\/script>\n<!-- \/ Yoast SEO plugin. -->","yoast_head_json":{"title":"Comisi\u00f3n Bicameral avanza estudio de proyecto Ley de Comercio Mar\u00edtimo - BLG Noticias","robots":{"index":"index","follow":"follow","max-snippet":"max-snippet:-1","max-image-preview":"max-image-preview:large","max-video-preview":"max-video-preview:-1"},"canonical":"https:\/\/blgnoticiassantodomingo.net\/index.php\/2020\/01\/14\/comision-bicameral-avanza-estudio-de-proyecto-ley-de-comercio-maritimo\/","og_locale":"es_ES","og_type":"article","og_title":"Comisi\u00f3n Bicameral avanza estudio de proyecto Ley de Comercio Mar\u00edtimo - BLG Noticias","og_description":"Santo Domingo.-&nbsp;&nbsp;La Comisi\u00f3n Bicameral que estudia el Proyecto de Ley de Comercio Mar\u00edtimo se reuni\u00f3 este lunes para avanzar en el conocimiento de la iniciativa que tiene por objeto regular, dentro del territorio dominicano, los hechos y relaciones jur\u00eddicas relativas a las naves mar\u00edtimas nacionales y extranjeras, as\u00ed como aquellos que surgen del transporte y [&hellip;]","og_url":"https:\/\/blgnoticiassantodomingo.net\/index.php\/2020\/01\/14\/comision-bicameral-avanza-estudio-de-proyecto-ley-de-comercio-maritimo\/","og_site_name":"BLG Noticias","article_publisher":"https:\/\/web.facebook.com\/BlgNoticias\/?locale=es_LA&_rdc=1&_rdr","article_published_time":"2020-01-14T11:40:33+00:00","article_modified_time":"2020-01-14T11:40:35+00:00","og_image":[{"width":1242,"height":813,"url":"https:\/\/blgnoticiassantodomingo.net\/wp-content\/uploads\/2020\/01\/396457B0-9CBE-4C89-A01E-0CF7695FA46F.jpeg","type":"image\/jpeg"}],"author":"Brenda Guerrero","twitter_card":"summary_large_image","twitter_creator":"@BlgNoticias","twitter_site":"@BlgNoticias","twitter_misc":{"Escrito por":"Brenda Guerrero","Tiempo de lectura":"3 minutos"},"schema":{"@context":"https:\/\/schema.org","@graph":[{"@type":"Article","@id":"https:\/\/blgnoticiassantodomingo.net\/index.php\/2020\/01\/14\/comision-bicameral-avanza-estudio-de-proyecto-ley-de-comercio-maritimo\/#article","isPartOf":{"@id":"https:\/\/blgnoticiassantodomingo.net\/index.php\/2020\/01\/14\/comision-bicameral-avanza-estudio-de-proyecto-ley-de-comercio-maritimo\/"},"author":{"name":"Brenda Guerrero","@id":"https:\/\/blgnoticiassantodomingo.net\/#\/schema\/person\/e2fc21cf88acc63dbd134be981bff374"},"headline":"Comisi\u00f3n Bicameral avanza estudio de proyecto Ley de Comercio Mar\u00edtimo","datePublished":"2020-01-14T11:40:33+00:00","dateModified":"2020-01-14T11:40:35+00:00","mainEntityOfPage":{"@id":"https:\/\/blgnoticiassantodomingo.net\/index.php\/2020\/01\/14\/comision-bicameral-avanza-estudio-de-proyecto-ley-de-comercio-maritimo\/"},"wordCount":544,"commentCount":0,"publisher":{"@id":"https:\/\/blgnoticiassantodomingo.net\/#organization"},"image":{"@id":"https:\/\/blgnoticiassantodomingo.net\/index.php\/2020\/01\/14\/comision-bicameral-avanza-estudio-de-proyecto-ley-de-comercio-maritimo\/#primaryimage"},"thumbnailUrl":"https:\/\/blgnoticiassantodomingo.net\/wp-content\/uploads\/2020\/01\/396457B0-9CBE-4C89-A01E-0CF7695FA46F.jpeg","keywords":["Comercio Maritimo","Senado de la Republica"],"articleSection":["Nacionales"],"inLanguage":"es","potentialAction":[{"@type":"CommentAction","name":"Comment","target":["https:\/\/blgnoticiassantodomingo.net\/index.php\/2020\/01\/14\/comision-bicameral-avanza-estudio-de-proyecto-ley-de-comercio-maritimo\/#respond"]}]},{"@type":"WebPage","@id":"https:\/\/blgnoticiassantodomingo.net\/index.php\/2020\/01\/14\/comision-bicameral-avanza-estudio-de-proyecto-ley-de-comercio-maritimo\/","url":"https:\/\/blgnoticiassantodomingo.net\/index.php\/2020\/01\/14\/comision-bicameral-avanza-estudio-de-proyecto-ley-de-comercio-maritimo\/","name":"Comisi\u00f3n Bicameral avanza estudio de proyecto Ley de Comercio Mar\u00edtimo - BLG Noticias","isPartOf":{"@id":"https:\/\/blgnoticiassantodomingo.net\/#website"},"primaryImageOfPage":{"@id":"https:\/\/blgnoticiassantodomingo.net\/index.php\/2020\/01\/14\/comision-bicameral-avanza-estudio-de-proyecto-ley-de-comercio-maritimo\/#primaryimage"},"image":{"@id":"https:\/\/blgnoticiassantodomingo.net\/index.php\/2020\/01\/14\/comision-bicameral-avanza-estudio-de-proyecto-ley-de-comercio-maritimo\/#primaryimage"},"thumbnailUrl":"https:\/\/blgnoticiassantodomingo.net\/wp-content\/uploads\/2020\/01\/396457B0-9CBE-4C89-A01E-0CF7695FA46F.jpeg","datePublished":"2020-01-14T11:40:33+00:00","dateModified":"2020-01-14T11:40:35+00:00","breadcrumb":{"@id":"https:\/\/blgnoticiassantodomingo.net\/index.php\/2020\/01\/14\/comision-bicameral-avanza-estudio-de-proyecto-ley-de-comercio-maritimo\/#breadcrumb"},"inLanguage":"es","potentialAction":[{"@type":"ReadAction","target":["https:\/\/blgnoticiassantodomingo.net\/index.php\/2020\/01\/14\/comision-bicameral-avanza-estudio-de-proyecto-ley-de-comercio-maritimo\/"]}]},{"@type":"ImageObject","inLanguage":"es","@id":"https:\/\/blgnoticiassantodomingo.net\/index.php\/2020\/01\/14\/comision-bicameral-avanza-estudio-de-proyecto-ley-de-comercio-maritimo\/#primaryimage","url":"https:\/\/blgnoticiassantodomingo.net\/wp-content\/uploads\/2020\/01\/396457B0-9CBE-4C89-A01E-0CF7695FA46F.jpeg","contentUrl":"https:\/\/blgnoticiassantodomingo.net\/wp-content\/uploads\/2020\/01\/396457B0-9CBE-4C89-A01E-0CF7695FA46F.jpeg","width":1242,"height":813},{"@type":"BreadcrumbList","@id":"https:\/\/blgnoticiassantodomingo.net\/index.php\/2020\/01\/14\/comision-bicameral-avanza-estudio-de-proyecto-ley-de-comercio-maritimo\/#breadcrumb","itemListElement":[{"@type":"ListItem","position":1,"name":"Portada","item":"https:\/\/blgnoticiassantodomingo.net\/"},{"@type":"ListItem","position":2,"name":"Comisi\u00f3n Bicameral avanza estudio de proyecto Ley de Comercio Mar\u00edtimo"}]},{"@type":"WebSite","@id":"https:\/\/blgnoticiassantodomingo.net\/#website","url":"https:\/\/blgnoticiassantodomingo.net\/","name":"BLG Noticias","description":"Esto es Noticias","publisher":{"@id":"https:\/\/blgnoticiassantodomingo.net\/#organization"},"potentialAction":[{"@type":"SearchAction","target":{"@type":"EntryPoint","urlTemplate":"https:\/\/blgnoticiassantodomingo.net\/?s={search_term_string}"},"query-input":{"@type":"PropertyValueSpecification","valueRequired":true,"valueName":"search_term_string"}}],"inLanguage":"es"},{"@type":"Organization","@id":"https:\/\/blgnoticiassantodomingo.net\/#organization","name":"BLG Noticias","url":"https:\/\/blgnoticiassantodomingo.net\/","logo":{"@type":"ImageObject","inLanguage":"es","@id":"https:\/\/blgnoticiassantodomingo.net\/#\/schema\/logo\/image\/","url":"https:\/\/blgnoticiassantodomingo.net\/wp-content\/uploads\/2023\/12\/Diseno-sin-titulo-3.jpg","contentUrl":"https:\/\/blgnoticiassantodomingo.net\/wp-content\/uploads\/2023\/12\/Diseno-sin-titulo-3.jpg","width":500,"height":500,"caption":"BLG Noticias"},"image":{"@id":"https:\/\/blgnoticiassantodomingo.net\/#\/schema\/logo\/image\/"},"sameAs":["https:\/\/web.facebook.com\/BlgNoticias\/?locale=es_LA&_rdc=1&_rdr","https:\/\/x.com\/BlgNoticias","https:\/\/www.linkedin.com\/in\/brenda-l-santana-aa846279\/"]},{"@type":"Person","@id":"https:\/\/blgnoticiassantodomingo.net\/#\/schema\/person\/e2fc21cf88acc63dbd134be981bff374","name":"Brenda Guerrero","image":{"@type":"ImageObject","inLanguage":"es","@id":"https:\/\/blgnoticiassantodomingo.net\/#\/schema\/person\/image\/","url":"https:\/\/secure.gravatar.com\/avatar\/2f7fc4c3e3655be1580cb684bfd8ab19be702ae20879da1e072021daa02f9b8b?s=96&d=wp_user_avatar&r=g","contentUrl":"https:\/\/secure.gravatar.com\/avatar\/2f7fc4c3e3655be1580cb684bfd8ab19be702ae20879da1e072021daa02f9b8b?s=96&d=wp_user_avatar&r=g","caption":"Brenda Guerrero"},"description":"Periodista","url":"https:\/\/blgnoticiassantodomingo.net\/index.php\/author\/brenda-guerrero\/"}]}},"jetpack_featured_media_url":"https:\/\/blgnoticiassantodomingo.net\/wp-content\/uploads\/2020\/01\/396457B0-9CBE-4C89-A01E-0CF7695FA46F.jpeg","_links":{"self":[{"href":"https:\/\/blgnoticiassantodomingo.net\/index.php\/wp-json\/wp\/v2\/posts\/4713","targetHints":{"allow":["GET"]}}],"collection":[{"href":"https:\/\/blgnoticiassantodomingo.net\/index.php\/wp-json\/wp\/v2\/posts"}],"about":[{"href":"https:\/\/blgnoticiassantodomingo.net\/index.php\/wp-json\/wp\/v2\/types\/post"}],"author":[{"embeddable":true,"href":"https:\/\/blgnoticiassantodomingo.net\/index.php\/wp-json\/wp\/v2\/users\/2"}],"replies":[{"embeddable":true,"href":"https:\/\/blgnoticiassantodomingo.net\/index.php\/wp-json\/wp\/v2\/comments?post=4713"}],"version-history":[{"count":1,"href":"https:\/\/blgnoticiassantodomingo.net\/index.php\/wp-json\/wp\/v2\/posts\/4713\/revisions"}],"predecessor-version":[{"id":4716,"href":"https:\/\/blgnoticiassantodomingo.net\/index.php\/wp-json\/wp\/v2\/posts\/4713\/revisions\/4716"}],"wp:featuredmedia":[{"embeddable":true,"href":"https:\/\/blgnoticiassantodomingo.net\/index.php\/wp-json\/wp\/v2\/media\/4715"}],"wp:attachment":[{"href":"https:\/\/blgnoticiassantodomingo.net\/index.php\/wp-json\/wp\/v2\/media?parent=4713"}],"wp:term":[{"taxonomy":"category","embeddable":true,"href":"https:\/\/blgnoticiassantodomingo.net\/index.php\/wp-json\/wp\/v2\/categories?post=4713"},{"taxonomy":"post_tag","embeddable":true,"href":"https:\/\/blgnoticiassantodomingo.net\/index.php\/wp-json\/wp\/v2\/tags?post=4713"}],"curies":[{"name":"wp","href":"https:\/\/api.w.org\/{rel}","templated":true}]}}