{"id":4690,"date":"2020-01-13T14:11:10","date_gmt":"2020-01-13T14:11:10","guid":{"rendered":"http:\/\/blgnoticiassantodomingo.net\/?p=4690"},"modified":"2020-01-13T14:11:11","modified_gmt":"2020-01-13T14:11:11","slug":"cancilleria-de-guatemala-confirma-asistencia-de-danilo-a-investidura-de-giammattei-este-martes","status":"publish","type":"post","link":"https:\/\/blgnoticiassantodomingo.net\/index.php\/2020\/01\/13\/cancilleria-de-guatemala-confirma-asistencia-de-danilo-a-investidura-de-giammattei-este-martes\/","title":{"rendered":"Canciller\u00eda de Guatemala confirma asistencia de Danilo a investidura de Giammattei este martes ."},"content":{"rendered":"\n<p>EFE<\/p>\n\n\n\n<p>Guatemala recibir\u00e1 a 12 jefes de Estado y 50 delegaciones para la investidura el pr\u00f3ximo martes del nuevo presidente de la naci\u00f3n, Alejandro Giammattei, inform\u00f3 este domingo una fuente oficial.<\/p>\n\n\n\n<p>La mayor\u00eda de los jefes de Estado y las comitivas aterrizar\u00e1n en el pa\u00eds centroamericano entre el lunes 13 y el martes 14, incluida la presidenta del senado espa\u00f1ol, Mar\u00eda Pilar Llop Cuenca, seg\u00fan detall\u00f3 el Gobierno de Guatemala mediante sus canales oficiales.<\/p>\n\n\n\n<p>Llop Cuenca llegar\u00e1 al aeropuerto internacional La Aurora de la ciudad de Guatemala el lunes al filo de la medianoche hora local (06.00 GMT del martes).<\/p>\n\n\n\n<p>La canciller\u00eda guatemalteca, a cargo de la organizaci\u00f3n del evento de cambio de mando, confirm\u00f3 adem\u00e1s la presencia en el acto del presidente de Colombia, Iv\u00e1n Duque, y de su colega paname\u00f1o, Laurentino Cortizo.<\/p>\n\n\n\n<p>Tambi\u00e9n asistir\u00e1n el presidente de Honduras, Juan Orlando Hern\u00e1ndez; el de Rep\u00fablica Dominicana, Danilo Medina; el de Ecuador, Len\u00edn Moreno y el de El Salvador, Nayib Bukele.<\/p>\n\n\n\n<p>El mandatario de Hait\u00ed, Jovenel Moise, de igual manera estar\u00e1 presente en la ceremonia, certific\u00f3 la canciller\u00eda.<\/p>\n\n\n\n<p>Los otros cinco jefes de Estado que confirmaron su asistencia a\u00fan no han sido divulgados.<\/p>\n\n\n\n<p>La comitiva de Cuba, liderada por el viceprimer ministro, Jos\u00e9 Luis Tapia Fonseca, lleg\u00f3 al mediod\u00eda de este domingo para su participaci\u00f3n en la investidura.<\/p>\n\n\n\n<p>El Ministerio de Relaciones Exteriores guatemalteco confirm\u00f3 tambi\u00e9n la llegada de las comitivas de Jap\u00f3n, Corea del Sur e Israel, adem\u00e1s del canciller peruano, Gustavo Meza-Cuadra.<\/p>\n\n\n\n<p>Se espera de igual forma la llegada del vicepresidente de Paraguay, Hugo Adalberto Vel\u00e1squez, y su colega, la vicepresidenta de Costa Rica, Epsy Campbell Barr.<\/p>\n\n\n\n<p>Giammattei, de 63 a\u00f1os, jurar\u00e1 en el cargo por los pr\u00f3ximos cuatro a\u00f1os, en reemplazo del actual presidente, Jimmy Morales Cabrera.<\/p>\n\n\n\n<p>El m\u00e9dico y cirujano retirado gan\u00f3 las elecciones generales celebradas en 2019, tras una segunda vuelta electoral en la que super\u00f3 a la exprimera dama (2008-2011) Sandra Torres Casanova.<\/p>\n\n\n\n<p>Giammattei, padre de tres hijos y divorciado, estar\u00e1 acompa\u00f1ado en la vicepresidencia por el abogado Guillermo Castillo Reyes.<\/p>\n\n\n\n<p>Estados Unidos inform\u00f3 en la \u00faltima semana que ser\u00e1 el secretario de Comercio, Wilbur Ross, quien viajar\u00e1 a Guatemala para presenciar la investidura en representaci\u00f3n de la Administraci\u00f3n de Donald Trump.<\/p>\n\n\n\n<p>La ceremonia de cambio de mando se celebrar\u00e1 el martes 14 de enero a las 14.00 hora local (20.00 GMT) en el Teatro Nacional Miguel \u00c1ngel Asturias.<\/p>\n","protected":false},"excerpt":{"rendered":"<p>EFE Guatemala recibir\u00e1 a 12 jefes de Estado y 50 delegaciones para la investidura el pr\u00f3ximo martes del nuevo presidente de la naci\u00f3n, Alejandro Giammattei, inform\u00f3 este domingo una fuente oficial. La mayor\u00eda de los jefes de Estado y las comitivas aterrizar\u00e1n en el pa\u00eds centroamericano entre el lunes 13 y el martes 14, incluida [&hellip;]<\/p>\n","protected":false},"author":2,"featured_media":4691,"comment_status":"open","ping_status":"open","sticky":false,"template":"","format":"standard","meta":{"footnotes":""},"categories":[221],"tags":[],"class_list":{"0":"post-4690","1":"post","2":"type-post","3":"status-publish","4":"format-standard","5":"has-post-thumbnail","7":"category-internacionales"},"yoast_head":"<!-- This site is optimized with the Yoast SEO plugin v24.9 - https:\/\/yoast.com\/wordpress\/plugins\/seo\/ -->\n<title>Canciller\u00eda de Guatemala confirma asistencia de Danilo a investidura de Giammattei este martes . - BLG Noticias<\/title>\n<meta name=\"robots\" content=\"index, follow, max-snippet:-1, max-image-preview:large, max-video-preview:-1\" \/>\n<link rel=\"canonical\" href=\"https:\/\/blgnoticiassantodomingo.net\/index.php\/2020\/01\/13\/cancilleria-de-guatemala-confirma-asistencia-de-danilo-a-investidura-de-giammattei-este-martes\/\" \/>\n<meta property=\"og:locale\" content=\"es_ES\" \/>\n<meta property=\"og:type\" content=\"article\" \/>\n<meta property=\"og:title\" content=\"Canciller\u00eda de Guatemala confirma asistencia de Danilo a investidura de Giammattei este martes . - BLG Noticias\" \/>\n<meta property=\"og:description\" content=\"EFE Guatemala recibir\u00e1 a 12 jefes de Estado y 50 delegaciones para la investidura el pr\u00f3ximo martes del nuevo presidente de la naci\u00f3n, Alejandro Giammattei, inform\u00f3 este domingo una fuente oficial. La mayor\u00eda de los jefes de Estado y las comitivas aterrizar\u00e1n en el pa\u00eds centroamericano entre el lunes 13 y el martes 14, incluida [&hellip;]\" \/>\n<meta property=\"og:url\" content=\"https:\/\/blgnoticiassantodomingo.net\/index.php\/2020\/01\/13\/cancilleria-de-guatemala-confirma-asistencia-de-danilo-a-investidura-de-giammattei-este-martes\/\" \/>\n<meta property=\"og:site_name\" content=\"BLG Noticias\" \/>\n<meta property=\"article:publisher\" content=\"https:\/\/web.facebook.com\/BlgNoticias\/?locale=es_LA&amp;_rdc=1&amp;_rdr\" \/>\n<meta property=\"article:published_time\" content=\"2020-01-13T14:11:10+00:00\" \/>\n<meta property=\"article:modified_time\" content=\"2020-01-13T14:11:11+00:00\" \/>\n<meta property=\"og:image\" content=\"https:\/\/blgnoticiassantodomingo.net\/wp-content\/uploads\/2020\/01\/202001131259091.jpeg\" \/>\n\t<meta property=\"og:image:width\" content=\"680\" \/>\n\t<meta property=\"og:image:height\" content=\"453\" \/>\n\t<meta property=\"og:image:type\" content=\"image\/jpeg\" \/>\n<meta name=\"author\" content=\"Brenda Guerrero\" \/>\n<meta name=\"twitter:card\" content=\"summary_large_image\" \/>\n<meta name=\"twitter:creator\" content=\"@BlgNoticias\" \/>\n<meta name=\"twitter:site\" content=\"@BlgNoticias\" \/>\n<meta name=\"twitter:label1\" content=\"Escrito por\" \/>\n\t<meta name=\"twitter:data1\" content=\"Brenda Guerrero\" \/>\n\t<meta name=\"twitter:label2\" content=\"Tiempo de lectura\" \/>\n\t<meta name=\"twitter:data2\" content=\"2 minutos\" \/>\n<script type=\"application\/ld+json\" class=\"yoast-schema-graph\">{\"@context\":\"https:\/\/schema.org\",\"@graph\":[{\"@type\":\"Article\",\"@id\":\"https:\/\/blgnoticiassantodomingo.net\/index.php\/2020\/01\/13\/cancilleria-de-guatemala-confirma-asistencia-de-danilo-a-investidura-de-giammattei-este-martes\/#article\",\"isPartOf\":{\"@id\":\"https:\/\/blgnoticiassantodomingo.net\/index.php\/2020\/01\/13\/cancilleria-de-guatemala-confirma-asistencia-de-danilo-a-investidura-de-giammattei-este-martes\/\"},\"author\":{\"name\":\"Brenda Guerrero\",\"@id\":\"https:\/\/blgnoticiassantodomingo.net\/#\/schema\/person\/e2fc21cf88acc63dbd134be981bff374\"},\"headline\":\"Canciller\u00eda de Guatemala confirma asistencia de Danilo a investidura de Giammattei este martes .\",\"datePublished\":\"2020-01-13T14:11:10+00:00\",\"dateModified\":\"2020-01-13T14:11:11+00:00\",\"mainEntityOfPage\":{\"@id\":\"https:\/\/blgnoticiassantodomingo.net\/index.php\/2020\/01\/13\/cancilleria-de-guatemala-confirma-asistencia-de-danilo-a-investidura-de-giammattei-este-martes\/\"},\"wordCount\":432,\"commentCount\":0,\"publisher\":{\"@id\":\"https:\/\/blgnoticiassantodomingo.net\/#organization\"},\"image\":{\"@id\":\"https:\/\/blgnoticiassantodomingo.net\/index.php\/2020\/01\/13\/cancilleria-de-guatemala-confirma-asistencia-de-danilo-a-investidura-de-giammattei-este-martes\/#primaryimage\"},\"thumbnailUrl\":\"https:\/\/blgnoticiassantodomingo.net\/wp-content\/uploads\/2020\/01\/202001131259091.jpeg\",\"articleSection\":[\"Internacionales\"],\"inLanguage\":\"es\",\"potentialAction\":[{\"@type\":\"CommentAction\",\"name\":\"Comment\",\"target\":[\"https:\/\/blgnoticiassantodomingo.net\/index.php\/2020\/01\/13\/cancilleria-de-guatemala-confirma-asistencia-de-danilo-a-investidura-de-giammattei-este-martes\/#respond\"]}]},{\"@type\":\"WebPage\",\"@id\":\"https:\/\/blgnoticiassantodomingo.net\/index.php\/2020\/01\/13\/cancilleria-de-guatemala-confirma-asistencia-de-danilo-a-investidura-de-giammattei-este-martes\/\",\"url\":\"https:\/\/blgnoticiassantodomingo.net\/index.php\/2020\/01\/13\/cancilleria-de-guatemala-confirma-asistencia-de-danilo-a-investidura-de-giammattei-este-martes\/\",\"name\":\"Canciller\u00eda de Guatemala confirma asistencia de Danilo a investidura de Giammattei este martes . - BLG Noticias\",\"isPartOf\":{\"@id\":\"https:\/\/blgnoticiassantodomingo.net\/#website\"},\"primaryImageOfPage\":{\"@id\":\"https:\/\/blgnoticiassantodomingo.net\/index.php\/2020\/01\/13\/cancilleria-de-guatemala-confirma-asistencia-de-danilo-a-investidura-de-giammattei-este-martes\/#primaryimage\"},\"image\":{\"@id\":\"https:\/\/blgnoticiassantodomingo.net\/index.php\/2020\/01\/13\/cancilleria-de-guatemala-confirma-asistencia-de-danilo-a-investidura-de-giammattei-este-martes\/#primaryimage\"},\"thumbnailUrl\":\"https:\/\/blgnoticiassantodomingo.net\/wp-content\/uploads\/2020\/01\/202001131259091.jpeg\",\"datePublished\":\"2020-01-13T14:11:10+00:00\",\"dateModified\":\"2020-01-13T14:11:11+00:00\",\"breadcrumb\":{\"@id\":\"https:\/\/blgnoticiassantodomingo.net\/index.php\/2020\/01\/13\/cancilleria-de-guatemala-confirma-asistencia-de-danilo-a-investidura-de-giammattei-este-martes\/#breadcrumb\"},\"inLanguage\":\"es\",\"potentialAction\":[{\"@type\":\"ReadAction\",\"target\":[\"https:\/\/blgnoticiassantodomingo.net\/index.php\/2020\/01\/13\/cancilleria-de-guatemala-confirma-asistencia-de-danilo-a-investidura-de-giammattei-este-martes\/\"]}]},{\"@type\":\"ImageObject\",\"inLanguage\":\"es\",\"@id\":\"https:\/\/blgnoticiassantodomingo.net\/index.php\/2020\/01\/13\/cancilleria-de-guatemala-confirma-asistencia-de-danilo-a-investidura-de-giammattei-este-martes\/#primaryimage\",\"url\":\"https:\/\/blgnoticiassantodomingo.net\/wp-content\/uploads\/2020\/01\/202001131259091.jpeg\",\"contentUrl\":\"https:\/\/blgnoticiassantodomingo.net\/wp-content\/uploads\/2020\/01\/202001131259091.jpeg\",\"width\":680,\"height\":453},{\"@type\":\"BreadcrumbList\",\"@id\":\"https:\/\/blgnoticiassantodomingo.net\/index.php\/2020\/01\/13\/cancilleria-de-guatemala-confirma-asistencia-de-danilo-a-investidura-de-giammattei-este-martes\/#breadcrumb\",\"itemListElement\":[{\"@type\":\"ListItem\",\"position\":1,\"name\":\"Portada\",\"item\":\"https:\/\/blgnoticiassantodomingo.net\/\"},{\"@type\":\"ListItem\",\"position\":2,\"name\":\"Canciller\u00eda de Guatemala confirma asistencia de Danilo a investidura de Giammattei este martes .\"}]},{\"@type\":\"WebSite\",\"@id\":\"https:\/\/blgnoticiassantodomingo.net\/#website\",\"url\":\"https:\/\/blgnoticiassantodomingo.net\/\",\"name\":\"BLG Noticias\",\"description\":\"Esto es Noticias\",\"publisher\":{\"@id\":\"https:\/\/blgnoticiassantodomingo.net\/#organization\"},\"potentialAction\":[{\"@type\":\"SearchAction\",\"target\":{\"@type\":\"EntryPoint\",\"urlTemplate\":\"https:\/\/blgnoticiassantodomingo.net\/?s={search_term_string}\"},\"query-input\":{\"@type\":\"PropertyValueSpecification\",\"valueRequired\":true,\"valueName\":\"search_term_string\"}}],\"inLanguage\":\"es\"},{\"@type\":\"Organization\",\"@id\":\"https:\/\/blgnoticiassantodomingo.net\/#organization\",\"name\":\"BLG Noticias\",\"url\":\"https:\/\/blgnoticiassantodomingo.net\/\",\"logo\":{\"@type\":\"ImageObject\",\"inLanguage\":\"es\",\"@id\":\"https:\/\/blgnoticiassantodomingo.net\/#\/schema\/logo\/image\/\",\"url\":\"https:\/\/blgnoticiassantodomingo.net\/wp-content\/uploads\/2023\/12\/Diseno-sin-titulo-3.jpg\",\"contentUrl\":\"https:\/\/blgnoticiassantodomingo.net\/wp-content\/uploads\/2023\/12\/Diseno-sin-titulo-3.jpg\",\"width\":500,\"height\":500,\"caption\":\"BLG Noticias\"},\"image\":{\"@id\":\"https:\/\/blgnoticiassantodomingo.net\/#\/schema\/logo\/image\/\"},\"sameAs\":[\"https:\/\/web.facebook.com\/BlgNoticias\/?locale=es_LA&_rdc=1&_rdr\",\"https:\/\/x.com\/BlgNoticias\",\"https:\/\/www.linkedin.com\/in\/brenda-l-santana-aa846279\/\"]},{\"@type\":\"Person\",\"@id\":\"https:\/\/blgnoticiassantodomingo.net\/#\/schema\/person\/e2fc21cf88acc63dbd134be981bff374\",\"name\":\"Brenda Guerrero\",\"image\":{\"@type\":\"ImageObject\",\"inLanguage\":\"es\",\"@id\":\"https:\/\/blgnoticiassantodomingo.net\/#\/schema\/person\/image\/\",\"url\":\"https:\/\/secure.gravatar.com\/avatar\/2f7fc4c3e3655be1580cb684bfd8ab19be702ae20879da1e072021daa02f9b8b?s=96&d=wp_user_avatar&r=g\",\"contentUrl\":\"https:\/\/secure.gravatar.com\/avatar\/2f7fc4c3e3655be1580cb684bfd8ab19be702ae20879da1e072021daa02f9b8b?s=96&d=wp_user_avatar&r=g\",\"caption\":\"Brenda Guerrero\"},\"description\":\"Periodista\",\"url\":\"https:\/\/blgnoticiassantodomingo.net\/index.php\/author\/brenda-guerrero\/\"}]}<\/script>\n<!-- \/ Yoast SEO plugin. -->","yoast_head_json":{"title":"Canciller\u00eda de Guatemala confirma asistencia de Danilo a investidura de Giammattei este martes . - BLG Noticias","robots":{"index":"index","follow":"follow","max-snippet":"max-snippet:-1","max-image-preview":"max-image-preview:large","max-video-preview":"max-video-preview:-1"},"canonical":"https:\/\/blgnoticiassantodomingo.net\/index.php\/2020\/01\/13\/cancilleria-de-guatemala-confirma-asistencia-de-danilo-a-investidura-de-giammattei-este-martes\/","og_locale":"es_ES","og_type":"article","og_title":"Canciller\u00eda de Guatemala confirma asistencia de Danilo a investidura de Giammattei este martes . - BLG Noticias","og_description":"EFE Guatemala recibir\u00e1 a 12 jefes de Estado y 50 delegaciones para la investidura el pr\u00f3ximo martes del nuevo presidente de la naci\u00f3n, Alejandro Giammattei, inform\u00f3 este domingo una fuente oficial. La mayor\u00eda de los jefes de Estado y las comitivas aterrizar\u00e1n en el pa\u00eds centroamericano entre el lunes 13 y el martes 14, incluida [&hellip;]","og_url":"https:\/\/blgnoticiassantodomingo.net\/index.php\/2020\/01\/13\/cancilleria-de-guatemala-confirma-asistencia-de-danilo-a-investidura-de-giammattei-este-martes\/","og_site_name":"BLG Noticias","article_publisher":"https:\/\/web.facebook.com\/BlgNoticias\/?locale=es_LA&_rdc=1&_rdr","article_published_time":"2020-01-13T14:11:10+00:00","article_modified_time":"2020-01-13T14:11:11+00:00","og_image":[{"width":680,"height":453,"url":"https:\/\/blgnoticiassantodomingo.net\/wp-content\/uploads\/2020\/01\/202001131259091.jpeg","type":"image\/jpeg"}],"author":"Brenda Guerrero","twitter_card":"summary_large_image","twitter_creator":"@BlgNoticias","twitter_site":"@BlgNoticias","twitter_misc":{"Escrito por":"Brenda Guerrero","Tiempo de lectura":"2 minutos"},"schema":{"@context":"https:\/\/schema.org","@graph":[{"@type":"Article","@id":"https:\/\/blgnoticiassantodomingo.net\/index.php\/2020\/01\/13\/cancilleria-de-guatemala-confirma-asistencia-de-danilo-a-investidura-de-giammattei-este-martes\/#article","isPartOf":{"@id":"https:\/\/blgnoticiassantodomingo.net\/index.php\/2020\/01\/13\/cancilleria-de-guatemala-confirma-asistencia-de-danilo-a-investidura-de-giammattei-este-martes\/"},"author":{"name":"Brenda Guerrero","@id":"https:\/\/blgnoticiassantodomingo.net\/#\/schema\/person\/e2fc21cf88acc63dbd134be981bff374"},"headline":"Canciller\u00eda de Guatemala confirma asistencia de Danilo a investidura de Giammattei este martes .","datePublished":"2020-01-13T14:11:10+00:00","dateModified":"2020-01-13T14:11:11+00:00","mainEntityOfPage":{"@id":"https:\/\/blgnoticiassantodomingo.net\/index.php\/2020\/01\/13\/cancilleria-de-guatemala-confirma-asistencia-de-danilo-a-investidura-de-giammattei-este-martes\/"},"wordCount":432,"commentCount":0,"publisher":{"@id":"https:\/\/blgnoticiassantodomingo.net\/#organization"},"image":{"@id":"https:\/\/blgnoticiassantodomingo.net\/index.php\/2020\/01\/13\/cancilleria-de-guatemala-confirma-asistencia-de-danilo-a-investidura-de-giammattei-este-martes\/#primaryimage"},"thumbnailUrl":"https:\/\/blgnoticiassantodomingo.net\/wp-content\/uploads\/2020\/01\/202001131259091.jpeg","articleSection":["Internacionales"],"inLanguage":"es","potentialAction":[{"@type":"CommentAction","name":"Comment","target":["https:\/\/blgnoticiassantodomingo.net\/index.php\/2020\/01\/13\/cancilleria-de-guatemala-confirma-asistencia-de-danilo-a-investidura-de-giammattei-este-martes\/#respond"]}]},{"@type":"WebPage","@id":"https:\/\/blgnoticiassantodomingo.net\/index.php\/2020\/01\/13\/cancilleria-de-guatemala-confirma-asistencia-de-danilo-a-investidura-de-giammattei-este-martes\/","url":"https:\/\/blgnoticiassantodomingo.net\/index.php\/2020\/01\/13\/cancilleria-de-guatemala-confirma-asistencia-de-danilo-a-investidura-de-giammattei-este-martes\/","name":"Canciller\u00eda de Guatemala confirma asistencia de Danilo a investidura de Giammattei este martes . - BLG Noticias","isPartOf":{"@id":"https:\/\/blgnoticiassantodomingo.net\/#website"},"primaryImageOfPage":{"@id":"https:\/\/blgnoticiassantodomingo.net\/index.php\/2020\/01\/13\/cancilleria-de-guatemala-confirma-asistencia-de-danilo-a-investidura-de-giammattei-este-martes\/#primaryimage"},"image":{"@id":"https:\/\/blgnoticiassantodomingo.net\/index.php\/2020\/01\/13\/cancilleria-de-guatemala-confirma-asistencia-de-danilo-a-investidura-de-giammattei-este-martes\/#primaryimage"},"thumbnailUrl":"https:\/\/blgnoticiassantodomingo.net\/wp-content\/uploads\/2020\/01\/202001131259091.jpeg","datePublished":"2020-01-13T14:11:10+00:00","dateModified":"2020-01-13T14:11:11+00:00","breadcrumb":{"@id":"https:\/\/blgnoticiassantodomingo.net\/index.php\/2020\/01\/13\/cancilleria-de-guatemala-confirma-asistencia-de-danilo-a-investidura-de-giammattei-este-martes\/#breadcrumb"},"inLanguage":"es","potentialAction":[{"@type":"ReadAction","target":["https:\/\/blgnoticiassantodomingo.net\/index.php\/2020\/01\/13\/cancilleria-de-guatemala-confirma-asistencia-de-danilo-a-investidura-de-giammattei-este-martes\/"]}]},{"@type":"ImageObject","inLanguage":"es","@id":"https:\/\/blgnoticiassantodomingo.net\/index.php\/2020\/01\/13\/cancilleria-de-guatemala-confirma-asistencia-de-danilo-a-investidura-de-giammattei-este-martes\/#primaryimage","url":"https:\/\/blgnoticiassantodomingo.net\/wp-content\/uploads\/2020\/01\/202001131259091.jpeg","contentUrl":"https:\/\/blgnoticiassantodomingo.net\/wp-content\/uploads\/2020\/01\/202001131259091.jpeg","width":680,"height":453},{"@type":"BreadcrumbList","@id":"https:\/\/blgnoticiassantodomingo.net\/index.php\/2020\/01\/13\/cancilleria-de-guatemala-confirma-asistencia-de-danilo-a-investidura-de-giammattei-este-martes\/#breadcrumb","itemListElement":[{"@type":"ListItem","position":1,"name":"Portada","item":"https:\/\/blgnoticiassantodomingo.net\/"},{"@type":"ListItem","position":2,"name":"Canciller\u00eda de Guatemala confirma asistencia de Danilo a investidura de Giammattei este martes ."}]},{"@type":"WebSite","@id":"https:\/\/blgnoticiassantodomingo.net\/#website","url":"https:\/\/blgnoticiassantodomingo.net\/","name":"BLG Noticias","description":"Esto es Noticias","publisher":{"@id":"https:\/\/blgnoticiassantodomingo.net\/#organization"},"potentialAction":[{"@type":"SearchAction","target":{"@type":"EntryPoint","urlTemplate":"https:\/\/blgnoticiassantodomingo.net\/?s={search_term_string}"},"query-input":{"@type":"PropertyValueSpecification","valueRequired":true,"valueName":"search_term_string"}}],"inLanguage":"es"},{"@type":"Organization","@id":"https:\/\/blgnoticiassantodomingo.net\/#organization","name":"BLG Noticias","url":"https:\/\/blgnoticiassantodomingo.net\/","logo":{"@type":"ImageObject","inLanguage":"es","@id":"https:\/\/blgnoticiassantodomingo.net\/#\/schema\/logo\/image\/","url":"https:\/\/blgnoticiassantodomingo.net\/wp-content\/uploads\/2023\/12\/Diseno-sin-titulo-3.jpg","contentUrl":"https:\/\/blgnoticiassantodomingo.net\/wp-content\/uploads\/2023\/12\/Diseno-sin-titulo-3.jpg","width":500,"height":500,"caption":"BLG Noticias"},"image":{"@id":"https:\/\/blgnoticiassantodomingo.net\/#\/schema\/logo\/image\/"},"sameAs":["https:\/\/web.facebook.com\/BlgNoticias\/?locale=es_LA&_rdc=1&_rdr","https:\/\/x.com\/BlgNoticias","https:\/\/www.linkedin.com\/in\/brenda-l-santana-aa846279\/"]},{"@type":"Person","@id":"https:\/\/blgnoticiassantodomingo.net\/#\/schema\/person\/e2fc21cf88acc63dbd134be981bff374","name":"Brenda Guerrero","image":{"@type":"ImageObject","inLanguage":"es","@id":"https:\/\/blgnoticiassantodomingo.net\/#\/schema\/person\/image\/","url":"https:\/\/secure.gravatar.com\/avatar\/2f7fc4c3e3655be1580cb684bfd8ab19be702ae20879da1e072021daa02f9b8b?s=96&d=wp_user_avatar&r=g","contentUrl":"https:\/\/secure.gravatar.com\/avatar\/2f7fc4c3e3655be1580cb684bfd8ab19be702ae20879da1e072021daa02f9b8b?s=96&d=wp_user_avatar&r=g","caption":"Brenda Guerrero"},"description":"Periodista","url":"https:\/\/blgnoticiassantodomingo.net\/index.php\/author\/brenda-guerrero\/"}]}},"jetpack_featured_media_url":"https:\/\/blgnoticiassantodomingo.net\/wp-content\/uploads\/2020\/01\/202001131259091.jpeg","_links":{"self":[{"href":"https:\/\/blgnoticiassantodomingo.net\/index.php\/wp-json\/wp\/v2\/posts\/4690","targetHints":{"allow":["GET"]}}],"collection":[{"href":"https:\/\/blgnoticiassantodomingo.net\/index.php\/wp-json\/wp\/v2\/posts"}],"about":[{"href":"https:\/\/blgnoticiassantodomingo.net\/index.php\/wp-json\/wp\/v2\/types\/post"}],"author":[{"embeddable":true,"href":"https:\/\/blgnoticiassantodomingo.net\/index.php\/wp-json\/wp\/v2\/users\/2"}],"replies":[{"embeddable":true,"href":"https:\/\/blgnoticiassantodomingo.net\/index.php\/wp-json\/wp\/v2\/comments?post=4690"}],"version-history":[{"count":1,"href":"https:\/\/blgnoticiassantodomingo.net\/index.php\/wp-json\/wp\/v2\/posts\/4690\/revisions"}],"predecessor-version":[{"id":4692,"href":"https:\/\/blgnoticiassantodomingo.net\/index.php\/wp-json\/wp\/v2\/posts\/4690\/revisions\/4692"}],"wp:featuredmedia":[{"embeddable":true,"href":"https:\/\/blgnoticiassantodomingo.net\/index.php\/wp-json\/wp\/v2\/media\/4691"}],"wp:attachment":[{"href":"https:\/\/blgnoticiassantodomingo.net\/index.php\/wp-json\/wp\/v2\/media?parent=4690"}],"wp:term":[{"taxonomy":"category","embeddable":true,"href":"https:\/\/blgnoticiassantodomingo.net\/index.php\/wp-json\/wp\/v2\/categories?post=4690"},{"taxonomy":"post_tag","embeddable":true,"href":"https:\/\/blgnoticiassantodomingo.net\/index.php\/wp-json\/wp\/v2\/tags?post=4690"}],"curies":[{"name":"wp","href":"https:\/\/api.w.org\/{rel}","templated":true}]}}