{"id":4684,"date":"2020-01-13T13:58:33","date_gmt":"2020-01-13T13:58:33","guid":{"rendered":"http:\/\/blgnoticiassantodomingo.net\/?p=4684"},"modified":"2020-01-13T14:01:21","modified_gmt":"2020-01-13T14:01:21","slug":"pelotero-dominicano-muere-en-accidente-de-transito","status":"publish","type":"post","link":"https:\/\/blgnoticiassantodomingo.net\/index.php\/2020\/01\/13\/pelotero-dominicano-muere-en-accidente-de-transito\/","title":{"rendered":"Pelotero dominicano muere en accidente de tr\u00e1nsito"},"content":{"rendered":"\n<p>Un pelotero dominicano de ligas menores falleci\u00f3 la noche del domingo tras deslizarse la pasola Honda Lead que conduc\u00eda en Barahona.<\/p>\n\n\n\n<p>Se trata de Fausto Segura, relevista de los Nacionales de Washington, de 23 a\u00f1os. Seg\u00fan el corresponsal de la zona, Omar Medina, Segura se accident\u00f3 pr\u00f3ximo al aeropuerto Mar\u00eda Mont\u00e9s de Barahona. Sus restos son velados en el municipio Fundaci\u00f3n.<\/p>\n\n\n\n<p>Seg\u00fan los datos, Segura perdi\u00f3 el control de la pasola Honda Lead, color gris, se desliz\u00f3 y choc\u00f3 con una mata.<\/p>\n\n\n\n<p>Medina indic\u00f3 que el cad\u00e1ver fue levantado sin la presencia de las autoridades.<\/p>\n\n\n\n<p>En principio, la informaci\u00f3n la dio a conocer el editor deportivo H\u00e9ctor G\u00f3mez, a trav\u00e9s de su cuenta de Twitter.<\/p>\n","protected":false},"excerpt":{"rendered":"<p>Un pelotero dominicano de ligas menores falleci\u00f3 la noche del domingo tras deslizarse la pasola Honda Lead que conduc\u00eda en Barahona. Se trata de Fausto Segura, relevista de los Nacionales de Washington, de 23 a\u00f1os. Seg\u00fan el corresponsal de la zona, Omar Medina, Segura se accident\u00f3 pr\u00f3ximo al aeropuerto Mar\u00eda Mont\u00e9s de Barahona. Sus restos [&hellip;]<\/p>\n","protected":false},"author":2,"featured_media":4685,"comment_status":"open","ping_status":"open","sticky":false,"template":"","format":"standard","meta":{"footnotes":""},"categories":[223],"tags":[],"class_list":{"0":"post-4684","1":"post","2":"type-post","3":"status-publish","4":"format-standard","5":"has-post-thumbnail","7":"category-deportes"},"yoast_head":"<!-- This site is optimized with the Yoast SEO plugin v24.9 - https:\/\/yoast.com\/wordpress\/plugins\/seo\/ -->\n<title>Pelotero dominicano muere en accidente de tr\u00e1nsito - BLG Noticias<\/title>\n<meta name=\"robots\" content=\"index, follow, max-snippet:-1, max-image-preview:large, max-video-preview:-1\" \/>\n<link rel=\"canonical\" href=\"https:\/\/blgnoticiassantodomingo.net\/index.php\/2020\/01\/13\/pelotero-dominicano-muere-en-accidente-de-transito\/\" \/>\n<meta property=\"og:locale\" content=\"es_ES\" \/>\n<meta property=\"og:type\" content=\"article\" \/>\n<meta property=\"og:title\" content=\"Pelotero dominicano muere en accidente de tr\u00e1nsito - BLG Noticias\" \/>\n<meta property=\"og:description\" content=\"Un pelotero dominicano de ligas menores falleci\u00f3 la noche del domingo tras deslizarse la pasola Honda Lead que conduc\u00eda en Barahona. Se trata de Fausto Segura, relevista de los Nacionales de Washington, de 23 a\u00f1os. Seg\u00fan el corresponsal de la zona, Omar Medina, Segura se accident\u00f3 pr\u00f3ximo al aeropuerto Mar\u00eda Mont\u00e9s de Barahona. Sus restos [&hellip;]\" \/>\n<meta property=\"og:url\" content=\"https:\/\/blgnoticiassantodomingo.net\/index.php\/2020\/01\/13\/pelotero-dominicano-muere-en-accidente-de-transito\/\" \/>\n<meta property=\"og:site_name\" content=\"BLG Noticias\" \/>\n<meta property=\"article:publisher\" content=\"https:\/\/web.facebook.com\/BlgNoticias\/?locale=es_LA&amp;_rdc=1&amp;_rdr\" \/>\n<meta property=\"article:published_time\" content=\"2020-01-13T13:58:33+00:00\" \/>\n<meta property=\"article:modified_time\" content=\"2020-01-13T14:01:21+00:00\" \/>\n<meta property=\"og:image\" content=\"https:\/\/blgnoticiassantodomingo.net\/wp-content\/uploads\/2020\/01\/whatsapp-image-2020-01-13-at-09-39-59_13007820_20200113094157.jpg\" \/>\n\t<meta property=\"og:image:width\" content=\"546\" \/>\n\t<meta property=\"og:image:height\" content=\"350\" \/>\n\t<meta property=\"og:image:type\" content=\"image\/jpeg\" \/>\n<meta name=\"author\" content=\"Brenda Guerrero\" \/>\n<meta name=\"twitter:card\" content=\"summary_large_image\" \/>\n<meta name=\"twitter:creator\" content=\"@BlgNoticias\" \/>\n<meta name=\"twitter:site\" content=\"@BlgNoticias\" \/>\n<meta name=\"twitter:label1\" content=\"Escrito por\" \/>\n\t<meta name=\"twitter:data1\" content=\"Brenda Guerrero\" \/>\n\t<meta name=\"twitter:label2\" content=\"Tiempo de lectura\" \/>\n\t<meta name=\"twitter:data2\" content=\"1 minuto\" \/>\n<script type=\"application\/ld+json\" class=\"yoast-schema-graph\">{\"@context\":\"https:\/\/schema.org\",\"@graph\":[{\"@type\":\"Article\",\"@id\":\"https:\/\/blgnoticiassantodomingo.net\/index.php\/2020\/01\/13\/pelotero-dominicano-muere-en-accidente-de-transito\/#article\",\"isPartOf\":{\"@id\":\"https:\/\/blgnoticiassantodomingo.net\/index.php\/2020\/01\/13\/pelotero-dominicano-muere-en-accidente-de-transito\/\"},\"author\":{\"name\":\"Brenda Guerrero\",\"@id\":\"https:\/\/blgnoticiassantodomingo.net\/#\/schema\/person\/e2fc21cf88acc63dbd134be981bff374\"},\"headline\":\"Pelotero dominicano muere en accidente de tr\u00e1nsito\",\"datePublished\":\"2020-01-13T13:58:33+00:00\",\"dateModified\":\"2020-01-13T14:01:21+00:00\",\"mainEntityOfPage\":{\"@id\":\"https:\/\/blgnoticiassantodomingo.net\/index.php\/2020\/01\/13\/pelotero-dominicano-muere-en-accidente-de-transito\/\"},\"wordCount\":135,\"commentCount\":0,\"publisher\":{\"@id\":\"https:\/\/blgnoticiassantodomingo.net\/#organization\"},\"image\":{\"@id\":\"https:\/\/blgnoticiassantodomingo.net\/index.php\/2020\/01\/13\/pelotero-dominicano-muere-en-accidente-de-transito\/#primaryimage\"},\"thumbnailUrl\":\"https:\/\/blgnoticiassantodomingo.net\/wp-content\/uploads\/2020\/01\/whatsapp-image-2020-01-13-at-09-39-59_13007820_20200113094157.jpg\",\"articleSection\":[\"Deportes\"],\"inLanguage\":\"es\",\"potentialAction\":[{\"@type\":\"CommentAction\",\"name\":\"Comment\",\"target\":[\"https:\/\/blgnoticiassantodomingo.net\/index.php\/2020\/01\/13\/pelotero-dominicano-muere-en-accidente-de-transito\/#respond\"]}]},{\"@type\":\"WebPage\",\"@id\":\"https:\/\/blgnoticiassantodomingo.net\/index.php\/2020\/01\/13\/pelotero-dominicano-muere-en-accidente-de-transito\/\",\"url\":\"https:\/\/blgnoticiassantodomingo.net\/index.php\/2020\/01\/13\/pelotero-dominicano-muere-en-accidente-de-transito\/\",\"name\":\"Pelotero dominicano muere en accidente de tr\u00e1nsito - BLG Noticias\",\"isPartOf\":{\"@id\":\"https:\/\/blgnoticiassantodomingo.net\/#website\"},\"primaryImageOfPage\":{\"@id\":\"https:\/\/blgnoticiassantodomingo.net\/index.php\/2020\/01\/13\/pelotero-dominicano-muere-en-accidente-de-transito\/#primaryimage\"},\"image\":{\"@id\":\"https:\/\/blgnoticiassantodomingo.net\/index.php\/2020\/01\/13\/pelotero-dominicano-muere-en-accidente-de-transito\/#primaryimage\"},\"thumbnailUrl\":\"https:\/\/blgnoticiassantodomingo.net\/wp-content\/uploads\/2020\/01\/whatsapp-image-2020-01-13-at-09-39-59_13007820_20200113094157.jpg\",\"datePublished\":\"2020-01-13T13:58:33+00:00\",\"dateModified\":\"2020-01-13T14:01:21+00:00\",\"breadcrumb\":{\"@id\":\"https:\/\/blgnoticiassantodomingo.net\/index.php\/2020\/01\/13\/pelotero-dominicano-muere-en-accidente-de-transito\/#breadcrumb\"},\"inLanguage\":\"es\",\"potentialAction\":[{\"@type\":\"ReadAction\",\"target\":[\"https:\/\/blgnoticiassantodomingo.net\/index.php\/2020\/01\/13\/pelotero-dominicano-muere-en-accidente-de-transito\/\"]}]},{\"@type\":\"ImageObject\",\"inLanguage\":\"es\",\"@id\":\"https:\/\/blgnoticiassantodomingo.net\/index.php\/2020\/01\/13\/pelotero-dominicano-muere-en-accidente-de-transito\/#primaryimage\",\"url\":\"https:\/\/blgnoticiassantodomingo.net\/wp-content\/uploads\/2020\/01\/whatsapp-image-2020-01-13-at-09-39-59_13007820_20200113094157.jpg\",\"contentUrl\":\"https:\/\/blgnoticiassantodomingo.net\/wp-content\/uploads\/2020\/01\/whatsapp-image-2020-01-13-at-09-39-59_13007820_20200113094157.jpg\",\"width\":546,\"height\":350},{\"@type\":\"BreadcrumbList\",\"@id\":\"https:\/\/blgnoticiassantodomingo.net\/index.php\/2020\/01\/13\/pelotero-dominicano-muere-en-accidente-de-transito\/#breadcrumb\",\"itemListElement\":[{\"@type\":\"ListItem\",\"position\":1,\"name\":\"Portada\",\"item\":\"https:\/\/blgnoticiassantodomingo.net\/\"},{\"@type\":\"ListItem\",\"position\":2,\"name\":\"Pelotero dominicano muere en accidente de tr\u00e1nsito\"}]},{\"@type\":\"WebSite\",\"@id\":\"https:\/\/blgnoticiassantodomingo.net\/#website\",\"url\":\"https:\/\/blgnoticiassantodomingo.net\/\",\"name\":\"BLG Noticias\",\"description\":\"Esto es Noticias\",\"publisher\":{\"@id\":\"https:\/\/blgnoticiassantodomingo.net\/#organization\"},\"potentialAction\":[{\"@type\":\"SearchAction\",\"target\":{\"@type\":\"EntryPoint\",\"urlTemplate\":\"https:\/\/blgnoticiassantodomingo.net\/?s={search_term_string}\"},\"query-input\":{\"@type\":\"PropertyValueSpecification\",\"valueRequired\":true,\"valueName\":\"search_term_string\"}}],\"inLanguage\":\"es\"},{\"@type\":\"Organization\",\"@id\":\"https:\/\/blgnoticiassantodomingo.net\/#organization\",\"name\":\"BLG Noticias\",\"url\":\"https:\/\/blgnoticiassantodomingo.net\/\",\"logo\":{\"@type\":\"ImageObject\",\"inLanguage\":\"es\",\"@id\":\"https:\/\/blgnoticiassantodomingo.net\/#\/schema\/logo\/image\/\",\"url\":\"https:\/\/blgnoticiassantodomingo.net\/wp-content\/uploads\/2023\/12\/Diseno-sin-titulo-3.jpg\",\"contentUrl\":\"https:\/\/blgnoticiassantodomingo.net\/wp-content\/uploads\/2023\/12\/Diseno-sin-titulo-3.jpg\",\"width\":500,\"height\":500,\"caption\":\"BLG Noticias\"},\"image\":{\"@id\":\"https:\/\/blgnoticiassantodomingo.net\/#\/schema\/logo\/image\/\"},\"sameAs\":[\"https:\/\/web.facebook.com\/BlgNoticias\/?locale=es_LA&_rdc=1&_rdr\",\"https:\/\/x.com\/BlgNoticias\",\"https:\/\/www.linkedin.com\/in\/brenda-l-santana-aa846279\/\"]},{\"@type\":\"Person\",\"@id\":\"https:\/\/blgnoticiassantodomingo.net\/#\/schema\/person\/e2fc21cf88acc63dbd134be981bff374\",\"name\":\"Brenda Guerrero\",\"image\":{\"@type\":\"ImageObject\",\"inLanguage\":\"es\",\"@id\":\"https:\/\/blgnoticiassantodomingo.net\/#\/schema\/person\/image\/\",\"url\":\"https:\/\/secure.gravatar.com\/avatar\/2f7fc4c3e3655be1580cb684bfd8ab19be702ae20879da1e072021daa02f9b8b?s=96&d=wp_user_avatar&r=g\",\"contentUrl\":\"https:\/\/secure.gravatar.com\/avatar\/2f7fc4c3e3655be1580cb684bfd8ab19be702ae20879da1e072021daa02f9b8b?s=96&d=wp_user_avatar&r=g\",\"caption\":\"Brenda Guerrero\"},\"description\":\"Periodista\",\"url\":\"https:\/\/blgnoticiassantodomingo.net\/index.php\/author\/brenda-guerrero\/\"}]}<\/script>\n<!-- \/ Yoast SEO plugin. -->","yoast_head_json":{"title":"Pelotero dominicano muere en accidente de tr\u00e1nsito - BLG Noticias","robots":{"index":"index","follow":"follow","max-snippet":"max-snippet:-1","max-image-preview":"max-image-preview:large","max-video-preview":"max-video-preview:-1"},"canonical":"https:\/\/blgnoticiassantodomingo.net\/index.php\/2020\/01\/13\/pelotero-dominicano-muere-en-accidente-de-transito\/","og_locale":"es_ES","og_type":"article","og_title":"Pelotero dominicano muere en accidente de tr\u00e1nsito - BLG Noticias","og_description":"Un pelotero dominicano de ligas menores falleci\u00f3 la noche del domingo tras deslizarse la pasola Honda Lead que conduc\u00eda en Barahona. Se trata de Fausto Segura, relevista de los Nacionales de Washington, de 23 a\u00f1os. Seg\u00fan el corresponsal de la zona, Omar Medina, Segura se accident\u00f3 pr\u00f3ximo al aeropuerto Mar\u00eda Mont\u00e9s de Barahona. Sus restos [&hellip;]","og_url":"https:\/\/blgnoticiassantodomingo.net\/index.php\/2020\/01\/13\/pelotero-dominicano-muere-en-accidente-de-transito\/","og_site_name":"BLG Noticias","article_publisher":"https:\/\/web.facebook.com\/BlgNoticias\/?locale=es_LA&_rdc=1&_rdr","article_published_time":"2020-01-13T13:58:33+00:00","article_modified_time":"2020-01-13T14:01:21+00:00","og_image":[{"width":546,"height":350,"url":"https:\/\/blgnoticiassantodomingo.net\/wp-content\/uploads\/2020\/01\/whatsapp-image-2020-01-13-at-09-39-59_13007820_20200113094157.jpg","type":"image\/jpeg"}],"author":"Brenda Guerrero","twitter_card":"summary_large_image","twitter_creator":"@BlgNoticias","twitter_site":"@BlgNoticias","twitter_misc":{"Escrito por":"Brenda Guerrero","Tiempo de lectura":"1 minuto"},"schema":{"@context":"https:\/\/schema.org","@graph":[{"@type":"Article","@id":"https:\/\/blgnoticiassantodomingo.net\/index.php\/2020\/01\/13\/pelotero-dominicano-muere-en-accidente-de-transito\/#article","isPartOf":{"@id":"https:\/\/blgnoticiassantodomingo.net\/index.php\/2020\/01\/13\/pelotero-dominicano-muere-en-accidente-de-transito\/"},"author":{"name":"Brenda Guerrero","@id":"https:\/\/blgnoticiassantodomingo.net\/#\/schema\/person\/e2fc21cf88acc63dbd134be981bff374"},"headline":"Pelotero dominicano muere en accidente de tr\u00e1nsito","datePublished":"2020-01-13T13:58:33+00:00","dateModified":"2020-01-13T14:01:21+00:00","mainEntityOfPage":{"@id":"https:\/\/blgnoticiassantodomingo.net\/index.php\/2020\/01\/13\/pelotero-dominicano-muere-en-accidente-de-transito\/"},"wordCount":135,"commentCount":0,"publisher":{"@id":"https:\/\/blgnoticiassantodomingo.net\/#organization"},"image":{"@id":"https:\/\/blgnoticiassantodomingo.net\/index.php\/2020\/01\/13\/pelotero-dominicano-muere-en-accidente-de-transito\/#primaryimage"},"thumbnailUrl":"https:\/\/blgnoticiassantodomingo.net\/wp-content\/uploads\/2020\/01\/whatsapp-image-2020-01-13-at-09-39-59_13007820_20200113094157.jpg","articleSection":["Deportes"],"inLanguage":"es","potentialAction":[{"@type":"CommentAction","name":"Comment","target":["https:\/\/blgnoticiassantodomingo.net\/index.php\/2020\/01\/13\/pelotero-dominicano-muere-en-accidente-de-transito\/#respond"]}]},{"@type":"WebPage","@id":"https:\/\/blgnoticiassantodomingo.net\/index.php\/2020\/01\/13\/pelotero-dominicano-muere-en-accidente-de-transito\/","url":"https:\/\/blgnoticiassantodomingo.net\/index.php\/2020\/01\/13\/pelotero-dominicano-muere-en-accidente-de-transito\/","name":"Pelotero dominicano muere en accidente de tr\u00e1nsito - BLG Noticias","isPartOf":{"@id":"https:\/\/blgnoticiassantodomingo.net\/#website"},"primaryImageOfPage":{"@id":"https:\/\/blgnoticiassantodomingo.net\/index.php\/2020\/01\/13\/pelotero-dominicano-muere-en-accidente-de-transito\/#primaryimage"},"image":{"@id":"https:\/\/blgnoticiassantodomingo.net\/index.php\/2020\/01\/13\/pelotero-dominicano-muere-en-accidente-de-transito\/#primaryimage"},"thumbnailUrl":"https:\/\/blgnoticiassantodomingo.net\/wp-content\/uploads\/2020\/01\/whatsapp-image-2020-01-13-at-09-39-59_13007820_20200113094157.jpg","datePublished":"2020-01-13T13:58:33+00:00","dateModified":"2020-01-13T14:01:21+00:00","breadcrumb":{"@id":"https:\/\/blgnoticiassantodomingo.net\/index.php\/2020\/01\/13\/pelotero-dominicano-muere-en-accidente-de-transito\/#breadcrumb"},"inLanguage":"es","potentialAction":[{"@type":"ReadAction","target":["https:\/\/blgnoticiassantodomingo.net\/index.php\/2020\/01\/13\/pelotero-dominicano-muere-en-accidente-de-transito\/"]}]},{"@type":"ImageObject","inLanguage":"es","@id":"https:\/\/blgnoticiassantodomingo.net\/index.php\/2020\/01\/13\/pelotero-dominicano-muere-en-accidente-de-transito\/#primaryimage","url":"https:\/\/blgnoticiassantodomingo.net\/wp-content\/uploads\/2020\/01\/whatsapp-image-2020-01-13-at-09-39-59_13007820_20200113094157.jpg","contentUrl":"https:\/\/blgnoticiassantodomingo.net\/wp-content\/uploads\/2020\/01\/whatsapp-image-2020-01-13-at-09-39-59_13007820_20200113094157.jpg","width":546,"height":350},{"@type":"BreadcrumbList","@id":"https:\/\/blgnoticiassantodomingo.net\/index.php\/2020\/01\/13\/pelotero-dominicano-muere-en-accidente-de-transito\/#breadcrumb","itemListElement":[{"@type":"ListItem","position":1,"name":"Portada","item":"https:\/\/blgnoticiassantodomingo.net\/"},{"@type":"ListItem","position":2,"name":"Pelotero dominicano muere en accidente de tr\u00e1nsito"}]},{"@type":"WebSite","@id":"https:\/\/blgnoticiassantodomingo.net\/#website","url":"https:\/\/blgnoticiassantodomingo.net\/","name":"BLG Noticias","description":"Esto es Noticias","publisher":{"@id":"https:\/\/blgnoticiassantodomingo.net\/#organization"},"potentialAction":[{"@type":"SearchAction","target":{"@type":"EntryPoint","urlTemplate":"https:\/\/blgnoticiassantodomingo.net\/?s={search_term_string}"},"query-input":{"@type":"PropertyValueSpecification","valueRequired":true,"valueName":"search_term_string"}}],"inLanguage":"es"},{"@type":"Organization","@id":"https:\/\/blgnoticiassantodomingo.net\/#organization","name":"BLG Noticias","url":"https:\/\/blgnoticiassantodomingo.net\/","logo":{"@type":"ImageObject","inLanguage":"es","@id":"https:\/\/blgnoticiassantodomingo.net\/#\/schema\/logo\/image\/","url":"https:\/\/blgnoticiassantodomingo.net\/wp-content\/uploads\/2023\/12\/Diseno-sin-titulo-3.jpg","contentUrl":"https:\/\/blgnoticiassantodomingo.net\/wp-content\/uploads\/2023\/12\/Diseno-sin-titulo-3.jpg","width":500,"height":500,"caption":"BLG Noticias"},"image":{"@id":"https:\/\/blgnoticiassantodomingo.net\/#\/schema\/logo\/image\/"},"sameAs":["https:\/\/web.facebook.com\/BlgNoticias\/?locale=es_LA&_rdc=1&_rdr","https:\/\/x.com\/BlgNoticias","https:\/\/www.linkedin.com\/in\/brenda-l-santana-aa846279\/"]},{"@type":"Person","@id":"https:\/\/blgnoticiassantodomingo.net\/#\/schema\/person\/e2fc21cf88acc63dbd134be981bff374","name":"Brenda Guerrero","image":{"@type":"ImageObject","inLanguage":"es","@id":"https:\/\/blgnoticiassantodomingo.net\/#\/schema\/person\/image\/","url":"https:\/\/secure.gravatar.com\/avatar\/2f7fc4c3e3655be1580cb684bfd8ab19be702ae20879da1e072021daa02f9b8b?s=96&d=wp_user_avatar&r=g","contentUrl":"https:\/\/secure.gravatar.com\/avatar\/2f7fc4c3e3655be1580cb684bfd8ab19be702ae20879da1e072021daa02f9b8b?s=96&d=wp_user_avatar&r=g","caption":"Brenda Guerrero"},"description":"Periodista","url":"https:\/\/blgnoticiassantodomingo.net\/index.php\/author\/brenda-guerrero\/"}]}},"jetpack_featured_media_url":"https:\/\/blgnoticiassantodomingo.net\/wp-content\/uploads\/2020\/01\/whatsapp-image-2020-01-13-at-09-39-59_13007820_20200113094157.jpg","_links":{"self":[{"href":"https:\/\/blgnoticiassantodomingo.net\/index.php\/wp-json\/wp\/v2\/posts\/4684","targetHints":{"allow":["GET"]}}],"collection":[{"href":"https:\/\/blgnoticiassantodomingo.net\/index.php\/wp-json\/wp\/v2\/posts"}],"about":[{"href":"https:\/\/blgnoticiassantodomingo.net\/index.php\/wp-json\/wp\/v2\/types\/post"}],"author":[{"embeddable":true,"href":"https:\/\/blgnoticiassantodomingo.net\/index.php\/wp-json\/wp\/v2\/users\/2"}],"replies":[{"embeddable":true,"href":"https:\/\/blgnoticiassantodomingo.net\/index.php\/wp-json\/wp\/v2\/comments?post=4684"}],"version-history":[{"count":1,"href":"https:\/\/blgnoticiassantodomingo.net\/index.php\/wp-json\/wp\/v2\/posts\/4684\/revisions"}],"predecessor-version":[{"id":4686,"href":"https:\/\/blgnoticiassantodomingo.net\/index.php\/wp-json\/wp\/v2\/posts\/4684\/revisions\/4686"}],"wp:featuredmedia":[{"embeddable":true,"href":"https:\/\/blgnoticiassantodomingo.net\/index.php\/wp-json\/wp\/v2\/media\/4685"}],"wp:attachment":[{"href":"https:\/\/blgnoticiassantodomingo.net\/index.php\/wp-json\/wp\/v2\/media?parent=4684"}],"wp:term":[{"taxonomy":"category","embeddable":true,"href":"https:\/\/blgnoticiassantodomingo.net\/index.php\/wp-json\/wp\/v2\/categories?post=4684"},{"taxonomy":"post_tag","embeddable":true,"href":"https:\/\/blgnoticiassantodomingo.net\/index.php\/wp-json\/wp\/v2\/tags?post=4684"}],"curies":[{"name":"wp","href":"https:\/\/api.w.org\/{rel}","templated":true}]}}