{"id":46557,"date":"2025-01-22T11:15:35","date_gmt":"2025-01-22T15:15:35","guid":{"rendered":"https:\/\/blgnoticiassantodomingo.net\/?p=46557"},"modified":"2025-01-22T11:15:38","modified_gmt":"2025-01-22T15:15:38","slug":"presidente-abinader-inaugura-una-escuela-y-una-estancia-infantil-en-la-altagracia","status":"publish","type":"post","link":"https:\/\/blgnoticiassantodomingo.net\/index.php\/2025\/01\/22\/presidente-abinader-inaugura-una-escuela-y-una-estancia-infantil-en-la-altagracia\/","title":{"rendered":"Presidente Abinader inaugura una escuela y una estancia infantil en La Altagracia"},"content":{"rendered":"\n<p>La Altagracia. &#8211; El presidente Luis Abinader despu\u00e9s de asistir a la eucarist\u00eda en ocasi\u00f3n del D\u00eda de Nuestra Se\u00f1ora de la Altagracia, continu\u00f3 llevando bienestar esta provincia al inaugurar un nuevo plantel escolar que beneficiar\u00e1 a 840 estudiantes y una estancia infantil que favorecer\u00e1 a 250 infantes.<\/p>\n\n\n\n<p><strong>Liceo C\u00e9sar Nicol\u00e1s Penson<\/strong><\/p>\n\n\n\n<p>Primero, el jefe de Estado quien estuvo acompa\u00f1ado de la primera dama, Raquel Arbaje inaugur\u00f3 el Liceo C\u00e9sar Nicol\u00e1s Penson en la comunidad de La Ceiba, el cual beneficiar\u00e1 a 840 estudiantes.<\/p>\n\n\n\n<figure class=\"wp-block-image size-large\"><img decoding=\"async\" width=\"1024\" height=\"683\" src=\"https:\/\/blgnoticiassantodomingo.net\/wp-content\/uploads\/2025\/01\/WhatsApp-Image-2025-01-21-at-4.48.02-PM-1024x683.jpeg\" alt=\"\" class=\"wp-image-46560\" srcset=\"https:\/\/blgnoticiassantodomingo.net\/wp-content\/uploads\/2025\/01\/WhatsApp-Image-2025-01-21-at-4.48.02-PM-1024x683.jpeg 1024w, https:\/\/blgnoticiassantodomingo.net\/wp-content\/uploads\/2025\/01\/WhatsApp-Image-2025-01-21-at-4.48.02-PM-300x200.jpeg 300w, https:\/\/blgnoticiassantodomingo.net\/wp-content\/uploads\/2025\/01\/WhatsApp-Image-2025-01-21-at-4.48.02-PM-768x512.jpeg 768w, https:\/\/blgnoticiassantodomingo.net\/wp-content\/uploads\/2025\/01\/WhatsApp-Image-2025-01-21-at-4.48.02-PM-1536x1024.jpeg 1536w, https:\/\/blgnoticiassantodomingo.net\/wp-content\/uploads\/2025\/01\/WhatsApp-Image-2025-01-21-at-4.48.02-PM-630x420.jpeg 630w, https:\/\/blgnoticiassantodomingo.net\/wp-content\/uploads\/2025\/01\/WhatsApp-Image-2025-01-21-at-4.48.02-PM-150x100.jpeg 150w, https:\/\/blgnoticiassantodomingo.net\/wp-content\/uploads\/2025\/01\/WhatsApp-Image-2025-01-21-at-4.48.02-PM-696x464.jpeg 696w, https:\/\/blgnoticiassantodomingo.net\/wp-content\/uploads\/2025\/01\/WhatsApp-Image-2025-01-21-at-4.48.02-PM-1068x712.jpeg 1068w, https:\/\/blgnoticiassantodomingo.net\/wp-content\/uploads\/2025\/01\/WhatsApp-Image-2025-01-21-at-4.48.02-PM.jpeg 1920w\" sizes=\"(max-width: 1024px) 100vw, 1024px\" \/><\/figure>\n\n\n\n<p>En el acto, el viceministro de Acreditaci\u00f3n y Certificaci\u00f3n Docente, Francisco D&#8217; Oleo, expres\u00f3 que gracias a la dedicaci\u00f3n y esfuerzo del presidente Abinader y su equipo hoy se entrega a la comunidad el centro educativo.<\/p>\n\n\n\n<p>En representaci\u00f3n de los estudiantes, Christopher Garc\u00eda Matos, expres\u00f3 que la obra es una muestra tangible del compromiso del gobierno que encabeza el presidente Abinader con la educaci\u00f3n y el desarrollo de la juventud.<\/p>\n\n\n\n<p>El centro educativo contar\u00e1 con 24 aulas para los estudiantes y asimismo tendr\u00e1 biblioteca, enfermer\u00eda, \u00e1rea administrativa, comedor, cancha con grader\u00edas, entre otras.<\/p>\n\n\n\n<p><strong>Inaugura Caipi en Ver\u00f3n<\/strong><\/p>\n\n\n\n<p>El mandatario concluy\u00f3 su agenda con la entrega del Centro de Atenci\u00f3n a la Primera Infancia (Caipi) Los Manantiales, ubicado en la comunidad Uvero Alto, del distrito municipal Ver\u00f3n-Punta Cana, en la provincia La Altagracia.<\/p>\n\n\n\n<p>La infraestructura atender\u00e1 a 250 ni\u00f1os desde lactantes hasta los 5 a\u00f1os y cuenta con 10 aulas divididas en m\u00f3dulos de dos salones para cada grupo etario.<\/p>\n\n\n\n<figure class=\"wp-block-gallery has-nested-images columns-default is-cropped wp-block-gallery-1 is-layout-flex wp-block-gallery-is-layout-flex\">\n<figure class=\"wp-block-image size-large\"><img decoding=\"async\" width=\"1024\" height=\"628\" data-id=\"46559\" src=\"https:\/\/blgnoticiassantodomingo.net\/wp-content\/uploads\/2025\/01\/WhatsApp-Image-2025-01-21-at-4.48.08-PM-1024x628.jpeg\" alt=\"\" class=\"wp-image-46559\" srcset=\"https:\/\/blgnoticiassantodomingo.net\/wp-content\/uploads\/2025\/01\/WhatsApp-Image-2025-01-21-at-4.48.08-PM-1024x628.jpeg 1024w, https:\/\/blgnoticiassantodomingo.net\/wp-content\/uploads\/2025\/01\/WhatsApp-Image-2025-01-21-at-4.48.08-PM-300x184.jpeg 300w, https:\/\/blgnoticiassantodomingo.net\/wp-content\/uploads\/2025\/01\/WhatsApp-Image-2025-01-21-at-4.48.08-PM-768x471.jpeg 768w, https:\/\/blgnoticiassantodomingo.net\/wp-content\/uploads\/2025\/01\/WhatsApp-Image-2025-01-21-at-4.48.08-PM-1536x942.jpeg 1536w, https:\/\/blgnoticiassantodomingo.net\/wp-content\/uploads\/2025\/01\/WhatsApp-Image-2025-01-21-at-4.48.08-PM-685x420.jpeg 685w, https:\/\/blgnoticiassantodomingo.net\/wp-content\/uploads\/2025\/01\/WhatsApp-Image-2025-01-21-at-4.48.08-PM-150x92.jpeg 150w, https:\/\/blgnoticiassantodomingo.net\/wp-content\/uploads\/2025\/01\/WhatsApp-Image-2025-01-21-at-4.48.08-PM-696x427.jpeg 696w, https:\/\/blgnoticiassantodomingo.net\/wp-content\/uploads\/2025\/01\/WhatsApp-Image-2025-01-21-at-4.48.08-PM-1068x655.jpeg 1068w, https:\/\/blgnoticiassantodomingo.net\/wp-content\/uploads\/2025\/01\/WhatsApp-Image-2025-01-21-at-4.48.08-PM.jpeg 1920w\" sizes=\"(max-width: 1024px) 100vw, 1024px\" \/><\/figure>\n<\/figure>\n\n\n\n<p>Tambi\u00e9n, cuenta con \u00e1rea para la administraci\u00f3n, enfermer\u00eda, psic\u00f3logo, sal\u00f3n de reuniones, almacenes, cocina, comedor, sanitarios. En el exterior tiene un patio con \u00e1reas de juego y verdes y parqueos.<\/p>\n\n\n\n<p>Los beneficiarios del Caipi residen en las comunidades La Misericordia de Dios o Los Manantiales, La Jarda de Hoyo Claro, Villa Playwood, Residencial Lantigua, Residencial Juan Yilda, Los Guandules, Villa Cosobo, Don Agust\u00edn, Residencial Don Rogelio y el Residencial La Encantada.<\/p>\n\n\n\n<figure class=\"wp-block-image size-large\"><img decoding=\"async\" width=\"1024\" height=\"683\" src=\"https:\/\/blgnoticiassantodomingo.net\/wp-content\/uploads\/2025\/01\/WhatsApp-Image-2025-01-21-at-4.48.09-PM-1024x683.jpeg\" alt=\"\" class=\"wp-image-46561\" srcset=\"https:\/\/blgnoticiassantodomingo.net\/wp-content\/uploads\/2025\/01\/WhatsApp-Image-2025-01-21-at-4.48.09-PM-1024x683.jpeg 1024w, https:\/\/blgnoticiassantodomingo.net\/wp-content\/uploads\/2025\/01\/WhatsApp-Image-2025-01-21-at-4.48.09-PM-300x200.jpeg 300w, https:\/\/blgnoticiassantodomingo.net\/wp-content\/uploads\/2025\/01\/WhatsApp-Image-2025-01-21-at-4.48.09-PM-768x512.jpeg 768w, https:\/\/blgnoticiassantodomingo.net\/wp-content\/uploads\/2025\/01\/WhatsApp-Image-2025-01-21-at-4.48.09-PM-1536x1024.jpeg 1536w, https:\/\/blgnoticiassantodomingo.net\/wp-content\/uploads\/2025\/01\/WhatsApp-Image-2025-01-21-at-4.48.09-PM-630x420.jpeg 630w, https:\/\/blgnoticiassantodomingo.net\/wp-content\/uploads\/2025\/01\/WhatsApp-Image-2025-01-21-at-4.48.09-PM-150x100.jpeg 150w, https:\/\/blgnoticiassantodomingo.net\/wp-content\/uploads\/2025\/01\/WhatsApp-Image-2025-01-21-at-4.48.09-PM-696x464.jpeg 696w, https:\/\/blgnoticiassantodomingo.net\/wp-content\/uploads\/2025\/01\/WhatsApp-Image-2025-01-21-at-4.48.09-PM-1068x712.jpeg 1068w, https:\/\/blgnoticiassantodomingo.net\/wp-content\/uploads\/2025\/01\/WhatsApp-Image-2025-01-21-at-4.48.09-PM.jpeg 1920w\" sizes=\"(max-width: 1024px) 100vw, 1024px\" \/><\/figure>\n\n\n\n<p>Acompa\u00f1aron al presidente Abinader la gobernadora de la provincia La Altagracia , Martina Pepen Santana; la directora ejecutiva del Instituto Nacional de Atenci\u00f3n a la Primera Infancia (Inaipi), Josefa Castillo; el director de Edificaciones Escolares del Ministerio de Educaci\u00f3n, Fernando Taveras y el director del Centro Educativo C\u00e9sar Nicol\u00e1s Penson, Eusebio Trinidad.<\/p>\n","protected":false},"excerpt":{"rendered":"<p>La Altagracia. &#8211; El presidente Luis Abinader despu\u00e9s de asistir a la eucarist\u00eda en ocasi\u00f3n del D\u00eda de Nuestra Se\u00f1ora de la Altagracia, continu\u00f3 llevando bienestar esta provincia al inaugurar un nuevo plantel escolar que beneficiar\u00e1 a 840 estudiantes y una estancia infantil que favorecer\u00e1 a 250 infantes. Liceo C\u00e9sar Nicol\u00e1s Penson Primero, el jefe [&hellip;]<\/p>\n","protected":false},"author":2,"featured_media":46558,"comment_status":"open","ping_status":"open","sticky":false,"template":"","format":"standard","meta":{"footnotes":""},"categories":[220],"tags":[4736,13343,6285],"class_list":{"0":"post-46557","1":"post","2":"type-post","3":"status-publish","4":"format-standard","5":"has-post-thumbnail","7":"category-nacionales","8":"tag-la-altagracia","9":"tag-liceo-cesar-nicolas-penson","10":"tag-presidente-abinader"},"yoast_head":"<!-- This site is optimized with the Yoast SEO plugin v24.9 - https:\/\/yoast.com\/wordpress\/plugins\/seo\/ -->\n<title>Presidente Abinader inaugura una escuela y una estancia infantil en La Altagracia - BLG Noticias<\/title>\n<meta name=\"robots\" content=\"index, follow, max-snippet:-1, max-image-preview:large, max-video-preview:-1\" \/>\n<link rel=\"canonical\" href=\"https:\/\/blgnoticiassantodomingo.net\/index.php\/2025\/01\/22\/presidente-abinader-inaugura-una-escuela-y-una-estancia-infantil-en-la-altagracia\/\" \/>\n<meta property=\"og:locale\" content=\"es_ES\" \/>\n<meta property=\"og:type\" content=\"article\" \/>\n<meta property=\"og:title\" content=\"Presidente Abinader inaugura una escuela y una estancia infantil en La Altagracia - BLG Noticias\" \/>\n<meta property=\"og:description\" content=\"La Altagracia. &#8211; El presidente Luis Abinader despu\u00e9s de asistir a la eucarist\u00eda en ocasi\u00f3n del D\u00eda de Nuestra Se\u00f1ora de la Altagracia, continu\u00f3 llevando bienestar esta provincia al inaugurar un nuevo plantel escolar que beneficiar\u00e1 a 840 estudiantes y una estancia infantil que favorecer\u00e1 a 250 infantes. Liceo C\u00e9sar Nicol\u00e1s Penson Primero, el jefe [&hellip;]\" \/>\n<meta property=\"og:url\" content=\"https:\/\/blgnoticiassantodomingo.net\/index.php\/2025\/01\/22\/presidente-abinader-inaugura-una-escuela-y-una-estancia-infantil-en-la-altagracia\/\" \/>\n<meta property=\"og:site_name\" content=\"BLG Noticias\" \/>\n<meta property=\"article:publisher\" content=\"https:\/\/web.facebook.com\/BlgNoticias\/?locale=es_LA&amp;_rdc=1&amp;_rdr\" \/>\n<meta property=\"article:published_time\" content=\"2025-01-22T15:15:35+00:00\" \/>\n<meta property=\"article:modified_time\" content=\"2025-01-22T15:15:38+00:00\" \/>\n<meta property=\"og:image\" content=\"http:\/\/blgnoticiassantodomingo.net\/wp-content\/uploads\/2025\/01\/WhatsApp-Image-2025-01-21-at-4.48.06-PM.jpeg\" \/>\n\t<meta property=\"og:image:width\" content=\"1920\" \/>\n\t<meta property=\"og:image:height\" content=\"1280\" \/>\n\t<meta property=\"og:image:type\" content=\"image\/jpeg\" \/>\n<meta name=\"author\" content=\"Brenda Guerrero\" \/>\n<meta name=\"twitter:card\" content=\"summary_large_image\" \/>\n<meta name=\"twitter:creator\" content=\"@BlgNoticias\" \/>\n<meta name=\"twitter:site\" content=\"@BlgNoticias\" \/>\n<meta name=\"twitter:label1\" content=\"Escrito por\" \/>\n\t<meta name=\"twitter:data1\" content=\"Brenda Guerrero\" \/>\n\t<meta name=\"twitter:label2\" content=\"Tiempo de lectura\" \/>\n\t<meta name=\"twitter:data2\" content=\"3 minutos\" \/>\n<script type=\"application\/ld+json\" class=\"yoast-schema-graph\">{\"@context\":\"https:\/\/schema.org\",\"@graph\":[{\"@type\":\"Article\",\"@id\":\"https:\/\/blgnoticiassantodomingo.net\/index.php\/2025\/01\/22\/presidente-abinader-inaugura-una-escuela-y-una-estancia-infantil-en-la-altagracia\/#article\",\"isPartOf\":{\"@id\":\"https:\/\/blgnoticiassantodomingo.net\/index.php\/2025\/01\/22\/presidente-abinader-inaugura-una-escuela-y-una-estancia-infantil-en-la-altagracia\/\"},\"author\":{\"name\":\"Brenda Guerrero\",\"@id\":\"https:\/\/blgnoticiassantodomingo.net\/#\/schema\/person\/e2fc21cf88acc63dbd134be981bff374\"},\"headline\":\"Presidente Abinader inaugura una escuela y una estancia infantil en La Altagracia\",\"datePublished\":\"2025-01-22T15:15:35+00:00\",\"dateModified\":\"2025-01-22T15:15:38+00:00\",\"mainEntityOfPage\":{\"@id\":\"https:\/\/blgnoticiassantodomingo.net\/index.php\/2025\/01\/22\/presidente-abinader-inaugura-una-escuela-y-una-estancia-infantil-en-la-altagracia\/\"},\"wordCount\":405,\"commentCount\":0,\"publisher\":{\"@id\":\"https:\/\/blgnoticiassantodomingo.net\/#organization\"},\"image\":{\"@id\":\"https:\/\/blgnoticiassantodomingo.net\/index.php\/2025\/01\/22\/presidente-abinader-inaugura-una-escuela-y-una-estancia-infantil-en-la-altagracia\/#primaryimage\"},\"thumbnailUrl\":\"https:\/\/blgnoticiassantodomingo.net\/wp-content\/uploads\/2025\/01\/WhatsApp-Image-2025-01-21-at-4.48.06-PM.jpeg\",\"keywords\":[\"la altagracia\",\"Liceo C\u00e9sar Nicol\u00e1s Penson\",\"Presidente Abinader\"],\"articleSection\":[\"Nacionales\"],\"inLanguage\":\"es\",\"potentialAction\":[{\"@type\":\"CommentAction\",\"name\":\"Comment\",\"target\":[\"https:\/\/blgnoticiassantodomingo.net\/index.php\/2025\/01\/22\/presidente-abinader-inaugura-una-escuela-y-una-estancia-infantil-en-la-altagracia\/#respond\"]}]},{\"@type\":\"WebPage\",\"@id\":\"https:\/\/blgnoticiassantodomingo.net\/index.php\/2025\/01\/22\/presidente-abinader-inaugura-una-escuela-y-una-estancia-infantil-en-la-altagracia\/\",\"url\":\"https:\/\/blgnoticiassantodomingo.net\/index.php\/2025\/01\/22\/presidente-abinader-inaugura-una-escuela-y-una-estancia-infantil-en-la-altagracia\/\",\"name\":\"Presidente Abinader inaugura una escuela y una estancia infantil en La Altagracia - BLG Noticias\",\"isPartOf\":{\"@id\":\"https:\/\/blgnoticiassantodomingo.net\/#website\"},\"primaryImageOfPage\":{\"@id\":\"https:\/\/blgnoticiassantodomingo.net\/index.php\/2025\/01\/22\/presidente-abinader-inaugura-una-escuela-y-una-estancia-infantil-en-la-altagracia\/#primaryimage\"},\"image\":{\"@id\":\"https:\/\/blgnoticiassantodomingo.net\/index.php\/2025\/01\/22\/presidente-abinader-inaugura-una-escuela-y-una-estancia-infantil-en-la-altagracia\/#primaryimage\"},\"thumbnailUrl\":\"https:\/\/blgnoticiassantodomingo.net\/wp-content\/uploads\/2025\/01\/WhatsApp-Image-2025-01-21-at-4.48.06-PM.jpeg\",\"datePublished\":\"2025-01-22T15:15:35+00:00\",\"dateModified\":\"2025-01-22T15:15:38+00:00\",\"breadcrumb\":{\"@id\":\"https:\/\/blgnoticiassantodomingo.net\/index.php\/2025\/01\/22\/presidente-abinader-inaugura-una-escuela-y-una-estancia-infantil-en-la-altagracia\/#breadcrumb\"},\"inLanguage\":\"es\",\"potentialAction\":[{\"@type\":\"ReadAction\",\"target\":[\"https:\/\/blgnoticiassantodomingo.net\/index.php\/2025\/01\/22\/presidente-abinader-inaugura-una-escuela-y-una-estancia-infantil-en-la-altagracia\/\"]}]},{\"@type\":\"ImageObject\",\"inLanguage\":\"es\",\"@id\":\"https:\/\/blgnoticiassantodomingo.net\/index.php\/2025\/01\/22\/presidente-abinader-inaugura-una-escuela-y-una-estancia-infantil-en-la-altagracia\/#primaryimage\",\"url\":\"https:\/\/blgnoticiassantodomingo.net\/wp-content\/uploads\/2025\/01\/WhatsApp-Image-2025-01-21-at-4.48.06-PM.jpeg\",\"contentUrl\":\"https:\/\/blgnoticiassantodomingo.net\/wp-content\/uploads\/2025\/01\/WhatsApp-Image-2025-01-21-at-4.48.06-PM.jpeg\",\"width\":1920,\"height\":1280},{\"@type\":\"BreadcrumbList\",\"@id\":\"https:\/\/blgnoticiassantodomingo.net\/index.php\/2025\/01\/22\/presidente-abinader-inaugura-una-escuela-y-una-estancia-infantil-en-la-altagracia\/#breadcrumb\",\"itemListElement\":[{\"@type\":\"ListItem\",\"position\":1,\"name\":\"Portada\",\"item\":\"https:\/\/blgnoticiassantodomingo.net\/\"},{\"@type\":\"ListItem\",\"position\":2,\"name\":\"Presidente Abinader inaugura una escuela y una estancia infantil en La Altagracia\"}]},{\"@type\":\"WebSite\",\"@id\":\"https:\/\/blgnoticiassantodomingo.net\/#website\",\"url\":\"https:\/\/blgnoticiassantodomingo.net\/\",\"name\":\"BLG Noticias\",\"description\":\"Esto es Noticias\",\"publisher\":{\"@id\":\"https:\/\/blgnoticiassantodomingo.net\/#organization\"},\"potentialAction\":[{\"@type\":\"SearchAction\",\"target\":{\"@type\":\"EntryPoint\",\"urlTemplate\":\"https:\/\/blgnoticiassantodomingo.net\/?s={search_term_string}\"},\"query-input\":{\"@type\":\"PropertyValueSpecification\",\"valueRequired\":true,\"valueName\":\"search_term_string\"}}],\"inLanguage\":\"es\"},{\"@type\":\"Organization\",\"@id\":\"https:\/\/blgnoticiassantodomingo.net\/#organization\",\"name\":\"BLG Noticias\",\"url\":\"https:\/\/blgnoticiassantodomingo.net\/\",\"logo\":{\"@type\":\"ImageObject\",\"inLanguage\":\"es\",\"@id\":\"https:\/\/blgnoticiassantodomingo.net\/#\/schema\/logo\/image\/\",\"url\":\"https:\/\/blgnoticiassantodomingo.net\/wp-content\/uploads\/2023\/12\/Diseno-sin-titulo-3.jpg\",\"contentUrl\":\"https:\/\/blgnoticiassantodomingo.net\/wp-content\/uploads\/2023\/12\/Diseno-sin-titulo-3.jpg\",\"width\":500,\"height\":500,\"caption\":\"BLG Noticias\"},\"image\":{\"@id\":\"https:\/\/blgnoticiassantodomingo.net\/#\/schema\/logo\/image\/\"},\"sameAs\":[\"https:\/\/web.facebook.com\/BlgNoticias\/?locale=es_LA&_rdc=1&_rdr\",\"https:\/\/x.com\/BlgNoticias\",\"https:\/\/www.linkedin.com\/in\/brenda-l-santana-aa846279\/\"]},{\"@type\":\"Person\",\"@id\":\"https:\/\/blgnoticiassantodomingo.net\/#\/schema\/person\/e2fc21cf88acc63dbd134be981bff374\",\"name\":\"Brenda Guerrero\",\"image\":{\"@type\":\"ImageObject\",\"inLanguage\":\"es\",\"@id\":\"https:\/\/blgnoticiassantodomingo.net\/#\/schema\/person\/image\/\",\"url\":\"https:\/\/secure.gravatar.com\/avatar\/2f7fc4c3e3655be1580cb684bfd8ab19be702ae20879da1e072021daa02f9b8b?s=96&d=wp_user_avatar&r=g\",\"contentUrl\":\"https:\/\/secure.gravatar.com\/avatar\/2f7fc4c3e3655be1580cb684bfd8ab19be702ae20879da1e072021daa02f9b8b?s=96&d=wp_user_avatar&r=g\",\"caption\":\"Brenda Guerrero\"},\"description\":\"Periodista\",\"url\":\"https:\/\/blgnoticiassantodomingo.net\/index.php\/author\/brenda-guerrero\/\"}]}<\/script>\n<!-- \/ Yoast SEO plugin. -->","yoast_head_json":{"title":"Presidente Abinader inaugura una escuela y una estancia infantil en La Altagracia - BLG Noticias","robots":{"index":"index","follow":"follow","max-snippet":"max-snippet:-1","max-image-preview":"max-image-preview:large","max-video-preview":"max-video-preview:-1"},"canonical":"https:\/\/blgnoticiassantodomingo.net\/index.php\/2025\/01\/22\/presidente-abinader-inaugura-una-escuela-y-una-estancia-infantil-en-la-altagracia\/","og_locale":"es_ES","og_type":"article","og_title":"Presidente Abinader inaugura una escuela y una estancia infantil en La Altagracia - BLG Noticias","og_description":"La Altagracia. &#8211; El presidente Luis Abinader despu\u00e9s de asistir a la eucarist\u00eda en ocasi\u00f3n del D\u00eda de Nuestra Se\u00f1ora de la Altagracia, continu\u00f3 llevando bienestar esta provincia al inaugurar un nuevo plantel escolar que beneficiar\u00e1 a 840 estudiantes y una estancia infantil que favorecer\u00e1 a 250 infantes. Liceo C\u00e9sar Nicol\u00e1s Penson Primero, el jefe [&hellip;]","og_url":"https:\/\/blgnoticiassantodomingo.net\/index.php\/2025\/01\/22\/presidente-abinader-inaugura-una-escuela-y-una-estancia-infantil-en-la-altagracia\/","og_site_name":"BLG Noticias","article_publisher":"https:\/\/web.facebook.com\/BlgNoticias\/?locale=es_LA&_rdc=1&_rdr","article_published_time":"2025-01-22T15:15:35+00:00","article_modified_time":"2025-01-22T15:15:38+00:00","og_image":[{"width":1920,"height":1280,"url":"http:\/\/blgnoticiassantodomingo.net\/wp-content\/uploads\/2025\/01\/WhatsApp-Image-2025-01-21-at-4.48.06-PM.jpeg","type":"image\/jpeg"}],"author":"Brenda Guerrero","twitter_card":"summary_large_image","twitter_creator":"@BlgNoticias","twitter_site":"@BlgNoticias","twitter_misc":{"Escrito por":"Brenda Guerrero","Tiempo de lectura":"3 minutos"},"schema":{"@context":"https:\/\/schema.org","@graph":[{"@type":"Article","@id":"https:\/\/blgnoticiassantodomingo.net\/index.php\/2025\/01\/22\/presidente-abinader-inaugura-una-escuela-y-una-estancia-infantil-en-la-altagracia\/#article","isPartOf":{"@id":"https:\/\/blgnoticiassantodomingo.net\/index.php\/2025\/01\/22\/presidente-abinader-inaugura-una-escuela-y-una-estancia-infantil-en-la-altagracia\/"},"author":{"name":"Brenda Guerrero","@id":"https:\/\/blgnoticiassantodomingo.net\/#\/schema\/person\/e2fc21cf88acc63dbd134be981bff374"},"headline":"Presidente Abinader inaugura una escuela y una estancia infantil en La Altagracia","datePublished":"2025-01-22T15:15:35+00:00","dateModified":"2025-01-22T15:15:38+00:00","mainEntityOfPage":{"@id":"https:\/\/blgnoticiassantodomingo.net\/index.php\/2025\/01\/22\/presidente-abinader-inaugura-una-escuela-y-una-estancia-infantil-en-la-altagracia\/"},"wordCount":405,"commentCount":0,"publisher":{"@id":"https:\/\/blgnoticiassantodomingo.net\/#organization"},"image":{"@id":"https:\/\/blgnoticiassantodomingo.net\/index.php\/2025\/01\/22\/presidente-abinader-inaugura-una-escuela-y-una-estancia-infantil-en-la-altagracia\/#primaryimage"},"thumbnailUrl":"https:\/\/blgnoticiassantodomingo.net\/wp-content\/uploads\/2025\/01\/WhatsApp-Image-2025-01-21-at-4.48.06-PM.jpeg","keywords":["la altagracia","Liceo C\u00e9sar Nicol\u00e1s Penson","Presidente Abinader"],"articleSection":["Nacionales"],"inLanguage":"es","potentialAction":[{"@type":"CommentAction","name":"Comment","target":["https:\/\/blgnoticiassantodomingo.net\/index.php\/2025\/01\/22\/presidente-abinader-inaugura-una-escuela-y-una-estancia-infantil-en-la-altagracia\/#respond"]}]},{"@type":"WebPage","@id":"https:\/\/blgnoticiassantodomingo.net\/index.php\/2025\/01\/22\/presidente-abinader-inaugura-una-escuela-y-una-estancia-infantil-en-la-altagracia\/","url":"https:\/\/blgnoticiassantodomingo.net\/index.php\/2025\/01\/22\/presidente-abinader-inaugura-una-escuela-y-una-estancia-infantil-en-la-altagracia\/","name":"Presidente Abinader inaugura una escuela y una estancia infantil en La Altagracia - BLG Noticias","isPartOf":{"@id":"https:\/\/blgnoticiassantodomingo.net\/#website"},"primaryImageOfPage":{"@id":"https:\/\/blgnoticiassantodomingo.net\/index.php\/2025\/01\/22\/presidente-abinader-inaugura-una-escuela-y-una-estancia-infantil-en-la-altagracia\/#primaryimage"},"image":{"@id":"https:\/\/blgnoticiassantodomingo.net\/index.php\/2025\/01\/22\/presidente-abinader-inaugura-una-escuela-y-una-estancia-infantil-en-la-altagracia\/#primaryimage"},"thumbnailUrl":"https:\/\/blgnoticiassantodomingo.net\/wp-content\/uploads\/2025\/01\/WhatsApp-Image-2025-01-21-at-4.48.06-PM.jpeg","datePublished":"2025-01-22T15:15:35+00:00","dateModified":"2025-01-22T15:15:38+00:00","breadcrumb":{"@id":"https:\/\/blgnoticiassantodomingo.net\/index.php\/2025\/01\/22\/presidente-abinader-inaugura-una-escuela-y-una-estancia-infantil-en-la-altagracia\/#breadcrumb"},"inLanguage":"es","potentialAction":[{"@type":"ReadAction","target":["https:\/\/blgnoticiassantodomingo.net\/index.php\/2025\/01\/22\/presidente-abinader-inaugura-una-escuela-y-una-estancia-infantil-en-la-altagracia\/"]}]},{"@type":"ImageObject","inLanguage":"es","@id":"https:\/\/blgnoticiassantodomingo.net\/index.php\/2025\/01\/22\/presidente-abinader-inaugura-una-escuela-y-una-estancia-infantil-en-la-altagracia\/#primaryimage","url":"https:\/\/blgnoticiassantodomingo.net\/wp-content\/uploads\/2025\/01\/WhatsApp-Image-2025-01-21-at-4.48.06-PM.jpeg","contentUrl":"https:\/\/blgnoticiassantodomingo.net\/wp-content\/uploads\/2025\/01\/WhatsApp-Image-2025-01-21-at-4.48.06-PM.jpeg","width":1920,"height":1280},{"@type":"BreadcrumbList","@id":"https:\/\/blgnoticiassantodomingo.net\/index.php\/2025\/01\/22\/presidente-abinader-inaugura-una-escuela-y-una-estancia-infantil-en-la-altagracia\/#breadcrumb","itemListElement":[{"@type":"ListItem","position":1,"name":"Portada","item":"https:\/\/blgnoticiassantodomingo.net\/"},{"@type":"ListItem","position":2,"name":"Presidente Abinader inaugura una escuela y una estancia infantil en La Altagracia"}]},{"@type":"WebSite","@id":"https:\/\/blgnoticiassantodomingo.net\/#website","url":"https:\/\/blgnoticiassantodomingo.net\/","name":"BLG Noticias","description":"Esto es Noticias","publisher":{"@id":"https:\/\/blgnoticiassantodomingo.net\/#organization"},"potentialAction":[{"@type":"SearchAction","target":{"@type":"EntryPoint","urlTemplate":"https:\/\/blgnoticiassantodomingo.net\/?s={search_term_string}"},"query-input":{"@type":"PropertyValueSpecification","valueRequired":true,"valueName":"search_term_string"}}],"inLanguage":"es"},{"@type":"Organization","@id":"https:\/\/blgnoticiassantodomingo.net\/#organization","name":"BLG Noticias","url":"https:\/\/blgnoticiassantodomingo.net\/","logo":{"@type":"ImageObject","inLanguage":"es","@id":"https:\/\/blgnoticiassantodomingo.net\/#\/schema\/logo\/image\/","url":"https:\/\/blgnoticiassantodomingo.net\/wp-content\/uploads\/2023\/12\/Diseno-sin-titulo-3.jpg","contentUrl":"https:\/\/blgnoticiassantodomingo.net\/wp-content\/uploads\/2023\/12\/Diseno-sin-titulo-3.jpg","width":500,"height":500,"caption":"BLG Noticias"},"image":{"@id":"https:\/\/blgnoticiassantodomingo.net\/#\/schema\/logo\/image\/"},"sameAs":["https:\/\/web.facebook.com\/BlgNoticias\/?locale=es_LA&_rdc=1&_rdr","https:\/\/x.com\/BlgNoticias","https:\/\/www.linkedin.com\/in\/brenda-l-santana-aa846279\/"]},{"@type":"Person","@id":"https:\/\/blgnoticiassantodomingo.net\/#\/schema\/person\/e2fc21cf88acc63dbd134be981bff374","name":"Brenda Guerrero","image":{"@type":"ImageObject","inLanguage":"es","@id":"https:\/\/blgnoticiassantodomingo.net\/#\/schema\/person\/image\/","url":"https:\/\/secure.gravatar.com\/avatar\/2f7fc4c3e3655be1580cb684bfd8ab19be702ae20879da1e072021daa02f9b8b?s=96&d=wp_user_avatar&r=g","contentUrl":"https:\/\/secure.gravatar.com\/avatar\/2f7fc4c3e3655be1580cb684bfd8ab19be702ae20879da1e072021daa02f9b8b?s=96&d=wp_user_avatar&r=g","caption":"Brenda Guerrero"},"description":"Periodista","url":"https:\/\/blgnoticiassantodomingo.net\/index.php\/author\/brenda-guerrero\/"}]}},"jetpack_featured_media_url":"https:\/\/blgnoticiassantodomingo.net\/wp-content\/uploads\/2025\/01\/WhatsApp-Image-2025-01-21-at-4.48.06-PM.jpeg","_links":{"self":[{"href":"https:\/\/blgnoticiassantodomingo.net\/index.php\/wp-json\/wp\/v2\/posts\/46557","targetHints":{"allow":["GET"]}}],"collection":[{"href":"https:\/\/blgnoticiassantodomingo.net\/index.php\/wp-json\/wp\/v2\/posts"}],"about":[{"href":"https:\/\/blgnoticiassantodomingo.net\/index.php\/wp-json\/wp\/v2\/types\/post"}],"author":[{"embeddable":true,"href":"https:\/\/blgnoticiassantodomingo.net\/index.php\/wp-json\/wp\/v2\/users\/2"}],"replies":[{"embeddable":true,"href":"https:\/\/blgnoticiassantodomingo.net\/index.php\/wp-json\/wp\/v2\/comments?post=46557"}],"version-history":[{"count":1,"href":"https:\/\/blgnoticiassantodomingo.net\/index.php\/wp-json\/wp\/v2\/posts\/46557\/revisions"}],"predecessor-version":[{"id":46562,"href":"https:\/\/blgnoticiassantodomingo.net\/index.php\/wp-json\/wp\/v2\/posts\/46557\/revisions\/46562"}],"wp:featuredmedia":[{"embeddable":true,"href":"https:\/\/blgnoticiassantodomingo.net\/index.php\/wp-json\/wp\/v2\/media\/46558"}],"wp:attachment":[{"href":"https:\/\/blgnoticiassantodomingo.net\/index.php\/wp-json\/wp\/v2\/media?parent=46557"}],"wp:term":[{"taxonomy":"category","embeddable":true,"href":"https:\/\/blgnoticiassantodomingo.net\/index.php\/wp-json\/wp\/v2\/categories?post=46557"},{"taxonomy":"post_tag","embeddable":true,"href":"https:\/\/blgnoticiassantodomingo.net\/index.php\/wp-json\/wp\/v2\/tags?post=46557"}],"curies":[{"name":"wp","href":"https:\/\/api.w.org\/{rel}","templated":true}]}}