{"id":45375,"date":"2024-10-17T20:19:49","date_gmt":"2024-10-18T00:19:49","guid":{"rendered":"https:\/\/blgnoticiassantodomingo.net\/?p=45375"},"modified":"2024-10-17T20:19:52","modified_gmt":"2024-10-18T00:19:52","slug":"fundacion-primero-justicia-rechaza-reforma-fiscal-por-considerar-atenta-con-la-estabilidad-economica-y-social-del-pais-al-gravar-alimentos-y-medicinas","status":"publish","type":"post","link":"https:\/\/blgnoticiassantodomingo.net\/index.php\/2024\/10\/17\/fundacion-primero-justicia-rechaza-reforma-fiscal-por-considerar-atenta-con-la-estabilidad-economica-y-social-del-pais-al-gravar-alimentos-y-medicinas\/","title":{"rendered":"Fundaci\u00f3n Primero Justicia rechaza reforma fiscal por considerar atenta con la estabilidad econ\u00f3mica y social del Pa\u00eds al gravar alimentos y medicinas"},"content":{"rendered":"\n<p><strong><em>Considera un suicidio economico eliminar exenciones a Turismo, Viviendas, Industria, Cine y Salud.<\/em><\/strong><\/p>\n\n\n\n<p>Santo Domingo.- La Fundaci\u00f3n Primero Justicia deposit\u00f3 el Congreso Nacional, su oposici\u00f3n al Proyecto de Ley de \u201c<strong>Modernizaci\u00f3n Fiscal<\/strong>\u201d, mediante el cual se pretenden aumentar los impuestos a los pobres y a la clase media, para cubrir d\u00e9ficit fiscal generado por el descontrol y despilfarro en el gasto p\u00fablico, al considerar que mientras no se aprueben leyes que garanticen la eficiencia y disciplina en la inversi\u00f3n p\u00fablica, no se puede aprobar ning\u00fan tipo de aumento de impuestos, pues estar\u00edamos exactamente en la misma situaci\u00f3n de d\u00e9ficit.<\/p>\n\n\n\n<p>Consideramos que lo conveniente es: a) Consagrar por Ley un tope m\u00ednimo de un 30% de gastos de Capital, y un m\u00e1ximo de un 60% en gastos corriente, con pena de 5 a\u00f1os a quien incumplan con dichos topes; b) Consagrar por Ley la austeridad en gasto Publico, prohibiendo viajes, arrendamientos, publicidad, memorias, impresos, veh\u00edculos, fiestas, bebidas y reducci\u00f3n de nomina a los niveles del 2019; c) Disolviendo las sucursales que \u00f3rganos estatales han establecidos en el Exterior, y dedicar esos recursos en programas de financiamientos en favor de los Dominicanos en el Exterior, para la adquisici\u00f3n de su primera vivienda en nuestro Pa\u00eds; d) Disolver todos los \u00f3rganos Estatales creados por decreto, dedicando esos recursos a construcci\u00f3n de hospitales; e) Prohibir por Ley, la entrega de ayudas sociales al portador, garantizando bajo penas de c\u00e1rcel, que los programas sociales solo beneficien a personas cuyo nivel socioecon\u00f3mico justifique su ayuda, prohibiendo la asignaci\u00f3n de ayudas a trav\u00e9s de pol\u00edticos, diputado, senadores y funcionarios p\u00fablicos; y e) Revisar los 300 mil pensiones otorgadas por razones pol\u00edticas, que rondan los RD$5,000 millones de pesos, algunas de las cuales asciende a RD$200,000.00 en favor de relacionados a funcionarios de turno.<\/p>\n\n\n\n<p>Con dichas medidas el Estado Dominicano se ahorrar\u00eda RD$200,000 millones de pesos Dominicanos, con lo cual no seria necesaria la eliminaci\u00f3n de las exenciones a sectores claves de nuestra econom\u00eda como lo son, la industria, el turismo, el cine, la salud y la propiedad inmobiliaria de peque\u00f1a, pues dependemos fundamental de la posibilidad de atraer inversi\u00f3n extranjera, que de aprobarse dichos impuestos, se ir\u00edan a otros destinos, con la subsecuente perdida de miles de empleos, dijo Surun Hern\u00e1ndez<\/p>\n","protected":false},"excerpt":{"rendered":"<p>Considera un suicidio economico eliminar exenciones a Turismo, Viviendas, Industria, Cine y Salud. Santo Domingo.- La Fundaci\u00f3n Primero Justicia deposit\u00f3 el Congreso Nacional, su oposici\u00f3n al Proyecto de Ley de \u201cModernizaci\u00f3n Fiscal\u201d, mediante el cual se pretenden aumentar los impuestos a los pobres y a la clase media, para cubrir d\u00e9ficit fiscal generado por el [&hellip;]<\/p>\n","protected":false},"author":2,"featured_media":45376,"comment_status":"open","ping_status":"open","sticky":false,"template":"","format":"standard","meta":{"footnotes":""},"categories":[9572,220],"tags":[1373,12767,12738,6286,12768],"class_list":{"0":"post-45375","1":"post","2":"type-post","3":"status-publish","4":"format-standard","5":"has-post-thumbnail","7":"category-featured","8":"category-nacionales","9":"tag-congreso-nacional","10":"tag-la-fundacion-primero-justicia","11":"tag-modernizacion-fiscal","12":"tag-reforma-fiscal","13":"tag-surun-hernandez"},"yoast_head":"<!-- This site is optimized with the Yoast SEO plugin v24.9 - https:\/\/yoast.com\/wordpress\/plugins\/seo\/ -->\n<title>Fundaci\u00f3n Primero Justicia rechaza reforma fiscal por considerar atenta con la estabilidad econ\u00f3mica y social del Pa\u00eds al gravar alimentos y medicinas - BLG Noticias<\/title>\n<meta name=\"robots\" content=\"index, follow, max-snippet:-1, max-image-preview:large, max-video-preview:-1\" \/>\n<link rel=\"canonical\" href=\"https:\/\/blgnoticiassantodomingo.net\/index.php\/2024\/10\/17\/fundacion-primero-justicia-rechaza-reforma-fiscal-por-considerar-atenta-con-la-estabilidad-economica-y-social-del-pais-al-gravar-alimentos-y-medicinas\/\" \/>\n<meta property=\"og:locale\" content=\"es_ES\" \/>\n<meta property=\"og:type\" content=\"article\" \/>\n<meta property=\"og:title\" content=\"Fundaci\u00f3n Primero Justicia rechaza reforma fiscal por considerar atenta con la estabilidad econ\u00f3mica y social del Pa\u00eds al gravar alimentos y medicinas - BLG Noticias\" \/>\n<meta property=\"og:description\" content=\"Considera un suicidio economico eliminar exenciones a Turismo, Viviendas, Industria, Cine y Salud. Santo Domingo.- La Fundaci\u00f3n Primero Justicia deposit\u00f3 el Congreso Nacional, su oposici\u00f3n al Proyecto de Ley de \u201cModernizaci\u00f3n Fiscal\u201d, mediante el cual se pretenden aumentar los impuestos a los pobres y a la clase media, para cubrir d\u00e9ficit fiscal generado por el [&hellip;]\" \/>\n<meta property=\"og:url\" content=\"https:\/\/blgnoticiassantodomingo.net\/index.php\/2024\/10\/17\/fundacion-primero-justicia-rechaza-reforma-fiscal-por-considerar-atenta-con-la-estabilidad-economica-y-social-del-pais-al-gravar-alimentos-y-medicinas\/\" \/>\n<meta property=\"og:site_name\" content=\"BLG Noticias\" \/>\n<meta property=\"article:publisher\" content=\"https:\/\/web.facebook.com\/BlgNoticias\/?locale=es_LA&amp;_rdc=1&amp;_rdr\" \/>\n<meta property=\"article:published_time\" content=\"2024-10-18T00:19:49+00:00\" \/>\n<meta property=\"article:modified_time\" content=\"2024-10-18T00:19:52+00:00\" \/>\n<meta property=\"og:image\" content=\"http:\/\/blgnoticiassantodomingo.net\/wp-content\/uploads\/2024\/10\/Screenshot_1-5.jpg\" \/>\n\t<meta property=\"og:image:width\" content=\"1278\" \/>\n\t<meta property=\"og:image:height\" content=\"708\" \/>\n\t<meta property=\"og:image:type\" content=\"image\/jpeg\" \/>\n<meta name=\"author\" content=\"Brenda Guerrero\" \/>\n<meta name=\"twitter:card\" content=\"summary_large_image\" \/>\n<meta name=\"twitter:creator\" content=\"@BlgNoticias\" \/>\n<meta name=\"twitter:site\" content=\"@BlgNoticias\" \/>\n<meta name=\"twitter:label1\" content=\"Escrito por\" \/>\n\t<meta name=\"twitter:data1\" content=\"Brenda Guerrero\" \/>\n\t<meta name=\"twitter:label2\" content=\"Tiempo de lectura\" \/>\n\t<meta name=\"twitter:data2\" content=\"2 minutos\" \/>\n<script type=\"application\/ld+json\" class=\"yoast-schema-graph\">{\"@context\":\"https:\/\/schema.org\",\"@graph\":[{\"@type\":\"Article\",\"@id\":\"https:\/\/blgnoticiassantodomingo.net\/index.php\/2024\/10\/17\/fundacion-primero-justicia-rechaza-reforma-fiscal-por-considerar-atenta-con-la-estabilidad-economica-y-social-del-pais-al-gravar-alimentos-y-medicinas\/#article\",\"isPartOf\":{\"@id\":\"https:\/\/blgnoticiassantodomingo.net\/index.php\/2024\/10\/17\/fundacion-primero-justicia-rechaza-reforma-fiscal-por-considerar-atenta-con-la-estabilidad-economica-y-social-del-pais-al-gravar-alimentos-y-medicinas\/\"},\"author\":{\"name\":\"Brenda Guerrero\",\"@id\":\"https:\/\/blgnoticiassantodomingo.net\/#\/schema\/person\/e2fc21cf88acc63dbd134be981bff374\"},\"headline\":\"Fundaci\u00f3n Primero Justicia rechaza reforma fiscal por considerar atenta con la estabilidad econ\u00f3mica y social del Pa\u00eds al gravar alimentos y medicinas\",\"datePublished\":\"2024-10-18T00:19:49+00:00\",\"dateModified\":\"2024-10-18T00:19:52+00:00\",\"mainEntityOfPage\":{\"@id\":\"https:\/\/blgnoticiassantodomingo.net\/index.php\/2024\/10\/17\/fundacion-primero-justicia-rechaza-reforma-fiscal-por-considerar-atenta-con-la-estabilidad-economica-y-social-del-pais-al-gravar-alimentos-y-medicinas\/\"},\"wordCount\":428,\"commentCount\":0,\"publisher\":{\"@id\":\"https:\/\/blgnoticiassantodomingo.net\/#organization\"},\"image\":{\"@id\":\"https:\/\/blgnoticiassantodomingo.net\/index.php\/2024\/10\/17\/fundacion-primero-justicia-rechaza-reforma-fiscal-por-considerar-atenta-con-la-estabilidad-economica-y-social-del-pais-al-gravar-alimentos-y-medicinas\/#primaryimage\"},\"thumbnailUrl\":\"https:\/\/blgnoticiassantodomingo.net\/wp-content\/uploads\/2024\/10\/Screenshot_1-5.jpg\",\"keywords\":[\"Congreso Nacional\",\"La Fundaci\u00f3n Primero Justicia\",\"Modernizaci\u00f3n Fiscal\",\"Reforma Fiscal\",\"Surun Hern\u00e1ndez\"],\"articleSection\":[\"Featured\",\"Nacionales\"],\"inLanguage\":\"es\",\"potentialAction\":[{\"@type\":\"CommentAction\",\"name\":\"Comment\",\"target\":[\"https:\/\/blgnoticiassantodomingo.net\/index.php\/2024\/10\/17\/fundacion-primero-justicia-rechaza-reforma-fiscal-por-considerar-atenta-con-la-estabilidad-economica-y-social-del-pais-al-gravar-alimentos-y-medicinas\/#respond\"]}]},{\"@type\":\"WebPage\",\"@id\":\"https:\/\/blgnoticiassantodomingo.net\/index.php\/2024\/10\/17\/fundacion-primero-justicia-rechaza-reforma-fiscal-por-considerar-atenta-con-la-estabilidad-economica-y-social-del-pais-al-gravar-alimentos-y-medicinas\/\",\"url\":\"https:\/\/blgnoticiassantodomingo.net\/index.php\/2024\/10\/17\/fundacion-primero-justicia-rechaza-reforma-fiscal-por-considerar-atenta-con-la-estabilidad-economica-y-social-del-pais-al-gravar-alimentos-y-medicinas\/\",\"name\":\"Fundaci\u00f3n Primero Justicia rechaza reforma fiscal por considerar atenta con la estabilidad econ\u00f3mica y social del Pa\u00eds al gravar alimentos y medicinas - BLG Noticias\",\"isPartOf\":{\"@id\":\"https:\/\/blgnoticiassantodomingo.net\/#website\"},\"primaryImageOfPage\":{\"@id\":\"https:\/\/blgnoticiassantodomingo.net\/index.php\/2024\/10\/17\/fundacion-primero-justicia-rechaza-reforma-fiscal-por-considerar-atenta-con-la-estabilidad-economica-y-social-del-pais-al-gravar-alimentos-y-medicinas\/#primaryimage\"},\"image\":{\"@id\":\"https:\/\/blgnoticiassantodomingo.net\/index.php\/2024\/10\/17\/fundacion-primero-justicia-rechaza-reforma-fiscal-por-considerar-atenta-con-la-estabilidad-economica-y-social-del-pais-al-gravar-alimentos-y-medicinas\/#primaryimage\"},\"thumbnailUrl\":\"https:\/\/blgnoticiassantodomingo.net\/wp-content\/uploads\/2024\/10\/Screenshot_1-5.jpg\",\"datePublished\":\"2024-10-18T00:19:49+00:00\",\"dateModified\":\"2024-10-18T00:19:52+00:00\",\"breadcrumb\":{\"@id\":\"https:\/\/blgnoticiassantodomingo.net\/index.php\/2024\/10\/17\/fundacion-primero-justicia-rechaza-reforma-fiscal-por-considerar-atenta-con-la-estabilidad-economica-y-social-del-pais-al-gravar-alimentos-y-medicinas\/#breadcrumb\"},\"inLanguage\":\"es\",\"potentialAction\":[{\"@type\":\"ReadAction\",\"target\":[\"https:\/\/blgnoticiassantodomingo.net\/index.php\/2024\/10\/17\/fundacion-primero-justicia-rechaza-reforma-fiscal-por-considerar-atenta-con-la-estabilidad-economica-y-social-del-pais-al-gravar-alimentos-y-medicinas\/\"]}]},{\"@type\":\"ImageObject\",\"inLanguage\":\"es\",\"@id\":\"https:\/\/blgnoticiassantodomingo.net\/index.php\/2024\/10\/17\/fundacion-primero-justicia-rechaza-reforma-fiscal-por-considerar-atenta-con-la-estabilidad-economica-y-social-del-pais-al-gravar-alimentos-y-medicinas\/#primaryimage\",\"url\":\"https:\/\/blgnoticiassantodomingo.net\/wp-content\/uploads\/2024\/10\/Screenshot_1-5.jpg\",\"contentUrl\":\"https:\/\/blgnoticiassantodomingo.net\/wp-content\/uploads\/2024\/10\/Screenshot_1-5.jpg\",\"width\":1278,\"height\":708},{\"@type\":\"BreadcrumbList\",\"@id\":\"https:\/\/blgnoticiassantodomingo.net\/index.php\/2024\/10\/17\/fundacion-primero-justicia-rechaza-reforma-fiscal-por-considerar-atenta-con-la-estabilidad-economica-y-social-del-pais-al-gravar-alimentos-y-medicinas\/#breadcrumb\",\"itemListElement\":[{\"@type\":\"ListItem\",\"position\":1,\"name\":\"Portada\",\"item\":\"https:\/\/blgnoticiassantodomingo.net\/\"},{\"@type\":\"ListItem\",\"position\":2,\"name\":\"Fundaci\u00f3n Primero Justicia rechaza reforma fiscal por considerar atenta con la estabilidad econ\u00f3mica y social del Pa\u00eds al gravar alimentos y medicinas\"}]},{\"@type\":\"WebSite\",\"@id\":\"https:\/\/blgnoticiassantodomingo.net\/#website\",\"url\":\"https:\/\/blgnoticiassantodomingo.net\/\",\"name\":\"BLG Noticias\",\"description\":\"Esto es Noticias\",\"publisher\":{\"@id\":\"https:\/\/blgnoticiassantodomingo.net\/#organization\"},\"potentialAction\":[{\"@type\":\"SearchAction\",\"target\":{\"@type\":\"EntryPoint\",\"urlTemplate\":\"https:\/\/blgnoticiassantodomingo.net\/?s={search_term_string}\"},\"query-input\":{\"@type\":\"PropertyValueSpecification\",\"valueRequired\":true,\"valueName\":\"search_term_string\"}}],\"inLanguage\":\"es\"},{\"@type\":\"Organization\",\"@id\":\"https:\/\/blgnoticiassantodomingo.net\/#organization\",\"name\":\"BLG Noticias\",\"url\":\"https:\/\/blgnoticiassantodomingo.net\/\",\"logo\":{\"@type\":\"ImageObject\",\"inLanguage\":\"es\",\"@id\":\"https:\/\/blgnoticiassantodomingo.net\/#\/schema\/logo\/image\/\",\"url\":\"https:\/\/blgnoticiassantodomingo.net\/wp-content\/uploads\/2023\/12\/Diseno-sin-titulo-3.jpg\",\"contentUrl\":\"https:\/\/blgnoticiassantodomingo.net\/wp-content\/uploads\/2023\/12\/Diseno-sin-titulo-3.jpg\",\"width\":500,\"height\":500,\"caption\":\"BLG Noticias\"},\"image\":{\"@id\":\"https:\/\/blgnoticiassantodomingo.net\/#\/schema\/logo\/image\/\"},\"sameAs\":[\"https:\/\/web.facebook.com\/BlgNoticias\/?locale=es_LA&_rdc=1&_rdr\",\"https:\/\/x.com\/BlgNoticias\",\"https:\/\/www.linkedin.com\/in\/brenda-l-santana-aa846279\/\"]},{\"@type\":\"Person\",\"@id\":\"https:\/\/blgnoticiassantodomingo.net\/#\/schema\/person\/e2fc21cf88acc63dbd134be981bff374\",\"name\":\"Brenda Guerrero\",\"image\":{\"@type\":\"ImageObject\",\"inLanguage\":\"es\",\"@id\":\"https:\/\/blgnoticiassantodomingo.net\/#\/schema\/person\/image\/\",\"url\":\"https:\/\/secure.gravatar.com\/avatar\/2f7fc4c3e3655be1580cb684bfd8ab19be702ae20879da1e072021daa02f9b8b?s=96&d=wp_user_avatar&r=g\",\"contentUrl\":\"https:\/\/secure.gravatar.com\/avatar\/2f7fc4c3e3655be1580cb684bfd8ab19be702ae20879da1e072021daa02f9b8b?s=96&d=wp_user_avatar&r=g\",\"caption\":\"Brenda Guerrero\"},\"description\":\"Periodista\",\"url\":\"https:\/\/blgnoticiassantodomingo.net\/index.php\/author\/brenda-guerrero\/\"}]}<\/script>\n<!-- \/ Yoast SEO plugin. -->","yoast_head_json":{"title":"Fundaci\u00f3n Primero Justicia rechaza reforma fiscal por considerar atenta con la estabilidad econ\u00f3mica y social del Pa\u00eds al gravar alimentos y medicinas - BLG Noticias","robots":{"index":"index","follow":"follow","max-snippet":"max-snippet:-1","max-image-preview":"max-image-preview:large","max-video-preview":"max-video-preview:-1"},"canonical":"https:\/\/blgnoticiassantodomingo.net\/index.php\/2024\/10\/17\/fundacion-primero-justicia-rechaza-reforma-fiscal-por-considerar-atenta-con-la-estabilidad-economica-y-social-del-pais-al-gravar-alimentos-y-medicinas\/","og_locale":"es_ES","og_type":"article","og_title":"Fundaci\u00f3n Primero Justicia rechaza reforma fiscal por considerar atenta con la estabilidad econ\u00f3mica y social del Pa\u00eds al gravar alimentos y medicinas - BLG Noticias","og_description":"Considera un suicidio economico eliminar exenciones a Turismo, Viviendas, Industria, Cine y Salud. Santo Domingo.- La Fundaci\u00f3n Primero Justicia deposit\u00f3 el Congreso Nacional, su oposici\u00f3n al Proyecto de Ley de \u201cModernizaci\u00f3n Fiscal\u201d, mediante el cual se pretenden aumentar los impuestos a los pobres y a la clase media, para cubrir d\u00e9ficit fiscal generado por el [&hellip;]","og_url":"https:\/\/blgnoticiassantodomingo.net\/index.php\/2024\/10\/17\/fundacion-primero-justicia-rechaza-reforma-fiscal-por-considerar-atenta-con-la-estabilidad-economica-y-social-del-pais-al-gravar-alimentos-y-medicinas\/","og_site_name":"BLG Noticias","article_publisher":"https:\/\/web.facebook.com\/BlgNoticias\/?locale=es_LA&_rdc=1&_rdr","article_published_time":"2024-10-18T00:19:49+00:00","article_modified_time":"2024-10-18T00:19:52+00:00","og_image":[{"width":1278,"height":708,"url":"http:\/\/blgnoticiassantodomingo.net\/wp-content\/uploads\/2024\/10\/Screenshot_1-5.jpg","type":"image\/jpeg"}],"author":"Brenda Guerrero","twitter_card":"summary_large_image","twitter_creator":"@BlgNoticias","twitter_site":"@BlgNoticias","twitter_misc":{"Escrito por":"Brenda Guerrero","Tiempo de lectura":"2 minutos"},"schema":{"@context":"https:\/\/schema.org","@graph":[{"@type":"Article","@id":"https:\/\/blgnoticiassantodomingo.net\/index.php\/2024\/10\/17\/fundacion-primero-justicia-rechaza-reforma-fiscal-por-considerar-atenta-con-la-estabilidad-economica-y-social-del-pais-al-gravar-alimentos-y-medicinas\/#article","isPartOf":{"@id":"https:\/\/blgnoticiassantodomingo.net\/index.php\/2024\/10\/17\/fundacion-primero-justicia-rechaza-reforma-fiscal-por-considerar-atenta-con-la-estabilidad-economica-y-social-del-pais-al-gravar-alimentos-y-medicinas\/"},"author":{"name":"Brenda Guerrero","@id":"https:\/\/blgnoticiassantodomingo.net\/#\/schema\/person\/e2fc21cf88acc63dbd134be981bff374"},"headline":"Fundaci\u00f3n Primero Justicia rechaza reforma fiscal por considerar atenta con la estabilidad econ\u00f3mica y social del Pa\u00eds al gravar alimentos y medicinas","datePublished":"2024-10-18T00:19:49+00:00","dateModified":"2024-10-18T00:19:52+00:00","mainEntityOfPage":{"@id":"https:\/\/blgnoticiassantodomingo.net\/index.php\/2024\/10\/17\/fundacion-primero-justicia-rechaza-reforma-fiscal-por-considerar-atenta-con-la-estabilidad-economica-y-social-del-pais-al-gravar-alimentos-y-medicinas\/"},"wordCount":428,"commentCount":0,"publisher":{"@id":"https:\/\/blgnoticiassantodomingo.net\/#organization"},"image":{"@id":"https:\/\/blgnoticiassantodomingo.net\/index.php\/2024\/10\/17\/fundacion-primero-justicia-rechaza-reforma-fiscal-por-considerar-atenta-con-la-estabilidad-economica-y-social-del-pais-al-gravar-alimentos-y-medicinas\/#primaryimage"},"thumbnailUrl":"https:\/\/blgnoticiassantodomingo.net\/wp-content\/uploads\/2024\/10\/Screenshot_1-5.jpg","keywords":["Congreso Nacional","La Fundaci\u00f3n Primero Justicia","Modernizaci\u00f3n Fiscal","Reforma Fiscal","Surun Hern\u00e1ndez"],"articleSection":["Featured","Nacionales"],"inLanguage":"es","potentialAction":[{"@type":"CommentAction","name":"Comment","target":["https:\/\/blgnoticiassantodomingo.net\/index.php\/2024\/10\/17\/fundacion-primero-justicia-rechaza-reforma-fiscal-por-considerar-atenta-con-la-estabilidad-economica-y-social-del-pais-al-gravar-alimentos-y-medicinas\/#respond"]}]},{"@type":"WebPage","@id":"https:\/\/blgnoticiassantodomingo.net\/index.php\/2024\/10\/17\/fundacion-primero-justicia-rechaza-reforma-fiscal-por-considerar-atenta-con-la-estabilidad-economica-y-social-del-pais-al-gravar-alimentos-y-medicinas\/","url":"https:\/\/blgnoticiassantodomingo.net\/index.php\/2024\/10\/17\/fundacion-primero-justicia-rechaza-reforma-fiscal-por-considerar-atenta-con-la-estabilidad-economica-y-social-del-pais-al-gravar-alimentos-y-medicinas\/","name":"Fundaci\u00f3n Primero Justicia rechaza reforma fiscal por considerar atenta con la estabilidad econ\u00f3mica y social del Pa\u00eds al gravar alimentos y medicinas - BLG Noticias","isPartOf":{"@id":"https:\/\/blgnoticiassantodomingo.net\/#website"},"primaryImageOfPage":{"@id":"https:\/\/blgnoticiassantodomingo.net\/index.php\/2024\/10\/17\/fundacion-primero-justicia-rechaza-reforma-fiscal-por-considerar-atenta-con-la-estabilidad-economica-y-social-del-pais-al-gravar-alimentos-y-medicinas\/#primaryimage"},"image":{"@id":"https:\/\/blgnoticiassantodomingo.net\/index.php\/2024\/10\/17\/fundacion-primero-justicia-rechaza-reforma-fiscal-por-considerar-atenta-con-la-estabilidad-economica-y-social-del-pais-al-gravar-alimentos-y-medicinas\/#primaryimage"},"thumbnailUrl":"https:\/\/blgnoticiassantodomingo.net\/wp-content\/uploads\/2024\/10\/Screenshot_1-5.jpg","datePublished":"2024-10-18T00:19:49+00:00","dateModified":"2024-10-18T00:19:52+00:00","breadcrumb":{"@id":"https:\/\/blgnoticiassantodomingo.net\/index.php\/2024\/10\/17\/fundacion-primero-justicia-rechaza-reforma-fiscal-por-considerar-atenta-con-la-estabilidad-economica-y-social-del-pais-al-gravar-alimentos-y-medicinas\/#breadcrumb"},"inLanguage":"es","potentialAction":[{"@type":"ReadAction","target":["https:\/\/blgnoticiassantodomingo.net\/index.php\/2024\/10\/17\/fundacion-primero-justicia-rechaza-reforma-fiscal-por-considerar-atenta-con-la-estabilidad-economica-y-social-del-pais-al-gravar-alimentos-y-medicinas\/"]}]},{"@type":"ImageObject","inLanguage":"es","@id":"https:\/\/blgnoticiassantodomingo.net\/index.php\/2024\/10\/17\/fundacion-primero-justicia-rechaza-reforma-fiscal-por-considerar-atenta-con-la-estabilidad-economica-y-social-del-pais-al-gravar-alimentos-y-medicinas\/#primaryimage","url":"https:\/\/blgnoticiassantodomingo.net\/wp-content\/uploads\/2024\/10\/Screenshot_1-5.jpg","contentUrl":"https:\/\/blgnoticiassantodomingo.net\/wp-content\/uploads\/2024\/10\/Screenshot_1-5.jpg","width":1278,"height":708},{"@type":"BreadcrumbList","@id":"https:\/\/blgnoticiassantodomingo.net\/index.php\/2024\/10\/17\/fundacion-primero-justicia-rechaza-reforma-fiscal-por-considerar-atenta-con-la-estabilidad-economica-y-social-del-pais-al-gravar-alimentos-y-medicinas\/#breadcrumb","itemListElement":[{"@type":"ListItem","position":1,"name":"Portada","item":"https:\/\/blgnoticiassantodomingo.net\/"},{"@type":"ListItem","position":2,"name":"Fundaci\u00f3n Primero Justicia rechaza reforma fiscal por considerar atenta con la estabilidad econ\u00f3mica y social del Pa\u00eds al gravar alimentos y medicinas"}]},{"@type":"WebSite","@id":"https:\/\/blgnoticiassantodomingo.net\/#website","url":"https:\/\/blgnoticiassantodomingo.net\/","name":"BLG Noticias","description":"Esto es Noticias","publisher":{"@id":"https:\/\/blgnoticiassantodomingo.net\/#organization"},"potentialAction":[{"@type":"SearchAction","target":{"@type":"EntryPoint","urlTemplate":"https:\/\/blgnoticiassantodomingo.net\/?s={search_term_string}"},"query-input":{"@type":"PropertyValueSpecification","valueRequired":true,"valueName":"search_term_string"}}],"inLanguage":"es"},{"@type":"Organization","@id":"https:\/\/blgnoticiassantodomingo.net\/#organization","name":"BLG Noticias","url":"https:\/\/blgnoticiassantodomingo.net\/","logo":{"@type":"ImageObject","inLanguage":"es","@id":"https:\/\/blgnoticiassantodomingo.net\/#\/schema\/logo\/image\/","url":"https:\/\/blgnoticiassantodomingo.net\/wp-content\/uploads\/2023\/12\/Diseno-sin-titulo-3.jpg","contentUrl":"https:\/\/blgnoticiassantodomingo.net\/wp-content\/uploads\/2023\/12\/Diseno-sin-titulo-3.jpg","width":500,"height":500,"caption":"BLG Noticias"},"image":{"@id":"https:\/\/blgnoticiassantodomingo.net\/#\/schema\/logo\/image\/"},"sameAs":["https:\/\/web.facebook.com\/BlgNoticias\/?locale=es_LA&_rdc=1&_rdr","https:\/\/x.com\/BlgNoticias","https:\/\/www.linkedin.com\/in\/brenda-l-santana-aa846279\/"]},{"@type":"Person","@id":"https:\/\/blgnoticiassantodomingo.net\/#\/schema\/person\/e2fc21cf88acc63dbd134be981bff374","name":"Brenda Guerrero","image":{"@type":"ImageObject","inLanguage":"es","@id":"https:\/\/blgnoticiassantodomingo.net\/#\/schema\/person\/image\/","url":"https:\/\/secure.gravatar.com\/avatar\/2f7fc4c3e3655be1580cb684bfd8ab19be702ae20879da1e072021daa02f9b8b?s=96&d=wp_user_avatar&r=g","contentUrl":"https:\/\/secure.gravatar.com\/avatar\/2f7fc4c3e3655be1580cb684bfd8ab19be702ae20879da1e072021daa02f9b8b?s=96&d=wp_user_avatar&r=g","caption":"Brenda Guerrero"},"description":"Periodista","url":"https:\/\/blgnoticiassantodomingo.net\/index.php\/author\/brenda-guerrero\/"}]}},"jetpack_featured_media_url":"https:\/\/blgnoticiassantodomingo.net\/wp-content\/uploads\/2024\/10\/Screenshot_1-5.jpg","_links":{"self":[{"href":"https:\/\/blgnoticiassantodomingo.net\/index.php\/wp-json\/wp\/v2\/posts\/45375","targetHints":{"allow":["GET"]}}],"collection":[{"href":"https:\/\/blgnoticiassantodomingo.net\/index.php\/wp-json\/wp\/v2\/posts"}],"about":[{"href":"https:\/\/blgnoticiassantodomingo.net\/index.php\/wp-json\/wp\/v2\/types\/post"}],"author":[{"embeddable":true,"href":"https:\/\/blgnoticiassantodomingo.net\/index.php\/wp-json\/wp\/v2\/users\/2"}],"replies":[{"embeddable":true,"href":"https:\/\/blgnoticiassantodomingo.net\/index.php\/wp-json\/wp\/v2\/comments?post=45375"}],"version-history":[{"count":1,"href":"https:\/\/blgnoticiassantodomingo.net\/index.php\/wp-json\/wp\/v2\/posts\/45375\/revisions"}],"predecessor-version":[{"id":45377,"href":"https:\/\/blgnoticiassantodomingo.net\/index.php\/wp-json\/wp\/v2\/posts\/45375\/revisions\/45377"}],"wp:featuredmedia":[{"embeddable":true,"href":"https:\/\/blgnoticiassantodomingo.net\/index.php\/wp-json\/wp\/v2\/media\/45376"}],"wp:attachment":[{"href":"https:\/\/blgnoticiassantodomingo.net\/index.php\/wp-json\/wp\/v2\/media?parent=45375"}],"wp:term":[{"taxonomy":"category","embeddable":true,"href":"https:\/\/blgnoticiassantodomingo.net\/index.php\/wp-json\/wp\/v2\/categories?post=45375"},{"taxonomy":"post_tag","embeddable":true,"href":"https:\/\/blgnoticiassantodomingo.net\/index.php\/wp-json\/wp\/v2\/tags?post=45375"}],"curies":[{"name":"wp","href":"https:\/\/api.w.org\/{rel}","templated":true}]}}