{"id":4495,"date":"2020-01-08T02:18:59","date_gmt":"2020-01-08T02:18:59","guid":{"rendered":"http:\/\/blgnoticiassantodomingo.net\/?p=4495"},"modified":"2020-01-08T02:19:00","modified_gmt":"2020-01-08T02:19:00","slug":"venezuela-opositor-guaido-retoma-el-control-del-congreso","status":"publish","type":"post","link":"https:\/\/blgnoticiassantodomingo.net\/index.php\/2020\/01\/08\/venezuela-opositor-guaido-retoma-el-control-del-congreso\/","title":{"rendered":"Venezuela: opositor Guaid\u00f3 retoma el control del Congreso"},"content":{"rendered":"\n<p><strong>AP<\/strong><\/p>\n\n\n\n<p>El l\u00edder opositor<strong>\u00a0Juan Guaid\u00f3<\/strong>\u00a0y varias decenas de diputados lograron el martes ingresar al palacio legislativo y recuperaron el control parcial de la Asamblea Nacional luego de que se instalara una directiva paralela integrada por desertores del bloque opositor.<\/p>\n\n\n\n<p>Tras forcejear con efectivos de la Guardia Nacional que custodiaban el lugar, el opositor logr\u00f3 pasar la reja que rodea al recinto. Hubo empujones en las escaleras antes de que pudieran llegar hasta el hemiciclo.<\/p>\n\n\n\n<p>\u201cEsta es la casa del pueblo, no un cuartel\u201d, gritaban los diputados mientras se abr\u00edan paso frente a agentes de la Guardia Nacional que bloqueaban las puertas.<\/p>\n\n\n\n<p>Un pu\u00f1ado de seguidores del l\u00edder opositor se present\u00f3 a las afueras y gritando \u201cGuaid\u00f3 presidente\u201d, celebraron su retorno.<\/p>\n\n\n\n<p>Una vez en el interior y tras cantar el himno nacional, Guaid\u00f3 tom\u00f3 el control de la Asamblea y sostuvo que \u201cla violencia no va a vencer&#8230; Venezuela est\u00e1 primero que todo. Dios bendiga a estos diputados valientes que no se dejan chantajear\u201d y dio comienzo a la sesi\u00f3n. Poco despu\u00e9s fue cortado el suministro el\u00e9ctrico en el hemiciclo, constat\u00f3 The Associated Press.<\/p>\n\n\n\n<p>La sesi\u00f3n encabezada por Guaid\u00f3, empero, continu\u00f3 en medio de la penumbra apenas con la luz de las linternas de los tel\u00e9fonos m\u00f3viles.<\/p>\n\n\n\n<p>\u201cEs momento de levantarse&#8230; todos a vencer a la dictadura\u201d, dijo el dirigente durante un acto en el este de la capital al llamar a todos los sectores a alzarse contra el gobierno de Nicol\u00e1s Maduro, y anunci\u00f3 que en los pr\u00f3ximos d\u00edas se llamaran a concentraciones y protestas en diferentes puntos del pa\u00eds.<\/p>\n\n\n\n<p>Al condenar la presencia de m\u00e1s de un centenar de guardias nacionales y polic\u00edas con equipos antimotines en las \u00e1reas externas e internas del Congreso y las limitaciones de ingreso que se impusieron a los congresistas opositores, Guaid\u00f3 indic\u00f3 que \u201cno es la fuerza armada que decide quien entra o no al parlamento nacional, son los venezolanos\u201d.<\/p>\n\n\n\n<p>El l\u00edder opositor exigi\u00f3 al ministro de la Defensa, general en jefe Vladimir Padrino L\u00f3pez, que explique la raz\u00f3n de la \u201cmilitarizaci\u00f3n\u201d de la Asamblea Nacional.<\/p>\n\n\n\n<p>\u201cHoy tomamos el control del parlamento\u201d, afirm\u00f3 Guaid\u00f3, que consider\u00f3 su ingreso al palacio legislativo como una \u201cvictoria\u201d del pa\u00eds.<\/p>\n","protected":false},"excerpt":{"rendered":"<p>AP El l\u00edder opositor\u00a0Juan Guaid\u00f3\u00a0y varias decenas de diputados lograron el martes ingresar al palacio legislativo y recuperaron el control parcial de la Asamblea Nacional luego de que se instalara una directiva paralela integrada por desertores del bloque opositor. Tras forcejear con efectivos de la Guardia Nacional que custodiaban el lugar, el opositor logr\u00f3 pasar [&hellip;]<\/p>\n","protected":false},"author":2,"featured_media":4496,"comment_status":"open","ping_status":"open","sticky":false,"template":"","format":"standard","meta":{"footnotes":""},"categories":[221],"tags":[1090,1066],"class_list":{"0":"post-4495","1":"post","2":"type-post","3":"status-publish","4":"format-standard","5":"has-post-thumbnail","7":"category-internacionales","8":"tag-juan-guaido","9":"tag-venezuela"},"yoast_head":"<!-- This site is optimized with the Yoast SEO plugin v24.9 - https:\/\/yoast.com\/wordpress\/plugins\/seo\/ -->\n<title>Venezuela: opositor Guaid\u00f3 retoma el control del Congreso - BLG Noticias<\/title>\n<meta name=\"robots\" content=\"index, follow, max-snippet:-1, max-image-preview:large, max-video-preview:-1\" \/>\n<link rel=\"canonical\" href=\"https:\/\/blgnoticiassantodomingo.net\/index.php\/2020\/01\/08\/venezuela-opositor-guaido-retoma-el-control-del-congreso\/\" \/>\n<meta property=\"og:locale\" content=\"es_ES\" \/>\n<meta property=\"og:type\" content=\"article\" \/>\n<meta property=\"og:title\" content=\"Venezuela: opositor Guaid\u00f3 retoma el control del Congreso - BLG Noticias\" \/>\n<meta property=\"og:description\" content=\"AP El l\u00edder opositor\u00a0Juan Guaid\u00f3\u00a0y varias decenas de diputados lograron el martes ingresar al palacio legislativo y recuperaron el control parcial de la Asamblea Nacional luego de que se instalara una directiva paralela integrada por desertores del bloque opositor. Tras forcejear con efectivos de la Guardia Nacional que custodiaban el lugar, el opositor logr\u00f3 pasar [&hellip;]\" \/>\n<meta property=\"og:url\" content=\"https:\/\/blgnoticiassantodomingo.net\/index.php\/2020\/01\/08\/venezuela-opositor-guaido-retoma-el-control-del-congreso\/\" \/>\n<meta property=\"og:site_name\" content=\"BLG Noticias\" \/>\n<meta property=\"article:publisher\" content=\"https:\/\/web.facebook.com\/BlgNoticias\/?locale=es_LA&amp;_rdc=1&amp;_rdr\" \/>\n<meta property=\"article:published_time\" content=\"2020-01-08T02:18:59+00:00\" \/>\n<meta property=\"article:modified_time\" content=\"2020-01-08T02:19:00+00:00\" \/>\n<meta property=\"og:image\" content=\"https:\/\/blgnoticiassantodomingo.net\/wp-content\/uploads\/2020\/01\/2f3ae5db7fce469fa4cd5e60b0aecd98-5e15041c01_12971960_20200107182514.jpg\" \/>\n\t<meta property=\"og:image:width\" content=\"546\" \/>\n\t<meta property=\"og:image:height\" content=\"350\" \/>\n\t<meta property=\"og:image:type\" content=\"image\/jpeg\" \/>\n<meta name=\"author\" content=\"Brenda Guerrero\" \/>\n<meta name=\"twitter:card\" content=\"summary_large_image\" \/>\n<meta name=\"twitter:creator\" content=\"@BlgNoticias\" \/>\n<meta name=\"twitter:site\" content=\"@BlgNoticias\" \/>\n<meta name=\"twitter:label1\" content=\"Escrito por\" \/>\n\t<meta name=\"twitter:data1\" content=\"Brenda Guerrero\" \/>\n\t<meta name=\"twitter:label2\" content=\"Tiempo de lectura\" \/>\n\t<meta name=\"twitter:data2\" content=\"2 minutos\" \/>\n<script type=\"application\/ld+json\" class=\"yoast-schema-graph\">{\"@context\":\"https:\/\/schema.org\",\"@graph\":[{\"@type\":\"Article\",\"@id\":\"https:\/\/blgnoticiassantodomingo.net\/index.php\/2020\/01\/08\/venezuela-opositor-guaido-retoma-el-control-del-congreso\/#article\",\"isPartOf\":{\"@id\":\"https:\/\/blgnoticiassantodomingo.net\/index.php\/2020\/01\/08\/venezuela-opositor-guaido-retoma-el-control-del-congreso\/\"},\"author\":{\"name\":\"Brenda Guerrero\",\"@id\":\"https:\/\/blgnoticiassantodomingo.net\/#\/schema\/person\/e2fc21cf88acc63dbd134be981bff374\"},\"headline\":\"Venezuela: opositor Guaid\u00f3 retoma el control del Congreso\",\"datePublished\":\"2020-01-08T02:18:59+00:00\",\"dateModified\":\"2020-01-08T02:19:00+00:00\",\"mainEntityOfPage\":{\"@id\":\"https:\/\/blgnoticiassantodomingo.net\/index.php\/2020\/01\/08\/venezuela-opositor-guaido-retoma-el-control-del-congreso\/\"},\"wordCount\":394,\"commentCount\":0,\"publisher\":{\"@id\":\"https:\/\/blgnoticiassantodomingo.net\/#organization\"},\"image\":{\"@id\":\"https:\/\/blgnoticiassantodomingo.net\/index.php\/2020\/01\/08\/venezuela-opositor-guaido-retoma-el-control-del-congreso\/#primaryimage\"},\"thumbnailUrl\":\"https:\/\/blgnoticiassantodomingo.net\/wp-content\/uploads\/2020\/01\/2f3ae5db7fce469fa4cd5e60b0aecd98-5e15041c01_12971960_20200107182514.jpg\",\"keywords\":[\"Juan Guaid\u00f3\",\"Venezuela\"],\"articleSection\":[\"Internacionales\"],\"inLanguage\":\"es\",\"potentialAction\":[{\"@type\":\"CommentAction\",\"name\":\"Comment\",\"target\":[\"https:\/\/blgnoticiassantodomingo.net\/index.php\/2020\/01\/08\/venezuela-opositor-guaido-retoma-el-control-del-congreso\/#respond\"]}]},{\"@type\":\"WebPage\",\"@id\":\"https:\/\/blgnoticiassantodomingo.net\/index.php\/2020\/01\/08\/venezuela-opositor-guaido-retoma-el-control-del-congreso\/\",\"url\":\"https:\/\/blgnoticiassantodomingo.net\/index.php\/2020\/01\/08\/venezuela-opositor-guaido-retoma-el-control-del-congreso\/\",\"name\":\"Venezuela: opositor Guaid\u00f3 retoma el control del Congreso - BLG Noticias\",\"isPartOf\":{\"@id\":\"https:\/\/blgnoticiassantodomingo.net\/#website\"},\"primaryImageOfPage\":{\"@id\":\"https:\/\/blgnoticiassantodomingo.net\/index.php\/2020\/01\/08\/venezuela-opositor-guaido-retoma-el-control-del-congreso\/#primaryimage\"},\"image\":{\"@id\":\"https:\/\/blgnoticiassantodomingo.net\/index.php\/2020\/01\/08\/venezuela-opositor-guaido-retoma-el-control-del-congreso\/#primaryimage\"},\"thumbnailUrl\":\"https:\/\/blgnoticiassantodomingo.net\/wp-content\/uploads\/2020\/01\/2f3ae5db7fce469fa4cd5e60b0aecd98-5e15041c01_12971960_20200107182514.jpg\",\"datePublished\":\"2020-01-08T02:18:59+00:00\",\"dateModified\":\"2020-01-08T02:19:00+00:00\",\"breadcrumb\":{\"@id\":\"https:\/\/blgnoticiassantodomingo.net\/index.php\/2020\/01\/08\/venezuela-opositor-guaido-retoma-el-control-del-congreso\/#breadcrumb\"},\"inLanguage\":\"es\",\"potentialAction\":[{\"@type\":\"ReadAction\",\"target\":[\"https:\/\/blgnoticiassantodomingo.net\/index.php\/2020\/01\/08\/venezuela-opositor-guaido-retoma-el-control-del-congreso\/\"]}]},{\"@type\":\"ImageObject\",\"inLanguage\":\"es\",\"@id\":\"https:\/\/blgnoticiassantodomingo.net\/index.php\/2020\/01\/08\/venezuela-opositor-guaido-retoma-el-control-del-congreso\/#primaryimage\",\"url\":\"https:\/\/blgnoticiassantodomingo.net\/wp-content\/uploads\/2020\/01\/2f3ae5db7fce469fa4cd5e60b0aecd98-5e15041c01_12971960_20200107182514.jpg\",\"contentUrl\":\"https:\/\/blgnoticiassantodomingo.net\/wp-content\/uploads\/2020\/01\/2f3ae5db7fce469fa4cd5e60b0aecd98-5e15041c01_12971960_20200107182514.jpg\",\"width\":546,\"height\":350},{\"@type\":\"BreadcrumbList\",\"@id\":\"https:\/\/blgnoticiassantodomingo.net\/index.php\/2020\/01\/08\/venezuela-opositor-guaido-retoma-el-control-del-congreso\/#breadcrumb\",\"itemListElement\":[{\"@type\":\"ListItem\",\"position\":1,\"name\":\"Portada\",\"item\":\"https:\/\/blgnoticiassantodomingo.net\/\"},{\"@type\":\"ListItem\",\"position\":2,\"name\":\"Venezuela: opositor Guaid\u00f3 retoma el control del Congreso\"}]},{\"@type\":\"WebSite\",\"@id\":\"https:\/\/blgnoticiassantodomingo.net\/#website\",\"url\":\"https:\/\/blgnoticiassantodomingo.net\/\",\"name\":\"BLG Noticias\",\"description\":\"Esto es Noticias\",\"publisher\":{\"@id\":\"https:\/\/blgnoticiassantodomingo.net\/#organization\"},\"potentialAction\":[{\"@type\":\"SearchAction\",\"target\":{\"@type\":\"EntryPoint\",\"urlTemplate\":\"https:\/\/blgnoticiassantodomingo.net\/?s={search_term_string}\"},\"query-input\":{\"@type\":\"PropertyValueSpecification\",\"valueRequired\":true,\"valueName\":\"search_term_string\"}}],\"inLanguage\":\"es\"},{\"@type\":\"Organization\",\"@id\":\"https:\/\/blgnoticiassantodomingo.net\/#organization\",\"name\":\"BLG Noticias\",\"url\":\"https:\/\/blgnoticiassantodomingo.net\/\",\"logo\":{\"@type\":\"ImageObject\",\"inLanguage\":\"es\",\"@id\":\"https:\/\/blgnoticiassantodomingo.net\/#\/schema\/logo\/image\/\",\"url\":\"https:\/\/blgnoticiassantodomingo.net\/wp-content\/uploads\/2023\/12\/Diseno-sin-titulo-3.jpg\",\"contentUrl\":\"https:\/\/blgnoticiassantodomingo.net\/wp-content\/uploads\/2023\/12\/Diseno-sin-titulo-3.jpg\",\"width\":500,\"height\":500,\"caption\":\"BLG Noticias\"},\"image\":{\"@id\":\"https:\/\/blgnoticiassantodomingo.net\/#\/schema\/logo\/image\/\"},\"sameAs\":[\"https:\/\/web.facebook.com\/BlgNoticias\/?locale=es_LA&_rdc=1&_rdr\",\"https:\/\/x.com\/BlgNoticias\",\"https:\/\/www.linkedin.com\/in\/brenda-l-santana-aa846279\/\"]},{\"@type\":\"Person\",\"@id\":\"https:\/\/blgnoticiassantodomingo.net\/#\/schema\/person\/e2fc21cf88acc63dbd134be981bff374\",\"name\":\"Brenda Guerrero\",\"image\":{\"@type\":\"ImageObject\",\"inLanguage\":\"es\",\"@id\":\"https:\/\/blgnoticiassantodomingo.net\/#\/schema\/person\/image\/\",\"url\":\"https:\/\/secure.gravatar.com\/avatar\/2f7fc4c3e3655be1580cb684bfd8ab19be702ae20879da1e072021daa02f9b8b?s=96&d=wp_user_avatar&r=g\",\"contentUrl\":\"https:\/\/secure.gravatar.com\/avatar\/2f7fc4c3e3655be1580cb684bfd8ab19be702ae20879da1e072021daa02f9b8b?s=96&d=wp_user_avatar&r=g\",\"caption\":\"Brenda Guerrero\"},\"description\":\"Periodista\",\"url\":\"https:\/\/blgnoticiassantodomingo.net\/index.php\/author\/brenda-guerrero\/\"}]}<\/script>\n<!-- \/ Yoast SEO plugin. -->","yoast_head_json":{"title":"Venezuela: opositor Guaid\u00f3 retoma el control del Congreso - BLG Noticias","robots":{"index":"index","follow":"follow","max-snippet":"max-snippet:-1","max-image-preview":"max-image-preview:large","max-video-preview":"max-video-preview:-1"},"canonical":"https:\/\/blgnoticiassantodomingo.net\/index.php\/2020\/01\/08\/venezuela-opositor-guaido-retoma-el-control-del-congreso\/","og_locale":"es_ES","og_type":"article","og_title":"Venezuela: opositor Guaid\u00f3 retoma el control del Congreso - BLG Noticias","og_description":"AP El l\u00edder opositor\u00a0Juan Guaid\u00f3\u00a0y varias decenas de diputados lograron el martes ingresar al palacio legislativo y recuperaron el control parcial de la Asamblea Nacional luego de que se instalara una directiva paralela integrada por desertores del bloque opositor. Tras forcejear con efectivos de la Guardia Nacional que custodiaban el lugar, el opositor logr\u00f3 pasar [&hellip;]","og_url":"https:\/\/blgnoticiassantodomingo.net\/index.php\/2020\/01\/08\/venezuela-opositor-guaido-retoma-el-control-del-congreso\/","og_site_name":"BLG Noticias","article_publisher":"https:\/\/web.facebook.com\/BlgNoticias\/?locale=es_LA&_rdc=1&_rdr","article_published_time":"2020-01-08T02:18:59+00:00","article_modified_time":"2020-01-08T02:19:00+00:00","og_image":[{"width":546,"height":350,"url":"https:\/\/blgnoticiassantodomingo.net\/wp-content\/uploads\/2020\/01\/2f3ae5db7fce469fa4cd5e60b0aecd98-5e15041c01_12971960_20200107182514.jpg","type":"image\/jpeg"}],"author":"Brenda Guerrero","twitter_card":"summary_large_image","twitter_creator":"@BlgNoticias","twitter_site":"@BlgNoticias","twitter_misc":{"Escrito por":"Brenda Guerrero","Tiempo de lectura":"2 minutos"},"schema":{"@context":"https:\/\/schema.org","@graph":[{"@type":"Article","@id":"https:\/\/blgnoticiassantodomingo.net\/index.php\/2020\/01\/08\/venezuela-opositor-guaido-retoma-el-control-del-congreso\/#article","isPartOf":{"@id":"https:\/\/blgnoticiassantodomingo.net\/index.php\/2020\/01\/08\/venezuela-opositor-guaido-retoma-el-control-del-congreso\/"},"author":{"name":"Brenda Guerrero","@id":"https:\/\/blgnoticiassantodomingo.net\/#\/schema\/person\/e2fc21cf88acc63dbd134be981bff374"},"headline":"Venezuela: opositor Guaid\u00f3 retoma el control del Congreso","datePublished":"2020-01-08T02:18:59+00:00","dateModified":"2020-01-08T02:19:00+00:00","mainEntityOfPage":{"@id":"https:\/\/blgnoticiassantodomingo.net\/index.php\/2020\/01\/08\/venezuela-opositor-guaido-retoma-el-control-del-congreso\/"},"wordCount":394,"commentCount":0,"publisher":{"@id":"https:\/\/blgnoticiassantodomingo.net\/#organization"},"image":{"@id":"https:\/\/blgnoticiassantodomingo.net\/index.php\/2020\/01\/08\/venezuela-opositor-guaido-retoma-el-control-del-congreso\/#primaryimage"},"thumbnailUrl":"https:\/\/blgnoticiassantodomingo.net\/wp-content\/uploads\/2020\/01\/2f3ae5db7fce469fa4cd5e60b0aecd98-5e15041c01_12971960_20200107182514.jpg","keywords":["Juan Guaid\u00f3","Venezuela"],"articleSection":["Internacionales"],"inLanguage":"es","potentialAction":[{"@type":"CommentAction","name":"Comment","target":["https:\/\/blgnoticiassantodomingo.net\/index.php\/2020\/01\/08\/venezuela-opositor-guaido-retoma-el-control-del-congreso\/#respond"]}]},{"@type":"WebPage","@id":"https:\/\/blgnoticiassantodomingo.net\/index.php\/2020\/01\/08\/venezuela-opositor-guaido-retoma-el-control-del-congreso\/","url":"https:\/\/blgnoticiassantodomingo.net\/index.php\/2020\/01\/08\/venezuela-opositor-guaido-retoma-el-control-del-congreso\/","name":"Venezuela: opositor Guaid\u00f3 retoma el control del Congreso - BLG Noticias","isPartOf":{"@id":"https:\/\/blgnoticiassantodomingo.net\/#website"},"primaryImageOfPage":{"@id":"https:\/\/blgnoticiassantodomingo.net\/index.php\/2020\/01\/08\/venezuela-opositor-guaido-retoma-el-control-del-congreso\/#primaryimage"},"image":{"@id":"https:\/\/blgnoticiassantodomingo.net\/index.php\/2020\/01\/08\/venezuela-opositor-guaido-retoma-el-control-del-congreso\/#primaryimage"},"thumbnailUrl":"https:\/\/blgnoticiassantodomingo.net\/wp-content\/uploads\/2020\/01\/2f3ae5db7fce469fa4cd5e60b0aecd98-5e15041c01_12971960_20200107182514.jpg","datePublished":"2020-01-08T02:18:59+00:00","dateModified":"2020-01-08T02:19:00+00:00","breadcrumb":{"@id":"https:\/\/blgnoticiassantodomingo.net\/index.php\/2020\/01\/08\/venezuela-opositor-guaido-retoma-el-control-del-congreso\/#breadcrumb"},"inLanguage":"es","potentialAction":[{"@type":"ReadAction","target":["https:\/\/blgnoticiassantodomingo.net\/index.php\/2020\/01\/08\/venezuela-opositor-guaido-retoma-el-control-del-congreso\/"]}]},{"@type":"ImageObject","inLanguage":"es","@id":"https:\/\/blgnoticiassantodomingo.net\/index.php\/2020\/01\/08\/venezuela-opositor-guaido-retoma-el-control-del-congreso\/#primaryimage","url":"https:\/\/blgnoticiassantodomingo.net\/wp-content\/uploads\/2020\/01\/2f3ae5db7fce469fa4cd5e60b0aecd98-5e15041c01_12971960_20200107182514.jpg","contentUrl":"https:\/\/blgnoticiassantodomingo.net\/wp-content\/uploads\/2020\/01\/2f3ae5db7fce469fa4cd5e60b0aecd98-5e15041c01_12971960_20200107182514.jpg","width":546,"height":350},{"@type":"BreadcrumbList","@id":"https:\/\/blgnoticiassantodomingo.net\/index.php\/2020\/01\/08\/venezuela-opositor-guaido-retoma-el-control-del-congreso\/#breadcrumb","itemListElement":[{"@type":"ListItem","position":1,"name":"Portada","item":"https:\/\/blgnoticiassantodomingo.net\/"},{"@type":"ListItem","position":2,"name":"Venezuela: opositor Guaid\u00f3 retoma el control del Congreso"}]},{"@type":"WebSite","@id":"https:\/\/blgnoticiassantodomingo.net\/#website","url":"https:\/\/blgnoticiassantodomingo.net\/","name":"BLG Noticias","description":"Esto es Noticias","publisher":{"@id":"https:\/\/blgnoticiassantodomingo.net\/#organization"},"potentialAction":[{"@type":"SearchAction","target":{"@type":"EntryPoint","urlTemplate":"https:\/\/blgnoticiassantodomingo.net\/?s={search_term_string}"},"query-input":{"@type":"PropertyValueSpecification","valueRequired":true,"valueName":"search_term_string"}}],"inLanguage":"es"},{"@type":"Organization","@id":"https:\/\/blgnoticiassantodomingo.net\/#organization","name":"BLG Noticias","url":"https:\/\/blgnoticiassantodomingo.net\/","logo":{"@type":"ImageObject","inLanguage":"es","@id":"https:\/\/blgnoticiassantodomingo.net\/#\/schema\/logo\/image\/","url":"https:\/\/blgnoticiassantodomingo.net\/wp-content\/uploads\/2023\/12\/Diseno-sin-titulo-3.jpg","contentUrl":"https:\/\/blgnoticiassantodomingo.net\/wp-content\/uploads\/2023\/12\/Diseno-sin-titulo-3.jpg","width":500,"height":500,"caption":"BLG Noticias"},"image":{"@id":"https:\/\/blgnoticiassantodomingo.net\/#\/schema\/logo\/image\/"},"sameAs":["https:\/\/web.facebook.com\/BlgNoticias\/?locale=es_LA&_rdc=1&_rdr","https:\/\/x.com\/BlgNoticias","https:\/\/www.linkedin.com\/in\/brenda-l-santana-aa846279\/"]},{"@type":"Person","@id":"https:\/\/blgnoticiassantodomingo.net\/#\/schema\/person\/e2fc21cf88acc63dbd134be981bff374","name":"Brenda Guerrero","image":{"@type":"ImageObject","inLanguage":"es","@id":"https:\/\/blgnoticiassantodomingo.net\/#\/schema\/person\/image\/","url":"https:\/\/secure.gravatar.com\/avatar\/2f7fc4c3e3655be1580cb684bfd8ab19be702ae20879da1e072021daa02f9b8b?s=96&d=wp_user_avatar&r=g","contentUrl":"https:\/\/secure.gravatar.com\/avatar\/2f7fc4c3e3655be1580cb684bfd8ab19be702ae20879da1e072021daa02f9b8b?s=96&d=wp_user_avatar&r=g","caption":"Brenda Guerrero"},"description":"Periodista","url":"https:\/\/blgnoticiassantodomingo.net\/index.php\/author\/brenda-guerrero\/"}]}},"jetpack_featured_media_url":"https:\/\/blgnoticiassantodomingo.net\/wp-content\/uploads\/2020\/01\/2f3ae5db7fce469fa4cd5e60b0aecd98-5e15041c01_12971960_20200107182514.jpg","_links":{"self":[{"href":"https:\/\/blgnoticiassantodomingo.net\/index.php\/wp-json\/wp\/v2\/posts\/4495","targetHints":{"allow":["GET"]}}],"collection":[{"href":"https:\/\/blgnoticiassantodomingo.net\/index.php\/wp-json\/wp\/v2\/posts"}],"about":[{"href":"https:\/\/blgnoticiassantodomingo.net\/index.php\/wp-json\/wp\/v2\/types\/post"}],"author":[{"embeddable":true,"href":"https:\/\/blgnoticiassantodomingo.net\/index.php\/wp-json\/wp\/v2\/users\/2"}],"replies":[{"embeddable":true,"href":"https:\/\/blgnoticiassantodomingo.net\/index.php\/wp-json\/wp\/v2\/comments?post=4495"}],"version-history":[{"count":1,"href":"https:\/\/blgnoticiassantodomingo.net\/index.php\/wp-json\/wp\/v2\/posts\/4495\/revisions"}],"predecessor-version":[{"id":4497,"href":"https:\/\/blgnoticiassantodomingo.net\/index.php\/wp-json\/wp\/v2\/posts\/4495\/revisions\/4497"}],"wp:featuredmedia":[{"embeddable":true,"href":"https:\/\/blgnoticiassantodomingo.net\/index.php\/wp-json\/wp\/v2\/media\/4496"}],"wp:attachment":[{"href":"https:\/\/blgnoticiassantodomingo.net\/index.php\/wp-json\/wp\/v2\/media?parent=4495"}],"wp:term":[{"taxonomy":"category","embeddable":true,"href":"https:\/\/blgnoticiassantodomingo.net\/index.php\/wp-json\/wp\/v2\/categories?post=4495"},{"taxonomy":"post_tag","embeddable":true,"href":"https:\/\/blgnoticiassantodomingo.net\/index.php\/wp-json\/wp\/v2\/tags?post=4495"}],"curies":[{"name":"wp","href":"https:\/\/api.w.org\/{rel}","templated":true}]}}