{"id":44829,"date":"2024-09-26T12:11:55","date_gmt":"2024-09-26T16:11:55","guid":{"rendered":"https:\/\/blgnoticiassantodomingo.net\/?p=44829"},"modified":"2024-09-26T12:11:58","modified_gmt":"2024-09-26T16:11:58","slug":"la-experta-politico-electoral-nurys-paulino-presenta-candidatura-a-miembro-del-pleno-de-la-jce","status":"publish","type":"post","link":"https:\/\/blgnoticiassantodomingo.net\/index.php\/2024\/09\/26\/la-experta-politico-electoral-nurys-paulino-presenta-candidatura-a-miembro-del-pleno-de-la-jce\/","title":{"rendered":"La experta pol\u00edtico electoral, Nurys Paulino presenta candidatura a miembro del pleno de la JCE"},"content":{"rendered":"\n<p><strong><em>Destacan experiencia de la catedr\u00e1tica universitaria en el \u00e1mbito pol\u00edtico electoral, su liderazgo y alta capacidad de trabajo en equipo<\/em><\/strong><\/p>\n\n\n\n<p><strong><em><br><\/em><\/strong>SANTO DOMINGO.- La destacada periodista Nurys Paulino present\u00f3 hoy sus aspiraciones a miembro del pleno de la Junta Central Electoral (JCE), quien posee vasta experiencia en el \u00e1mbito pol\u00edtico-electoral y en temas de registro civil.<\/p>\n\n\n\n<p><br>La catedr\u00e1tica universitaria es considerada como la candidata adecuada para ocupar la posici\u00f3n, ya que contribuir\u00e1 al fortalecimiento del sistema de partidos y las instituciones democr\u00e1ticas.<\/p>\n\n\n\n<p><br>En su trayectoria profesional, Nurys Paulino ha dedicado m\u00e1s de treinta a\u00f1os al servicio p\u00fablico y a la promoci\u00f3n de la transparencia electoral. A lo largo de su carrera, ha acumulado una amplia experiencia trabajando en diversas instituciones gubernamentales, medios de comunicaci\u00f3n y organizaciones de la sociedad civil, donde lider\u00f3 iniciativas enfocadas en la modernizaci\u00f3n de los procesos electorales y en el registro civil.<\/p>\n\n\n\n<p><br>Su experiencia le permitir\u00e1 tomar decisiones colegiadas junto al presidente en temas relacionados con la organizaci\u00f3n y administraci\u00f3n de procesos electorales y del Registro Civil, participar activamente en las sesiones del Pleno, debatiendo y votando sobre los temas de inter\u00e9s; y supervisar las diferentes \u00e1reas y departamentos de la JCE, conforme a las designaciones asignadas a los miembros de la JCE.<\/p>\n\n\n\n<p><br>Su labor como directora del Departamento de Publicaciones de la Junta Central Electoral y las organizaciones sociales le han permitido adquirir una comprensi\u00f3n profunda de las normativas y procedimientos que rigen el sistema electoral del pa\u00eds.<\/p>\n\n\n\n<p><br>Entre sus logros m\u00e1s destacados se encuentra su participaci\u00f3n activa en campa\u00f1as de orientaci\u00f3n y concientizaci\u00f3n ciudadana, en la comisi\u00f3n creada por el Pleno de la Junta Central Electoral para elaborar la propuesta de reformas a las leyes de Partidos Pol\u00edticos y R\u00e9gimen Electoral en el a\u00f1o 2020, as\u00ed como el ser miembro del jurado del primer concurso Nacional de Ensayos 2022 organizado por el Instituto Especializado Superior en Formaci\u00f3n Pol\u00edtica Electoral y del Estado Civil (IESPEC), donde demostr\u00f3 su compromiso con la educaci\u00f3n c\u00edvica y la participaci\u00f3n ciudadana.<\/p>\n","protected":false},"excerpt":{"rendered":"<p>Destacan experiencia de la catedr\u00e1tica universitaria en el \u00e1mbito pol\u00edtico electoral, su liderazgo y alta capacidad de trabajo en equipo SANTO DOMINGO.- La destacada periodista Nurys Paulino present\u00f3 hoy sus aspiraciones a miembro del pleno de la Junta Central Electoral (JCE), quien posee vasta experiencia en el \u00e1mbito pol\u00edtico-electoral y en temas de registro civil. [&hellip;]<\/p>\n","protected":false},"author":2,"featured_media":44830,"comment_status":"open","ping_status":"open","sticky":false,"template":"","format":"standard","meta":{"footnotes":""},"categories":[220],"tags":[12474,12475,12476,2084],"class_list":{"0":"post-44829","1":"post","2":"type-post","3":"status-publish","4":"format-standard","5":"has-post-thumbnail","7":"category-nacionales","8":"tag-nurys-paulino","9":"tag-pleno-de-la-junta-central-electoral-jce","10":"tag-procesos-electorales","11":"tag-registro-civil"},"yoast_head":"<!-- This site is optimized with the Yoast SEO plugin v24.9 - https:\/\/yoast.com\/wordpress\/plugins\/seo\/ -->\n<title>La experta pol\u00edtico electoral, Nurys Paulino presenta candidatura a miembro del pleno de la JCE - BLG Noticias<\/title>\n<meta name=\"robots\" content=\"index, follow, max-snippet:-1, max-image-preview:large, max-video-preview:-1\" \/>\n<link rel=\"canonical\" href=\"https:\/\/blgnoticiassantodomingo.net\/index.php\/2024\/09\/26\/la-experta-politico-electoral-nurys-paulino-presenta-candidatura-a-miembro-del-pleno-de-la-jce\/\" \/>\n<meta property=\"og:locale\" content=\"es_ES\" \/>\n<meta property=\"og:type\" content=\"article\" \/>\n<meta property=\"og:title\" content=\"La experta pol\u00edtico electoral, Nurys Paulino presenta candidatura a miembro del pleno de la JCE - BLG Noticias\" \/>\n<meta property=\"og:description\" content=\"Destacan experiencia de la catedr\u00e1tica universitaria en el \u00e1mbito pol\u00edtico electoral, su liderazgo y alta capacidad de trabajo en equipo SANTO DOMINGO.- La destacada periodista Nurys Paulino present\u00f3 hoy sus aspiraciones a miembro del pleno de la Junta Central Electoral (JCE), quien posee vasta experiencia en el \u00e1mbito pol\u00edtico-electoral y en temas de registro civil. [&hellip;]\" \/>\n<meta property=\"og:url\" content=\"https:\/\/blgnoticiassantodomingo.net\/index.php\/2024\/09\/26\/la-experta-politico-electoral-nurys-paulino-presenta-candidatura-a-miembro-del-pleno-de-la-jce\/\" \/>\n<meta property=\"og:site_name\" content=\"BLG Noticias\" \/>\n<meta property=\"article:publisher\" content=\"https:\/\/web.facebook.com\/BlgNoticias\/?locale=es_LA&amp;_rdc=1&amp;_rdr\" \/>\n<meta property=\"article:published_time\" content=\"2024-09-26T16:11:55+00:00\" \/>\n<meta property=\"article:modified_time\" content=\"2024-09-26T16:11:58+00:00\" \/>\n<meta property=\"og:image\" content=\"http:\/\/blgnoticiassantodomingo.net\/wp-content\/uploads\/2024\/09\/nurys.jpg.webp\" \/>\n\t<meta property=\"og:image:width\" content=\"1068\" \/>\n\t<meta property=\"og:image:height\" content=\"1600\" \/>\n\t<meta property=\"og:image:type\" content=\"image\/webp\" \/>\n<meta name=\"author\" content=\"Brenda Guerrero\" \/>\n<meta name=\"twitter:card\" content=\"summary_large_image\" \/>\n<meta name=\"twitter:creator\" content=\"@BlgNoticias\" \/>\n<meta name=\"twitter:site\" content=\"@BlgNoticias\" \/>\n<meta name=\"twitter:label1\" content=\"Escrito por\" \/>\n\t<meta name=\"twitter:data1\" content=\"Brenda Guerrero\" \/>\n\t<meta name=\"twitter:label2\" content=\"Tiempo de lectura\" \/>\n\t<meta name=\"twitter:data2\" content=\"2 minutos\" \/>\n<script type=\"application\/ld+json\" class=\"yoast-schema-graph\">{\"@context\":\"https:\/\/schema.org\",\"@graph\":[{\"@type\":\"Article\",\"@id\":\"https:\/\/blgnoticiassantodomingo.net\/index.php\/2024\/09\/26\/la-experta-politico-electoral-nurys-paulino-presenta-candidatura-a-miembro-del-pleno-de-la-jce\/#article\",\"isPartOf\":{\"@id\":\"https:\/\/blgnoticiassantodomingo.net\/index.php\/2024\/09\/26\/la-experta-politico-electoral-nurys-paulino-presenta-candidatura-a-miembro-del-pleno-de-la-jce\/\"},\"author\":{\"name\":\"Brenda Guerrero\",\"@id\":\"https:\/\/blgnoticiassantodomingo.net\/#\/schema\/person\/e2fc21cf88acc63dbd134be981bff374\"},\"headline\":\"La experta pol\u00edtico electoral, Nurys Paulino presenta candidatura a miembro del pleno de la JCE\",\"datePublished\":\"2024-09-26T16:11:55+00:00\",\"dateModified\":\"2024-09-26T16:11:58+00:00\",\"mainEntityOfPage\":{\"@id\":\"https:\/\/blgnoticiassantodomingo.net\/index.php\/2024\/09\/26\/la-experta-politico-electoral-nurys-paulino-presenta-candidatura-a-miembro-del-pleno-de-la-jce\/\"},\"wordCount\":377,\"commentCount\":0,\"publisher\":{\"@id\":\"https:\/\/blgnoticiassantodomingo.net\/#organization\"},\"image\":{\"@id\":\"https:\/\/blgnoticiassantodomingo.net\/index.php\/2024\/09\/26\/la-experta-politico-electoral-nurys-paulino-presenta-candidatura-a-miembro-del-pleno-de-la-jce\/#primaryimage\"},\"thumbnailUrl\":\"https:\/\/blgnoticiassantodomingo.net\/wp-content\/uploads\/2024\/09\/nurys.jpg.webp\",\"keywords\":[\"Nurys Paulino\",\"pleno de la Junta Central Electoral (JCE)\",\"procesos electorales\",\"Registro civil\"],\"articleSection\":[\"Nacionales\"],\"inLanguage\":\"es\",\"potentialAction\":[{\"@type\":\"CommentAction\",\"name\":\"Comment\",\"target\":[\"https:\/\/blgnoticiassantodomingo.net\/index.php\/2024\/09\/26\/la-experta-politico-electoral-nurys-paulino-presenta-candidatura-a-miembro-del-pleno-de-la-jce\/#respond\"]}]},{\"@type\":\"WebPage\",\"@id\":\"https:\/\/blgnoticiassantodomingo.net\/index.php\/2024\/09\/26\/la-experta-politico-electoral-nurys-paulino-presenta-candidatura-a-miembro-del-pleno-de-la-jce\/\",\"url\":\"https:\/\/blgnoticiassantodomingo.net\/index.php\/2024\/09\/26\/la-experta-politico-electoral-nurys-paulino-presenta-candidatura-a-miembro-del-pleno-de-la-jce\/\",\"name\":\"La experta pol\u00edtico electoral, Nurys Paulino presenta candidatura a miembro del pleno de la JCE - BLG Noticias\",\"isPartOf\":{\"@id\":\"https:\/\/blgnoticiassantodomingo.net\/#website\"},\"primaryImageOfPage\":{\"@id\":\"https:\/\/blgnoticiassantodomingo.net\/index.php\/2024\/09\/26\/la-experta-politico-electoral-nurys-paulino-presenta-candidatura-a-miembro-del-pleno-de-la-jce\/#primaryimage\"},\"image\":{\"@id\":\"https:\/\/blgnoticiassantodomingo.net\/index.php\/2024\/09\/26\/la-experta-politico-electoral-nurys-paulino-presenta-candidatura-a-miembro-del-pleno-de-la-jce\/#primaryimage\"},\"thumbnailUrl\":\"https:\/\/blgnoticiassantodomingo.net\/wp-content\/uploads\/2024\/09\/nurys.jpg.webp\",\"datePublished\":\"2024-09-26T16:11:55+00:00\",\"dateModified\":\"2024-09-26T16:11:58+00:00\",\"breadcrumb\":{\"@id\":\"https:\/\/blgnoticiassantodomingo.net\/index.php\/2024\/09\/26\/la-experta-politico-electoral-nurys-paulino-presenta-candidatura-a-miembro-del-pleno-de-la-jce\/#breadcrumb\"},\"inLanguage\":\"es\",\"potentialAction\":[{\"@type\":\"ReadAction\",\"target\":[\"https:\/\/blgnoticiassantodomingo.net\/index.php\/2024\/09\/26\/la-experta-politico-electoral-nurys-paulino-presenta-candidatura-a-miembro-del-pleno-de-la-jce\/\"]}]},{\"@type\":\"ImageObject\",\"inLanguage\":\"es\",\"@id\":\"https:\/\/blgnoticiassantodomingo.net\/index.php\/2024\/09\/26\/la-experta-politico-electoral-nurys-paulino-presenta-candidatura-a-miembro-del-pleno-de-la-jce\/#primaryimage\",\"url\":\"https:\/\/blgnoticiassantodomingo.net\/wp-content\/uploads\/2024\/09\/nurys.jpg.webp\",\"contentUrl\":\"https:\/\/blgnoticiassantodomingo.net\/wp-content\/uploads\/2024\/09\/nurys.jpg.webp\",\"width\":1068,\"height\":1600},{\"@type\":\"BreadcrumbList\",\"@id\":\"https:\/\/blgnoticiassantodomingo.net\/index.php\/2024\/09\/26\/la-experta-politico-electoral-nurys-paulino-presenta-candidatura-a-miembro-del-pleno-de-la-jce\/#breadcrumb\",\"itemListElement\":[{\"@type\":\"ListItem\",\"position\":1,\"name\":\"Portada\",\"item\":\"https:\/\/blgnoticiassantodomingo.net\/\"},{\"@type\":\"ListItem\",\"position\":2,\"name\":\"La experta pol\u00edtico electoral, Nurys Paulino presenta candidatura a miembro del pleno de la JCE\"}]},{\"@type\":\"WebSite\",\"@id\":\"https:\/\/blgnoticiassantodomingo.net\/#website\",\"url\":\"https:\/\/blgnoticiassantodomingo.net\/\",\"name\":\"BLG Noticias\",\"description\":\"Esto es Noticias\",\"publisher\":{\"@id\":\"https:\/\/blgnoticiassantodomingo.net\/#organization\"},\"potentialAction\":[{\"@type\":\"SearchAction\",\"target\":{\"@type\":\"EntryPoint\",\"urlTemplate\":\"https:\/\/blgnoticiassantodomingo.net\/?s={search_term_string}\"},\"query-input\":{\"@type\":\"PropertyValueSpecification\",\"valueRequired\":true,\"valueName\":\"search_term_string\"}}],\"inLanguage\":\"es\"},{\"@type\":\"Organization\",\"@id\":\"https:\/\/blgnoticiassantodomingo.net\/#organization\",\"name\":\"BLG Noticias\",\"url\":\"https:\/\/blgnoticiassantodomingo.net\/\",\"logo\":{\"@type\":\"ImageObject\",\"inLanguage\":\"es\",\"@id\":\"https:\/\/blgnoticiassantodomingo.net\/#\/schema\/logo\/image\/\",\"url\":\"https:\/\/blgnoticiassantodomingo.net\/wp-content\/uploads\/2023\/12\/Diseno-sin-titulo-3.jpg\",\"contentUrl\":\"https:\/\/blgnoticiassantodomingo.net\/wp-content\/uploads\/2023\/12\/Diseno-sin-titulo-3.jpg\",\"width\":500,\"height\":500,\"caption\":\"BLG Noticias\"},\"image\":{\"@id\":\"https:\/\/blgnoticiassantodomingo.net\/#\/schema\/logo\/image\/\"},\"sameAs\":[\"https:\/\/web.facebook.com\/BlgNoticias\/?locale=es_LA&_rdc=1&_rdr\",\"https:\/\/x.com\/BlgNoticias\",\"https:\/\/www.linkedin.com\/in\/brenda-l-santana-aa846279\/\"]},{\"@type\":\"Person\",\"@id\":\"https:\/\/blgnoticiassantodomingo.net\/#\/schema\/person\/e2fc21cf88acc63dbd134be981bff374\",\"name\":\"Brenda Guerrero\",\"image\":{\"@type\":\"ImageObject\",\"inLanguage\":\"es\",\"@id\":\"https:\/\/blgnoticiassantodomingo.net\/#\/schema\/person\/image\/\",\"url\":\"https:\/\/secure.gravatar.com\/avatar\/2f7fc4c3e3655be1580cb684bfd8ab19be702ae20879da1e072021daa02f9b8b?s=96&d=wp_user_avatar&r=g\",\"contentUrl\":\"https:\/\/secure.gravatar.com\/avatar\/2f7fc4c3e3655be1580cb684bfd8ab19be702ae20879da1e072021daa02f9b8b?s=96&d=wp_user_avatar&r=g\",\"caption\":\"Brenda Guerrero\"},\"description\":\"Periodista\",\"url\":\"https:\/\/blgnoticiassantodomingo.net\/index.php\/author\/brenda-guerrero\/\"}]}<\/script>\n<!-- \/ Yoast SEO plugin. -->","yoast_head_json":{"title":"La experta pol\u00edtico electoral, Nurys Paulino presenta candidatura a miembro del pleno de la JCE - BLG Noticias","robots":{"index":"index","follow":"follow","max-snippet":"max-snippet:-1","max-image-preview":"max-image-preview:large","max-video-preview":"max-video-preview:-1"},"canonical":"https:\/\/blgnoticiassantodomingo.net\/index.php\/2024\/09\/26\/la-experta-politico-electoral-nurys-paulino-presenta-candidatura-a-miembro-del-pleno-de-la-jce\/","og_locale":"es_ES","og_type":"article","og_title":"La experta pol\u00edtico electoral, Nurys Paulino presenta candidatura a miembro del pleno de la JCE - BLG Noticias","og_description":"Destacan experiencia de la catedr\u00e1tica universitaria en el \u00e1mbito pol\u00edtico electoral, su liderazgo y alta capacidad de trabajo en equipo SANTO DOMINGO.- La destacada periodista Nurys Paulino present\u00f3 hoy sus aspiraciones a miembro del pleno de la Junta Central Electoral (JCE), quien posee vasta experiencia en el \u00e1mbito pol\u00edtico-electoral y en temas de registro civil. [&hellip;]","og_url":"https:\/\/blgnoticiassantodomingo.net\/index.php\/2024\/09\/26\/la-experta-politico-electoral-nurys-paulino-presenta-candidatura-a-miembro-del-pleno-de-la-jce\/","og_site_name":"BLG Noticias","article_publisher":"https:\/\/web.facebook.com\/BlgNoticias\/?locale=es_LA&_rdc=1&_rdr","article_published_time":"2024-09-26T16:11:55+00:00","article_modified_time":"2024-09-26T16:11:58+00:00","og_image":[{"width":1068,"height":1600,"url":"http:\/\/blgnoticiassantodomingo.net\/wp-content\/uploads\/2024\/09\/nurys.jpg.webp","type":"image\/webp"}],"author":"Brenda Guerrero","twitter_card":"summary_large_image","twitter_creator":"@BlgNoticias","twitter_site":"@BlgNoticias","twitter_misc":{"Escrito por":"Brenda Guerrero","Tiempo de lectura":"2 minutos"},"schema":{"@context":"https:\/\/schema.org","@graph":[{"@type":"Article","@id":"https:\/\/blgnoticiassantodomingo.net\/index.php\/2024\/09\/26\/la-experta-politico-electoral-nurys-paulino-presenta-candidatura-a-miembro-del-pleno-de-la-jce\/#article","isPartOf":{"@id":"https:\/\/blgnoticiassantodomingo.net\/index.php\/2024\/09\/26\/la-experta-politico-electoral-nurys-paulino-presenta-candidatura-a-miembro-del-pleno-de-la-jce\/"},"author":{"name":"Brenda Guerrero","@id":"https:\/\/blgnoticiassantodomingo.net\/#\/schema\/person\/e2fc21cf88acc63dbd134be981bff374"},"headline":"La experta pol\u00edtico electoral, Nurys Paulino presenta candidatura a miembro del pleno de la JCE","datePublished":"2024-09-26T16:11:55+00:00","dateModified":"2024-09-26T16:11:58+00:00","mainEntityOfPage":{"@id":"https:\/\/blgnoticiassantodomingo.net\/index.php\/2024\/09\/26\/la-experta-politico-electoral-nurys-paulino-presenta-candidatura-a-miembro-del-pleno-de-la-jce\/"},"wordCount":377,"commentCount":0,"publisher":{"@id":"https:\/\/blgnoticiassantodomingo.net\/#organization"},"image":{"@id":"https:\/\/blgnoticiassantodomingo.net\/index.php\/2024\/09\/26\/la-experta-politico-electoral-nurys-paulino-presenta-candidatura-a-miembro-del-pleno-de-la-jce\/#primaryimage"},"thumbnailUrl":"https:\/\/blgnoticiassantodomingo.net\/wp-content\/uploads\/2024\/09\/nurys.jpg.webp","keywords":["Nurys Paulino","pleno de la Junta Central Electoral (JCE)","procesos electorales","Registro civil"],"articleSection":["Nacionales"],"inLanguage":"es","potentialAction":[{"@type":"CommentAction","name":"Comment","target":["https:\/\/blgnoticiassantodomingo.net\/index.php\/2024\/09\/26\/la-experta-politico-electoral-nurys-paulino-presenta-candidatura-a-miembro-del-pleno-de-la-jce\/#respond"]}]},{"@type":"WebPage","@id":"https:\/\/blgnoticiassantodomingo.net\/index.php\/2024\/09\/26\/la-experta-politico-electoral-nurys-paulino-presenta-candidatura-a-miembro-del-pleno-de-la-jce\/","url":"https:\/\/blgnoticiassantodomingo.net\/index.php\/2024\/09\/26\/la-experta-politico-electoral-nurys-paulino-presenta-candidatura-a-miembro-del-pleno-de-la-jce\/","name":"La experta pol\u00edtico electoral, Nurys Paulino presenta candidatura a miembro del pleno de la JCE - BLG Noticias","isPartOf":{"@id":"https:\/\/blgnoticiassantodomingo.net\/#website"},"primaryImageOfPage":{"@id":"https:\/\/blgnoticiassantodomingo.net\/index.php\/2024\/09\/26\/la-experta-politico-electoral-nurys-paulino-presenta-candidatura-a-miembro-del-pleno-de-la-jce\/#primaryimage"},"image":{"@id":"https:\/\/blgnoticiassantodomingo.net\/index.php\/2024\/09\/26\/la-experta-politico-electoral-nurys-paulino-presenta-candidatura-a-miembro-del-pleno-de-la-jce\/#primaryimage"},"thumbnailUrl":"https:\/\/blgnoticiassantodomingo.net\/wp-content\/uploads\/2024\/09\/nurys.jpg.webp","datePublished":"2024-09-26T16:11:55+00:00","dateModified":"2024-09-26T16:11:58+00:00","breadcrumb":{"@id":"https:\/\/blgnoticiassantodomingo.net\/index.php\/2024\/09\/26\/la-experta-politico-electoral-nurys-paulino-presenta-candidatura-a-miembro-del-pleno-de-la-jce\/#breadcrumb"},"inLanguage":"es","potentialAction":[{"@type":"ReadAction","target":["https:\/\/blgnoticiassantodomingo.net\/index.php\/2024\/09\/26\/la-experta-politico-electoral-nurys-paulino-presenta-candidatura-a-miembro-del-pleno-de-la-jce\/"]}]},{"@type":"ImageObject","inLanguage":"es","@id":"https:\/\/blgnoticiassantodomingo.net\/index.php\/2024\/09\/26\/la-experta-politico-electoral-nurys-paulino-presenta-candidatura-a-miembro-del-pleno-de-la-jce\/#primaryimage","url":"https:\/\/blgnoticiassantodomingo.net\/wp-content\/uploads\/2024\/09\/nurys.jpg.webp","contentUrl":"https:\/\/blgnoticiassantodomingo.net\/wp-content\/uploads\/2024\/09\/nurys.jpg.webp","width":1068,"height":1600},{"@type":"BreadcrumbList","@id":"https:\/\/blgnoticiassantodomingo.net\/index.php\/2024\/09\/26\/la-experta-politico-electoral-nurys-paulino-presenta-candidatura-a-miembro-del-pleno-de-la-jce\/#breadcrumb","itemListElement":[{"@type":"ListItem","position":1,"name":"Portada","item":"https:\/\/blgnoticiassantodomingo.net\/"},{"@type":"ListItem","position":2,"name":"La experta pol\u00edtico electoral, Nurys Paulino presenta candidatura a miembro del pleno de la JCE"}]},{"@type":"WebSite","@id":"https:\/\/blgnoticiassantodomingo.net\/#website","url":"https:\/\/blgnoticiassantodomingo.net\/","name":"BLG Noticias","description":"Esto es Noticias","publisher":{"@id":"https:\/\/blgnoticiassantodomingo.net\/#organization"},"potentialAction":[{"@type":"SearchAction","target":{"@type":"EntryPoint","urlTemplate":"https:\/\/blgnoticiassantodomingo.net\/?s={search_term_string}"},"query-input":{"@type":"PropertyValueSpecification","valueRequired":true,"valueName":"search_term_string"}}],"inLanguage":"es"},{"@type":"Organization","@id":"https:\/\/blgnoticiassantodomingo.net\/#organization","name":"BLG Noticias","url":"https:\/\/blgnoticiassantodomingo.net\/","logo":{"@type":"ImageObject","inLanguage":"es","@id":"https:\/\/blgnoticiassantodomingo.net\/#\/schema\/logo\/image\/","url":"https:\/\/blgnoticiassantodomingo.net\/wp-content\/uploads\/2023\/12\/Diseno-sin-titulo-3.jpg","contentUrl":"https:\/\/blgnoticiassantodomingo.net\/wp-content\/uploads\/2023\/12\/Diseno-sin-titulo-3.jpg","width":500,"height":500,"caption":"BLG Noticias"},"image":{"@id":"https:\/\/blgnoticiassantodomingo.net\/#\/schema\/logo\/image\/"},"sameAs":["https:\/\/web.facebook.com\/BlgNoticias\/?locale=es_LA&_rdc=1&_rdr","https:\/\/x.com\/BlgNoticias","https:\/\/www.linkedin.com\/in\/brenda-l-santana-aa846279\/"]},{"@type":"Person","@id":"https:\/\/blgnoticiassantodomingo.net\/#\/schema\/person\/e2fc21cf88acc63dbd134be981bff374","name":"Brenda Guerrero","image":{"@type":"ImageObject","inLanguage":"es","@id":"https:\/\/blgnoticiassantodomingo.net\/#\/schema\/person\/image\/","url":"https:\/\/secure.gravatar.com\/avatar\/2f7fc4c3e3655be1580cb684bfd8ab19be702ae20879da1e072021daa02f9b8b?s=96&d=wp_user_avatar&r=g","contentUrl":"https:\/\/secure.gravatar.com\/avatar\/2f7fc4c3e3655be1580cb684bfd8ab19be702ae20879da1e072021daa02f9b8b?s=96&d=wp_user_avatar&r=g","caption":"Brenda Guerrero"},"description":"Periodista","url":"https:\/\/blgnoticiassantodomingo.net\/index.php\/author\/brenda-guerrero\/"}]}},"jetpack_featured_media_url":"https:\/\/blgnoticiassantodomingo.net\/wp-content\/uploads\/2024\/09\/nurys.jpg.webp","_links":{"self":[{"href":"https:\/\/blgnoticiassantodomingo.net\/index.php\/wp-json\/wp\/v2\/posts\/44829","targetHints":{"allow":["GET"]}}],"collection":[{"href":"https:\/\/blgnoticiassantodomingo.net\/index.php\/wp-json\/wp\/v2\/posts"}],"about":[{"href":"https:\/\/blgnoticiassantodomingo.net\/index.php\/wp-json\/wp\/v2\/types\/post"}],"author":[{"embeddable":true,"href":"https:\/\/blgnoticiassantodomingo.net\/index.php\/wp-json\/wp\/v2\/users\/2"}],"replies":[{"embeddable":true,"href":"https:\/\/blgnoticiassantodomingo.net\/index.php\/wp-json\/wp\/v2\/comments?post=44829"}],"version-history":[{"count":1,"href":"https:\/\/blgnoticiassantodomingo.net\/index.php\/wp-json\/wp\/v2\/posts\/44829\/revisions"}],"predecessor-version":[{"id":44831,"href":"https:\/\/blgnoticiassantodomingo.net\/index.php\/wp-json\/wp\/v2\/posts\/44829\/revisions\/44831"}],"wp:featuredmedia":[{"embeddable":true,"href":"https:\/\/blgnoticiassantodomingo.net\/index.php\/wp-json\/wp\/v2\/media\/44830"}],"wp:attachment":[{"href":"https:\/\/blgnoticiassantodomingo.net\/index.php\/wp-json\/wp\/v2\/media?parent=44829"}],"wp:term":[{"taxonomy":"category","embeddable":true,"href":"https:\/\/blgnoticiassantodomingo.net\/index.php\/wp-json\/wp\/v2\/categories?post=44829"},{"taxonomy":"post_tag","embeddable":true,"href":"https:\/\/blgnoticiassantodomingo.net\/index.php\/wp-json\/wp\/v2\/tags?post=44829"}],"curies":[{"name":"wp","href":"https:\/\/api.w.org\/{rel}","templated":true}]}}