{"id":44574,"date":"2024-09-05T19:57:59","date_gmt":"2024-09-05T23:57:59","guid":{"rendered":"https:\/\/blgnoticiassantodomingo.net\/?p=44574"},"modified":"2024-09-05T19:58:01","modified_gmt":"2024-09-05T23:58:01","slug":"presidente-abinader-destaca-estabilidad-economica-y-oportunidades-de-inversion-en-rd","status":"publish","type":"post","link":"https:\/\/blgnoticiassantodomingo.net\/index.php\/2024\/09\/05\/presidente-abinader-destaca-estabilidad-economica-y-oportunidades-de-inversion-en-rd\/","title":{"rendered":"Presidente Abinader destaca estabilidad econ\u00f3mica y oportunidades de inversi\u00f3n en RD"},"content":{"rendered":"\n<p><strong><em>Mandatario habla en NY en conferencia sobre Infraestructuras de Inversi\u00f3n.<\/em><\/strong><\/p>\n\n\n\n<p>Nueva York. &#8211; El presidente Luis Abinader destac\u00f3 este mi\u00e9rcoles que, durante m\u00e1s de cincuenta a\u00f1os, la econom\u00eda dominicana ha registrado un logro notable en la regi\u00f3n: un crecimiento econ\u00f3mico promedio anual de alrededor del 5%, alcanzando un producto interno bruto (PIB) de m\u00e1s de 130 mil millones de d\u00f3lares, convirtiendo a la Rep\u00fablica Dominicana en la s\u00e9ptima econom\u00eda m\u00e1s grande en Am\u00e9rica Latina y el Caribe.<\/p>\n\n\n\n<p>Asimismo, el mandatario dijo que, la estabilidad macroecon\u00f3mica ha atra\u00eddo a los inversores al favorable clima de negocios que existe en el pa\u00eds y que el resultado es un importante flujo de inversi\u00f3n extranjera directa, que en los \u00faltimos a\u00f1os ha representado cerca del 4% del PIB, uno de los m\u00e1s altos de la regi\u00f3n.<\/p>\n\n\n\n<p>El presidente Abinader habl\u00f3 durante su participaci\u00f3n en la Conferencia sobre Inversi\u00f3n en Infraestructura en Am\u00e9rica Latina y el Caribe del Banco de Desarrollo de Am\u00e9rica Latina y el Caribe (CAF) y Financial Times sobre identificaci\u00f3n de oportunidades para inversores y gesti\u00f3n de activos.<\/p>\n\n\n\n<p>Expuso que esta realidad ha sido reconocida por Fitch, Standard and Poor\u2019s y Moody\u2019s, que recientemente han mejorado la calificaci\u00f3n o perspectiva y, adem\u00e1s, seg\u00fan el \u00cdndice de Bonos de Mercados Emergentes (EMBI), el riesgo pa\u00eds de Rep\u00fablica Dominicana es menor que el de otras naciones con calificaci\u00f3n de grado de inversi\u00f3n, lo que permite un menor costo de acceso a los mercados financieros.<\/p>\n\n\n\n<p>El gobernante dominicano expres\u00f3 que, para una audiencia de expertos, esta reuni\u00f3n es esencial para desarrollar nuevos enfoques que faciliten el acceso oportuno y adecuado al financiamiento internacional para la inversi\u00f3n en infraestructura.<\/p>\n\n\n\n<p>Como ejemplos dominicanos que dijo, encontrar\u00e1n eco en la regi\u00f3n, cit\u00f3 que, en el sector energ\u00e9tico, necesitar\u00e1n invertir alrededor de 5,400 millones de d\u00f3lares en los pr\u00f3ximos a\u00f1os para continuar la importante transformaci\u00f3n en generaci\u00f3n, transmisi\u00f3n y distribuci\u00f3n. \u201cNuestro objetivo es lograr una reserva fr\u00eda para el a\u00f1o 2027, creando un excedente que nos permita tender un cable submarino para vender electricidad a Puerto Rico. Otro objetivo es alcanzar el 30% de generaci\u00f3n renovable para 2030\u201d.<\/p>\n\n\n\n<p>Rep\u00fablica Dominicana sea reconocida como un hub log\u00edstico de clase mundial<\/p>\n\n\n\n<p>En cuanto al tema crucial de la log\u00edstica, explic\u00f3 ha venido desarrollando la infraestructura f\u00edsica y humana necesaria para que Rep\u00fablica Dominicana sea reconocida como un hub log\u00edstico de clase mundial.<\/p>\n\n\n\n<p>En ese sentido, indic\u00f3 que, en conectividad portuaria, el pa\u00eds cuenta con 10 puertos mar\u00edtimos que manejan carga internacional, camino a alcanzar los 2,5 millones de TEU al a\u00f1o y tambi\u00e9n con 8 aeropuertos que le conectan con 170 destinos en todo el mundo.<\/p>\n\n\n\n<p>El jefe de Estado dominicano destac\u00f3, adem\u00e1s, que han construido numerosos puertos tur\u00edsticos y muelles pesqueros y que, en la costa norte, en el puerto de Manzanillo, est\u00e1n construyendo un gran muelle log\u00edstico multimodal que acercar\u00e1 a\u00fan m\u00e1s las exportaciones dominicanas a la costa este de Estados Unidos.<\/p>\n\n\n\n<p>Adem\u00e1s, explic\u00f3, cuentan con un sector privado din\u00e1mico comprometido con asociaciones p\u00fablico-privadas para ampliar, construir y operar puertos y aeropuertos.<\/p>\n\n\n\n<p>Dijo que, dado que la conectividad es un elemento esencial para el comercio, el turismo y las inversiones, recientemente ha firmado importantes acuerdos de cielos abiertos con Estados Unidos y Canad\u00e1.<\/p>\n\n\n\n<p>Evidente fortaleza para atraer inversi\u00f3n extranjera en sector tur\u00edstico<\/p>\n\n\n\n<figure class=\"wp-block-pullquote\"><blockquote><p>\u201cMi gobierno est\u00e1 desarrollando un Sistema Integrado de Transporte para las dos zonas urbanas m\u00e1s importantes del pa\u00eds: Santo Domingo y Santiago, que incluye importantes proyectos de infraestructura como monorrieles, telef\u00e9ricos y la ampliaci\u00f3n del metro de Santo Domingo\u201d, resalt\u00f3 Abinader.<\/p><\/blockquote><\/figure>\n\n\n\n<p>Y agreg\u00f3: \u201cNuestra fortaleza para atraer inversi\u00f3n extranjera es evidente en nuestro sector tur\u00edstico, especialmente en Punta Cana y Miches. Ahora estamos impulsando un nuevo polo tur\u00edstico en el sur del pa\u00eds, en Pedernales.<\/p>\n\n\n\n<p>En ese orden, el mandatario manifest\u00f3 que est\u00e1n revitalizando la zona tur\u00edstica de Puerto Plata con el desarrollo de Playa Bergant\u00edn, un ambicioso proyecto tur\u00edstico e inmobiliario desarrollado por el sector privado y orientado a fomentar la innovaci\u00f3n en el \u00e1mbito digital y que Incluir\u00e1, entre otras caracter\u00edsticas, un campus acad\u00e9mico, un estudio de cine, un campo de golf y una amplia infraestructura vial.<\/p>\n\n\n\n<p>Sostuvo que la tecnolog\u00eda es fundamental para un desarrollo r\u00e1pido y sostenible y que por ello emiti\u00f3 un decreto declarando alta prioridad nacional la promoci\u00f3n, innovaci\u00f3n y desarrollo de la industria de semiconductores y ordenando la formaci\u00f3n de una Estrategia Nacional para la Promoci\u00f3n de la Industria de Semiconductores.<\/p>\n\n\n\n<p>Al hacer referencia al sector minero, explic\u00f3 que est\u00e1 comprometido con expandir las operaciones en Rep\u00fablica Dominicana. \u201cEl pa\u00eds tiene oro, plata y n\u00edquel, y ha tenido bauxita. Se\u00f1or\u00edas, donde hay bauxita, suelen estar presentes elementos de tierras raras. Actualmente estamos explorando esta posibilidad con la ayuda del Cuerpo de Ingenieros del Ej\u00e9rcito de EE. UU. Tambi\u00e9n somos muy conscientes de los est\u00e1ndares internacionales establecidos para la miner\u00eda por la Iniciativa para la Transparencia de las Industrias Extractivas (EITI), que adoptamos en 2016\u201d.<\/p>\n\n\n\n<p>Plenamente comprometido con nuevas inversiones en infraestructura<\/p>\n\n\n\n<p>El gobernante dominicano enfatiz\u00f3 que est\u00e1 plenamente comprometido a allanar el camino para nuevas inversiones en infraestructura, que son esenciales para impulsar el desarrollo sostenible y lograr un c\u00edrculo virtuoso de prosperidad y crecimiento en las Am\u00e9ricas.<\/p>\n\n\n\n<p>Afirm\u00f3 que el crecimiento econ\u00f3mico inclusivo y sostenible, la estabilidad pol\u00edtica y la libertad individual est\u00e1n intr\u00ednsecamente vinculados y s\u00f3lo pueden prosperar verdaderamente bajo sistemas democr\u00e1ticos que protejan los derechos humanos y consider\u00f3 que el desarrollo dentro de una democracia es un factor fundamental para que los frutos de esa democracia lleguen a todos los ciudadanos.<\/p>\n\n\n\n<p>Concluy\u00f3 diciendo que: \u201cTrabajar para lograr estos objetivos es el legado m\u00e1s valioso que podemos dejar a las generaciones futuras. Nuestro gobierno est\u00e1 a favor de las empresas, del empleo, del crecimiento y de la innovaci\u00f3n. Por favor, visiten la Rep\u00fablica Dominicana pronto\u201d.<\/p>\n","protected":false},"excerpt":{"rendered":"<p>Mandatario habla en NY en conferencia sobre Infraestructuras de Inversi\u00f3n. Nueva York. &#8211; El presidente Luis Abinader destac\u00f3 este mi\u00e9rcoles que, durante m\u00e1s de cincuenta a\u00f1os, la econom\u00eda dominicana ha registrado un logro notable en la regi\u00f3n: un crecimiento econ\u00f3mico promedio anual de alrededor del 5%, alcanzando un producto interno bruto (PIB) de m\u00e1s de [&hellip;]<\/p>\n","protected":false},"author":2,"featured_media":44575,"comment_status":"open","ping_status":"open","sticky":false,"template":"","format":"standard","meta":{"footnotes":""},"categories":[225,220],"tags":[6285],"class_list":{"0":"post-44574","1":"post","2":"type-post","3":"status-publish","4":"format-standard","5":"has-post-thumbnail","7":"category-economia","8":"category-nacionales","9":"tag-presidente-abinader"},"yoast_head":"<!-- This site is optimized with the Yoast SEO plugin v24.9 - https:\/\/yoast.com\/wordpress\/plugins\/seo\/ -->\n<title>Presidente Abinader destaca estabilidad econ\u00f3mica y oportunidades de inversi\u00f3n en RD - BLG Noticias<\/title>\n<meta name=\"robots\" content=\"index, follow, max-snippet:-1, max-image-preview:large, max-video-preview:-1\" \/>\n<link rel=\"canonical\" href=\"https:\/\/blgnoticiassantodomingo.net\/index.php\/2024\/09\/05\/presidente-abinader-destaca-estabilidad-economica-y-oportunidades-de-inversion-en-rd\/\" \/>\n<meta property=\"og:locale\" content=\"es_ES\" \/>\n<meta property=\"og:type\" content=\"article\" \/>\n<meta property=\"og:title\" content=\"Presidente Abinader destaca estabilidad econ\u00f3mica y oportunidades de inversi\u00f3n en RD - BLG Noticias\" \/>\n<meta property=\"og:description\" content=\"Mandatario habla en NY en conferencia sobre Infraestructuras de Inversi\u00f3n. Nueva York. &#8211; El presidente Luis Abinader destac\u00f3 este mi\u00e9rcoles que, durante m\u00e1s de cincuenta a\u00f1os, la econom\u00eda dominicana ha registrado un logro notable en la regi\u00f3n: un crecimiento econ\u00f3mico promedio anual de alrededor del 5%, alcanzando un producto interno bruto (PIB) de m\u00e1s de [&hellip;]\" \/>\n<meta property=\"og:url\" content=\"https:\/\/blgnoticiassantodomingo.net\/index.php\/2024\/09\/05\/presidente-abinader-destaca-estabilidad-economica-y-oportunidades-de-inversion-en-rd\/\" \/>\n<meta property=\"og:site_name\" content=\"BLG Noticias\" \/>\n<meta property=\"article:publisher\" content=\"https:\/\/web.facebook.com\/BlgNoticias\/?locale=es_LA&amp;_rdc=1&amp;_rdr\" \/>\n<meta property=\"article:published_time\" content=\"2024-09-05T23:57:59+00:00\" \/>\n<meta property=\"article:modified_time\" content=\"2024-09-05T23:58:01+00:00\" \/>\n<meta property=\"og:image\" content=\"http:\/\/blgnoticiassantodomingo.net\/wp-content\/uploads\/2024\/09\/WhatsApp-Image-2024-09-04-at-11.22.05-AM.jpeg\" \/>\n\t<meta property=\"og:image:width\" content=\"1600\" \/>\n\t<meta property=\"og:image:height\" content=\"1546\" \/>\n\t<meta property=\"og:image:type\" content=\"image\/jpeg\" \/>\n<meta name=\"author\" content=\"Brenda Guerrero\" \/>\n<meta name=\"twitter:card\" content=\"summary_large_image\" \/>\n<meta name=\"twitter:creator\" content=\"@BlgNoticias\" \/>\n<meta name=\"twitter:site\" content=\"@BlgNoticias\" \/>\n<meta name=\"twitter:label1\" content=\"Escrito por\" \/>\n\t<meta name=\"twitter:data1\" content=\"Brenda Guerrero\" \/>\n\t<meta name=\"twitter:label2\" content=\"Tiempo de lectura\" \/>\n\t<meta name=\"twitter:data2\" content=\"5 minutos\" \/>\n<script type=\"application\/ld+json\" class=\"yoast-schema-graph\">{\"@context\":\"https:\/\/schema.org\",\"@graph\":[{\"@type\":\"Article\",\"@id\":\"https:\/\/blgnoticiassantodomingo.net\/index.php\/2024\/09\/05\/presidente-abinader-destaca-estabilidad-economica-y-oportunidades-de-inversion-en-rd\/#article\",\"isPartOf\":{\"@id\":\"https:\/\/blgnoticiassantodomingo.net\/index.php\/2024\/09\/05\/presidente-abinader-destaca-estabilidad-economica-y-oportunidades-de-inversion-en-rd\/\"},\"author\":{\"name\":\"Brenda Guerrero\",\"@id\":\"https:\/\/blgnoticiassantodomingo.net\/#\/schema\/person\/e2fc21cf88acc63dbd134be981bff374\"},\"headline\":\"Presidente Abinader destaca estabilidad econ\u00f3mica y oportunidades de inversi\u00f3n en RD\",\"datePublished\":\"2024-09-05T23:57:59+00:00\",\"dateModified\":\"2024-09-05T23:58:01+00:00\",\"mainEntityOfPage\":{\"@id\":\"https:\/\/blgnoticiassantodomingo.net\/index.php\/2024\/09\/05\/presidente-abinader-destaca-estabilidad-economica-y-oportunidades-de-inversion-en-rd\/\"},\"wordCount\":1072,\"commentCount\":0,\"publisher\":{\"@id\":\"https:\/\/blgnoticiassantodomingo.net\/#organization\"},\"image\":{\"@id\":\"https:\/\/blgnoticiassantodomingo.net\/index.php\/2024\/09\/05\/presidente-abinader-destaca-estabilidad-economica-y-oportunidades-de-inversion-en-rd\/#primaryimage\"},\"thumbnailUrl\":\"https:\/\/blgnoticiassantodomingo.net\/wp-content\/uploads\/2024\/09\/WhatsApp-Image-2024-09-04-at-11.22.05-AM.jpeg\",\"keywords\":[\"Presidente Abinader\"],\"articleSection\":[\"Economia\",\"Nacionales\"],\"inLanguage\":\"es\",\"potentialAction\":[{\"@type\":\"CommentAction\",\"name\":\"Comment\",\"target\":[\"https:\/\/blgnoticiassantodomingo.net\/index.php\/2024\/09\/05\/presidente-abinader-destaca-estabilidad-economica-y-oportunidades-de-inversion-en-rd\/#respond\"]}]},{\"@type\":\"WebPage\",\"@id\":\"https:\/\/blgnoticiassantodomingo.net\/index.php\/2024\/09\/05\/presidente-abinader-destaca-estabilidad-economica-y-oportunidades-de-inversion-en-rd\/\",\"url\":\"https:\/\/blgnoticiassantodomingo.net\/index.php\/2024\/09\/05\/presidente-abinader-destaca-estabilidad-economica-y-oportunidades-de-inversion-en-rd\/\",\"name\":\"Presidente Abinader destaca estabilidad econ\u00f3mica y oportunidades de inversi\u00f3n en RD - BLG Noticias\",\"isPartOf\":{\"@id\":\"https:\/\/blgnoticiassantodomingo.net\/#website\"},\"primaryImageOfPage\":{\"@id\":\"https:\/\/blgnoticiassantodomingo.net\/index.php\/2024\/09\/05\/presidente-abinader-destaca-estabilidad-economica-y-oportunidades-de-inversion-en-rd\/#primaryimage\"},\"image\":{\"@id\":\"https:\/\/blgnoticiassantodomingo.net\/index.php\/2024\/09\/05\/presidente-abinader-destaca-estabilidad-economica-y-oportunidades-de-inversion-en-rd\/#primaryimage\"},\"thumbnailUrl\":\"https:\/\/blgnoticiassantodomingo.net\/wp-content\/uploads\/2024\/09\/WhatsApp-Image-2024-09-04-at-11.22.05-AM.jpeg\",\"datePublished\":\"2024-09-05T23:57:59+00:00\",\"dateModified\":\"2024-09-05T23:58:01+00:00\",\"breadcrumb\":{\"@id\":\"https:\/\/blgnoticiassantodomingo.net\/index.php\/2024\/09\/05\/presidente-abinader-destaca-estabilidad-economica-y-oportunidades-de-inversion-en-rd\/#breadcrumb\"},\"inLanguage\":\"es\",\"potentialAction\":[{\"@type\":\"ReadAction\",\"target\":[\"https:\/\/blgnoticiassantodomingo.net\/index.php\/2024\/09\/05\/presidente-abinader-destaca-estabilidad-economica-y-oportunidades-de-inversion-en-rd\/\"]}]},{\"@type\":\"ImageObject\",\"inLanguage\":\"es\",\"@id\":\"https:\/\/blgnoticiassantodomingo.net\/index.php\/2024\/09\/05\/presidente-abinader-destaca-estabilidad-economica-y-oportunidades-de-inversion-en-rd\/#primaryimage\",\"url\":\"https:\/\/blgnoticiassantodomingo.net\/wp-content\/uploads\/2024\/09\/WhatsApp-Image-2024-09-04-at-11.22.05-AM.jpeg\",\"contentUrl\":\"https:\/\/blgnoticiassantodomingo.net\/wp-content\/uploads\/2024\/09\/WhatsApp-Image-2024-09-04-at-11.22.05-AM.jpeg\",\"width\":1600,\"height\":1546},{\"@type\":\"BreadcrumbList\",\"@id\":\"https:\/\/blgnoticiassantodomingo.net\/index.php\/2024\/09\/05\/presidente-abinader-destaca-estabilidad-economica-y-oportunidades-de-inversion-en-rd\/#breadcrumb\",\"itemListElement\":[{\"@type\":\"ListItem\",\"position\":1,\"name\":\"Portada\",\"item\":\"https:\/\/blgnoticiassantodomingo.net\/\"},{\"@type\":\"ListItem\",\"position\":2,\"name\":\"Presidente Abinader destaca estabilidad econ\u00f3mica y oportunidades de inversi\u00f3n en RD\"}]},{\"@type\":\"WebSite\",\"@id\":\"https:\/\/blgnoticiassantodomingo.net\/#website\",\"url\":\"https:\/\/blgnoticiassantodomingo.net\/\",\"name\":\"BLG Noticias\",\"description\":\"Esto es Noticias\",\"publisher\":{\"@id\":\"https:\/\/blgnoticiassantodomingo.net\/#organization\"},\"potentialAction\":[{\"@type\":\"SearchAction\",\"target\":{\"@type\":\"EntryPoint\",\"urlTemplate\":\"https:\/\/blgnoticiassantodomingo.net\/?s={search_term_string}\"},\"query-input\":{\"@type\":\"PropertyValueSpecification\",\"valueRequired\":true,\"valueName\":\"search_term_string\"}}],\"inLanguage\":\"es\"},{\"@type\":\"Organization\",\"@id\":\"https:\/\/blgnoticiassantodomingo.net\/#organization\",\"name\":\"BLG Noticias\",\"url\":\"https:\/\/blgnoticiassantodomingo.net\/\",\"logo\":{\"@type\":\"ImageObject\",\"inLanguage\":\"es\",\"@id\":\"https:\/\/blgnoticiassantodomingo.net\/#\/schema\/logo\/image\/\",\"url\":\"https:\/\/blgnoticiassantodomingo.net\/wp-content\/uploads\/2023\/12\/Diseno-sin-titulo-3.jpg\",\"contentUrl\":\"https:\/\/blgnoticiassantodomingo.net\/wp-content\/uploads\/2023\/12\/Diseno-sin-titulo-3.jpg\",\"width\":500,\"height\":500,\"caption\":\"BLG Noticias\"},\"image\":{\"@id\":\"https:\/\/blgnoticiassantodomingo.net\/#\/schema\/logo\/image\/\"},\"sameAs\":[\"https:\/\/web.facebook.com\/BlgNoticias\/?locale=es_LA&_rdc=1&_rdr\",\"https:\/\/x.com\/BlgNoticias\",\"https:\/\/www.linkedin.com\/in\/brenda-l-santana-aa846279\/\"]},{\"@type\":\"Person\",\"@id\":\"https:\/\/blgnoticiassantodomingo.net\/#\/schema\/person\/e2fc21cf88acc63dbd134be981bff374\",\"name\":\"Brenda Guerrero\",\"image\":{\"@type\":\"ImageObject\",\"inLanguage\":\"es\",\"@id\":\"https:\/\/blgnoticiassantodomingo.net\/#\/schema\/person\/image\/\",\"url\":\"https:\/\/secure.gravatar.com\/avatar\/2f7fc4c3e3655be1580cb684bfd8ab19be702ae20879da1e072021daa02f9b8b?s=96&d=wp_user_avatar&r=g\",\"contentUrl\":\"https:\/\/secure.gravatar.com\/avatar\/2f7fc4c3e3655be1580cb684bfd8ab19be702ae20879da1e072021daa02f9b8b?s=96&d=wp_user_avatar&r=g\",\"caption\":\"Brenda Guerrero\"},\"description\":\"Periodista\",\"url\":\"https:\/\/blgnoticiassantodomingo.net\/index.php\/author\/brenda-guerrero\/\"}]}<\/script>\n<!-- \/ Yoast SEO plugin. -->","yoast_head_json":{"title":"Presidente Abinader destaca estabilidad econ\u00f3mica y oportunidades de inversi\u00f3n en RD - BLG Noticias","robots":{"index":"index","follow":"follow","max-snippet":"max-snippet:-1","max-image-preview":"max-image-preview:large","max-video-preview":"max-video-preview:-1"},"canonical":"https:\/\/blgnoticiassantodomingo.net\/index.php\/2024\/09\/05\/presidente-abinader-destaca-estabilidad-economica-y-oportunidades-de-inversion-en-rd\/","og_locale":"es_ES","og_type":"article","og_title":"Presidente Abinader destaca estabilidad econ\u00f3mica y oportunidades de inversi\u00f3n en RD - BLG Noticias","og_description":"Mandatario habla en NY en conferencia sobre Infraestructuras de Inversi\u00f3n. Nueva York. &#8211; El presidente Luis Abinader destac\u00f3 este mi\u00e9rcoles que, durante m\u00e1s de cincuenta a\u00f1os, la econom\u00eda dominicana ha registrado un logro notable en la regi\u00f3n: un crecimiento econ\u00f3mico promedio anual de alrededor del 5%, alcanzando un producto interno bruto (PIB) de m\u00e1s de [&hellip;]","og_url":"https:\/\/blgnoticiassantodomingo.net\/index.php\/2024\/09\/05\/presidente-abinader-destaca-estabilidad-economica-y-oportunidades-de-inversion-en-rd\/","og_site_name":"BLG Noticias","article_publisher":"https:\/\/web.facebook.com\/BlgNoticias\/?locale=es_LA&_rdc=1&_rdr","article_published_time":"2024-09-05T23:57:59+00:00","article_modified_time":"2024-09-05T23:58:01+00:00","og_image":[{"width":1600,"height":1546,"url":"http:\/\/blgnoticiassantodomingo.net\/wp-content\/uploads\/2024\/09\/WhatsApp-Image-2024-09-04-at-11.22.05-AM.jpeg","type":"image\/jpeg"}],"author":"Brenda Guerrero","twitter_card":"summary_large_image","twitter_creator":"@BlgNoticias","twitter_site":"@BlgNoticias","twitter_misc":{"Escrito por":"Brenda Guerrero","Tiempo de lectura":"5 minutos"},"schema":{"@context":"https:\/\/schema.org","@graph":[{"@type":"Article","@id":"https:\/\/blgnoticiassantodomingo.net\/index.php\/2024\/09\/05\/presidente-abinader-destaca-estabilidad-economica-y-oportunidades-de-inversion-en-rd\/#article","isPartOf":{"@id":"https:\/\/blgnoticiassantodomingo.net\/index.php\/2024\/09\/05\/presidente-abinader-destaca-estabilidad-economica-y-oportunidades-de-inversion-en-rd\/"},"author":{"name":"Brenda Guerrero","@id":"https:\/\/blgnoticiassantodomingo.net\/#\/schema\/person\/e2fc21cf88acc63dbd134be981bff374"},"headline":"Presidente Abinader destaca estabilidad econ\u00f3mica y oportunidades de inversi\u00f3n en RD","datePublished":"2024-09-05T23:57:59+00:00","dateModified":"2024-09-05T23:58:01+00:00","mainEntityOfPage":{"@id":"https:\/\/blgnoticiassantodomingo.net\/index.php\/2024\/09\/05\/presidente-abinader-destaca-estabilidad-economica-y-oportunidades-de-inversion-en-rd\/"},"wordCount":1072,"commentCount":0,"publisher":{"@id":"https:\/\/blgnoticiassantodomingo.net\/#organization"},"image":{"@id":"https:\/\/blgnoticiassantodomingo.net\/index.php\/2024\/09\/05\/presidente-abinader-destaca-estabilidad-economica-y-oportunidades-de-inversion-en-rd\/#primaryimage"},"thumbnailUrl":"https:\/\/blgnoticiassantodomingo.net\/wp-content\/uploads\/2024\/09\/WhatsApp-Image-2024-09-04-at-11.22.05-AM.jpeg","keywords":["Presidente Abinader"],"articleSection":["Economia","Nacionales"],"inLanguage":"es","potentialAction":[{"@type":"CommentAction","name":"Comment","target":["https:\/\/blgnoticiassantodomingo.net\/index.php\/2024\/09\/05\/presidente-abinader-destaca-estabilidad-economica-y-oportunidades-de-inversion-en-rd\/#respond"]}]},{"@type":"WebPage","@id":"https:\/\/blgnoticiassantodomingo.net\/index.php\/2024\/09\/05\/presidente-abinader-destaca-estabilidad-economica-y-oportunidades-de-inversion-en-rd\/","url":"https:\/\/blgnoticiassantodomingo.net\/index.php\/2024\/09\/05\/presidente-abinader-destaca-estabilidad-economica-y-oportunidades-de-inversion-en-rd\/","name":"Presidente Abinader destaca estabilidad econ\u00f3mica y oportunidades de inversi\u00f3n en RD - BLG Noticias","isPartOf":{"@id":"https:\/\/blgnoticiassantodomingo.net\/#website"},"primaryImageOfPage":{"@id":"https:\/\/blgnoticiassantodomingo.net\/index.php\/2024\/09\/05\/presidente-abinader-destaca-estabilidad-economica-y-oportunidades-de-inversion-en-rd\/#primaryimage"},"image":{"@id":"https:\/\/blgnoticiassantodomingo.net\/index.php\/2024\/09\/05\/presidente-abinader-destaca-estabilidad-economica-y-oportunidades-de-inversion-en-rd\/#primaryimage"},"thumbnailUrl":"https:\/\/blgnoticiassantodomingo.net\/wp-content\/uploads\/2024\/09\/WhatsApp-Image-2024-09-04-at-11.22.05-AM.jpeg","datePublished":"2024-09-05T23:57:59+00:00","dateModified":"2024-09-05T23:58:01+00:00","breadcrumb":{"@id":"https:\/\/blgnoticiassantodomingo.net\/index.php\/2024\/09\/05\/presidente-abinader-destaca-estabilidad-economica-y-oportunidades-de-inversion-en-rd\/#breadcrumb"},"inLanguage":"es","potentialAction":[{"@type":"ReadAction","target":["https:\/\/blgnoticiassantodomingo.net\/index.php\/2024\/09\/05\/presidente-abinader-destaca-estabilidad-economica-y-oportunidades-de-inversion-en-rd\/"]}]},{"@type":"ImageObject","inLanguage":"es","@id":"https:\/\/blgnoticiassantodomingo.net\/index.php\/2024\/09\/05\/presidente-abinader-destaca-estabilidad-economica-y-oportunidades-de-inversion-en-rd\/#primaryimage","url":"https:\/\/blgnoticiassantodomingo.net\/wp-content\/uploads\/2024\/09\/WhatsApp-Image-2024-09-04-at-11.22.05-AM.jpeg","contentUrl":"https:\/\/blgnoticiassantodomingo.net\/wp-content\/uploads\/2024\/09\/WhatsApp-Image-2024-09-04-at-11.22.05-AM.jpeg","width":1600,"height":1546},{"@type":"BreadcrumbList","@id":"https:\/\/blgnoticiassantodomingo.net\/index.php\/2024\/09\/05\/presidente-abinader-destaca-estabilidad-economica-y-oportunidades-de-inversion-en-rd\/#breadcrumb","itemListElement":[{"@type":"ListItem","position":1,"name":"Portada","item":"https:\/\/blgnoticiassantodomingo.net\/"},{"@type":"ListItem","position":2,"name":"Presidente Abinader destaca estabilidad econ\u00f3mica y oportunidades de inversi\u00f3n en RD"}]},{"@type":"WebSite","@id":"https:\/\/blgnoticiassantodomingo.net\/#website","url":"https:\/\/blgnoticiassantodomingo.net\/","name":"BLG Noticias","description":"Esto es Noticias","publisher":{"@id":"https:\/\/blgnoticiassantodomingo.net\/#organization"},"potentialAction":[{"@type":"SearchAction","target":{"@type":"EntryPoint","urlTemplate":"https:\/\/blgnoticiassantodomingo.net\/?s={search_term_string}"},"query-input":{"@type":"PropertyValueSpecification","valueRequired":true,"valueName":"search_term_string"}}],"inLanguage":"es"},{"@type":"Organization","@id":"https:\/\/blgnoticiassantodomingo.net\/#organization","name":"BLG Noticias","url":"https:\/\/blgnoticiassantodomingo.net\/","logo":{"@type":"ImageObject","inLanguage":"es","@id":"https:\/\/blgnoticiassantodomingo.net\/#\/schema\/logo\/image\/","url":"https:\/\/blgnoticiassantodomingo.net\/wp-content\/uploads\/2023\/12\/Diseno-sin-titulo-3.jpg","contentUrl":"https:\/\/blgnoticiassantodomingo.net\/wp-content\/uploads\/2023\/12\/Diseno-sin-titulo-3.jpg","width":500,"height":500,"caption":"BLG Noticias"},"image":{"@id":"https:\/\/blgnoticiassantodomingo.net\/#\/schema\/logo\/image\/"},"sameAs":["https:\/\/web.facebook.com\/BlgNoticias\/?locale=es_LA&_rdc=1&_rdr","https:\/\/x.com\/BlgNoticias","https:\/\/www.linkedin.com\/in\/brenda-l-santana-aa846279\/"]},{"@type":"Person","@id":"https:\/\/blgnoticiassantodomingo.net\/#\/schema\/person\/e2fc21cf88acc63dbd134be981bff374","name":"Brenda Guerrero","image":{"@type":"ImageObject","inLanguage":"es","@id":"https:\/\/blgnoticiassantodomingo.net\/#\/schema\/person\/image\/","url":"https:\/\/secure.gravatar.com\/avatar\/2f7fc4c3e3655be1580cb684bfd8ab19be702ae20879da1e072021daa02f9b8b?s=96&d=wp_user_avatar&r=g","contentUrl":"https:\/\/secure.gravatar.com\/avatar\/2f7fc4c3e3655be1580cb684bfd8ab19be702ae20879da1e072021daa02f9b8b?s=96&d=wp_user_avatar&r=g","caption":"Brenda Guerrero"},"description":"Periodista","url":"https:\/\/blgnoticiassantodomingo.net\/index.php\/author\/brenda-guerrero\/"}]}},"jetpack_featured_media_url":"https:\/\/blgnoticiassantodomingo.net\/wp-content\/uploads\/2024\/09\/WhatsApp-Image-2024-09-04-at-11.22.05-AM.jpeg","_links":{"self":[{"href":"https:\/\/blgnoticiassantodomingo.net\/index.php\/wp-json\/wp\/v2\/posts\/44574","targetHints":{"allow":["GET"]}}],"collection":[{"href":"https:\/\/blgnoticiassantodomingo.net\/index.php\/wp-json\/wp\/v2\/posts"}],"about":[{"href":"https:\/\/blgnoticiassantodomingo.net\/index.php\/wp-json\/wp\/v2\/types\/post"}],"author":[{"embeddable":true,"href":"https:\/\/blgnoticiassantodomingo.net\/index.php\/wp-json\/wp\/v2\/users\/2"}],"replies":[{"embeddable":true,"href":"https:\/\/blgnoticiassantodomingo.net\/index.php\/wp-json\/wp\/v2\/comments?post=44574"}],"version-history":[{"count":1,"href":"https:\/\/blgnoticiassantodomingo.net\/index.php\/wp-json\/wp\/v2\/posts\/44574\/revisions"}],"predecessor-version":[{"id":44576,"href":"https:\/\/blgnoticiassantodomingo.net\/index.php\/wp-json\/wp\/v2\/posts\/44574\/revisions\/44576"}],"wp:featuredmedia":[{"embeddable":true,"href":"https:\/\/blgnoticiassantodomingo.net\/index.php\/wp-json\/wp\/v2\/media\/44575"}],"wp:attachment":[{"href":"https:\/\/blgnoticiassantodomingo.net\/index.php\/wp-json\/wp\/v2\/media?parent=44574"}],"wp:term":[{"taxonomy":"category","embeddable":true,"href":"https:\/\/blgnoticiassantodomingo.net\/index.php\/wp-json\/wp\/v2\/categories?post=44574"},{"taxonomy":"post_tag","embeddable":true,"href":"https:\/\/blgnoticiassantodomingo.net\/index.php\/wp-json\/wp\/v2\/tags?post=44574"}],"curies":[{"name":"wp","href":"https:\/\/api.w.org\/{rel}","templated":true}]}}