{"id":44459,"date":"2024-08-21T07:44:55","date_gmt":"2024-08-21T11:44:55","guid":{"rendered":"https:\/\/blgnoticiassantodomingo.net\/?p=44459"},"modified":"2024-08-21T07:44:57","modified_gmt":"2024-08-21T11:44:57","slug":"presidente-luis-abinader-crea-la-empresa-minera-dominicana-s-a-para-potenciar-la-explotacion-sostenible-de-recursos-estrategicos-como-las-tierras-raras","status":"publish","type":"post","link":"https:\/\/blgnoticiassantodomingo.net\/index.php\/2024\/08\/21\/presidente-luis-abinader-crea-la-empresa-minera-dominicana-s-a-para-potenciar-la-explotacion-sostenible-de-recursos-estrategicos-como-las-tierras-raras\/","title":{"rendered":"Presidente Luis Abinader Crea la Empresa Minera Dominicana, S.A. para Potenciar la Explotaci\u00f3n Sostenible de Recursos Estrat\u00e9gicos como las Tierras Raras"},"content":{"rendered":"\n<p>Mediante el decreto n\u00famero 453-24, el Presidente de la Rep\u00fablica, Luis Abinader, ha dispuesto la creaci\u00f3n de la Empresa Minera Dominicana, S.A. (EMIDOM), una entidad p\u00fablica de capital \u00fanico estatal, cuyo prop\u00f3sito es la exploraci\u00f3n y explotaci\u00f3n de los recursos mineros estrat\u00e9gicos del pa\u00eds, particularmente aquellos relacionados con las Tierras Raras.<\/p>\n\n\n\n<p>La Rep\u00fablica Dominicana posee un importante potencial en recursos minerales, como las Tierras Raras, que son esenciales para la producci\u00f3n de tecnolog\u00edas avanzadas, energ\u00edas renovables, y dispositivos electr\u00f3nicos. El aprovechamiento sostenible de estos recursos es crucial para fortalecer la soberan\u00eda tecnol\u00f3gica y energ\u00e9tica del pa\u00eds, adem\u00e1s de contribuir al desarrollo econ\u00f3mico, cient\u00edfico y tecnol\u00f3gico.<\/p>\n\n\n\n<p><strong>Objetivos de la EMIDOM<\/strong><\/p>\n\n\n\n<p>La EMIDOM, como parte de sus funciones, se encargar\u00e1 de ejecutar y coordinar la exploraci\u00f3n y explotaci\u00f3n de los recursos mineros estrat\u00e9gicos del pa\u00eds, as\u00ed como realizar estudios y consultor\u00edas que determinen la viabilidad econ\u00f3mica de estos proyectos. Adem\u00e1s, gestionar\u00e1 las reservas fiscales mineras, como la Reserva Fiscal Minera \u201c\u00c1vila\u201d en Pedernales, y podr\u00e1 negociar contratos y alianzas con empresas internacionales.<\/p>\n\n\n\n<p>Impacto en la econom\u00eda y el desarrollo nacional<\/p>\n\n\n\n<p>La constituci\u00f3n de EMIDOM promover\u00e1 la transferencia de tecnolog\u00eda, la capacitaci\u00f3n de recursos humanos especializados y la creaci\u00f3n de empleos de calidad. Esto fomentar\u00e1 un desarrollo socioecon\u00f3mico inclusivo y equitativo, con un enfoque en la protecci\u00f3n ambiental y el respeto a las comunidades locales. Asimismo, se espera que los ingresos generados por la explotaci\u00f3n de los recursos minerales sean utilizados para impulsar inversiones en infraestructura, educaci\u00f3n y salud, contribuyendo al bienestar general del pa\u00eds.<\/p>\n\n\n\n<p><strong>Gobernanza y transparencia<\/strong><\/p>\n\n\n\n<p>La nueva empresa estar\u00e1 adscrita al Ministerio de Energ\u00eda y Minas y contar\u00e1 con un Consejo de Administraci\u00f3n compuesto por nueve miembros, liderado por el Ministro de la Presidencia. Los est\u00e1ndares de gobernanza de EMIDOM seguir\u00e1n los principios de transparencia y mejores pr\u00e1cticas, asegurando que sus operaciones se realicen en beneficio del Estado dominicano y de toda la sociedad.<\/p>\n\n\n\n<p>Este decreto refuerza el compromiso del gobierno con el desarrollo sostenible y responsable de los recursos naturales de la naci\u00f3n, garantizando que su aprovechamiento contribuya al progreso econ\u00f3mico y social del pa\u00eds.<\/p>\n","protected":false},"excerpt":{"rendered":"<p>Mediante el decreto n\u00famero 453-24, el Presidente de la Rep\u00fablica, Luis Abinader, ha dispuesto la creaci\u00f3n de la Empresa Minera Dominicana, S.A. (EMIDOM), una entidad p\u00fablica de capital \u00fanico estatal, cuyo prop\u00f3sito es la exploraci\u00f3n y explotaci\u00f3n de los recursos mineros estrat\u00e9gicos del pa\u00eds, particularmente aquellos relacionados con las Tierras Raras. La Rep\u00fablica Dominicana posee [&hellip;]<\/p>\n","protected":false},"author":2,"featured_media":36914,"comment_status":"open","ping_status":"open","sticky":false,"template":"","format":"standard","meta":{"footnotes":""},"categories":[220],"tags":[12280,12276,12278,7705,12281,12277,12279],"class_list":{"0":"post-44459","1":"post","2":"type-post","3":"status-publish","4":"format-standard","5":"has-post-thumbnail","7":"category-nacionales","8":"tag-emidom","9":"tag-empresa-minera-dominicana","10":"tag-explotacion-sostenible","11":"tag-presidente-luis-abinader","12":"tag-recursos-mineros","13":"tag-s-a","14":"tag-tierras-raras"},"yoast_head":"<!-- This site is optimized with the Yoast SEO plugin v24.9 - https:\/\/yoast.com\/wordpress\/plugins\/seo\/ -->\n<title>Presidente Luis Abinader Crea la Empresa Minera Dominicana, S.A. para Potenciar la Explotaci\u00f3n Sostenible de Recursos Estrat\u00e9gicos como las Tierras Raras - BLG Noticias<\/title>\n<meta name=\"robots\" content=\"index, follow, max-snippet:-1, max-image-preview:large, max-video-preview:-1\" \/>\n<link rel=\"canonical\" href=\"https:\/\/blgnoticiassantodomingo.net\/index.php\/2024\/08\/21\/presidente-luis-abinader-crea-la-empresa-minera-dominicana-s-a-para-potenciar-la-explotacion-sostenible-de-recursos-estrategicos-como-las-tierras-raras\/\" \/>\n<meta property=\"og:locale\" content=\"es_ES\" \/>\n<meta property=\"og:type\" content=\"article\" \/>\n<meta property=\"og:title\" content=\"Presidente Luis Abinader Crea la Empresa Minera Dominicana, S.A. para Potenciar la Explotaci\u00f3n Sostenible de Recursos Estrat\u00e9gicos como las Tierras Raras - BLG Noticias\" \/>\n<meta property=\"og:description\" content=\"Mediante el decreto n\u00famero 453-24, el Presidente de la Rep\u00fablica, Luis Abinader, ha dispuesto la creaci\u00f3n de la Empresa Minera Dominicana, S.A. (EMIDOM), una entidad p\u00fablica de capital \u00fanico estatal, cuyo prop\u00f3sito es la exploraci\u00f3n y explotaci\u00f3n de los recursos mineros estrat\u00e9gicos del pa\u00eds, particularmente aquellos relacionados con las Tierras Raras. La Rep\u00fablica Dominicana posee [&hellip;]\" \/>\n<meta property=\"og:url\" content=\"https:\/\/blgnoticiassantodomingo.net\/index.php\/2024\/08\/21\/presidente-luis-abinader-crea-la-empresa-minera-dominicana-s-a-para-potenciar-la-explotacion-sostenible-de-recursos-estrategicos-como-las-tierras-raras\/\" \/>\n<meta property=\"og:site_name\" content=\"BLG Noticias\" \/>\n<meta property=\"article:publisher\" content=\"https:\/\/web.facebook.com\/BlgNoticias\/?locale=es_LA&amp;_rdc=1&amp;_rdr\" \/>\n<meta property=\"article:published_time\" content=\"2024-08-21T11:44:55+00:00\" \/>\n<meta property=\"article:modified_time\" content=\"2024-08-21T11:44:57+00:00\" \/>\n<meta property=\"og:image\" content=\"http:\/\/blgnoticiassantodomingo.net\/wp-content\/uploads\/2023\/10\/Palacio-Nacional2-2-1.jpg\" \/>\n\t<meta property=\"og:image:width\" content=\"1300\" \/>\n\t<meta property=\"og:image:height\" content=\"731\" \/>\n\t<meta property=\"og:image:type\" content=\"image\/jpeg\" \/>\n<meta name=\"author\" content=\"Brenda Guerrero\" \/>\n<meta name=\"twitter:card\" content=\"summary_large_image\" \/>\n<meta name=\"twitter:creator\" content=\"@BlgNoticias\" \/>\n<meta name=\"twitter:site\" content=\"@BlgNoticias\" \/>\n<meta name=\"twitter:label1\" content=\"Escrito por\" \/>\n\t<meta name=\"twitter:data1\" content=\"Brenda Guerrero\" \/>\n\t<meta name=\"twitter:label2\" content=\"Tiempo de lectura\" \/>\n\t<meta name=\"twitter:data2\" content=\"2 minutos\" \/>\n<script type=\"application\/ld+json\" class=\"yoast-schema-graph\">{\"@context\":\"https:\/\/schema.org\",\"@graph\":[{\"@type\":\"Article\",\"@id\":\"https:\/\/blgnoticiassantodomingo.net\/index.php\/2024\/08\/21\/presidente-luis-abinader-crea-la-empresa-minera-dominicana-s-a-para-potenciar-la-explotacion-sostenible-de-recursos-estrategicos-como-las-tierras-raras\/#article\",\"isPartOf\":{\"@id\":\"https:\/\/blgnoticiassantodomingo.net\/index.php\/2024\/08\/21\/presidente-luis-abinader-crea-la-empresa-minera-dominicana-s-a-para-potenciar-la-explotacion-sostenible-de-recursos-estrategicos-como-las-tierras-raras\/\"},\"author\":{\"name\":\"Brenda Guerrero\",\"@id\":\"https:\/\/blgnoticiassantodomingo.net\/#\/schema\/person\/e2fc21cf88acc63dbd134be981bff374\"},\"headline\":\"Presidente Luis Abinader Crea la Empresa Minera Dominicana, S.A. para Potenciar la Explotaci\u00f3n Sostenible de Recursos Estrat\u00e9gicos como las Tierras Raras\",\"datePublished\":\"2024-08-21T11:44:55+00:00\",\"dateModified\":\"2024-08-21T11:44:57+00:00\",\"mainEntityOfPage\":{\"@id\":\"https:\/\/blgnoticiassantodomingo.net\/index.php\/2024\/08\/21\/presidente-luis-abinader-crea-la-empresa-minera-dominicana-s-a-para-potenciar-la-explotacion-sostenible-de-recursos-estrategicos-como-las-tierras-raras\/\"},\"wordCount\":418,\"commentCount\":0,\"publisher\":{\"@id\":\"https:\/\/blgnoticiassantodomingo.net\/#organization\"},\"image\":{\"@id\":\"https:\/\/blgnoticiassantodomingo.net\/index.php\/2024\/08\/21\/presidente-luis-abinader-crea-la-empresa-minera-dominicana-s-a-para-potenciar-la-explotacion-sostenible-de-recursos-estrategicos-como-las-tierras-raras\/#primaryimage\"},\"thumbnailUrl\":\"https:\/\/blgnoticiassantodomingo.net\/wp-content\/uploads\/2023\/10\/Palacio-Nacional2-2-1.jpg\",\"keywords\":[\"EMIDOM\",\"Empresa Minera Dominicana\",\"Explotaci\u00f3n Sostenible\",\"Presidente Luis Abinader\",\"recursos mineros\",\"S.A.\",\"Tierras Raras\"],\"articleSection\":[\"Nacionales\"],\"inLanguage\":\"es\",\"potentialAction\":[{\"@type\":\"CommentAction\",\"name\":\"Comment\",\"target\":[\"https:\/\/blgnoticiassantodomingo.net\/index.php\/2024\/08\/21\/presidente-luis-abinader-crea-la-empresa-minera-dominicana-s-a-para-potenciar-la-explotacion-sostenible-de-recursos-estrategicos-como-las-tierras-raras\/#respond\"]}]},{\"@type\":\"WebPage\",\"@id\":\"https:\/\/blgnoticiassantodomingo.net\/index.php\/2024\/08\/21\/presidente-luis-abinader-crea-la-empresa-minera-dominicana-s-a-para-potenciar-la-explotacion-sostenible-de-recursos-estrategicos-como-las-tierras-raras\/\",\"url\":\"https:\/\/blgnoticiassantodomingo.net\/index.php\/2024\/08\/21\/presidente-luis-abinader-crea-la-empresa-minera-dominicana-s-a-para-potenciar-la-explotacion-sostenible-de-recursos-estrategicos-como-las-tierras-raras\/\",\"name\":\"Presidente Luis Abinader Crea la Empresa Minera Dominicana, S.A. para Potenciar la Explotaci\u00f3n Sostenible de Recursos Estrat\u00e9gicos como las Tierras Raras - BLG Noticias\",\"isPartOf\":{\"@id\":\"https:\/\/blgnoticiassantodomingo.net\/#website\"},\"primaryImageOfPage\":{\"@id\":\"https:\/\/blgnoticiassantodomingo.net\/index.php\/2024\/08\/21\/presidente-luis-abinader-crea-la-empresa-minera-dominicana-s-a-para-potenciar-la-explotacion-sostenible-de-recursos-estrategicos-como-las-tierras-raras\/#primaryimage\"},\"image\":{\"@id\":\"https:\/\/blgnoticiassantodomingo.net\/index.php\/2024\/08\/21\/presidente-luis-abinader-crea-la-empresa-minera-dominicana-s-a-para-potenciar-la-explotacion-sostenible-de-recursos-estrategicos-como-las-tierras-raras\/#primaryimage\"},\"thumbnailUrl\":\"https:\/\/blgnoticiassantodomingo.net\/wp-content\/uploads\/2023\/10\/Palacio-Nacional2-2-1.jpg\",\"datePublished\":\"2024-08-21T11:44:55+00:00\",\"dateModified\":\"2024-08-21T11:44:57+00:00\",\"breadcrumb\":{\"@id\":\"https:\/\/blgnoticiassantodomingo.net\/index.php\/2024\/08\/21\/presidente-luis-abinader-crea-la-empresa-minera-dominicana-s-a-para-potenciar-la-explotacion-sostenible-de-recursos-estrategicos-como-las-tierras-raras\/#breadcrumb\"},\"inLanguage\":\"es\",\"potentialAction\":[{\"@type\":\"ReadAction\",\"target\":[\"https:\/\/blgnoticiassantodomingo.net\/index.php\/2024\/08\/21\/presidente-luis-abinader-crea-la-empresa-minera-dominicana-s-a-para-potenciar-la-explotacion-sostenible-de-recursos-estrategicos-como-las-tierras-raras\/\"]}]},{\"@type\":\"ImageObject\",\"inLanguage\":\"es\",\"@id\":\"https:\/\/blgnoticiassantodomingo.net\/index.php\/2024\/08\/21\/presidente-luis-abinader-crea-la-empresa-minera-dominicana-s-a-para-potenciar-la-explotacion-sostenible-de-recursos-estrategicos-como-las-tierras-raras\/#primaryimage\",\"url\":\"https:\/\/blgnoticiassantodomingo.net\/wp-content\/uploads\/2023\/10\/Palacio-Nacional2-2-1.jpg\",\"contentUrl\":\"https:\/\/blgnoticiassantodomingo.net\/wp-content\/uploads\/2023\/10\/Palacio-Nacional2-2-1.jpg\",\"width\":1300,\"height\":731},{\"@type\":\"BreadcrumbList\",\"@id\":\"https:\/\/blgnoticiassantodomingo.net\/index.php\/2024\/08\/21\/presidente-luis-abinader-crea-la-empresa-minera-dominicana-s-a-para-potenciar-la-explotacion-sostenible-de-recursos-estrategicos-como-las-tierras-raras\/#breadcrumb\",\"itemListElement\":[{\"@type\":\"ListItem\",\"position\":1,\"name\":\"Portada\",\"item\":\"https:\/\/blgnoticiassantodomingo.net\/\"},{\"@type\":\"ListItem\",\"position\":2,\"name\":\"Presidente Luis Abinader Crea la Empresa Minera Dominicana, S.A. para Potenciar la Explotaci\u00f3n Sostenible de Recursos Estrat\u00e9gicos como las Tierras Raras\"}]},{\"@type\":\"WebSite\",\"@id\":\"https:\/\/blgnoticiassantodomingo.net\/#website\",\"url\":\"https:\/\/blgnoticiassantodomingo.net\/\",\"name\":\"BLG Noticias\",\"description\":\"Esto es Noticias\",\"publisher\":{\"@id\":\"https:\/\/blgnoticiassantodomingo.net\/#organization\"},\"potentialAction\":[{\"@type\":\"SearchAction\",\"target\":{\"@type\":\"EntryPoint\",\"urlTemplate\":\"https:\/\/blgnoticiassantodomingo.net\/?s={search_term_string}\"},\"query-input\":{\"@type\":\"PropertyValueSpecification\",\"valueRequired\":true,\"valueName\":\"search_term_string\"}}],\"inLanguage\":\"es\"},{\"@type\":\"Organization\",\"@id\":\"https:\/\/blgnoticiassantodomingo.net\/#organization\",\"name\":\"BLG Noticias\",\"url\":\"https:\/\/blgnoticiassantodomingo.net\/\",\"logo\":{\"@type\":\"ImageObject\",\"inLanguage\":\"es\",\"@id\":\"https:\/\/blgnoticiassantodomingo.net\/#\/schema\/logo\/image\/\",\"url\":\"https:\/\/blgnoticiassantodomingo.net\/wp-content\/uploads\/2023\/12\/Diseno-sin-titulo-3.jpg\",\"contentUrl\":\"https:\/\/blgnoticiassantodomingo.net\/wp-content\/uploads\/2023\/12\/Diseno-sin-titulo-3.jpg\",\"width\":500,\"height\":500,\"caption\":\"BLG Noticias\"},\"image\":{\"@id\":\"https:\/\/blgnoticiassantodomingo.net\/#\/schema\/logo\/image\/\"},\"sameAs\":[\"https:\/\/web.facebook.com\/BlgNoticias\/?locale=es_LA&_rdc=1&_rdr\",\"https:\/\/x.com\/BlgNoticias\",\"https:\/\/www.linkedin.com\/in\/brenda-l-santana-aa846279\/\"]},{\"@type\":\"Person\",\"@id\":\"https:\/\/blgnoticiassantodomingo.net\/#\/schema\/person\/e2fc21cf88acc63dbd134be981bff374\",\"name\":\"Brenda Guerrero\",\"image\":{\"@type\":\"ImageObject\",\"inLanguage\":\"es\",\"@id\":\"https:\/\/blgnoticiassantodomingo.net\/#\/schema\/person\/image\/\",\"url\":\"https:\/\/secure.gravatar.com\/avatar\/2f7fc4c3e3655be1580cb684bfd8ab19be702ae20879da1e072021daa02f9b8b?s=96&d=wp_user_avatar&r=g\",\"contentUrl\":\"https:\/\/secure.gravatar.com\/avatar\/2f7fc4c3e3655be1580cb684bfd8ab19be702ae20879da1e072021daa02f9b8b?s=96&d=wp_user_avatar&r=g\",\"caption\":\"Brenda Guerrero\"},\"description\":\"Periodista\",\"url\":\"https:\/\/blgnoticiassantodomingo.net\/index.php\/author\/brenda-guerrero\/\"}]}<\/script>\n<!-- \/ Yoast SEO plugin. -->","yoast_head_json":{"title":"Presidente Luis Abinader Crea la Empresa Minera Dominicana, S.A. para Potenciar la Explotaci\u00f3n Sostenible de Recursos Estrat\u00e9gicos como las Tierras Raras - BLG Noticias","robots":{"index":"index","follow":"follow","max-snippet":"max-snippet:-1","max-image-preview":"max-image-preview:large","max-video-preview":"max-video-preview:-1"},"canonical":"https:\/\/blgnoticiassantodomingo.net\/index.php\/2024\/08\/21\/presidente-luis-abinader-crea-la-empresa-minera-dominicana-s-a-para-potenciar-la-explotacion-sostenible-de-recursos-estrategicos-como-las-tierras-raras\/","og_locale":"es_ES","og_type":"article","og_title":"Presidente Luis Abinader Crea la Empresa Minera Dominicana, S.A. para Potenciar la Explotaci\u00f3n Sostenible de Recursos Estrat\u00e9gicos como las Tierras Raras - BLG Noticias","og_description":"Mediante el decreto n\u00famero 453-24, el Presidente de la Rep\u00fablica, Luis Abinader, ha dispuesto la creaci\u00f3n de la Empresa Minera Dominicana, S.A. (EMIDOM), una entidad p\u00fablica de capital \u00fanico estatal, cuyo prop\u00f3sito es la exploraci\u00f3n y explotaci\u00f3n de los recursos mineros estrat\u00e9gicos del pa\u00eds, particularmente aquellos relacionados con las Tierras Raras. La Rep\u00fablica Dominicana posee [&hellip;]","og_url":"https:\/\/blgnoticiassantodomingo.net\/index.php\/2024\/08\/21\/presidente-luis-abinader-crea-la-empresa-minera-dominicana-s-a-para-potenciar-la-explotacion-sostenible-de-recursos-estrategicos-como-las-tierras-raras\/","og_site_name":"BLG Noticias","article_publisher":"https:\/\/web.facebook.com\/BlgNoticias\/?locale=es_LA&_rdc=1&_rdr","article_published_time":"2024-08-21T11:44:55+00:00","article_modified_time":"2024-08-21T11:44:57+00:00","og_image":[{"width":1300,"height":731,"url":"http:\/\/blgnoticiassantodomingo.net\/wp-content\/uploads\/2023\/10\/Palacio-Nacional2-2-1.jpg","type":"image\/jpeg"}],"author":"Brenda Guerrero","twitter_card":"summary_large_image","twitter_creator":"@BlgNoticias","twitter_site":"@BlgNoticias","twitter_misc":{"Escrito por":"Brenda Guerrero","Tiempo de lectura":"2 minutos"},"schema":{"@context":"https:\/\/schema.org","@graph":[{"@type":"Article","@id":"https:\/\/blgnoticiassantodomingo.net\/index.php\/2024\/08\/21\/presidente-luis-abinader-crea-la-empresa-minera-dominicana-s-a-para-potenciar-la-explotacion-sostenible-de-recursos-estrategicos-como-las-tierras-raras\/#article","isPartOf":{"@id":"https:\/\/blgnoticiassantodomingo.net\/index.php\/2024\/08\/21\/presidente-luis-abinader-crea-la-empresa-minera-dominicana-s-a-para-potenciar-la-explotacion-sostenible-de-recursos-estrategicos-como-las-tierras-raras\/"},"author":{"name":"Brenda Guerrero","@id":"https:\/\/blgnoticiassantodomingo.net\/#\/schema\/person\/e2fc21cf88acc63dbd134be981bff374"},"headline":"Presidente Luis Abinader Crea la Empresa Minera Dominicana, S.A. para Potenciar la Explotaci\u00f3n Sostenible de Recursos Estrat\u00e9gicos como las Tierras Raras","datePublished":"2024-08-21T11:44:55+00:00","dateModified":"2024-08-21T11:44:57+00:00","mainEntityOfPage":{"@id":"https:\/\/blgnoticiassantodomingo.net\/index.php\/2024\/08\/21\/presidente-luis-abinader-crea-la-empresa-minera-dominicana-s-a-para-potenciar-la-explotacion-sostenible-de-recursos-estrategicos-como-las-tierras-raras\/"},"wordCount":418,"commentCount":0,"publisher":{"@id":"https:\/\/blgnoticiassantodomingo.net\/#organization"},"image":{"@id":"https:\/\/blgnoticiassantodomingo.net\/index.php\/2024\/08\/21\/presidente-luis-abinader-crea-la-empresa-minera-dominicana-s-a-para-potenciar-la-explotacion-sostenible-de-recursos-estrategicos-como-las-tierras-raras\/#primaryimage"},"thumbnailUrl":"https:\/\/blgnoticiassantodomingo.net\/wp-content\/uploads\/2023\/10\/Palacio-Nacional2-2-1.jpg","keywords":["EMIDOM","Empresa Minera Dominicana","Explotaci\u00f3n Sostenible","Presidente Luis Abinader","recursos mineros","S.A.","Tierras Raras"],"articleSection":["Nacionales"],"inLanguage":"es","potentialAction":[{"@type":"CommentAction","name":"Comment","target":["https:\/\/blgnoticiassantodomingo.net\/index.php\/2024\/08\/21\/presidente-luis-abinader-crea-la-empresa-minera-dominicana-s-a-para-potenciar-la-explotacion-sostenible-de-recursos-estrategicos-como-las-tierras-raras\/#respond"]}]},{"@type":"WebPage","@id":"https:\/\/blgnoticiassantodomingo.net\/index.php\/2024\/08\/21\/presidente-luis-abinader-crea-la-empresa-minera-dominicana-s-a-para-potenciar-la-explotacion-sostenible-de-recursos-estrategicos-como-las-tierras-raras\/","url":"https:\/\/blgnoticiassantodomingo.net\/index.php\/2024\/08\/21\/presidente-luis-abinader-crea-la-empresa-minera-dominicana-s-a-para-potenciar-la-explotacion-sostenible-de-recursos-estrategicos-como-las-tierras-raras\/","name":"Presidente Luis Abinader Crea la Empresa Minera Dominicana, S.A. para Potenciar la Explotaci\u00f3n Sostenible de Recursos Estrat\u00e9gicos como las Tierras Raras - BLG Noticias","isPartOf":{"@id":"https:\/\/blgnoticiassantodomingo.net\/#website"},"primaryImageOfPage":{"@id":"https:\/\/blgnoticiassantodomingo.net\/index.php\/2024\/08\/21\/presidente-luis-abinader-crea-la-empresa-minera-dominicana-s-a-para-potenciar-la-explotacion-sostenible-de-recursos-estrategicos-como-las-tierras-raras\/#primaryimage"},"image":{"@id":"https:\/\/blgnoticiassantodomingo.net\/index.php\/2024\/08\/21\/presidente-luis-abinader-crea-la-empresa-minera-dominicana-s-a-para-potenciar-la-explotacion-sostenible-de-recursos-estrategicos-como-las-tierras-raras\/#primaryimage"},"thumbnailUrl":"https:\/\/blgnoticiassantodomingo.net\/wp-content\/uploads\/2023\/10\/Palacio-Nacional2-2-1.jpg","datePublished":"2024-08-21T11:44:55+00:00","dateModified":"2024-08-21T11:44:57+00:00","breadcrumb":{"@id":"https:\/\/blgnoticiassantodomingo.net\/index.php\/2024\/08\/21\/presidente-luis-abinader-crea-la-empresa-minera-dominicana-s-a-para-potenciar-la-explotacion-sostenible-de-recursos-estrategicos-como-las-tierras-raras\/#breadcrumb"},"inLanguage":"es","potentialAction":[{"@type":"ReadAction","target":["https:\/\/blgnoticiassantodomingo.net\/index.php\/2024\/08\/21\/presidente-luis-abinader-crea-la-empresa-minera-dominicana-s-a-para-potenciar-la-explotacion-sostenible-de-recursos-estrategicos-como-las-tierras-raras\/"]}]},{"@type":"ImageObject","inLanguage":"es","@id":"https:\/\/blgnoticiassantodomingo.net\/index.php\/2024\/08\/21\/presidente-luis-abinader-crea-la-empresa-minera-dominicana-s-a-para-potenciar-la-explotacion-sostenible-de-recursos-estrategicos-como-las-tierras-raras\/#primaryimage","url":"https:\/\/blgnoticiassantodomingo.net\/wp-content\/uploads\/2023\/10\/Palacio-Nacional2-2-1.jpg","contentUrl":"https:\/\/blgnoticiassantodomingo.net\/wp-content\/uploads\/2023\/10\/Palacio-Nacional2-2-1.jpg","width":1300,"height":731},{"@type":"BreadcrumbList","@id":"https:\/\/blgnoticiassantodomingo.net\/index.php\/2024\/08\/21\/presidente-luis-abinader-crea-la-empresa-minera-dominicana-s-a-para-potenciar-la-explotacion-sostenible-de-recursos-estrategicos-como-las-tierras-raras\/#breadcrumb","itemListElement":[{"@type":"ListItem","position":1,"name":"Portada","item":"https:\/\/blgnoticiassantodomingo.net\/"},{"@type":"ListItem","position":2,"name":"Presidente Luis Abinader Crea la Empresa Minera Dominicana, S.A. para Potenciar la Explotaci\u00f3n Sostenible de Recursos Estrat\u00e9gicos como las Tierras Raras"}]},{"@type":"WebSite","@id":"https:\/\/blgnoticiassantodomingo.net\/#website","url":"https:\/\/blgnoticiassantodomingo.net\/","name":"BLG Noticias","description":"Esto es Noticias","publisher":{"@id":"https:\/\/blgnoticiassantodomingo.net\/#organization"},"potentialAction":[{"@type":"SearchAction","target":{"@type":"EntryPoint","urlTemplate":"https:\/\/blgnoticiassantodomingo.net\/?s={search_term_string}"},"query-input":{"@type":"PropertyValueSpecification","valueRequired":true,"valueName":"search_term_string"}}],"inLanguage":"es"},{"@type":"Organization","@id":"https:\/\/blgnoticiassantodomingo.net\/#organization","name":"BLG Noticias","url":"https:\/\/blgnoticiassantodomingo.net\/","logo":{"@type":"ImageObject","inLanguage":"es","@id":"https:\/\/blgnoticiassantodomingo.net\/#\/schema\/logo\/image\/","url":"https:\/\/blgnoticiassantodomingo.net\/wp-content\/uploads\/2023\/12\/Diseno-sin-titulo-3.jpg","contentUrl":"https:\/\/blgnoticiassantodomingo.net\/wp-content\/uploads\/2023\/12\/Diseno-sin-titulo-3.jpg","width":500,"height":500,"caption":"BLG Noticias"},"image":{"@id":"https:\/\/blgnoticiassantodomingo.net\/#\/schema\/logo\/image\/"},"sameAs":["https:\/\/web.facebook.com\/BlgNoticias\/?locale=es_LA&_rdc=1&_rdr","https:\/\/x.com\/BlgNoticias","https:\/\/www.linkedin.com\/in\/brenda-l-santana-aa846279\/"]},{"@type":"Person","@id":"https:\/\/blgnoticiassantodomingo.net\/#\/schema\/person\/e2fc21cf88acc63dbd134be981bff374","name":"Brenda Guerrero","image":{"@type":"ImageObject","inLanguage":"es","@id":"https:\/\/blgnoticiassantodomingo.net\/#\/schema\/person\/image\/","url":"https:\/\/secure.gravatar.com\/avatar\/2f7fc4c3e3655be1580cb684bfd8ab19be702ae20879da1e072021daa02f9b8b?s=96&d=wp_user_avatar&r=g","contentUrl":"https:\/\/secure.gravatar.com\/avatar\/2f7fc4c3e3655be1580cb684bfd8ab19be702ae20879da1e072021daa02f9b8b?s=96&d=wp_user_avatar&r=g","caption":"Brenda Guerrero"},"description":"Periodista","url":"https:\/\/blgnoticiassantodomingo.net\/index.php\/author\/brenda-guerrero\/"}]}},"jetpack_featured_media_url":"https:\/\/blgnoticiassantodomingo.net\/wp-content\/uploads\/2023\/10\/Palacio-Nacional2-2-1.jpg","_links":{"self":[{"href":"https:\/\/blgnoticiassantodomingo.net\/index.php\/wp-json\/wp\/v2\/posts\/44459","targetHints":{"allow":["GET"]}}],"collection":[{"href":"https:\/\/blgnoticiassantodomingo.net\/index.php\/wp-json\/wp\/v2\/posts"}],"about":[{"href":"https:\/\/blgnoticiassantodomingo.net\/index.php\/wp-json\/wp\/v2\/types\/post"}],"author":[{"embeddable":true,"href":"https:\/\/blgnoticiassantodomingo.net\/index.php\/wp-json\/wp\/v2\/users\/2"}],"replies":[{"embeddable":true,"href":"https:\/\/blgnoticiassantodomingo.net\/index.php\/wp-json\/wp\/v2\/comments?post=44459"}],"version-history":[{"count":1,"href":"https:\/\/blgnoticiassantodomingo.net\/index.php\/wp-json\/wp\/v2\/posts\/44459\/revisions"}],"predecessor-version":[{"id":44460,"href":"https:\/\/blgnoticiassantodomingo.net\/index.php\/wp-json\/wp\/v2\/posts\/44459\/revisions\/44460"}],"wp:featuredmedia":[{"embeddable":true,"href":"https:\/\/blgnoticiassantodomingo.net\/index.php\/wp-json\/wp\/v2\/media\/36914"}],"wp:attachment":[{"href":"https:\/\/blgnoticiassantodomingo.net\/index.php\/wp-json\/wp\/v2\/media?parent=44459"}],"wp:term":[{"taxonomy":"category","embeddable":true,"href":"https:\/\/blgnoticiassantodomingo.net\/index.php\/wp-json\/wp\/v2\/categories?post=44459"},{"taxonomy":"post_tag","embeddable":true,"href":"https:\/\/blgnoticiassantodomingo.net\/index.php\/wp-json\/wp\/v2\/tags?post=44459"}],"curies":[{"name":"wp","href":"https:\/\/api.w.org\/{rel}","templated":true}]}}