{"id":43998,"date":"2024-07-30T07:57:48","date_gmt":"2024-07-30T11:57:48","guid":{"rendered":"https:\/\/blgnoticiassantodomingo.net\/?p=43998"},"modified":"2024-07-30T07:57:50","modified_gmt":"2024-07-30T11:57:50","slug":"presidente-abinader-designa-mediante-decreto-nuevo-rector-del-itsc-y-nuevo-viceministro-del-ministerio-de-la-presidencia","status":"publish","type":"post","link":"https:\/\/blgnoticiassantodomingo.net\/index.php\/2024\/07\/30\/presidente-abinader-designa-mediante-decreto-nuevo-rector-del-itsc-y-nuevo-viceministro-del-ministerio-de-la-presidencia\/","title":{"rendered":"Presidente Abinader designa, mediante decreto, nuevo rector del ITSC y nuevo viceministro del Ministerio de la Presidencia"},"content":{"rendered":"\n<p>Santo Domingo.-\u00a0<strong>El presidente Luis Abinader<\/strong>\u00a0contin\u00faa haciendo cambios en su tren gubernamental, este lunes emiti\u00f3 el\u00a0<strong>Decreto n\u00famero\u00a0<\/strong><a href=\"https:\/\/presidencia.gob.do\/decretos\/405-24\"><strong>405-24<\/strong><\/a><strong>,<\/strong>\u00a0que designa a\u00a0<strong>Jos\u00e9 Ram\u00f3n Holgu\u00edn Brito<\/strong>\u00a0como el nuevo rector del\u00a0<strong>Instituto T\u00e9cnico Superior Comunitario<\/strong>\u00a0(ITSC), quien deber\u00e1 proponer una readecuaci\u00f3n\u00a0<strong>normativa y estructural<\/strong>\u00a0de la instituci\u00f3n.<\/p>\n\n\n\n<p>De igual modo, se design\u00f3, en el art\u00edculo 3, a\u00a0<strong>Luis Gregorio Madera Sued<\/strong>\u00a0como\u00a0<strong>viceministro de Monitoreo y Coordinaci\u00f3n Gubernamental\u00a0<\/strong>del Ministerio de la Presidencia.<\/p>\n","protected":false},"excerpt":{"rendered":"<p>Santo Domingo.-\u00a0El presidente Luis Abinader\u00a0contin\u00faa haciendo cambios en su tren gubernamental, este lunes emiti\u00f3 el\u00a0Decreto n\u00famero\u00a0405-24,\u00a0que designa a\u00a0Jos\u00e9 Ram\u00f3n Holgu\u00edn Brito\u00a0como el nuevo rector del\u00a0Instituto T\u00e9cnico Superior Comunitario\u00a0(ITSC), quien deber\u00e1 proponer una readecuaci\u00f3n\u00a0normativa y estructural\u00a0de la instituci\u00f3n. De igual modo, se design\u00f3, en el art\u00edculo 3, a\u00a0Luis Gregorio Madera Sued\u00a0como\u00a0viceministro de Monitoreo y Coordinaci\u00f3n Gubernamental\u00a0del [&hellip;]<\/p>\n","protected":false},"author":2,"featured_media":36914,"comment_status":"open","ping_status":"open","sticky":false,"template":"","format":"standard","meta":{"footnotes":""},"categories":[220],"tags":[11792,11790,11791,11793],"class_list":{"0":"post-43998","1":"post","2":"type-post","3":"status-publish","4":"format-standard","5":"has-post-thumbnail","7":"category-nacionales","8":"tag-instituto-tecnico-superior-comunitario-itsc","9":"tag-jose-ramon-holguin-brito","10":"tag-luis-gregorio-madera-sued","11":"tag-viceministro-de-monitoreo-y-coordinacion-gubernamental"},"yoast_head":"<!-- This site is optimized with the Yoast SEO plugin v24.9 - https:\/\/yoast.com\/wordpress\/plugins\/seo\/ -->\n<title>Presidente Abinader designa, mediante decreto, nuevo rector del ITSC y nuevo viceministro del Ministerio de la Presidencia - BLG Noticias<\/title>\n<meta name=\"robots\" content=\"index, follow, max-snippet:-1, max-image-preview:large, max-video-preview:-1\" \/>\n<link rel=\"canonical\" href=\"https:\/\/blgnoticiassantodomingo.net\/index.php\/2024\/07\/30\/presidente-abinader-designa-mediante-decreto-nuevo-rector-del-itsc-y-nuevo-viceministro-del-ministerio-de-la-presidencia\/\" \/>\n<meta property=\"og:locale\" content=\"es_ES\" \/>\n<meta property=\"og:type\" content=\"article\" \/>\n<meta property=\"og:title\" content=\"Presidente Abinader designa, mediante decreto, nuevo rector del ITSC y nuevo viceministro del Ministerio de la Presidencia - BLG Noticias\" \/>\n<meta property=\"og:description\" content=\"Santo Domingo.-\u00a0El presidente Luis Abinader\u00a0contin\u00faa haciendo cambios en su tren gubernamental, este lunes emiti\u00f3 el\u00a0Decreto n\u00famero\u00a0405-24,\u00a0que designa a\u00a0Jos\u00e9 Ram\u00f3n Holgu\u00edn Brito\u00a0como el nuevo rector del\u00a0Instituto T\u00e9cnico Superior Comunitario\u00a0(ITSC), quien deber\u00e1 proponer una readecuaci\u00f3n\u00a0normativa y estructural\u00a0de la instituci\u00f3n. De igual modo, se design\u00f3, en el art\u00edculo 3, a\u00a0Luis Gregorio Madera Sued\u00a0como\u00a0viceministro de Monitoreo y Coordinaci\u00f3n Gubernamental\u00a0del [&hellip;]\" \/>\n<meta property=\"og:url\" content=\"https:\/\/blgnoticiassantodomingo.net\/index.php\/2024\/07\/30\/presidente-abinader-designa-mediante-decreto-nuevo-rector-del-itsc-y-nuevo-viceministro-del-ministerio-de-la-presidencia\/\" \/>\n<meta property=\"og:site_name\" content=\"BLG Noticias\" \/>\n<meta property=\"article:publisher\" content=\"https:\/\/web.facebook.com\/BlgNoticias\/?locale=es_LA&amp;_rdc=1&amp;_rdr\" \/>\n<meta property=\"article:published_time\" content=\"2024-07-30T11:57:48+00:00\" \/>\n<meta property=\"article:modified_time\" content=\"2024-07-30T11:57:50+00:00\" \/>\n<meta property=\"og:image\" content=\"http:\/\/blgnoticiassantodomingo.net\/wp-content\/uploads\/2023\/10\/Palacio-Nacional2-2-1.jpg\" \/>\n\t<meta property=\"og:image:width\" content=\"1300\" \/>\n\t<meta property=\"og:image:height\" content=\"731\" \/>\n\t<meta property=\"og:image:type\" content=\"image\/jpeg\" \/>\n<meta name=\"author\" content=\"Brenda Guerrero\" \/>\n<meta name=\"twitter:card\" content=\"summary_large_image\" \/>\n<meta name=\"twitter:creator\" content=\"@BlgNoticias\" \/>\n<meta name=\"twitter:site\" content=\"@BlgNoticias\" \/>\n<meta name=\"twitter:label1\" content=\"Escrito por\" \/>\n\t<meta name=\"twitter:data1\" content=\"Brenda Guerrero\" \/>\n\t<meta name=\"twitter:label2\" content=\"Tiempo de lectura\" \/>\n\t<meta name=\"twitter:data2\" content=\"1 minuto\" \/>\n<script type=\"application\/ld+json\" class=\"yoast-schema-graph\">{\"@context\":\"https:\/\/schema.org\",\"@graph\":[{\"@type\":\"Article\",\"@id\":\"https:\/\/blgnoticiassantodomingo.net\/index.php\/2024\/07\/30\/presidente-abinader-designa-mediante-decreto-nuevo-rector-del-itsc-y-nuevo-viceministro-del-ministerio-de-la-presidencia\/#article\",\"isPartOf\":{\"@id\":\"https:\/\/blgnoticiassantodomingo.net\/index.php\/2024\/07\/30\/presidente-abinader-designa-mediante-decreto-nuevo-rector-del-itsc-y-nuevo-viceministro-del-ministerio-de-la-presidencia\/\"},\"author\":{\"name\":\"Brenda Guerrero\",\"@id\":\"https:\/\/blgnoticiassantodomingo.net\/#\/schema\/person\/e2fc21cf88acc63dbd134be981bff374\"},\"headline\":\"Presidente Abinader designa, mediante decreto, nuevo rector del ITSC y nuevo viceministro del Ministerio de la Presidencia\",\"datePublished\":\"2024-07-30T11:57:48+00:00\",\"dateModified\":\"2024-07-30T11:57:50+00:00\",\"mainEntityOfPage\":{\"@id\":\"https:\/\/blgnoticiassantodomingo.net\/index.php\/2024\/07\/30\/presidente-abinader-designa-mediante-decreto-nuevo-rector-del-itsc-y-nuevo-viceministro-del-ministerio-de-la-presidencia\/\"},\"wordCount\":100,\"commentCount\":0,\"publisher\":{\"@id\":\"https:\/\/blgnoticiassantodomingo.net\/#organization\"},\"image\":{\"@id\":\"https:\/\/blgnoticiassantodomingo.net\/index.php\/2024\/07\/30\/presidente-abinader-designa-mediante-decreto-nuevo-rector-del-itsc-y-nuevo-viceministro-del-ministerio-de-la-presidencia\/#primaryimage\"},\"thumbnailUrl\":\"https:\/\/blgnoticiassantodomingo.net\/wp-content\/uploads\/2023\/10\/Palacio-Nacional2-2-1.jpg\",\"keywords\":[\"Instituto T\u00e9cnico Superior Comunitario\u00a0(ITSC)\",\"Jos\u00e9 Ram\u00f3n Holgu\u00edn Brito\",\"Luis Gregorio Madera Sued\",\"viceministro de Monitoreo y Coordinaci\u00f3n Gubernamental\"],\"articleSection\":[\"Nacionales\"],\"inLanguage\":\"es\",\"potentialAction\":[{\"@type\":\"CommentAction\",\"name\":\"Comment\",\"target\":[\"https:\/\/blgnoticiassantodomingo.net\/index.php\/2024\/07\/30\/presidente-abinader-designa-mediante-decreto-nuevo-rector-del-itsc-y-nuevo-viceministro-del-ministerio-de-la-presidencia\/#respond\"]}]},{\"@type\":\"WebPage\",\"@id\":\"https:\/\/blgnoticiassantodomingo.net\/index.php\/2024\/07\/30\/presidente-abinader-designa-mediante-decreto-nuevo-rector-del-itsc-y-nuevo-viceministro-del-ministerio-de-la-presidencia\/\",\"url\":\"https:\/\/blgnoticiassantodomingo.net\/index.php\/2024\/07\/30\/presidente-abinader-designa-mediante-decreto-nuevo-rector-del-itsc-y-nuevo-viceministro-del-ministerio-de-la-presidencia\/\",\"name\":\"Presidente Abinader designa, mediante decreto, nuevo rector del ITSC y nuevo viceministro del Ministerio de la Presidencia - BLG Noticias\",\"isPartOf\":{\"@id\":\"https:\/\/blgnoticiassantodomingo.net\/#website\"},\"primaryImageOfPage\":{\"@id\":\"https:\/\/blgnoticiassantodomingo.net\/index.php\/2024\/07\/30\/presidente-abinader-designa-mediante-decreto-nuevo-rector-del-itsc-y-nuevo-viceministro-del-ministerio-de-la-presidencia\/#primaryimage\"},\"image\":{\"@id\":\"https:\/\/blgnoticiassantodomingo.net\/index.php\/2024\/07\/30\/presidente-abinader-designa-mediante-decreto-nuevo-rector-del-itsc-y-nuevo-viceministro-del-ministerio-de-la-presidencia\/#primaryimage\"},\"thumbnailUrl\":\"https:\/\/blgnoticiassantodomingo.net\/wp-content\/uploads\/2023\/10\/Palacio-Nacional2-2-1.jpg\",\"datePublished\":\"2024-07-30T11:57:48+00:00\",\"dateModified\":\"2024-07-30T11:57:50+00:00\",\"breadcrumb\":{\"@id\":\"https:\/\/blgnoticiassantodomingo.net\/index.php\/2024\/07\/30\/presidente-abinader-designa-mediante-decreto-nuevo-rector-del-itsc-y-nuevo-viceministro-del-ministerio-de-la-presidencia\/#breadcrumb\"},\"inLanguage\":\"es\",\"potentialAction\":[{\"@type\":\"ReadAction\",\"target\":[\"https:\/\/blgnoticiassantodomingo.net\/index.php\/2024\/07\/30\/presidente-abinader-designa-mediante-decreto-nuevo-rector-del-itsc-y-nuevo-viceministro-del-ministerio-de-la-presidencia\/\"]}]},{\"@type\":\"ImageObject\",\"inLanguage\":\"es\",\"@id\":\"https:\/\/blgnoticiassantodomingo.net\/index.php\/2024\/07\/30\/presidente-abinader-designa-mediante-decreto-nuevo-rector-del-itsc-y-nuevo-viceministro-del-ministerio-de-la-presidencia\/#primaryimage\",\"url\":\"https:\/\/blgnoticiassantodomingo.net\/wp-content\/uploads\/2023\/10\/Palacio-Nacional2-2-1.jpg\",\"contentUrl\":\"https:\/\/blgnoticiassantodomingo.net\/wp-content\/uploads\/2023\/10\/Palacio-Nacional2-2-1.jpg\",\"width\":1300,\"height\":731},{\"@type\":\"BreadcrumbList\",\"@id\":\"https:\/\/blgnoticiassantodomingo.net\/index.php\/2024\/07\/30\/presidente-abinader-designa-mediante-decreto-nuevo-rector-del-itsc-y-nuevo-viceministro-del-ministerio-de-la-presidencia\/#breadcrumb\",\"itemListElement\":[{\"@type\":\"ListItem\",\"position\":1,\"name\":\"Portada\",\"item\":\"https:\/\/blgnoticiassantodomingo.net\/\"},{\"@type\":\"ListItem\",\"position\":2,\"name\":\"Presidente Abinader designa, mediante decreto, nuevo rector del ITSC y nuevo viceministro del Ministerio de la Presidencia\"}]},{\"@type\":\"WebSite\",\"@id\":\"https:\/\/blgnoticiassantodomingo.net\/#website\",\"url\":\"https:\/\/blgnoticiassantodomingo.net\/\",\"name\":\"BLG Noticias\",\"description\":\"Esto es Noticias\",\"publisher\":{\"@id\":\"https:\/\/blgnoticiassantodomingo.net\/#organization\"},\"potentialAction\":[{\"@type\":\"SearchAction\",\"target\":{\"@type\":\"EntryPoint\",\"urlTemplate\":\"https:\/\/blgnoticiassantodomingo.net\/?s={search_term_string}\"},\"query-input\":{\"@type\":\"PropertyValueSpecification\",\"valueRequired\":true,\"valueName\":\"search_term_string\"}}],\"inLanguage\":\"es\"},{\"@type\":\"Organization\",\"@id\":\"https:\/\/blgnoticiassantodomingo.net\/#organization\",\"name\":\"BLG Noticias\",\"url\":\"https:\/\/blgnoticiassantodomingo.net\/\",\"logo\":{\"@type\":\"ImageObject\",\"inLanguage\":\"es\",\"@id\":\"https:\/\/blgnoticiassantodomingo.net\/#\/schema\/logo\/image\/\",\"url\":\"https:\/\/blgnoticiassantodomingo.net\/wp-content\/uploads\/2023\/12\/Diseno-sin-titulo-3.jpg\",\"contentUrl\":\"https:\/\/blgnoticiassantodomingo.net\/wp-content\/uploads\/2023\/12\/Diseno-sin-titulo-3.jpg\",\"width\":500,\"height\":500,\"caption\":\"BLG Noticias\"},\"image\":{\"@id\":\"https:\/\/blgnoticiassantodomingo.net\/#\/schema\/logo\/image\/\"},\"sameAs\":[\"https:\/\/web.facebook.com\/BlgNoticias\/?locale=es_LA&_rdc=1&_rdr\",\"https:\/\/x.com\/BlgNoticias\",\"https:\/\/www.linkedin.com\/in\/brenda-l-santana-aa846279\/\"]},{\"@type\":\"Person\",\"@id\":\"https:\/\/blgnoticiassantodomingo.net\/#\/schema\/person\/e2fc21cf88acc63dbd134be981bff374\",\"name\":\"Brenda Guerrero\",\"image\":{\"@type\":\"ImageObject\",\"inLanguage\":\"es\",\"@id\":\"https:\/\/blgnoticiassantodomingo.net\/#\/schema\/person\/image\/\",\"url\":\"https:\/\/secure.gravatar.com\/avatar\/2f7fc4c3e3655be1580cb684bfd8ab19be702ae20879da1e072021daa02f9b8b?s=96&d=wp_user_avatar&r=g\",\"contentUrl\":\"https:\/\/secure.gravatar.com\/avatar\/2f7fc4c3e3655be1580cb684bfd8ab19be702ae20879da1e072021daa02f9b8b?s=96&d=wp_user_avatar&r=g\",\"caption\":\"Brenda Guerrero\"},\"description\":\"Periodista\",\"url\":\"https:\/\/blgnoticiassantodomingo.net\/index.php\/author\/brenda-guerrero\/\"}]}<\/script>\n<!-- \/ Yoast SEO plugin. -->","yoast_head_json":{"title":"Presidente Abinader designa, mediante decreto, nuevo rector del ITSC y nuevo viceministro del Ministerio de la Presidencia - BLG Noticias","robots":{"index":"index","follow":"follow","max-snippet":"max-snippet:-1","max-image-preview":"max-image-preview:large","max-video-preview":"max-video-preview:-1"},"canonical":"https:\/\/blgnoticiassantodomingo.net\/index.php\/2024\/07\/30\/presidente-abinader-designa-mediante-decreto-nuevo-rector-del-itsc-y-nuevo-viceministro-del-ministerio-de-la-presidencia\/","og_locale":"es_ES","og_type":"article","og_title":"Presidente Abinader designa, mediante decreto, nuevo rector del ITSC y nuevo viceministro del Ministerio de la Presidencia - BLG Noticias","og_description":"Santo Domingo.-\u00a0El presidente Luis Abinader\u00a0contin\u00faa haciendo cambios en su tren gubernamental, este lunes emiti\u00f3 el\u00a0Decreto n\u00famero\u00a0405-24,\u00a0que designa a\u00a0Jos\u00e9 Ram\u00f3n Holgu\u00edn Brito\u00a0como el nuevo rector del\u00a0Instituto T\u00e9cnico Superior Comunitario\u00a0(ITSC), quien deber\u00e1 proponer una readecuaci\u00f3n\u00a0normativa y estructural\u00a0de la instituci\u00f3n. De igual modo, se design\u00f3, en el art\u00edculo 3, a\u00a0Luis Gregorio Madera Sued\u00a0como\u00a0viceministro de Monitoreo y Coordinaci\u00f3n Gubernamental\u00a0del [&hellip;]","og_url":"https:\/\/blgnoticiassantodomingo.net\/index.php\/2024\/07\/30\/presidente-abinader-designa-mediante-decreto-nuevo-rector-del-itsc-y-nuevo-viceministro-del-ministerio-de-la-presidencia\/","og_site_name":"BLG Noticias","article_publisher":"https:\/\/web.facebook.com\/BlgNoticias\/?locale=es_LA&_rdc=1&_rdr","article_published_time":"2024-07-30T11:57:48+00:00","article_modified_time":"2024-07-30T11:57:50+00:00","og_image":[{"width":1300,"height":731,"url":"http:\/\/blgnoticiassantodomingo.net\/wp-content\/uploads\/2023\/10\/Palacio-Nacional2-2-1.jpg","type":"image\/jpeg"}],"author":"Brenda Guerrero","twitter_card":"summary_large_image","twitter_creator":"@BlgNoticias","twitter_site":"@BlgNoticias","twitter_misc":{"Escrito por":"Brenda Guerrero","Tiempo de lectura":"1 minuto"},"schema":{"@context":"https:\/\/schema.org","@graph":[{"@type":"Article","@id":"https:\/\/blgnoticiassantodomingo.net\/index.php\/2024\/07\/30\/presidente-abinader-designa-mediante-decreto-nuevo-rector-del-itsc-y-nuevo-viceministro-del-ministerio-de-la-presidencia\/#article","isPartOf":{"@id":"https:\/\/blgnoticiassantodomingo.net\/index.php\/2024\/07\/30\/presidente-abinader-designa-mediante-decreto-nuevo-rector-del-itsc-y-nuevo-viceministro-del-ministerio-de-la-presidencia\/"},"author":{"name":"Brenda Guerrero","@id":"https:\/\/blgnoticiassantodomingo.net\/#\/schema\/person\/e2fc21cf88acc63dbd134be981bff374"},"headline":"Presidente Abinader designa, mediante decreto, nuevo rector del ITSC y nuevo viceministro del Ministerio de la Presidencia","datePublished":"2024-07-30T11:57:48+00:00","dateModified":"2024-07-30T11:57:50+00:00","mainEntityOfPage":{"@id":"https:\/\/blgnoticiassantodomingo.net\/index.php\/2024\/07\/30\/presidente-abinader-designa-mediante-decreto-nuevo-rector-del-itsc-y-nuevo-viceministro-del-ministerio-de-la-presidencia\/"},"wordCount":100,"commentCount":0,"publisher":{"@id":"https:\/\/blgnoticiassantodomingo.net\/#organization"},"image":{"@id":"https:\/\/blgnoticiassantodomingo.net\/index.php\/2024\/07\/30\/presidente-abinader-designa-mediante-decreto-nuevo-rector-del-itsc-y-nuevo-viceministro-del-ministerio-de-la-presidencia\/#primaryimage"},"thumbnailUrl":"https:\/\/blgnoticiassantodomingo.net\/wp-content\/uploads\/2023\/10\/Palacio-Nacional2-2-1.jpg","keywords":["Instituto T\u00e9cnico Superior Comunitario\u00a0(ITSC)","Jos\u00e9 Ram\u00f3n Holgu\u00edn Brito","Luis Gregorio Madera Sued","viceministro de Monitoreo y Coordinaci\u00f3n Gubernamental"],"articleSection":["Nacionales"],"inLanguage":"es","potentialAction":[{"@type":"CommentAction","name":"Comment","target":["https:\/\/blgnoticiassantodomingo.net\/index.php\/2024\/07\/30\/presidente-abinader-designa-mediante-decreto-nuevo-rector-del-itsc-y-nuevo-viceministro-del-ministerio-de-la-presidencia\/#respond"]}]},{"@type":"WebPage","@id":"https:\/\/blgnoticiassantodomingo.net\/index.php\/2024\/07\/30\/presidente-abinader-designa-mediante-decreto-nuevo-rector-del-itsc-y-nuevo-viceministro-del-ministerio-de-la-presidencia\/","url":"https:\/\/blgnoticiassantodomingo.net\/index.php\/2024\/07\/30\/presidente-abinader-designa-mediante-decreto-nuevo-rector-del-itsc-y-nuevo-viceministro-del-ministerio-de-la-presidencia\/","name":"Presidente Abinader designa, mediante decreto, nuevo rector del ITSC y nuevo viceministro del Ministerio de la Presidencia - BLG Noticias","isPartOf":{"@id":"https:\/\/blgnoticiassantodomingo.net\/#website"},"primaryImageOfPage":{"@id":"https:\/\/blgnoticiassantodomingo.net\/index.php\/2024\/07\/30\/presidente-abinader-designa-mediante-decreto-nuevo-rector-del-itsc-y-nuevo-viceministro-del-ministerio-de-la-presidencia\/#primaryimage"},"image":{"@id":"https:\/\/blgnoticiassantodomingo.net\/index.php\/2024\/07\/30\/presidente-abinader-designa-mediante-decreto-nuevo-rector-del-itsc-y-nuevo-viceministro-del-ministerio-de-la-presidencia\/#primaryimage"},"thumbnailUrl":"https:\/\/blgnoticiassantodomingo.net\/wp-content\/uploads\/2023\/10\/Palacio-Nacional2-2-1.jpg","datePublished":"2024-07-30T11:57:48+00:00","dateModified":"2024-07-30T11:57:50+00:00","breadcrumb":{"@id":"https:\/\/blgnoticiassantodomingo.net\/index.php\/2024\/07\/30\/presidente-abinader-designa-mediante-decreto-nuevo-rector-del-itsc-y-nuevo-viceministro-del-ministerio-de-la-presidencia\/#breadcrumb"},"inLanguage":"es","potentialAction":[{"@type":"ReadAction","target":["https:\/\/blgnoticiassantodomingo.net\/index.php\/2024\/07\/30\/presidente-abinader-designa-mediante-decreto-nuevo-rector-del-itsc-y-nuevo-viceministro-del-ministerio-de-la-presidencia\/"]}]},{"@type":"ImageObject","inLanguage":"es","@id":"https:\/\/blgnoticiassantodomingo.net\/index.php\/2024\/07\/30\/presidente-abinader-designa-mediante-decreto-nuevo-rector-del-itsc-y-nuevo-viceministro-del-ministerio-de-la-presidencia\/#primaryimage","url":"https:\/\/blgnoticiassantodomingo.net\/wp-content\/uploads\/2023\/10\/Palacio-Nacional2-2-1.jpg","contentUrl":"https:\/\/blgnoticiassantodomingo.net\/wp-content\/uploads\/2023\/10\/Palacio-Nacional2-2-1.jpg","width":1300,"height":731},{"@type":"BreadcrumbList","@id":"https:\/\/blgnoticiassantodomingo.net\/index.php\/2024\/07\/30\/presidente-abinader-designa-mediante-decreto-nuevo-rector-del-itsc-y-nuevo-viceministro-del-ministerio-de-la-presidencia\/#breadcrumb","itemListElement":[{"@type":"ListItem","position":1,"name":"Portada","item":"https:\/\/blgnoticiassantodomingo.net\/"},{"@type":"ListItem","position":2,"name":"Presidente Abinader designa, mediante decreto, nuevo rector del ITSC y nuevo viceministro del Ministerio de la Presidencia"}]},{"@type":"WebSite","@id":"https:\/\/blgnoticiassantodomingo.net\/#website","url":"https:\/\/blgnoticiassantodomingo.net\/","name":"BLG Noticias","description":"Esto es Noticias","publisher":{"@id":"https:\/\/blgnoticiassantodomingo.net\/#organization"},"potentialAction":[{"@type":"SearchAction","target":{"@type":"EntryPoint","urlTemplate":"https:\/\/blgnoticiassantodomingo.net\/?s={search_term_string}"},"query-input":{"@type":"PropertyValueSpecification","valueRequired":true,"valueName":"search_term_string"}}],"inLanguage":"es"},{"@type":"Organization","@id":"https:\/\/blgnoticiassantodomingo.net\/#organization","name":"BLG Noticias","url":"https:\/\/blgnoticiassantodomingo.net\/","logo":{"@type":"ImageObject","inLanguage":"es","@id":"https:\/\/blgnoticiassantodomingo.net\/#\/schema\/logo\/image\/","url":"https:\/\/blgnoticiassantodomingo.net\/wp-content\/uploads\/2023\/12\/Diseno-sin-titulo-3.jpg","contentUrl":"https:\/\/blgnoticiassantodomingo.net\/wp-content\/uploads\/2023\/12\/Diseno-sin-titulo-3.jpg","width":500,"height":500,"caption":"BLG Noticias"},"image":{"@id":"https:\/\/blgnoticiassantodomingo.net\/#\/schema\/logo\/image\/"},"sameAs":["https:\/\/web.facebook.com\/BlgNoticias\/?locale=es_LA&_rdc=1&_rdr","https:\/\/x.com\/BlgNoticias","https:\/\/www.linkedin.com\/in\/brenda-l-santana-aa846279\/"]},{"@type":"Person","@id":"https:\/\/blgnoticiassantodomingo.net\/#\/schema\/person\/e2fc21cf88acc63dbd134be981bff374","name":"Brenda Guerrero","image":{"@type":"ImageObject","inLanguage":"es","@id":"https:\/\/blgnoticiassantodomingo.net\/#\/schema\/person\/image\/","url":"https:\/\/secure.gravatar.com\/avatar\/2f7fc4c3e3655be1580cb684bfd8ab19be702ae20879da1e072021daa02f9b8b?s=96&d=wp_user_avatar&r=g","contentUrl":"https:\/\/secure.gravatar.com\/avatar\/2f7fc4c3e3655be1580cb684bfd8ab19be702ae20879da1e072021daa02f9b8b?s=96&d=wp_user_avatar&r=g","caption":"Brenda Guerrero"},"description":"Periodista","url":"https:\/\/blgnoticiassantodomingo.net\/index.php\/author\/brenda-guerrero\/"}]}},"jetpack_featured_media_url":"https:\/\/blgnoticiassantodomingo.net\/wp-content\/uploads\/2023\/10\/Palacio-Nacional2-2-1.jpg","_links":{"self":[{"href":"https:\/\/blgnoticiassantodomingo.net\/index.php\/wp-json\/wp\/v2\/posts\/43998","targetHints":{"allow":["GET"]}}],"collection":[{"href":"https:\/\/blgnoticiassantodomingo.net\/index.php\/wp-json\/wp\/v2\/posts"}],"about":[{"href":"https:\/\/blgnoticiassantodomingo.net\/index.php\/wp-json\/wp\/v2\/types\/post"}],"author":[{"embeddable":true,"href":"https:\/\/blgnoticiassantodomingo.net\/index.php\/wp-json\/wp\/v2\/users\/2"}],"replies":[{"embeddable":true,"href":"https:\/\/blgnoticiassantodomingo.net\/index.php\/wp-json\/wp\/v2\/comments?post=43998"}],"version-history":[{"count":1,"href":"https:\/\/blgnoticiassantodomingo.net\/index.php\/wp-json\/wp\/v2\/posts\/43998\/revisions"}],"predecessor-version":[{"id":43999,"href":"https:\/\/blgnoticiassantodomingo.net\/index.php\/wp-json\/wp\/v2\/posts\/43998\/revisions\/43999"}],"wp:featuredmedia":[{"embeddable":true,"href":"https:\/\/blgnoticiassantodomingo.net\/index.php\/wp-json\/wp\/v2\/media\/36914"}],"wp:attachment":[{"href":"https:\/\/blgnoticiassantodomingo.net\/index.php\/wp-json\/wp\/v2\/media?parent=43998"}],"wp:term":[{"taxonomy":"category","embeddable":true,"href":"https:\/\/blgnoticiassantodomingo.net\/index.php\/wp-json\/wp\/v2\/categories?post=43998"},{"taxonomy":"post_tag","embeddable":true,"href":"https:\/\/blgnoticiassantodomingo.net\/index.php\/wp-json\/wp\/v2\/tags?post=43998"}],"curies":[{"name":"wp","href":"https:\/\/api.w.org\/{rel}","templated":true}]}}