{"id":43624,"date":"2024-07-16T12:40:29","date_gmt":"2024-07-16T16:40:29","guid":{"rendered":"https:\/\/blgnoticiassantodomingo.net\/?p=43624"},"modified":"2024-07-16T12:40:31","modified_gmt":"2024-07-16T16:40:31","slug":"repatriacion-de-42-mujeres-colombianas-y-2-venezolanas-en-convenios-de-cooperacion","status":"publish","type":"post","link":"https:\/\/blgnoticiassantodomingo.net\/index.php\/2024\/07\/16\/repatriacion-de-42-mujeres-colombianas-y-2-venezolanas-en-convenios-de-cooperacion\/","title":{"rendered":"Repatriaci\u00f3n de 42 Mujeres Colombianas y 2 Venezolanas en Convenios de cooperaci\u00f3n."},"content":{"rendered":"\n<p>Buenos Aires.- La Red Alto al Tr\u00e1fico y la Trata (RATT Internacional &amp; Paisea Asociados ), en colaboraci\u00f3n con los gobiernos de Dominicana ,Colombia y Venezuela junto a los grupos ,RATT Colombia RATT Dominicana, RATT Venezuela representado por la ONG Ambar y la Organizacion Internacional para las Migraciones trabajan para materializar la repatriaci\u00f3n de un grupo de mujeres colombianas y venezolanas, v\u00edctimas de trata y tr\u00e1fico de personas en Santo Domingo .<\/p>\n\n\n\n<p>Este esfuerzo es un paso significativo en la lucha contra la explotaci\u00f3n y el tr\u00e1fico humano a nivel internacional.<\/p>\n\n\n\n<p>RATT Internacional, una red global comprometida con la erradicaci\u00f3n de la trata de personas, ha sido una fuerza activa en la visibilizaci\u00f3n, prevenci\u00f3n, y asistencia a v\u00edctimas de trata desde su fundaci\u00f3n convocada por la RATT Argentina L\u00ednea fundadora creada en el Honorable Senado de la Nacion en el a\u00f1o 2009. Esta organizaci\u00f3n trabaja incansablemente en conjunto con gobiernos y otras organizaciones para desarrollar pol\u00edticas p\u00fablicas y acciones concretas que protejan a las v\u00edctimas y prevengan futuros casos de explotaci\u00f3n.<\/p>\n\n\n\n<p>La repatriaci\u00f3n de estas mujeres no solo es un acto humanitario, sino tambi\u00e9n un ejemplo de la vital importancia de la cooperaci\u00f3n internacional en la lucha contra la trata de personas. La colaboraci\u00f3n los grupos RATT en Colombia, RATT Rca. Dominicana y RATT Venezuela demuestra c\u00f3mo la coordinaci\u00f3n y el compromiso entre ONGS internacionales que integran la Red Global pueden resultar en acciones efectivas para rescatar y proteger a quienes han sido explotados.<\/p>\n\n\n\n<p>El combate contra la trata de personas es un desaf\u00edo global que requiere un esfuerzo conjunto. Este convenio destaca la necesidad de mantener y fortalecer las alianzas internacionales para asegurar que ninguna v\u00edctima de trata quede sin asistencia y que los responsables sean llevados ante la justicia.<\/p>\n","protected":false},"excerpt":{"rendered":"<p>Buenos Aires.- La Red Alto al Tr\u00e1fico y la Trata (RATT Internacional &amp; Paisea Asociados ), en colaboraci\u00f3n con los gobiernos de Dominicana ,Colombia y Venezuela junto a los grupos ,RATT Colombia RATT Dominicana, RATT Venezuela representado por la ONG Ambar y la Organizacion Internacional para las Migraciones trabajan para materializar la repatriaci\u00f3n de un [&hellip;]<\/p>\n","protected":false},"author":2,"featured_media":43625,"comment_status":"open","ping_status":"open","sticky":true,"template":"","format":"standard","meta":{"footnotes":""},"categories":[220],"tags":[11492,11494,11493],"class_list":{"0":"post-43624","1":"post","2":"type-post","3":"status-publish","4":"format-standard","5":"has-post-thumbnail","7":"category-nacionales","8":"tag-la-red-alto-al-trafico-y-la-trata","9":"tag-ratt-internacional","10":"tag-ratt-internacional-paisea-asociados"},"yoast_head":"<!-- This site is optimized with the Yoast SEO plugin v24.9 - https:\/\/yoast.com\/wordpress\/plugins\/seo\/ -->\n<title>Repatriaci\u00f3n de 42 Mujeres Colombianas y 2 Venezolanas en Convenios de cooperaci\u00f3n. - BLG Noticias<\/title>\n<meta name=\"robots\" content=\"index, follow, max-snippet:-1, max-image-preview:large, max-video-preview:-1\" \/>\n<link rel=\"canonical\" href=\"https:\/\/blgnoticiassantodomingo.net\/index.php\/2024\/07\/16\/repatriacion-de-42-mujeres-colombianas-y-2-venezolanas-en-convenios-de-cooperacion\/\" \/>\n<meta property=\"og:locale\" content=\"es_ES\" \/>\n<meta property=\"og:type\" content=\"article\" \/>\n<meta property=\"og:title\" content=\"Repatriaci\u00f3n de 42 Mujeres Colombianas y 2 Venezolanas en Convenios de cooperaci\u00f3n. - BLG Noticias\" \/>\n<meta property=\"og:description\" content=\"Buenos Aires.- La Red Alto al Tr\u00e1fico y la Trata (RATT Internacional &amp; Paisea Asociados ), en colaboraci\u00f3n con los gobiernos de Dominicana ,Colombia y Venezuela junto a los grupos ,RATT Colombia RATT Dominicana, RATT Venezuela representado por la ONG Ambar y la Organizacion Internacional para las Migraciones trabajan para materializar la repatriaci\u00f3n de un [&hellip;]\" \/>\n<meta property=\"og:url\" content=\"https:\/\/blgnoticiassantodomingo.net\/index.php\/2024\/07\/16\/repatriacion-de-42-mujeres-colombianas-y-2-venezolanas-en-convenios-de-cooperacion\/\" \/>\n<meta property=\"og:site_name\" content=\"BLG Noticias\" \/>\n<meta property=\"article:publisher\" content=\"https:\/\/web.facebook.com\/BlgNoticias\/?locale=es_LA&amp;_rdc=1&amp;_rdr\" \/>\n<meta property=\"article:published_time\" content=\"2024-07-16T16:40:29+00:00\" \/>\n<meta property=\"article:modified_time\" content=\"2024-07-16T16:40:31+00:00\" \/>\n<meta property=\"og:image\" content=\"http:\/\/blgnoticiassantodomingo.net\/wp-content\/uploads\/2024\/07\/WhatsApp-Image-2024-07-16-at-9.02.31-AM.jpeg\" \/>\n\t<meta property=\"og:image:width\" content=\"1024\" \/>\n\t<meta property=\"og:image:height\" content=\"576\" \/>\n\t<meta property=\"og:image:type\" content=\"image\/jpeg\" \/>\n<meta name=\"author\" content=\"Brenda Guerrero\" \/>\n<meta name=\"twitter:card\" content=\"summary_large_image\" \/>\n<meta name=\"twitter:creator\" content=\"@BlgNoticias\" \/>\n<meta name=\"twitter:site\" content=\"@BlgNoticias\" \/>\n<meta name=\"twitter:label1\" content=\"Escrito por\" \/>\n\t<meta name=\"twitter:data1\" content=\"Brenda Guerrero\" \/>\n\t<meta name=\"twitter:label2\" content=\"Tiempo de lectura\" \/>\n\t<meta name=\"twitter:data2\" content=\"2 minutos\" \/>\n<script type=\"application\/ld+json\" class=\"yoast-schema-graph\">{\"@context\":\"https:\/\/schema.org\",\"@graph\":[{\"@type\":\"Article\",\"@id\":\"https:\/\/blgnoticiassantodomingo.net\/index.php\/2024\/07\/16\/repatriacion-de-42-mujeres-colombianas-y-2-venezolanas-en-convenios-de-cooperacion\/#article\",\"isPartOf\":{\"@id\":\"https:\/\/blgnoticiassantodomingo.net\/index.php\/2024\/07\/16\/repatriacion-de-42-mujeres-colombianas-y-2-venezolanas-en-convenios-de-cooperacion\/\"},\"author\":{\"name\":\"Brenda Guerrero\",\"@id\":\"https:\/\/blgnoticiassantodomingo.net\/#\/schema\/person\/e2fc21cf88acc63dbd134be981bff374\"},\"headline\":\"Repatriaci\u00f3n de 42 Mujeres Colombianas y 2 Venezolanas en Convenios de cooperaci\u00f3n.\",\"datePublished\":\"2024-07-16T16:40:29+00:00\",\"dateModified\":\"2024-07-16T16:40:31+00:00\",\"mainEntityOfPage\":{\"@id\":\"https:\/\/blgnoticiassantodomingo.net\/index.php\/2024\/07\/16\/repatriacion-de-42-mujeres-colombianas-y-2-venezolanas-en-convenios-de-cooperacion\/\"},\"wordCount\":328,\"commentCount\":0,\"publisher\":{\"@id\":\"https:\/\/blgnoticiassantodomingo.net\/#organization\"},\"image\":{\"@id\":\"https:\/\/blgnoticiassantodomingo.net\/index.php\/2024\/07\/16\/repatriacion-de-42-mujeres-colombianas-y-2-venezolanas-en-convenios-de-cooperacion\/#primaryimage\"},\"thumbnailUrl\":\"https:\/\/blgnoticiassantodomingo.net\/wp-content\/uploads\/2024\/07\/WhatsApp-Image-2024-07-16-at-9.02.31-AM.jpeg\",\"keywords\":[\"La Red Alto al Tr\u00e1fico y la Trata\",\"RATT Internacional\",\"RATT Internacional &amp; Paisea Asociados\"],\"articleSection\":[\"Nacionales\"],\"inLanguage\":\"es\",\"potentialAction\":[{\"@type\":\"CommentAction\",\"name\":\"Comment\",\"target\":[\"https:\/\/blgnoticiassantodomingo.net\/index.php\/2024\/07\/16\/repatriacion-de-42-mujeres-colombianas-y-2-venezolanas-en-convenios-de-cooperacion\/#respond\"]}]},{\"@type\":\"WebPage\",\"@id\":\"https:\/\/blgnoticiassantodomingo.net\/index.php\/2024\/07\/16\/repatriacion-de-42-mujeres-colombianas-y-2-venezolanas-en-convenios-de-cooperacion\/\",\"url\":\"https:\/\/blgnoticiassantodomingo.net\/index.php\/2024\/07\/16\/repatriacion-de-42-mujeres-colombianas-y-2-venezolanas-en-convenios-de-cooperacion\/\",\"name\":\"Repatriaci\u00f3n de 42 Mujeres Colombianas y 2 Venezolanas en Convenios de cooperaci\u00f3n. - BLG Noticias\",\"isPartOf\":{\"@id\":\"https:\/\/blgnoticiassantodomingo.net\/#website\"},\"primaryImageOfPage\":{\"@id\":\"https:\/\/blgnoticiassantodomingo.net\/index.php\/2024\/07\/16\/repatriacion-de-42-mujeres-colombianas-y-2-venezolanas-en-convenios-de-cooperacion\/#primaryimage\"},\"image\":{\"@id\":\"https:\/\/blgnoticiassantodomingo.net\/index.php\/2024\/07\/16\/repatriacion-de-42-mujeres-colombianas-y-2-venezolanas-en-convenios-de-cooperacion\/#primaryimage\"},\"thumbnailUrl\":\"https:\/\/blgnoticiassantodomingo.net\/wp-content\/uploads\/2024\/07\/WhatsApp-Image-2024-07-16-at-9.02.31-AM.jpeg\",\"datePublished\":\"2024-07-16T16:40:29+00:00\",\"dateModified\":\"2024-07-16T16:40:31+00:00\",\"breadcrumb\":{\"@id\":\"https:\/\/blgnoticiassantodomingo.net\/index.php\/2024\/07\/16\/repatriacion-de-42-mujeres-colombianas-y-2-venezolanas-en-convenios-de-cooperacion\/#breadcrumb\"},\"inLanguage\":\"es\",\"potentialAction\":[{\"@type\":\"ReadAction\",\"target\":[\"https:\/\/blgnoticiassantodomingo.net\/index.php\/2024\/07\/16\/repatriacion-de-42-mujeres-colombianas-y-2-venezolanas-en-convenios-de-cooperacion\/\"]}]},{\"@type\":\"ImageObject\",\"inLanguage\":\"es\",\"@id\":\"https:\/\/blgnoticiassantodomingo.net\/index.php\/2024\/07\/16\/repatriacion-de-42-mujeres-colombianas-y-2-venezolanas-en-convenios-de-cooperacion\/#primaryimage\",\"url\":\"https:\/\/blgnoticiassantodomingo.net\/wp-content\/uploads\/2024\/07\/WhatsApp-Image-2024-07-16-at-9.02.31-AM.jpeg\",\"contentUrl\":\"https:\/\/blgnoticiassantodomingo.net\/wp-content\/uploads\/2024\/07\/WhatsApp-Image-2024-07-16-at-9.02.31-AM.jpeg\",\"width\":1024,\"height\":576},{\"@type\":\"BreadcrumbList\",\"@id\":\"https:\/\/blgnoticiassantodomingo.net\/index.php\/2024\/07\/16\/repatriacion-de-42-mujeres-colombianas-y-2-venezolanas-en-convenios-de-cooperacion\/#breadcrumb\",\"itemListElement\":[{\"@type\":\"ListItem\",\"position\":1,\"name\":\"Portada\",\"item\":\"https:\/\/blgnoticiassantodomingo.net\/\"},{\"@type\":\"ListItem\",\"position\":2,\"name\":\"Repatriaci\u00f3n de 42 Mujeres Colombianas y 2 Venezolanas en Convenios de cooperaci\u00f3n.\"}]},{\"@type\":\"WebSite\",\"@id\":\"https:\/\/blgnoticiassantodomingo.net\/#website\",\"url\":\"https:\/\/blgnoticiassantodomingo.net\/\",\"name\":\"BLG Noticias\",\"description\":\"Esto es Noticias\",\"publisher\":{\"@id\":\"https:\/\/blgnoticiassantodomingo.net\/#organization\"},\"potentialAction\":[{\"@type\":\"SearchAction\",\"target\":{\"@type\":\"EntryPoint\",\"urlTemplate\":\"https:\/\/blgnoticiassantodomingo.net\/?s={search_term_string}\"},\"query-input\":{\"@type\":\"PropertyValueSpecification\",\"valueRequired\":true,\"valueName\":\"search_term_string\"}}],\"inLanguage\":\"es\"},{\"@type\":\"Organization\",\"@id\":\"https:\/\/blgnoticiassantodomingo.net\/#organization\",\"name\":\"BLG Noticias\",\"url\":\"https:\/\/blgnoticiassantodomingo.net\/\",\"logo\":{\"@type\":\"ImageObject\",\"inLanguage\":\"es\",\"@id\":\"https:\/\/blgnoticiassantodomingo.net\/#\/schema\/logo\/image\/\",\"url\":\"https:\/\/blgnoticiassantodomingo.net\/wp-content\/uploads\/2023\/12\/Diseno-sin-titulo-3.jpg\",\"contentUrl\":\"https:\/\/blgnoticiassantodomingo.net\/wp-content\/uploads\/2023\/12\/Diseno-sin-titulo-3.jpg\",\"width\":500,\"height\":500,\"caption\":\"BLG Noticias\"},\"image\":{\"@id\":\"https:\/\/blgnoticiassantodomingo.net\/#\/schema\/logo\/image\/\"},\"sameAs\":[\"https:\/\/web.facebook.com\/BlgNoticias\/?locale=es_LA&_rdc=1&_rdr\",\"https:\/\/x.com\/BlgNoticias\",\"https:\/\/www.linkedin.com\/in\/brenda-l-santana-aa846279\/\"]},{\"@type\":\"Person\",\"@id\":\"https:\/\/blgnoticiassantodomingo.net\/#\/schema\/person\/e2fc21cf88acc63dbd134be981bff374\",\"name\":\"Brenda Guerrero\",\"image\":{\"@type\":\"ImageObject\",\"inLanguage\":\"es\",\"@id\":\"https:\/\/blgnoticiassantodomingo.net\/#\/schema\/person\/image\/\",\"url\":\"https:\/\/secure.gravatar.com\/avatar\/2f7fc4c3e3655be1580cb684bfd8ab19be702ae20879da1e072021daa02f9b8b?s=96&d=wp_user_avatar&r=g\",\"contentUrl\":\"https:\/\/secure.gravatar.com\/avatar\/2f7fc4c3e3655be1580cb684bfd8ab19be702ae20879da1e072021daa02f9b8b?s=96&d=wp_user_avatar&r=g\",\"caption\":\"Brenda Guerrero\"},\"description\":\"Periodista\",\"url\":\"https:\/\/blgnoticiassantodomingo.net\/index.php\/author\/brenda-guerrero\/\"}]}<\/script>\n<!-- \/ Yoast SEO plugin. -->","yoast_head_json":{"title":"Repatriaci\u00f3n de 42 Mujeres Colombianas y 2 Venezolanas en Convenios de cooperaci\u00f3n. - BLG Noticias","robots":{"index":"index","follow":"follow","max-snippet":"max-snippet:-1","max-image-preview":"max-image-preview:large","max-video-preview":"max-video-preview:-1"},"canonical":"https:\/\/blgnoticiassantodomingo.net\/index.php\/2024\/07\/16\/repatriacion-de-42-mujeres-colombianas-y-2-venezolanas-en-convenios-de-cooperacion\/","og_locale":"es_ES","og_type":"article","og_title":"Repatriaci\u00f3n de 42 Mujeres Colombianas y 2 Venezolanas en Convenios de cooperaci\u00f3n. - BLG Noticias","og_description":"Buenos Aires.- La Red Alto al Tr\u00e1fico y la Trata (RATT Internacional &amp; Paisea Asociados ), en colaboraci\u00f3n con los gobiernos de Dominicana ,Colombia y Venezuela junto a los grupos ,RATT Colombia RATT Dominicana, RATT Venezuela representado por la ONG Ambar y la Organizacion Internacional para las Migraciones trabajan para materializar la repatriaci\u00f3n de un [&hellip;]","og_url":"https:\/\/blgnoticiassantodomingo.net\/index.php\/2024\/07\/16\/repatriacion-de-42-mujeres-colombianas-y-2-venezolanas-en-convenios-de-cooperacion\/","og_site_name":"BLG Noticias","article_publisher":"https:\/\/web.facebook.com\/BlgNoticias\/?locale=es_LA&_rdc=1&_rdr","article_published_time":"2024-07-16T16:40:29+00:00","article_modified_time":"2024-07-16T16:40:31+00:00","og_image":[{"width":1024,"height":576,"url":"http:\/\/blgnoticiassantodomingo.net\/wp-content\/uploads\/2024\/07\/WhatsApp-Image-2024-07-16-at-9.02.31-AM.jpeg","type":"image\/jpeg"}],"author":"Brenda Guerrero","twitter_card":"summary_large_image","twitter_creator":"@BlgNoticias","twitter_site":"@BlgNoticias","twitter_misc":{"Escrito por":"Brenda Guerrero","Tiempo de lectura":"2 minutos"},"schema":{"@context":"https:\/\/schema.org","@graph":[{"@type":"Article","@id":"https:\/\/blgnoticiassantodomingo.net\/index.php\/2024\/07\/16\/repatriacion-de-42-mujeres-colombianas-y-2-venezolanas-en-convenios-de-cooperacion\/#article","isPartOf":{"@id":"https:\/\/blgnoticiassantodomingo.net\/index.php\/2024\/07\/16\/repatriacion-de-42-mujeres-colombianas-y-2-venezolanas-en-convenios-de-cooperacion\/"},"author":{"name":"Brenda Guerrero","@id":"https:\/\/blgnoticiassantodomingo.net\/#\/schema\/person\/e2fc21cf88acc63dbd134be981bff374"},"headline":"Repatriaci\u00f3n de 42 Mujeres Colombianas y 2 Venezolanas en Convenios de cooperaci\u00f3n.","datePublished":"2024-07-16T16:40:29+00:00","dateModified":"2024-07-16T16:40:31+00:00","mainEntityOfPage":{"@id":"https:\/\/blgnoticiassantodomingo.net\/index.php\/2024\/07\/16\/repatriacion-de-42-mujeres-colombianas-y-2-venezolanas-en-convenios-de-cooperacion\/"},"wordCount":328,"commentCount":0,"publisher":{"@id":"https:\/\/blgnoticiassantodomingo.net\/#organization"},"image":{"@id":"https:\/\/blgnoticiassantodomingo.net\/index.php\/2024\/07\/16\/repatriacion-de-42-mujeres-colombianas-y-2-venezolanas-en-convenios-de-cooperacion\/#primaryimage"},"thumbnailUrl":"https:\/\/blgnoticiassantodomingo.net\/wp-content\/uploads\/2024\/07\/WhatsApp-Image-2024-07-16-at-9.02.31-AM.jpeg","keywords":["La Red Alto al Tr\u00e1fico y la Trata","RATT Internacional","RATT Internacional &amp; Paisea Asociados"],"articleSection":["Nacionales"],"inLanguage":"es","potentialAction":[{"@type":"CommentAction","name":"Comment","target":["https:\/\/blgnoticiassantodomingo.net\/index.php\/2024\/07\/16\/repatriacion-de-42-mujeres-colombianas-y-2-venezolanas-en-convenios-de-cooperacion\/#respond"]}]},{"@type":"WebPage","@id":"https:\/\/blgnoticiassantodomingo.net\/index.php\/2024\/07\/16\/repatriacion-de-42-mujeres-colombianas-y-2-venezolanas-en-convenios-de-cooperacion\/","url":"https:\/\/blgnoticiassantodomingo.net\/index.php\/2024\/07\/16\/repatriacion-de-42-mujeres-colombianas-y-2-venezolanas-en-convenios-de-cooperacion\/","name":"Repatriaci\u00f3n de 42 Mujeres Colombianas y 2 Venezolanas en Convenios de cooperaci\u00f3n. - BLG Noticias","isPartOf":{"@id":"https:\/\/blgnoticiassantodomingo.net\/#website"},"primaryImageOfPage":{"@id":"https:\/\/blgnoticiassantodomingo.net\/index.php\/2024\/07\/16\/repatriacion-de-42-mujeres-colombianas-y-2-venezolanas-en-convenios-de-cooperacion\/#primaryimage"},"image":{"@id":"https:\/\/blgnoticiassantodomingo.net\/index.php\/2024\/07\/16\/repatriacion-de-42-mujeres-colombianas-y-2-venezolanas-en-convenios-de-cooperacion\/#primaryimage"},"thumbnailUrl":"https:\/\/blgnoticiassantodomingo.net\/wp-content\/uploads\/2024\/07\/WhatsApp-Image-2024-07-16-at-9.02.31-AM.jpeg","datePublished":"2024-07-16T16:40:29+00:00","dateModified":"2024-07-16T16:40:31+00:00","breadcrumb":{"@id":"https:\/\/blgnoticiassantodomingo.net\/index.php\/2024\/07\/16\/repatriacion-de-42-mujeres-colombianas-y-2-venezolanas-en-convenios-de-cooperacion\/#breadcrumb"},"inLanguage":"es","potentialAction":[{"@type":"ReadAction","target":["https:\/\/blgnoticiassantodomingo.net\/index.php\/2024\/07\/16\/repatriacion-de-42-mujeres-colombianas-y-2-venezolanas-en-convenios-de-cooperacion\/"]}]},{"@type":"ImageObject","inLanguage":"es","@id":"https:\/\/blgnoticiassantodomingo.net\/index.php\/2024\/07\/16\/repatriacion-de-42-mujeres-colombianas-y-2-venezolanas-en-convenios-de-cooperacion\/#primaryimage","url":"https:\/\/blgnoticiassantodomingo.net\/wp-content\/uploads\/2024\/07\/WhatsApp-Image-2024-07-16-at-9.02.31-AM.jpeg","contentUrl":"https:\/\/blgnoticiassantodomingo.net\/wp-content\/uploads\/2024\/07\/WhatsApp-Image-2024-07-16-at-9.02.31-AM.jpeg","width":1024,"height":576},{"@type":"BreadcrumbList","@id":"https:\/\/blgnoticiassantodomingo.net\/index.php\/2024\/07\/16\/repatriacion-de-42-mujeres-colombianas-y-2-venezolanas-en-convenios-de-cooperacion\/#breadcrumb","itemListElement":[{"@type":"ListItem","position":1,"name":"Portada","item":"https:\/\/blgnoticiassantodomingo.net\/"},{"@type":"ListItem","position":2,"name":"Repatriaci\u00f3n de 42 Mujeres Colombianas y 2 Venezolanas en Convenios de cooperaci\u00f3n."}]},{"@type":"WebSite","@id":"https:\/\/blgnoticiassantodomingo.net\/#website","url":"https:\/\/blgnoticiassantodomingo.net\/","name":"BLG Noticias","description":"Esto es Noticias","publisher":{"@id":"https:\/\/blgnoticiassantodomingo.net\/#organization"},"potentialAction":[{"@type":"SearchAction","target":{"@type":"EntryPoint","urlTemplate":"https:\/\/blgnoticiassantodomingo.net\/?s={search_term_string}"},"query-input":{"@type":"PropertyValueSpecification","valueRequired":true,"valueName":"search_term_string"}}],"inLanguage":"es"},{"@type":"Organization","@id":"https:\/\/blgnoticiassantodomingo.net\/#organization","name":"BLG Noticias","url":"https:\/\/blgnoticiassantodomingo.net\/","logo":{"@type":"ImageObject","inLanguage":"es","@id":"https:\/\/blgnoticiassantodomingo.net\/#\/schema\/logo\/image\/","url":"https:\/\/blgnoticiassantodomingo.net\/wp-content\/uploads\/2023\/12\/Diseno-sin-titulo-3.jpg","contentUrl":"https:\/\/blgnoticiassantodomingo.net\/wp-content\/uploads\/2023\/12\/Diseno-sin-titulo-3.jpg","width":500,"height":500,"caption":"BLG Noticias"},"image":{"@id":"https:\/\/blgnoticiassantodomingo.net\/#\/schema\/logo\/image\/"},"sameAs":["https:\/\/web.facebook.com\/BlgNoticias\/?locale=es_LA&_rdc=1&_rdr","https:\/\/x.com\/BlgNoticias","https:\/\/www.linkedin.com\/in\/brenda-l-santana-aa846279\/"]},{"@type":"Person","@id":"https:\/\/blgnoticiassantodomingo.net\/#\/schema\/person\/e2fc21cf88acc63dbd134be981bff374","name":"Brenda Guerrero","image":{"@type":"ImageObject","inLanguage":"es","@id":"https:\/\/blgnoticiassantodomingo.net\/#\/schema\/person\/image\/","url":"https:\/\/secure.gravatar.com\/avatar\/2f7fc4c3e3655be1580cb684bfd8ab19be702ae20879da1e072021daa02f9b8b?s=96&d=wp_user_avatar&r=g","contentUrl":"https:\/\/secure.gravatar.com\/avatar\/2f7fc4c3e3655be1580cb684bfd8ab19be702ae20879da1e072021daa02f9b8b?s=96&d=wp_user_avatar&r=g","caption":"Brenda Guerrero"},"description":"Periodista","url":"https:\/\/blgnoticiassantodomingo.net\/index.php\/author\/brenda-guerrero\/"}]}},"jetpack_featured_media_url":"https:\/\/blgnoticiassantodomingo.net\/wp-content\/uploads\/2024\/07\/WhatsApp-Image-2024-07-16-at-9.02.31-AM.jpeg","_links":{"self":[{"href":"https:\/\/blgnoticiassantodomingo.net\/index.php\/wp-json\/wp\/v2\/posts\/43624","targetHints":{"allow":["GET"]}}],"collection":[{"href":"https:\/\/blgnoticiassantodomingo.net\/index.php\/wp-json\/wp\/v2\/posts"}],"about":[{"href":"https:\/\/blgnoticiassantodomingo.net\/index.php\/wp-json\/wp\/v2\/types\/post"}],"author":[{"embeddable":true,"href":"https:\/\/blgnoticiassantodomingo.net\/index.php\/wp-json\/wp\/v2\/users\/2"}],"replies":[{"embeddable":true,"href":"https:\/\/blgnoticiassantodomingo.net\/index.php\/wp-json\/wp\/v2\/comments?post=43624"}],"version-history":[{"count":2,"href":"https:\/\/blgnoticiassantodomingo.net\/index.php\/wp-json\/wp\/v2\/posts\/43624\/revisions"}],"predecessor-version":[{"id":43627,"href":"https:\/\/blgnoticiassantodomingo.net\/index.php\/wp-json\/wp\/v2\/posts\/43624\/revisions\/43627"}],"wp:featuredmedia":[{"embeddable":true,"href":"https:\/\/blgnoticiassantodomingo.net\/index.php\/wp-json\/wp\/v2\/media\/43625"}],"wp:attachment":[{"href":"https:\/\/blgnoticiassantodomingo.net\/index.php\/wp-json\/wp\/v2\/media?parent=43624"}],"wp:term":[{"taxonomy":"category","embeddable":true,"href":"https:\/\/blgnoticiassantodomingo.net\/index.php\/wp-json\/wp\/v2\/categories?post=43624"},{"taxonomy":"post_tag","embeddable":true,"href":"https:\/\/blgnoticiassantodomingo.net\/index.php\/wp-json\/wp\/v2\/tags?post=43624"}],"curies":[{"name":"wp","href":"https:\/\/api.w.org\/{rel}","templated":true}]}}