{"id":4360,"date":"2020-01-04T00:26:45","date_gmt":"2020-01-04T00:26:45","guid":{"rendered":"http:\/\/blgnoticiassantodomingo.net\/?p=4360"},"modified":"2020-01-04T00:26:46","modified_gmt":"2020-01-04T00:26:46","slug":"jce-recuerda-padron-para-las-elecciones-municipales-cerro-el-19-de-octubre-de-2019","status":"publish","type":"post","link":"https:\/\/blgnoticiassantodomingo.net\/index.php\/2020\/01\/04\/jce-recuerda-padron-para-las-elecciones-municipales-cerro-el-19-de-octubre-de-2019\/","title":{"rendered":"JCE recuerda padr\u00f3n para las elecciones municipales cerr\u00f3 el 19 de octubre de 2019"},"content":{"rendered":"\n<p>La Junta Central Electoral (JCE) reiter\u00f3 que el corte del padr\u00f3n para las elecciones municipales del 16 de febrero de 2020 se produjo de forma administrativa el 19 de septiembre de 2019 y de forma legal el pasado 19 de octubre de ese mismo a\u00f1o.<\/p>\n\n\n\n<p>Indica que el cierre del padr\u00f3n para las municipales, se realiza amparados en lo que establece la Ley Org\u00e1nica de R\u00e9gimen Electoral, 15-19.<\/p>\n\n\n\n<p>La JCE inform\u00f3 que el n\u00famero de electores inscritos para votar en las elecciones del 16 de febrero de 2020 es de 7 millones 487 mil 040, donde los j\u00f3venes de 18 a 30 a\u00f1os representan la mayor cantidad de personas que podr\u00edan participar en esta jornada electoral.<\/p>\n\n\n\n<p>Este grupo de personas representa el 29.54 por ciento del total de electores.<\/p>\n\n\n\n<p>De igual forma la JCE aclara que 10 personas en edad de 0 a 17 a\u00f1os estar\u00e1n h\u00e1biles para ejercer el sufragio en febrero.<\/p>\n\n\n\n<p><strong>Provincias<\/strong><\/p>\n\n\n\n<p>De los siete millones 487 mil 40 dominicanos h\u00e1biles para votar en las elecciones municipales, tres millones 878 mil 441 se concentran en siete provincias para un 62%.<\/p>\n\n\n\n<p>El 44.98% est\u00e1n en el Gran Santo Domingo y Santiago, en la provincia Santo Domingo hay un mill\u00f3n 665 mil 989 votantes, para un 22.25%; en el Distrito Nacional 858 mil 890 sufragistas para un 11.47%, y en Santiago 842 mil 947 equivalente a 11.26%.<\/p>\n\n\n\n<p>En ese orden de mayor cantidad de votantes siguen San Crist\u00f3bal con 432 mil 579&nbsp; votantes, 5.78%; La Vega con 334,638 para un 4.47%;&nbsp; Puerto Plata 260,030 para&nbsp; un 3.47%, y la provincia Duarte con 256,365 equivalente a 3.42%.<\/p>\n\n\n\n<p>Con porcentajes que oscilan entre los 3.06% y 2% le siguen San Pedro de Macor\u00eds, Espaillat, La Romana, San Juan de la Maguana, La Altagracia, Azua, Monse\u00f1or Nouel. El resto tiene una poblaci\u00f3n de votantes menor a 2%.<\/p>\n\n\n\n<p><strong>Mujeres-Hombres<\/strong><\/p>\n\n\n\n<p>Las mujeres superan a los hombres, siendo el 51.1% de las votantes, mientras los hombres representan el 48.9 %.<br>Por . <strong>Yudelka Dom\u00ednguez<\/strong><br><\/p>\n","protected":false},"excerpt":{"rendered":"<p>La Junta Central Electoral (JCE) reiter\u00f3 que el corte del padr\u00f3n para las elecciones municipales del 16 de febrero de 2020 se produjo de forma administrativa el 19 de septiembre de 2019 y de forma legal el pasado 19 de octubre de ese mismo a\u00f1o. Indica que el cierre del padr\u00f3n para las municipales, se [&hellip;]<\/p>\n","protected":false},"author":2,"featured_media":4361,"comment_status":"open","ping_status":"open","sticky":false,"template":"","format":"standard","meta":{"footnotes":""},"categories":[220],"tags":[],"class_list":{"0":"post-4360","1":"post","2":"type-post","3":"status-publish","4":"format-standard","5":"has-post-thumbnail","7":"category-nacionales"},"yoast_head":"<!-- This site is optimized with the Yoast SEO plugin v24.9 - https:\/\/yoast.com\/wordpress\/plugins\/seo\/ -->\n<title>JCE recuerda padr\u00f3n para las elecciones municipales cerr\u00f3 el 19 de octubre de 2019 - BLG Noticias<\/title>\n<meta name=\"robots\" content=\"index, follow, max-snippet:-1, max-image-preview:large, max-video-preview:-1\" \/>\n<link rel=\"canonical\" href=\"https:\/\/blgnoticiassantodomingo.net\/index.php\/2020\/01\/04\/jce-recuerda-padron-para-las-elecciones-municipales-cerro-el-19-de-octubre-de-2019\/\" \/>\n<meta property=\"og:locale\" content=\"es_ES\" \/>\n<meta property=\"og:type\" content=\"article\" \/>\n<meta property=\"og:title\" content=\"JCE recuerda padr\u00f3n para las elecciones municipales cerr\u00f3 el 19 de octubre de 2019 - BLG Noticias\" \/>\n<meta property=\"og:description\" content=\"La Junta Central Electoral (JCE) reiter\u00f3 que el corte del padr\u00f3n para las elecciones municipales del 16 de febrero de 2020 se produjo de forma administrativa el 19 de septiembre de 2019 y de forma legal el pasado 19 de octubre de ese mismo a\u00f1o. Indica que el cierre del padr\u00f3n para las municipales, se [&hellip;]\" \/>\n<meta property=\"og:url\" content=\"https:\/\/blgnoticiassantodomingo.net\/index.php\/2020\/01\/04\/jce-recuerda-padron-para-las-elecciones-municipales-cerro-el-19-de-octubre-de-2019\/\" \/>\n<meta property=\"og:site_name\" content=\"BLG Noticias\" \/>\n<meta property=\"article:publisher\" content=\"https:\/\/web.facebook.com\/BlgNoticias\/?locale=es_LA&amp;_rdc=1&amp;_rdr\" \/>\n<meta property=\"article:published_time\" content=\"2020-01-04T00:26:45+00:00\" \/>\n<meta property=\"article:modified_time\" content=\"2020-01-04T00:26:46+00:00\" \/>\n<meta property=\"og:image\" content=\"https:\/\/blgnoticiassantodomingo.net\/wp-content\/uploads\/2020\/01\/202001032227521.jpeg\" \/>\n\t<meta property=\"og:image:width\" content=\"613\" \/>\n\t<meta property=\"og:image:height\" content=\"460\" \/>\n\t<meta property=\"og:image:type\" content=\"image\/jpeg\" \/>\n<meta name=\"author\" content=\"Brenda Guerrero\" \/>\n<meta name=\"twitter:card\" content=\"summary_large_image\" \/>\n<meta name=\"twitter:creator\" content=\"@BlgNoticias\" \/>\n<meta name=\"twitter:site\" content=\"@BlgNoticias\" \/>\n<meta name=\"twitter:label1\" content=\"Escrito por\" \/>\n\t<meta name=\"twitter:data1\" content=\"Brenda Guerrero\" \/>\n\t<meta name=\"twitter:label2\" content=\"Tiempo de lectura\" \/>\n\t<meta name=\"twitter:data2\" content=\"2 minutos\" \/>\n<script type=\"application\/ld+json\" class=\"yoast-schema-graph\">{\"@context\":\"https:\/\/schema.org\",\"@graph\":[{\"@type\":\"Article\",\"@id\":\"https:\/\/blgnoticiassantodomingo.net\/index.php\/2020\/01\/04\/jce-recuerda-padron-para-las-elecciones-municipales-cerro-el-19-de-octubre-de-2019\/#article\",\"isPartOf\":{\"@id\":\"https:\/\/blgnoticiassantodomingo.net\/index.php\/2020\/01\/04\/jce-recuerda-padron-para-las-elecciones-municipales-cerro-el-19-de-octubre-de-2019\/\"},\"author\":{\"name\":\"Brenda Guerrero\",\"@id\":\"https:\/\/blgnoticiassantodomingo.net\/#\/schema\/person\/e2fc21cf88acc63dbd134be981bff374\"},\"headline\":\"JCE recuerda padr\u00f3n para las elecciones municipales cerr\u00f3 el 19 de octubre de 2019\",\"datePublished\":\"2020-01-04T00:26:45+00:00\",\"dateModified\":\"2020-01-04T00:26:46+00:00\",\"mainEntityOfPage\":{\"@id\":\"https:\/\/blgnoticiassantodomingo.net\/index.php\/2020\/01\/04\/jce-recuerda-padron-para-las-elecciones-municipales-cerro-el-19-de-octubre-de-2019\/\"},\"wordCount\":317,\"commentCount\":0,\"publisher\":{\"@id\":\"https:\/\/blgnoticiassantodomingo.net\/#organization\"},\"image\":{\"@id\":\"https:\/\/blgnoticiassantodomingo.net\/index.php\/2020\/01\/04\/jce-recuerda-padron-para-las-elecciones-municipales-cerro-el-19-de-octubre-de-2019\/#primaryimage\"},\"thumbnailUrl\":\"https:\/\/blgnoticiassantodomingo.net\/wp-content\/uploads\/2020\/01\/202001032227521.jpeg\",\"articleSection\":[\"Nacionales\"],\"inLanguage\":\"es\",\"potentialAction\":[{\"@type\":\"CommentAction\",\"name\":\"Comment\",\"target\":[\"https:\/\/blgnoticiassantodomingo.net\/index.php\/2020\/01\/04\/jce-recuerda-padron-para-las-elecciones-municipales-cerro-el-19-de-octubre-de-2019\/#respond\"]}]},{\"@type\":\"WebPage\",\"@id\":\"https:\/\/blgnoticiassantodomingo.net\/index.php\/2020\/01\/04\/jce-recuerda-padron-para-las-elecciones-municipales-cerro-el-19-de-octubre-de-2019\/\",\"url\":\"https:\/\/blgnoticiassantodomingo.net\/index.php\/2020\/01\/04\/jce-recuerda-padron-para-las-elecciones-municipales-cerro-el-19-de-octubre-de-2019\/\",\"name\":\"JCE recuerda padr\u00f3n para las elecciones municipales cerr\u00f3 el 19 de octubre de 2019 - BLG Noticias\",\"isPartOf\":{\"@id\":\"https:\/\/blgnoticiassantodomingo.net\/#website\"},\"primaryImageOfPage\":{\"@id\":\"https:\/\/blgnoticiassantodomingo.net\/index.php\/2020\/01\/04\/jce-recuerda-padron-para-las-elecciones-municipales-cerro-el-19-de-octubre-de-2019\/#primaryimage\"},\"image\":{\"@id\":\"https:\/\/blgnoticiassantodomingo.net\/index.php\/2020\/01\/04\/jce-recuerda-padron-para-las-elecciones-municipales-cerro-el-19-de-octubre-de-2019\/#primaryimage\"},\"thumbnailUrl\":\"https:\/\/blgnoticiassantodomingo.net\/wp-content\/uploads\/2020\/01\/202001032227521.jpeg\",\"datePublished\":\"2020-01-04T00:26:45+00:00\",\"dateModified\":\"2020-01-04T00:26:46+00:00\",\"breadcrumb\":{\"@id\":\"https:\/\/blgnoticiassantodomingo.net\/index.php\/2020\/01\/04\/jce-recuerda-padron-para-las-elecciones-municipales-cerro-el-19-de-octubre-de-2019\/#breadcrumb\"},\"inLanguage\":\"es\",\"potentialAction\":[{\"@type\":\"ReadAction\",\"target\":[\"https:\/\/blgnoticiassantodomingo.net\/index.php\/2020\/01\/04\/jce-recuerda-padron-para-las-elecciones-municipales-cerro-el-19-de-octubre-de-2019\/\"]}]},{\"@type\":\"ImageObject\",\"inLanguage\":\"es\",\"@id\":\"https:\/\/blgnoticiassantodomingo.net\/index.php\/2020\/01\/04\/jce-recuerda-padron-para-las-elecciones-municipales-cerro-el-19-de-octubre-de-2019\/#primaryimage\",\"url\":\"https:\/\/blgnoticiassantodomingo.net\/wp-content\/uploads\/2020\/01\/202001032227521.jpeg\",\"contentUrl\":\"https:\/\/blgnoticiassantodomingo.net\/wp-content\/uploads\/2020\/01\/202001032227521.jpeg\",\"width\":613,\"height\":460},{\"@type\":\"BreadcrumbList\",\"@id\":\"https:\/\/blgnoticiassantodomingo.net\/index.php\/2020\/01\/04\/jce-recuerda-padron-para-las-elecciones-municipales-cerro-el-19-de-octubre-de-2019\/#breadcrumb\",\"itemListElement\":[{\"@type\":\"ListItem\",\"position\":1,\"name\":\"Portada\",\"item\":\"https:\/\/blgnoticiassantodomingo.net\/\"},{\"@type\":\"ListItem\",\"position\":2,\"name\":\"JCE recuerda padr\u00f3n para las elecciones municipales cerr\u00f3 el 19 de octubre de 2019\"}]},{\"@type\":\"WebSite\",\"@id\":\"https:\/\/blgnoticiassantodomingo.net\/#website\",\"url\":\"https:\/\/blgnoticiassantodomingo.net\/\",\"name\":\"BLG Noticias\",\"description\":\"Esto es Noticias\",\"publisher\":{\"@id\":\"https:\/\/blgnoticiassantodomingo.net\/#organization\"},\"potentialAction\":[{\"@type\":\"SearchAction\",\"target\":{\"@type\":\"EntryPoint\",\"urlTemplate\":\"https:\/\/blgnoticiassantodomingo.net\/?s={search_term_string}\"},\"query-input\":{\"@type\":\"PropertyValueSpecification\",\"valueRequired\":true,\"valueName\":\"search_term_string\"}}],\"inLanguage\":\"es\"},{\"@type\":\"Organization\",\"@id\":\"https:\/\/blgnoticiassantodomingo.net\/#organization\",\"name\":\"BLG Noticias\",\"url\":\"https:\/\/blgnoticiassantodomingo.net\/\",\"logo\":{\"@type\":\"ImageObject\",\"inLanguage\":\"es\",\"@id\":\"https:\/\/blgnoticiassantodomingo.net\/#\/schema\/logo\/image\/\",\"url\":\"https:\/\/blgnoticiassantodomingo.net\/wp-content\/uploads\/2023\/12\/Diseno-sin-titulo-3.jpg\",\"contentUrl\":\"https:\/\/blgnoticiassantodomingo.net\/wp-content\/uploads\/2023\/12\/Diseno-sin-titulo-3.jpg\",\"width\":500,\"height\":500,\"caption\":\"BLG Noticias\"},\"image\":{\"@id\":\"https:\/\/blgnoticiassantodomingo.net\/#\/schema\/logo\/image\/\"},\"sameAs\":[\"https:\/\/web.facebook.com\/BlgNoticias\/?locale=es_LA&_rdc=1&_rdr\",\"https:\/\/x.com\/BlgNoticias\",\"https:\/\/www.linkedin.com\/in\/brenda-l-santana-aa846279\/\"]},{\"@type\":\"Person\",\"@id\":\"https:\/\/blgnoticiassantodomingo.net\/#\/schema\/person\/e2fc21cf88acc63dbd134be981bff374\",\"name\":\"Brenda Guerrero\",\"image\":{\"@type\":\"ImageObject\",\"inLanguage\":\"es\",\"@id\":\"https:\/\/blgnoticiassantodomingo.net\/#\/schema\/person\/image\/\",\"url\":\"https:\/\/secure.gravatar.com\/avatar\/2f7fc4c3e3655be1580cb684bfd8ab19be702ae20879da1e072021daa02f9b8b?s=96&d=wp_user_avatar&r=g\",\"contentUrl\":\"https:\/\/secure.gravatar.com\/avatar\/2f7fc4c3e3655be1580cb684bfd8ab19be702ae20879da1e072021daa02f9b8b?s=96&d=wp_user_avatar&r=g\",\"caption\":\"Brenda Guerrero\"},\"description\":\"Periodista\",\"url\":\"https:\/\/blgnoticiassantodomingo.net\/index.php\/author\/brenda-guerrero\/\"}]}<\/script>\n<!-- \/ Yoast SEO plugin. -->","yoast_head_json":{"title":"JCE recuerda padr\u00f3n para las elecciones municipales cerr\u00f3 el 19 de octubre de 2019 - BLG Noticias","robots":{"index":"index","follow":"follow","max-snippet":"max-snippet:-1","max-image-preview":"max-image-preview:large","max-video-preview":"max-video-preview:-1"},"canonical":"https:\/\/blgnoticiassantodomingo.net\/index.php\/2020\/01\/04\/jce-recuerda-padron-para-las-elecciones-municipales-cerro-el-19-de-octubre-de-2019\/","og_locale":"es_ES","og_type":"article","og_title":"JCE recuerda padr\u00f3n para las elecciones municipales cerr\u00f3 el 19 de octubre de 2019 - BLG Noticias","og_description":"La Junta Central Electoral (JCE) reiter\u00f3 que el corte del padr\u00f3n para las elecciones municipales del 16 de febrero de 2020 se produjo de forma administrativa el 19 de septiembre de 2019 y de forma legal el pasado 19 de octubre de ese mismo a\u00f1o. Indica que el cierre del padr\u00f3n para las municipales, se [&hellip;]","og_url":"https:\/\/blgnoticiassantodomingo.net\/index.php\/2020\/01\/04\/jce-recuerda-padron-para-las-elecciones-municipales-cerro-el-19-de-octubre-de-2019\/","og_site_name":"BLG Noticias","article_publisher":"https:\/\/web.facebook.com\/BlgNoticias\/?locale=es_LA&_rdc=1&_rdr","article_published_time":"2020-01-04T00:26:45+00:00","article_modified_time":"2020-01-04T00:26:46+00:00","og_image":[{"width":613,"height":460,"url":"https:\/\/blgnoticiassantodomingo.net\/wp-content\/uploads\/2020\/01\/202001032227521.jpeg","type":"image\/jpeg"}],"author":"Brenda Guerrero","twitter_card":"summary_large_image","twitter_creator":"@BlgNoticias","twitter_site":"@BlgNoticias","twitter_misc":{"Escrito por":"Brenda Guerrero","Tiempo de lectura":"2 minutos"},"schema":{"@context":"https:\/\/schema.org","@graph":[{"@type":"Article","@id":"https:\/\/blgnoticiassantodomingo.net\/index.php\/2020\/01\/04\/jce-recuerda-padron-para-las-elecciones-municipales-cerro-el-19-de-octubre-de-2019\/#article","isPartOf":{"@id":"https:\/\/blgnoticiassantodomingo.net\/index.php\/2020\/01\/04\/jce-recuerda-padron-para-las-elecciones-municipales-cerro-el-19-de-octubre-de-2019\/"},"author":{"name":"Brenda Guerrero","@id":"https:\/\/blgnoticiassantodomingo.net\/#\/schema\/person\/e2fc21cf88acc63dbd134be981bff374"},"headline":"JCE recuerda padr\u00f3n para las elecciones municipales cerr\u00f3 el 19 de octubre de 2019","datePublished":"2020-01-04T00:26:45+00:00","dateModified":"2020-01-04T00:26:46+00:00","mainEntityOfPage":{"@id":"https:\/\/blgnoticiassantodomingo.net\/index.php\/2020\/01\/04\/jce-recuerda-padron-para-las-elecciones-municipales-cerro-el-19-de-octubre-de-2019\/"},"wordCount":317,"commentCount":0,"publisher":{"@id":"https:\/\/blgnoticiassantodomingo.net\/#organization"},"image":{"@id":"https:\/\/blgnoticiassantodomingo.net\/index.php\/2020\/01\/04\/jce-recuerda-padron-para-las-elecciones-municipales-cerro-el-19-de-octubre-de-2019\/#primaryimage"},"thumbnailUrl":"https:\/\/blgnoticiassantodomingo.net\/wp-content\/uploads\/2020\/01\/202001032227521.jpeg","articleSection":["Nacionales"],"inLanguage":"es","potentialAction":[{"@type":"CommentAction","name":"Comment","target":["https:\/\/blgnoticiassantodomingo.net\/index.php\/2020\/01\/04\/jce-recuerda-padron-para-las-elecciones-municipales-cerro-el-19-de-octubre-de-2019\/#respond"]}]},{"@type":"WebPage","@id":"https:\/\/blgnoticiassantodomingo.net\/index.php\/2020\/01\/04\/jce-recuerda-padron-para-las-elecciones-municipales-cerro-el-19-de-octubre-de-2019\/","url":"https:\/\/blgnoticiassantodomingo.net\/index.php\/2020\/01\/04\/jce-recuerda-padron-para-las-elecciones-municipales-cerro-el-19-de-octubre-de-2019\/","name":"JCE recuerda padr\u00f3n para las elecciones municipales cerr\u00f3 el 19 de octubre de 2019 - BLG Noticias","isPartOf":{"@id":"https:\/\/blgnoticiassantodomingo.net\/#website"},"primaryImageOfPage":{"@id":"https:\/\/blgnoticiassantodomingo.net\/index.php\/2020\/01\/04\/jce-recuerda-padron-para-las-elecciones-municipales-cerro-el-19-de-octubre-de-2019\/#primaryimage"},"image":{"@id":"https:\/\/blgnoticiassantodomingo.net\/index.php\/2020\/01\/04\/jce-recuerda-padron-para-las-elecciones-municipales-cerro-el-19-de-octubre-de-2019\/#primaryimage"},"thumbnailUrl":"https:\/\/blgnoticiassantodomingo.net\/wp-content\/uploads\/2020\/01\/202001032227521.jpeg","datePublished":"2020-01-04T00:26:45+00:00","dateModified":"2020-01-04T00:26:46+00:00","breadcrumb":{"@id":"https:\/\/blgnoticiassantodomingo.net\/index.php\/2020\/01\/04\/jce-recuerda-padron-para-las-elecciones-municipales-cerro-el-19-de-octubre-de-2019\/#breadcrumb"},"inLanguage":"es","potentialAction":[{"@type":"ReadAction","target":["https:\/\/blgnoticiassantodomingo.net\/index.php\/2020\/01\/04\/jce-recuerda-padron-para-las-elecciones-municipales-cerro-el-19-de-octubre-de-2019\/"]}]},{"@type":"ImageObject","inLanguage":"es","@id":"https:\/\/blgnoticiassantodomingo.net\/index.php\/2020\/01\/04\/jce-recuerda-padron-para-las-elecciones-municipales-cerro-el-19-de-octubre-de-2019\/#primaryimage","url":"https:\/\/blgnoticiassantodomingo.net\/wp-content\/uploads\/2020\/01\/202001032227521.jpeg","contentUrl":"https:\/\/blgnoticiassantodomingo.net\/wp-content\/uploads\/2020\/01\/202001032227521.jpeg","width":613,"height":460},{"@type":"BreadcrumbList","@id":"https:\/\/blgnoticiassantodomingo.net\/index.php\/2020\/01\/04\/jce-recuerda-padron-para-las-elecciones-municipales-cerro-el-19-de-octubre-de-2019\/#breadcrumb","itemListElement":[{"@type":"ListItem","position":1,"name":"Portada","item":"https:\/\/blgnoticiassantodomingo.net\/"},{"@type":"ListItem","position":2,"name":"JCE recuerda padr\u00f3n para las elecciones municipales cerr\u00f3 el 19 de octubre de 2019"}]},{"@type":"WebSite","@id":"https:\/\/blgnoticiassantodomingo.net\/#website","url":"https:\/\/blgnoticiassantodomingo.net\/","name":"BLG Noticias","description":"Esto es Noticias","publisher":{"@id":"https:\/\/blgnoticiassantodomingo.net\/#organization"},"potentialAction":[{"@type":"SearchAction","target":{"@type":"EntryPoint","urlTemplate":"https:\/\/blgnoticiassantodomingo.net\/?s={search_term_string}"},"query-input":{"@type":"PropertyValueSpecification","valueRequired":true,"valueName":"search_term_string"}}],"inLanguage":"es"},{"@type":"Organization","@id":"https:\/\/blgnoticiassantodomingo.net\/#organization","name":"BLG Noticias","url":"https:\/\/blgnoticiassantodomingo.net\/","logo":{"@type":"ImageObject","inLanguage":"es","@id":"https:\/\/blgnoticiassantodomingo.net\/#\/schema\/logo\/image\/","url":"https:\/\/blgnoticiassantodomingo.net\/wp-content\/uploads\/2023\/12\/Diseno-sin-titulo-3.jpg","contentUrl":"https:\/\/blgnoticiassantodomingo.net\/wp-content\/uploads\/2023\/12\/Diseno-sin-titulo-3.jpg","width":500,"height":500,"caption":"BLG Noticias"},"image":{"@id":"https:\/\/blgnoticiassantodomingo.net\/#\/schema\/logo\/image\/"},"sameAs":["https:\/\/web.facebook.com\/BlgNoticias\/?locale=es_LA&_rdc=1&_rdr","https:\/\/x.com\/BlgNoticias","https:\/\/www.linkedin.com\/in\/brenda-l-santana-aa846279\/"]},{"@type":"Person","@id":"https:\/\/blgnoticiassantodomingo.net\/#\/schema\/person\/e2fc21cf88acc63dbd134be981bff374","name":"Brenda Guerrero","image":{"@type":"ImageObject","inLanguage":"es","@id":"https:\/\/blgnoticiassantodomingo.net\/#\/schema\/person\/image\/","url":"https:\/\/secure.gravatar.com\/avatar\/2f7fc4c3e3655be1580cb684bfd8ab19be702ae20879da1e072021daa02f9b8b?s=96&d=wp_user_avatar&r=g","contentUrl":"https:\/\/secure.gravatar.com\/avatar\/2f7fc4c3e3655be1580cb684bfd8ab19be702ae20879da1e072021daa02f9b8b?s=96&d=wp_user_avatar&r=g","caption":"Brenda Guerrero"},"description":"Periodista","url":"https:\/\/blgnoticiassantodomingo.net\/index.php\/author\/brenda-guerrero\/"}]}},"jetpack_featured_media_url":"https:\/\/blgnoticiassantodomingo.net\/wp-content\/uploads\/2020\/01\/202001032227521.jpeg","_links":{"self":[{"href":"https:\/\/blgnoticiassantodomingo.net\/index.php\/wp-json\/wp\/v2\/posts\/4360","targetHints":{"allow":["GET"]}}],"collection":[{"href":"https:\/\/blgnoticiassantodomingo.net\/index.php\/wp-json\/wp\/v2\/posts"}],"about":[{"href":"https:\/\/blgnoticiassantodomingo.net\/index.php\/wp-json\/wp\/v2\/types\/post"}],"author":[{"embeddable":true,"href":"https:\/\/blgnoticiassantodomingo.net\/index.php\/wp-json\/wp\/v2\/users\/2"}],"replies":[{"embeddable":true,"href":"https:\/\/blgnoticiassantodomingo.net\/index.php\/wp-json\/wp\/v2\/comments?post=4360"}],"version-history":[{"count":1,"href":"https:\/\/blgnoticiassantodomingo.net\/index.php\/wp-json\/wp\/v2\/posts\/4360\/revisions"}],"predecessor-version":[{"id":4362,"href":"https:\/\/blgnoticiassantodomingo.net\/index.php\/wp-json\/wp\/v2\/posts\/4360\/revisions\/4362"}],"wp:featuredmedia":[{"embeddable":true,"href":"https:\/\/blgnoticiassantodomingo.net\/index.php\/wp-json\/wp\/v2\/media\/4361"}],"wp:attachment":[{"href":"https:\/\/blgnoticiassantodomingo.net\/index.php\/wp-json\/wp\/v2\/media?parent=4360"}],"wp:term":[{"taxonomy":"category","embeddable":true,"href":"https:\/\/blgnoticiassantodomingo.net\/index.php\/wp-json\/wp\/v2\/categories?post=4360"},{"taxonomy":"post_tag","embeddable":true,"href":"https:\/\/blgnoticiassantodomingo.net\/index.php\/wp-json\/wp\/v2\/tags?post=4360"}],"curies":[{"name":"wp","href":"https:\/\/api.w.org\/{rel}","templated":true}]}}